{"id":17696,"date":"2019-10-04T11:49:58","date_gmt":"2019-10-04T09:49:58","guid":{"rendered":"https:\/\/marekkuchcinski.pl\/?p=17696"},"modified":"2019-10-04T11:50:00","modified_gmt":"2019-10-04T09:50:00","slug":"spolki-pkp-na-podkarpaciu-wielki-prorozwojowy-impuls-dla-regionu-i-nowe-miejsca-pracy","status":"publish","type":"post","link":"https:\/\/marekkuchcinski.pl\/cs\/wydarzenia\/spolki-pkp-na-podkarpaciu-wielki-prorozwojowy-impuls-dla-regionu-i-nowe-miejsca-pracy\/","title":{"rendered":"Podniky PKP na Podkarpatsku - velk\u00fd rozvojov\u00fd impuls pro region a nov\u00e1 pracovn\u00ed m\u00edsta"},"content":{"rendered":"<p>Dobr\u00e9 informace pro Podkarpatskou Rus a cel\u00fd \u017eelezni\u010dn\u00ed trh. W\nUzav\u0159en\u00e1 tov\u00e1rna na vagony Gniewczyna u Przeworska bude...\nkter\u00e1 bude vyr\u00e1b\u011bt r\u016fzn\u00e9 typy n\u00e1kladn\u00edch voz\u016f, mimo jin\u00e9 pro spole\u010dnost PKP Cargo, a\nnejv\u011bt\u0161\u00ed v Polsku a jedna z nejv\u011bt\u0161\u00edch v Evrop\u011b.\n\u0159\u00edzen\u00ed pozemn\u00edch termin\u00e1l\u016f.<\/p>\n\n\n\n<p>- Podkarpatsko pot\u0159ebuje nov\u00e1 pracovn\u00ed m\u00edsta. Chceme, aby\naby se region rozv\u00edjel, aby byl ekonomicky atraktivn\u00ed, aby jeho obyvatel\u00e9 nebyli\nChceme, aby se region rozv\u00edjel a byl ekonomicky atraktivn\u00ed, aby jeho obyvatel\u00e9 nebyli nuceni opou\u0161t\u011bt sv\u00e9 domovy, aby si vyd\u011blali na \u017eivobyt\u00ed - p\u0159esv\u011bd\u010duje.\nMar\u0161\u00e1la Kuchci\u0144sk\u00e9ho, kter\u00fd usiloval o obnoven\u00ed tov\u00e1rny a zalo\u017een\u00ed podniku na Podkarpatsku.&nbsp;<\/p>\n\n\n\n<p>V nejlep\u0161\u00edch letech zam\u011bstn\u00e1vala tov\u00e1rna v Gniewczynu n\u011bkolik stovek lid\u00ed.\nlid\u00e9. Nyn\u00ed jsou progn\u00f3zy stejn\u011b dobr\u00e9. P\u0159edstavenstvo spole\u010dnosti PKP Cargo zaji\u0161\u0165uje, aby z\u00e1vod\nbude flexibiln\u00ed a p\u0159izp\u016fsoben\u00e1 aktu\u00e1ln\u00edm pot\u0159eb\u00e1m trhu,\nkter\u00e9 se v dan\u00e9m okam\u017eiku objev\u00ed. V sou\u010dasn\u00e9 dob\u011b \u010dek\u00e1 na opravu asi 10 000 voz\u016f.\na do roku 2036 mus\u00ed PKP v\u0161echny nahradit tzv. tich\u00fdmi vozy. Pl\u00e1ny\np\u0159edpokl\u00e1d\u00e1, \u017ee v\u00fdroba voz\u016f bude zah\u00e1jena nejpozd\u011bji v roce 2020.<\/p>\n\n\n\n<p>T\u00edm v\u0161ak dobr\u00e9 zpr\u00e1vy pro region nekon\u010d\u00ed. Na plo\u0161e\nMedyka-Przemy\u015bl-\u017burawica vznikne nov\u00e1 spole\u010dnost PKP CARGO Terminale.\nSoust\u0159ed\u00ed v\u0161echny termin\u00e1ly pat\u0159\u00edc\u00ed n\u00e1rodn\u00edmu dopravci, kter\u00fd\nNov\u00e1 spole\u010dnost bude soust\u0159e\u010fovat v\u0161echny termin\u00e1ly n\u00e1rodn\u00edho dopravce, co\u017e umo\u017en\u00ed zefektivnit \u0159\u00edzen\u00ed a vytvo\u0159it v\u011bt\u0161\u00ed strukturu.\nSpole\u010dnost tak\u00e9 vytvo\u0159\u00ed nov\u00e1 pracovn\u00ed m\u00edsta.<\/p>\n\n\n\n<p>Bude nejv\u011bt\u0161\u00ed v Polsku a jedna z nejv\u011bt\u0161\u00edch v Evrop\u011b.\nevropsk\u00e1 spole\u010dnost pro spr\u00e1vu pozemn\u00edch termin\u00e1l\u016f. Krzysztof Losz, mluv\u010d\u00ed spole\u010dnosti\nKrzysztof Losz, tiskov\u00fd mluv\u010d\u00ed spole\u010dnosti PKP Cargo, uji\u0161\u0165uje, \u017ee d\u00edky zalo\u017een\u00ed termin\u00e1lov\u00e9 spole\u010dnosti PKP CARGO\nz\u00edsk\u00e1v\u00e1 n\u00e1stroj pro rozvoj intermod\u00e1ln\u00ed dopravy.&nbsp;<br>\n<br>\n- D\u00edky synergick\u00e9mu efektu budeme schopni nab\u00eddnout z\u00e1kazn\u00edk\u016fm konkurenceschopnou nab\u00eddku.\nnab\u00eddku pro na\u0161e klienty, co\u017e se projev\u00ed v n\u00e1r\u016fstu p\u0159epravy a manipulace s n\u00e1kladem.\np\u0159ekl\u00e1dky ve v\u00edce ne\u017e 25 termin\u00e1lech skupiny PKP CARGO. Krom\u011b toho,\ntermin\u00e1lov\u00e1 spole\u010dnost pom\u016f\u017ee spole\u010dnosti PKP CARGO roz\u0161\u00ed\u0159it sv\u00e9 podnik\u00e1n\u00ed: chceme b\u00fdt nejen dopravcem\nnejen dopravce, ale tak\u00e9 logistick\u00fd oper\u00e1tor,\nzaji\u0161t\u011bn\u00ed doru\u010den\u00ed zbo\u017e\u00ed od dve\u0159\u00ed ke dve\u0159\u00edm. Zalo\u017een\u00ed PKP\nTermin\u00e1ly CARGO jist\u011b vytvo\u0159\u00ed nov\u00e1 pracovn\u00ed m\u00edsta. Nechceme\nprohl\u00e1sit, kolik, proto\u017ee to bude evolu\u010dn\u00ed proces a bude z\u00e1viset na tempu v\u00fdvoje tohoto syst\u00e9mu.\nrozvoj t\u00e9to spole\u010dnosti. M\u00e1me pr\u00e1vo p\u0159edpokl\u00e1dat, \u017ee to bude v\u00fdznamn\u00e9 \u010d\u00edslo, proto\u017ee sektor intermod\u00e1ln\u00ed p\u0159epravy\nOdv\u011btv\u00ed intermod\u00e1ln\u00ed p\u0159epravy a provoz termin\u00e1l\u016f jsou velmi perspektivn\u00ed.\nLosz uji\u0161\u0165uje.<\/p>\n\n\n\n<p>Vznik termin\u00e1lov\u00e9 spole\u010dnosti ukazuje, \u017ee se v tomto regionu vyplat\u00ed podnikat. Spole\u010dnost m\u016f\u017ee nep\u0159\u00edmo zp\u016fsobit, \u017ee se na Podkarpatsk\u00e9 Rusi us\u00eddl\u00ed dal\u0161\u00ed subjekty zab\u00fdvaj\u00edc\u00ed se \u017eelezni\u010dn\u00ed nebo silni\u010dn\u00ed dopravou. Z toho budou m\u00edt prosp\u011bch obyvatel\u00e9, proto\u017ee vzniknou nov\u00e1 pracovn\u00ed m\u00edsta a mal\u00e9 m\u00edstn\u00ed podniky dostanou dal\u0161\u00ed impuls k rozvoji. <\/p>\n\n\n\n<p>Krom\u011b toho PKP PLK pln\u00ed dlouhodob\u00fd \u00fakol financovan\u00fd z n\u00e1rodn\u00edch prost\u0159edk\u016f pod n\u00e1zvem: \"Modernizace \u017eelezni\u010dn\u00ed trat\u011b \u010d. 91 Krak\u00f3w G\u0142\u00f3wny Osobowy - Medyka a trat\u011b \u010d. 92 Przemy\u015bl - Medyka \u00fasek Rzesz\u00f3w - st\u00e1tn\u00ed hranice\". V r\u00e1mci v\u00fd\u0161e uveden\u00fdch investic jsou prov\u00e1d\u011bny pr\u00e1ce, kter\u00e9 zahrnuj\u00ed osobn\u00ed infrastrukturu, prvky \u017eelezni\u010dn\u00ed infrastruktury a in\u017een\u00fdrsk\u00e1 za\u0159\u00edzen\u00ed.<\/p>\n\n\n\n<p><em>mo<\/em><\/p>\n\n\n\n<figure class=\"wp-block-image\"><img fetchpriority=\"high\" decoding=\"async\" width=\"1024\" height=\"768\" src=\"https:\/\/marekkuchcinski.pl\/wp-content\/uploads\/2019\/10\/Gniewczyna-1024x768.jpg\" alt=\"\" class=\"wp-image-17698\" srcset=\"https:\/\/marekkuchcinski.pl\/wp-content\/uploads\/2019\/10\/Gniewczyna-1024x768.jpg 1024w, https:\/\/marekkuchcinski.pl\/wp-content\/uploads\/2019\/10\/Gniewczyna-300x225.jpg 300w, https:\/\/marekkuchcinski.pl\/wp-content\/uploads\/2019\/10\/Gniewczyna-768x576.jpg 768w, https:\/\/marekkuchcinski.pl\/wp-content\/uploads\/2019\/10\/Gniewczyna.jpg 2048w\" sizes=\"(max-width: 1024px) 100vw, 1024px\" \/><figcaption>Setk\u00e1n\u00ed s obyvateli obce Gniewczyna \u0141a\u0144cucka <\/figcaption><\/figure>\n\n\n\n<figure class=\"wp-block-image\"><img decoding=\"async\" width=\"680\" height=\"464\" src=\"https:\/\/marekkuchcinski.pl\/wp-content\/uploads\/2019\/10\/Racib\u00f3rz.jpg\" alt=\"\" class=\"wp-image-17700\" srcset=\"https:\/\/marekkuchcinski.pl\/wp-content\/uploads\/2019\/10\/Racib\u00f3rz.jpg 680w, https:\/\/marekkuchcinski.pl\/wp-content\/uploads\/2019\/10\/Racib\u00f3rz-300x205.jpg 300w\" sizes=\"(max-width: 680px) 100vw, 680px\" \/><figcaption>Marek Kuchci\u0144ski 2. \u0159\u00edjna v Raciborzi potvrdil, \u017ee bude zah\u00e1jena rekonstrukce tov\u00e1rny na vagony v Gniewczynu a v \u017burawici vznikne centr\u00e1la velk\u00e9ho evropsk\u00e9ho p\u0159ekladi\u0161t\u011b PKP Cargo Terminale. <\/figcaption><\/figure>\n\n\n\n<figure class=\"wp-block-image\"><img decoding=\"async\" width=\"1024\" height=\"683\" src=\"https:\/\/marekkuchcinski.pl\/wp-content\/uploads\/2019\/10\/IMG_0886-2-1024x683-1-1024x683.jpg\" alt=\"\" class=\"wp-image-17703\" srcset=\"https:\/\/marekkuchcinski.pl\/wp-content\/uploads\/2019\/10\/IMG_0886-2-1024x683-1.jpg 1024w, https:\/\/marekkuchcinski.pl\/wp-content\/uploads\/2019\/10\/IMG_0886-2-1024x683-1-300x200.jpg 300w, https:\/\/marekkuchcinski.pl\/wp-content\/uploads\/2019\/10\/IMG_0886-2-1024x683-1-768x512.jpg 768w\" sizes=\"(max-width: 1024px) 100vw, 1024px\" \/><figcaption><em>PKP, n\u00e1dra\u017e\u00ed Przemy\u015bl G\u0142\u00f3wny, foto. mo<\/em><\/figcaption><\/figure>","protected":false},"excerpt":{"rendered":"<p>Dobra informacja dla Podkarpacia i ca\u0142ego rynku kolejowego. W nieczynnej Fabryce Wagon\u00f3w \u201eGniewczyna\u201d ko\u0142o Przeworska powstanie sp\u00f3\u0142ka, kt\u00f3ra zajmie si\u0119 produkcj\u0105 wagon\u00f3w towarowych r\u00f3\u017cnych typ\u00f3w, m.in. dla PKP Cargo, a tak\u017ce najwi\u0119ksza w Polsce i jedna z najwi\u0119kszych w Europie sp\u00f3\u0142ek zarz\u0105dzaj\u0105cych terminalami l\u0105dowymi. \u2013 Podkarpacie potrzebuje nowych miejsc pracy. Zale\u017cy nam, by region si\u0119 [&hellip;]<\/p>","protected":false},"author":6,"featured_media":17702,"comment_status":"open","ping_status":"open","sticky":false,"template":"","format":"standard","meta":{"ngg_post_thumbnail":0,"footnotes":""},"categories":[49,82,3],"tags":[],"class_list":["post-17696","post","type-post","status-publish","format-standard","has-post-thumbnail","hentry","category-podkarpacie","category-prawo-i-sprawiedliwosc","category-wydarzenia"],"yoast_head":"<!-- This site is optimized with the Yoast SEO plugin v24.7 - https:\/\/yoast.com\/wordpress\/plugins\/seo\/ -->\n<title>Sp\u00f3\u0142ki PKP na Podkarpaciu \u2013 wielki prorozwojowy impuls dla regionu i nowe miejsca pracy &#8211; Marek Kuchci\u0144ski<\/title>\n<meta name=\"robots\" content=\"index, follow, max-snippet:-1, max-image-preview:large, max-video-preview:-1\" \/>\n<link rel=\"canonical\" href=\"https:\/\/marekkuchcinski.pl\/cs\/wydarzenia\/spolki-pkp-na-podkarpaciu-wielki-prorozwojowy-impuls-dla-regionu-i-nowe-miejsca-pracy\/\" \/>\n<meta property=\"og:locale\" content=\"cs_CZ\" \/>\n<meta property=\"og:type\" content=\"article\" \/>\n<meta property=\"og:title\" content=\"Sp\u00f3\u0142ki PKP na Podkarpaciu \u2013 wielki prorozwojowy impuls dla regionu i nowe miejsca pracy &#8211; Marek Kuchci\u0144ski\" \/>\n<meta property=\"og:description\" content=\"Dobra informacja dla Podkarpacia i ca\u0142ego rynku kolejowego. W nieczynnej Fabryce Wagon\u00f3w \u201eGniewczyna\u201d ko\u0142o Przeworska powstanie sp\u00f3\u0142ka, kt\u00f3ra zajmie si\u0119 produkcj\u0105 wagon\u00f3w towarowych r\u00f3\u017cnych typ\u00f3w, m.in. dla PKP Cargo, a tak\u017ce najwi\u0119ksza w Polsce i jedna z najwi\u0119kszych w Europie sp\u00f3\u0142ek zarz\u0105dzaj\u0105cych terminalami l\u0105dowymi. \u2013 Podkarpacie potrzebuje nowych miejsc pracy. Zale\u017cy nam, by region si\u0119 [&hellip;]\" \/>\n<meta property=\"og:url\" content=\"https:\/\/marekkuchcinski.pl\/cs\/wydarzenia\/spolki-pkp-na-podkarpaciu-wielki-prorozwojowy-impuls-dla-regionu-i-nowe-miejsca-pracy\/\" \/>\n<meta property=\"og:site_name\" content=\"Marek Kuchci\u0144ski\" \/>\n<meta property=\"article:published_time\" content=\"2019-10-04T09:49:58+00:00\" \/>\n<meta property=\"article:modified_time\" content=\"2019-10-04T09:50:00+00:00\" \/>\n<meta property=\"og:image\" content=\"https:\/\/marekkuchcinski.pl\/wp-content\/uploads\/2019\/10\/IMG_0886-2-1024x683.jpg\" \/>\n\t<meta property=\"og:image:width\" content=\"1024\" \/>\n\t<meta property=\"og:image:height\" content=\"683\" \/>\n\t<meta property=\"og:image:type\" content=\"image\/jpeg\" \/>\n<meta name=\"author\" content=\"admin\" \/>\n<meta name=\"twitter:card\" content=\"summary_large_image\" \/>\n<meta name=\"twitter:label1\" content=\"Napsal(a)\" \/>\n\t<meta name=\"twitter:data1\" content=\"admin\" \/>\n\t<meta name=\"twitter:label2\" content=\"Odhadovan\u00e1 doba \u010dten\u00ed\" \/>\n\t<meta name=\"twitter:data2\" content=\"3 minuty\" \/>\n<script type=\"application\/ld+json\" class=\"yoast-schema-graph\">{\"@context\":\"https:\/\/schema.org\",\"@graph\":[{\"@type\":\"Article\",\"@id\":\"https:\/\/marekkuchcinski.pl\/wydarzenia\/spolki-pkp-na-podkarpaciu-wielki-prorozwojowy-impuls-dla-regionu-i-nowe-miejsca-pracy\/#article\",\"isPartOf\":{\"@id\":\"https:\/\/marekkuchcinski.pl\/wydarzenia\/spolki-pkp-na-podkarpaciu-wielki-prorozwojowy-impuls-dla-regionu-i-nowe-miejsca-pracy\/\"},\"author\":{\"name\":\"admin\",\"@id\":\"https:\/\/marekkuchcinski.pl\/#\/schema\/person\/6f62700996b4d950b6ea2d1183b6c6be\"},\"headline\":\"Sp\u00f3\u0142ki PKP na Podkarpaciu \u2013 wielki prorozwojowy impuls dla regionu i nowe miejsca pracy\",\"datePublished\":\"2019-10-04T09:49:58+00:00\",\"dateModified\":\"2019-10-04T09:50:00+00:00\",\"mainEntityOfPage\":{\"@id\":\"https:\/\/marekkuchcinski.pl\/wydarzenia\/spolki-pkp-na-podkarpaciu-wielki-prorozwojowy-impuls-dla-regionu-i-nowe-miejsca-pracy\/\"},\"wordCount\":592,\"commentCount\":0,\"publisher\":{\"@id\":\"https:\/\/marekkuchcinski.pl\/#organization\"},\"image\":{\"@id\":\"https:\/\/marekkuchcinski.pl\/wydarzenia\/spolki-pkp-na-podkarpaciu-wielki-prorozwojowy-impuls-dla-regionu-i-nowe-miejsca-pracy\/#primaryimage\"},\"thumbnailUrl\":\"https:\/\/marekkuchcinski.pl\/wp-content\/uploads\/2019\/10\/IMG_0886-2-1024x683.jpg\",\"articleSection\":[\"Podkarpacie\",\"Prawo i Sprawiedliwo\u015b\u0107\",\"Wydarzenia\"],\"inLanguage\":\"cs\",\"potentialAction\":[{\"@type\":\"CommentAction\",\"name\":\"Comment\",\"target\":[\"https:\/\/marekkuchcinski.pl\/wydarzenia\/spolki-pkp-na-podkarpaciu-wielki-prorozwojowy-impuls-dla-regionu-i-nowe-miejsca-pracy\/#respond\"]}]},{\"@type\":\"WebPage\",\"@id\":\"https:\/\/marekkuchcinski.pl\/wydarzenia\/spolki-pkp-na-podkarpaciu-wielki-prorozwojowy-impuls-dla-regionu-i-nowe-miejsca-pracy\/\",\"url\":\"https:\/\/marekkuchcinski.pl\/wydarzenia\/spolki-pkp-na-podkarpaciu-wielki-prorozwojowy-impuls-dla-regionu-i-nowe-miejsca-pracy\/\",\"name\":\"Sp\u00f3\u0142ki PKP na Podkarpaciu \u2013 wielki prorozwojowy impuls dla regionu i nowe miejsca pracy &#8211; Marek Kuchci\u0144ski\",\"isPartOf\":{\"@id\":\"https:\/\/marekkuchcinski.pl\/#website\"},\"primaryImageOfPage\":{\"@id\":\"https:\/\/marekkuchcinski.pl\/wydarzenia\/spolki-pkp-na-podkarpaciu-wielki-prorozwojowy-impuls-dla-regionu-i-nowe-miejsca-pracy\/#primaryimage\"},\"image\":{\"@id\":\"https:\/\/marekkuchcinski.pl\/wydarzenia\/spolki-pkp-na-podkarpaciu-wielki-prorozwojowy-impuls-dla-regionu-i-nowe-miejsca-pracy\/#primaryimage\"},\"thumbnailUrl\":\"https:\/\/marekkuchcinski.pl\/wp-content\/uploads\/2019\/10\/IMG_0886-2-1024x683.jpg\",\"datePublished\":\"2019-10-04T09:49:58+00:00\",\"dateModified\":\"2019-10-04T09:50:00+00:00\",\"breadcrumb\":{\"@id\":\"https:\/\/marekkuchcinski.pl\/wydarzenia\/spolki-pkp-na-podkarpaciu-wielki-prorozwojowy-impuls-dla-regionu-i-nowe-miejsca-pracy\/#breadcrumb\"},\"inLanguage\":\"cs\",\"potentialAction\":[{\"@type\":\"ReadAction\",\"target\":[\"https:\/\/marekkuchcinski.pl\/wydarzenia\/spolki-pkp-na-podkarpaciu-wielki-prorozwojowy-impuls-dla-regionu-i-nowe-miejsca-pracy\/\"]}]},{\"@type\":\"ImageObject\",\"inLanguage\":\"cs\",\"@id\":\"https:\/\/marekkuchcinski.pl\/wydarzenia\/spolki-pkp-na-podkarpaciu-wielki-prorozwojowy-impuls-dla-regionu-i-nowe-miejsca-pracy\/#primaryimage\",\"url\":\"https:\/\/marekkuchcinski.pl\/wp-content\/uploads\/2019\/10\/IMG_0886-2-1024x683.jpg\",\"contentUrl\":\"https:\/\/marekkuchcinski.pl\/wp-content\/uploads\/2019\/10\/IMG_0886-2-1024x683.jpg\",\"width\":1024,\"height\":683},{\"@type\":\"BreadcrumbList\",\"@id\":\"https:\/\/marekkuchcinski.pl\/wydarzenia\/spolki-pkp-na-podkarpaciu-wielki-prorozwojowy-impuls-dla-regionu-i-nowe-miejsca-pracy\/#breadcrumb\",\"itemListElement\":[{\"@type\":\"ListItem\",\"position\":1,\"name\":\"Strona g\u0142\u00f3wna\",\"item\":\"https:\/\/marekkuchcinski.pl\/\"},{\"@type\":\"ListItem\",\"position\":2,\"name\":\"Sp\u00f3\u0142ki PKP na Podkarpaciu \u2013 wielki prorozwojowy impuls dla regionu i nowe miejsca pracy\"}]},{\"@type\":\"WebSite\",\"@id\":\"https:\/\/marekkuchcinski.pl\/#website\",\"url\":\"https:\/\/marekkuchcinski.pl\/\",\"name\":\"Marek Kuchci\u0144ski\",\"description\":\"Pose\u0142 na sejm RP &ndash; okr\u0119g nr 22\",\"publisher\":{\"@id\":\"https:\/\/marekkuchcinski.pl\/#organization\"},\"potentialAction\":[{\"@type\":\"SearchAction\",\"target\":{\"@type\":\"EntryPoint\",\"urlTemplate\":\"https:\/\/marekkuchcinski.pl\/?s={search_term_string}\"},\"query-input\":{\"@type\":\"PropertyValueSpecification\",\"valueRequired\":true,\"valueName\":\"search_term_string\"}}],\"inLanguage\":\"cs\"},{\"@type\":\"Organization\",\"@id\":\"https:\/\/marekkuchcinski.pl\/#organization\",\"name\":\"Marek Kuchci\u0144ski\",\"url\":\"https:\/\/marekkuchcinski.pl\/\",\"logo\":{\"@type\":\"ImageObject\",\"inLanguage\":\"cs\",\"@id\":\"https:\/\/marekkuchcinski.pl\/#\/schema\/logo\/image\/\",\"url\":\"https:\/\/marekkuchcinski.pl\/wp-content\/uploads\/2022\/09\/Marek.jpg\",\"contentUrl\":\"https:\/\/marekkuchcinski.pl\/wp-content\/uploads\/2022\/09\/Marek.jpg\",\"width\":1600,\"height\":971,\"caption\":\"Marek Kuchci\u0144ski\"},\"image\":{\"@id\":\"https:\/\/marekkuchcinski.pl\/#\/schema\/logo\/image\/\"}},{\"@type\":\"Person\",\"@id\":\"https:\/\/marekkuchcinski.pl\/#\/schema\/person\/6f62700996b4d950b6ea2d1183b6c6be\",\"name\":\"admin\",\"image\":{\"@type\":\"ImageObject\",\"inLanguage\":\"cs\",\"@id\":\"https:\/\/marekkuchcinski.pl\/#\/schema\/person\/image\/\",\"url\":\"https:\/\/secure.gravatar.com\/avatar\/4bab693b9d55c3d6b52c0296a8765085?s=96&d=mm&r=g\",\"contentUrl\":\"https:\/\/secure.gravatar.com\/avatar\/4bab693b9d55c3d6b52c0296a8765085?s=96&d=mm&r=g\",\"caption\":\"admin\"},\"url\":\"https:\/\/marekkuchcinski.pl\/cs\/author\/marta-olejnik\/\"}]}<\/script>\n<!-- \/ Yoast SEO plugin. -->","yoast_head_json":{"title":"Sp\u00f3\u0142ki PKP na Podkarpaciu \u2013 wielki prorozwojowy impuls dla regionu i nowe miejsca pracy &#8211; Marek Kuchci\u0144ski","robots":{"index":"index","follow":"follow","max-snippet":"max-snippet:-1","max-image-preview":"max-image-preview:large","max-video-preview":"max-video-preview:-1"},"canonical":"https:\/\/marekkuchcinski.pl\/cs\/wydarzenia\/spolki-pkp-na-podkarpaciu-wielki-prorozwojowy-impuls-dla-regionu-i-nowe-miejsca-pracy\/","og_locale":"cs_CZ","og_type":"article","og_title":"Sp\u00f3\u0142ki PKP na Podkarpaciu \u2013 wielki prorozwojowy impuls dla regionu i nowe miejsca pracy &#8211; Marek Kuchci\u0144ski","og_description":"Dobra informacja dla Podkarpacia i ca\u0142ego rynku kolejowego. W nieczynnej Fabryce Wagon\u00f3w \u201eGniewczyna\u201d ko\u0142o Przeworska powstanie sp\u00f3\u0142ka, kt\u00f3ra zajmie si\u0119 produkcj\u0105 wagon\u00f3w towarowych r\u00f3\u017cnych typ\u00f3w, m.in. dla PKP Cargo, a tak\u017ce najwi\u0119ksza w Polsce i jedna z najwi\u0119kszych w Europie sp\u00f3\u0142ek zarz\u0105dzaj\u0105cych terminalami l\u0105dowymi. \u2013 Podkarpacie potrzebuje nowych miejsc pracy. Zale\u017cy nam, by region si\u0119 [&hellip;]","og_url":"https:\/\/marekkuchcinski.pl\/cs\/wydarzenia\/spolki-pkp-na-podkarpaciu-wielki-prorozwojowy-impuls-dla-regionu-i-nowe-miejsca-pracy\/","og_site_name":"Marek Kuchci\u0144ski","article_published_time":"2019-10-04T09:49:58+00:00","article_modified_time":"2019-10-04T09:50:00+00:00","og_image":[{"width":1024,"height":683,"url":"https:\/\/marekkuchcinski.pl\/wp-content\/uploads\/2019\/10\/IMG_0886-2-1024x683.jpg","type":"image\/jpeg"}],"author":"admin","twitter_card":"summary_large_image","twitter_misc":{"Napsal(a)":"admin","Odhadovan\u00e1 doba \u010dten\u00ed":"3 minuty"},"schema":{"@context":"https:\/\/schema.org","@graph":[{"@type":"Article","@id":"https:\/\/marekkuchcinski.pl\/wydarzenia\/spolki-pkp-na-podkarpaciu-wielki-prorozwojowy-impuls-dla-regionu-i-nowe-miejsca-pracy\/#article","isPartOf":{"@id":"https:\/\/marekkuchcinski.pl\/wydarzenia\/spolki-pkp-na-podkarpaciu-wielki-prorozwojowy-impuls-dla-regionu-i-nowe-miejsca-pracy\/"},"author":{"name":"admin","@id":"https:\/\/marekkuchcinski.pl\/#\/schema\/person\/6f62700996b4d950b6ea2d1183b6c6be"},"headline":"Sp\u00f3\u0142ki PKP na Podkarpaciu \u2013 wielki prorozwojowy impuls dla regionu i nowe miejsca pracy","datePublished":"2019-10-04T09:49:58+00:00","dateModified":"2019-10-04T09:50:00+00:00","mainEntityOfPage":{"@id":"https:\/\/marekkuchcinski.pl\/wydarzenia\/spolki-pkp-na-podkarpaciu-wielki-prorozwojowy-impuls-dla-regionu-i-nowe-miejsca-pracy\/"},"wordCount":592,"commentCount":0,"publisher":{"@id":"https:\/\/marekkuchcinski.pl\/#organization"},"image":{"@id":"https:\/\/marekkuchcinski.pl\/wydarzenia\/spolki-pkp-na-podkarpaciu-wielki-prorozwojowy-impuls-dla-regionu-i-nowe-miejsca-pracy\/#primaryimage"},"thumbnailUrl":"https:\/\/marekkuchcinski.pl\/wp-content\/uploads\/2019\/10\/IMG_0886-2-1024x683.jpg","articleSection":["Podkarpacie","Prawo i Sprawiedliwo\u015b\u0107","Wydarzenia"],"inLanguage":"cs","potentialAction":[{"@type":"CommentAction","name":"Comment","target":["https:\/\/marekkuchcinski.pl\/wydarzenia\/spolki-pkp-na-podkarpaciu-wielki-prorozwojowy-impuls-dla-regionu-i-nowe-miejsca-pracy\/#respond"]}]},{"@type":"WebPage","@id":"https:\/\/marekkuchcinski.pl\/wydarzenia\/spolki-pkp-na-podkarpaciu-wielki-prorozwojowy-impuls-dla-regionu-i-nowe-miejsca-pracy\/","url":"https:\/\/marekkuchcinski.pl\/wydarzenia\/spolki-pkp-na-podkarpaciu-wielki-prorozwojowy-impuls-dla-regionu-i-nowe-miejsca-pracy\/","name":"Sp\u00f3\u0142ki PKP na Podkarpaciu \u2013 wielki prorozwojowy impuls dla regionu i nowe miejsca pracy &#8211; Marek Kuchci\u0144ski","isPartOf":{"@id":"https:\/\/marekkuchcinski.pl\/#website"},"primaryImageOfPage":{"@id":"https:\/\/marekkuchcinski.pl\/wydarzenia\/spolki-pkp-na-podkarpaciu-wielki-prorozwojowy-impuls-dla-regionu-i-nowe-miejsca-pracy\/#primaryimage"},"image":{"@id":"https:\/\/marekkuchcinski.pl\/wydarzenia\/spolki-pkp-na-podkarpaciu-wielki-prorozwojowy-impuls-dla-regionu-i-nowe-miejsca-pracy\/#primaryimage"},"thumbnailUrl":"https:\/\/marekkuchcinski.pl\/wp-content\/uploads\/2019\/10\/IMG_0886-2-1024x683.jpg","datePublished":"2019-10-04T09:49:58+00:00","dateModified":"2019-10-04T09:50:00+00:00","breadcrumb":{"@id":"https:\/\/marekkuchcinski.pl\/wydarzenia\/spolki-pkp-na-podkarpaciu-wielki-prorozwojowy-impuls-dla-regionu-i-nowe-miejsca-pracy\/#breadcrumb"},"inLanguage":"cs","potentialAction":[{"@type":"ReadAction","target":["https:\/\/marekkuchcinski.pl\/wydarzenia\/spolki-pkp-na-podkarpaciu-wielki-prorozwojowy-impuls-dla-regionu-i-nowe-miejsca-pracy\/"]}]},{"@type":"ImageObject","inLanguage":"cs","@id":"https:\/\/marekkuchcinski.pl\/wydarzenia\/spolki-pkp-na-podkarpaciu-wielki-prorozwojowy-impuls-dla-regionu-i-nowe-miejsca-pracy\/#primaryimage","url":"https:\/\/marekkuchcinski.pl\/wp-content\/uploads\/2019\/10\/IMG_0886-2-1024x683.jpg","contentUrl":"https:\/\/marekkuchcinski.pl\/wp-content\/uploads\/2019\/10\/IMG_0886-2-1024x683.jpg","width":1024,"height":683},{"@type":"BreadcrumbList","@id":"https:\/\/marekkuchcinski.pl\/wydarzenia\/spolki-pkp-na-podkarpaciu-wielki-prorozwojowy-impuls-dla-regionu-i-nowe-miejsca-pracy\/#breadcrumb","itemListElement":[{"@type":"ListItem","position":1,"name":"Strona g\u0142\u00f3wna","item":"https:\/\/marekkuchcinski.pl\/"},{"@type":"ListItem","position":2,"name":"Sp\u00f3\u0142ki PKP na Podkarpaciu \u2013 wielki prorozwojowy impuls dla regionu i nowe miejsca pracy"}]},{"@type":"WebSite","@id":"https:\/\/marekkuchcinski.pl\/#website","url":"https:\/\/marekkuchcinski.pl\/","name":"Marek Kuchci\u0144ski","description":"Pose\u0142 na sejm RP &ndash; okr\u0119g nr 22","publisher":{"@id":"https:\/\/marekkuchcinski.pl\/#organization"},"potentialAction":[{"@type":"SearchAction","target":{"@type":"EntryPoint","urlTemplate":"https:\/\/marekkuchcinski.pl\/?s={search_term_string}"},"query-input":{"@type":"PropertyValueSpecification","valueRequired":true,"valueName":"search_term_string"}}],"inLanguage":"cs"},{"@type":"Organization","@id":"https:\/\/marekkuchcinski.pl\/#organization","name":"Marek Kuchci\u0144ski","url":"https:\/\/marekkuchcinski.pl\/","logo":{"@type":"ImageObject","inLanguage":"cs","@id":"https:\/\/marekkuchcinski.pl\/#\/schema\/logo\/image\/","url":"https:\/\/marekkuchcinski.pl\/wp-content\/uploads\/2022\/09\/Marek.jpg","contentUrl":"https:\/\/marekkuchcinski.pl\/wp-content\/uploads\/2022\/09\/Marek.jpg","width":1600,"height":971,"caption":"Marek Kuchci\u0144ski"},"image":{"@id":"https:\/\/marekkuchcinski.pl\/#\/schema\/logo\/image\/"}},{"@type":"Person","@id":"https:\/\/marekkuchcinski.pl\/#\/schema\/person\/6f62700996b4d950b6ea2d1183b6c6be","name":"admin","image":{"@type":"ImageObject","inLanguage":"cs","@id":"https:\/\/marekkuchcinski.pl\/#\/schema\/person\/image\/","url":"https:\/\/secure.gravatar.com\/avatar\/4bab693b9d55c3d6b52c0296a8765085?s=96&d=mm&r=g","contentUrl":"https:\/\/secure.gravatar.com\/avatar\/4bab693b9d55c3d6b52c0296a8765085?s=96&d=mm&r=g","caption":"admin"},"url":"https:\/\/marekkuchcinski.pl\/cs\/author\/marta-olejnik\/"}]}},"_links":{"self":[{"href":"https:\/\/marekkuchcinski.pl\/cs\/wp-json\/wp\/v2\/posts\/17696","targetHints":{"allow":["GET"]}}],"collection":[{"href":"https:\/\/marekkuchcinski.pl\/cs\/wp-json\/wp\/v2\/posts"}],"about":[{"href":"https:\/\/marekkuchcinski.pl\/cs\/wp-json\/wp\/v2\/types\/post"}],"author":[{"embeddable":true,"href":"https:\/\/marekkuchcinski.pl\/cs\/wp-json\/wp\/v2\/users\/6"}],"replies":[{"embeddable":true,"href":"https:\/\/marekkuchcinski.pl\/cs\/wp-json\/wp\/v2\/comments?post=17696"}],"version-history":[{"count":4,"href":"https:\/\/marekkuchcinski.pl\/cs\/wp-json\/wp\/v2\/posts\/17696\/revisions"}],"predecessor-version":[{"id":17704,"href":"https:\/\/marekkuchcinski.pl\/cs\/wp-json\/wp\/v2\/posts\/17696\/revisions\/17704"}],"wp:featuredmedia":[{"embeddable":true,"href":"https:\/\/marekkuchcinski.pl\/cs\/wp-json\/wp\/v2\/media\/17702"}],"wp:attachment":[{"href":"https:\/\/marekkuchcinski.pl\/cs\/wp-json\/wp\/v2\/media?parent=17696"}],"wp:term":[{"taxonomy":"category","embeddable":true,"href":"https:\/\/marekkuchcinski.pl\/cs\/wp-json\/wp\/v2\/categories?post=17696"},{"taxonomy":"post_tag","embeddable":true,"href":"https:\/\/marekkuchcinski.pl\/cs\/wp-json\/wp\/v2\/tags?post=17696"}],"curies":[{"name":"wp","href":"https:\/\/api.w.org\/{rel}","templated":true}]}}