{"id":17440,"date":"2019-08-20T09:43:51","date_gmt":"2019-08-20T07:43:51","guid":{"rendered":"https:\/\/marekkuchcinski.pl\/?p=17440"},"modified":"2019-08-20T17:17:01","modified_gmt":"2019-08-20T15:17:01","slug":"bezplatna-pomoc-w-biurze-interwencji-i-porad-prawnych-pis-w-przemyslu","status":"publish","type":"post","link":"https:\/\/marekkuchcinski.pl\/cs\/podkarpacie\/biuro-interwencji-i-porad-pis\/bezplatna-pomoc-w-biurze-interwencji-i-porad-prawnych-pis-w-przemyslu\/","title":{"rendered":"Bezplatn\u00e1 pomoc v Kancel\u00e1\u0159i pr\u00e1vn\u00edho poradenstv\u00ed a intervence PiS v Przemy\u015blu"},"content":{"rendered":"<p><strong>Kancel\u00e1\u0159 pr\u00e1vn\u00ed intervence a poradenstv\u00ed PiS v Przemy\u015blu je parlamentn\u00ed pracovn\u00ed z\u00f3nou p\u0159edsedy Sejmu Marka Kuchci\u0144sk\u00e9ho. Ji\u017e \u0159adu let se pod\u00edl\u00ed na \u0159e\u0161en\u00ed probl\u00e9m\u016f Podkarpatsk\u00e9ho vojvodstv\u00ed a region\u00e1ln\u00ed politiky.<\/strong> <\/p>\n\n\n\n<p><strong>\u00da\u0159ad poskytuje pomoc v\u0161em, kte\u0159\u00ed jsou posti\u017eeni nespravedlnost\u00ed, nekompetentnost\u00ed nebo aroganc\u00ed \u00fa\u0159ad\u016f a instituc\u00ed a kte\u0159\u00ed pot\u0159ebuj\u00ed poradit p\u0159i uplat\u0148ov\u00e1n\u00ed sv\u00fdch pr\u00e1v. Bez ohledu na n\u00e1rodnost, politick\u00e9 n\u00e1zory nebo soci\u00e1ln\u00ed postaven\u00ed.<\/strong><\/p>\n\n\n\n<p><strong>Tato pomoc spo\u010d\u00edv\u00e1 v poskytov\u00e1n\u00ed bezplatn\u00e9ho pr\u00e1vn\u00edho poradenstv\u00ed, p\u0159\u00edprav\u011b pod\u00e1n\u00ed a spr\u00e1vn\u00edch dokument\u016f a v p\u0159\u00edpadech, kter\u00e9 to vy\u017eaduj\u00ed, v p\u0159\u00edpadn\u00e9 intervenci.<\/strong><\/p>\n\n\n\n<p><strong>Z\u00e1jemci o bezplatnou pr\u00e1vn\u00ed pomoc v kancel\u00e1\u0159i p\u0159edsedy Sejmu Polsk\u00e9 republiky Marka Kuchci\u0144sk\u00e9ho se mohou obr\u00e1tit na pracovn\u00edky kancel\u00e1\u0159e osobn\u011b nebo telefonicky na \u010d\u00edsle 16 678 49 19.<\/strong>.<\/p>\n\n\n\n<p>V prvn\u00ed polovin\u011b roku 2019 bylo celkem<strong> 174<\/strong> setk\u00e1n\u00ed. B\u011bhem nich byly projedn\u00e1v\u00e1ny ot\u00e1zky z r\u016fzn\u00fdch pr\u00e1vn\u00edch odv\u011btv\u00ed, tj:<\/p>\n\n\n\n<ol class=\"wp-block-list\"><li>spr\u00e1vn\u00ed pr\u00e1vo;<\/li><li>obecnou p\u016fsobnost ob\u010dansk\u00e9ho pr\u00e1va;<\/li><li>trestn\u00ed a p\u0159estupkov\u00e9 pr\u00e1vo;<\/li><li>pracovn\u00ed pr\u00e1vo a pr\u00e1vo soci\u00e1ln\u00edho zabezpe\u010den\u00ed;<\/li><li>rodinn\u00e9 pr\u00e1vo;<\/li><\/ol>\n\n\n\n<p>Tematick\u00e9 rozd\u011blen\u00ed sch\u016fzek je uvedeno v n\u00e1sleduj\u00edc\u00edm grafu: <\/p>\n\n\n\n<p><strong>Pr\u00e1vn\u00ed poradenstv\u00ed v prvn\u00ed polovin\u011b roku 2019.<\/strong><\/p>\n\n\n\n<p>Dominantn\u00edm t\u00e9matem byla problematika spot\u0159ebitelsk\u00e9ho bankrotu. To ukazuje, jak d\u016fle\u017eit\u00e9 a nezbytn\u00e9 je, aby lid\u00e9, kte\u0159\u00ed nevykon\u00e1vaj\u00ed ekonomickou \u010dinnost, mohli vyhl\u00e1sit \u00fapadek a zbavit se tak sv\u00fdch dluh\u016f.<\/p>\n\n\n\n<p>Tak\u00e9\nLid\u00e9 \u010dasto p\u0159ich\u00e1zej\u00ed do kancel\u00e1\u0159e europoslance s \u017e\u00e1dost\u00ed o pomoc s d\u011bdictv\u00edm.\nV prvn\u00ed polovin\u011b roku se uskute\u010dnilo 18 sch\u016fzek. V prvn\u00ed polovin\u011b roku se uskute\u010dnilo 18 takov\u00fdch sch\u016fzek.\nsoudn\u00ed cestou t\u00edm, \u017ee po\u017e\u00e1d\u00e1 o prohl\u00e1\u0161en\u00ed o nabyt\u00ed d\u011bdictv\u00ed, jako\u017e i o not\u00e1\u0159sk\u00fd z\u00e1pis.\nnot\u00e1\u0159sk\u00e1 mo\u017enost, tj. potvrzen\u00ed d\u011bdictv\u00ed.<\/p>\n\n\n\n<p>D\u016fle\u017eit\u00e9\nprobl\u00e9m, se kter\u00fdm se ob\u010dan\u00e9 pot\u00fdkaj\u00ed, je ot\u00e1zka d\u016fchod\u016f. 21 osob\nvyhledali pomoc v p\u0159\u00edpadech nespr\u00e1vn\u011b vypo\u010dten\u00fdch d\u00e1vek nebo odm\u00edtnut\u00ed jejich p\u0159izn\u00e1n\u00ed\njejich ocen\u011bn\u00ed. Je velmi d\u016fle\u017eit\u00e9, abyste je upozornili na mo\u017enost odvolat se k soudu.\nJe velmi d\u016fle\u017eit\u00e9, abyste je informovali o mo\u017enosti odvolat se ke spole\u010dn\u00e9mu soudu, kter\u00fd \u010dasto m\u011bn\u00ed rozhodnut\u00ed d\u016fchodov\u00e9ho org\u00e1nu.\nrozhodnut\u00ed d\u016fchodov\u00e9ho org\u00e1nu.  Dvakr\u00e1t\not\u00e1zka nov\u00e9ho d\u016fchodu \"M\u00e1ma 4 Plus\" byla projedn\u00e1v\u00e1na dvakr\u00e1t.<\/p>\n\n\n\n<p>Obl\u00edben\u00e9 str\u00e1nky\nobl\u00edben\u00fdmi t\u00e9maty jsou tak\u00e9 rodinn\u00e9 z\u00e1le\u017eitosti, zejm\u00e9na v\u00fd\u017eivn\u00e9 a rozvody.\nPokud jde o v\u00fd\u017eivn\u00e9, v\u011bt\u0161ina p\u0159\u00edpad\u016f se t\u00fdkala na\u0159\u00edzen\u00ed placen\u00ed v\u00fd\u017eivn\u00e9ho na nezletil\u00e9 d\u011bti, ale jeden p\u0159\u00edpad se t\u00fdkal zru\u0161en\u00ed v\u00fd\u017eivn\u00e9ho z d\u016fvodu zletilosti d\u00edt\u011bte.\nd\u011bt\u00ed, av\u0161ak jeden p\u0159\u00edpad se t\u00fdkal zru\u0161en\u00ed v\u00fd\u017eivn\u00e9ho z d\u016fvodu osamostatn\u011bn\u00ed d\u00edt\u011bte.\nsamostatnost d\u00edt\u011bte. Rozvodov\u00e9 \u0159\u00edzen\u00ed se t\u00fdkalo obou n\u00e1vrh\u016f\nzjistit zavin\u011bn\u00ed jednoho z man\u017eel\u016f nebo o n\u011bm nerozhodovat.\nCelkem se jednalo o 14 takov\u00fdch p\u0159\u00edpad\u016f.<\/p>\n\n\n\n<p>Dal\u0161\u00ed\nob\u010danskopr\u00e1vn\u00ed v\u011bci se t\u00fdkaly mimo jin\u00e9:<\/p>\n\n\n\n<ul class=\"wp-block-list\"><li>p\u0159ed\u00e1n\u00ed k nucen\u00e9 l\u00e9\u010db\u011b;<\/li><li>platba za poskytnutou slu\u017ebu;<\/li><li>pron\u00e1jem byt\u016f;<\/li><li>rozd\u011blen\u00ed majetku;<\/li><li>v\u011bcn\u00e1 b\u0159emena;<\/li><li>z\u00e1le\u017eitosti t\u00fdkaj\u00edc\u00ed se pozemkov\u00e9ho a hypote\u010dn\u00edho rejst\u0159\u00edku;<\/li><li>odstoupen\u00ed spot\u0159ebitele od smlouvy;<\/li><li>pron\u00e1jem;<\/li><li>kompenzace\/od\u0161kodn\u011bn\u00ed;<\/li><li>vyst\u011bhov\u00e1n\u00ed;<\/li><li>soudn\u00ed kauce.<\/li><\/ul>\n\n\n\n<p>Rozhodn\u011b mal\u00e9 procento p\u0159\u00edpad\u016f, jako\npouze 5% se t\u00fdkaly trestn\u00fdch \u010din\u016f a p\u0159estupk\u016f. T\u00fdkaly se\nmimo jin\u00e9:<\/p>\n\n\n\n<ul class=\"wp-block-list\"><li>stalking;<\/li><li>podvody;<\/li><li>poru\u0161en\u00ed fyzick\u00e9 integrity;<\/li><li>zneu\u017e\u00edv\u00e1n\u00ed;<\/li><li>p\u0159evzet\u00ed vym\u00e1h\u00e1n\u00ed pr\u00e1va.<\/li><\/ul>\n\n\n\n<p>Pr\u00e1vo\nSpr\u00e1vn\u00ed pr\u00e1vo se od ostatn\u00edch pr\u00e1vn\u00edch odv\u011btv\u00ed li\u0161\u00ed t\u00edm, \u017ee se \u0159\u00edd\u00ed v\u00fdjime\u010dn\u011b\na r\u016fznorod\u00e9 pr\u00e1vn\u00ed \u00fakony. Tyto ot\u00e1zky byly projedn\u00e1ny b\u011bhem 24\nTyto ot\u00e1zky byly projedn\u00e1ny na 24 sch\u016fzk\u00e1ch a t\u00fdkaly se mimo jin\u00e9<\/p>\n\n\n\n<ul class=\"wp-block-list\"><li>p\u0159\u00edsp\u011bvek na doch\u00e1zku;<\/li><li>z\u00edsk\u00e1v\u00e1n\u00ed dokument\u016f z archiv\u016f;<\/li><li>v\u00fdjimky z uplat\u0148ov\u00e1n\u00ed z\u00e1kona\nakt znecitliv\u011bn\u00ed;<\/li><li>demarka\u010dn\u00ed \u0159\u00edzen\u00ed;<\/li><li>zru\u0161en\u00ed pohled\u00e1vek v\u016f\u010di Fondu pro vy\u017eivovac\u00ed povinnosti\nFond \u00fadr\u017eby;<\/li><li>Koncesion\u00e1\u0159sk\u00fd poplatek RTV;<\/li><li>V\u00edce ne\u017e 500 v\u00fdhod;<\/li><li>podm\u00ednky v\u00fdvoje.<\/li><\/ul>\n\n\n\n<p>Nejm\u00e9n\u011b \u010dasto se na \u00da\u0159ad pro pr\u00e1vn\u00ed pomoc a poradenstv\u00ed obraceli \u017eadatel\u00e9 s probl\u00e9my v oblasti zam\u011bstnanosti. Poradenstv\u00ed se t\u00fdkalo n\u00e1sleduj\u00edc\u00edch ot\u00e1zek:<\/p>\n\n\n\n<ul class=\"wp-block-list\"><li>neopr\u00e1vn\u011bn\u00e9 ukon\u010den\u00ed pracovn\u00edho pom\u011bru;<\/li><li>nedoplatky na mzd\u00e1ch;<\/li><li>nespr\u00e1vn\u00e9 potvrzen\u00ed o zam\u011bstn\u00e1n\u00ed;<\/li><li>slu\u017eebn\u00ed st\u00e1\u0159\u00ed.<\/li><\/ul>\n\n\n\n<p>T\u0159ikr\u00e1t\np\u0159edm\u011bt mimo\u0159\u00e1dn\u00e9ho opravn\u00e9ho prost\u0159edku byl vznesen t\u0159ikr\u00e1t, tj. v souvislosti s nespr\u00e1vn\u011b vypo\u010dtenou \u010d\u00e1stkou.\nd\u016fchod, zabit\u00ed a zru\u0161en\u00ed daru.<\/p>\n\n\n\n<p><\/p>","protected":false},"excerpt":{"rendered":"<p>Kancel\u00e1\u0159 pr\u00e1vn\u00ed intervence a poradenstv\u00ed PiS v Przemy\u015blu je parlamentn\u00ed pracovn\u00ed z\u00f3nou p\u0159edsedy Sejmu Marka Kuchci\u0144sk\u00e9ho. Ji\u017e \u0159adu let se pod\u00edl\u00ed na \u0159e\u0161en\u00ed probl\u00e9m\u016f Podkarpatsk\u00e9ho vojvodstv\u00ed a region\u00e1ln\u00ed politiky. \u00da\u0159ad poskytuje pomoc v\u0161em, kte\u0159\u00ed jsou posti\u017eeni nespravedlnost\u00ed, nekompetentnost\u00ed nebo aroganc\u00ed \u00fa\u0159ad\u016f a instituc\u00ed a pot\u0159ebuj\u00ed poradit p\u0159i uplat\u0148ov\u00e1n\u00ed sv\u00fdch pr\u00e1v. Bez ohledu na st\u00e1tn\u00ed p\u0159\u00edslu\u0161nost, [...]<\/p>","protected":false},"author":6,"featured_media":17461,"comment_status":"open","ping_status":"open","sticky":false,"template":"","format":"standard","meta":{"ngg_post_thumbnail":0,"footnotes":""},"categories":[79,49,82,3],"tags":[],"class_list":["post-17440","post","type-post","status-publish","format-standard","has-post-thumbnail","hentry","category-biuro-interwencji-i-porad-pis","category-podkarpacie","category-prawo-i-sprawiedliwosc","category-wydarzenia"],"yoast_head":"<!-- This site is optimized with the Yoast SEO plugin v24.7 - https:\/\/yoast.com\/wordpress\/plugins\/seo\/ -->\n<title>Bezp\u0142atna pomoc w Biurze Interwencji i Porad Prawnych PiS w Przemy\u015blu &#8211; Marek Kuchci\u0144ski<\/title>\n<meta name=\"robots\" content=\"index, follow, max-snippet:-1, max-image-preview:large, max-video-preview:-1\" \/>\n<link rel=\"canonical\" href=\"https:\/\/marekkuchcinski.pl\/cs\/podkarpacie\/biuro-interwencji-i-porad-pis\/bezplatna-pomoc-w-biurze-interwencji-i-porad-prawnych-pis-w-przemyslu\/\" \/>\n<meta property=\"og:locale\" content=\"cs_CZ\" \/>\n<meta property=\"og:type\" content=\"article\" \/>\n<meta property=\"og:title\" content=\"Bezp\u0142atna pomoc w Biurze Interwencji i Porad Prawnych PiS w Przemy\u015blu &#8211; Marek Kuchci\u0144ski\" \/>\n<meta property=\"og:description\" content=\"Biuro Interwencji i Porad Prawnych PiS w Przemy\u015blu jest stref\u0105 parlamentarnej pracy marsza\u0142ka Sejmu Marka Kuchci\u0144skiego. Od lat anga\u017cuje si\u0119 ono w rozwi\u0105zywanie problem\u00f3w wojew\u00f3dztwa podkarpackiego i polityki regionalnej. Biuro s\u0142u\u017cy pomoc\u0105 ka\u017cdemu, kogo dotkn\u0119\u0142a niesprawiedliwo\u015b\u0107, niekompetencja lub arogancja urz\u0119d\u00f3w i instytucji, kto potrzebuje wskaz\u00f3wki w korzystaniu z przys\u0142uguj\u0105cych mu praw. Bez wzgl\u0119du na narodowo\u015b\u0107, [&hellip;]\" \/>\n<meta property=\"og:url\" content=\"https:\/\/marekkuchcinski.pl\/cs\/podkarpacie\/biuro-interwencji-i-porad-pis\/bezplatna-pomoc-w-biurze-interwencji-i-porad-prawnych-pis-w-przemyslu\/\" \/>\n<meta property=\"og:site_name\" content=\"Marek Kuchci\u0144ski\" \/>\n<meta property=\"article:published_time\" content=\"2019-08-20T07:43:51+00:00\" \/>\n<meta property=\"article:modified_time\" content=\"2019-08-20T15:17:01+00:00\" \/>\n<meta property=\"og:image\" content=\"https:\/\/marekkuchcinski.pl\/wp-content\/uploads\/2019\/08\/BIURO-INTERWENCJI-I-PORAD-PRAWNYCH-2.jpg\" \/>\n\t<meta property=\"og:image:width\" content=\"967\" \/>\n\t<meta property=\"og:image:height\" content=\"691\" \/>\n\t<meta property=\"og:image:type\" content=\"image\/jpeg\" \/>\n<meta name=\"author\" content=\"admin\" \/>\n<meta name=\"twitter:card\" content=\"summary_large_image\" \/>\n<meta name=\"twitter:label1\" content=\"Napsal(a)\" \/>\n\t<meta name=\"twitter:data1\" content=\"admin\" \/>\n\t<meta name=\"twitter:label2\" content=\"Odhadovan\u00e1 doba \u010dten\u00ed\" \/>\n\t<meta name=\"twitter:data2\" content=\"3 minuty\" \/>\n<script type=\"application\/ld+json\" class=\"yoast-schema-graph\">{\"@context\":\"https:\/\/schema.org\",\"@graph\":[{\"@type\":\"Article\",\"@id\":\"https:\/\/marekkuchcinski.pl\/podkarpacie\/biuro-interwencji-i-porad-pis\/bezplatna-pomoc-w-biurze-interwencji-i-porad-prawnych-pis-w-przemyslu\/#article\",\"isPartOf\":{\"@id\":\"https:\/\/marekkuchcinski.pl\/podkarpacie\/biuro-interwencji-i-porad-pis\/bezplatna-pomoc-w-biurze-interwencji-i-porad-prawnych-pis-w-przemyslu\/\"},\"author\":{\"name\":\"admin\",\"@id\":\"https:\/\/marekkuchcinski.pl\/#\/schema\/person\/6f62700996b4d950b6ea2d1183b6c6be\"},\"headline\":\"Bezp\u0142atna pomoc w Biurze Interwencji i Porad Prawnych PiS w Przemy\u015blu\",\"datePublished\":\"2019-08-20T07:43:51+00:00\",\"dateModified\":\"2019-08-20T15:17:01+00:00\",\"mainEntityOfPage\":{\"@id\":\"https:\/\/marekkuchcinski.pl\/podkarpacie\/biuro-interwencji-i-porad-pis\/bezplatna-pomoc-w-biurze-interwencji-i-porad-prawnych-pis-w-przemyslu\/\"},\"wordCount\":657,\"commentCount\":0,\"publisher\":{\"@id\":\"https:\/\/marekkuchcinski.pl\/#organization\"},\"image\":{\"@id\":\"https:\/\/marekkuchcinski.pl\/podkarpacie\/biuro-interwencji-i-porad-pis\/bezplatna-pomoc-w-biurze-interwencji-i-porad-prawnych-pis-w-przemyslu\/#primaryimage\"},\"thumbnailUrl\":\"https:\/\/marekkuchcinski.pl\/wp-content\/uploads\/2019\/08\/BIURO-INTERWENCJI-I-PORAD-PRAWNYCH-2.jpg\",\"articleSection\":[\"Biuro Interwencji i Porad Prawnych\",\"Podkarpacie\",\"Prawo i Sprawiedliwo\u015b\u0107\",\"Wydarzenia\"],\"inLanguage\":\"cs\",\"potentialAction\":[{\"@type\":\"CommentAction\",\"name\":\"Comment\",\"target\":[\"https:\/\/marekkuchcinski.pl\/podkarpacie\/biuro-interwencji-i-porad-pis\/bezplatna-pomoc-w-biurze-interwencji-i-porad-prawnych-pis-w-przemyslu\/#respond\"]}]},{\"@type\":\"WebPage\",\"@id\":\"https:\/\/marekkuchcinski.pl\/podkarpacie\/biuro-interwencji-i-porad-pis\/bezplatna-pomoc-w-biurze-interwencji-i-porad-prawnych-pis-w-przemyslu\/\",\"url\":\"https:\/\/marekkuchcinski.pl\/podkarpacie\/biuro-interwencji-i-porad-pis\/bezplatna-pomoc-w-biurze-interwencji-i-porad-prawnych-pis-w-przemyslu\/\",\"name\":\"Bezp\u0142atna pomoc w Biurze Interwencji i Porad Prawnych PiS w Przemy\u015blu &#8211; Marek Kuchci\u0144ski\",\"isPartOf\":{\"@id\":\"https:\/\/marekkuchcinski.pl\/#website\"},\"primaryImageOfPage\":{\"@id\":\"https:\/\/marekkuchcinski.pl\/podkarpacie\/biuro-interwencji-i-porad-pis\/bezplatna-pomoc-w-biurze-interwencji-i-porad-prawnych-pis-w-przemyslu\/#primaryimage\"},\"image\":{\"@id\":\"https:\/\/marekkuchcinski.pl\/podkarpacie\/biuro-interwencji-i-porad-pis\/bezplatna-pomoc-w-biurze-interwencji-i-porad-prawnych-pis-w-przemyslu\/#primaryimage\"},\"thumbnailUrl\":\"https:\/\/marekkuchcinski.pl\/wp-content\/uploads\/2019\/08\/BIURO-INTERWENCJI-I-PORAD-PRAWNYCH-2.jpg\",\"datePublished\":\"2019-08-20T07:43:51+00:00\",\"dateModified\":\"2019-08-20T15:17:01+00:00\",\"breadcrumb\":{\"@id\":\"https:\/\/marekkuchcinski.pl\/podkarpacie\/biuro-interwencji-i-porad-pis\/bezplatna-pomoc-w-biurze-interwencji-i-porad-prawnych-pis-w-przemyslu\/#breadcrumb\"},\"inLanguage\":\"cs\",\"potentialAction\":[{\"@type\":\"ReadAction\",\"target\":[\"https:\/\/marekkuchcinski.pl\/podkarpacie\/biuro-interwencji-i-porad-pis\/bezplatna-pomoc-w-biurze-interwencji-i-porad-prawnych-pis-w-przemyslu\/\"]}]},{\"@type\":\"ImageObject\",\"inLanguage\":\"cs\",\"@id\":\"https:\/\/marekkuchcinski.pl\/podkarpacie\/biuro-interwencji-i-porad-pis\/bezplatna-pomoc-w-biurze-interwencji-i-porad-prawnych-pis-w-przemyslu\/#primaryimage\",\"url\":\"https:\/\/marekkuchcinski.pl\/wp-content\/uploads\/2019\/08\/BIURO-INTERWENCJI-I-PORAD-PRAWNYCH-2.jpg\",\"contentUrl\":\"https:\/\/marekkuchcinski.pl\/wp-content\/uploads\/2019\/08\/BIURO-INTERWENCJI-I-PORAD-PRAWNYCH-2.jpg\",\"width\":967,\"height\":691},{\"@type\":\"BreadcrumbList\",\"@id\":\"https:\/\/marekkuchcinski.pl\/podkarpacie\/biuro-interwencji-i-porad-pis\/bezplatna-pomoc-w-biurze-interwencji-i-porad-prawnych-pis-w-przemyslu\/#breadcrumb\",\"itemListElement\":[{\"@type\":\"ListItem\",\"position\":1,\"name\":\"Strona g\u0142\u00f3wna\",\"item\":\"https:\/\/marekkuchcinski.pl\/\"},{\"@type\":\"ListItem\",\"position\":2,\"name\":\"Bezp\u0142atna pomoc w Biurze Interwencji i Porad Prawnych PiS w Przemy\u015blu\"}]},{\"@type\":\"WebSite\",\"@id\":\"https:\/\/marekkuchcinski.pl\/#website\",\"url\":\"https:\/\/marekkuchcinski.pl\/\",\"name\":\"Marek Kuchci\u0144ski\",\"description\":\"Pose\u0142 na sejm RP &ndash; okr\u0119g nr 22\",\"publisher\":{\"@id\":\"https:\/\/marekkuchcinski.pl\/#organization\"},\"potentialAction\":[{\"@type\":\"SearchAction\",\"target\":{\"@type\":\"EntryPoint\",\"urlTemplate\":\"https:\/\/marekkuchcinski.pl\/?s={search_term_string}\"},\"query-input\":{\"@type\":\"PropertyValueSpecification\",\"valueRequired\":true,\"valueName\":\"search_term_string\"}}],\"inLanguage\":\"cs\"},{\"@type\":\"Organization\",\"@id\":\"https:\/\/marekkuchcinski.pl\/#organization\",\"name\":\"Marek Kuchci\u0144ski\",\"url\":\"https:\/\/marekkuchcinski.pl\/\",\"logo\":{\"@type\":\"ImageObject\",\"inLanguage\":\"cs\",\"@id\":\"https:\/\/marekkuchcinski.pl\/#\/schema\/logo\/image\/\",\"url\":\"https:\/\/marekkuchcinski.pl\/wp-content\/uploads\/2022\/09\/Marek.jpg\",\"contentUrl\":\"https:\/\/marekkuchcinski.pl\/wp-content\/uploads\/2022\/09\/Marek.jpg\",\"width\":1600,\"height\":971,\"caption\":\"Marek Kuchci\u0144ski\"},\"image\":{\"@id\":\"https:\/\/marekkuchcinski.pl\/#\/schema\/logo\/image\/\"}},{\"@type\":\"Person\",\"@id\":\"https:\/\/marekkuchcinski.pl\/#\/schema\/person\/6f62700996b4d950b6ea2d1183b6c6be\",\"name\":\"admin\",\"image\":{\"@type\":\"ImageObject\",\"inLanguage\":\"cs\",\"@id\":\"https:\/\/marekkuchcinski.pl\/#\/schema\/person\/image\/\",\"url\":\"https:\/\/secure.gravatar.com\/avatar\/4bab693b9d55c3d6b52c0296a8765085?s=96&d=mm&r=g\",\"contentUrl\":\"https:\/\/secure.gravatar.com\/avatar\/4bab693b9d55c3d6b52c0296a8765085?s=96&d=mm&r=g\",\"caption\":\"admin\"},\"url\":\"https:\/\/marekkuchcinski.pl\/cs\/author\/marta-olejnik\/\"}]}<\/script>\n<!-- \/ Yoast SEO plugin. -->","yoast_head_json":{"title":"Bezp\u0142atna pomoc w Biurze Interwencji i Porad Prawnych PiS w Przemy\u015blu &#8211; Marek Kuchci\u0144ski","robots":{"index":"index","follow":"follow","max-snippet":"max-snippet:-1","max-image-preview":"max-image-preview:large","max-video-preview":"max-video-preview:-1"},"canonical":"https:\/\/marekkuchcinski.pl\/cs\/podkarpacie\/biuro-interwencji-i-porad-pis\/bezplatna-pomoc-w-biurze-interwencji-i-porad-prawnych-pis-w-przemyslu\/","og_locale":"cs_CZ","og_type":"article","og_title":"Bezp\u0142atna pomoc w Biurze Interwencji i Porad Prawnych PiS w Przemy\u015blu &#8211; Marek Kuchci\u0144ski","og_description":"Biuro Interwencji i Porad Prawnych PiS w Przemy\u015blu jest stref\u0105 parlamentarnej pracy marsza\u0142ka Sejmu Marka Kuchci\u0144skiego. Od lat anga\u017cuje si\u0119 ono w rozwi\u0105zywanie problem\u00f3w wojew\u00f3dztwa podkarpackiego i polityki regionalnej. Biuro s\u0142u\u017cy pomoc\u0105 ka\u017cdemu, kogo dotkn\u0119\u0142a niesprawiedliwo\u015b\u0107, niekompetencja lub arogancja urz\u0119d\u00f3w i instytucji, kto potrzebuje wskaz\u00f3wki w korzystaniu z przys\u0142uguj\u0105cych mu praw. Bez wzgl\u0119du na narodowo\u015b\u0107, [&hellip;]","og_url":"https:\/\/marekkuchcinski.pl\/cs\/podkarpacie\/biuro-interwencji-i-porad-pis\/bezplatna-pomoc-w-biurze-interwencji-i-porad-prawnych-pis-w-przemyslu\/","og_site_name":"Marek Kuchci\u0144ski","article_published_time":"2019-08-20T07:43:51+00:00","article_modified_time":"2019-08-20T15:17:01+00:00","og_image":[{"width":967,"height":691,"url":"https:\/\/marekkuchcinski.pl\/wp-content\/uploads\/2019\/08\/BIURO-INTERWENCJI-I-PORAD-PRAWNYCH-2.jpg","type":"image\/jpeg"}],"author":"admin","twitter_card":"summary_large_image","twitter_misc":{"Napsal(a)":"admin","Odhadovan\u00e1 doba \u010dten\u00ed":"3 minuty"},"schema":{"@context":"https:\/\/schema.org","@graph":[{"@type":"Article","@id":"https:\/\/marekkuchcinski.pl\/podkarpacie\/biuro-interwencji-i-porad-pis\/bezplatna-pomoc-w-biurze-interwencji-i-porad-prawnych-pis-w-przemyslu\/#article","isPartOf":{"@id":"https:\/\/marekkuchcinski.pl\/podkarpacie\/biuro-interwencji-i-porad-pis\/bezplatna-pomoc-w-biurze-interwencji-i-porad-prawnych-pis-w-przemyslu\/"},"author":{"name":"admin","@id":"https:\/\/marekkuchcinski.pl\/#\/schema\/person\/6f62700996b4d950b6ea2d1183b6c6be"},"headline":"Bezp\u0142atna pomoc w Biurze Interwencji i Porad Prawnych PiS w Przemy\u015blu","datePublished":"2019-08-20T07:43:51+00:00","dateModified":"2019-08-20T15:17:01+00:00","mainEntityOfPage":{"@id":"https:\/\/marekkuchcinski.pl\/podkarpacie\/biuro-interwencji-i-porad-pis\/bezplatna-pomoc-w-biurze-interwencji-i-porad-prawnych-pis-w-przemyslu\/"},"wordCount":657,"commentCount":0,"publisher":{"@id":"https:\/\/marekkuchcinski.pl\/#organization"},"image":{"@id":"https:\/\/marekkuchcinski.pl\/podkarpacie\/biuro-interwencji-i-porad-pis\/bezplatna-pomoc-w-biurze-interwencji-i-porad-prawnych-pis-w-przemyslu\/#primaryimage"},"thumbnailUrl":"https:\/\/marekkuchcinski.pl\/wp-content\/uploads\/2019\/08\/BIURO-INTERWENCJI-I-PORAD-PRAWNYCH-2.jpg","articleSection":["Biuro Interwencji i Porad Prawnych","Podkarpacie","Prawo i Sprawiedliwo\u015b\u0107","Wydarzenia"],"inLanguage":"cs","potentialAction":[{"@type":"CommentAction","name":"Comment","target":["https:\/\/marekkuchcinski.pl\/podkarpacie\/biuro-interwencji-i-porad-pis\/bezplatna-pomoc-w-biurze-interwencji-i-porad-prawnych-pis-w-przemyslu\/#respond"]}]},{"@type":"WebPage","@id":"https:\/\/marekkuchcinski.pl\/podkarpacie\/biuro-interwencji-i-porad-pis\/bezplatna-pomoc-w-biurze-interwencji-i-porad-prawnych-pis-w-przemyslu\/","url":"https:\/\/marekkuchcinski.pl\/podkarpacie\/biuro-interwencji-i-porad-pis\/bezplatna-pomoc-w-biurze-interwencji-i-porad-prawnych-pis-w-przemyslu\/","name":"Bezp\u0142atna pomoc w Biurze Interwencji i Porad Prawnych PiS w Przemy\u015blu &#8211; Marek Kuchci\u0144ski","isPartOf":{"@id":"https:\/\/marekkuchcinski.pl\/#website"},"primaryImageOfPage":{"@id":"https:\/\/marekkuchcinski.pl\/podkarpacie\/biuro-interwencji-i-porad-pis\/bezplatna-pomoc-w-biurze-interwencji-i-porad-prawnych-pis-w-przemyslu\/#primaryimage"},"image":{"@id":"https:\/\/marekkuchcinski.pl\/podkarpacie\/biuro-interwencji-i-porad-pis\/bezplatna-pomoc-w-biurze-interwencji-i-porad-prawnych-pis-w-przemyslu\/#primaryimage"},"thumbnailUrl":"https:\/\/marekkuchcinski.pl\/wp-content\/uploads\/2019\/08\/BIURO-INTERWENCJI-I-PORAD-PRAWNYCH-2.jpg","datePublished":"2019-08-20T07:43:51+00:00","dateModified":"2019-08-20T15:17:01+00:00","breadcrumb":{"@id":"https:\/\/marekkuchcinski.pl\/podkarpacie\/biuro-interwencji-i-porad-pis\/bezplatna-pomoc-w-biurze-interwencji-i-porad-prawnych-pis-w-przemyslu\/#breadcrumb"},"inLanguage":"cs","potentialAction":[{"@type":"ReadAction","target":["https:\/\/marekkuchcinski.pl\/podkarpacie\/biuro-interwencji-i-porad-pis\/bezplatna-pomoc-w-biurze-interwencji-i-porad-prawnych-pis-w-przemyslu\/"]}]},{"@type":"ImageObject","inLanguage":"cs","@id":"https:\/\/marekkuchcinski.pl\/podkarpacie\/biuro-interwencji-i-porad-pis\/bezplatna-pomoc-w-biurze-interwencji-i-porad-prawnych-pis-w-przemyslu\/#primaryimage","url":"https:\/\/marekkuchcinski.pl\/wp-content\/uploads\/2019\/08\/BIURO-INTERWENCJI-I-PORAD-PRAWNYCH-2.jpg","contentUrl":"https:\/\/marekkuchcinski.pl\/wp-content\/uploads\/2019\/08\/BIURO-INTERWENCJI-I-PORAD-PRAWNYCH-2.jpg","width":967,"height":691},{"@type":"BreadcrumbList","@id":"https:\/\/marekkuchcinski.pl\/podkarpacie\/biuro-interwencji-i-porad-pis\/bezplatna-pomoc-w-biurze-interwencji-i-porad-prawnych-pis-w-przemyslu\/#breadcrumb","itemListElement":[{"@type":"ListItem","position":1,"name":"Strona g\u0142\u00f3wna","item":"https:\/\/marekkuchcinski.pl\/"},{"@type":"ListItem","position":2,"name":"Bezp\u0142atna pomoc w Biurze Interwencji i Porad Prawnych PiS w Przemy\u015blu"}]},{"@type":"WebSite","@id":"https:\/\/marekkuchcinski.pl\/#website","url":"https:\/\/marekkuchcinski.pl\/","name":"Marek Kuchci\u0144ski","description":"Pose\u0142 na sejm RP &ndash; okr\u0119g nr 22","publisher":{"@id":"https:\/\/marekkuchcinski.pl\/#organization"},"potentialAction":[{"@type":"SearchAction","target":{"@type":"EntryPoint","urlTemplate":"https:\/\/marekkuchcinski.pl\/?s={search_term_string}"},"query-input":{"@type":"PropertyValueSpecification","valueRequired":true,"valueName":"search_term_string"}}],"inLanguage":"cs"},{"@type":"Organization","@id":"https:\/\/marekkuchcinski.pl\/#organization","name":"Marek Kuchci\u0144ski","url":"https:\/\/marekkuchcinski.pl\/","logo":{"@type":"ImageObject","inLanguage":"cs","@id":"https:\/\/marekkuchcinski.pl\/#\/schema\/logo\/image\/","url":"https:\/\/marekkuchcinski.pl\/wp-content\/uploads\/2022\/09\/Marek.jpg","contentUrl":"https:\/\/marekkuchcinski.pl\/wp-content\/uploads\/2022\/09\/Marek.jpg","width":1600,"height":971,"caption":"Marek Kuchci\u0144ski"},"image":{"@id":"https:\/\/marekkuchcinski.pl\/#\/schema\/logo\/image\/"}},{"@type":"Person","@id":"https:\/\/marekkuchcinski.pl\/#\/schema\/person\/6f62700996b4d950b6ea2d1183b6c6be","name":"admin","image":{"@type":"ImageObject","inLanguage":"cs","@id":"https:\/\/marekkuchcinski.pl\/#\/schema\/person\/image\/","url":"https:\/\/secure.gravatar.com\/avatar\/4bab693b9d55c3d6b52c0296a8765085?s=96&d=mm&r=g","contentUrl":"https:\/\/secure.gravatar.com\/avatar\/4bab693b9d55c3d6b52c0296a8765085?s=96&d=mm&r=g","caption":"admin"},"url":"https:\/\/marekkuchcinski.pl\/cs\/author\/marta-olejnik\/"}]}},"_links":{"self":[{"href":"https:\/\/marekkuchcinski.pl\/cs\/wp-json\/wp\/v2\/posts\/17440","targetHints":{"allow":["GET"]}}],"collection":[{"href":"https:\/\/marekkuchcinski.pl\/cs\/wp-json\/wp\/v2\/posts"}],"about":[{"href":"https:\/\/marekkuchcinski.pl\/cs\/wp-json\/wp\/v2\/types\/post"}],"author":[{"embeddable":true,"href":"https:\/\/marekkuchcinski.pl\/cs\/wp-json\/wp\/v2\/users\/6"}],"replies":[{"embeddable":true,"href":"https:\/\/marekkuchcinski.pl\/cs\/wp-json\/wp\/v2\/comments?post=17440"}],"version-history":[{"count":7,"href":"https:\/\/marekkuchcinski.pl\/cs\/wp-json\/wp\/v2\/posts\/17440\/revisions"}],"predecessor-version":[{"id":17462,"href":"https:\/\/marekkuchcinski.pl\/cs\/wp-json\/wp\/v2\/posts\/17440\/revisions\/17462"}],"wp:featuredmedia":[{"embeddable":true,"href":"https:\/\/marekkuchcinski.pl\/cs\/wp-json\/wp\/v2\/media\/17461"}],"wp:attachment":[{"href":"https:\/\/marekkuchcinski.pl\/cs\/wp-json\/wp\/v2\/media?parent=17440"}],"wp:term":[{"taxonomy":"category","embeddable":true,"href":"https:\/\/marekkuchcinski.pl\/cs\/wp-json\/wp\/v2\/categories?post=17440"},{"taxonomy":"post_tag","embeddable":true,"href":"https:\/\/marekkuchcinski.pl\/cs\/wp-json\/wp\/v2\/tags?post=17440"}],"curies":[{"name":"wp","href":"https:\/\/api.w.org\/{rel}","templated":true}]}}