{"id":17433,"date":"2019-08-13T21:52:52","date_gmt":"2019-08-13T19:52:52","guid":{"rendered":"https:\/\/marekkuchcinski.pl\/?p=17433"},"modified":"2019-08-13T21:52:53","modified_gmt":"2019-08-13T19:52:53","slug":"wyborcy-sygnalizuja-w-badaniach-ze-chca-kontynuacji-rzadow-pis-w-nastepnej-kadencji","status":"publish","type":"post","link":"https:\/\/marekkuchcinski.pl\/cs\/wydarzenia\/wyborcy-sygnalizuja-w-badaniach-ze-chca-kontynuacji-rzadow-pis-w-nastepnej-kadencji\/","title":{"rendered":"Voli\u010di v pr\u016fzkumech signalizuj\u00ed, \u017ee si p\u0159ej\u00ed pokra\u010dov\u00e1n\u00ed vl\u00e1dy PiS i v p\u0159\u00ed\u0161t\u00edm volebn\u00edm obdob\u00ed!"},"content":{"rendered":"<p class=\"wp-block-paragraph\"><\/p>\n\n\n\n<p class=\"wp-block-paragraph\"><\/p>\n\n\n\n<p class=\"wp-block-paragraph\"> Dva m\u011bs\u00edce po v\u00edt\u011bzstv\u00ed PiS v parlamentn\u00edch volb\u00e1ch do EU voli\u010di v pr\u016fzkumech signalizuj\u00ed, \u017ee si p\u0159ej\u00ed pokra\u010dov\u00e1n\u00ed vl\u00e1dy PiS i v dal\u0161\u00edm volebn\u00edm obdob\u00ed. To je v\u00fdsledek na\u0161ich \u010detn\u00fdch setk\u00e1n\u00ed s ob\u010dany po cel\u00e9m Polsku, v\u010detn\u011b Podkarpatsk\u00e9 Rusi. Voli\u010di oce\u0148uj\u00ed pr\u00e1ci parlamentn\u00ed v\u011bt\u0161iny na realizaci pot\u0159eb ob\u010dan\u016f, hospod\u00e1\u0159sk\u00fd r\u016fst, sni\u017eov\u00e1n\u00ed nezam\u011bstnanosti. Budeme pokra\u010dovat v realizaci na\u0161eho programu na zlep\u0161en\u00ed \u017eivotn\u00edch podm\u00ednek, podporu zraniteln\u00fdch osob, rozvoj hospod\u00e1\u0159stv\u00ed a pos\u00edlen\u00ed Polska.&nbsp; &nbsp;&nbsp;<\/p>\n\n\n\n<figure class=\"wp-block-image\"><img fetchpriority=\"high\" decoding=\"async\" width=\"1024\" height=\"951\" src=\"https:\/\/marekkuchcinski.pl\/wp-content\/uploads\/2019\/08\/image-1-1-1024x951.png\" alt=\"\" class=\"wp-image-17435\" srcset=\"https:\/\/marekkuchcinski.pl\/wp-content\/uploads\/2019\/08\/image-1-1-1024x951.png 1024w, https:\/\/marekkuchcinski.pl\/wp-content\/uploads\/2019\/08\/image-1-1-300x279.png 300w, https:\/\/marekkuchcinski.pl\/wp-content\/uploads\/2019\/08\/image-1-1-768x713.png 768w, https:\/\/marekkuchcinski.pl\/wp-content\/uploads\/2019\/08\/image-1-1.png 1189w\" sizes=\"(max-width: 1024px) 100vw, 1024px\" \/><\/figure>","protected":false},"excerpt":{"rendered":"<p>Po dw\u00f3ch miesi\u0105cach od wygranych przez PiS wybor\u00f3w do parlamentu UE, wyborcy sygnalizuj\u0105 w badaniach, \u017ce &nbsp;chc\u0105 kontynuacji rz\u0105d\u00f3w PiS w nast\u0119pnej kadencji. To efekt wielu naszych spotka\u0144 z obywatelami &nbsp;&nbsp;w ca\u0142ej Polsce, mi\u0119dzy innymi na Podkarpaciu. Wyborcy&nbsp; doceniaj\u0105 prac\u0119 wi\u0119kszo\u015bci sejmowej na rzecz realizowania potrzeb obywateli, wzrostu gospodarczego, spadku bezrobocia. Nadal b\u0119dziemy wprowadza\u0107 program&nbsp; [&hellip;]<\/p>\n","protected":false},"author":15,"featured_media":17434,"comment_status":"open","ping_status":"open","sticky":false,"template":"","format":"standard","meta":{"ngg_post_thumbnail":0,"footnotes":""},"categories":[83,3],"tags":[],"class_list":["post-17433","post","type-post","status-publish","format-standard","has-post-thumbnail","hentry","category-badania-spoleczne","category-wydarzenia"],"_links":{"self":[{"href":"https:\/\/marekkuchcinski.pl\/cs\/wp-json\/wp\/v2\/posts\/17433","targetHints":{"allow":["GET"]}}],"collection":[{"href":"https:\/\/marekkuchcinski.pl\/cs\/wp-json\/wp\/v2\/posts"}],"about":[{"href":"https:\/\/marekkuchcinski.pl\/cs\/wp-json\/wp\/v2\/types\/post"}],"author":[{"embeddable":true,"href":"https:\/\/marekkuchcinski.pl\/cs\/wp-json\/wp\/v2\/users\/15"}],"replies":[{"embeddable":true,"href":"https:\/\/marekkuchcinski.pl\/cs\/wp-json\/wp\/v2\/comments?post=17433"}],"version-history":[{"count":2,"href":"https:\/\/marekkuchcinski.pl\/cs\/wp-json\/wp\/v2\/posts\/17433\/revisions"}],"predecessor-version":[{"id":17437,"href":"https:\/\/marekkuchcinski.pl\/cs\/wp-json\/wp\/v2\/posts\/17433\/revisions\/17437"}],"wp:featuredmedia":[{"embeddable":true,"href":"https:\/\/marekkuchcinski.pl\/cs\/wp-json\/wp\/v2\/media\/17434"}],"wp:attachment":[{"href":"https:\/\/marekkuchcinski.pl\/cs\/wp-json\/wp\/v2\/media?parent=17433"}],"wp:term":[{"taxonomy":"category","embeddable":true,"href":"https:\/\/marekkuchcinski.pl\/cs\/wp-json\/wp\/v2\/categories?post=17433"},{"taxonomy":"post_tag","embeddable":true,"href":"https:\/\/marekkuchcinski.pl\/cs\/wp-json\/wp\/v2\/tags?post=17433"}],"curies":[{"name":"wp","href":"https:\/\/api.w.org\/{rel}","templated":true}]}}