{"id":17421,"date":"2019-08-12T16:14:57","date_gmt":"2019-08-12T14:14:57","guid":{"rendered":"https:\/\/marekkuchcinski.pl\/?p=17421"},"modified":"2019-08-12T23:15:56","modified_gmt":"2019-08-12T21:15:56","slug":"dzis-mija-11-rocznica-pamietnego-wystapienia-lecha-kaczynskiego-na-wiecu-w-tbilisi","status":"publish","type":"post","link":"https:\/\/marekkuchcinski.pl\/cs\/bez-kategorii\/dzis-mija-11-rocznica-pamietnego-wystapienia-lecha-kaczynskiego-na-wiecu-w-tbilisi\/","title":{"rendered":"Dnes si p\u0159ipom\u00edn\u00e1me 11. v\u00fdro\u010d\u00ed pam\u00e1tn\u00e9ho projevu Lecha Kaczy\u0144sk\u00e9ho na shrom\u00e1\u017ed\u011bn\u00ed v Tbilisi."},"content":{"rendered":"<p>Dnes si p\u0159ipom\u00edn\u00e1me 11. v\u00fdro\u010d\u00ed pam\u00e1tn\u00e9ho projevu Lecha Kaczynsk\u00e9ho na shrom\u00e1\u017ed\u011bn\u00ed v Tbilisi. P\u00e1t\u00fd, rozhoduj\u00edc\u00ed den rusko-gruz\u00ednsk\u00e9 v\u00e1lky, kdy rusk\u00e1 vojska obsadila m\u011bsta Karaleti a Gori a postupovala sm\u011brem k Tbilisi, p\u0159ijel do Gruzie osobn\u011b Lech Kaczy\u0144ski a vzal s sebou p\u0159edstavitele Ukrajiny, Litvy, Loty\u0161ska a Estonska. V projevu p\u0159ed budovou parlamentu, kde se se\u0161lo 200 000 Gruz\u00ednc\u016f, zd\u016fraznil, \u017ee je povinnost\u00ed mezin\u00e1rodn\u00edho spole\u010denstv\u00ed postavit se solid\u00e1rn\u011b proti rusk\u00fdm imperi\u00e1ln\u00edm snah\u00e1m. \"Cht\u011bl bych to \u0159\u00edci nejen v\u00e1m, cht\u011bl bych to \u0159\u00edci i t\u011bm z na\u0161\u00ed spole\u010dn\u00e9 Evropsk\u00e9 unie, \u017ee st\u0159edn\u00ed Evropa, Gruzie, \u017ee cel\u00fd n\u00e1\u0161 region bude po\u010d\u00edtat, \u017ee jsme subjekt,\" zd\u016fraznil. - \"A tak\u00e9 dob\u0159e v\u00edme, \u017ee dnes Gruzie, z\u00edtra Ukrajina, poz\u00edt\u0159\u00ed pobaltsk\u00e9 st\u00e1ty a pozd\u011bji mo\u017en\u00e1 p\u0159ijde \u010das na mou zemi - na Polsko.\"   Lech Kaczy\u0144ski byl jedn\u00edm z nejv\u011bt\u0161\u00edch st\u00e1tn\u00edk\u016f v d\u011bjin\u00e1ch Polska a vynikal schopnost\u00ed p\u0159edv\u00eddat mo\u017en\u00e9 sc\u00e9n\u00e1\u0159e v\u00fdvoje mezin\u00e1rodn\u00edch ud\u00e1lost\u00ed. Z\u00e1rove\u0148 jim dok\u00e1zal \u00fa\u010dinn\u011b a odv\u00e1\u017en\u011b \u010delit. Podle gruz\u00ednsk\u00fdch politik\u016f a koment\u00e1tor\u016f byla n\u00e1v\u0161t\u011bva Lecha Kaczy\u0144sk\u00e9ho d\u016fle\u017eit\u00fdm prvkem v zastaven\u00ed rusk\u00e9 agrese. Gruz\u00ednci nikdy nezapomn\u011bli, co pro n\u011b Lech Kaczynski ud\u011blal.  Jako projev vd\u011b\u010dnosti a na pam\u00e1tku jeho z\u00e1sluh o nez\u00e1vislost Gruzie po n\u011bm pojmenovali ulice a n\u00e1m\u011bst\u00ed a v Tbilisi mu postavili bustu.<\/p>","protected":false},"excerpt":{"rendered":"<p>Dzi\u015b mija 11. rocznica pami\u0119tnego wyst\u0105pienia Lecha Kaczy\u0144skiego na wiecu w Tbilisi. W pi\u0105tym, decyduj\u0105cym dniu rosyjsko-gruzi\u0144skiej wojny, kiedy to rosyjskie oddzia\u0142y zaj\u0119\u0142y miejscowo\u015bci Karaleti i Gori i posuwa\u0142y si\u0119 w kierunku Tbilisi, Lech Kaczy\u0144ski osobi\u015bcie przyby\u0142 do Gruzji, zabieraj\u0105c ze sob\u0105 przyw\u00f3dc\u00f3w: Ukrainy, Litwy, \u0141otwy i Estonii. Podczas przem\u00f3wienia przed budynkiem parlamentu do zgromadzonych [&hellip;]<\/p>","protected":false},"author":15,"featured_media":0,"comment_status":"open","ping_status":"open","sticky":false,"template":"","format":"standard","meta":{"ngg_post_thumbnail":0,"footnotes":""},"categories":[1],"tags":[],"class_list":["post-17421","post","type-post","status-publish","format-standard","hentry","category-bez-kategorii"],"yoast_head":"<!-- This site is optimized with the Yoast SEO plugin v24.7 - https:\/\/yoast.com\/wordpress\/plugins\/seo\/ -->\n<title>Dzi\u015b mija 11. rocznica pami\u0119tnego wyst\u0105pienia Lecha Kaczy\u0144skiego na wiecu w Tbilisi &#8211; Marek Kuchci\u0144ski<\/title>\n<meta name=\"robots\" content=\"index, follow, max-snippet:-1, max-image-preview:large, max-video-preview:-1\" \/>\n<link rel=\"canonical\" href=\"https:\/\/marekkuchcinski.pl\/cs\/bez-kategorii\/dzis-mija-11-rocznica-pamietnego-wystapienia-lecha-kaczynskiego-na-wiecu-w-tbilisi\/\" \/>\n<meta property=\"og:locale\" content=\"cs_CZ\" \/>\n<meta property=\"og:type\" content=\"article\" \/>\n<meta property=\"og:title\" content=\"Dzi\u015b mija 11. rocznica pami\u0119tnego wyst\u0105pienia Lecha Kaczy\u0144skiego na wiecu w Tbilisi &#8211; Marek Kuchci\u0144ski\" \/>\n<meta property=\"og:description\" content=\"Dzi\u015b mija 11. rocznica pami\u0119tnego wyst\u0105pienia Lecha Kaczy\u0144skiego na wiecu w Tbilisi. W pi\u0105tym, decyduj\u0105cym dniu rosyjsko-gruzi\u0144skiej wojny, kiedy to rosyjskie oddzia\u0142y zaj\u0119\u0142y miejscowo\u015bci Karaleti i Gori i posuwa\u0142y si\u0119 w kierunku Tbilisi, Lech Kaczy\u0144ski osobi\u015bcie przyby\u0142 do Gruzji, zabieraj\u0105c ze sob\u0105 przyw\u00f3dc\u00f3w: Ukrainy, Litwy, \u0141otwy i Estonii. Podczas przem\u00f3wienia przed budynkiem parlamentu do zgromadzonych [&hellip;]\" \/>\n<meta property=\"og:url\" content=\"https:\/\/marekkuchcinski.pl\/cs\/bez-kategorii\/dzis-mija-11-rocznica-pamietnego-wystapienia-lecha-kaczynskiego-na-wiecu-w-tbilisi\/\" \/>\n<meta property=\"og:site_name\" content=\"Marek Kuchci\u0144ski\" \/>\n<meta property=\"article:published_time\" content=\"2019-08-12T14:14:57+00:00\" \/>\n<meta property=\"article:modified_time\" content=\"2019-08-12T21:15:56+00:00\" \/>\n<meta property=\"og:image\" content=\"https:\/\/marekkuchcinski.pl\/wp-content\/uploads\/2022\/09\/Marek.jpg\" \/>\n\t<meta property=\"og:image:width\" content=\"1600\" \/>\n\t<meta property=\"og:image:height\" content=\"971\" \/>\n\t<meta property=\"og:image:type\" content=\"image\/jpeg\" \/>\n<meta name=\"author\" content=\"Andrzej Paniw\" \/>\n<meta name=\"twitter:card\" content=\"summary_large_image\" \/>\n<meta name=\"twitter:label1\" content=\"Napsal(a)\" \/>\n\t<meta name=\"twitter:data1\" content=\"Andrzej Paniw\" \/>\n\t<meta name=\"twitter:label2\" content=\"Odhadovan\u00e1 doba \u010dten\u00ed\" \/>\n\t<meta name=\"twitter:data2\" content=\"1 minuta\" \/>\n<script type=\"application\/ld+json\" class=\"yoast-schema-graph\">{\"@context\":\"https:\/\/schema.org\",\"@graph\":[{\"@type\":\"Article\",\"@id\":\"https:\/\/marekkuchcinski.pl\/bez-kategorii\/dzis-mija-11-rocznica-pamietnego-wystapienia-lecha-kaczynskiego-na-wiecu-w-tbilisi\/#article\",\"isPartOf\":{\"@id\":\"https:\/\/marekkuchcinski.pl\/bez-kategorii\/dzis-mija-11-rocznica-pamietnego-wystapienia-lecha-kaczynskiego-na-wiecu-w-tbilisi\/\"},\"author\":{\"name\":\"Andrzej Paniw\",\"@id\":\"https:\/\/marekkuchcinski.pl\/#\/schema\/person\/0346d7f21c9bed5cf4eed3231e9f59fa\"},\"headline\":\"Dzi\u015b mija 11. rocznica pami\u0119tnego wyst\u0105pienia Lecha Kaczy\u0144skiego na wiecu w Tbilisi\",\"datePublished\":\"2019-08-12T14:14:57+00:00\",\"dateModified\":\"2019-08-12T21:15:56+00:00\",\"mainEntityOfPage\":{\"@id\":\"https:\/\/marekkuchcinski.pl\/bez-kategorii\/dzis-mija-11-rocznica-pamietnego-wystapienia-lecha-kaczynskiego-na-wiecu-w-tbilisi\/\"},\"wordCount\":276,\"commentCount\":0,\"publisher\":{\"@id\":\"https:\/\/marekkuchcinski.pl\/#organization\"},\"articleSection\":[\"Bez kategorii\"],\"inLanguage\":\"cs\",\"potentialAction\":[{\"@type\":\"CommentAction\",\"name\":\"Comment\",\"target\":[\"https:\/\/marekkuchcinski.pl\/bez-kategorii\/dzis-mija-11-rocznica-pamietnego-wystapienia-lecha-kaczynskiego-na-wiecu-w-tbilisi\/#respond\"]}]},{\"@type\":\"WebPage\",\"@id\":\"https:\/\/marekkuchcinski.pl\/bez-kategorii\/dzis-mija-11-rocznica-pamietnego-wystapienia-lecha-kaczynskiego-na-wiecu-w-tbilisi\/\",\"url\":\"https:\/\/marekkuchcinski.pl\/bez-kategorii\/dzis-mija-11-rocznica-pamietnego-wystapienia-lecha-kaczynskiego-na-wiecu-w-tbilisi\/\",\"name\":\"Dzi\u015b mija 11. rocznica pami\u0119tnego wyst\u0105pienia Lecha Kaczy\u0144skiego na wiecu w Tbilisi &#8211; Marek Kuchci\u0144ski\",\"isPartOf\":{\"@id\":\"https:\/\/marekkuchcinski.pl\/#website\"},\"datePublished\":\"2019-08-12T14:14:57+00:00\",\"dateModified\":\"2019-08-12T21:15:56+00:00\",\"breadcrumb\":{\"@id\":\"https:\/\/marekkuchcinski.pl\/bez-kategorii\/dzis-mija-11-rocznica-pamietnego-wystapienia-lecha-kaczynskiego-na-wiecu-w-tbilisi\/#breadcrumb\"},\"inLanguage\":\"cs\",\"potentialAction\":[{\"@type\":\"ReadAction\",\"target\":[\"https:\/\/marekkuchcinski.pl\/bez-kategorii\/dzis-mija-11-rocznica-pamietnego-wystapienia-lecha-kaczynskiego-na-wiecu-w-tbilisi\/\"]}]},{\"@type\":\"BreadcrumbList\",\"@id\":\"https:\/\/marekkuchcinski.pl\/bez-kategorii\/dzis-mija-11-rocznica-pamietnego-wystapienia-lecha-kaczynskiego-na-wiecu-w-tbilisi\/#breadcrumb\",\"itemListElement\":[{\"@type\":\"ListItem\",\"position\":1,\"name\":\"Strona g\u0142\u00f3wna\",\"item\":\"https:\/\/marekkuchcinski.pl\/\"},{\"@type\":\"ListItem\",\"position\":2,\"name\":\"Dzi\u015b mija 11. rocznica pami\u0119tnego wyst\u0105pienia Lecha Kaczy\u0144skiego na wiecu w Tbilisi\"}]},{\"@type\":\"WebSite\",\"@id\":\"https:\/\/marekkuchcinski.pl\/#website\",\"url\":\"https:\/\/marekkuchcinski.pl\/\",\"name\":\"Marek Kuchci\u0144ski\",\"description\":\"Pose\u0142 na sejm RP &ndash; okr\u0119g nr 22\",\"publisher\":{\"@id\":\"https:\/\/marekkuchcinski.pl\/#organization\"},\"potentialAction\":[{\"@type\":\"SearchAction\",\"target\":{\"@type\":\"EntryPoint\",\"urlTemplate\":\"https:\/\/marekkuchcinski.pl\/?s={search_term_string}\"},\"query-input\":{\"@type\":\"PropertyValueSpecification\",\"valueRequired\":true,\"valueName\":\"search_term_string\"}}],\"inLanguage\":\"cs\"},{\"@type\":\"Organization\",\"@id\":\"https:\/\/marekkuchcinski.pl\/#organization\",\"name\":\"Marek Kuchci\u0144ski\",\"url\":\"https:\/\/marekkuchcinski.pl\/\",\"logo\":{\"@type\":\"ImageObject\",\"inLanguage\":\"cs\",\"@id\":\"https:\/\/marekkuchcinski.pl\/#\/schema\/logo\/image\/\",\"url\":\"https:\/\/marekkuchcinski.pl\/wp-content\/uploads\/2022\/09\/Marek.jpg\",\"contentUrl\":\"https:\/\/marekkuchcinski.pl\/wp-content\/uploads\/2022\/09\/Marek.jpg\",\"width\":1600,\"height\":971,\"caption\":\"Marek Kuchci\u0144ski\"},\"image\":{\"@id\":\"https:\/\/marekkuchcinski.pl\/#\/schema\/logo\/image\/\"}},{\"@type\":\"Person\",\"@id\":\"https:\/\/marekkuchcinski.pl\/#\/schema\/person\/0346d7f21c9bed5cf4eed3231e9f59fa\",\"name\":\"Andrzej Paniw\",\"image\":{\"@type\":\"ImageObject\",\"inLanguage\":\"cs\",\"@id\":\"https:\/\/marekkuchcinski.pl\/#\/schema\/person\/image\/\",\"url\":\"https:\/\/secure.gravatar.com\/avatar\/b68f7f24be3be59e4e54b34ffa26bdeb?s=96&d=mm&r=g\",\"contentUrl\":\"https:\/\/secure.gravatar.com\/avatar\/b68f7f24be3be59e4e54b34ffa26bdeb?s=96&d=mm&r=g\",\"caption\":\"Andrzej Paniw\"},\"url\":\"https:\/\/marekkuchcinski.pl\/cs\/author\/andrzej-paniw\/\"}]}<\/script>\n<!-- \/ Yoast SEO plugin. -->","yoast_head_json":{"title":"Dzi\u015b mija 11. rocznica pami\u0119tnego wyst\u0105pienia Lecha Kaczy\u0144skiego na wiecu w Tbilisi &#8211; Marek Kuchci\u0144ski","robots":{"index":"index","follow":"follow","max-snippet":"max-snippet:-1","max-image-preview":"max-image-preview:large","max-video-preview":"max-video-preview:-1"},"canonical":"https:\/\/marekkuchcinski.pl\/cs\/bez-kategorii\/dzis-mija-11-rocznica-pamietnego-wystapienia-lecha-kaczynskiego-na-wiecu-w-tbilisi\/","og_locale":"cs_CZ","og_type":"article","og_title":"Dzi\u015b mija 11. rocznica pami\u0119tnego wyst\u0105pienia Lecha Kaczy\u0144skiego na wiecu w Tbilisi &#8211; Marek Kuchci\u0144ski","og_description":"Dzi\u015b mija 11. rocznica pami\u0119tnego wyst\u0105pienia Lecha Kaczy\u0144skiego na wiecu w Tbilisi. W pi\u0105tym, decyduj\u0105cym dniu rosyjsko-gruzi\u0144skiej wojny, kiedy to rosyjskie oddzia\u0142y zaj\u0119\u0142y miejscowo\u015bci Karaleti i Gori i posuwa\u0142y si\u0119 w kierunku Tbilisi, Lech Kaczy\u0144ski osobi\u015bcie przyby\u0142 do Gruzji, zabieraj\u0105c ze sob\u0105 przyw\u00f3dc\u00f3w: Ukrainy, Litwy, \u0141otwy i Estonii. Podczas przem\u00f3wienia przed budynkiem parlamentu do zgromadzonych [&hellip;]","og_url":"https:\/\/marekkuchcinski.pl\/cs\/bez-kategorii\/dzis-mija-11-rocznica-pamietnego-wystapienia-lecha-kaczynskiego-na-wiecu-w-tbilisi\/","og_site_name":"Marek Kuchci\u0144ski","article_published_time":"2019-08-12T14:14:57+00:00","article_modified_time":"2019-08-12T21:15:56+00:00","og_image":[{"width":1600,"height":971,"url":"https:\/\/marekkuchcinski.pl\/wp-content\/uploads\/2022\/09\/Marek.jpg","type":"image\/jpeg"}],"author":"Andrzej Paniw","twitter_card":"summary_large_image","twitter_misc":{"Napsal(a)":"Andrzej Paniw","Odhadovan\u00e1 doba \u010dten\u00ed":"1 minuta"},"schema":{"@context":"https:\/\/schema.org","@graph":[{"@type":"Article","@id":"https:\/\/marekkuchcinski.pl\/bez-kategorii\/dzis-mija-11-rocznica-pamietnego-wystapienia-lecha-kaczynskiego-na-wiecu-w-tbilisi\/#article","isPartOf":{"@id":"https:\/\/marekkuchcinski.pl\/bez-kategorii\/dzis-mija-11-rocznica-pamietnego-wystapienia-lecha-kaczynskiego-na-wiecu-w-tbilisi\/"},"author":{"name":"Andrzej Paniw","@id":"https:\/\/marekkuchcinski.pl\/#\/schema\/person\/0346d7f21c9bed5cf4eed3231e9f59fa"},"headline":"Dzi\u015b mija 11. rocznica pami\u0119tnego wyst\u0105pienia Lecha Kaczy\u0144skiego na wiecu w Tbilisi","datePublished":"2019-08-12T14:14:57+00:00","dateModified":"2019-08-12T21:15:56+00:00","mainEntityOfPage":{"@id":"https:\/\/marekkuchcinski.pl\/bez-kategorii\/dzis-mija-11-rocznica-pamietnego-wystapienia-lecha-kaczynskiego-na-wiecu-w-tbilisi\/"},"wordCount":276,"commentCount":0,"publisher":{"@id":"https:\/\/marekkuchcinski.pl\/#organization"},"articleSection":["Bez kategorii"],"inLanguage":"cs","potentialAction":[{"@type":"CommentAction","name":"Comment","target":["https:\/\/marekkuchcinski.pl\/bez-kategorii\/dzis-mija-11-rocznica-pamietnego-wystapienia-lecha-kaczynskiego-na-wiecu-w-tbilisi\/#respond"]}]},{"@type":"WebPage","@id":"https:\/\/marekkuchcinski.pl\/bez-kategorii\/dzis-mija-11-rocznica-pamietnego-wystapienia-lecha-kaczynskiego-na-wiecu-w-tbilisi\/","url":"https:\/\/marekkuchcinski.pl\/bez-kategorii\/dzis-mija-11-rocznica-pamietnego-wystapienia-lecha-kaczynskiego-na-wiecu-w-tbilisi\/","name":"Dzi\u015b mija 11. rocznica pami\u0119tnego wyst\u0105pienia Lecha Kaczy\u0144skiego na wiecu w Tbilisi &#8211; Marek Kuchci\u0144ski","isPartOf":{"@id":"https:\/\/marekkuchcinski.pl\/#website"},"datePublished":"2019-08-12T14:14:57+00:00","dateModified":"2019-08-12T21:15:56+00:00","breadcrumb":{"@id":"https:\/\/marekkuchcinski.pl\/bez-kategorii\/dzis-mija-11-rocznica-pamietnego-wystapienia-lecha-kaczynskiego-na-wiecu-w-tbilisi\/#breadcrumb"},"inLanguage":"cs","potentialAction":[{"@type":"ReadAction","target":["https:\/\/marekkuchcinski.pl\/bez-kategorii\/dzis-mija-11-rocznica-pamietnego-wystapienia-lecha-kaczynskiego-na-wiecu-w-tbilisi\/"]}]},{"@type":"BreadcrumbList","@id":"https:\/\/marekkuchcinski.pl\/bez-kategorii\/dzis-mija-11-rocznica-pamietnego-wystapienia-lecha-kaczynskiego-na-wiecu-w-tbilisi\/#breadcrumb","itemListElement":[{"@type":"ListItem","position":1,"name":"Strona g\u0142\u00f3wna","item":"https:\/\/marekkuchcinski.pl\/"},{"@type":"ListItem","position":2,"name":"Dzi\u015b mija 11. rocznica pami\u0119tnego wyst\u0105pienia Lecha Kaczy\u0144skiego na wiecu w Tbilisi"}]},{"@type":"WebSite","@id":"https:\/\/marekkuchcinski.pl\/#website","url":"https:\/\/marekkuchcinski.pl\/","name":"Marek Kuchci\u0144ski","description":"Pose\u0142 na sejm RP &ndash; okr\u0119g nr 22","publisher":{"@id":"https:\/\/marekkuchcinski.pl\/#organization"},"potentialAction":[{"@type":"SearchAction","target":{"@type":"EntryPoint","urlTemplate":"https:\/\/marekkuchcinski.pl\/?s={search_term_string}"},"query-input":{"@type":"PropertyValueSpecification","valueRequired":true,"valueName":"search_term_string"}}],"inLanguage":"cs"},{"@type":"Organization","@id":"https:\/\/marekkuchcinski.pl\/#organization","name":"Marek Kuchci\u0144ski","url":"https:\/\/marekkuchcinski.pl\/","logo":{"@type":"ImageObject","inLanguage":"cs","@id":"https:\/\/marekkuchcinski.pl\/#\/schema\/logo\/image\/","url":"https:\/\/marekkuchcinski.pl\/wp-content\/uploads\/2022\/09\/Marek.jpg","contentUrl":"https:\/\/marekkuchcinski.pl\/wp-content\/uploads\/2022\/09\/Marek.jpg","width":1600,"height":971,"caption":"Marek Kuchci\u0144ski"},"image":{"@id":"https:\/\/marekkuchcinski.pl\/#\/schema\/logo\/image\/"}},{"@type":"Person","@id":"https:\/\/marekkuchcinski.pl\/#\/schema\/person\/0346d7f21c9bed5cf4eed3231e9f59fa","name":"Andrzej Paniw","image":{"@type":"ImageObject","inLanguage":"cs","@id":"https:\/\/marekkuchcinski.pl\/#\/schema\/person\/image\/","url":"https:\/\/secure.gravatar.com\/avatar\/b68f7f24be3be59e4e54b34ffa26bdeb?s=96&d=mm&r=g","contentUrl":"https:\/\/secure.gravatar.com\/avatar\/b68f7f24be3be59e4e54b34ffa26bdeb?s=96&d=mm&r=g","caption":"Andrzej Paniw"},"url":"https:\/\/marekkuchcinski.pl\/cs\/author\/andrzej-paniw\/"}]}},"_links":{"self":[{"href":"https:\/\/marekkuchcinski.pl\/cs\/wp-json\/wp\/v2\/posts\/17421","targetHints":{"allow":["GET"]}}],"collection":[{"href":"https:\/\/marekkuchcinski.pl\/cs\/wp-json\/wp\/v2\/posts"}],"about":[{"href":"https:\/\/marekkuchcinski.pl\/cs\/wp-json\/wp\/v2\/types\/post"}],"author":[{"embeddable":true,"href":"https:\/\/marekkuchcinski.pl\/cs\/wp-json\/wp\/v2\/users\/15"}],"replies":[{"embeddable":true,"href":"https:\/\/marekkuchcinski.pl\/cs\/wp-json\/wp\/v2\/comments?post=17421"}],"version-history":[{"count":6,"href":"https:\/\/marekkuchcinski.pl\/cs\/wp-json\/wp\/v2\/posts\/17421\/revisions"}],"predecessor-version":[{"id":17432,"href":"https:\/\/marekkuchcinski.pl\/cs\/wp-json\/wp\/v2\/posts\/17421\/revisions\/17432"}],"wp:attachment":[{"href":"https:\/\/marekkuchcinski.pl\/cs\/wp-json\/wp\/v2\/media?parent=17421"}],"wp:term":[{"taxonomy":"category","embeddable":true,"href":"https:\/\/marekkuchcinski.pl\/cs\/wp-json\/wp\/v2\/categories?post=17421"},{"taxonomy":"post_tag","embeddable":true,"href":"https:\/\/marekkuchcinski.pl\/cs\/wp-json\/wp\/v2\/tags?post=17421"}],"curies":[{"name":"wp","href":"https:\/\/api.w.org\/{rel}","templated":true}]}}