{"id":17393,"date":"2019-08-06T20:26:11","date_gmt":"2019-08-06T18:26:11","guid":{"rendered":"https:\/\/marekkuchcinski.pl\/?p=17393"},"modified":"2019-08-06T20:30:30","modified_gmt":"2019-08-06T18:30:30","slug":"oswiadczenie-w-sprawie-korzystania-ze-specjalnego-transportu-lotniczego-przez-marszalka-sejmu-rp-marka-kuchcinskiego","status":"publish","type":"post","link":"https:\/\/marekkuchcinski.pl\/cs\/wydarzenia\/oswiadczenie-w-sprawie-korzystania-ze-specjalnego-transportu-lotniczego-przez-marszalka-sejmu-rp-marka-kuchcinskiego\/","title":{"rendered":"Prohl\u00e1\u0161en\u00ed p\u0159edsedy Sejmu Marka Kuchci\u0144sk\u00e9ho k vyu\u017e\u00edv\u00e1n\u00ed speci\u00e1ln\u00ed leteck\u00e9 dopravy"},"content":{"rendered":"<p>Od 12. listopadu 2015, kdy mi poslanci sv\u011b\u0159ili funkci p\u0159edsedy Sejmu, jsem p\u0159ijal model pr\u00e1ce p\u0159edsedy, kter\u00fd p\u016fsob\u00ed nejen v Poslaneck\u00e9 sn\u011bmovn\u011b v budov\u011b Sejmu ve Var\u0161av\u011b, ale tak\u00e9 aktivn\u011b pracuje doma i v zahrani\u010d\u00ed.<br>\nZ toho vypl\u00fdv\u00e1 velk\u00e9 mno\u017estv\u00ed setk\u00e1n\u00ed a cest na slavnosti, kter\u00fdch se \u00fa\u010dastn\u00edm na pozv\u00e1n\u00ed organiz\u00e1tor\u016f. Od za\u010d\u00e1tku m\u00e9ho funk\u010dn\u00edho obdob\u00ed se uskute\u010dnilo p\u0159ibli\u017en\u011b 900 takov\u00fdch setk\u00e1n\u00ed, \u010dasto n\u011bkolik denn\u011b, v\u010detn\u011b sobot a ned\u011bl\u00ed. \u00da\u010dast na mnoha z nich si vy\u017e\u00e1dala pou\u017eit\u00ed speci\u00e1ln\u00ed leteck\u00e9 dopravy.<br>\nJedn\u00e1 se tak\u00e9 o formu p\u0159\u00edm\u00e9 konzultace s obyvateli r\u016fzn\u00fdch m\u00edst v Polsku, p\u0159edev\u0161\u00edm mal\u00fdch m\u011bst. Obrovsk\u00e1 legislativn\u00ed aktivita Sejmu v tomto volebn\u00edm obdob\u00ed si \u017e\u00e1d\u00e1 rozhovory se zapojen\u00edm ob\u010dan\u016f do procesu tvorby z\u00e1kon\u016f. V tomto volebn\u00edm obdob\u00ed p\u0159ijal Sejm 876 z\u00e1kon\u016f.<br>\nLety do Rzeszowa i na v\u0161echna ostatn\u00ed leti\u0161t\u011b v Polsku i v zahrani\u010d\u00ed souvisely s mou prac\u00ed p\u0159edsedy Sejmu, kter\u00e1 spo\u010d\u00edvala v mezin\u00e1rodn\u00edch a n\u00e1rodn\u00edch konferenc\u00edch, setk\u00e1n\u00edch spojen\u00fdch s prac\u00ed Sejmu a dal\u0161\u00edch aktu\u00e1ln\u00edch ud\u00e1lostech. \u00da\u010dast na oslav\u00e1ch v\u00fdro\u010d\u00ed mezin\u00e1rodn\u00edho, n\u00e1rodn\u00edho a region\u00e1ln\u00edho rozm\u011bru. <br>\nJsem si v\u011bdom, \u017ee po\u010det let\u016f byl vysok\u00fd, ale to bylo zp\u016fsobeno p\u0159edev\u0161\u00edm pracovn\u00edm modelem, kter\u00fd jsem p\u0159ijal.<\/p>\n\n\n\n<p>Pokud jde o informace, kter\u00e9 se objevuj\u00ed ve ve\u0159ejn\u00e9m prostoru, r\u00e1d bych zd\u016fraznil, \u017ee:<\/p>\n\n\n\n<ol class=\"wp-block-list\"><li>P\u0159edseda Sejmu Polsk\u00e9 republiky je opr\u00e1vn\u011bn pou\u017e\u00edvat speci\u00e1ln\u00ed vojensk\u00e9 letadlo, co\u017e je podrobn\u011b pops\u00e1no v Instrukci o organizaci let\u016f s nejd\u016fle\u017eit\u011bj\u0161\u00edmi osobami st\u00e1tu v polsk\u00fdch ozbrojen\u00fdch sil\u00e1ch (d\u00e1le jen \"Instrukce HEAD\"), kter\u00e1 stanov\u00ed, \u017ee let letadla s \u00fa\u010dast\u00ed prezidenta, p\u0159edsedy Sejmu, p\u0159edsedy Sen\u00e1tu nebo p\u0159edsedy vl\u00e1dy, kter\u00fd je prov\u00e1d\u011bn v r\u00e1mci ofici\u00e1ln\u00ed mise, m\u00e1 status \"HEAD\". Stoj\u00ed za zm\u00ednku, \u017ee tento status neud\u011bluje p\u0159edseda Sejmu, Kancel\u00e1\u0159 Sejmu nebo Kancel\u00e1\u0159 p\u0159edsedy vl\u00e1dy, ale ud\u011bluje ho velitel SOP odpov\u011bdn\u00fd za bezpe\u010dnost nejd\u016fle\u017eit\u011bj\u0161\u00edch osob v zemi. O mo\u017enosti a zp\u016fsobu proveden\u00ed letu v\u0161ak rozhoduje jeho vykonavatel, tj. velitel leteck\u00e9 jednotky. \"Pokyn HEAD p\u0159ipou\u0161t\u00ed p\u0159\u00edtomnost dal\u0161\u00edch osob p\u0159i letech s nejv\u00fdznamn\u011bj\u0161\u00edmi osobami ve st\u00e1t\u011b s t\u00edm, \u017ee seznam cestuj\u00edc\u00edch vytv\u00e1\u0159\u00ed subjekt, kter\u00fd let organizuje (\u00a7 22), ale nespecifikuje, kdo p\u0159esn\u011b, krom\u011b nejv\u00fdznamn\u011bj\u0161\u00edch osob ve st\u00e1t\u011b, m\u016f\u017ee b\u00fdt na palub\u011b p\u0159\u00edtomen. Rozhodnut\u00ed o sestaven\u00ed seznamu cestuj\u00edc\u00edch je ponech\u00e1no na organiz\u00e1torovi letu (\u00a7 16 odst. 2 bod 2). P\u0159\u00edslu\u0161n\u00e9 ustanoven\u00ed (\u00a7 16 odst. 6 bod 3) rovn\u011b\u017e oprav\u0148uje provozovatele letadla k aktualizaci seznamu cestuj\u00edc\u00edch.<\/li><li>Vyu\u017eit\u00ed t\u011bchto dopravn\u00edch prost\u0159edk\u016f bylo zp\u016fsobeno velmi nabit\u00fdm programem sch\u016fzek a akc\u00ed, kter\u00fdch jsem se \u00fa\u010dastnil a kter\u00e9 vy\u017eadovaly dynamick\u00e9 a efektivn\u00ed cestov\u00e1n\u00ed mezi vzd\u00e1len\u00fdmi m\u00edsty v zemi i v zahrani\u010d\u00ed. D\u00edky vyu\u017eit\u00ed rychl\u00fdch dopravn\u00edch prost\u0159edk\u016f bylo mo\u017en\u00e9 kombinovat \u010detn\u00e9 \u00fakoly vykon\u00e1van\u00e9 ve Var\u0161av\u011b s \u00fakoly vykon\u00e1van\u00fdmi v jin\u00fdch \u010d\u00e1stech Polska i v zahrani\u010d\u00ed. <\/li><li>Bez ohledu na motivy m\u00e9ho jedn\u00e1n\u00ed ch\u00e1pu, \u017ee pou\u017e\u00edv\u00e1n\u00ed dopravn\u00edch prost\u0159edk\u016f, kter\u00e9 m\u00e1 k dispozici p\u0159edseda Sejmu, tak\u00e9 mou rodinou m\u016f\u017ee vyvolat spole\u010denskou kontroverzi. Za cel\u00e9 \u010dty\u0159let\u00e9 funk\u010dn\u00ed obdob\u00ed se uskute\u010dnilo 23 takov\u00fdch let\u016f, p\u0159i kter\u00fdch byli na palub\u011b krom\u011b m\u011b i moji nejbli\u017e\u0161\u00ed. Proto jsem se rozhodl v\u011bnovat 15 000 PLN organizaci Caritas a klinice Budzik. Po d\u016fkladn\u00e9 anal\u00fdze uskute\u010dn\u011bn\u00fdch let\u016f se tak\u00e9 uk\u00e1zalo, \u017ee bezprost\u0159edn\u011b po jednom z m\u00fdch let\u016f z Var\u0161avy do Rzeszowa cestou zp\u011bt do Var\u0161avy cestovala se souhlasem velitele pos\u00e1dky a jeho nad\u0159\u00edzen\u00e9ho moje man\u017eelka. R\u00e1d bych zd\u016fraznil, \u017ee ne\u0161lo o let objednan\u00fd speci\u00e1ln\u011b za t\u00edmto \u00fa\u010delem, proto\u017ee po m\u00e9m vystoupen\u00ed v Rzesz\u00f3w\u011b se letadlo muselo podle pl\u00e1nu vr\u00e1tit do Var\u0161avy. Ani tento let nem\u011bl status \"HEAD\". <br>\nAbych v\u0161ak rozpt\u00fdlil ve\u0161ker\u00e9 pochybnosti, rozhodl jsem se zaplatit do Fondu modernizace ozbrojen\u00fdch sil \u010d\u00e1stku pokr\u00fdvaj\u00edc\u00ed ve\u0161ker\u00e9 n\u00e1klady na let a vy\u010d\u00edslenou ministerstvem obrany, tj. 28 000 PLN.<\/li><li>Jsem si v\u011bdom toho, \u017ee ve\u0159ejnost takov\u00e9 chov\u00e1n\u00ed vn\u00edm\u00e1 negativn\u011b, a r\u00e1d bych se omluvil v\u0161em, kte\u0159\u00ed se c\u00edtili ura\u017eeni.<\/li><\/ol>\n\n\n\n<p>Z\u00e1rove\u0148 bych r\u00e1d d\u016frazn\u011b prohl\u00e1sil, \u017ee jsem jednal v souladu se z\u00e1konem. Podrobnosti o t\u011bchto letech jsou k dispozici v n\u011bkolika instituc\u00edch. Doprovod m\u00fdch rodinn\u00fdch p\u0159\u00edslu\u0161n\u00edk\u016f v \u017e\u00e1dn\u00e9m p\u0159\u00edpad\u011b nezv\u00fd\u0161il n\u00e1klady na letenky. Krom\u011b jedn\u00e9 popsan\u00e9 situace se nikdy nestalo, \u017ee by moje rodina let\u011bla ve vojensk\u00e9m letadle bez m\u00e9 p\u0159\u00edtomnosti.<\/p>\n\n\n\n<p>Marek Kuchci\u0144ski<\/p>","protected":false},"excerpt":{"rendered":"<p>Od 12 listopada 2015 roku, kiedy pos\u0142owie powierzyli mi funkcj\u0119 marsza\u0142ka Sejmu, przyj\u0105\u0142em model pracy marsza\u0142ka, kt\u00f3ry dzia\u0142a nie tylko na forum izby poselskiej w budynku Sejmu w Warszawie, ale tak\u017ce pracuje aktywnie w kraju i za granic\u0105. St\u0105d wynika du\u017ca liczba spotka\u0144 i wyjazd\u00f3w na uroczysto\u015bci, w kt\u00f3rych bior\u0119 udzia\u0142, zapraszany przez organizator\u00f3w. Takich [&hellip;]<\/p>","protected":false},"author":6,"featured_media":17394,"comment_status":"open","ping_status":"open","sticky":false,"template":"","format":"standard","meta":{"ngg_post_thumbnail":0,"footnotes":""},"categories":[81,3],"tags":[],"class_list":["post-17393","post","type-post","status-publish","format-standard","has-post-thumbnail","hentry","category-wiesci-z-sejmu","category-wydarzenia"],"yoast_head":"<!-- This site is optimized with the Yoast SEO plugin v24.7 - https:\/\/yoast.com\/wordpress\/plugins\/seo\/ -->\n<title>O\u015bwiadczenie w sprawie korzystania ze specjalnego transportu lotniczego przez Marsza\u0142ka Sejmu RP Marka Kuchci\u0144skiego &#8211; Marek Kuchci\u0144ski<\/title>\n<meta name=\"robots\" content=\"index, follow, max-snippet:-1, max-image-preview:large, max-video-preview:-1\" \/>\n<link rel=\"canonical\" href=\"https:\/\/marekkuchcinski.pl\/cs\/wydarzenia\/oswiadczenie-w-sprawie-korzystania-ze-specjalnego-transportu-lotniczego-przez-marszalka-sejmu-rp-marka-kuchcinskiego\/\" \/>\n<meta property=\"og:locale\" content=\"cs_CZ\" \/>\n<meta property=\"og:type\" content=\"article\" \/>\n<meta property=\"og:title\" content=\"O\u015bwiadczenie w sprawie korzystania ze specjalnego transportu lotniczego przez Marsza\u0142ka Sejmu RP Marka Kuchci\u0144skiego &#8211; Marek Kuchci\u0144ski\" \/>\n<meta property=\"og:description\" content=\"Od 12 listopada 2015 roku, kiedy pos\u0142owie powierzyli mi funkcj\u0119 marsza\u0142ka Sejmu, przyj\u0105\u0142em model pracy marsza\u0142ka, kt\u00f3ry dzia\u0142a nie tylko na forum izby poselskiej w budynku Sejmu w Warszawie, ale tak\u017ce pracuje aktywnie w kraju i za granic\u0105. St\u0105d wynika du\u017ca liczba spotka\u0144 i wyjazd\u00f3w na uroczysto\u015bci, w kt\u00f3rych bior\u0119 udzia\u0142, zapraszany przez organizator\u00f3w. Takich [&hellip;]\" \/>\n<meta property=\"og:url\" content=\"https:\/\/marekkuchcinski.pl\/cs\/wydarzenia\/oswiadczenie-w-sprawie-korzystania-ze-specjalnego-transportu-lotniczego-przez-marszalka-sejmu-rp-marka-kuchcinskiego\/\" \/>\n<meta property=\"og:site_name\" content=\"Marek Kuchci\u0144ski\" \/>\n<meta property=\"article:published_time\" content=\"2019-08-06T18:26:11+00:00\" \/>\n<meta property=\"article:modified_time\" content=\"2019-08-06T18:30:30+00:00\" \/>\n<meta property=\"og:image\" content=\"https:\/\/marekkuchcinski.pl\/wp-content\/uploads\/2019\/08\/PSX_20190806_201927.jpg\" \/>\n\t<meta property=\"og:image:width\" content=\"1024\" \/>\n\t<meta property=\"og:image:height\" content=\"683\" \/>\n\t<meta property=\"og:image:type\" content=\"image\/jpeg\" \/>\n<meta name=\"author\" content=\"admin\" \/>\n<meta name=\"twitter:card\" content=\"summary_large_image\" \/>\n<meta name=\"twitter:label1\" content=\"Napsal(a)\" \/>\n\t<meta name=\"twitter:data1\" content=\"admin\" \/>\n\t<meta name=\"twitter:label2\" content=\"Odhadovan\u00e1 doba \u010dten\u00ed\" \/>\n\t<meta name=\"twitter:data2\" content=\"4 minuty\" \/>\n<script type=\"application\/ld+json\" class=\"yoast-schema-graph\">{\"@context\":\"https:\/\/schema.org\",\"@graph\":[{\"@type\":\"Article\",\"@id\":\"https:\/\/marekkuchcinski.pl\/uk\/wydarzenia\/oswiadczenie-w-sprawie-korzystania-ze-specjalnego-transportu-lotniczego-przez-marszalka-sejmu-rp-marka-kuchcinskiego\/#article\",\"isPartOf\":{\"@id\":\"https:\/\/marekkuchcinski.pl\/uk\/wydarzenia\/oswiadczenie-w-sprawie-korzystania-ze-specjalnego-transportu-lotniczego-przez-marszalka-sejmu-rp-marka-kuchcinskiego\/\"},\"author\":{\"name\":\"admin\",\"@id\":\"https:\/\/marekkuchcinski.pl\/#\/schema\/person\/6f62700996b4d950b6ea2d1183b6c6be\"},\"headline\":\"O\u015bwiadczenie w sprawie korzystania ze specjalnego transportu lotniczego przez Marsza\u0142ka Sejmu RP Marka Kuchci\u0144skiego\",\"datePublished\":\"2019-08-06T18:26:11+00:00\",\"dateModified\":\"2019-08-06T18:30:30+00:00\",\"mainEntityOfPage\":{\"@id\":\"https:\/\/marekkuchcinski.pl\/uk\/wydarzenia\/oswiadczenie-w-sprawie-korzystania-ze-specjalnego-transportu-lotniczego-przez-marszalka-sejmu-rp-marka-kuchcinskiego\/\"},\"wordCount\":825,\"commentCount\":0,\"publisher\":{\"@id\":\"https:\/\/marekkuchcinski.pl\/#organization\"},\"image\":{\"@id\":\"https:\/\/marekkuchcinski.pl\/uk\/wydarzenia\/oswiadczenie-w-sprawie-korzystania-ze-specjalnego-transportu-lotniczego-przez-marszalka-sejmu-rp-marka-kuchcinskiego\/#primaryimage\"},\"thumbnailUrl\":\"https:\/\/marekkuchcinski.pl\/wp-content\/uploads\/2019\/08\/PSX_20190806_201927.jpg\",\"articleSection\":[\"Wie\u015bci z Sejmu\",\"Wydarzenia\"],\"inLanguage\":\"cs\",\"potentialAction\":[{\"@type\":\"CommentAction\",\"name\":\"Comment\",\"target\":[\"https:\/\/marekkuchcinski.pl\/uk\/wydarzenia\/oswiadczenie-w-sprawie-korzystania-ze-specjalnego-transportu-lotniczego-przez-marszalka-sejmu-rp-marka-kuchcinskiego\/#respond\"]}]},{\"@type\":\"WebPage\",\"@id\":\"https:\/\/marekkuchcinski.pl\/uk\/wydarzenia\/oswiadczenie-w-sprawie-korzystania-ze-specjalnego-transportu-lotniczego-przez-marszalka-sejmu-rp-marka-kuchcinskiego\/\",\"url\":\"https:\/\/marekkuchcinski.pl\/uk\/wydarzenia\/oswiadczenie-w-sprawie-korzystania-ze-specjalnego-transportu-lotniczego-przez-marszalka-sejmu-rp-marka-kuchcinskiego\/\",\"name\":\"O\u015bwiadczenie w sprawie korzystania ze specjalnego transportu lotniczego przez Marsza\u0142ka Sejmu RP Marka Kuchci\u0144skiego &#8211; Marek Kuchci\u0144ski\",\"isPartOf\":{\"@id\":\"https:\/\/marekkuchcinski.pl\/#website\"},\"primaryImageOfPage\":{\"@id\":\"https:\/\/marekkuchcinski.pl\/uk\/wydarzenia\/oswiadczenie-w-sprawie-korzystania-ze-specjalnego-transportu-lotniczego-przez-marszalka-sejmu-rp-marka-kuchcinskiego\/#primaryimage\"},\"image\":{\"@id\":\"https:\/\/marekkuchcinski.pl\/uk\/wydarzenia\/oswiadczenie-w-sprawie-korzystania-ze-specjalnego-transportu-lotniczego-przez-marszalka-sejmu-rp-marka-kuchcinskiego\/#primaryimage\"},\"thumbnailUrl\":\"https:\/\/marekkuchcinski.pl\/wp-content\/uploads\/2019\/08\/PSX_20190806_201927.jpg\",\"datePublished\":\"2019-08-06T18:26:11+00:00\",\"dateModified\":\"2019-08-06T18:30:30+00:00\",\"breadcrumb\":{\"@id\":\"https:\/\/marekkuchcinski.pl\/uk\/wydarzenia\/oswiadczenie-w-sprawie-korzystania-ze-specjalnego-transportu-lotniczego-przez-marszalka-sejmu-rp-marka-kuchcinskiego\/#breadcrumb\"},\"inLanguage\":\"cs\",\"potentialAction\":[{\"@type\":\"ReadAction\",\"target\":[\"https:\/\/marekkuchcinski.pl\/uk\/wydarzenia\/oswiadczenie-w-sprawie-korzystania-ze-specjalnego-transportu-lotniczego-przez-marszalka-sejmu-rp-marka-kuchcinskiego\/\"]}]},{\"@type\":\"ImageObject\",\"inLanguage\":\"cs\",\"@id\":\"https:\/\/marekkuchcinski.pl\/uk\/wydarzenia\/oswiadczenie-w-sprawie-korzystania-ze-specjalnego-transportu-lotniczego-przez-marszalka-sejmu-rp-marka-kuchcinskiego\/#primaryimage\",\"url\":\"https:\/\/marekkuchcinski.pl\/wp-content\/uploads\/2019\/08\/PSX_20190806_201927.jpg\",\"contentUrl\":\"https:\/\/marekkuchcinski.pl\/wp-content\/uploads\/2019\/08\/PSX_20190806_201927.jpg\",\"width\":1024,\"height\":683},{\"@type\":\"BreadcrumbList\",\"@id\":\"https:\/\/marekkuchcinski.pl\/uk\/wydarzenia\/oswiadczenie-w-sprawie-korzystania-ze-specjalnego-transportu-lotniczego-przez-marszalka-sejmu-rp-marka-kuchcinskiego\/#breadcrumb\",\"itemListElement\":[{\"@type\":\"ListItem\",\"position\":1,\"name\":\"Strona g\u0142\u00f3wna\",\"item\":\"https:\/\/marekkuchcinski.pl\/\"},{\"@type\":\"ListItem\",\"position\":2,\"name\":\"O\u015bwiadczenie w sprawie korzystania ze specjalnego transportu lotniczego przez Marsza\u0142ka Sejmu RP Marka Kuchci\u0144skiego\"}]},{\"@type\":\"WebSite\",\"@id\":\"https:\/\/marekkuchcinski.pl\/#website\",\"url\":\"https:\/\/marekkuchcinski.pl\/\",\"name\":\"Marek Kuchci\u0144ski\",\"description\":\"Pose\u0142 na sejm RP &ndash; okr\u0119g nr 22\",\"publisher\":{\"@id\":\"https:\/\/marekkuchcinski.pl\/#organization\"},\"potentialAction\":[{\"@type\":\"SearchAction\",\"target\":{\"@type\":\"EntryPoint\",\"urlTemplate\":\"https:\/\/marekkuchcinski.pl\/?s={search_term_string}\"},\"query-input\":{\"@type\":\"PropertyValueSpecification\",\"valueRequired\":true,\"valueName\":\"search_term_string\"}}],\"inLanguage\":\"cs\"},{\"@type\":\"Organization\",\"@id\":\"https:\/\/marekkuchcinski.pl\/#organization\",\"name\":\"Marek Kuchci\u0144ski\",\"url\":\"https:\/\/marekkuchcinski.pl\/\",\"logo\":{\"@type\":\"ImageObject\",\"inLanguage\":\"cs\",\"@id\":\"https:\/\/marekkuchcinski.pl\/#\/schema\/logo\/image\/\",\"url\":\"https:\/\/marekkuchcinski.pl\/wp-content\/uploads\/2022\/09\/Marek.jpg\",\"contentUrl\":\"https:\/\/marekkuchcinski.pl\/wp-content\/uploads\/2022\/09\/Marek.jpg\",\"width\":1600,\"height\":971,\"caption\":\"Marek Kuchci\u0144ski\"},\"image\":{\"@id\":\"https:\/\/marekkuchcinski.pl\/#\/schema\/logo\/image\/\"}},{\"@type\":\"Person\",\"@id\":\"https:\/\/marekkuchcinski.pl\/#\/schema\/person\/6f62700996b4d950b6ea2d1183b6c6be\",\"name\":\"admin\",\"image\":{\"@type\":\"ImageObject\",\"inLanguage\":\"cs\",\"@id\":\"https:\/\/marekkuchcinski.pl\/#\/schema\/person\/image\/\",\"url\":\"https:\/\/secure.gravatar.com\/avatar\/4bab693b9d55c3d6b52c0296a8765085?s=96&d=mm&r=g\",\"contentUrl\":\"https:\/\/secure.gravatar.com\/avatar\/4bab693b9d55c3d6b52c0296a8765085?s=96&d=mm&r=g\",\"caption\":\"admin\"},\"url\":\"https:\/\/marekkuchcinski.pl\/cs\/author\/marta-olejnik\/\"}]}<\/script>\n<!-- \/ Yoast SEO plugin. -->","yoast_head_json":{"title":"O\u015bwiadczenie w sprawie korzystania ze specjalnego transportu lotniczego przez Marsza\u0142ka Sejmu RP Marka Kuchci\u0144skiego &#8211; Marek Kuchci\u0144ski","robots":{"index":"index","follow":"follow","max-snippet":"max-snippet:-1","max-image-preview":"max-image-preview:large","max-video-preview":"max-video-preview:-1"},"canonical":"https:\/\/marekkuchcinski.pl\/cs\/wydarzenia\/oswiadczenie-w-sprawie-korzystania-ze-specjalnego-transportu-lotniczego-przez-marszalka-sejmu-rp-marka-kuchcinskiego\/","og_locale":"cs_CZ","og_type":"article","og_title":"O\u015bwiadczenie w sprawie korzystania ze specjalnego transportu lotniczego przez Marsza\u0142ka Sejmu RP Marka Kuchci\u0144skiego &#8211; Marek Kuchci\u0144ski","og_description":"Od 12 listopada 2015 roku, kiedy pos\u0142owie powierzyli mi funkcj\u0119 marsza\u0142ka Sejmu, przyj\u0105\u0142em model pracy marsza\u0142ka, kt\u00f3ry dzia\u0142a nie tylko na forum izby poselskiej w budynku Sejmu w Warszawie, ale tak\u017ce pracuje aktywnie w kraju i za granic\u0105. St\u0105d wynika du\u017ca liczba spotka\u0144 i wyjazd\u00f3w na uroczysto\u015bci, w kt\u00f3rych bior\u0119 udzia\u0142, zapraszany przez organizator\u00f3w. Takich [&hellip;]","og_url":"https:\/\/marekkuchcinski.pl\/cs\/wydarzenia\/oswiadczenie-w-sprawie-korzystania-ze-specjalnego-transportu-lotniczego-przez-marszalka-sejmu-rp-marka-kuchcinskiego\/","og_site_name":"Marek Kuchci\u0144ski","article_published_time":"2019-08-06T18:26:11+00:00","article_modified_time":"2019-08-06T18:30:30+00:00","og_image":[{"width":1024,"height":683,"url":"https:\/\/marekkuchcinski.pl\/wp-content\/uploads\/2019\/08\/PSX_20190806_201927.jpg","type":"image\/jpeg"}],"author":"admin","twitter_card":"summary_large_image","twitter_misc":{"Napsal(a)":"admin","Odhadovan\u00e1 doba \u010dten\u00ed":"4 minuty"},"schema":{"@context":"https:\/\/schema.org","@graph":[{"@type":"Article","@id":"https:\/\/marekkuchcinski.pl\/uk\/wydarzenia\/oswiadczenie-w-sprawie-korzystania-ze-specjalnego-transportu-lotniczego-przez-marszalka-sejmu-rp-marka-kuchcinskiego\/#article","isPartOf":{"@id":"https:\/\/marekkuchcinski.pl\/uk\/wydarzenia\/oswiadczenie-w-sprawie-korzystania-ze-specjalnego-transportu-lotniczego-przez-marszalka-sejmu-rp-marka-kuchcinskiego\/"},"author":{"name":"admin","@id":"https:\/\/marekkuchcinski.pl\/#\/schema\/person\/6f62700996b4d950b6ea2d1183b6c6be"},"headline":"O\u015bwiadczenie w sprawie korzystania ze specjalnego transportu lotniczego przez Marsza\u0142ka Sejmu RP Marka Kuchci\u0144skiego","datePublished":"2019-08-06T18:26:11+00:00","dateModified":"2019-08-06T18:30:30+00:00","mainEntityOfPage":{"@id":"https:\/\/marekkuchcinski.pl\/uk\/wydarzenia\/oswiadczenie-w-sprawie-korzystania-ze-specjalnego-transportu-lotniczego-przez-marszalka-sejmu-rp-marka-kuchcinskiego\/"},"wordCount":825,"commentCount":0,"publisher":{"@id":"https:\/\/marekkuchcinski.pl\/#organization"},"image":{"@id":"https:\/\/marekkuchcinski.pl\/uk\/wydarzenia\/oswiadczenie-w-sprawie-korzystania-ze-specjalnego-transportu-lotniczego-przez-marszalka-sejmu-rp-marka-kuchcinskiego\/#primaryimage"},"thumbnailUrl":"https:\/\/marekkuchcinski.pl\/wp-content\/uploads\/2019\/08\/PSX_20190806_201927.jpg","articleSection":["Wie\u015bci z Sejmu","Wydarzenia"],"inLanguage":"cs","potentialAction":[{"@type":"CommentAction","name":"Comment","target":["https:\/\/marekkuchcinski.pl\/uk\/wydarzenia\/oswiadczenie-w-sprawie-korzystania-ze-specjalnego-transportu-lotniczego-przez-marszalka-sejmu-rp-marka-kuchcinskiego\/#respond"]}]},{"@type":"WebPage","@id":"https:\/\/marekkuchcinski.pl\/uk\/wydarzenia\/oswiadczenie-w-sprawie-korzystania-ze-specjalnego-transportu-lotniczego-przez-marszalka-sejmu-rp-marka-kuchcinskiego\/","url":"https:\/\/marekkuchcinski.pl\/uk\/wydarzenia\/oswiadczenie-w-sprawie-korzystania-ze-specjalnego-transportu-lotniczego-przez-marszalka-sejmu-rp-marka-kuchcinskiego\/","name":"O\u015bwiadczenie w sprawie korzystania ze specjalnego transportu lotniczego przez Marsza\u0142ka Sejmu RP Marka Kuchci\u0144skiego &#8211; Marek Kuchci\u0144ski","isPartOf":{"@id":"https:\/\/marekkuchcinski.pl\/#website"},"primaryImageOfPage":{"@id":"https:\/\/marekkuchcinski.pl\/uk\/wydarzenia\/oswiadczenie-w-sprawie-korzystania-ze-specjalnego-transportu-lotniczego-przez-marszalka-sejmu-rp-marka-kuchcinskiego\/#primaryimage"},"image":{"@id":"https:\/\/marekkuchcinski.pl\/uk\/wydarzenia\/oswiadczenie-w-sprawie-korzystania-ze-specjalnego-transportu-lotniczego-przez-marszalka-sejmu-rp-marka-kuchcinskiego\/#primaryimage"},"thumbnailUrl":"https:\/\/marekkuchcinski.pl\/wp-content\/uploads\/2019\/08\/PSX_20190806_201927.jpg","datePublished":"2019-08-06T18:26:11+00:00","dateModified":"2019-08-06T18:30:30+00:00","breadcrumb":{"@id":"https:\/\/marekkuchcinski.pl\/uk\/wydarzenia\/oswiadczenie-w-sprawie-korzystania-ze-specjalnego-transportu-lotniczego-przez-marszalka-sejmu-rp-marka-kuchcinskiego\/#breadcrumb"},"inLanguage":"cs","potentialAction":[{"@type":"ReadAction","target":["https:\/\/marekkuchcinski.pl\/uk\/wydarzenia\/oswiadczenie-w-sprawie-korzystania-ze-specjalnego-transportu-lotniczego-przez-marszalka-sejmu-rp-marka-kuchcinskiego\/"]}]},{"@type":"ImageObject","inLanguage":"cs","@id":"https:\/\/marekkuchcinski.pl\/uk\/wydarzenia\/oswiadczenie-w-sprawie-korzystania-ze-specjalnego-transportu-lotniczego-przez-marszalka-sejmu-rp-marka-kuchcinskiego\/#primaryimage","url":"https:\/\/marekkuchcinski.pl\/wp-content\/uploads\/2019\/08\/PSX_20190806_201927.jpg","contentUrl":"https:\/\/marekkuchcinski.pl\/wp-content\/uploads\/2019\/08\/PSX_20190806_201927.jpg","width":1024,"height":683},{"@type":"BreadcrumbList","@id":"https:\/\/marekkuchcinski.pl\/uk\/wydarzenia\/oswiadczenie-w-sprawie-korzystania-ze-specjalnego-transportu-lotniczego-przez-marszalka-sejmu-rp-marka-kuchcinskiego\/#breadcrumb","itemListElement":[{"@type":"ListItem","position":1,"name":"Strona g\u0142\u00f3wna","item":"https:\/\/marekkuchcinski.pl\/"},{"@type":"ListItem","position":2,"name":"O\u015bwiadczenie w sprawie korzystania ze specjalnego transportu lotniczego przez Marsza\u0142ka Sejmu RP Marka Kuchci\u0144skiego"}]},{"@type":"WebSite","@id":"https:\/\/marekkuchcinski.pl\/#website","url":"https:\/\/marekkuchcinski.pl\/","name":"Marek Kuchci\u0144ski","description":"Pose\u0142 na sejm RP &ndash; okr\u0119g nr 22","publisher":{"@id":"https:\/\/marekkuchcinski.pl\/#organization"},"potentialAction":[{"@type":"SearchAction","target":{"@type":"EntryPoint","urlTemplate":"https:\/\/marekkuchcinski.pl\/?s={search_term_string}"},"query-input":{"@type":"PropertyValueSpecification","valueRequired":true,"valueName":"search_term_string"}}],"inLanguage":"cs"},{"@type":"Organization","@id":"https:\/\/marekkuchcinski.pl\/#organization","name":"Marek Kuchci\u0144ski","url":"https:\/\/marekkuchcinski.pl\/","logo":{"@type":"ImageObject","inLanguage":"cs","@id":"https:\/\/marekkuchcinski.pl\/#\/schema\/logo\/image\/","url":"https:\/\/marekkuchcinski.pl\/wp-content\/uploads\/2022\/09\/Marek.jpg","contentUrl":"https:\/\/marekkuchcinski.pl\/wp-content\/uploads\/2022\/09\/Marek.jpg","width":1600,"height":971,"caption":"Marek Kuchci\u0144ski"},"image":{"@id":"https:\/\/marekkuchcinski.pl\/#\/schema\/logo\/image\/"}},{"@type":"Person","@id":"https:\/\/marekkuchcinski.pl\/#\/schema\/person\/6f62700996b4d950b6ea2d1183b6c6be","name":"admin","image":{"@type":"ImageObject","inLanguage":"cs","@id":"https:\/\/marekkuchcinski.pl\/#\/schema\/person\/image\/","url":"https:\/\/secure.gravatar.com\/avatar\/4bab693b9d55c3d6b52c0296a8765085?s=96&d=mm&r=g","contentUrl":"https:\/\/secure.gravatar.com\/avatar\/4bab693b9d55c3d6b52c0296a8765085?s=96&d=mm&r=g","caption":"admin"},"url":"https:\/\/marekkuchcinski.pl\/cs\/author\/marta-olejnik\/"}]}},"_links":{"self":[{"href":"https:\/\/marekkuchcinski.pl\/cs\/wp-json\/wp\/v2\/posts\/17393","targetHints":{"allow":["GET"]}}],"collection":[{"href":"https:\/\/marekkuchcinski.pl\/cs\/wp-json\/wp\/v2\/posts"}],"about":[{"href":"https:\/\/marekkuchcinski.pl\/cs\/wp-json\/wp\/v2\/types\/post"}],"author":[{"embeddable":true,"href":"https:\/\/marekkuchcinski.pl\/cs\/wp-json\/wp\/v2\/users\/6"}],"replies":[{"embeddable":true,"href":"https:\/\/marekkuchcinski.pl\/cs\/wp-json\/wp\/v2\/comments?post=17393"}],"version-history":[{"count":1,"href":"https:\/\/marekkuchcinski.pl\/cs\/wp-json\/wp\/v2\/posts\/17393\/revisions"}],"predecessor-version":[{"id":17396,"href":"https:\/\/marekkuchcinski.pl\/cs\/wp-json\/wp\/v2\/posts\/17393\/revisions\/17396"}],"wp:featuredmedia":[{"embeddable":true,"href":"https:\/\/marekkuchcinski.pl\/cs\/wp-json\/wp\/v2\/media\/17394"}],"wp:attachment":[{"href":"https:\/\/marekkuchcinski.pl\/cs\/wp-json\/wp\/v2\/media?parent=17393"}],"wp:term":[{"taxonomy":"category","embeddable":true,"href":"https:\/\/marekkuchcinski.pl\/cs\/wp-json\/wp\/v2\/categories?post=17393"},{"taxonomy":"post_tag","embeddable":true,"href":"https:\/\/marekkuchcinski.pl\/cs\/wp-json\/wp\/v2\/tags?post=17393"}],"curies":[{"name":"wp","href":"https:\/\/api.w.org\/{rel}","templated":true}]}}