{"id":17225,"date":"2019-07-17T00:03:49","date_gmt":"2019-07-16T22:03:49","guid":{"rendered":"https:\/\/marekkuchcinski.pl\/?p=17225"},"modified":"2019-07-17T00:05:34","modified_gmt":"2019-07-16T22:05:34","slug":"razem-mozemy-zdzialac-wiecej-prezydent-litwy-z-wizyta-w-sejmie","status":"publish","type":"post","link":"https:\/\/marekkuchcinski.pl\/cs\/wydarzenia\/razem-mozemy-zdzialac-wiecej-prezydent-litwy-z-wizyta-w-sejmie\/","title":{"rendered":"\"Spole\u010dn\u011b dok\u00e1\u017eeme v\u00edc\". Litevsk\u00fd prezident nav\u0161t\u00edvil Seimas"},"content":{"rendered":"<p>V \u00fater\u00fd 16. \u010dervence jednal p\u0159edseda Sejmu Marek Kuchci\u0144ski s litevsk\u00fdm prezidentem Gitanasem Naus\u011bdou, kter\u00fd p\u0159ijel do Polska na svou prvn\u00ed ofici\u00e1ln\u00ed zahrani\u010dn\u00ed n\u00e1v\u0161t\u011bvu po n\u00e1stupu do funkce. Setk\u00e1n\u00ed se z\u00fa\u010dastnili tak\u00e9 Grzegorz Janik, poslanec, m\u00edstop\u0159edseda polsko-litevsk\u00e9 parlamentn\u00ed skupiny, a Agnieszka Kaczmarska, vedouc\u00ed Kancel\u00e1\u0159e Sejmu.<\/p>\n\n\n\n<p>P\u0159edseda Seimasu p\u0159iv\u00edtal litevsk\u00e9ho prezidenta, poblahop\u0159\u00e1l mu k v\u00edt\u011bzstv\u00ed ve volb\u00e1ch a poznamenal, \u017ee Var\u0161ava a Vilnius maj\u00ed ambici\u00f3zn\u00ed pl\u00e1ny na pos\u00edlen\u00ed vz\u00e1jemn\u00e9 spolupr\u00e1ce v nadch\u00e1zej\u00edc\u00edch letech.<\/p>\n\n\n\n<p>Jedn\u00edm z hlavn\u00edch t\u00e9mat jedn\u00e1n\u00ed byla spolupr\u00e1ce mezi ob\u011bma zem\u011bmi na parlamentn\u00ed \u00farovni. Politici jednali tak\u00e9 o spolupr\u00e1ci v r\u00e1mci Evropsk\u00e9 unie a p\u0159ipomn\u011bli nov\u00fd rozpo\u010dtov\u00fd v\u00fdhled. Mezi diskutovan\u00fdmi t\u00e9maty byla tak\u00e9 infrastruktura regionu a pos\u00edlen\u00ed dopravn\u00edho spojen\u00ed mezi Polskem a Litvou. V t\u00e9to souvislosti Marek Kuchci\u0144ski a Gitanas Naus\u0117da diskutovali o projektech Via Carpatia, Rail Baltica a Via Baltica.<\/p>\n\n\n\n<p>P\u0159edseda Seimasu a litevsk\u00fd prezident jednali tak\u00e9 o hospod\u00e1\u0159sk\u00e9, bezpe\u010dnostn\u00ed a obrann\u00e9 spolupr\u00e1ci. Zm\u00edn\u011bno bylo tak\u00e9 450. v\u00fdro\u010d\u00ed Lublinsk\u00e9 unie, kter\u00e9 se letos slav\u00ed. - Douf\u00e1me, \u017ee se na\u0161e spolupr\u00e1ce bude rozv\u00edjet st\u00e1le dynami\u010dt\u011bji ku prosp\u011bchu Litvy, Polska a cel\u00e9 Evropy - zd\u016fraznil p\u0159edseda Sejmu.<\/p>\n\n\n\n<p>CIS<\/p>\n\n\n\n<p>Foto: Marta Marchlewska<\/p>\n\n\n\n<figure class=\"wp-block-image\"><img fetchpriority=\"high\" decoding=\"async\" width=\"800\" height=\"533\" src=\"https:\/\/marekkuchcinski.pl\/wp-content\/uploads\/2019\/07\/MMA_0146-OK.view_.jpg\" alt=\"\" class=\"wp-image-17226\" srcset=\"https:\/\/marekkuchcinski.pl\/wp-content\/uploads\/2019\/07\/MMA_0146-OK.view_.jpg 800w, https:\/\/marekkuchcinski.pl\/wp-content\/uploads\/2019\/07\/MMA_0146-OK.view_-300x200.jpg 300w, https:\/\/marekkuchcinski.pl\/wp-content\/uploads\/2019\/07\/MMA_0146-OK.view_-768x512.jpg 768w\" sizes=\"(max-width: 800px) 100vw, 800px\" \/><\/figure>\n\n\n\n<figure class=\"wp-block-image\"><img decoding=\"async\" width=\"800\" height=\"534\" src=\"https:\/\/marekkuchcinski.pl\/wp-content\/uploads\/2019\/07\/MMA_0169.view_.jpg\" alt=\"\" class=\"wp-image-17227\" srcset=\"https:\/\/marekkuchcinski.pl\/wp-content\/uploads\/2019\/07\/MMA_0169.view_.jpg 800w, https:\/\/marekkuchcinski.pl\/wp-content\/uploads\/2019\/07\/MMA_0169.view_-300x200.jpg 300w, https:\/\/marekkuchcinski.pl\/wp-content\/uploads\/2019\/07\/MMA_0169.view_-768x513.jpg 768w\" sizes=\"(max-width: 800px) 100vw, 800px\" \/><\/figure>","protected":false},"excerpt":{"rendered":"<p>Marsza\u0142ek Sejmu Marek Kuchci\u0144ski rozmawia\u0142 we wtorek 16 lipca z prezydentem Litwy Gitanasem Naus\u0117d\u0105, kt\u00f3ry przyby\u0142 do Polski z pierwsz\u0105 oficjaln\u0105 wizyt\u0105 zagraniczn\u0105 po obj\u0119ciu urz\u0119du. W spotkaniu uczestniczyli tak\u017ce pose\u0142 Grzegorz Janik, wiceprzewodnicz\u0105cy Polsko-Litewskiej Grupy Parlamentarnej oraz Agnieszka Kaczmarska, szefowa Kancelarii Sejmu. Witaj\u0105c prezydenta Litwy, Marsza\u0142ek Sejmu pogratulowa\u0142 zwyci\u0119stwa w wyborach i zauwa\u017cy\u0142, \u017ce [&hellip;]<\/p>","protected":false},"author":6,"featured_media":17226,"comment_status":"open","ping_status":"open","sticky":false,"template":"","format":"standard","meta":{"ngg_post_thumbnail":0,"footnotes":""},"categories":[81,50,3],"tags":[],"class_list":["post-17225","post","type-post","status-publish","format-standard","has-post-thumbnail","hentry","category-wiesci-z-sejmu","category-wspolpraca-miedzynarodowa","category-wydarzenia"],"yoast_head":"<!-- This site is optimized with the Yoast SEO plugin v24.7 - https:\/\/yoast.com\/wordpress\/plugins\/seo\/ -->\n<title>\u201eRazem mo\u017cemy zdzia\u0142a\u0107 wi\u0119cej\u201d. Prezydent Litwy z wizyt\u0105 w Sejmie &#8211; Marek Kuchci\u0144ski<\/title>\n<meta name=\"robots\" content=\"index, follow, max-snippet:-1, max-image-preview:large, max-video-preview:-1\" \/>\n<link rel=\"canonical\" href=\"https:\/\/marekkuchcinski.pl\/cs\/wydarzenia\/razem-mozemy-zdzialac-wiecej-prezydent-litwy-z-wizyta-w-sejmie\/\" \/>\n<meta property=\"og:locale\" content=\"cs_CZ\" \/>\n<meta property=\"og:type\" content=\"article\" \/>\n<meta property=\"og:title\" content=\"\u201eRazem mo\u017cemy zdzia\u0142a\u0107 wi\u0119cej\u201d. Prezydent Litwy z wizyt\u0105 w Sejmie &#8211; Marek Kuchci\u0144ski\" \/>\n<meta property=\"og:description\" content=\"Marsza\u0142ek Sejmu Marek Kuchci\u0144ski rozmawia\u0142 we wtorek 16 lipca z prezydentem Litwy Gitanasem Naus\u0117d\u0105, kt\u00f3ry przyby\u0142 do Polski z pierwsz\u0105 oficjaln\u0105 wizyt\u0105 zagraniczn\u0105 po obj\u0119ciu urz\u0119du. W spotkaniu uczestniczyli tak\u017ce pose\u0142 Grzegorz Janik, wiceprzewodnicz\u0105cy Polsko-Litewskiej Grupy Parlamentarnej oraz Agnieszka Kaczmarska, szefowa Kancelarii Sejmu. Witaj\u0105c prezydenta Litwy, Marsza\u0142ek Sejmu pogratulowa\u0142 zwyci\u0119stwa w wyborach i zauwa\u017cy\u0142, \u017ce [&hellip;]\" \/>\n<meta property=\"og:url\" content=\"https:\/\/marekkuchcinski.pl\/cs\/wydarzenia\/razem-mozemy-zdzialac-wiecej-prezydent-litwy-z-wizyta-w-sejmie\/\" \/>\n<meta property=\"og:site_name\" content=\"Marek Kuchci\u0144ski\" \/>\n<meta property=\"article:published_time\" content=\"2019-07-16T22:03:49+00:00\" \/>\n<meta property=\"article:modified_time\" content=\"2019-07-16T22:05:34+00:00\" \/>\n<meta property=\"og:image\" content=\"https:\/\/marekkuchcinski.pl\/wp-content\/uploads\/2019\/07\/MMA_0146-OK.view_.jpg\" \/>\n\t<meta property=\"og:image:width\" content=\"800\" \/>\n\t<meta property=\"og:image:height\" content=\"533\" \/>\n\t<meta property=\"og:image:type\" content=\"image\/jpeg\" \/>\n<meta name=\"author\" content=\"admin\" \/>\n<meta name=\"twitter:card\" content=\"summary_large_image\" \/>\n<meta name=\"twitter:label1\" content=\"Napsal(a)\" \/>\n\t<meta name=\"twitter:data1\" content=\"admin\" \/>\n\t<meta name=\"twitter:label2\" content=\"Odhadovan\u00e1 doba \u010dten\u00ed\" \/>\n\t<meta name=\"twitter:data2\" content=\"1 minuta\" \/>\n<script type=\"application\/ld+json\" class=\"yoast-schema-graph\">{\"@context\":\"https:\/\/schema.org\",\"@graph\":[{\"@type\":\"Article\",\"@id\":\"https:\/\/marekkuchcinski.pl\/wydarzenia\/razem-mozemy-zdzialac-wiecej-prezydent-litwy-z-wizyta-w-sejmie\/#article\",\"isPartOf\":{\"@id\":\"https:\/\/marekkuchcinski.pl\/wydarzenia\/razem-mozemy-zdzialac-wiecej-prezydent-litwy-z-wizyta-w-sejmie\/\"},\"author\":{\"name\":\"admin\",\"@id\":\"https:\/\/marekkuchcinski.pl\/#\/schema\/person\/6f62700996b4d950b6ea2d1183b6c6be\"},\"headline\":\"\u201eRazem mo\u017cemy zdzia\u0142a\u0107 wi\u0119cej\u201d. Prezydent Litwy z wizyt\u0105 w Sejmie\",\"datePublished\":\"2019-07-16T22:03:49+00:00\",\"dateModified\":\"2019-07-16T22:05:34+00:00\",\"mainEntityOfPage\":{\"@id\":\"https:\/\/marekkuchcinski.pl\/wydarzenia\/razem-mozemy-zdzialac-wiecej-prezydent-litwy-z-wizyta-w-sejmie\/\"},\"wordCount\":232,\"commentCount\":0,\"publisher\":{\"@id\":\"https:\/\/marekkuchcinski.pl\/#organization\"},\"image\":{\"@id\":\"https:\/\/marekkuchcinski.pl\/wydarzenia\/razem-mozemy-zdzialac-wiecej-prezydent-litwy-z-wizyta-w-sejmie\/#primaryimage\"},\"thumbnailUrl\":\"https:\/\/marekkuchcinski.pl\/wp-content\/uploads\/2019\/07\/MMA_0146-OK.view_.jpg\",\"articleSection\":[\"Wie\u015bci z Sejmu\",\"Wsp\u00f3\u0142praca mi\u0119dzynarodowa\",\"Wydarzenia\"],\"inLanguage\":\"cs\",\"potentialAction\":[{\"@type\":\"CommentAction\",\"name\":\"Comment\",\"target\":[\"https:\/\/marekkuchcinski.pl\/wydarzenia\/razem-mozemy-zdzialac-wiecej-prezydent-litwy-z-wizyta-w-sejmie\/#respond\"]}]},{\"@type\":\"WebPage\",\"@id\":\"https:\/\/marekkuchcinski.pl\/wydarzenia\/razem-mozemy-zdzialac-wiecej-prezydent-litwy-z-wizyta-w-sejmie\/\",\"url\":\"https:\/\/marekkuchcinski.pl\/wydarzenia\/razem-mozemy-zdzialac-wiecej-prezydent-litwy-z-wizyta-w-sejmie\/\",\"name\":\"\u201eRazem mo\u017cemy zdzia\u0142a\u0107 wi\u0119cej\u201d. Prezydent Litwy z wizyt\u0105 w Sejmie &#8211; Marek Kuchci\u0144ski\",\"isPartOf\":{\"@id\":\"https:\/\/marekkuchcinski.pl\/#website\"},\"primaryImageOfPage\":{\"@id\":\"https:\/\/marekkuchcinski.pl\/wydarzenia\/razem-mozemy-zdzialac-wiecej-prezydent-litwy-z-wizyta-w-sejmie\/#primaryimage\"},\"image\":{\"@id\":\"https:\/\/marekkuchcinski.pl\/wydarzenia\/razem-mozemy-zdzialac-wiecej-prezydent-litwy-z-wizyta-w-sejmie\/#primaryimage\"},\"thumbnailUrl\":\"https:\/\/marekkuchcinski.pl\/wp-content\/uploads\/2019\/07\/MMA_0146-OK.view_.jpg\",\"datePublished\":\"2019-07-16T22:03:49+00:00\",\"dateModified\":\"2019-07-16T22:05:34+00:00\",\"breadcrumb\":{\"@id\":\"https:\/\/marekkuchcinski.pl\/wydarzenia\/razem-mozemy-zdzialac-wiecej-prezydent-litwy-z-wizyta-w-sejmie\/#breadcrumb\"},\"inLanguage\":\"cs\",\"potentialAction\":[{\"@type\":\"ReadAction\",\"target\":[\"https:\/\/marekkuchcinski.pl\/wydarzenia\/razem-mozemy-zdzialac-wiecej-prezydent-litwy-z-wizyta-w-sejmie\/\"]}]},{\"@type\":\"ImageObject\",\"inLanguage\":\"cs\",\"@id\":\"https:\/\/marekkuchcinski.pl\/wydarzenia\/razem-mozemy-zdzialac-wiecej-prezydent-litwy-z-wizyta-w-sejmie\/#primaryimage\",\"url\":\"https:\/\/marekkuchcinski.pl\/wp-content\/uploads\/2019\/07\/MMA_0146-OK.view_.jpg\",\"contentUrl\":\"https:\/\/marekkuchcinski.pl\/wp-content\/uploads\/2019\/07\/MMA_0146-OK.view_.jpg\",\"width\":800,\"height\":533},{\"@type\":\"BreadcrumbList\",\"@id\":\"https:\/\/marekkuchcinski.pl\/wydarzenia\/razem-mozemy-zdzialac-wiecej-prezydent-litwy-z-wizyta-w-sejmie\/#breadcrumb\",\"itemListElement\":[{\"@type\":\"ListItem\",\"position\":1,\"name\":\"Strona g\u0142\u00f3wna\",\"item\":\"https:\/\/marekkuchcinski.pl\/\"},{\"@type\":\"ListItem\",\"position\":2,\"name\":\"\u201eRazem mo\u017cemy zdzia\u0142a\u0107 wi\u0119cej\u201d. Prezydent Litwy z wizyt\u0105 w Sejmie\"}]},{\"@type\":\"WebSite\",\"@id\":\"https:\/\/marekkuchcinski.pl\/#website\",\"url\":\"https:\/\/marekkuchcinski.pl\/\",\"name\":\"Marek Kuchci\u0144ski\",\"description\":\"Pose\u0142 na sejm RP &ndash; okr\u0119g nr 22\",\"publisher\":{\"@id\":\"https:\/\/marekkuchcinski.pl\/#organization\"},\"potentialAction\":[{\"@type\":\"SearchAction\",\"target\":{\"@type\":\"EntryPoint\",\"urlTemplate\":\"https:\/\/marekkuchcinski.pl\/?s={search_term_string}\"},\"query-input\":{\"@type\":\"PropertyValueSpecification\",\"valueRequired\":true,\"valueName\":\"search_term_string\"}}],\"inLanguage\":\"cs\"},{\"@type\":\"Organization\",\"@id\":\"https:\/\/marekkuchcinski.pl\/#organization\",\"name\":\"Marek Kuchci\u0144ski\",\"url\":\"https:\/\/marekkuchcinski.pl\/\",\"logo\":{\"@type\":\"ImageObject\",\"inLanguage\":\"cs\",\"@id\":\"https:\/\/marekkuchcinski.pl\/#\/schema\/logo\/image\/\",\"url\":\"https:\/\/marekkuchcinski.pl\/wp-content\/uploads\/2022\/09\/Marek.jpg\",\"contentUrl\":\"https:\/\/marekkuchcinski.pl\/wp-content\/uploads\/2022\/09\/Marek.jpg\",\"width\":1600,\"height\":971,\"caption\":\"Marek Kuchci\u0144ski\"},\"image\":{\"@id\":\"https:\/\/marekkuchcinski.pl\/#\/schema\/logo\/image\/\"}},{\"@type\":\"Person\",\"@id\":\"https:\/\/marekkuchcinski.pl\/#\/schema\/person\/6f62700996b4d950b6ea2d1183b6c6be\",\"name\":\"admin\",\"image\":{\"@type\":\"ImageObject\",\"inLanguage\":\"cs\",\"@id\":\"https:\/\/marekkuchcinski.pl\/#\/schema\/person\/image\/\",\"url\":\"https:\/\/secure.gravatar.com\/avatar\/4bab693b9d55c3d6b52c0296a8765085?s=96&d=mm&r=g\",\"contentUrl\":\"https:\/\/secure.gravatar.com\/avatar\/4bab693b9d55c3d6b52c0296a8765085?s=96&d=mm&r=g\",\"caption\":\"admin\"},\"url\":\"https:\/\/marekkuchcinski.pl\/cs\/author\/marta-olejnik\/\"}]}<\/script>\n<!-- \/ Yoast SEO plugin. -->","yoast_head_json":{"title":"\u201eRazem mo\u017cemy zdzia\u0142a\u0107 wi\u0119cej\u201d. Prezydent Litwy z wizyt\u0105 w Sejmie &#8211; Marek Kuchci\u0144ski","robots":{"index":"index","follow":"follow","max-snippet":"max-snippet:-1","max-image-preview":"max-image-preview:large","max-video-preview":"max-video-preview:-1"},"canonical":"https:\/\/marekkuchcinski.pl\/cs\/wydarzenia\/razem-mozemy-zdzialac-wiecej-prezydent-litwy-z-wizyta-w-sejmie\/","og_locale":"cs_CZ","og_type":"article","og_title":"\u201eRazem mo\u017cemy zdzia\u0142a\u0107 wi\u0119cej\u201d. Prezydent Litwy z wizyt\u0105 w Sejmie &#8211; Marek Kuchci\u0144ski","og_description":"Marsza\u0142ek Sejmu Marek Kuchci\u0144ski rozmawia\u0142 we wtorek 16 lipca z prezydentem Litwy Gitanasem Naus\u0117d\u0105, kt\u00f3ry przyby\u0142 do Polski z pierwsz\u0105 oficjaln\u0105 wizyt\u0105 zagraniczn\u0105 po obj\u0119ciu urz\u0119du. W spotkaniu uczestniczyli tak\u017ce pose\u0142 Grzegorz Janik, wiceprzewodnicz\u0105cy Polsko-Litewskiej Grupy Parlamentarnej oraz Agnieszka Kaczmarska, szefowa Kancelarii Sejmu. Witaj\u0105c prezydenta Litwy, Marsza\u0142ek Sejmu pogratulowa\u0142 zwyci\u0119stwa w wyborach i zauwa\u017cy\u0142, \u017ce [&hellip;]","og_url":"https:\/\/marekkuchcinski.pl\/cs\/wydarzenia\/razem-mozemy-zdzialac-wiecej-prezydent-litwy-z-wizyta-w-sejmie\/","og_site_name":"Marek Kuchci\u0144ski","article_published_time":"2019-07-16T22:03:49+00:00","article_modified_time":"2019-07-16T22:05:34+00:00","og_image":[{"width":800,"height":533,"url":"https:\/\/marekkuchcinski.pl\/wp-content\/uploads\/2019\/07\/MMA_0146-OK.view_.jpg","type":"image\/jpeg"}],"author":"admin","twitter_card":"summary_large_image","twitter_misc":{"Napsal(a)":"admin","Odhadovan\u00e1 doba \u010dten\u00ed":"1 minuta"},"schema":{"@context":"https:\/\/schema.org","@graph":[{"@type":"Article","@id":"https:\/\/marekkuchcinski.pl\/wydarzenia\/razem-mozemy-zdzialac-wiecej-prezydent-litwy-z-wizyta-w-sejmie\/#article","isPartOf":{"@id":"https:\/\/marekkuchcinski.pl\/wydarzenia\/razem-mozemy-zdzialac-wiecej-prezydent-litwy-z-wizyta-w-sejmie\/"},"author":{"name":"admin","@id":"https:\/\/marekkuchcinski.pl\/#\/schema\/person\/6f62700996b4d950b6ea2d1183b6c6be"},"headline":"\u201eRazem mo\u017cemy zdzia\u0142a\u0107 wi\u0119cej\u201d. Prezydent Litwy z wizyt\u0105 w Sejmie","datePublished":"2019-07-16T22:03:49+00:00","dateModified":"2019-07-16T22:05:34+00:00","mainEntityOfPage":{"@id":"https:\/\/marekkuchcinski.pl\/wydarzenia\/razem-mozemy-zdzialac-wiecej-prezydent-litwy-z-wizyta-w-sejmie\/"},"wordCount":232,"commentCount":0,"publisher":{"@id":"https:\/\/marekkuchcinski.pl\/#organization"},"image":{"@id":"https:\/\/marekkuchcinski.pl\/wydarzenia\/razem-mozemy-zdzialac-wiecej-prezydent-litwy-z-wizyta-w-sejmie\/#primaryimage"},"thumbnailUrl":"https:\/\/marekkuchcinski.pl\/wp-content\/uploads\/2019\/07\/MMA_0146-OK.view_.jpg","articleSection":["Wie\u015bci z Sejmu","Wsp\u00f3\u0142praca mi\u0119dzynarodowa","Wydarzenia"],"inLanguage":"cs","potentialAction":[{"@type":"CommentAction","name":"Comment","target":["https:\/\/marekkuchcinski.pl\/wydarzenia\/razem-mozemy-zdzialac-wiecej-prezydent-litwy-z-wizyta-w-sejmie\/#respond"]}]},{"@type":"WebPage","@id":"https:\/\/marekkuchcinski.pl\/wydarzenia\/razem-mozemy-zdzialac-wiecej-prezydent-litwy-z-wizyta-w-sejmie\/","url":"https:\/\/marekkuchcinski.pl\/wydarzenia\/razem-mozemy-zdzialac-wiecej-prezydent-litwy-z-wizyta-w-sejmie\/","name":"\u201eRazem mo\u017cemy zdzia\u0142a\u0107 wi\u0119cej\u201d. Prezydent Litwy z wizyt\u0105 w Sejmie &#8211; Marek Kuchci\u0144ski","isPartOf":{"@id":"https:\/\/marekkuchcinski.pl\/#website"},"primaryImageOfPage":{"@id":"https:\/\/marekkuchcinski.pl\/wydarzenia\/razem-mozemy-zdzialac-wiecej-prezydent-litwy-z-wizyta-w-sejmie\/#primaryimage"},"image":{"@id":"https:\/\/marekkuchcinski.pl\/wydarzenia\/razem-mozemy-zdzialac-wiecej-prezydent-litwy-z-wizyta-w-sejmie\/#primaryimage"},"thumbnailUrl":"https:\/\/marekkuchcinski.pl\/wp-content\/uploads\/2019\/07\/MMA_0146-OK.view_.jpg","datePublished":"2019-07-16T22:03:49+00:00","dateModified":"2019-07-16T22:05:34+00:00","breadcrumb":{"@id":"https:\/\/marekkuchcinski.pl\/wydarzenia\/razem-mozemy-zdzialac-wiecej-prezydent-litwy-z-wizyta-w-sejmie\/#breadcrumb"},"inLanguage":"cs","potentialAction":[{"@type":"ReadAction","target":["https:\/\/marekkuchcinski.pl\/wydarzenia\/razem-mozemy-zdzialac-wiecej-prezydent-litwy-z-wizyta-w-sejmie\/"]}]},{"@type":"ImageObject","inLanguage":"cs","@id":"https:\/\/marekkuchcinski.pl\/wydarzenia\/razem-mozemy-zdzialac-wiecej-prezydent-litwy-z-wizyta-w-sejmie\/#primaryimage","url":"https:\/\/marekkuchcinski.pl\/wp-content\/uploads\/2019\/07\/MMA_0146-OK.view_.jpg","contentUrl":"https:\/\/marekkuchcinski.pl\/wp-content\/uploads\/2019\/07\/MMA_0146-OK.view_.jpg","width":800,"height":533},{"@type":"BreadcrumbList","@id":"https:\/\/marekkuchcinski.pl\/wydarzenia\/razem-mozemy-zdzialac-wiecej-prezydent-litwy-z-wizyta-w-sejmie\/#breadcrumb","itemListElement":[{"@type":"ListItem","position":1,"name":"Strona g\u0142\u00f3wna","item":"https:\/\/marekkuchcinski.pl\/"},{"@type":"ListItem","position":2,"name":"\u201eRazem mo\u017cemy zdzia\u0142a\u0107 wi\u0119cej\u201d. Prezydent Litwy z wizyt\u0105 w Sejmie"}]},{"@type":"WebSite","@id":"https:\/\/marekkuchcinski.pl\/#website","url":"https:\/\/marekkuchcinski.pl\/","name":"Marek Kuchci\u0144ski","description":"Pose\u0142 na sejm RP &ndash; okr\u0119g nr 22","publisher":{"@id":"https:\/\/marekkuchcinski.pl\/#organization"},"potentialAction":[{"@type":"SearchAction","target":{"@type":"EntryPoint","urlTemplate":"https:\/\/marekkuchcinski.pl\/?s={search_term_string}"},"query-input":{"@type":"PropertyValueSpecification","valueRequired":true,"valueName":"search_term_string"}}],"inLanguage":"cs"},{"@type":"Organization","@id":"https:\/\/marekkuchcinski.pl\/#organization","name":"Marek Kuchci\u0144ski","url":"https:\/\/marekkuchcinski.pl\/","logo":{"@type":"ImageObject","inLanguage":"cs","@id":"https:\/\/marekkuchcinski.pl\/#\/schema\/logo\/image\/","url":"https:\/\/marekkuchcinski.pl\/wp-content\/uploads\/2022\/09\/Marek.jpg","contentUrl":"https:\/\/marekkuchcinski.pl\/wp-content\/uploads\/2022\/09\/Marek.jpg","width":1600,"height":971,"caption":"Marek Kuchci\u0144ski"},"image":{"@id":"https:\/\/marekkuchcinski.pl\/#\/schema\/logo\/image\/"}},{"@type":"Person","@id":"https:\/\/marekkuchcinski.pl\/#\/schema\/person\/6f62700996b4d950b6ea2d1183b6c6be","name":"admin","image":{"@type":"ImageObject","inLanguage":"cs","@id":"https:\/\/marekkuchcinski.pl\/#\/schema\/person\/image\/","url":"https:\/\/secure.gravatar.com\/avatar\/4bab693b9d55c3d6b52c0296a8765085?s=96&d=mm&r=g","contentUrl":"https:\/\/secure.gravatar.com\/avatar\/4bab693b9d55c3d6b52c0296a8765085?s=96&d=mm&r=g","caption":"admin"},"url":"https:\/\/marekkuchcinski.pl\/cs\/author\/marta-olejnik\/"}]}},"_links":{"self":[{"href":"https:\/\/marekkuchcinski.pl\/cs\/wp-json\/wp\/v2\/posts\/17225","targetHints":{"allow":["GET"]}}],"collection":[{"href":"https:\/\/marekkuchcinski.pl\/cs\/wp-json\/wp\/v2\/posts"}],"about":[{"href":"https:\/\/marekkuchcinski.pl\/cs\/wp-json\/wp\/v2\/types\/post"}],"author":[{"embeddable":true,"href":"https:\/\/marekkuchcinski.pl\/cs\/wp-json\/wp\/v2\/users\/6"}],"replies":[{"embeddable":true,"href":"https:\/\/marekkuchcinski.pl\/cs\/wp-json\/wp\/v2\/comments?post=17225"}],"version-history":[{"count":2,"href":"https:\/\/marekkuchcinski.pl\/cs\/wp-json\/wp\/v2\/posts\/17225\/revisions"}],"predecessor-version":[{"id":17229,"href":"https:\/\/marekkuchcinski.pl\/cs\/wp-json\/wp\/v2\/posts\/17225\/revisions\/17229"}],"wp:featuredmedia":[{"embeddable":true,"href":"https:\/\/marekkuchcinski.pl\/cs\/wp-json\/wp\/v2\/media\/17226"}],"wp:attachment":[{"href":"https:\/\/marekkuchcinski.pl\/cs\/wp-json\/wp\/v2\/media?parent=17225"}],"wp:term":[{"taxonomy":"category","embeddable":true,"href":"https:\/\/marekkuchcinski.pl\/cs\/wp-json\/wp\/v2\/categories?post=17225"},{"taxonomy":"post_tag","embeddable":true,"href":"https:\/\/marekkuchcinski.pl\/cs\/wp-json\/wp\/v2\/tags?post=17225"}],"curies":[{"name":"wp","href":"https:\/\/api.w.org\/{rel}","templated":true}]}}