{"id":16552,"date":"2019-06-28T19:18:58","date_gmt":"2019-06-28T17:18:58","guid":{"rendered":"https:\/\/marekkuchcinski.pl\/?p=16552"},"modified":"2019-07-02T20:43:26","modified_gmt":"2019-07-02T18:43:26","slug":"poprad-spotkanie-przewodniczacych-parlamentow-grupy-wyszehradzkiej","status":"publish","type":"post","link":"https:\/\/marekkuchcinski.pl\/cs\/wydarzenia\/poprad-spotkanie-przewodniczacych-parlamentow-grupy-wyszehradzkiej\/","title":{"rendered":"Poprad: Setk\u00e1n\u00ed p\u0159edsed\u016f visegr\u00e1dsk\u00fdch parlament\u016f"},"content":{"rendered":"<p>Jsem pro budoucnost a budov\u00e1n\u00ed budoucnosti EU na z\u00e1klad\u011b Evropy vlast\u00ed, solidarity a suver\u00e9nn\u00edch st\u00e1t\u016f. Pro n\u00e1s, zem\u011b, kter\u00e9 posledn\u00edch 30 let teprve obnovuj\u00ed sv\u00e9 vlasteneck\u00e9 pov\u011bdom\u00ed, to m\u00e1 velk\u00fd v\u00fdznam,\" \u0159ekl p\u0159edseda Sejmu Marek Kuchci\u0144ski b\u011bhem setk\u00e1n\u00ed (27. \u010dervna) p\u0159edsed\u016f parlament\u016f zem\u00ed Visegr\u00e1dsk\u00e9 skupiny ve slovensk\u00e9m Popradu. Politici z Polska, \u010cesk\u00e9 republiky, Slovenska a Ma\u010farska diskutovali o budoucnosti EU v souvislosti s ned\u00e1vn\u00fdmi volbami do Evropsk\u00e9ho parlamentu a shrnuli slovensk\u00e9 p\u0159edsednictv\u00ed Visegr\u00e1dsk\u00e9 \u010dty\u0159ky. Od 1. \u010dervence bude Praha ur\u010dovat sm\u011br \u010dinnosti V4. - Budu podporovat Visegr\u00e1dskou skupinu, aby vystupovala jednotn\u011b, a to i v parlamentn\u00ed dimenzi - \u0159ekl mar\u0161\u00e1l Kuchci\u0144ski p\u0159ed setk\u00e1n\u00edm v Popradu. Zd\u016fraznil tak\u00e9, \u017ee pokud Visegr\u00e1dsk\u00e1 skupina jedn\u00e1 spole\u010dn\u011b, \"vytv\u00e1\u0159\u00ed jednotu a s\u00edlu\". Dodal, \u017ee s hlasem skupiny V4 se po\u010d\u00edt\u00e1 a je sly\u0161et v cel\u00e9 Evropsk\u00e9 unii a \u017ee Visegr\u00e1d je p\u0159\u00edkladem pro ostatn\u00ed.<\/p>\n\n\n\n<p>B\u011bhem setk\u00e1n\u00ed p\u0159edsed\u016f Marek Kuchci\u0144ski uvedl, \u017ee Visegr\u00e1dsk\u00e1 skupina ve sv\u00e9 parlamentn\u00ed dimenzi vytv\u00e1\u0159\u00ed z\u00e1klad pro u\u017e\u0161\u00ed spolupr\u00e1ci a p\u0159ipojuje se tak k budov\u00e1n\u00ed lep\u0161\u00ed spolupr\u00e1ce st\u00e1t\u016f v r\u00e1mci Evropsk\u00e9 unie. Pouk\u00e1zal tak\u00e9 na to, \u017ee vysok\u00e1 \u00fa\u010dast ve volb\u00e1ch do EP pos\u00edlila mand\u00e1t poslanc\u016f ze zem\u00ed V4, co\u017e jim d\u00e1v\u00e1 v\u011bt\u0161\u00ed pr\u00e1vo po\u017eadovat nezbytn\u00e9 korekce ve fungov\u00e1n\u00ed a fungov\u00e1n\u00ed Unie.<\/p>\n\n\n\n<p>- To souvis\u00ed s pot\u0159ebou prezentovat jasn\u00e9 stanovisko. Bylo by vhodn\u00e9, abychom jako Visegr\u00e1dsk\u00e1 skupina zaujali je\u0161t\u011b u\u017e\u0161\u00ed postoj nejen k z\u00e1kladn\u00edm ot\u00e1zk\u00e1m, kter\u00e9 n\u00e1s spojuj\u00ed,\" poznamenal mar\u0161\u00e1l Kuchci\u0144ski. V tomto ohledu souhlasil s p\u0159edsedou ma\u010farsk\u00e9ho parlamentu Laszlo K\u00f6v\u00e9rem, kter\u00fd vyzval, aby skupina byla p\u0159i volb\u011b nejd\u016fle\u017eit\u011bj\u0161\u00edch pozic v EU jednomysln\u00e1.<\/p>\n\n\n\n<p>N\u00e1m\u011bstek mar\u0161\u00e1la Micha\u0142 Sewery\u0144ski, kter\u00fd zastupoval Sen\u00e1t, pouk\u00e1zal na to, \u017ee v\u00fdsledky voleb do Evropsk\u00e9ho parlamentu uk\u00e1zaly, \u017ee mand\u00e1t z\u00edskaly strany, kter\u00e9 cht\u011bj\u00ed zm\u011bnu, a nikoli pokra\u010dov\u00e1n\u00ed st\u00e1vaj\u00edc\u00ed politiky. D\u00edky tomu se v Evropsk\u00e9 unii m\u016f\u017ee vr\u00e1tit debata o budoucnosti Spole\u010denstv\u00ed. Hostitel setk\u00e1n\u00ed v Popradu, p\u0159edseda N\u00e1rodn\u00ed rady Andrej Danko, zd\u016fraznil v\u00fdznam parlamentn\u00ed spolupr\u00e1ce zem\u00ed Visegr\u00e1dsk\u00e9 skupiny, zejm\u00e9na v ot\u00e1zk\u00e1ch t\u00fdkaj\u00edc\u00edch se EU. P\u0159edlo\u017eil n\u00e1vrh na zaveden\u00ed pravideln\u00fdch sch\u016fzek poslanc\u016f.<\/p>\n\n\n\n<p>P\u0159edseda \u010desk\u00e9 Poslaneck\u00e9 sn\u011bmovny Radek Vondr\u00e1\u010dek zase poznamenal, \u017ee se zem\u00edm V4 poda\u0159ilo uk\u00e1zat sv\u00fdm partner\u016fm v Unii, \u017ee zem\u011b Visegr\u00e1du jsou konstruktivn\u00ed a \u017ee maj\u00ed vizi, kter\u00e1 m\u016f\u017ee evropsk\u00e9mu spole\u010denstv\u00ed pomoci. Spolupr\u00e1ci v r\u00e1mci skupiny hodnotil velmi dob\u0159e. - M\u011bli bychom spolupracovat v r\u00e1mci voleb kandid\u00e1t\u016f na nejd\u016fle\u017eit\u011bj\u0161\u00ed posty v Evropsk\u00e9 unii - \u0159ekl Radek Vondraczek. Jeho n\u00e1zor sd\u00edlel i p\u0159edseda ma\u010farsk\u00e9ho N\u00e1rodn\u00edho shrom\u00e1\u017ed\u011bn\u00ed, kter\u00fd zd\u016fraznil, \u017ee skupina V4 by m\u011bla p\u0159i volb\u00e1ch do nejd\u016fle\u017eit\u011bj\u0161\u00edch funkc\u00ed v EU \u00fazce spolupracovat. Zd\u016fraznil, \u017ee probl\u00e9my \u0159e\u0161\u00ed na\u0161e zem\u011b a \u017ee zdrojem probl\u00e9m\u016f jsou z\u00e1padoevropsk\u00e9 zem\u011b, kter\u00e9 p\u0159ij\u00edmaj\u00ed neuv\u00e1\u017een\u00e1 rozhodnut\u00ed.<\/p>\n\n\n\n<p>\u00da\u010dastn\u00edci jedn\u00e1n\u00ed vysoce ocenili slovensk\u00e9 p\u0159edsednictv\u00ed V4 a zd\u016fraznili zintenzivn\u011bn\u00ed jedn\u00e1n\u00ed na mnoha \u00farovn\u00edch, v\u010detn\u011b parlamentn\u00ed. \u00dasp\u011bch slovensk\u00e9ho p\u0159edsednictv\u00ed ur\u010dila tak\u00e9 jedn\u00e1n\u00ed v roz\u0161\u00ed\u0159en\u00e9m slo\u017een\u00ed, a to jak se zem\u011bmi Beneluxu, tak s Franci\u00ed a N\u011bmeckem.<\/p>\n\n\n\n<p><strong><em>Projev p\u0159edsedy Sejmu Marka Kuchci\u0144sk\u00e9ho <\/em><\/strong><strong><em>setk\u00e1n\u00ed p\u0159edsed\u016f parlament\u016f V4 <\/em><\/strong><\/p>\n\n\n\n<p><strong><em>Poprad,\n27. \u010dervna 2019.<\/em><\/strong><\/p>\n\n\n\n<p><strong><em>Budoucnost\nEU: Unie po volb\u00e1ch do Evropsk\u00e9ho parlamentu 2019<\/em><\/strong><\/p>\n\n\n\n<p><strong>V\u00e1\u017een\u00fd pane prezidente,<\/strong><\/p>\n\n\n\n<p><strong>D\u00e1my a p\u00e1nov\u00e9,<\/strong><\/p>\n\n\n\n<p><strong>D\u011bkujeme za organizaci\ndal\u0161\u00ed setk\u00e1n\u00ed na\u0161ich delegac\u00ed pod slovensk\u00fdm p\u0159edsednictv\u00edm. Blahop\u0159eji\nsv\u00e9mu kolegovi prezidentovi za velmi, velmi \u00fasp\u011b\u0161n\u00fd rok p\u0159edsednictv\u00ed, ne\nnejen kv\u016fli r\u016fznorodosti setk\u00e1n\u00ed a r\u016fznorodosti m\u00edst, ale tak\u00e9 kv\u016fli\nvzhledem k rozsahu konkr\u00e9tn\u00edch ot\u00e1zek, kter\u00e9 jsme vznesli, co\u017e je pom\u011brn\u011b obt\u00ed\u017en\u00e9.\nsituace, kdy se p\u0159edsednictv\u00ed kon\u00e1 v dob\u011b volebn\u00ed kampan\u011b do Evropsk\u00e9ho parlamentu, v n\u00ed\u017e se tyto\nVolby do Evropsk\u00e9ho parlamentu, kter\u00fdch se tyto zem\u011b \u00fa\u010dastn\u00ed. Byl velmi \u00fasp\u011b\u0161n\u00fd. Zd\u00e1 se mi, \u017ee\nZd\u00e1 se mi, \u017ee jako Visegr\u00e1dsk\u00e1 skupina m\u016f\u017eeme na parlamentn\u00ed \u00farovni sm\u011ble prohl\u00e1sit, \u017ee jsme\nMysl\u00edm, \u017ee jako Visegr\u00e1dsk\u00e1 skupina na parlamentn\u00ed \u00farovni m\u016f\u017eeme sm\u011ble \u0159\u00edci, \u017ee v jist\u00e9m smyslu vytv\u00e1\u0159\u00edme p\u016fdu pro u\u017e\u0161\u00ed spolupr\u00e1ci.\nmezi na\u0161imi zem\u011bmi, a t\u00edm pom\u00e1h\u00e1me vytv\u00e1\u0159et podm\u00ednky pro u\u017e\u0161\u00ed a lep\u0161\u00ed spolupr\u00e1ci.\nT\u00edm tak\u00e9 pokl\u00e1d\u00e1me z\u00e1klady pro u\u017e\u0161\u00ed a lep\u0161\u00ed spolupr\u00e1ci v r\u00e1mci Evropsk\u00e9 unie.\nJsme si v\u011bdomi, \u017ee s t\u00edm je spojeno pom\u011brn\u011b dost probl\u00e9m\u016f.<\/strong><\/p>\n\n\n\n<p><strong>R\u00e1d bych zd\u016fraznil n\u011bkolik bod\u016f\nstru\u010dn\u011b, s odkazem na n\u011bkter\u00e9 z ji\u017e zm\u00edn\u011bn\u00fdch.<\/strong><\/p>\n\n\n\n<p><strong>Za prv\u00e9, z hlediska\nZ pohledu polsk\u00e9ho Sejmu je patrn\u00e1 pom\u011brn\u011b jasn\u00e1 polarizace sil v Evropsk\u00e9 unii. M\u016f\u017eeme\nLze \u0159\u00edci, \u017ee pr\u00e1v\u011b prob\u011bhl\u00e9 volby do Evropsk\u00e9ho parlamentu znamenaj\u00ed ur\u010ditou zm\u011bnu.\nEvropsk\u00e9 volby, kter\u00e9 pr\u00e1v\u011b prob\u011bhly, znamenaj\u00ed ur\u010dit\u00fd nov\u00fd \u0159\u00e1d a z\u00e1rove\u0148 za\u010d\u00e1tek nov\u00e9 situace. Nejen\u017ee je to\nD\u016fvodem je nejen obrovsk\u00e1 \u00fa\u010dast, kter\u00e1 dosud nebyla zaznamen\u00e1na, ale tak\u00e9\nmus\u00edme vz\u00edt v \u00favahu, \u017ee na\u0161e spole\u010dnosti, ob\u010dan\u00e9 na\u0161ich zem\u00ed.\nmnohem v\u00edce zaj\u00edmat o evropsk\u00e9 z\u00e1le\u017eitosti, ale podle m\u00e9ho n\u00e1zoru to tak\u00e9 d\u00e1v\u00e1\nd\u016fvod prohl\u00e1sit, \u017ee n\u00e1\u0161 mand\u00e1t je tak siln\u011bj\u0161\u00ed. \u010c\u00edm vy\u0161\u0161\u00ed\nvolebn\u00ed \u00fa\u010dast, t\u00edm siln\u011bj\u0161\u00ed je mand\u00e1t, tak\u017ee m\u00e1me v\u011bt\u0161\u00ed pr\u00e1vo po\u017eadovat\npodle m\u00e9ho n\u00e1zoru nezbytnou korekci fungov\u00e1n\u00ed a fungov\u00e1n\u00ed Evropsk\u00e9 unie. Tento\nTo s sebou nese pot\u0159ebu prezentovat jasn\u00fd postoj, jasn\u011bj\u0161\u00ed\npozice a - to je druh\u00fd bod - mysl\u00edm, \u017ee by bylo dobr\u00e9, dokonce by to bylo\nBylo by dokonce vhodn\u00e9, abychom jako Visegr\u00e1dsk\u00e1 skupina m\u011bli.\npodobn\u00fd postoj, podobn\u00fd postoj nejen k z\u00e1kladn\u00edm ot\u00e1zk\u00e1m, kter\u00e9 se t\u00fdkaj\u00ed\nnejen v z\u00e1sadn\u00edch ot\u00e1zk\u00e1ch, kter\u00e9 n\u00e1s spojuj\u00ed, jako je migrace nebo bezpe\u010dnostn\u00ed ot\u00e1zky, terorismus atd,\nnebo \u00fasil\u00ed o zachov\u00e1n\u00ed spole\u010dn\u00e9 zem\u011bd\u011blsk\u00e9 politiky nebo politiky soudr\u017enosti, ale\nale tak\u00e9 v dal\u0161\u00edch ot\u00e1zk\u00e1ch. Zde bych cht\u011bl navrhnout, abychom navrhli.\ntak\u00e9 s ohledem na ot\u00e1zku, kterou zm\u00ednil pan Weber a\np\u00e1nov\u00e9, abychom i v t\u00e9to ot\u00e1zce - ot\u00e1zce volby - dr\u017eeli p\u0159i sob\u011b.\nnejv\u00fdznamn\u011bj\u0161\u00edch post\u016f v Evropsk\u00e9 unii. Na\u0161e hlavy st\u00e1t\u016f si vedou docela\nodv\u00e1d\u011bj\u00ed docela dobrou pr\u00e1ci a mysl\u00edm, \u017ee podpora t\u011bchto aktivit by byla z na\u0161\u00ed strany pot\u0159ebn\u00e1.\ntyto \u010dinnosti. Pokud se Visegr\u00e1dsk\u00e1 skupina rozhodne pro jednoho kandid\u00e1ta, jeden pro Evropskou komisi.\nEvropsk\u00e9 komise, dal\u0161\u00ed pro \u0161\u00e9fa Parlamentu a tak d\u00e1le, pak bude\nvelmi velk\u00fd a siln\u011b sly\u0161et hlas, a souhlas\u00edm, \u017ee bychom nem\u011bli\nd\u016frazn\u011b p\u0159em\u00fd\u0161let o lidech nebo politic\u00edch, kte\u0159\u00ed doposud\nn\u00e1m ubl\u00ed\u017eili. <\/strong><\/p>\n\n\n\n<p><strong>Mysl\u00edm, \u017ee je mo\u017en\u00e9 v tom vid\u011bt\nperspektiva - v leto\u0161n\u00edm roce slav\u00edme n\u011bkolik v\u00fdro\u010d\u00ed, tak\u00e9 t\u0159icet let.\nzm\u011bn, podzim n\u00e1rod\u016f: sametov\u00e1 revoluce, zm\u011bny v Polsku, Ma\u010farsku a tak d\u00e1le. Mysl\u00edm, \u017ee,\nMysl\u00edm, \u017ee zde m\u016f\u017eeme \u0159\u00edci, \u017ee v na\u0161ich zem\u00edch, v na\u0161\u00ed \u010d\u00e1sti.\nEvrop\u011b, st\u0159edn\u00ed a v\u00fdchodn\u00ed Evrop\u011b, m\u00e1me co do \u010din\u011bn\u00ed s velmi zaj\u00edmav\u00fdm\nsituace. P\u0159ed rokem 1989, kdy byl n\u00e1\u0161 kontinent rozd\u011blen na dva t\u00e1bory,\nt\u00e1bora totalitn\u00edho socialismu a svobodn\u00e9ho, demokratick\u00e9ho sv\u011bta, jsme vid\u011bli.\nvelmi jasn\u011b, \u017ee r\u016fzn\u00ed levicov\u00ed intelektu\u00e1lov\u00e9 t\u00e9 doby m\u011bli tendenci obhajovat\na\u010dkoli kdyby mohli, rozhodli by se \u017e\u00edt v tomto prost\u0159ed\u00ed.\nsvobodn\u00fd a demokratick\u00fd sv\u011bt. Dnes tato d\u011bl\u00edc\u00ed \u010d\u00e1ra prob\u00edh\u00e1 trochu jinak.\nr\u016fzn\u011b a dalo by se \u0159\u00edci, \u017ee jde nap\u0159\u00ed\u010d zem\u011bmi a spole\u010dnostmi, proto\u017ee\nn\u011bkte\u0159\u00ed si p\u0159ej\u00ed zachovat Evropskou unii a fungovat v jej\u00edm r\u00e1mci.\nN\u011bkte\u0159\u00ed cht\u011bj\u00ed zachovat Evropskou unii a fungovat v r\u00e1mci n\u00e1rodn\u00edch st\u00e1t\u016f, jin\u00ed cht\u011bj\u00ed sm\u011b\u0159ovat k federalizaci. Vn\u00edm\u00e1me to jako vizi n\u00e1vratu ke kosmopolitn\u00edmu prost\u0159ed\u00ed.\nnadn\u00e1rodn\u00ed spole\u010denstv\u00ed. Velmi se p\u0159imlouv\u00e1m za to, abychom hledali budoucnost a\nbudoucnost a budovat budoucnost Evropsk\u00e9 unie na z\u00e1klad\u011b Evropy vlast\u00ed,\nEvropa suver\u00e9nn\u00edch st\u00e1t\u016f zalo\u017een\u00e1 na solidarit\u011b, i kdy\u017e jsem si v\u011bdom, \u017ee takov\u00e1 podoba je velmi slo\u017eit\u00e1.\nje velmi komplikovan\u00fd. Nicm\u00e9n\u011b m\u00e1, zejm\u00e9na pro n\u00e1s, st\u00e1ty,\nkter\u00e9 po t\u0159icet let pouze obnovovaly sv\u00e9 vlasteneck\u00e9 v\u011bdom\u00ed, m\u00e1 velk\u00fd v\u00fdznam.\nv\u00fdznam. Mysl\u00edme si, \u017ee spole\u010dnosti synt\u00e9zy, z\u00e1padn\u00ed Evropy, ty.\nji\u017e za\u017eily svobodu po mnoho generac\u00ed, nemaj\u00ed toto v\u011bdom\u00ed. V\u011b\u0159\u00edm, \u017ee\nNa\u0161\u00edm \u00fakolem je p\u0159esv\u011bd\u010dit je, uk\u00e1zat jim, \u017ee \u00facta k nim je d\u016fle\u017eit\u00e1.\nvz\u00e1jemn\u00fd respekt m\u016f\u017ee b\u00fdt zalo\u017een na respektu k suverenit\u011b na\u0161ich zem\u00ed.<\/strong><\/p>\n\n\n\n<p><strong>Mysl\u00edm, \u017ee je velmi d\u016fle\u017eit\u00e9, aby\npos\u00edlit v\u00fdznam parlament\u016f \u010dlensk\u00fdch st\u00e1t\u016f a parlament\u016f, sn\u011bmoven.\na Sen\u00e1t. Mysl\u00edm si, \u017ee pr\u00e1v\u011b zde bychom m\u011bli diskutovat a debatovat, abychom m\u011bli\np\u0159inejmen\u0161\u00edm lep\u0161\u00ed mo\u017enosti ovlivn\u011bn\u00ed v p\u0159\u00edpad\u011b z\u00e1le\u017eitost\u00ed, jako je nap\u0159.\nnedostate\u010dn\u00e9 \u0159e\u0161en\u00ed probl\u00e9m\u016f souvisej\u00edc\u00edch s tzv. \u017elutou kartou, p\u0159\u00edpadem\nP\u0159\u00edkladem je problematika pov\u011b\u0159en\u00fdch pracovn\u00edk\u016f. Mysl\u00edm, \u017ee bychom m\u011bli b\u00fdt v\u00edce\nd\u016frazn\u011bji p\u0159edlo\u017eit tuto ot\u00e1zku. <\/strong><\/p>\n\n\n\n<p><strong>Ot\u00e1zka bezpe\u010dnosti - souhlas\u00edm.\nSouhlas\u00edm, \u017ee ot\u00e1zka bezpe\u010dnosti je pro Evropskou unii jednou z nejz\u00e1sadn\u011bj\u0161\u00edch.\nCht\u011bl bych v\u0161ak \u0159\u00edci, \u017ee z pohledu Polska a\nz pohledu polsk\u00e9ho parlamentu vid\u00edme bezpe\u010dnost v pos\u00edlen\u00ed Severoatlantick\u00e9 aliance.\nZ\u00e1sadn\u00ed ot\u00e1zkou je podle na\u0161eho n\u00e1zoru ot\u00e1zka NATO. Bez pos\u00edlen\u00ed na\u0161\u00ed pozice v severn\u00edm Atlantiku\nbez \u010dlenstv\u00ed v Severoatlantick\u00e9 alianci budeme n\u00e1hle pod tlakem r\u016fzn\u00fdch hrozeb,\nkter\u00e9 p\u0159ich\u00e1zej\u00ed nejen z ohro\u017euj\u00edc\u00edch sf\u00e9r ekonomicky a vojensky nejsiln\u011bj\u0161\u00edch zem\u00ed, ale i z jin\u00fdch zem\u00ed.\nekonomicky a vojensky nejsiln\u011bj\u0161\u00ed zem\u011b, ale tak\u00e9 na\u0161i r\u016fzn\u00ed soused\u00e9. To je podle m\u00e9ho n\u00e1zoru <\/strong><strong>bychom m\u011bli<\/strong><strong> Mus\u00edme db\u00e1t na to, abychom se vyhnuli\nchyby, ke kter\u00fdm do\u0161lo v prvn\u00ed polovin\u011b 20. stolet\u00ed. M\u00e1m na mysli\ndv\u011b velk\u00e9 v\u00e1lky. <\/strong><\/p>\n\n\n\n<p><strong>Obhajujeme tak\u00e9\nudr\u017eet, p\u0159esv\u011bd\u010dit Evropskou unii o jej\u00ed politice roz\u0161i\u0159ov\u00e1n\u00ed, jej\u00ed\npolitiku otev\u0159en\u00fdch dve\u0159\u00ed. Domn\u00edv\u00e1m se, \u017ee je to d\u00e1no povahou v\u011bci. Pokud bychom\nch\u00e1pat solidaritu jako schopnost pod\u011blit se s ostatn\u00edmi v nouzi.\nCh\u00e1peme-li solidaritu jako schopnost pod\u011blit se s druh\u00fdmi v nouzi o to, co m\u00e1me k dispozici, nazv\u011bme to na\u0161\u00edm bohatstv\u00edm.\nEvrop\u011b, i kdy\u017e jen v k\u0159es\u0165ansk\u00fdch kruz\u00edch. Svat\u00fd otec Jan Pavel II. \u0159ekl\nSvat\u00fd otec Jan Pavel II. \u010dasto \u0159\u00edkal, \u017ee Evropa by m\u011bla d\u00fdchat dv\u011bma pl\u00edcemi: v\u00fdchodn\u00ed a z\u00e1padn\u00ed.\nProto se domn\u00edv\u00e1m, \u017ee je to pro n\u00e1s z\u00e1sadn\u00ed v\u011bc.<\/strong><\/p>\n\n\n\n<p><strong>M\u016f\u017eeme jasn\u011b vid\u011bt, \u017ee v posledn\u00ed dob\u011b\nlet se politick\u00fd z\u00e1jem soust\u0159edil na St\u0159edomo\u0159\u00ed.\nSt\u0159edomo\u0159\u00ed. Jist\u011b, je to d\u016fle\u017eit\u00e1 ot\u00e1zka, ale p\u0159esto je to d\u016fle\u017eit\u00e9.\nprobl\u00e9m, kter\u00fd se ji\u017e t\u00fdk\u00e1 jin\u00fdch kontinent\u016f, severn\u00ed Afriky a Mal\u00e9 Asie.\nMal\u00e1 Asie. Naproti tomu na\u0161e sousedy na v\u00fdchodn\u00ed hranici nech\u00e1v\u00e1me i nad\u00e1le v nejistot\u011b.\nza v\u00fdchodn\u00ed hranic\u00ed. Jsem si v\u011bdom toho, \u017ee se jedn\u00e1 o velmi obt\u00ed\u017enou situaci, ale\npodle m\u00e9ho n\u00e1zoru je tak\u00e9 na\u0161\u00ed mor\u00e1ln\u00ed povinnost\u00ed trvat na tom, aby se\npolitika otev\u0159en\u00fdch dve\u0159\u00ed v\u016f\u010di nim by m\u011bla pokra\u010dovat. <\/strong><\/p>\n\n\n\n<p><strong>Je\u0161t\u011b jednou bych v\u00e1m cht\u011bl pod\u011bkovat\npro tato setk\u00e1n\u00ed a \u010detn\u00e9 n\u00e1vrhy. Zm\u00edn\u00edm se pouze o jednom, a to o n\u00e1vrhu na\nZm\u00edn\u00edm se pouze o jednom, a to o n\u00e1vrhu na zaveden\u00ed st\u00e1l\u00fdch, cyklick\u00fdch zased\u00e1n\u00ed. Mysl\u00edm, \u017ee je to dobr\u00fd n\u00e1vrh.\nNach\u00e1z\u00edme se ve f\u00e1zi spolupr\u00e1ce, kdy je lep\u0161\u00ed systematizace na\u0161\u00ed pr\u00e1ce na \u00farovni parlamentn\u00edch org\u00e1n\u016f.\nna \u00farovni parlamentn\u00edch delegac\u00ed a tak\u00e9 na \u00farovni v\u00fdbor\u016f n\u00e1m m\u016f\u017ee usnadnit pr\u00e1ci.\nprohloubit probl\u00e9my a vyvodit lep\u0161\u00ed z\u00e1v\u011bry. Mysl\u00edm si, \u017ee je tak\u00e9 dobr\u00e9 navrhnout, aby alespo\u0148 n\u011bkter\u00e9 z\nnavrhuje, aby na\u0161e parlamenty alespo\u0148 na n\u011bkter\u00fdch zased\u00e1n\u00edch zastupovala opozice.\nalespo\u0148 na n\u011bkter\u00fdch setk\u00e1n\u00edch. Mysl\u00edm, \u017ee se nach\u00e1z\u00edme v takov\u00e9 f\u00e1zi \u00farovn\u011b.\npos\u00edlen\u00e9 demokracie v na\u0161ich zem\u00edch, abychom se nad touto ot\u00e1zkou mohli zamyslet.\nMysl\u00edm, \u017ee jsme v na\u0161\u00ed zemi v takov\u00e9 f\u00e1zi pos\u00edlen\u00ed demokracie, \u017ee se nad touto ot\u00e1zkou m\u016f\u017eeme zamyslet. <\/strong><\/p>\n\n\n\n<p><em>Foto: \u0141ukasz B\u0142asikiewicz<\/em><\/p>\n\n\n\n<figure class=\"wp-block-image\"><img fetchpriority=\"high\" decoding=\"async\" width=\"800\" height=\"533\" src=\"https:\/\/marekkuchcinski.pl\/wp-content\/uploads\/2019\/06\/LB1_5687.view_.jpg\" alt=\"\" class=\"wp-image-16553\" srcset=\"https:\/\/marekkuchcinski.pl\/wp-content\/uploads\/2019\/06\/LB1_5687.view_.jpg 800w, https:\/\/marekkuchcinski.pl\/wp-content\/uploads\/2019\/06\/LB1_5687.view_-300x200.jpg 300w, https:\/\/marekkuchcinski.pl\/wp-content\/uploads\/2019\/06\/LB1_5687.view_-768x512.jpg 768w\" sizes=\"(max-width: 800px) 100vw, 800px\" \/><\/figure>\n\n\n\n<figure class=\"wp-block-image\"><img decoding=\"async\" width=\"800\" height=\"533\" src=\"https:\/\/marekkuchcinski.pl\/wp-content\/uploads\/2019\/06\/LB1_5508.view_.jpg\" alt=\"\" class=\"wp-image-16554\" srcset=\"https:\/\/marekkuchcinski.pl\/wp-content\/uploads\/2019\/06\/LB1_5508.view_.jpg 800w, https:\/\/marekkuchcinski.pl\/wp-content\/uploads\/2019\/06\/LB1_5508.view_-300x200.jpg 300w, https:\/\/marekkuchcinski.pl\/wp-content\/uploads\/2019\/06\/LB1_5508.view_-768x512.jpg 768w\" sizes=\"(max-width: 800px) 100vw, 800px\" \/><\/figure>\n\n\n\n<figure class=\"wp-block-image\"><img decoding=\"async\" width=\"1024\" height=\"683\" src=\"https:\/\/marekkuchcinski.pl\/wp-content\/uploads\/2019\/06\/LB1_5766-1024x683.jpeg\" alt=\"\" class=\"wp-image-16555\" srcset=\"https:\/\/marekkuchcinski.pl\/wp-content\/uploads\/2019\/06\/LB1_5766-1024x683.jpeg 1024w, https:\/\/marekkuchcinski.pl\/wp-content\/uploads\/2019\/06\/LB1_5766-300x200.jpeg 300w, https:\/\/marekkuchcinski.pl\/wp-content\/uploads\/2019\/06\/LB1_5766-768x512.jpeg 768w, https:\/\/marekkuchcinski.pl\/wp-content\/uploads\/2019\/06\/LB1_5766.jpeg 2048w\" sizes=\"(max-width: 1024px) 100vw, 1024px\" \/><\/figure>","protected":false},"excerpt":{"rendered":"<p>Opowiadam si\u0119, za tym, \u017ceby\u015bmy szukali przysz\u0142o\u015bci i budowali przysz\u0142o\u015b\u0107 UE w oparciu o Europ\u0119 ojczyzn, solidarnych i suwerennych pa\u0144stw. Dla nas pa\u0144stw, kt\u00f3re dopiero od 30 lat odbudowuj\u0105 swoj\u0105 \u015bwiadomo\u015b\u0107 patriotyczn\u0105, ma to ogromne znaczenie \u2013 powiedzia\u0142 marsza\u0142ek Sejmu Marek Kuchci\u0144ski podczas spotkania (27.06) szef\u00f3w parlament\u00f3w kraj\u00f3w Grupy Wyszehradzkiej w Popradzie na S\u0142owacji. Politycy [&hellip;]<\/p>","protected":false},"author":6,"featured_media":16555,"comment_status":"open","ping_status":"open","sticky":false,"template":"","format":"standard","meta":{"ngg_post_thumbnail":0,"footnotes":""},"categories":[50,3],"tags":[],"class_list":["post-16552","post","type-post","status-publish","format-standard","has-post-thumbnail","hentry","category-wspolpraca-miedzynarodowa","category-wydarzenia"],"yoast_head":"<!-- This site is optimized with the Yoast SEO plugin v24.7 - https:\/\/yoast.com\/wordpress\/plugins\/seo\/ -->\n<title>Poprad: spotkanie Przewodnicz\u0105cych Parlament\u00f3w Grupy Wyszehradzkiej &#8211; Marek Kuchci\u0144ski<\/title>\n<meta name=\"robots\" content=\"index, follow, max-snippet:-1, max-image-preview:large, max-video-preview:-1\" \/>\n<link rel=\"canonical\" href=\"https:\/\/marekkuchcinski.pl\/cs\/wydarzenia\/poprad-spotkanie-przewodniczacych-parlamentow-grupy-wyszehradzkiej\/\" \/>\n<meta property=\"og:locale\" content=\"cs_CZ\" \/>\n<meta property=\"og:type\" content=\"article\" \/>\n<meta property=\"og:title\" content=\"Poprad: spotkanie Przewodnicz\u0105cych Parlament\u00f3w Grupy Wyszehradzkiej &#8211; Marek Kuchci\u0144ski\" \/>\n<meta property=\"og:description\" content=\"Opowiadam si\u0119, za tym, \u017ceby\u015bmy szukali przysz\u0142o\u015bci i budowali przysz\u0142o\u015b\u0107 UE w oparciu o Europ\u0119 ojczyzn, solidarnych i suwerennych pa\u0144stw. Dla nas pa\u0144stw, kt\u00f3re dopiero od 30 lat odbudowuj\u0105 swoj\u0105 \u015bwiadomo\u015b\u0107 patriotyczn\u0105, ma to ogromne znaczenie \u2013 powiedzia\u0142 marsza\u0142ek Sejmu Marek Kuchci\u0144ski podczas spotkania (27.06) szef\u00f3w parlament\u00f3w kraj\u00f3w Grupy Wyszehradzkiej w Popradzie na S\u0142owacji. Politycy [&hellip;]\" \/>\n<meta property=\"og:url\" content=\"https:\/\/marekkuchcinski.pl\/cs\/wydarzenia\/poprad-spotkanie-przewodniczacych-parlamentow-grupy-wyszehradzkiej\/\" \/>\n<meta property=\"og:site_name\" content=\"Marek Kuchci\u0144ski\" \/>\n<meta property=\"article:published_time\" content=\"2019-06-28T17:18:58+00:00\" \/>\n<meta property=\"article:modified_time\" content=\"2019-07-02T18:43:26+00:00\" \/>\n<meta property=\"og:image\" content=\"https:\/\/marekkuchcinski.pl\/wp-content\/uploads\/2019\/06\/LB1_5766.jpeg\" \/>\n\t<meta property=\"og:image:width\" content=\"2048\" \/>\n\t<meta property=\"og:image:height\" content=\"1365\" \/>\n\t<meta property=\"og:image:type\" content=\"image\/jpeg\" \/>\n<meta name=\"author\" content=\"admin\" \/>\n<meta name=\"twitter:card\" content=\"summary_large_image\" \/>\n<meta name=\"twitter:label1\" content=\"Napsal(a)\" \/>\n\t<meta name=\"twitter:data1\" content=\"admin\" \/>\n\t<meta name=\"twitter:label2\" content=\"Odhadovan\u00e1 doba \u010dten\u00ed\" \/>\n\t<meta name=\"twitter:data2\" content=\"9 minut\" \/>\n<script type=\"application\/ld+json\" class=\"yoast-schema-graph\">{\"@context\":\"https:\/\/schema.org\",\"@graph\":[{\"@type\":\"Article\",\"@id\":\"https:\/\/marekkuchcinski.pl\/ro\/wydarzenia\/poprad-spotkanie-przewodniczacych-parlamentow-grupy-wyszehradzkiej\/#article\",\"isPartOf\":{\"@id\":\"https:\/\/marekkuchcinski.pl\/ro\/wydarzenia\/poprad-spotkanie-przewodniczacych-parlamentow-grupy-wyszehradzkiej\/\"},\"author\":{\"name\":\"admin\",\"@id\":\"https:\/\/marekkuchcinski.pl\/#\/schema\/person\/6f62700996b4d950b6ea2d1183b6c6be\"},\"headline\":\"Poprad: spotkanie Przewodnicz\u0105cych Parlament\u00f3w Grupy Wyszehradzkiej\",\"datePublished\":\"2019-06-28T17:18:58+00:00\",\"dateModified\":\"2019-07-02T18:43:26+00:00\",\"mainEntityOfPage\":{\"@id\":\"https:\/\/marekkuchcinski.pl\/ro\/wydarzenia\/poprad-spotkanie-przewodniczacych-parlamentow-grupy-wyszehradzkiej\/\"},\"wordCount\":1906,\"commentCount\":0,\"publisher\":{\"@id\":\"https:\/\/marekkuchcinski.pl\/#organization\"},\"image\":{\"@id\":\"https:\/\/marekkuchcinski.pl\/ro\/wydarzenia\/poprad-spotkanie-przewodniczacych-parlamentow-grupy-wyszehradzkiej\/#primaryimage\"},\"thumbnailUrl\":\"https:\/\/marekkuchcinski.pl\/wp-content\/uploads\/2019\/06\/LB1_5766.jpeg\",\"articleSection\":[\"Wsp\u00f3\u0142praca mi\u0119dzynarodowa\",\"Wydarzenia\"],\"inLanguage\":\"cs\",\"potentialAction\":[{\"@type\":\"CommentAction\",\"name\":\"Comment\",\"target\":[\"https:\/\/marekkuchcinski.pl\/ro\/wydarzenia\/poprad-spotkanie-przewodniczacych-parlamentow-grupy-wyszehradzkiej\/#respond\"]}]},{\"@type\":\"WebPage\",\"@id\":\"https:\/\/marekkuchcinski.pl\/ro\/wydarzenia\/poprad-spotkanie-przewodniczacych-parlamentow-grupy-wyszehradzkiej\/\",\"url\":\"https:\/\/marekkuchcinski.pl\/ro\/wydarzenia\/poprad-spotkanie-przewodniczacych-parlamentow-grupy-wyszehradzkiej\/\",\"name\":\"Poprad: spotkanie Przewodnicz\u0105cych Parlament\u00f3w Grupy Wyszehradzkiej &#8211; Marek Kuchci\u0144ski\",\"isPartOf\":{\"@id\":\"https:\/\/marekkuchcinski.pl\/#website\"},\"primaryImageOfPage\":{\"@id\":\"https:\/\/marekkuchcinski.pl\/ro\/wydarzenia\/poprad-spotkanie-przewodniczacych-parlamentow-grupy-wyszehradzkiej\/#primaryimage\"},\"image\":{\"@id\":\"https:\/\/marekkuchcinski.pl\/ro\/wydarzenia\/poprad-spotkanie-przewodniczacych-parlamentow-grupy-wyszehradzkiej\/#primaryimage\"},\"thumbnailUrl\":\"https:\/\/marekkuchcinski.pl\/wp-content\/uploads\/2019\/06\/LB1_5766.jpeg\",\"datePublished\":\"2019-06-28T17:18:58+00:00\",\"dateModified\":\"2019-07-02T18:43:26+00:00\",\"breadcrumb\":{\"@id\":\"https:\/\/marekkuchcinski.pl\/ro\/wydarzenia\/poprad-spotkanie-przewodniczacych-parlamentow-grupy-wyszehradzkiej\/#breadcrumb\"},\"inLanguage\":\"cs\",\"potentialAction\":[{\"@type\":\"ReadAction\",\"target\":[\"https:\/\/marekkuchcinski.pl\/ro\/wydarzenia\/poprad-spotkanie-przewodniczacych-parlamentow-grupy-wyszehradzkiej\/\"]}]},{\"@type\":\"ImageObject\",\"inLanguage\":\"cs\",\"@id\":\"https:\/\/marekkuchcinski.pl\/ro\/wydarzenia\/poprad-spotkanie-przewodniczacych-parlamentow-grupy-wyszehradzkiej\/#primaryimage\",\"url\":\"https:\/\/marekkuchcinski.pl\/wp-content\/uploads\/2019\/06\/LB1_5766.jpeg\",\"contentUrl\":\"https:\/\/marekkuchcinski.pl\/wp-content\/uploads\/2019\/06\/LB1_5766.jpeg\",\"width\":2048,\"height\":1365},{\"@type\":\"BreadcrumbList\",\"@id\":\"https:\/\/marekkuchcinski.pl\/ro\/wydarzenia\/poprad-spotkanie-przewodniczacych-parlamentow-grupy-wyszehradzkiej\/#breadcrumb\",\"itemListElement\":[{\"@type\":\"ListItem\",\"position\":1,\"name\":\"Strona g\u0142\u00f3wna\",\"item\":\"https:\/\/marekkuchcinski.pl\/\"},{\"@type\":\"ListItem\",\"position\":2,\"name\":\"Poprad: spotkanie Przewodnicz\u0105cych Parlament\u00f3w Grupy Wyszehradzkiej\"}]},{\"@type\":\"WebSite\",\"@id\":\"https:\/\/marekkuchcinski.pl\/#website\",\"url\":\"https:\/\/marekkuchcinski.pl\/\",\"name\":\"Marek Kuchci\u0144ski\",\"description\":\"Pose\u0142 na sejm RP &ndash; okr\u0119g nr 22\",\"publisher\":{\"@id\":\"https:\/\/marekkuchcinski.pl\/#organization\"},\"potentialAction\":[{\"@type\":\"SearchAction\",\"target\":{\"@type\":\"EntryPoint\",\"urlTemplate\":\"https:\/\/marekkuchcinski.pl\/?s={search_term_string}\"},\"query-input\":{\"@type\":\"PropertyValueSpecification\",\"valueRequired\":true,\"valueName\":\"search_term_string\"}}],\"inLanguage\":\"cs\"},{\"@type\":\"Organization\",\"@id\":\"https:\/\/marekkuchcinski.pl\/#organization\",\"name\":\"Marek Kuchci\u0144ski\",\"url\":\"https:\/\/marekkuchcinski.pl\/\",\"logo\":{\"@type\":\"ImageObject\",\"inLanguage\":\"cs\",\"@id\":\"https:\/\/marekkuchcinski.pl\/#\/schema\/logo\/image\/\",\"url\":\"https:\/\/marekkuchcinski.pl\/wp-content\/uploads\/2022\/09\/Marek.jpg\",\"contentUrl\":\"https:\/\/marekkuchcinski.pl\/wp-content\/uploads\/2022\/09\/Marek.jpg\",\"width\":1600,\"height\":971,\"caption\":\"Marek Kuchci\u0144ski\"},\"image\":{\"@id\":\"https:\/\/marekkuchcinski.pl\/#\/schema\/logo\/image\/\"}},{\"@type\":\"Person\",\"@id\":\"https:\/\/marekkuchcinski.pl\/#\/schema\/person\/6f62700996b4d950b6ea2d1183b6c6be\",\"name\":\"admin\",\"image\":{\"@type\":\"ImageObject\",\"inLanguage\":\"cs\",\"@id\":\"https:\/\/marekkuchcinski.pl\/#\/schema\/person\/image\/\",\"url\":\"https:\/\/secure.gravatar.com\/avatar\/4bab693b9d55c3d6b52c0296a8765085?s=96&d=mm&r=g\",\"contentUrl\":\"https:\/\/secure.gravatar.com\/avatar\/4bab693b9d55c3d6b52c0296a8765085?s=96&d=mm&r=g\",\"caption\":\"admin\"},\"url\":\"https:\/\/marekkuchcinski.pl\/cs\/author\/marta-olejnik\/\"}]}<\/script>\n<!-- \/ Yoast SEO plugin. -->","yoast_head_json":{"title":"Poprad: spotkanie Przewodnicz\u0105cych Parlament\u00f3w Grupy Wyszehradzkiej &#8211; Marek Kuchci\u0144ski","robots":{"index":"index","follow":"follow","max-snippet":"max-snippet:-1","max-image-preview":"max-image-preview:large","max-video-preview":"max-video-preview:-1"},"canonical":"https:\/\/marekkuchcinski.pl\/cs\/wydarzenia\/poprad-spotkanie-przewodniczacych-parlamentow-grupy-wyszehradzkiej\/","og_locale":"cs_CZ","og_type":"article","og_title":"Poprad: spotkanie Przewodnicz\u0105cych Parlament\u00f3w Grupy Wyszehradzkiej &#8211; Marek Kuchci\u0144ski","og_description":"Opowiadam si\u0119, za tym, \u017ceby\u015bmy szukali przysz\u0142o\u015bci i budowali przysz\u0142o\u015b\u0107 UE w oparciu o Europ\u0119 ojczyzn, solidarnych i suwerennych pa\u0144stw. Dla nas pa\u0144stw, kt\u00f3re dopiero od 30 lat odbudowuj\u0105 swoj\u0105 \u015bwiadomo\u015b\u0107 patriotyczn\u0105, ma to ogromne znaczenie \u2013 powiedzia\u0142 marsza\u0142ek Sejmu Marek Kuchci\u0144ski podczas spotkania (27.06) szef\u00f3w parlament\u00f3w kraj\u00f3w Grupy Wyszehradzkiej w Popradzie na S\u0142owacji. Politycy [&hellip;]","og_url":"https:\/\/marekkuchcinski.pl\/cs\/wydarzenia\/poprad-spotkanie-przewodniczacych-parlamentow-grupy-wyszehradzkiej\/","og_site_name":"Marek Kuchci\u0144ski","article_published_time":"2019-06-28T17:18:58+00:00","article_modified_time":"2019-07-02T18:43:26+00:00","og_image":[{"width":2048,"height":1365,"url":"https:\/\/marekkuchcinski.pl\/wp-content\/uploads\/2019\/06\/LB1_5766.jpeg","type":"image\/jpeg"}],"author":"admin","twitter_card":"summary_large_image","twitter_misc":{"Napsal(a)":"admin","Odhadovan\u00e1 doba \u010dten\u00ed":"9 minut"},"schema":{"@context":"https:\/\/schema.org","@graph":[{"@type":"Article","@id":"https:\/\/marekkuchcinski.pl\/ro\/wydarzenia\/poprad-spotkanie-przewodniczacych-parlamentow-grupy-wyszehradzkiej\/#article","isPartOf":{"@id":"https:\/\/marekkuchcinski.pl\/ro\/wydarzenia\/poprad-spotkanie-przewodniczacych-parlamentow-grupy-wyszehradzkiej\/"},"author":{"name":"admin","@id":"https:\/\/marekkuchcinski.pl\/#\/schema\/person\/6f62700996b4d950b6ea2d1183b6c6be"},"headline":"Poprad: spotkanie Przewodnicz\u0105cych Parlament\u00f3w Grupy Wyszehradzkiej","datePublished":"2019-06-28T17:18:58+00:00","dateModified":"2019-07-02T18:43:26+00:00","mainEntityOfPage":{"@id":"https:\/\/marekkuchcinski.pl\/ro\/wydarzenia\/poprad-spotkanie-przewodniczacych-parlamentow-grupy-wyszehradzkiej\/"},"wordCount":1906,"commentCount":0,"publisher":{"@id":"https:\/\/marekkuchcinski.pl\/#organization"},"image":{"@id":"https:\/\/marekkuchcinski.pl\/ro\/wydarzenia\/poprad-spotkanie-przewodniczacych-parlamentow-grupy-wyszehradzkiej\/#primaryimage"},"thumbnailUrl":"https:\/\/marekkuchcinski.pl\/wp-content\/uploads\/2019\/06\/LB1_5766.jpeg","articleSection":["Wsp\u00f3\u0142praca mi\u0119dzynarodowa","Wydarzenia"],"inLanguage":"cs","potentialAction":[{"@type":"CommentAction","name":"Comment","target":["https:\/\/marekkuchcinski.pl\/ro\/wydarzenia\/poprad-spotkanie-przewodniczacych-parlamentow-grupy-wyszehradzkiej\/#respond"]}]},{"@type":"WebPage","@id":"https:\/\/marekkuchcinski.pl\/ro\/wydarzenia\/poprad-spotkanie-przewodniczacych-parlamentow-grupy-wyszehradzkiej\/","url":"https:\/\/marekkuchcinski.pl\/ro\/wydarzenia\/poprad-spotkanie-przewodniczacych-parlamentow-grupy-wyszehradzkiej\/","name":"Poprad: spotkanie Przewodnicz\u0105cych Parlament\u00f3w Grupy Wyszehradzkiej &#8211; Marek Kuchci\u0144ski","isPartOf":{"@id":"https:\/\/marekkuchcinski.pl\/#website"},"primaryImageOfPage":{"@id":"https:\/\/marekkuchcinski.pl\/ro\/wydarzenia\/poprad-spotkanie-przewodniczacych-parlamentow-grupy-wyszehradzkiej\/#primaryimage"},"image":{"@id":"https:\/\/marekkuchcinski.pl\/ro\/wydarzenia\/poprad-spotkanie-przewodniczacych-parlamentow-grupy-wyszehradzkiej\/#primaryimage"},"thumbnailUrl":"https:\/\/marekkuchcinski.pl\/wp-content\/uploads\/2019\/06\/LB1_5766.jpeg","datePublished":"2019-06-28T17:18:58+00:00","dateModified":"2019-07-02T18:43:26+00:00","breadcrumb":{"@id":"https:\/\/marekkuchcinski.pl\/ro\/wydarzenia\/poprad-spotkanie-przewodniczacych-parlamentow-grupy-wyszehradzkiej\/#breadcrumb"},"inLanguage":"cs","potentialAction":[{"@type":"ReadAction","target":["https:\/\/marekkuchcinski.pl\/ro\/wydarzenia\/poprad-spotkanie-przewodniczacych-parlamentow-grupy-wyszehradzkiej\/"]}]},{"@type":"ImageObject","inLanguage":"cs","@id":"https:\/\/marekkuchcinski.pl\/ro\/wydarzenia\/poprad-spotkanie-przewodniczacych-parlamentow-grupy-wyszehradzkiej\/#primaryimage","url":"https:\/\/marekkuchcinski.pl\/wp-content\/uploads\/2019\/06\/LB1_5766.jpeg","contentUrl":"https:\/\/marekkuchcinski.pl\/wp-content\/uploads\/2019\/06\/LB1_5766.jpeg","width":2048,"height":1365},{"@type":"BreadcrumbList","@id":"https:\/\/marekkuchcinski.pl\/ro\/wydarzenia\/poprad-spotkanie-przewodniczacych-parlamentow-grupy-wyszehradzkiej\/#breadcrumb","itemListElement":[{"@type":"ListItem","position":1,"name":"Strona g\u0142\u00f3wna","item":"https:\/\/marekkuchcinski.pl\/"},{"@type":"ListItem","position":2,"name":"Poprad: spotkanie Przewodnicz\u0105cych Parlament\u00f3w Grupy Wyszehradzkiej"}]},{"@type":"WebSite","@id":"https:\/\/marekkuchcinski.pl\/#website","url":"https:\/\/marekkuchcinski.pl\/","name":"Marek Kuchci\u0144ski","description":"Pose\u0142 na sejm RP &ndash; okr\u0119g nr 22","publisher":{"@id":"https:\/\/marekkuchcinski.pl\/#organization"},"potentialAction":[{"@type":"SearchAction","target":{"@type":"EntryPoint","urlTemplate":"https:\/\/marekkuchcinski.pl\/?s={search_term_string}"},"query-input":{"@type":"PropertyValueSpecification","valueRequired":true,"valueName":"search_term_string"}}],"inLanguage":"cs"},{"@type":"Organization","@id":"https:\/\/marekkuchcinski.pl\/#organization","name":"Marek Kuchci\u0144ski","url":"https:\/\/marekkuchcinski.pl\/","logo":{"@type":"ImageObject","inLanguage":"cs","@id":"https:\/\/marekkuchcinski.pl\/#\/schema\/logo\/image\/","url":"https:\/\/marekkuchcinski.pl\/wp-content\/uploads\/2022\/09\/Marek.jpg","contentUrl":"https:\/\/marekkuchcinski.pl\/wp-content\/uploads\/2022\/09\/Marek.jpg","width":1600,"height":971,"caption":"Marek Kuchci\u0144ski"},"image":{"@id":"https:\/\/marekkuchcinski.pl\/#\/schema\/logo\/image\/"}},{"@type":"Person","@id":"https:\/\/marekkuchcinski.pl\/#\/schema\/person\/6f62700996b4d950b6ea2d1183b6c6be","name":"admin","image":{"@type":"ImageObject","inLanguage":"cs","@id":"https:\/\/marekkuchcinski.pl\/#\/schema\/person\/image\/","url":"https:\/\/secure.gravatar.com\/avatar\/4bab693b9d55c3d6b52c0296a8765085?s=96&d=mm&r=g","contentUrl":"https:\/\/secure.gravatar.com\/avatar\/4bab693b9d55c3d6b52c0296a8765085?s=96&d=mm&r=g","caption":"admin"},"url":"https:\/\/marekkuchcinski.pl\/cs\/author\/marta-olejnik\/"}]}},"_links":{"self":[{"href":"https:\/\/marekkuchcinski.pl\/cs\/wp-json\/wp\/v2\/posts\/16552","targetHints":{"allow":["GET"]}}],"collection":[{"href":"https:\/\/marekkuchcinski.pl\/cs\/wp-json\/wp\/v2\/posts"}],"about":[{"href":"https:\/\/marekkuchcinski.pl\/cs\/wp-json\/wp\/v2\/types\/post"}],"author":[{"embeddable":true,"href":"https:\/\/marekkuchcinski.pl\/cs\/wp-json\/wp\/v2\/users\/6"}],"replies":[{"embeddable":true,"href":"https:\/\/marekkuchcinski.pl\/cs\/wp-json\/wp\/v2\/comments?post=16552"}],"version-history":[{"count":10,"href":"https:\/\/marekkuchcinski.pl\/cs\/wp-json\/wp\/v2\/posts\/16552\/revisions"}],"predecessor-version":[{"id":16743,"href":"https:\/\/marekkuchcinski.pl\/cs\/wp-json\/wp\/v2\/posts\/16552\/revisions\/16743"}],"wp:featuredmedia":[{"embeddable":true,"href":"https:\/\/marekkuchcinski.pl\/cs\/wp-json\/wp\/v2\/media\/16555"}],"wp:attachment":[{"href":"https:\/\/marekkuchcinski.pl\/cs\/wp-json\/wp\/v2\/media?parent=16552"}],"wp:term":[{"taxonomy":"category","embeddable":true,"href":"https:\/\/marekkuchcinski.pl\/cs\/wp-json\/wp\/v2\/categories?post=16552"},{"taxonomy":"post_tag","embeddable":true,"href":"https:\/\/marekkuchcinski.pl\/cs\/wp-json\/wp\/v2\/tags?post=16552"}],"curies":[{"name":"wp","href":"https:\/\/api.w.org\/{rel}","templated":true}]}}