{"id":15694,"date":"2019-05-28T16:29:39","date_gmt":"2019-05-28T14:29:39","guid":{"rendered":"https:\/\/marekkuchcinski.pl\/?p=15694"},"modified":"2019-05-29T09:19:41","modified_gmt":"2019-05-29T07:19:41","slug":"15694","status":"publish","type":"post","link":"https:\/\/marekkuchcinski.pl\/cs\/wydarzenia\/15694\/","title":{"rendered":"Ocen\u011bn\u00ed IPN \"Str\u00e1\u017ece n\u00e1rodn\u00ed pam\u011bti\""},"content":{"rendered":"<p>B\u011bda n\u00e1rodu, kter\u00fd se nestar\u00e1 o uchov\u00e1n\u00ed pam\u00e1tek minulosti, pak si s\u00e1m p\u00ed\u0161e rozsudek z\u00e1huby.\" Tato slova svat\u00e9ho Rafaela Kalinovsk\u00e9ho, povstalce z lednov\u00e9ho povst\u00e1n\u00ed, prov\u00e1zej\u00ed my\u0161lenku ceny ud\u011blovan\u00e9 \u00dastavem n\u00e1rodn\u00ed pam\u011bti. <\/p>\n\n\n\n<p>Kustod pam\u011bti se ud\u011bluje lidem, kte\u0159\u00ed se v\u011bnuj\u00ed Polsku - p\u011bstuj\u00ed jeho tradice a historii, chr\u00e1n\u00ed p\u0159ed zapomn\u011bn\u00edm n\u00e1rodn\u00ed d\u011bdictv\u00ed zem\u011b, kter\u00e1 pro\u0161la rozd\u011blen\u00edm, v\u00e1lkami a okupac\u00ed. <\/p>\n\n\n\n<p>P\u0159edseda Sejmu Marek Kuchci\u0144ski se z\u00fa\u010dastnil slavnostn\u00edho ceremoni\u00e1lu.\nna kr\u00e1lovsk\u00e9m hrad\u011b, b\u011bhem n\u00ed\u017e se \"Kustosz\nKustod n\u00e1rodn\u00ed pam\u011bti\" byl ud\u011blen ji\u017e po osmn\u00e1ct\u00e9. Leto\u0161n\u00edmi laure\u00e1ty jsou prof. Wanda P\u00f3\u0142tawska, Janusz\nHoroszkiewicz, Marek Strok, Polsk\u00e1 spole\u010dnost pro p\u00e9\u010di o vojensk\u00e9 hroby\nve Lvov\u011b a posmrtn\u011b Ryszard Kaczorowski.<\/p>\n\n\n\n<p>- Dvac\u00e1t\u00e9 stolet\u00ed n\u00e1s cht\u011blo odsoudit k smrti, abychom se stali...\nn\u00e1rod odpadl\u00edk\u016f. Ale my jsme se jimi nestali, proto\u017ee v\u017edycky existovali ti, kte\u0159\u00ed\npl\u00e1ny: ne. A pr\u00e1v\u011b takov\u00ed lid\u00e9 jsou dnes str\u00e1\u017eci n\u00e1rodn\u00ed pam\u011bti.\"\n\u0159ekl prezident IPN Jaros\u0142aw Szarek, kter\u00fd p\u0159ed\u00e1val ceny.\nocen\u011bn\u00ed, <\/p>\n\n\n\n<p><strong>Wanda P\u00f3\u0142tawska<\/strong> Je psychiatri\u010dkou, za v\u00e1lky byla v\u011bzn\u011bnou v n\u011bmeck\u00e9m nacistick\u00e9m koncentra\u010dn\u00edm t\u00e1bo\u0159e Ravensbrueck (jako dvacetilet\u00e1 d\u00edvka zde byla v listopadu 1941 odsouzena k trestu smrti, kde byla podrobena pseudol\u00e9ka\u0159sk\u00fdm pokus\u016fm), po v\u00e1lce se p\u0159\u00e1telila s Karolem Wojtylou - od roku 1978 pape\u017eem Janem Pavlem II. <\/p>\n\n\n\n<p>Vr\u017eena b\u011bhem n\u011bmeck\u00e9 okupace z okoln\u00edho sv\u011bta l\u00e1sky a p\u0159\u00e1telstv\u00ed do atmosf\u00e9ry v\u011bzen\u00ed gestapa a nacistick\u00e9 kocoviny, nec\u00edtila nen\u00e1vist, ale velk\u00fd \u00fadiv: jak je mo\u017en\u00e9, aby \u010dlov\u011bk zp\u016fsobil takov\u00e9 utrpen\u00ed \u010dlov\u011bku?<\/p>\n\n\n\n<p><strong>Janusz Horoszkiewicz<\/strong>  Vlastn\u00edma rukama a za vlastn\u00ed pen\u00edze postavil v\u00edce ne\u017e 40 k\u0159\u00ed\u017e\u016f na pam\u00e1tku Pol\u00e1k\u016f zavra\u017ed\u011bn\u00fdch na Volyni. Krom\u011b v\u00fd\u0161e zm\u00edn\u011bn\u00fdch k\u0159\u00ed\u017e\u016f byly z\u00e1sluhou Janusze Horoszkiewicze na polsk\u00fdch pam\u011btn\u00edch m\u00edstech odhaleny \u010detn\u00e9 pam\u011btn\u00ed desky ob\u011btem genocidy z roku 1943. Za zm\u00ednku stoj\u00ed zejm\u00e9na deska odhalen\u00e1 na pravoslavn\u00e9m kostele v obci Butejki na pam\u00e1tku Petra Bazeluka - ukrajinsk\u00e9ho spravedliv\u00e9ho mu\u017ee, kter\u00fd s nasazen\u00edm vlastn\u00edho \u017eivota zachr\u00e1nil sv\u00e9ho polsk\u00e9ho souseda Mieczys\u0142awa S\u0142ojewsk\u00e9ho a jeho syna Edwarda p\u0159ed smrt\u00ed z rukou Ukrajinsk\u00e9 povstaleck\u00e9 arm\u00e1dy.<\/p>\n\n\n\n<p>IPN zd\u016fraz\u0148uje, \u017ee je \"neochv\u011bjn\u00fdm str\u00e1\u017ecem polsk\u00e9ho jazyka\".\nd\u011bdictv\u00ed na Volyni, obh\u00e1jce a kazatel sm\u00ed\u0159en\u00ed v pravd\u011b polsk\u00e9.\nPolsk\u00fd a ukrajinsk\u00fd n\u00e1rod\".<\/p>\n\n\n\n<p><strong>Marek Strok<\/strong> je vynikaj\u00edc\u00edm odborn\u00edkem a badatelem v oblasti Var\u0161avsk\u00e9ho povst\u00e1n\u00ed. \"Jeho fascinace osudy voj\u00e1k\u016f polsk\u00e9ho podzemn\u00edho st\u00e1tu dala vzniknout nejucelen\u011bj\u0161\u00edmu souboru \u017eivotopis\u016f var\u0161avsk\u00fdch povstalc\u016f, kter\u00fd je neoceniteln\u00fd pro ka\u017ed\u00e9ho historika zab\u00fdvaj\u00edc\u00edho se d\u011bjinami ozbrojen\u00e9ho povst\u00e1n\u00ed p\u0159ed 75 lety. P\u0159esto\u017ee je Marek Strok nad\u0161enec-samouk, m\u00e1 za sebou obrovsk\u00fd v\u011bdeck\u00fd a historick\u00fd p\u0159\u00ednos a z hlediska historick\u00e9 d\u00edlny si v ni\u010dem nezad\u00e1 s profesion\u00e1ly. N\u011bkolik des\u00edtek let v \u00fazk\u00e9 spolupr\u00e1ci s povstaleck\u00fdmi kruhy dokumentoval historii podzemn\u00ed a povstaleck\u00e9 Var\u0161avy,\" napsal o n\u011bm IPN.<\/p>\n\n\n\n<p><strong>Polsk\u00e1 spole\u010dnost pro p\u00e9\u010di o vojensk\u00e9 hroby ve Lvov\u011b<\/strong> je zase organizace, jej\u00edm\u017e hlavn\u00edm a nejd\u016fle\u017eit\u011bj\u0161\u00edm \u00fakolem se v prvn\u00edch letech \u010dinnosti stala rekonstrukce H\u0159bitova obr\u00e1nc\u016f Lvova, zn\u00e1m\u00e9ho tak\u00e9 jako H\u0159bitov orl\u016f. Tato nekropole je odd\u011blenou \u010d\u00e1st\u00ed Li\u010dakovsk\u00e9ho h\u0159bitova, kde se nach\u00e1zej\u00ed hroby polsk\u00fdch obr\u00e1nc\u016f Lvova, kte\u0159\u00ed padli v letech 1918-20. Nekropole byla rekonstruov\u00e1na v roce 1989 a slavnostn\u011b otev\u0159ena 24. \u010dervna 2005. Dnes se o n\u011bj star\u00e1 Polsk\u00e1 spole\u010dnost pro p\u00e9\u010di o vojensk\u00e9 hroby v \u010dele s Januszem Balickim, stejn\u011b jako o dal\u0161\u00ed m\u00edsta polsk\u00e9 n\u00e1rodn\u00ed pam\u011bti v okol\u00ed Lvova, nap\u0159. v Zadw\u00f3rze.<\/p>\n\n\n\n<p><strong>Ryszard Kaczorowski<\/strong> byl v letech 1989-90 polsk\u00fdm exilov\u00fdm prezidentem; po zvolen\u00ed Lecha Wa\u0142\u0119sy prezidentem mu p\u0159edal insignie prezidentsk\u00e9 moci Druh\u00e9 polsk\u00e9 republiky. Zem\u0159el 10. dubna 2010 p\u0159i hav\u00e1rii letadla Tu-154 u Smolenska.<\/p>\n\n\n\n<p><em>mo, zdroj IPN<\/em><\/p>\n\n\n\n<p><em>Foto: Marta Olejnik<\/em><\/p>\n\n\n\n<ul class=\"wp-block-gallery columns-1 is-cropped wp-block-gallery-1 is-layout-flex wp-block-gallery-is-layout-flex\"><li class=\"blocks-gallery-item\"><figure><img fetchpriority=\"high\" decoding=\"async\" width=\"1024\" height=\"685\" src=\"https:\/\/marekkuchcinski.pl\/wp-content\/uploads\/2019\/05\/1a-1024x685.jpg\" alt=\"\" data-id=\"15695\" data-link=\"https:\/\/marekkuchcinski.pl\/?attachment_id=15695\" class=\"wp-image-15695\" srcset=\"https:\/\/marekkuchcinski.pl\/wp-content\/uploads\/2019\/05\/1a-1024x685.jpg 1024w, https:\/\/marekkuchcinski.pl\/wp-content\/uploads\/2019\/05\/1a-300x201.jpg 300w, https:\/\/marekkuchcinski.pl\/wp-content\/uploads\/2019\/05\/1a-768x514.jpg 768w, https:\/\/marekkuchcinski.pl\/wp-content\/uploads\/2019\/05\/1a.jpg 2048w\" sizes=\"(max-width: 1024px) 100vw, 1024px\" \/><\/figure><\/li><li class=\"blocks-gallery-item\"><figure><img decoding=\"async\" width=\"1024\" height=\"720\" src=\"https:\/\/marekkuchcinski.pl\/wp-content\/uploads\/2019\/05\/3-1024x720.jpg\" alt=\"\" data-id=\"15696\" data-link=\"https:\/\/marekkuchcinski.pl\/?attachment_id=15696\" class=\"wp-image-15696\" srcset=\"https:\/\/marekkuchcinski.pl\/wp-content\/uploads\/2019\/05\/3-1024x720.jpg 1024w, https:\/\/marekkuchcinski.pl\/wp-content\/uploads\/2019\/05\/3-300x211.jpg 300w, https:\/\/marekkuchcinski.pl\/wp-content\/uploads\/2019\/05\/3-768x540.jpg 768w, https:\/\/marekkuchcinski.pl\/wp-content\/uploads\/2019\/05\/3.jpg 2048w\" sizes=\"(max-width: 1024px) 100vw, 1024px\" \/><\/figure><\/li><li class=\"blocks-gallery-item\"><figure><img decoding=\"async\" width=\"1024\" height=\"683\" src=\"https:\/\/marekkuchcinski.pl\/wp-content\/uploads\/2019\/05\/4-1-1024x683.jpg\" alt=\"\" data-id=\"15697\" data-link=\"https:\/\/marekkuchcinski.pl\/?attachment_id=15697\" class=\"wp-image-15697\" srcset=\"https:\/\/marekkuchcinski.pl\/wp-content\/uploads\/2019\/05\/4-1-1024x683.jpg 1024w, https:\/\/marekkuchcinski.pl\/wp-content\/uploads\/2019\/05\/4-1-300x200.jpg 300w, https:\/\/marekkuchcinski.pl\/wp-content\/uploads\/2019\/05\/4-1-768x512.jpg 768w, https:\/\/marekkuchcinski.pl\/wp-content\/uploads\/2019\/05\/4-1.jpg 2048w\" sizes=\"(max-width: 1024px) 100vw, 1024px\" \/><\/figure><\/li><li class=\"blocks-gallery-item\"><figure><img loading=\"lazy\" decoding=\"async\" width=\"1024\" height=\"683\" src=\"https:\/\/marekkuchcinski.pl\/wp-content\/uploads\/2019\/05\/5-1-1024x683.jpg\" alt=\"\" data-id=\"15698\" data-link=\"https:\/\/marekkuchcinski.pl\/?attachment_id=15698\" class=\"wp-image-15698\" srcset=\"https:\/\/marekkuchcinski.pl\/wp-content\/uploads\/2019\/05\/5-1-1024x683.jpg 1024w, https:\/\/marekkuchcinski.pl\/wp-content\/uploads\/2019\/05\/5-1-300x200.jpg 300w, https:\/\/marekkuchcinski.pl\/wp-content\/uploads\/2019\/05\/5-1-768x512.jpg 768w, https:\/\/marekkuchcinski.pl\/wp-content\/uploads\/2019\/05\/5-1.jpg 2048w\" sizes=\"(max-width: 1024px) 100vw, 1024px\" \/><\/figure><\/li><li class=\"blocks-gallery-item\"><figure><img loading=\"lazy\" decoding=\"async\" width=\"1024\" height=\"683\" src=\"https:\/\/marekkuchcinski.pl\/wp-content\/uploads\/2019\/05\/6-1-1024x683.jpg\" alt=\"\" data-id=\"15699\" data-link=\"https:\/\/marekkuchcinski.pl\/?attachment_id=15699\" class=\"wp-image-15699\" srcset=\"https:\/\/marekkuchcinski.pl\/wp-content\/uploads\/2019\/05\/6-1-1024x683.jpg 1024w, https:\/\/marekkuchcinski.pl\/wp-content\/uploads\/2019\/05\/6-1-300x200.jpg 300w, https:\/\/marekkuchcinski.pl\/wp-content\/uploads\/2019\/05\/6-1-768x512.jpg 768w, https:\/\/marekkuchcinski.pl\/wp-content\/uploads\/2019\/05\/6-1.jpg 2048w\" sizes=\"(max-width: 1024px) 100vw, 1024px\" \/><\/figure><\/li><li class=\"blocks-gallery-item\"><figure><img loading=\"lazy\" decoding=\"async\" width=\"1024\" height=\"683\" src=\"https:\/\/marekkuchcinski.pl\/wp-content\/uploads\/2019\/05\/7-1-1024x683.jpg\" alt=\"\" data-id=\"15700\" data-link=\"https:\/\/marekkuchcinski.pl\/?attachment_id=15700\" class=\"wp-image-15700\" srcset=\"https:\/\/marekkuchcinski.pl\/wp-content\/uploads\/2019\/05\/7-1-1024x683.jpg 1024w, https:\/\/marekkuchcinski.pl\/wp-content\/uploads\/2019\/05\/7-1-300x200.jpg 300w, https:\/\/marekkuchcinski.pl\/wp-content\/uploads\/2019\/05\/7-1-768x512.jpg 768w, https:\/\/marekkuchcinski.pl\/wp-content\/uploads\/2019\/05\/7-1.jpg 2048w\" sizes=\"(max-width: 1024px) 100vw, 1024px\" \/><\/figure><\/li><li class=\"blocks-gallery-item\"><figure><img loading=\"lazy\" decoding=\"async\" width=\"1024\" height=\"689\" src=\"https:\/\/marekkuchcinski.pl\/wp-content\/uploads\/2019\/05\/8-2-1024x689.jpg\" alt=\"\" data-id=\"15701\" data-link=\"https:\/\/marekkuchcinski.pl\/?attachment_id=15701\" class=\"wp-image-15701\" srcset=\"https:\/\/marekkuchcinski.pl\/wp-content\/uploads\/2019\/05\/8-2-1024x689.jpg 1024w, https:\/\/marekkuchcinski.pl\/wp-content\/uploads\/2019\/05\/8-2-300x202.jpg 300w, https:\/\/marekkuchcinski.pl\/wp-content\/uploads\/2019\/05\/8-2-768x517.jpg 768w, https:\/\/marekkuchcinski.pl\/wp-content\/uploads\/2019\/05\/8-2.jpg 2048w\" sizes=\"(max-width: 1024px) 100vw, 1024px\" \/><\/figure><\/li><li class=\"blocks-gallery-item\"><figure><img loading=\"lazy\" decoding=\"async\" width=\"1024\" height=\"697\" src=\"https:\/\/marekkuchcinski.pl\/wp-content\/uploads\/2019\/05\/9-1-1024x697.jpg\" alt=\"\" data-id=\"15702\" data-link=\"https:\/\/marekkuchcinski.pl\/?attachment_id=15702\" class=\"wp-image-15702\" srcset=\"https:\/\/marekkuchcinski.pl\/wp-content\/uploads\/2019\/05\/9-1-1024x697.jpg 1024w, https:\/\/marekkuchcinski.pl\/wp-content\/uploads\/2019\/05\/9-1-300x204.jpg 300w, https:\/\/marekkuchcinski.pl\/wp-content\/uploads\/2019\/05\/9-1-768x523.jpg 768w, https:\/\/marekkuchcinski.pl\/wp-content\/uploads\/2019\/05\/9-1.jpg 2048w\" sizes=\"(max-width: 1024px) 100vw, 1024px\" \/><\/figure><\/li><li class=\"blocks-gallery-item\"><figure><img loading=\"lazy\" decoding=\"async\" width=\"1024\" height=\"683\" src=\"https:\/\/marekkuchcinski.pl\/wp-content\/uploads\/2019\/05\/10-1-1024x683.jpg\" alt=\"\" data-id=\"15703\" data-link=\"https:\/\/marekkuchcinski.pl\/?attachment_id=15703\" class=\"wp-image-15703\" srcset=\"https:\/\/marekkuchcinski.pl\/wp-content\/uploads\/2019\/05\/10-1-1024x683.jpg 1024w, https:\/\/marekkuchcinski.pl\/wp-content\/uploads\/2019\/05\/10-1-300x200.jpg 300w, https:\/\/marekkuchcinski.pl\/wp-content\/uploads\/2019\/05\/10-1-768x512.jpg 768w, https:\/\/marekkuchcinski.pl\/wp-content\/uploads\/2019\/05\/10-1.jpg 2048w\" sizes=\"(max-width: 1024px) 100vw, 1024px\" \/><\/figure><\/li><li class=\"blocks-gallery-item\"><figure><img loading=\"lazy\" decoding=\"async\" width=\"1024\" height=\"696\" src=\"https:\/\/marekkuchcinski.pl\/wp-content\/uploads\/2019\/05\/11-1-1024x696.jpg\" alt=\"\" data-id=\"15704\" data-link=\"https:\/\/marekkuchcinski.pl\/?attachment_id=15704\" class=\"wp-image-15704\" srcset=\"https:\/\/marekkuchcinski.pl\/wp-content\/uploads\/2019\/05\/11-1-1024x696.jpg 1024w, https:\/\/marekkuchcinski.pl\/wp-content\/uploads\/2019\/05\/11-1-300x204.jpg 300w, https:\/\/marekkuchcinski.pl\/wp-content\/uploads\/2019\/05\/11-1-768x522.jpg 768w, https:\/\/marekkuchcinski.pl\/wp-content\/uploads\/2019\/05\/11-1.jpg 2048w\" sizes=\"(max-width: 1024px) 100vw, 1024px\" \/><\/figure><\/li><li class=\"blocks-gallery-item\"><figure><img loading=\"lazy\" decoding=\"async\" width=\"1024\" height=\"683\" src=\"https:\/\/marekkuchcinski.pl\/wp-content\/uploads\/2019\/05\/12-1024x683.jpg\" alt=\"\" data-id=\"15705\" data-link=\"https:\/\/marekkuchcinski.pl\/?attachment_id=15705\" class=\"wp-image-15705\" srcset=\"https:\/\/marekkuchcinski.pl\/wp-content\/uploads\/2019\/05\/12-1024x683.jpg 1024w, https:\/\/marekkuchcinski.pl\/wp-content\/uploads\/2019\/05\/12-300x200.jpg 300w, https:\/\/marekkuchcinski.pl\/wp-content\/uploads\/2019\/05\/12-768x512.jpg 768w, https:\/\/marekkuchcinski.pl\/wp-content\/uploads\/2019\/05\/12.jpg 2048w\" sizes=\"(max-width: 1024px) 100vw, 1024px\" \/><\/figure><\/li><li class=\"blocks-gallery-item\"><figure><img loading=\"lazy\" decoding=\"async\" width=\"1024\" height=\"683\" src=\"https:\/\/marekkuchcinski.pl\/wp-content\/uploads\/2019\/05\/13-1024x683.jpg\" alt=\"\" data-id=\"15706\" data-link=\"https:\/\/marekkuchcinski.pl\/?attachment_id=15706\" class=\"wp-image-15706\" srcset=\"https:\/\/marekkuchcinski.pl\/wp-content\/uploads\/2019\/05\/13-1024x683.jpg 1024w, https:\/\/marekkuchcinski.pl\/wp-content\/uploads\/2019\/05\/13-300x200.jpg 300w, https:\/\/marekkuchcinski.pl\/wp-content\/uploads\/2019\/05\/13-768x512.jpg 768w, https:\/\/marekkuchcinski.pl\/wp-content\/uploads\/2019\/05\/13.jpg 2048w\" sizes=\"(max-width: 1024px) 100vw, 1024px\" \/><\/figure><\/li><li class=\"blocks-gallery-item\"><figure><img loading=\"lazy\" decoding=\"async\" width=\"1024\" height=\"683\" src=\"https:\/\/marekkuchcinski.pl\/wp-content\/uploads\/2019\/05\/14-2-1024x683.jpg\" alt=\"\" data-id=\"15707\" data-link=\"https:\/\/marekkuchcinski.pl\/?attachment_id=15707\" class=\"wp-image-15707\" srcset=\"https:\/\/marekkuchcinski.pl\/wp-content\/uploads\/2019\/05\/14-2-1024x683.jpg 1024w, https:\/\/marekkuchcinski.pl\/wp-content\/uploads\/2019\/05\/14-2-300x200.jpg 300w, https:\/\/marekkuchcinski.pl\/wp-content\/uploads\/2019\/05\/14-2-768x512.jpg 768w, https:\/\/marekkuchcinski.pl\/wp-content\/uploads\/2019\/05\/14-2.jpg 2048w\" sizes=\"(max-width: 1024px) 100vw, 1024px\" \/><\/figure><\/li><li class=\"blocks-gallery-item\"><figure><img loading=\"lazy\" decoding=\"async\" width=\"1024\" height=\"682\" src=\"https:\/\/marekkuchcinski.pl\/wp-content\/uploads\/2019\/05\/15-1024x682.jpg\" alt=\"\" data-id=\"15708\" data-link=\"https:\/\/marekkuchcinski.pl\/?attachment_id=15708\" class=\"wp-image-15708\" srcset=\"https:\/\/marekkuchcinski.pl\/wp-content\/uploads\/2019\/05\/15-1024x682.jpg 1024w, https:\/\/marekkuchcinski.pl\/wp-content\/uploads\/2019\/05\/15-300x200.jpg 300w, https:\/\/marekkuchcinski.pl\/wp-content\/uploads\/2019\/05\/15-768x512.jpg 768w, https:\/\/marekkuchcinski.pl\/wp-content\/uploads\/2019\/05\/15.jpg 2048w\" sizes=\"(max-width: 1024px) 100vw, 1024px\" \/><\/figure><\/li><li class=\"blocks-gallery-item\"><figure><img loading=\"lazy\" decoding=\"async\" width=\"1024\" height=\"683\" src=\"https:\/\/marekkuchcinski.pl\/wp-content\/uploads\/2019\/05\/16-1024x683.jpg\" alt=\"\" data-id=\"15709\" data-link=\"https:\/\/marekkuchcinski.pl\/?attachment_id=15709\" class=\"wp-image-15709\" srcset=\"https:\/\/marekkuchcinski.pl\/wp-content\/uploads\/2019\/05\/16-1024x683.jpg 1024w, https:\/\/marekkuchcinski.pl\/wp-content\/uploads\/2019\/05\/16-300x200.jpg 300w, https:\/\/marekkuchcinski.pl\/wp-content\/uploads\/2019\/05\/16-768x512.jpg 768w, https:\/\/marekkuchcinski.pl\/wp-content\/uploads\/2019\/05\/16.jpg 2048w\" sizes=\"(max-width: 1024px) 100vw, 1024px\" \/><\/figure><\/li><li class=\"blocks-gallery-item\"><figure><img loading=\"lazy\" decoding=\"async\" width=\"1024\" height=\"683\" src=\"https:\/\/marekkuchcinski.pl\/wp-content\/uploads\/2019\/05\/17-1024x683.jpg\" alt=\"\" data-id=\"15710\" data-link=\"https:\/\/marekkuchcinski.pl\/?attachment_id=15710\" class=\"wp-image-15710\" srcset=\"https:\/\/marekkuchcinski.pl\/wp-content\/uploads\/2019\/05\/17-1024x683.jpg 1024w, https:\/\/marekkuchcinski.pl\/wp-content\/uploads\/2019\/05\/17-300x200.jpg 300w, https:\/\/marekkuchcinski.pl\/wp-content\/uploads\/2019\/05\/17-768x512.jpg 768w, https:\/\/marekkuchcinski.pl\/wp-content\/uploads\/2019\/05\/17.jpg 2048w\" sizes=\"(max-width: 1024px) 100vw, 1024px\" \/><\/figure><\/li><li class=\"blocks-gallery-item\"><figure><img loading=\"lazy\" decoding=\"async\" width=\"1024\" height=\"683\" src=\"https:\/\/marekkuchcinski.pl\/wp-content\/uploads\/2019\/05\/18-1024x683.jpg\" alt=\"\" data-id=\"15711\" data-link=\"https:\/\/marekkuchcinski.pl\/?attachment_id=15711\" class=\"wp-image-15711\" srcset=\"https:\/\/marekkuchcinski.pl\/wp-content\/uploads\/2019\/05\/18-1024x683.jpg 1024w, https:\/\/marekkuchcinski.pl\/wp-content\/uploads\/2019\/05\/18-300x200.jpg 300w, https:\/\/marekkuchcinski.pl\/wp-content\/uploads\/2019\/05\/18-768x512.jpg 768w, https:\/\/marekkuchcinski.pl\/wp-content\/uploads\/2019\/05\/18.jpg 2048w\" sizes=\"(max-width: 1024px) 100vw, 1024px\" \/><\/figure><\/li><li class=\"blocks-gallery-item\"><figure><img loading=\"lazy\" decoding=\"async\" width=\"1024\" height=\"683\" src=\"https:\/\/marekkuchcinski.pl\/wp-content\/uploads\/2019\/05\/19-1024x683.jpg\" alt=\"\" data-id=\"15712\" data-link=\"https:\/\/marekkuchcinski.pl\/?attachment_id=15712\" class=\"wp-image-15712\" srcset=\"https:\/\/marekkuchcinski.pl\/wp-content\/uploads\/2019\/05\/19-1024x683.jpg 1024w, https:\/\/marekkuchcinski.pl\/wp-content\/uploads\/2019\/05\/19-300x200.jpg 300w, https:\/\/marekkuchcinski.pl\/wp-content\/uploads\/2019\/05\/19-768x512.jpg 768w, https:\/\/marekkuchcinski.pl\/wp-content\/uploads\/2019\/05\/19.jpg 2048w\" sizes=\"(max-width: 1024px) 100vw, 1024px\" \/><\/figure><\/li><li class=\"blocks-gallery-item\"><figure><img loading=\"lazy\" decoding=\"async\" width=\"1024\" height=\"683\" src=\"https:\/\/marekkuchcinski.pl\/wp-content\/uploads\/2019\/05\/20-1024x683.jpg\" alt=\"\" data-id=\"15713\" data-link=\"https:\/\/marekkuchcinski.pl\/?attachment_id=15713\" class=\"wp-image-15713\" srcset=\"https:\/\/marekkuchcinski.pl\/wp-content\/uploads\/2019\/05\/20-1024x683.jpg 1024w, https:\/\/marekkuchcinski.pl\/wp-content\/uploads\/2019\/05\/20-300x200.jpg 300w, https:\/\/marekkuchcinski.pl\/wp-content\/uploads\/2019\/05\/20-768x512.jpg 768w, https:\/\/marekkuchcinski.pl\/wp-content\/uploads\/2019\/05\/20.jpg 2048w\" sizes=\"(max-width: 1024px) 100vw, 1024px\" \/><\/figure><\/li><li class=\"blocks-gallery-item\"><figure><img loading=\"lazy\" decoding=\"async\" width=\"1024\" height=\"683\" src=\"https:\/\/marekkuchcinski.pl\/wp-content\/uploads\/2019\/05\/21-1024x683.jpg\" alt=\"\" data-id=\"15714\" data-link=\"https:\/\/marekkuchcinski.pl\/?attachment_id=15714\" class=\"wp-image-15714\" srcset=\"https:\/\/marekkuchcinski.pl\/wp-content\/uploads\/2019\/05\/21-1024x683.jpg 1024w, https:\/\/marekkuchcinski.pl\/wp-content\/uploads\/2019\/05\/21-300x200.jpg 300w, https:\/\/marekkuchcinski.pl\/wp-content\/uploads\/2019\/05\/21-768x512.jpg 768w, https:\/\/marekkuchcinski.pl\/wp-content\/uploads\/2019\/05\/21.jpg 2048w\" sizes=\"(max-width: 1024px) 100vw, 1024px\" \/><\/figure><\/li><li class=\"blocks-gallery-item\"><figure><img loading=\"lazy\" decoding=\"async\" width=\"1024\" height=\"683\" src=\"https:\/\/marekkuchcinski.pl\/wp-content\/uploads\/2019\/05\/23-1024x683.jpg\" alt=\"\" data-id=\"15716\" data-link=\"https:\/\/marekkuchcinski.pl\/?attachment_id=15716\" class=\"wp-image-15716\" srcset=\"https:\/\/marekkuchcinski.pl\/wp-content\/uploads\/2019\/05\/23-1024x683.jpg 1024w, https:\/\/marekkuchcinski.pl\/wp-content\/uploads\/2019\/05\/23-300x200.jpg 300w, https:\/\/marekkuchcinski.pl\/wp-content\/uploads\/2019\/05\/23-768x512.jpg 768w, https:\/\/marekkuchcinski.pl\/wp-content\/uploads\/2019\/05\/23.jpg 2048w\" sizes=\"(max-width: 1024px) 100vw, 1024px\" \/><\/figure><\/li><li class=\"blocks-gallery-item\"><figure><img loading=\"lazy\" decoding=\"async\" width=\"1024\" height=\"683\" src=\"https:\/\/marekkuchcinski.pl\/wp-content\/uploads\/2019\/05\/24-1024x683.jpg\" alt=\"\" data-id=\"15718\" data-link=\"https:\/\/marekkuchcinski.pl\/?attachment_id=15718\" class=\"wp-image-15718\" srcset=\"https:\/\/marekkuchcinski.pl\/wp-content\/uploads\/2019\/05\/24-1024x683.jpg 1024w, https:\/\/marekkuchcinski.pl\/wp-content\/uploads\/2019\/05\/24-300x200.jpg 300w, https:\/\/marekkuchcinski.pl\/wp-content\/uploads\/2019\/05\/24-768x512.jpg 768w, https:\/\/marekkuchcinski.pl\/wp-content\/uploads\/2019\/05\/24.jpg 2048w\" sizes=\"(max-width: 1024px) 100vw, 1024px\" \/><\/figure><\/li><li class=\"blocks-gallery-item\"><figure><img loading=\"lazy\" decoding=\"async\" width=\"1024\" height=\"683\" src=\"https:\/\/marekkuchcinski.pl\/wp-content\/uploads\/2019\/05\/25-1024x683.jpg\" alt=\"\" data-id=\"15720\" data-link=\"https:\/\/marekkuchcinski.pl\/?attachment_id=15720\" class=\"wp-image-15720\" srcset=\"https:\/\/marekkuchcinski.pl\/wp-content\/uploads\/2019\/05\/25-1024x683.jpg 1024w, https:\/\/marekkuchcinski.pl\/wp-content\/uploads\/2019\/05\/25-300x200.jpg 300w, https:\/\/marekkuchcinski.pl\/wp-content\/uploads\/2019\/05\/25-768x512.jpg 768w, https:\/\/marekkuchcinski.pl\/wp-content\/uploads\/2019\/05\/25.jpg 2048w\" sizes=\"(max-width: 1024px) 100vw, 1024px\" \/><\/figure><\/li><li class=\"blocks-gallery-item\"><figure><img loading=\"lazy\" decoding=\"async\" width=\"1024\" height=\"683\" src=\"https:\/\/marekkuchcinski.pl\/wp-content\/uploads\/2019\/05\/26-1-1024x683.jpg\" alt=\"\" data-id=\"15721\" data-link=\"https:\/\/marekkuchcinski.pl\/?attachment_id=15721\" class=\"wp-image-15721\" srcset=\"https:\/\/marekkuchcinski.pl\/wp-content\/uploads\/2019\/05\/26-1-1024x683.jpg 1024w, https:\/\/marekkuchcinski.pl\/wp-content\/uploads\/2019\/05\/26-1-300x200.jpg 300w, https:\/\/marekkuchcinski.pl\/wp-content\/uploads\/2019\/05\/26-1-768x512.jpg 768w, https:\/\/marekkuchcinski.pl\/wp-content\/uploads\/2019\/05\/26-1.jpg 2048w\" sizes=\"(max-width: 1024px) 100vw, 1024px\" \/><\/figure><\/li><li class=\"blocks-gallery-item\"><figure><img loading=\"lazy\" decoding=\"async\" width=\"1024\" height=\"665\" src=\"https:\/\/marekkuchcinski.pl\/wp-content\/uploads\/2019\/05\/28-1024x665.jpg\" alt=\"\" data-id=\"15724\" data-link=\"https:\/\/marekkuchcinski.pl\/bez-kategorii\/15694\/attachment\/28\/\" class=\"wp-image-15724\" srcset=\"https:\/\/marekkuchcinski.pl\/wp-content\/uploads\/2019\/05\/28-1024x665.jpg 1024w, https:\/\/marekkuchcinski.pl\/wp-content\/uploads\/2019\/05\/28-300x195.jpg 300w, https:\/\/marekkuchcinski.pl\/wp-content\/uploads\/2019\/05\/28-768x498.jpg 768w, https:\/\/marekkuchcinski.pl\/wp-content\/uploads\/2019\/05\/28.jpg 2048w\" sizes=\"(max-width: 1024px) 100vw, 1024px\" \/><\/figure><\/li><\/ul>","protected":false},"excerpt":{"rendered":"<p>Biada narodowi, kt\u00f3ry o zachowanie pami\u0105tek przesz\u0142o\u015bci si\u0119 nie stara; wyrok zguby w\u00f3wczas dla siebie pisze \u2013 te s\u0142owa \u015bw. Rafa\u0142a Kalinowskiego, powsta\u0144ca styczniowego, &nbsp;przy\u015bwiecaj\u0105 idei nagrody przyznawanej przez Instytut Pami\u0119ci Narodowej. Kustosza Pami\u0119ci otrzymuj\u0105 bowiem osoby, kt\u00f3re po\u015bwi\u0119caj\u0105 si\u0119 dla Polski \u2013 kultywuj\u0105 jej tradycj\u0119, histori\u0119, chroni\u0105 od zapomnienia narodowe dziedzictwo kraju, kt\u00f3ry wycierpia\u0142 [&hellip;]<\/p>","protected":false},"author":6,"featured_media":15723,"comment_status":"open","ping_status":"open","sticky":false,"template":"","format":"standard","meta":{"ngg_post_thumbnail":0,"footnotes":""},"categories":[3],"tags":[],"class_list":["post-15694","post","type-post","status-publish","format-standard","has-post-thumbnail","hentry","category-wydarzenia"],"yoast_head":"<!-- This site is optimized with the Yoast SEO plugin v24.7 - https:\/\/yoast.com\/wordpress\/plugins\/seo\/ -->\n<title>IPN przyzna\u0142 Nagrody &quot;Kustosz Pami\u0119ci Narodowej&quot; &#8211; Marek Kuchci\u0144ski<\/title>\n<meta name=\"robots\" content=\"index, follow, max-snippet:-1, max-image-preview:large, max-video-preview:-1\" \/>\n<link rel=\"canonical\" href=\"https:\/\/marekkuchcinski.pl\/cs\/wydarzenia\/15694\/\" \/>\n<meta property=\"og:locale\" content=\"cs_CZ\" \/>\n<meta property=\"og:type\" content=\"article\" \/>\n<meta property=\"og:title\" content=\"IPN przyzna\u0142 Nagrody &quot;Kustosz Pami\u0119ci Narodowej&quot; &#8211; Marek Kuchci\u0144ski\" \/>\n<meta property=\"og:description\" content=\"Biada narodowi, kt\u00f3ry o zachowanie pami\u0105tek przesz\u0142o\u015bci si\u0119 nie stara; wyrok zguby w\u00f3wczas dla siebie pisze \u2013 te s\u0142owa \u015bw. Rafa\u0142a Kalinowskiego, powsta\u0144ca styczniowego, &nbsp;przy\u015bwiecaj\u0105 idei nagrody przyznawanej przez Instytut Pami\u0119ci Narodowej. Kustosza Pami\u0119ci otrzymuj\u0105 bowiem osoby, kt\u00f3re po\u015bwi\u0119caj\u0105 si\u0119 dla Polski \u2013 kultywuj\u0105 jej tradycj\u0119, histori\u0119, chroni\u0105 od zapomnienia narodowe dziedzictwo kraju, kt\u00f3ry wycierpia\u0142 [&hellip;]\" \/>\n<meta property=\"og:url\" content=\"https:\/\/marekkuchcinski.pl\/cs\/wydarzenia\/15694\/\" \/>\n<meta property=\"og:site_name\" content=\"Marek Kuchci\u0144ski\" \/>\n<meta property=\"article:published_time\" content=\"2019-05-28T14:29:39+00:00\" \/>\n<meta property=\"article:modified_time\" content=\"2019-05-29T07:19:41+00:00\" \/>\n<meta property=\"og:image\" content=\"https:\/\/marekkuchcinski.pl\/wp-content\/uploads\/2019\/05\/1a-1.jpg\" \/>\n\t<meta property=\"og:image:width\" content=\"2048\" \/>\n\t<meta property=\"og:image:height\" content=\"1371\" \/>\n\t<meta property=\"og:image:type\" content=\"image\/jpeg\" \/>\n<meta name=\"author\" content=\"admin\" \/>\n<meta name=\"twitter:card\" content=\"summary_large_image\" \/>\n<meta name=\"twitter:label1\" content=\"Napsal(a)\" \/>\n\t<meta name=\"twitter:data1\" content=\"admin\" \/>\n\t<meta name=\"twitter:label2\" content=\"Odhadovan\u00e1 doba \u010dten\u00ed\" \/>\n\t<meta name=\"twitter:data2\" content=\"3 minuty\" \/>\n<script type=\"application\/ld+json\" class=\"yoast-schema-graph\">{\"@context\":\"https:\/\/schema.org\",\"@graph\":[{\"@type\":\"Article\",\"@id\":\"https:\/\/marekkuchcinski.pl\/cs\/wydarzenia\/15694\/#article\",\"isPartOf\":{\"@id\":\"https:\/\/marekkuchcinski.pl\/cs\/wydarzenia\/15694\/\"},\"author\":{\"name\":\"admin\",\"@id\":\"https:\/\/marekkuchcinski.pl\/#\/schema\/person\/6f62700996b4d950b6ea2d1183b6c6be\"},\"headline\":\"IPN przyzna\u0142 Nagrody &#8222;Kustosz Pami\u0119ci Narodowej&#8221;\",\"datePublished\":\"2019-05-28T14:29:39+00:00\",\"dateModified\":\"2019-05-29T07:19:41+00:00\",\"mainEntityOfPage\":{\"@id\":\"https:\/\/marekkuchcinski.pl\/cs\/wydarzenia\/15694\/\"},\"wordCount\":701,\"commentCount\":0,\"publisher\":{\"@id\":\"https:\/\/marekkuchcinski.pl\/#organization\"},\"image\":{\"@id\":\"https:\/\/marekkuchcinski.pl\/cs\/wydarzenia\/15694\/#primaryimage\"},\"thumbnailUrl\":\"https:\/\/marekkuchcinski.pl\/wp-content\/uploads\/2019\/05\/1a-1.jpg\",\"articleSection\":[\"Wydarzenia\"],\"inLanguage\":\"cs\",\"potentialAction\":[{\"@type\":\"CommentAction\",\"name\":\"Comment\",\"target\":[\"https:\/\/marekkuchcinski.pl\/cs\/wydarzenia\/15694\/#respond\"]}]},{\"@type\":\"WebPage\",\"@id\":\"https:\/\/marekkuchcinski.pl\/cs\/wydarzenia\/15694\/\",\"url\":\"https:\/\/marekkuchcinski.pl\/cs\/wydarzenia\/15694\/\",\"name\":\"IPN przyzna\u0142 Nagrody \\\"Kustosz Pami\u0119ci Narodowej\\\" &#8211; Marek Kuchci\u0144ski\",\"isPartOf\":{\"@id\":\"https:\/\/marekkuchcinski.pl\/#website\"},\"primaryImageOfPage\":{\"@id\":\"https:\/\/marekkuchcinski.pl\/cs\/wydarzenia\/15694\/#primaryimage\"},\"image\":{\"@id\":\"https:\/\/marekkuchcinski.pl\/cs\/wydarzenia\/15694\/#primaryimage\"},\"thumbnailUrl\":\"https:\/\/marekkuchcinski.pl\/wp-content\/uploads\/2019\/05\/1a-1.jpg\",\"datePublished\":\"2019-05-28T14:29:39+00:00\",\"dateModified\":\"2019-05-29T07:19:41+00:00\",\"breadcrumb\":{\"@id\":\"https:\/\/marekkuchcinski.pl\/cs\/wydarzenia\/15694\/#breadcrumb\"},\"inLanguage\":\"cs\",\"potentialAction\":[{\"@type\":\"ReadAction\",\"target\":[\"https:\/\/marekkuchcinski.pl\/cs\/wydarzenia\/15694\/\"]}]},{\"@type\":\"ImageObject\",\"inLanguage\":\"cs\",\"@id\":\"https:\/\/marekkuchcinski.pl\/cs\/wydarzenia\/15694\/#primaryimage\",\"url\":\"https:\/\/marekkuchcinski.pl\/wp-content\/uploads\/2019\/05\/1a-1.jpg\",\"contentUrl\":\"https:\/\/marekkuchcinski.pl\/wp-content\/uploads\/2019\/05\/1a-1.jpg\",\"width\":2048,\"height\":1371},{\"@type\":\"BreadcrumbList\",\"@id\":\"https:\/\/marekkuchcinski.pl\/cs\/wydarzenia\/15694\/#breadcrumb\",\"itemListElement\":[{\"@type\":\"ListItem\",\"position\":1,\"name\":\"Strona g\u0142\u00f3wna\",\"item\":\"https:\/\/marekkuchcinski.pl\/\"},{\"@type\":\"ListItem\",\"position\":2,\"name\":\"IPN przyzna\u0142 Nagrody &#8220;Kustosz Pami\u0119ci Narodowej&#8221;\"}]},{\"@type\":\"WebSite\",\"@id\":\"https:\/\/marekkuchcinski.pl\/#website\",\"url\":\"https:\/\/marekkuchcinski.pl\/\",\"name\":\"Marek Kuchci\u0144ski\",\"description\":\"Pose\u0142 na sejm RP &ndash; okr\u0119g nr 22\",\"publisher\":{\"@id\":\"https:\/\/marekkuchcinski.pl\/#organization\"},\"potentialAction\":[{\"@type\":\"SearchAction\",\"target\":{\"@type\":\"EntryPoint\",\"urlTemplate\":\"https:\/\/marekkuchcinski.pl\/?s={search_term_string}\"},\"query-input\":{\"@type\":\"PropertyValueSpecification\",\"valueRequired\":true,\"valueName\":\"search_term_string\"}}],\"inLanguage\":\"cs\"},{\"@type\":\"Organization\",\"@id\":\"https:\/\/marekkuchcinski.pl\/#organization\",\"name\":\"Marek Kuchci\u0144ski\",\"url\":\"https:\/\/marekkuchcinski.pl\/\",\"logo\":{\"@type\":\"ImageObject\",\"inLanguage\":\"cs\",\"@id\":\"https:\/\/marekkuchcinski.pl\/#\/schema\/logo\/image\/\",\"url\":\"https:\/\/marekkuchcinski.pl\/wp-content\/uploads\/2022\/09\/Marek.jpg\",\"contentUrl\":\"https:\/\/marekkuchcinski.pl\/wp-content\/uploads\/2022\/09\/Marek.jpg\",\"width\":1600,\"height\":971,\"caption\":\"Marek Kuchci\u0144ski\"},\"image\":{\"@id\":\"https:\/\/marekkuchcinski.pl\/#\/schema\/logo\/image\/\"}},{\"@type\":\"Person\",\"@id\":\"https:\/\/marekkuchcinski.pl\/#\/schema\/person\/6f62700996b4d950b6ea2d1183b6c6be\",\"name\":\"admin\",\"image\":{\"@type\":\"ImageObject\",\"inLanguage\":\"cs\",\"@id\":\"https:\/\/marekkuchcinski.pl\/#\/schema\/person\/image\/\",\"url\":\"https:\/\/secure.gravatar.com\/avatar\/4bab693b9d55c3d6b52c0296a8765085?s=96&d=mm&r=g\",\"contentUrl\":\"https:\/\/secure.gravatar.com\/avatar\/4bab693b9d55c3d6b52c0296a8765085?s=96&d=mm&r=g\",\"caption\":\"admin\"},\"url\":\"https:\/\/marekkuchcinski.pl\/cs\/author\/marta-olejnik\/\"}]}<\/script>\n<!-- \/ Yoast SEO plugin. -->","yoast_head_json":{"title":"IPN przyzna\u0142 Nagrody \"Kustosz Pami\u0119ci Narodowej\" &#8211; Marek Kuchci\u0144ski","robots":{"index":"index","follow":"follow","max-snippet":"max-snippet:-1","max-image-preview":"max-image-preview:large","max-video-preview":"max-video-preview:-1"},"canonical":"https:\/\/marekkuchcinski.pl\/cs\/wydarzenia\/15694\/","og_locale":"cs_CZ","og_type":"article","og_title":"IPN przyzna\u0142 Nagrody \"Kustosz Pami\u0119ci Narodowej\" &#8211; Marek Kuchci\u0144ski","og_description":"Biada narodowi, kt\u00f3ry o zachowanie pami\u0105tek przesz\u0142o\u015bci si\u0119 nie stara; wyrok zguby w\u00f3wczas dla siebie pisze \u2013 te s\u0142owa \u015bw. Rafa\u0142a Kalinowskiego, powsta\u0144ca styczniowego, &nbsp;przy\u015bwiecaj\u0105 idei nagrody przyznawanej przez Instytut Pami\u0119ci Narodowej. Kustosza Pami\u0119ci otrzymuj\u0105 bowiem osoby, kt\u00f3re po\u015bwi\u0119caj\u0105 si\u0119 dla Polski \u2013 kultywuj\u0105 jej tradycj\u0119, histori\u0119, chroni\u0105 od zapomnienia narodowe dziedzictwo kraju, kt\u00f3ry wycierpia\u0142 [&hellip;]","og_url":"https:\/\/marekkuchcinski.pl\/cs\/wydarzenia\/15694\/","og_site_name":"Marek Kuchci\u0144ski","article_published_time":"2019-05-28T14:29:39+00:00","article_modified_time":"2019-05-29T07:19:41+00:00","og_image":[{"width":2048,"height":1371,"url":"https:\/\/marekkuchcinski.pl\/wp-content\/uploads\/2019\/05\/1a-1.jpg","type":"image\/jpeg"}],"author":"admin","twitter_card":"summary_large_image","twitter_misc":{"Napsal(a)":"admin","Odhadovan\u00e1 doba \u010dten\u00ed":"3 minuty"},"schema":{"@context":"https:\/\/schema.org","@graph":[{"@type":"Article","@id":"https:\/\/marekkuchcinski.pl\/cs\/wydarzenia\/15694\/#article","isPartOf":{"@id":"https:\/\/marekkuchcinski.pl\/cs\/wydarzenia\/15694\/"},"author":{"name":"admin","@id":"https:\/\/marekkuchcinski.pl\/#\/schema\/person\/6f62700996b4d950b6ea2d1183b6c6be"},"headline":"IPN przyzna\u0142 Nagrody &#8222;Kustosz Pami\u0119ci Narodowej&#8221;","datePublished":"2019-05-28T14:29:39+00:00","dateModified":"2019-05-29T07:19:41+00:00","mainEntityOfPage":{"@id":"https:\/\/marekkuchcinski.pl\/cs\/wydarzenia\/15694\/"},"wordCount":701,"commentCount":0,"publisher":{"@id":"https:\/\/marekkuchcinski.pl\/#organization"},"image":{"@id":"https:\/\/marekkuchcinski.pl\/cs\/wydarzenia\/15694\/#primaryimage"},"thumbnailUrl":"https:\/\/marekkuchcinski.pl\/wp-content\/uploads\/2019\/05\/1a-1.jpg","articleSection":["Wydarzenia"],"inLanguage":"cs","potentialAction":[{"@type":"CommentAction","name":"Comment","target":["https:\/\/marekkuchcinski.pl\/cs\/wydarzenia\/15694\/#respond"]}]},{"@type":"WebPage","@id":"https:\/\/marekkuchcinski.pl\/cs\/wydarzenia\/15694\/","url":"https:\/\/marekkuchcinski.pl\/cs\/wydarzenia\/15694\/","name":"IPN przyzna\u0142 Nagrody \"Kustosz Pami\u0119ci Narodowej\" &#8211; Marek Kuchci\u0144ski","isPartOf":{"@id":"https:\/\/marekkuchcinski.pl\/#website"},"primaryImageOfPage":{"@id":"https:\/\/marekkuchcinski.pl\/cs\/wydarzenia\/15694\/#primaryimage"},"image":{"@id":"https:\/\/marekkuchcinski.pl\/cs\/wydarzenia\/15694\/#primaryimage"},"thumbnailUrl":"https:\/\/marekkuchcinski.pl\/wp-content\/uploads\/2019\/05\/1a-1.jpg","datePublished":"2019-05-28T14:29:39+00:00","dateModified":"2019-05-29T07:19:41+00:00","breadcrumb":{"@id":"https:\/\/marekkuchcinski.pl\/cs\/wydarzenia\/15694\/#breadcrumb"},"inLanguage":"cs","potentialAction":[{"@type":"ReadAction","target":["https:\/\/marekkuchcinski.pl\/cs\/wydarzenia\/15694\/"]}]},{"@type":"ImageObject","inLanguage":"cs","@id":"https:\/\/marekkuchcinski.pl\/cs\/wydarzenia\/15694\/#primaryimage","url":"https:\/\/marekkuchcinski.pl\/wp-content\/uploads\/2019\/05\/1a-1.jpg","contentUrl":"https:\/\/marekkuchcinski.pl\/wp-content\/uploads\/2019\/05\/1a-1.jpg","width":2048,"height":1371},{"@type":"BreadcrumbList","@id":"https:\/\/marekkuchcinski.pl\/cs\/wydarzenia\/15694\/#breadcrumb","itemListElement":[{"@type":"ListItem","position":1,"name":"Strona g\u0142\u00f3wna","item":"https:\/\/marekkuchcinski.pl\/"},{"@type":"ListItem","position":2,"name":"IPN przyzna\u0142 Nagrody &#8220;Kustosz Pami\u0119ci Narodowej&#8221;"}]},{"@type":"WebSite","@id":"https:\/\/marekkuchcinski.pl\/#website","url":"https:\/\/marekkuchcinski.pl\/","name":"Marek Kuchci\u0144ski","description":"Pose\u0142 na sejm RP &ndash; okr\u0119g nr 22","publisher":{"@id":"https:\/\/marekkuchcinski.pl\/#organization"},"potentialAction":[{"@type":"SearchAction","target":{"@type":"EntryPoint","urlTemplate":"https:\/\/marekkuchcinski.pl\/?s={search_term_string}"},"query-input":{"@type":"PropertyValueSpecification","valueRequired":true,"valueName":"search_term_string"}}],"inLanguage":"cs"},{"@type":"Organization","@id":"https:\/\/marekkuchcinski.pl\/#organization","name":"Marek Kuchci\u0144ski","url":"https:\/\/marekkuchcinski.pl\/","logo":{"@type":"ImageObject","inLanguage":"cs","@id":"https:\/\/marekkuchcinski.pl\/#\/schema\/logo\/image\/","url":"https:\/\/marekkuchcinski.pl\/wp-content\/uploads\/2022\/09\/Marek.jpg","contentUrl":"https:\/\/marekkuchcinski.pl\/wp-content\/uploads\/2022\/09\/Marek.jpg","width":1600,"height":971,"caption":"Marek Kuchci\u0144ski"},"image":{"@id":"https:\/\/marekkuchcinski.pl\/#\/schema\/logo\/image\/"}},{"@type":"Person","@id":"https:\/\/marekkuchcinski.pl\/#\/schema\/person\/6f62700996b4d950b6ea2d1183b6c6be","name":"admin","image":{"@type":"ImageObject","inLanguage":"cs","@id":"https:\/\/marekkuchcinski.pl\/#\/schema\/person\/image\/","url":"https:\/\/secure.gravatar.com\/avatar\/4bab693b9d55c3d6b52c0296a8765085?s=96&d=mm&r=g","contentUrl":"https:\/\/secure.gravatar.com\/avatar\/4bab693b9d55c3d6b52c0296a8765085?s=96&d=mm&r=g","caption":"admin"},"url":"https:\/\/marekkuchcinski.pl\/cs\/author\/marta-olejnik\/"}]}},"_links":{"self":[{"href":"https:\/\/marekkuchcinski.pl\/cs\/wp-json\/wp\/v2\/posts\/15694","targetHints":{"allow":["GET"]}}],"collection":[{"href":"https:\/\/marekkuchcinski.pl\/cs\/wp-json\/wp\/v2\/posts"}],"about":[{"href":"https:\/\/marekkuchcinski.pl\/cs\/wp-json\/wp\/v2\/types\/post"}],"author":[{"embeddable":true,"href":"https:\/\/marekkuchcinski.pl\/cs\/wp-json\/wp\/v2\/users\/6"}],"replies":[{"embeddable":true,"href":"https:\/\/marekkuchcinski.pl\/cs\/wp-json\/wp\/v2\/comments?post=15694"}],"version-history":[{"count":7,"href":"https:\/\/marekkuchcinski.pl\/cs\/wp-json\/wp\/v2\/posts\/15694\/revisions"}],"predecessor-version":[{"id":15764,"href":"https:\/\/marekkuchcinski.pl\/cs\/wp-json\/wp\/v2\/posts\/15694\/revisions\/15764"}],"wp:featuredmedia":[{"embeddable":true,"href":"https:\/\/marekkuchcinski.pl\/cs\/wp-json\/wp\/v2\/media\/15723"}],"wp:attachment":[{"href":"https:\/\/marekkuchcinski.pl\/cs\/wp-json\/wp\/v2\/media?parent=15694"}],"wp:term":[{"taxonomy":"category","embeddable":true,"href":"https:\/\/marekkuchcinski.pl\/cs\/wp-json\/wp\/v2\/categories?post=15694"},{"taxonomy":"post_tag","embeddable":true,"href":"https:\/\/marekkuchcinski.pl\/cs\/wp-json\/wp\/v2\/tags?post=15694"}],"curies":[{"name":"wp","href":"https:\/\/api.w.org\/{rel}","templated":true}]}}