{"id":15573,"date":"2019-05-23T15:15:41","date_gmt":"2019-05-23T13:15:41","guid":{"rendered":"https:\/\/marekkuchcinski.pl\/?p=15573"},"modified":"2019-05-23T15:15:43","modified_gmt":"2019-05-23T13:15:43","slug":"dobra-sytuacja-spoleczno-gospodarcza-przed-wyborami-do-parlamentu-europejskiego","status":"publish","type":"post","link":"https:\/\/marekkuchcinski.pl\/cs\/wydarzenia\/dobra-sytuacja-spoleczno-gospodarcza-przed-wyborami-do-parlamentu-europejskiego\/","title":{"rendered":"Dobr\u00e1 socioekonomick\u00e1 situace p\u0159ed volbami do Evropsk\u00e9ho parlamentu"},"content":{"rendered":"<p><strong>Pod\u00edl t\u011bch, kte\u0159\u00ed deklaruj\u00ed ochotu volit ve volb\u00e1ch do Sejmu stranu Pr\u00e1vo a spravedlnost, se zv\u00fd\u0161il o 4 procentn\u00ed body (kv\u011btnov\u00fd pr\u016fm\u011br 44 %). Podle telefonick\u00fdch a online pr\u016fzkum\u016f agentur IBRIS, TNS a Ariadna se pod\u00edl voli\u010d\u016f, kte\u0159\u00ed deklarovali ochotu volit PO, nezm\u011bnil (23 %) a podpora Wiosny ji\u017e t\u0159et\u00ed m\u011bs\u00edc po sob\u011b klesla (v kv\u011btnu na 8 %).<\/strong><\/p>\n\n\n\n<p>Ve volb\u00e1ch do Evropsk\u00e9ho parlamentu m\u00e1 PiS\nn\u00e1skok 3 procentn\u00ed body p\u0159ed Evropskou koalic\u00ed (pr\u016fm\u011br za posledn\u00edch 5 let).\nIBRIS, Ariadna, Kantar, pr\u016fzkumy Social Change).<\/p>\n\n\n\n<p>Do\u0161lo tak\u00e9 ke zv\u00fd\u0161en\u00ed aktu\u00e1ln\u00edho indexu spot\u0159ebitelsk\u00e9 d\u016fv\u011bry.\n(pr\u016fzkum \u010cS\u00da) - v kv\u011btnu na 8,3 bodu (+1,1 bodu). To je nejvy\u0161\u0161\u00ed v\u00fdsledek\nv historii pr\u016fzkumu (od roku 2004). Optimismus spot\u0159ebitel\u016f tak\u00e9 prudce vzrostl\n- o 1,4 bodu na 4,9 bodu (pr\u016fzkum \u010cS\u00da).<\/p>\n\n\n\n<p>Hlavn\u00edmi faktory r\u016fstu jsou zlep\u0161uj\u00edc\u00ed se hodnocen\u00ed ekonomiky zem\u011b a sni\u017euj\u00edc\u00ed se\nvyhl\u00eddky na r\u016fst nezam\u011bstnanosti. Spot\u0159ebitel\u00e9 \u010dast\u011bji vyjad\u0159uj\u00ed optimismus ne\u017e\npesimismus od kv\u011btna 2017.<\/p>\n\n\n\n<p>Za zm\u00ednku stoj\u00ed tak\u00e9 to, \u017ee dynamika prodeje v dubnu\nje nejvy\u0161\u0161\u00ed za posledn\u00edch osm let (v\u00fdsledky hl\u00e1s\u00ed \u00dast\u0159edn\u00ed statistick\u00fd \u00fa\u0159ad), daleko nad \u00farovn\u00ed\no\u010dek\u00e1v\u00e1n\u00ed analytik\u016f trhu. To je d\u016fsledek dobr\u00e9 kondice ekonomiky, p\u0159\u00edjm\u016f\n(pokles nezam\u011bstnanosti, trh pr\u00e1ce p\u0159\u00edzniv\u00fd pro zam\u011bstnance). V\u00fdsledky\nprodeje jsou velmi dobr\u00e9, bez ohledu na vliv v\u00e1no\u010dn\u00edch n\u00e1kup\u016f. Takov\u00e9\nv\u00fdsledek je tvrd\u00fdm ukazatelem dobr\u00e9 hospod\u00e1\u0159sk\u00e9 a soci\u00e1ln\u00ed politiky.<\/p>\n\n\n\n<p>P\u0159ipome\u0148me, \u017ee na \u00fa\u010dty d\u016fchodc\u016f jsou v sou\u010dasn\u00e9 dob\u011b p\u0159ipisov\u00e1ny pen\u00edze v r\u00e1mci 13. d\u016fchodu... \u010cek\u00e1 n\u00e1s tak\u00e9 roz\u0161\u00ed\u0159en\u00ed programu 500 plus (od \u010dervence)! <\/p>\n\n\n\n<p><em>mo<\/em><\/p>\n\n\n\n<p><\/p>","protected":false},"excerpt":{"rendered":"<p>O 4 punkty proc. wzr\u00f3s\u0142 odsetek deklaruj\u0105cych ch\u0119\u0107 g\u0142osowania na Prawo i Sprawiedliwo\u015b\u0107 w wyborach do Sejmu (\u015brednia w maju ok 44 proc.). Wed\u0142ug bada\u0144 telefonicznych i internetowych, przeprowadzonych przez IBRIS, TNS, Ariadna nie zmieni\u0142 si\u0119 odsetek deklaruj\u0105cych ch\u0119\u0107 g\u0142osowania na PO (23 proc.); a trzeci miesi\u0105c z kolei spad\u0142o poparcie Wiosny (do 8 proc. [&hellip;]<\/p>","protected":false},"author":6,"featured_media":15578,"comment_status":"open","ping_status":"open","sticky":false,"template":"","format":"standard","meta":{"ngg_post_thumbnail":0,"footnotes":""},"categories":[83,49,82,3],"tags":[],"class_list":["post-15573","post","type-post","status-publish","format-standard","has-post-thumbnail","hentry","category-badania-spoleczne","category-podkarpacie","category-prawo-i-sprawiedliwosc","category-wydarzenia"],"yoast_head":"<!-- This site is optimized with the Yoast SEO plugin v24.7 - https:\/\/yoast.com\/wordpress\/plugins\/seo\/ -->\n<title>Dobra sytuacja spo\u0142eczno-gospodarcza przed wyborami do Parlamentu Europejskiego &#8211; Marek Kuchci\u0144ski<\/title>\n<meta name=\"robots\" content=\"index, follow, max-snippet:-1, max-image-preview:large, max-video-preview:-1\" \/>\n<link rel=\"canonical\" href=\"https:\/\/marekkuchcinski.pl\/cs\/wydarzenia\/dobra-sytuacja-spoleczno-gospodarcza-przed-wyborami-do-parlamentu-europejskiego\/\" \/>\n<meta property=\"og:locale\" content=\"cs_CZ\" \/>\n<meta property=\"og:type\" content=\"article\" \/>\n<meta property=\"og:title\" content=\"Dobra sytuacja spo\u0142eczno-gospodarcza przed wyborami do Parlamentu Europejskiego &#8211; Marek Kuchci\u0144ski\" \/>\n<meta property=\"og:description\" content=\"O 4 punkty proc. wzr\u00f3s\u0142 odsetek deklaruj\u0105cych ch\u0119\u0107 g\u0142osowania na Prawo i Sprawiedliwo\u015b\u0107 w wyborach do Sejmu (\u015brednia w maju ok 44 proc.). Wed\u0142ug bada\u0144 telefonicznych i internetowych, przeprowadzonych przez IBRIS, TNS, Ariadna nie zmieni\u0142 si\u0119 odsetek deklaruj\u0105cych ch\u0119\u0107 g\u0142osowania na PO (23 proc.); a trzeci miesi\u0105c z kolei spad\u0142o poparcie Wiosny (do 8 proc. [&hellip;]\" \/>\n<meta property=\"og:url\" content=\"https:\/\/marekkuchcinski.pl\/cs\/wydarzenia\/dobra-sytuacja-spoleczno-gospodarcza-przed-wyborami-do-parlamentu-europejskiego\/\" \/>\n<meta property=\"og:site_name\" content=\"Marek Kuchci\u0144ski\" \/>\n<meta property=\"article:published_time\" content=\"2019-05-23T13:15:41+00:00\" \/>\n<meta property=\"article:modified_time\" content=\"2019-05-23T13:15:43+00:00\" \/>\n<meta property=\"og:image\" content=\"https:\/\/marekkuchcinski.pl\/wp-content\/uploads\/2019\/05\/received_308044190069462-1024x673-1.jpeg\" \/>\n\t<meta property=\"og:image:width\" content=\"1024\" \/>\n\t<meta property=\"og:image:height\" content=\"673\" \/>\n\t<meta property=\"og:image:type\" content=\"image\/jpeg\" \/>\n<meta name=\"author\" content=\"admin\" \/>\n<meta name=\"twitter:card\" content=\"summary_large_image\" \/>\n<meta name=\"twitter:label1\" content=\"Napsal(a)\" \/>\n\t<meta name=\"twitter:data1\" content=\"admin\" \/>\n\t<meta name=\"twitter:label2\" content=\"Odhadovan\u00e1 doba \u010dten\u00ed\" \/>\n\t<meta name=\"twitter:data2\" content=\"1 minuta\" \/>\n<script type=\"application\/ld+json\" class=\"yoast-schema-graph\">{\"@context\":\"https:\/\/schema.org\",\"@graph\":[{\"@type\":\"Article\",\"@id\":\"https:\/\/marekkuchcinski.pl\/en\/wydarzenia\/dobra-sytuacja-spoleczno-gospodarcza-przed-wyborami-do-parlamentu-europejskiego\/#article\",\"isPartOf\":{\"@id\":\"https:\/\/marekkuchcinski.pl\/en\/wydarzenia\/dobra-sytuacja-spoleczno-gospodarcza-przed-wyborami-do-parlamentu-europejskiego\/\"},\"author\":{\"name\":\"admin\",\"@id\":\"https:\/\/marekkuchcinski.pl\/#\/schema\/person\/6f62700996b4d950b6ea2d1183b6c6be\"},\"headline\":\"Dobra sytuacja spo\u0142eczno-gospodarcza przed wyborami do Parlamentu Europejskiego\",\"datePublished\":\"2019-05-23T13:15:41+00:00\",\"dateModified\":\"2019-05-23T13:15:43+00:00\",\"mainEntityOfPage\":{\"@id\":\"https:\/\/marekkuchcinski.pl\/en\/wydarzenia\/dobra-sytuacja-spoleczno-gospodarcza-przed-wyborami-do-parlamentu-europejskiego\/\"},\"wordCount\":254,\"commentCount\":0,\"publisher\":{\"@id\":\"https:\/\/marekkuchcinski.pl\/#organization\"},\"image\":{\"@id\":\"https:\/\/marekkuchcinski.pl\/en\/wydarzenia\/dobra-sytuacja-spoleczno-gospodarcza-przed-wyborami-do-parlamentu-europejskiego\/#primaryimage\"},\"thumbnailUrl\":\"https:\/\/marekkuchcinski.pl\/wp-content\/uploads\/2019\/05\/received_308044190069462-1024x673-1.jpeg\",\"articleSection\":[\"Badania spo\u0142eczne\",\"Podkarpacie\",\"Prawo i Sprawiedliwo\u015b\u0107\",\"Wydarzenia\"],\"inLanguage\":\"cs\",\"potentialAction\":[{\"@type\":\"CommentAction\",\"name\":\"Comment\",\"target\":[\"https:\/\/marekkuchcinski.pl\/en\/wydarzenia\/dobra-sytuacja-spoleczno-gospodarcza-przed-wyborami-do-parlamentu-europejskiego\/#respond\"]}]},{\"@type\":\"WebPage\",\"@id\":\"https:\/\/marekkuchcinski.pl\/en\/wydarzenia\/dobra-sytuacja-spoleczno-gospodarcza-przed-wyborami-do-parlamentu-europejskiego\/\",\"url\":\"https:\/\/marekkuchcinski.pl\/en\/wydarzenia\/dobra-sytuacja-spoleczno-gospodarcza-przed-wyborami-do-parlamentu-europejskiego\/\",\"name\":\"Dobra sytuacja spo\u0142eczno-gospodarcza przed wyborami do Parlamentu Europejskiego &#8211; Marek Kuchci\u0144ski\",\"isPartOf\":{\"@id\":\"https:\/\/marekkuchcinski.pl\/#website\"},\"primaryImageOfPage\":{\"@id\":\"https:\/\/marekkuchcinski.pl\/en\/wydarzenia\/dobra-sytuacja-spoleczno-gospodarcza-przed-wyborami-do-parlamentu-europejskiego\/#primaryimage\"},\"image\":{\"@id\":\"https:\/\/marekkuchcinski.pl\/en\/wydarzenia\/dobra-sytuacja-spoleczno-gospodarcza-przed-wyborami-do-parlamentu-europejskiego\/#primaryimage\"},\"thumbnailUrl\":\"https:\/\/marekkuchcinski.pl\/wp-content\/uploads\/2019\/05\/received_308044190069462-1024x673-1.jpeg\",\"datePublished\":\"2019-05-23T13:15:41+00:00\",\"dateModified\":\"2019-05-23T13:15:43+00:00\",\"breadcrumb\":{\"@id\":\"https:\/\/marekkuchcinski.pl\/en\/wydarzenia\/dobra-sytuacja-spoleczno-gospodarcza-przed-wyborami-do-parlamentu-europejskiego\/#breadcrumb\"},\"inLanguage\":\"cs\",\"potentialAction\":[{\"@type\":\"ReadAction\",\"target\":[\"https:\/\/marekkuchcinski.pl\/en\/wydarzenia\/dobra-sytuacja-spoleczno-gospodarcza-przed-wyborami-do-parlamentu-europejskiego\/\"]}]},{\"@type\":\"ImageObject\",\"inLanguage\":\"cs\",\"@id\":\"https:\/\/marekkuchcinski.pl\/en\/wydarzenia\/dobra-sytuacja-spoleczno-gospodarcza-przed-wyborami-do-parlamentu-europejskiego\/#primaryimage\",\"url\":\"https:\/\/marekkuchcinski.pl\/wp-content\/uploads\/2019\/05\/received_308044190069462-1024x673-1.jpeg\",\"contentUrl\":\"https:\/\/marekkuchcinski.pl\/wp-content\/uploads\/2019\/05\/received_308044190069462-1024x673-1.jpeg\",\"width\":1024,\"height\":673},{\"@type\":\"BreadcrumbList\",\"@id\":\"https:\/\/marekkuchcinski.pl\/en\/wydarzenia\/dobra-sytuacja-spoleczno-gospodarcza-przed-wyborami-do-parlamentu-europejskiego\/#breadcrumb\",\"itemListElement\":[{\"@type\":\"ListItem\",\"position\":1,\"name\":\"Strona g\u0142\u00f3wna\",\"item\":\"https:\/\/marekkuchcinski.pl\/\"},{\"@type\":\"ListItem\",\"position\":2,\"name\":\"Dobra sytuacja spo\u0142eczno-gospodarcza przed wyborami do Parlamentu Europejskiego\"}]},{\"@type\":\"WebSite\",\"@id\":\"https:\/\/marekkuchcinski.pl\/#website\",\"url\":\"https:\/\/marekkuchcinski.pl\/\",\"name\":\"Marek Kuchci\u0144ski\",\"description\":\"Pose\u0142 na sejm RP &ndash; okr\u0119g nr 22\",\"publisher\":{\"@id\":\"https:\/\/marekkuchcinski.pl\/#organization\"},\"potentialAction\":[{\"@type\":\"SearchAction\",\"target\":{\"@type\":\"EntryPoint\",\"urlTemplate\":\"https:\/\/marekkuchcinski.pl\/?s={search_term_string}\"},\"query-input\":{\"@type\":\"PropertyValueSpecification\",\"valueRequired\":true,\"valueName\":\"search_term_string\"}}],\"inLanguage\":\"cs\"},{\"@type\":\"Organization\",\"@id\":\"https:\/\/marekkuchcinski.pl\/#organization\",\"name\":\"Marek Kuchci\u0144ski\",\"url\":\"https:\/\/marekkuchcinski.pl\/\",\"logo\":{\"@type\":\"ImageObject\",\"inLanguage\":\"cs\",\"@id\":\"https:\/\/marekkuchcinski.pl\/#\/schema\/logo\/image\/\",\"url\":\"https:\/\/marekkuchcinski.pl\/wp-content\/uploads\/2022\/09\/Marek.jpg\",\"contentUrl\":\"https:\/\/marekkuchcinski.pl\/wp-content\/uploads\/2022\/09\/Marek.jpg\",\"width\":1600,\"height\":971,\"caption\":\"Marek Kuchci\u0144ski\"},\"image\":{\"@id\":\"https:\/\/marekkuchcinski.pl\/#\/schema\/logo\/image\/\"}},{\"@type\":\"Person\",\"@id\":\"https:\/\/marekkuchcinski.pl\/#\/schema\/person\/6f62700996b4d950b6ea2d1183b6c6be\",\"name\":\"admin\",\"image\":{\"@type\":\"ImageObject\",\"inLanguage\":\"cs\",\"@id\":\"https:\/\/marekkuchcinski.pl\/#\/schema\/person\/image\/\",\"url\":\"https:\/\/secure.gravatar.com\/avatar\/4bab693b9d55c3d6b52c0296a8765085?s=96&d=mm&r=g\",\"contentUrl\":\"https:\/\/secure.gravatar.com\/avatar\/4bab693b9d55c3d6b52c0296a8765085?s=96&d=mm&r=g\",\"caption\":\"admin\"},\"url\":\"https:\/\/marekkuchcinski.pl\/cs\/author\/marta-olejnik\/\"}]}<\/script>\n<!-- \/ Yoast SEO plugin. -->","yoast_head_json":{"title":"Dobra sytuacja spo\u0142eczno-gospodarcza przed wyborami do Parlamentu Europejskiego &#8211; Marek Kuchci\u0144ski","robots":{"index":"index","follow":"follow","max-snippet":"max-snippet:-1","max-image-preview":"max-image-preview:large","max-video-preview":"max-video-preview:-1"},"canonical":"https:\/\/marekkuchcinski.pl\/cs\/wydarzenia\/dobra-sytuacja-spoleczno-gospodarcza-przed-wyborami-do-parlamentu-europejskiego\/","og_locale":"cs_CZ","og_type":"article","og_title":"Dobra sytuacja spo\u0142eczno-gospodarcza przed wyborami do Parlamentu Europejskiego &#8211; Marek Kuchci\u0144ski","og_description":"O 4 punkty proc. wzr\u00f3s\u0142 odsetek deklaruj\u0105cych ch\u0119\u0107 g\u0142osowania na Prawo i Sprawiedliwo\u015b\u0107 w wyborach do Sejmu (\u015brednia w maju ok 44 proc.). Wed\u0142ug bada\u0144 telefonicznych i internetowych, przeprowadzonych przez IBRIS, TNS, Ariadna nie zmieni\u0142 si\u0119 odsetek deklaruj\u0105cych ch\u0119\u0107 g\u0142osowania na PO (23 proc.); a trzeci miesi\u0105c z kolei spad\u0142o poparcie Wiosny (do 8 proc. [&hellip;]","og_url":"https:\/\/marekkuchcinski.pl\/cs\/wydarzenia\/dobra-sytuacja-spoleczno-gospodarcza-przed-wyborami-do-parlamentu-europejskiego\/","og_site_name":"Marek Kuchci\u0144ski","article_published_time":"2019-05-23T13:15:41+00:00","article_modified_time":"2019-05-23T13:15:43+00:00","og_image":[{"width":1024,"height":673,"url":"https:\/\/marekkuchcinski.pl\/wp-content\/uploads\/2019\/05\/received_308044190069462-1024x673-1.jpeg","type":"image\/jpeg"}],"author":"admin","twitter_card":"summary_large_image","twitter_misc":{"Napsal(a)":"admin","Odhadovan\u00e1 doba \u010dten\u00ed":"1 minuta"},"schema":{"@context":"https:\/\/schema.org","@graph":[{"@type":"Article","@id":"https:\/\/marekkuchcinski.pl\/en\/wydarzenia\/dobra-sytuacja-spoleczno-gospodarcza-przed-wyborami-do-parlamentu-europejskiego\/#article","isPartOf":{"@id":"https:\/\/marekkuchcinski.pl\/en\/wydarzenia\/dobra-sytuacja-spoleczno-gospodarcza-przed-wyborami-do-parlamentu-europejskiego\/"},"author":{"name":"admin","@id":"https:\/\/marekkuchcinski.pl\/#\/schema\/person\/6f62700996b4d950b6ea2d1183b6c6be"},"headline":"Dobra sytuacja spo\u0142eczno-gospodarcza przed wyborami do Parlamentu Europejskiego","datePublished":"2019-05-23T13:15:41+00:00","dateModified":"2019-05-23T13:15:43+00:00","mainEntityOfPage":{"@id":"https:\/\/marekkuchcinski.pl\/en\/wydarzenia\/dobra-sytuacja-spoleczno-gospodarcza-przed-wyborami-do-parlamentu-europejskiego\/"},"wordCount":254,"commentCount":0,"publisher":{"@id":"https:\/\/marekkuchcinski.pl\/#organization"},"image":{"@id":"https:\/\/marekkuchcinski.pl\/en\/wydarzenia\/dobra-sytuacja-spoleczno-gospodarcza-przed-wyborami-do-parlamentu-europejskiego\/#primaryimage"},"thumbnailUrl":"https:\/\/marekkuchcinski.pl\/wp-content\/uploads\/2019\/05\/received_308044190069462-1024x673-1.jpeg","articleSection":["Badania spo\u0142eczne","Podkarpacie","Prawo i Sprawiedliwo\u015b\u0107","Wydarzenia"],"inLanguage":"cs","potentialAction":[{"@type":"CommentAction","name":"Comment","target":["https:\/\/marekkuchcinski.pl\/en\/wydarzenia\/dobra-sytuacja-spoleczno-gospodarcza-przed-wyborami-do-parlamentu-europejskiego\/#respond"]}]},{"@type":"WebPage","@id":"https:\/\/marekkuchcinski.pl\/en\/wydarzenia\/dobra-sytuacja-spoleczno-gospodarcza-przed-wyborami-do-parlamentu-europejskiego\/","url":"https:\/\/marekkuchcinski.pl\/en\/wydarzenia\/dobra-sytuacja-spoleczno-gospodarcza-przed-wyborami-do-parlamentu-europejskiego\/","name":"Dobra sytuacja spo\u0142eczno-gospodarcza przed wyborami do Parlamentu Europejskiego &#8211; Marek Kuchci\u0144ski","isPartOf":{"@id":"https:\/\/marekkuchcinski.pl\/#website"},"primaryImageOfPage":{"@id":"https:\/\/marekkuchcinski.pl\/en\/wydarzenia\/dobra-sytuacja-spoleczno-gospodarcza-przed-wyborami-do-parlamentu-europejskiego\/#primaryimage"},"image":{"@id":"https:\/\/marekkuchcinski.pl\/en\/wydarzenia\/dobra-sytuacja-spoleczno-gospodarcza-przed-wyborami-do-parlamentu-europejskiego\/#primaryimage"},"thumbnailUrl":"https:\/\/marekkuchcinski.pl\/wp-content\/uploads\/2019\/05\/received_308044190069462-1024x673-1.jpeg","datePublished":"2019-05-23T13:15:41+00:00","dateModified":"2019-05-23T13:15:43+00:00","breadcrumb":{"@id":"https:\/\/marekkuchcinski.pl\/en\/wydarzenia\/dobra-sytuacja-spoleczno-gospodarcza-przed-wyborami-do-parlamentu-europejskiego\/#breadcrumb"},"inLanguage":"cs","potentialAction":[{"@type":"ReadAction","target":["https:\/\/marekkuchcinski.pl\/en\/wydarzenia\/dobra-sytuacja-spoleczno-gospodarcza-przed-wyborami-do-parlamentu-europejskiego\/"]}]},{"@type":"ImageObject","inLanguage":"cs","@id":"https:\/\/marekkuchcinski.pl\/en\/wydarzenia\/dobra-sytuacja-spoleczno-gospodarcza-przed-wyborami-do-parlamentu-europejskiego\/#primaryimage","url":"https:\/\/marekkuchcinski.pl\/wp-content\/uploads\/2019\/05\/received_308044190069462-1024x673-1.jpeg","contentUrl":"https:\/\/marekkuchcinski.pl\/wp-content\/uploads\/2019\/05\/received_308044190069462-1024x673-1.jpeg","width":1024,"height":673},{"@type":"BreadcrumbList","@id":"https:\/\/marekkuchcinski.pl\/en\/wydarzenia\/dobra-sytuacja-spoleczno-gospodarcza-przed-wyborami-do-parlamentu-europejskiego\/#breadcrumb","itemListElement":[{"@type":"ListItem","position":1,"name":"Strona g\u0142\u00f3wna","item":"https:\/\/marekkuchcinski.pl\/"},{"@type":"ListItem","position":2,"name":"Dobra sytuacja spo\u0142eczno-gospodarcza przed wyborami do Parlamentu Europejskiego"}]},{"@type":"WebSite","@id":"https:\/\/marekkuchcinski.pl\/#website","url":"https:\/\/marekkuchcinski.pl\/","name":"Marek Kuchci\u0144ski","description":"Pose\u0142 na sejm RP &ndash; okr\u0119g nr 22","publisher":{"@id":"https:\/\/marekkuchcinski.pl\/#organization"},"potentialAction":[{"@type":"SearchAction","target":{"@type":"EntryPoint","urlTemplate":"https:\/\/marekkuchcinski.pl\/?s={search_term_string}"},"query-input":{"@type":"PropertyValueSpecification","valueRequired":true,"valueName":"search_term_string"}}],"inLanguage":"cs"},{"@type":"Organization","@id":"https:\/\/marekkuchcinski.pl\/#organization","name":"Marek Kuchci\u0144ski","url":"https:\/\/marekkuchcinski.pl\/","logo":{"@type":"ImageObject","inLanguage":"cs","@id":"https:\/\/marekkuchcinski.pl\/#\/schema\/logo\/image\/","url":"https:\/\/marekkuchcinski.pl\/wp-content\/uploads\/2022\/09\/Marek.jpg","contentUrl":"https:\/\/marekkuchcinski.pl\/wp-content\/uploads\/2022\/09\/Marek.jpg","width":1600,"height":971,"caption":"Marek Kuchci\u0144ski"},"image":{"@id":"https:\/\/marekkuchcinski.pl\/#\/schema\/logo\/image\/"}},{"@type":"Person","@id":"https:\/\/marekkuchcinski.pl\/#\/schema\/person\/6f62700996b4d950b6ea2d1183b6c6be","name":"admin","image":{"@type":"ImageObject","inLanguage":"cs","@id":"https:\/\/marekkuchcinski.pl\/#\/schema\/person\/image\/","url":"https:\/\/secure.gravatar.com\/avatar\/4bab693b9d55c3d6b52c0296a8765085?s=96&d=mm&r=g","contentUrl":"https:\/\/secure.gravatar.com\/avatar\/4bab693b9d55c3d6b52c0296a8765085?s=96&d=mm&r=g","caption":"admin"},"url":"https:\/\/marekkuchcinski.pl\/cs\/author\/marta-olejnik\/"}]}},"_links":{"self":[{"href":"https:\/\/marekkuchcinski.pl\/cs\/wp-json\/wp\/v2\/posts\/15573","targetHints":{"allow":["GET"]}}],"collection":[{"href":"https:\/\/marekkuchcinski.pl\/cs\/wp-json\/wp\/v2\/posts"}],"about":[{"href":"https:\/\/marekkuchcinski.pl\/cs\/wp-json\/wp\/v2\/types\/post"}],"author":[{"embeddable":true,"href":"https:\/\/marekkuchcinski.pl\/cs\/wp-json\/wp\/v2\/users\/6"}],"replies":[{"embeddable":true,"href":"https:\/\/marekkuchcinski.pl\/cs\/wp-json\/wp\/v2\/comments?post=15573"}],"version-history":[{"count":4,"href":"https:\/\/marekkuchcinski.pl\/cs\/wp-json\/wp\/v2\/posts\/15573\/revisions"}],"predecessor-version":[{"id":15580,"href":"https:\/\/marekkuchcinski.pl\/cs\/wp-json\/wp\/v2\/posts\/15573\/revisions\/15580"}],"wp:featuredmedia":[{"embeddable":true,"href":"https:\/\/marekkuchcinski.pl\/cs\/wp-json\/wp\/v2\/media\/15578"}],"wp:attachment":[{"href":"https:\/\/marekkuchcinski.pl\/cs\/wp-json\/wp\/v2\/media?parent=15573"}],"wp:term":[{"taxonomy":"category","embeddable":true,"href":"https:\/\/marekkuchcinski.pl\/cs\/wp-json\/wp\/v2\/categories?post=15573"},{"taxonomy":"post_tag","embeddable":true,"href":"https:\/\/marekkuchcinski.pl\/cs\/wp-json\/wp\/v2\/tags?post=15573"}],"curies":[{"name":"wp","href":"https:\/\/api.w.org\/{rel}","templated":true}]}}