{"id":15534,"date":"2019-05-16T15:17:30","date_gmt":"2019-05-16T13:17:30","guid":{"rendered":"https:\/\/marekkuchcinski.pl\/?p=15534"},"modified":"2019-05-16T15:17:31","modified_gmt":"2019-05-16T13:17:31","slug":"500-zl-na-kazde-dziecko-juz-od-1-lipca-prezydent-podpisal-nowelizacje-ustawy","status":"publish","type":"post","link":"https:\/\/marekkuchcinski.pl\/cs\/wydarzenia\/500-zl-na-kazde-dziecko-juz-od-1-lipca-prezydent-podpisal-nowelizacje-ustawy\/","title":{"rendered":"500 PLN na ka\u017ed\u00e9 d\u00edt\u011b od 1. \u010dervence - prezident podepsal novelu z\u00e1kona."},"content":{"rendered":"<p><strong>Prezident podepsal vl\u00e1dn\u00ed novelu z\u00e1kona, podle n\u00ed\u017e budou m\u00edt na d\u00e1vku 500 plus n\u00e1rok v\u0161echny d\u011bti a mladistv\u00ed do 18 let. \u017d\u00e1dosti o p\u0159\u00edsp\u011bvek lze pod\u00e1vat od 1. \u010dervence. V nov\u00e9 verzi se program bude t\u00fdkat 6,8 milionu d\u011bt\u00ed.<\/strong><\/p>\n\n\n\n<p>Roz\u0161\u00ed\u0159en\u00ed programu \"Rodina 500 plus\" i na prvn\u00ed a jedin\u00e9 d\u00edt\u011b je jedn\u00edm z projekt\u016f obsa\u017een\u00fdch v tzv. nov\u00e9 p\u011btce strany Pr\u00e1vo a spravedlnost.<\/p>\n\n\n\n<p>V od\u016fvodn\u011bn\u00ed z\u00e1kona se uv\u00e1d\u00ed, \u017ee rodinn\u00e1 politika je jednou z nejd\u016fle\u017eit\u011bj\u0161\u00edch oblast\u00ed \u010dinnosti sou\u010dasn\u00e9 vl\u00e1dy. Program Rodina 500 plus, kter\u00fd vstoupil v platnost 1. dubna 2016, je prvn\u00edm programem od syst\u00e9mov\u00e9 transformace, kter\u00fd tak jasn\u011b zd\u016fraz\u0148uje pot\u0159ebu investic do rodiny, je\u017e p\u0159edstavuj\u00ed jej\u00ed skute\u010dnou podporu.<\/p>\n\n\n\n<p>Rodina 500 plus zcela zm\u011bnila pohled na st\u00e1tn\u00ed podporu rodin a stala se referen\u010dn\u00edm bodem v debat\u011b o rodinn\u00e9 politice. D\u00edky programu a miliardov\u00fdm pen\u011b\u017en\u00edm p\u0159evod\u016fm rodin\u00e1m jsme otev\u0159eli perspektivy rozvoje lidem, kte\u0159\u00ed byli dosud na okraji spole\u010dnosti. Navr\u00e1tili jsme jim d\u016fstojnost. Podpora rodin prost\u0159ednictv\u00edm n\u00e1stroj\u016f rodinn\u00e9 politiky je investic\u00ed do lidsk\u00e9ho kapit\u00e1lu, na n\u011bm\u017e do zna\u010dn\u00e9 m\u00edry z\u00e1vis\u00ed zdrav\u00ed st\u00e1tu.<\/p>\n\n\n\n<p> - 500 plus pro ka\u017ed\u00e9 d\u00edt\u011b je prosoci\u00e1ln\u00ed a solid\u00e1rn\u00ed program; je to program, kter\u00fd v t\u00e9to nov\u00e9 verzi potvrd\u00ed na\u0161i tezi, \u017ee podnikatelsk\u00e9 Polsko a solid\u00e1rn\u00ed Polsko nemus\u00ed b\u00fdt v rozporu, \u017ee solid\u00e1rn\u00ed Polsko a podnikatelsk\u00e9 Polsko je jedno Polsko. Programy, jako je tento, vytv\u00e1\u0159ej\u00ed \u0161anci pro rozvoj na\u0161\u00ed vlasti, a proto jsem velmi r\u00e1d, \u017ee tento program z\u00edsk\u00e1v\u00e1 st\u00e1le v\u011bt\u0161\u00ed podporu cel\u00e9 opozice,\" uvedl premi\u00e9r Mateusz Morawiecki. <\/p>\n\n\n\n<figure class=\"wp-block-embed is-type-rich is-provider-marek-kuchcinski\"><div class=\"wp-block-embed__wrapper\">\n<blockquote class=\"wp-embedded-content\" data-secret=\"aXRiCFM5fr\"><a href=\"https:\/\/marekkuchcinski.pl\/uk\/wydarzenia\/pis-skutecznie-pomaga-ludziom-i-ogranicza-biede-i-nierownosci\/\">Polsko je l\u00eddrem v oblasti vyrovn\u00e1v\u00e1n\u00ed \u017eivotn\u00ed \u00farovn\u011b. PiS \u00fa\u010dinn\u011b sni\u017euje rozd\u00edly mezi bohat\u00fdmi a chud\u00fdmi<\/a><\/blockquote><iframe class=\"wp-embedded-content\" sandbox=\"allow-scripts\" security=\"restricted\" style=\"position: absolute; clip: rect(1px, 1px, 1px, 1px);\" title=\"&quot;Polsko je l\u00eddrem v oblasti vyrovn\u00e1v\u00e1n\u00ed \u017eivotn\u00ed \u00farovn\u011b. PiS \u00fa\u010dinn\u011b sni\u017euje rozd\u00edly mezi chud\u00fdmi a bohat\u00fdmi&quot; - Marek Kuchci\u0144ski\" src=\"https:\/\/marekkuchcinski.pl\/uk\/wydarzenia\/pis-skutecznie-pomaga-ludziom-i-ogranicza-biede-i-nierownosci\/embed\/#?secret=aXRiCFM5fr\" data-secret=\"aXRiCFM5fr\" width=\"600\" height=\"338\" frameborder=\"0\" marginwidth=\"0\" marginheight=\"0\" scrolling=\"no\"><\/iframe>\n<\/div><\/figure>","protected":false},"excerpt":{"rendered":"<p>Prezydent podpisa\u0142 rz\u0105dow\u0105 nowelizacj\u0119 ustawy, zgodnie z kt\u00f3r\u0105 prawo do \u015bwiadczenia 500 plus b\u0119d\u0105 mia\u0142y wszystkie dzieci i nastolatkowie do 18 lat. Wnioski o \u015bwiadczenie mo\u017cna sk\u0142ada\u0107 od 1 lipca. Program w nowej ods\u0142onie obejmie 6,8 mln dzieci. Rozszerzenie programu &#8222;Rodzina 500 plus&#8221; tak\u017ce na pierwsze i jedyne dziecko to jeden z projekt\u00f3w wchodz\u0105cych w [&hellip;]<\/p>","protected":false},"author":6,"featured_media":15535,"comment_status":"open","ping_status":"open","sticky":false,"template":"","format":"standard","meta":{"ngg_post_thumbnail":0,"footnotes":""},"categories":[82,3],"tags":[],"class_list":["post-15534","post","type-post","status-publish","format-standard","has-post-thumbnail","hentry","category-prawo-i-sprawiedliwosc","category-wydarzenia"],"yoast_head":"<!-- This site is optimized with the Yoast SEO plugin v24.7 - https:\/\/yoast.com\/wordpress\/plugins\/seo\/ -->\n<title>500 z\u0142 na ka\u017cde dziecko ju\u017c od 1 lipca - prezydent podpisa\u0142 nowelizacj\u0119 ustawy &#8211; Marek Kuchci\u0144ski<\/title>\n<meta name=\"robots\" content=\"index, follow, max-snippet:-1, max-image-preview:large, max-video-preview:-1\" \/>\n<link rel=\"canonical\" href=\"https:\/\/marekkuchcinski.pl\/cs\/wydarzenia\/500-zl-na-kazde-dziecko-juz-od-1-lipca-prezydent-podpisal-nowelizacje-ustawy\/\" \/>\n<meta property=\"og:locale\" content=\"cs_CZ\" \/>\n<meta property=\"og:type\" content=\"article\" \/>\n<meta property=\"og:title\" content=\"500 z\u0142 na ka\u017cde dziecko ju\u017c od 1 lipca - prezydent podpisa\u0142 nowelizacj\u0119 ustawy &#8211; Marek Kuchci\u0144ski\" \/>\n<meta property=\"og:description\" content=\"Prezydent podpisa\u0142 rz\u0105dow\u0105 nowelizacj\u0119 ustawy, zgodnie z kt\u00f3r\u0105 prawo do \u015bwiadczenia 500 plus b\u0119d\u0105 mia\u0142y wszystkie dzieci i nastolatkowie do 18 lat. Wnioski o \u015bwiadczenie mo\u017cna sk\u0142ada\u0107 od 1 lipca. Program w nowej ods\u0142onie obejmie 6,8 mln dzieci. Rozszerzenie programu &#8222;Rodzina 500 plus&#8221; tak\u017ce na pierwsze i jedyne dziecko to jeden z projekt\u00f3w wchodz\u0105cych w [&hellip;]\" \/>\n<meta property=\"og:url\" content=\"https:\/\/marekkuchcinski.pl\/cs\/wydarzenia\/500-zl-na-kazde-dziecko-juz-od-1-lipca-prezydent-podpisal-nowelizacje-ustawy\/\" \/>\n<meta property=\"og:site_name\" content=\"Marek Kuchci\u0144ski\" \/>\n<meta property=\"article:published_time\" content=\"2019-05-16T13:17:30+00:00\" \/>\n<meta property=\"article:modified_time\" content=\"2019-05-16T13:17:31+00:00\" \/>\n<meta property=\"og:image\" content=\"https:\/\/marekkuchcinski.pl\/wp-content\/uploads\/2019\/05\/500.jpg\" \/>\n\t<meta property=\"og:image:width\" content=\"609\" \/>\n\t<meta property=\"og:image:height\" content=\"370\" \/>\n\t<meta property=\"og:image:type\" content=\"image\/jpeg\" \/>\n<meta name=\"author\" content=\"admin\" \/>\n<meta name=\"twitter:card\" content=\"summary_large_image\" \/>\n<meta name=\"twitter:label1\" content=\"Napsal(a)\" \/>\n\t<meta name=\"twitter:data1\" content=\"admin\" \/>\n\t<meta name=\"twitter:label2\" content=\"Odhadovan\u00e1 doba \u010dten\u00ed\" \/>\n\t<meta name=\"twitter:data2\" content=\"1 minuta\" \/>\n<script type=\"application\/ld+json\" class=\"yoast-schema-graph\">{\"@context\":\"https:\/\/schema.org\",\"@graph\":[{\"@type\":\"Article\",\"@id\":\"https:\/\/marekkuchcinski.pl\/en\/wydarzenia\/500-zl-na-kazde-dziecko-juz-od-1-lipca-prezydent-podpisal-nowelizacje-ustawy\/#article\",\"isPartOf\":{\"@id\":\"https:\/\/marekkuchcinski.pl\/en\/wydarzenia\/500-zl-na-kazde-dziecko-juz-od-1-lipca-prezydent-podpisal-nowelizacje-ustawy\/\"},\"author\":{\"name\":\"admin\",\"@id\":\"https:\/\/marekkuchcinski.pl\/#\/schema\/person\/6f62700996b4d950b6ea2d1183b6c6be\"},\"headline\":\"500 z\u0142 na ka\u017cde dziecko ju\u017c od 1 lipca &#8211; prezydent podpisa\u0142 nowelizacj\u0119 ustawy\",\"datePublished\":\"2019-05-16T13:17:30+00:00\",\"dateModified\":\"2019-05-16T13:17:31+00:00\",\"mainEntityOfPage\":{\"@id\":\"https:\/\/marekkuchcinski.pl\/en\/wydarzenia\/500-zl-na-kazde-dziecko-juz-od-1-lipca-prezydent-podpisal-nowelizacje-ustawy\/\"},\"wordCount\":300,\"commentCount\":0,\"publisher\":{\"@id\":\"https:\/\/marekkuchcinski.pl\/#organization\"},\"image\":{\"@id\":\"https:\/\/marekkuchcinski.pl\/en\/wydarzenia\/500-zl-na-kazde-dziecko-juz-od-1-lipca-prezydent-podpisal-nowelizacje-ustawy\/#primaryimage\"},\"thumbnailUrl\":\"https:\/\/marekkuchcinski.pl\/wp-content\/uploads\/2019\/05\/500.jpg\",\"articleSection\":[\"Prawo i Sprawiedliwo\u015b\u0107\",\"Wydarzenia\"],\"inLanguage\":\"cs\",\"potentialAction\":[{\"@type\":\"CommentAction\",\"name\":\"Comment\",\"target\":[\"https:\/\/marekkuchcinski.pl\/en\/wydarzenia\/500-zl-na-kazde-dziecko-juz-od-1-lipca-prezydent-podpisal-nowelizacje-ustawy\/#respond\"]}]},{\"@type\":\"WebPage\",\"@id\":\"https:\/\/marekkuchcinski.pl\/en\/wydarzenia\/500-zl-na-kazde-dziecko-juz-od-1-lipca-prezydent-podpisal-nowelizacje-ustawy\/\",\"url\":\"https:\/\/marekkuchcinski.pl\/en\/wydarzenia\/500-zl-na-kazde-dziecko-juz-od-1-lipca-prezydent-podpisal-nowelizacje-ustawy\/\",\"name\":\"500 z\u0142 na ka\u017cde dziecko ju\u017c od 1 lipca - prezydent podpisa\u0142 nowelizacj\u0119 ustawy &#8211; Marek Kuchci\u0144ski\",\"isPartOf\":{\"@id\":\"https:\/\/marekkuchcinski.pl\/#website\"},\"primaryImageOfPage\":{\"@id\":\"https:\/\/marekkuchcinski.pl\/en\/wydarzenia\/500-zl-na-kazde-dziecko-juz-od-1-lipca-prezydent-podpisal-nowelizacje-ustawy\/#primaryimage\"},\"image\":{\"@id\":\"https:\/\/marekkuchcinski.pl\/en\/wydarzenia\/500-zl-na-kazde-dziecko-juz-od-1-lipca-prezydent-podpisal-nowelizacje-ustawy\/#primaryimage\"},\"thumbnailUrl\":\"https:\/\/marekkuchcinski.pl\/wp-content\/uploads\/2019\/05\/500.jpg\",\"datePublished\":\"2019-05-16T13:17:30+00:00\",\"dateModified\":\"2019-05-16T13:17:31+00:00\",\"breadcrumb\":{\"@id\":\"https:\/\/marekkuchcinski.pl\/en\/wydarzenia\/500-zl-na-kazde-dziecko-juz-od-1-lipca-prezydent-podpisal-nowelizacje-ustawy\/#breadcrumb\"},\"inLanguage\":\"cs\",\"potentialAction\":[{\"@type\":\"ReadAction\",\"target\":[\"https:\/\/marekkuchcinski.pl\/en\/wydarzenia\/500-zl-na-kazde-dziecko-juz-od-1-lipca-prezydent-podpisal-nowelizacje-ustawy\/\"]}]},{\"@type\":\"ImageObject\",\"inLanguage\":\"cs\",\"@id\":\"https:\/\/marekkuchcinski.pl\/en\/wydarzenia\/500-zl-na-kazde-dziecko-juz-od-1-lipca-prezydent-podpisal-nowelizacje-ustawy\/#primaryimage\",\"url\":\"https:\/\/marekkuchcinski.pl\/wp-content\/uploads\/2019\/05\/500.jpg\",\"contentUrl\":\"https:\/\/marekkuchcinski.pl\/wp-content\/uploads\/2019\/05\/500.jpg\",\"width\":609,\"height\":370},{\"@type\":\"BreadcrumbList\",\"@id\":\"https:\/\/marekkuchcinski.pl\/en\/wydarzenia\/500-zl-na-kazde-dziecko-juz-od-1-lipca-prezydent-podpisal-nowelizacje-ustawy\/#breadcrumb\",\"itemListElement\":[{\"@type\":\"ListItem\",\"position\":1,\"name\":\"Strona g\u0142\u00f3wna\",\"item\":\"https:\/\/marekkuchcinski.pl\/\"},{\"@type\":\"ListItem\",\"position\":2,\"name\":\"500 z\u0142 na ka\u017cde dziecko ju\u017c od 1 lipca &#8211; prezydent podpisa\u0142 nowelizacj\u0119 ustawy\"}]},{\"@type\":\"WebSite\",\"@id\":\"https:\/\/marekkuchcinski.pl\/#website\",\"url\":\"https:\/\/marekkuchcinski.pl\/\",\"name\":\"Marek Kuchci\u0144ski\",\"description\":\"Pose\u0142 na sejm RP &ndash; okr\u0119g nr 22\",\"publisher\":{\"@id\":\"https:\/\/marekkuchcinski.pl\/#organization\"},\"potentialAction\":[{\"@type\":\"SearchAction\",\"target\":{\"@type\":\"EntryPoint\",\"urlTemplate\":\"https:\/\/marekkuchcinski.pl\/?s={search_term_string}\"},\"query-input\":{\"@type\":\"PropertyValueSpecification\",\"valueRequired\":true,\"valueName\":\"search_term_string\"}}],\"inLanguage\":\"cs\"},{\"@type\":\"Organization\",\"@id\":\"https:\/\/marekkuchcinski.pl\/#organization\",\"name\":\"Marek Kuchci\u0144ski\",\"url\":\"https:\/\/marekkuchcinski.pl\/\",\"logo\":{\"@type\":\"ImageObject\",\"inLanguage\":\"cs\",\"@id\":\"https:\/\/marekkuchcinski.pl\/#\/schema\/logo\/image\/\",\"url\":\"https:\/\/marekkuchcinski.pl\/wp-content\/uploads\/2022\/09\/Marek.jpg\",\"contentUrl\":\"https:\/\/marekkuchcinski.pl\/wp-content\/uploads\/2022\/09\/Marek.jpg\",\"width\":1600,\"height\":971,\"caption\":\"Marek Kuchci\u0144ski\"},\"image\":{\"@id\":\"https:\/\/marekkuchcinski.pl\/#\/schema\/logo\/image\/\"}},{\"@type\":\"Person\",\"@id\":\"https:\/\/marekkuchcinski.pl\/#\/schema\/person\/6f62700996b4d950b6ea2d1183b6c6be\",\"name\":\"admin\",\"image\":{\"@type\":\"ImageObject\",\"inLanguage\":\"cs\",\"@id\":\"https:\/\/marekkuchcinski.pl\/#\/schema\/person\/image\/\",\"url\":\"https:\/\/secure.gravatar.com\/avatar\/4bab693b9d55c3d6b52c0296a8765085?s=96&d=mm&r=g\",\"contentUrl\":\"https:\/\/secure.gravatar.com\/avatar\/4bab693b9d55c3d6b52c0296a8765085?s=96&d=mm&r=g\",\"caption\":\"admin\"},\"url\":\"https:\/\/marekkuchcinski.pl\/cs\/author\/marta-olejnik\/\"}]}<\/script>\n<!-- \/ Yoast SEO plugin. -->","yoast_head_json":{"title":"500 z\u0142 na ka\u017cde dziecko ju\u017c od 1 lipca - prezydent podpisa\u0142 nowelizacj\u0119 ustawy &#8211; Marek Kuchci\u0144ski","robots":{"index":"index","follow":"follow","max-snippet":"max-snippet:-1","max-image-preview":"max-image-preview:large","max-video-preview":"max-video-preview:-1"},"canonical":"https:\/\/marekkuchcinski.pl\/cs\/wydarzenia\/500-zl-na-kazde-dziecko-juz-od-1-lipca-prezydent-podpisal-nowelizacje-ustawy\/","og_locale":"cs_CZ","og_type":"article","og_title":"500 z\u0142 na ka\u017cde dziecko ju\u017c od 1 lipca - prezydent podpisa\u0142 nowelizacj\u0119 ustawy &#8211; Marek Kuchci\u0144ski","og_description":"Prezydent podpisa\u0142 rz\u0105dow\u0105 nowelizacj\u0119 ustawy, zgodnie z kt\u00f3r\u0105 prawo do \u015bwiadczenia 500 plus b\u0119d\u0105 mia\u0142y wszystkie dzieci i nastolatkowie do 18 lat. Wnioski o \u015bwiadczenie mo\u017cna sk\u0142ada\u0107 od 1 lipca. Program w nowej ods\u0142onie obejmie 6,8 mln dzieci. Rozszerzenie programu &#8222;Rodzina 500 plus&#8221; tak\u017ce na pierwsze i jedyne dziecko to jeden z projekt\u00f3w wchodz\u0105cych w [&hellip;]","og_url":"https:\/\/marekkuchcinski.pl\/cs\/wydarzenia\/500-zl-na-kazde-dziecko-juz-od-1-lipca-prezydent-podpisal-nowelizacje-ustawy\/","og_site_name":"Marek Kuchci\u0144ski","article_published_time":"2019-05-16T13:17:30+00:00","article_modified_time":"2019-05-16T13:17:31+00:00","og_image":[{"width":609,"height":370,"url":"https:\/\/marekkuchcinski.pl\/wp-content\/uploads\/2019\/05\/500.jpg","type":"image\/jpeg"}],"author":"admin","twitter_card":"summary_large_image","twitter_misc":{"Napsal(a)":"admin","Odhadovan\u00e1 doba \u010dten\u00ed":"1 minuta"},"schema":{"@context":"https:\/\/schema.org","@graph":[{"@type":"Article","@id":"https:\/\/marekkuchcinski.pl\/en\/wydarzenia\/500-zl-na-kazde-dziecko-juz-od-1-lipca-prezydent-podpisal-nowelizacje-ustawy\/#article","isPartOf":{"@id":"https:\/\/marekkuchcinski.pl\/en\/wydarzenia\/500-zl-na-kazde-dziecko-juz-od-1-lipca-prezydent-podpisal-nowelizacje-ustawy\/"},"author":{"name":"admin","@id":"https:\/\/marekkuchcinski.pl\/#\/schema\/person\/6f62700996b4d950b6ea2d1183b6c6be"},"headline":"500 z\u0142 na ka\u017cde dziecko ju\u017c od 1 lipca &#8211; prezydent podpisa\u0142 nowelizacj\u0119 ustawy","datePublished":"2019-05-16T13:17:30+00:00","dateModified":"2019-05-16T13:17:31+00:00","mainEntityOfPage":{"@id":"https:\/\/marekkuchcinski.pl\/en\/wydarzenia\/500-zl-na-kazde-dziecko-juz-od-1-lipca-prezydent-podpisal-nowelizacje-ustawy\/"},"wordCount":300,"commentCount":0,"publisher":{"@id":"https:\/\/marekkuchcinski.pl\/#organization"},"image":{"@id":"https:\/\/marekkuchcinski.pl\/en\/wydarzenia\/500-zl-na-kazde-dziecko-juz-od-1-lipca-prezydent-podpisal-nowelizacje-ustawy\/#primaryimage"},"thumbnailUrl":"https:\/\/marekkuchcinski.pl\/wp-content\/uploads\/2019\/05\/500.jpg","articleSection":["Prawo i Sprawiedliwo\u015b\u0107","Wydarzenia"],"inLanguage":"cs","potentialAction":[{"@type":"CommentAction","name":"Comment","target":["https:\/\/marekkuchcinski.pl\/en\/wydarzenia\/500-zl-na-kazde-dziecko-juz-od-1-lipca-prezydent-podpisal-nowelizacje-ustawy\/#respond"]}]},{"@type":"WebPage","@id":"https:\/\/marekkuchcinski.pl\/en\/wydarzenia\/500-zl-na-kazde-dziecko-juz-od-1-lipca-prezydent-podpisal-nowelizacje-ustawy\/","url":"https:\/\/marekkuchcinski.pl\/en\/wydarzenia\/500-zl-na-kazde-dziecko-juz-od-1-lipca-prezydent-podpisal-nowelizacje-ustawy\/","name":"500 z\u0142 na ka\u017cde dziecko ju\u017c od 1 lipca - prezydent podpisa\u0142 nowelizacj\u0119 ustawy &#8211; Marek Kuchci\u0144ski","isPartOf":{"@id":"https:\/\/marekkuchcinski.pl\/#website"},"primaryImageOfPage":{"@id":"https:\/\/marekkuchcinski.pl\/en\/wydarzenia\/500-zl-na-kazde-dziecko-juz-od-1-lipca-prezydent-podpisal-nowelizacje-ustawy\/#primaryimage"},"image":{"@id":"https:\/\/marekkuchcinski.pl\/en\/wydarzenia\/500-zl-na-kazde-dziecko-juz-od-1-lipca-prezydent-podpisal-nowelizacje-ustawy\/#primaryimage"},"thumbnailUrl":"https:\/\/marekkuchcinski.pl\/wp-content\/uploads\/2019\/05\/500.jpg","datePublished":"2019-05-16T13:17:30+00:00","dateModified":"2019-05-16T13:17:31+00:00","breadcrumb":{"@id":"https:\/\/marekkuchcinski.pl\/en\/wydarzenia\/500-zl-na-kazde-dziecko-juz-od-1-lipca-prezydent-podpisal-nowelizacje-ustawy\/#breadcrumb"},"inLanguage":"cs","potentialAction":[{"@type":"ReadAction","target":["https:\/\/marekkuchcinski.pl\/en\/wydarzenia\/500-zl-na-kazde-dziecko-juz-od-1-lipca-prezydent-podpisal-nowelizacje-ustawy\/"]}]},{"@type":"ImageObject","inLanguage":"cs","@id":"https:\/\/marekkuchcinski.pl\/en\/wydarzenia\/500-zl-na-kazde-dziecko-juz-od-1-lipca-prezydent-podpisal-nowelizacje-ustawy\/#primaryimage","url":"https:\/\/marekkuchcinski.pl\/wp-content\/uploads\/2019\/05\/500.jpg","contentUrl":"https:\/\/marekkuchcinski.pl\/wp-content\/uploads\/2019\/05\/500.jpg","width":609,"height":370},{"@type":"BreadcrumbList","@id":"https:\/\/marekkuchcinski.pl\/en\/wydarzenia\/500-zl-na-kazde-dziecko-juz-od-1-lipca-prezydent-podpisal-nowelizacje-ustawy\/#breadcrumb","itemListElement":[{"@type":"ListItem","position":1,"name":"Strona g\u0142\u00f3wna","item":"https:\/\/marekkuchcinski.pl\/"},{"@type":"ListItem","position":2,"name":"500 z\u0142 na ka\u017cde dziecko ju\u017c od 1 lipca &#8211; prezydent podpisa\u0142 nowelizacj\u0119 ustawy"}]},{"@type":"WebSite","@id":"https:\/\/marekkuchcinski.pl\/#website","url":"https:\/\/marekkuchcinski.pl\/","name":"Marek Kuchci\u0144ski","description":"Pose\u0142 na sejm RP &ndash; okr\u0119g nr 22","publisher":{"@id":"https:\/\/marekkuchcinski.pl\/#organization"},"potentialAction":[{"@type":"SearchAction","target":{"@type":"EntryPoint","urlTemplate":"https:\/\/marekkuchcinski.pl\/?s={search_term_string}"},"query-input":{"@type":"PropertyValueSpecification","valueRequired":true,"valueName":"search_term_string"}}],"inLanguage":"cs"},{"@type":"Organization","@id":"https:\/\/marekkuchcinski.pl\/#organization","name":"Marek Kuchci\u0144ski","url":"https:\/\/marekkuchcinski.pl\/","logo":{"@type":"ImageObject","inLanguage":"cs","@id":"https:\/\/marekkuchcinski.pl\/#\/schema\/logo\/image\/","url":"https:\/\/marekkuchcinski.pl\/wp-content\/uploads\/2022\/09\/Marek.jpg","contentUrl":"https:\/\/marekkuchcinski.pl\/wp-content\/uploads\/2022\/09\/Marek.jpg","width":1600,"height":971,"caption":"Marek Kuchci\u0144ski"},"image":{"@id":"https:\/\/marekkuchcinski.pl\/#\/schema\/logo\/image\/"}},{"@type":"Person","@id":"https:\/\/marekkuchcinski.pl\/#\/schema\/person\/6f62700996b4d950b6ea2d1183b6c6be","name":"admin","image":{"@type":"ImageObject","inLanguage":"cs","@id":"https:\/\/marekkuchcinski.pl\/#\/schema\/person\/image\/","url":"https:\/\/secure.gravatar.com\/avatar\/4bab693b9d55c3d6b52c0296a8765085?s=96&d=mm&r=g","contentUrl":"https:\/\/secure.gravatar.com\/avatar\/4bab693b9d55c3d6b52c0296a8765085?s=96&d=mm&r=g","caption":"admin"},"url":"https:\/\/marekkuchcinski.pl\/cs\/author\/marta-olejnik\/"}]}},"_links":{"self":[{"href":"https:\/\/marekkuchcinski.pl\/cs\/wp-json\/wp\/v2\/posts\/15534","targetHints":{"allow":["GET"]}}],"collection":[{"href":"https:\/\/marekkuchcinski.pl\/cs\/wp-json\/wp\/v2\/posts"}],"about":[{"href":"https:\/\/marekkuchcinski.pl\/cs\/wp-json\/wp\/v2\/types\/post"}],"author":[{"embeddable":true,"href":"https:\/\/marekkuchcinski.pl\/cs\/wp-json\/wp\/v2\/users\/6"}],"replies":[{"embeddable":true,"href":"https:\/\/marekkuchcinski.pl\/cs\/wp-json\/wp\/v2\/comments?post=15534"}],"version-history":[{"count":1,"href":"https:\/\/marekkuchcinski.pl\/cs\/wp-json\/wp\/v2\/posts\/15534\/revisions"}],"predecessor-version":[{"id":15536,"href":"https:\/\/marekkuchcinski.pl\/cs\/wp-json\/wp\/v2\/posts\/15534\/revisions\/15536"}],"wp:featuredmedia":[{"embeddable":true,"href":"https:\/\/marekkuchcinski.pl\/cs\/wp-json\/wp\/v2\/media\/15535"}],"wp:attachment":[{"href":"https:\/\/marekkuchcinski.pl\/cs\/wp-json\/wp\/v2\/media?parent=15534"}],"wp:term":[{"taxonomy":"category","embeddable":true,"href":"https:\/\/marekkuchcinski.pl\/cs\/wp-json\/wp\/v2\/categories?post=15534"},{"taxonomy":"post_tag","embeddable":true,"href":"https:\/\/marekkuchcinski.pl\/cs\/wp-json\/wp\/v2\/tags?post=15534"}],"curies":[{"name":"wp","href":"https:\/\/api.w.org\/{rel}","templated":true}]}}