{"id":15434,"date":"2019-05-13T14:00:23","date_gmt":"2019-05-13T12:00:23","guid":{"rendered":"https:\/\/marekkuchcinski.pl\/?p=15434"},"modified":"2019-05-13T16:44:46","modified_gmt":"2019-05-13T14:44:46","slug":"marek-kuchcinski-w-lubaczowie-jestesmy-pierwsza-partia-po-wyborach-89-roku-ktora-swoj-program-realizuje","status":"publish","type":"post","link":"https:\/\/marekkuchcinski.pl\/cs\/wydarzenia\/marek-kuchcinski-w-lubaczowie-jestesmy-pierwsza-partia-po-wyborach-89-roku-ktora-swoj-program-realizuje\/","title":{"rendered":"Marek Kuchci\u0144ski v Lubaczow\u011b: - Jsme prvn\u00ed stranou po volb\u00e1ch v roce 89, kter\u00e1 realizuje sv\u016fj program."},"content":{"rendered":"<p>Volebn\u00edho sjezdu do Evropsk\u00e9ho parlamentu v Lubaczow\u011b se z\u00fa\u010dastnili: Marek Kuchci\u0144ski, p\u0159edseda Sejmu a p\u0159edseda podkarpatsk\u00e9 strany Pr\u00e1vo a spravedlnost (PiS), Lucyna Podhaliczov\u00e1, n\u00e1m\u011bstkyn\u011b hejtmana Podkarpatsk\u00e9ho vojvodstv\u00ed, Piotr Pilch, n\u00e1m\u011bstek mar\u0161\u00e1lka Podkarpatsk\u00e9ho vojvodstv\u00ed, Teresa Pamu\u0142a, m\u00edstop\u0159edsedkyn\u011b Sejmu a \u0159editelka podkarpatsk\u00e9 pobo\u010dky ARMA. Podkarpatsk\u00e9ho vojvodstv\u00ed Piotr Pilch, Teresa Pamu\u0142a - m\u00edstop\u0159edsedkyn\u011b Sn\u011bmu Podkarpatsk\u00e9ho vojvodstv\u00ed a z\u00e1rove\u0148 \u0159editelka Podkarpatsk\u00e9 pobo\u010dky ARMA, Maria Fajger - p\u0159edsedkyn\u011b Agentury pro restrukturalizaci a modernizaci zem\u011bd\u011blstv\u00ed ve Var\u0161av\u011b, Marta Tabaczek, p\u0159edsedkyn\u011b Rady Lubaczowsk\u00e9ho okresu, a lubaczowsk\u00fd starosta Zenon Swatek.<\/p>\n\n\n\n<p>V \u00favodu Marek Kuchci\u0144ski p\u0159ipomn\u011bl v\u00fdznamn\u00e1 v\u00fdro\u010d\u00ed 12. b\u0159ezna, tj. zalo\u017een\u00ed Nez\u00e1visl\u00e9ho samospr\u00e1vn\u00e9ho odborov\u00e9ho svazu samostatn\u011b hospoda\u0159\u00edc\u00edch roln\u00edk\u016f (NSZZ \"Solidarno\u015b\u0107\"), vznik Dohody o st\u0159edu, kter\u00e1 nastartovala zm\u011bny po roce 1989. 12. \u010dervence zem\u0159el J\u00f3zef Pi\u0142sudski a gener\u00e1l W\u0142adys\u0142aw Anders. Mar\u0161\u00e1l p\u0159ipomn\u011bl boje Pol\u00e1k\u016f a deportace b\u011bhem sov\u011btsk\u00e9 okupace, pot\u00e9 n\u011bmeck\u00e9 okupace... Hovo\u0159il tak\u00e9 o velk\u00fdch v\u00fdro\u010d\u00edch tohoto roku, jako je zalo\u017een\u00ed dvoukomorov\u00e9ho Sejmu, Polsko-litevsk\u00e9 unie a z\u00e1konod\u00e1rn\u00e9ho Sejmu, kter\u00e9 tvo\u0159\u00ed na\u0161e d\u011bdictv\u00ed.<\/p>\n\n\n\n<p>- \u0158\u00edk\u00e1m to proto, abychom si uv\u011bdomili, jak velkou zku\u0161enost si s sebou na\u0161e generace dnes nese,\" zd\u016fraznil p\u0159edseda parlamentu. <\/p>\n\n\n\n<p>Kuchci\u0144ski zd\u016fraznil, \u017ee Pr\u00e1vo a spravedlnost, ani\u017e by se odtrhlo od sv\u00fdch ko\u0159en\u016f, mysl\u00ed jak na historii, tak na budoucnost, mysl\u00ed na intelekt, kulturu a ekonomiku, na k\u0159es\u0165ansk\u00e9 hodnoty a hospod\u00e1\u0159sk\u00fd rozvoj, jako\u017e i na bezpe\u010dnost Pol\u00e1k\u016f.<\/p>\n\n\n\n<p>- Jsme prvn\u00ed stranou po volb\u00e1ch v roce 89, kter\u00e1 pln\u00ed sv\u016fj program. Jin\u00e9 m\u011bly hezk\u00e1 hesla, ale nedok\u00e1zaly je naplnit. V 90. letech byl spole\u010dn\u011b s levic\u00ed rozprod\u00e1n n\u00e1rodn\u00ed majetek, zlikvidov\u00e1na pracovi\u0161t\u011b a strategick\u00e1 odv\u011btv\u00ed... Jsme d\u016fv\u011bryhodn\u00ed, co\u017e jsme dok\u00e1zali realizac\u00ed na\u0161eho programu,\" argumentoval p\u0159edseda Sejmu. <\/p>\n\n\n\n<p>Marek Kuchci\u0144ski tak\u00e9 vyjmenoval body takzvan\u00e9 Kaczy\u0144sk\u00e9ho p\u011btky: <\/p>\n\n\n\n<ul class=\"wp-block-list\"><li>\"T\u0159in\u00e1ct\u00fd d\u016fchod\" ve v\u00fd\u0161i 888 PLN na ruku pro ka\u017ed\u00e9ho z 10 milion\u016f d\u016fchodc\u016f. Z\u00e1kon byl p\u0159ijat a pen\u00edze se ji\u017e vypl\u00e1cej\u00ed.<\/li><li>\"500 plus\" za ka\u017ed\u00e9 d\u00edt\u011b, po zaplacen\u00ed \u017e\u00e1dosti od 1. \u010dervence.<\/li><li>Sn\u00ed\u017een\u00ed n\u00e1klad\u016f na pracovn\u00ed s\u00edlu. Zv\u00fd\u0161en\u00ed odpo\u010ditateln\u00fdch n\u00e1klad\u016f a sn\u00ed\u017een\u00ed dan\u011b z p\u0159\u00edjmu z 18 na 17 % pro v\u0161echny pracuj\u00edc\u00ed sn\u00ed\u017e\u00ed da\u0148ovou z\u00e1t\u011b\u017e a umo\u017en\u00ed zv\u00fd\u0161it re\u00e1ln\u00e9 mzdy, kter\u00e9 Pol\u00e1ci dost\u00e1vaj\u00ed.<\/li><li>Zam\u011bstnanci mlad\u0161\u00ed 26 let neplat\u00ed PIT. \u00daleva se bude vztahovat na v\u0161echny zam\u011bstnance do 26 let, kte\u0159\u00ed maj\u00ed pracovn\u00ed smlouvu nebo smlouvu o provizi. Tato zm\u011bna zajist\u00ed mlad\u00fdm lidem stabiln\u00ed zam\u011bstn\u00e1n\u00ed a usnadn\u00ed jim za\u010d\u00e1tek kari\u00e9ry.<\/li><li>Obnoven\u00ed m\u00edstn\u00ed autobusov\u00e9 dopravy - zvl\u00e1\u0161tn\u00ed fond pro m\u00edstn\u00ed org\u00e1ny na m\u00edstn\u00ed dopravu. N\u00e1vrh v Sejmu.<\/li><\/ul>\n\n\n\n<p>P\u0159edseda podkarpatsk\u00e9 strany Pr\u00e1vo a spravedlnost zd\u016fraznil, \u017ee \u00fasp\u011bch, kter\u00e9ho strana dos\u00e1hla v komun\u00e1ln\u00edch volb\u00e1ch do zemsk\u00e9ho sn\u011bmu a ve v\u011bt\u0161in\u011b okres\u016f, je v\u00fdsledkem tvrd\u00e9 pr\u00e1ce. Ve volb\u00e1ch do Evropsk\u00e9ho parlamentu, kter\u00e9 se budou konat 26. kv\u011btna, by se tento \u00fasp\u011bch m\u011bl zopakovat. Mus\u00edme zajistit co nejvy\u0161\u0161\u00ed \u00fa\u010dast. Polsko pot\u0159ebuje v Bruselu siln\u00e9 zastoupen\u00ed, kter\u00e9 by n\u00e1s d\u016fstojn\u011b reprezentovalo.<\/p>\n\n\n\n<p>- Z\u00e1kladem na\u0161eho jedn\u00e1n\u00ed byla a je d\u016fv\u011bryhodnost. Dr\u017e\u00edme slovo. N\u011bkter\u00e9 z ozn\u00e1men\u00fdch po\u017eadavk\u016f ji\u017e byly realizov\u00e1ny a dal\u0161\u00ed budou p\u0159ijaty v nadch\u00e1zej\u00edc\u00edch t\u00fddnech. D\u0159\u00edve se neplnily sliby: zvy\u0161oval se v\u011bk odchodu do d\u016fchodu, zvy\u0161ovala se DPH, odeb\u00edraly se prost\u0159edky z otev\u0159en\u00fdch penzijn\u00edch fond\u016f,\" \u0159ekl Kuchci\u0144ski.<\/p>\n\n\n\n<p>P\u0159edseda Sejmu p\u0159ipomn\u011bl spole\u010densky d\u016fle\u017eit\u00e9 a rozvojov\u00e9 programy, kter\u00e9 Pr\u00e1vo a spravedlnost zavedlo a kter\u00e9 ji\u017e byly realizov\u00e1ny:<\/p>\n\n\n\n<ul class=\"wp-block-list\"><li>\u0160koln\u00ed startovac\u00ed sada - Dobr\u00fd za\u010d\u00e1tek<\/li><\/ul>\n\n\n\n<p>Program podpory 300 PLN pro studenty do 18 let. Ka\u017ed\u00fd rok v srpnu dost\u00e1vaj\u00ed rodi\u010de 300 PLN na startovac\u00ed \u0161koln\u00ed sadu pro ka\u017ed\u00e9 studuj\u00edc\u00ed d\u00edt\u011b.&nbsp;<em>w&nbsp;<\/em>2017 - 4,6 milionu \u017e\u00e1k\u016f<\/p>\n\n\n\n<ul class=\"wp-block-list\"><li>Sni\u017eujeme CIT - sni\u017eujeme dan\u011b<\/li><\/ul>\n\n\n\n<p>V roce 2016. Pr\u00e1vo a spravedlnost sn\u00ed\u017eilo da\u0148 z p\u0159\u00edjm\u016f pr\u00e1vnick\u00fdch osob pro mal\u00e9 a st\u0159edn\u00ed podniky z 19 na 15 %. Od 1. ledna 2019 plat\u00ed dal\u0161\u00ed sn\u00ed\u017een\u00ed dan\u011b z p\u0159\u00edjm\u016f pr\u00e1vnick\u00fdch osob - z 15 na 9 %! Na jednu z nejni\u017e\u0161\u00edch \u00farovn\u00ed v Evrop\u011b! Dev\u00edtiprocentn\u00ed sazba st\u00e1le plat\u00ed v Ma\u010farsku a \u010cern\u00e9 Ho\u0159e. Zaveden\u00e1 zm\u011bna se t\u00fdk\u00e1 p\u0159ibli\u017en\u011b 400 000 spole\u010dnost\u00ed.<\/p>\n\n\n\n<ul class=\"wp-block-list\"><li>P\u0159\u00edstupnost plus na 8 let - 23 miliard PLN<\/li><\/ul>\n\n\n\n<p>Program pro seniory a v\u0161echny, kte\u0159\u00ed pot\u0159ebuj\u00ed pomoc v ka\u017edodenn\u00edm \u017eivot\u011b. M\u00e1 zajistit skute\u010dnou dostupnost m\u00edst, kam se dnes mnoho Pol\u00e1k\u016f b\u011b\u017en\u011b nedostane. Autobusy, vlakov\u00e1 n\u00e1dra\u017e\u00ed, bytov\u00e9 domy mus\u00ed b\u00fdt p\u0159\u00edstupn\u00e9 v\u0161em. V Polsku \u017eije 4,3 milionu osob se zdravotn\u00edm posti\u017een\u00edm.<\/p>\n\n\n\n<p>Krom\u011b toho byl zaveden minim\u00e1ln\u00ed d\u016fchod pro \u017eeny, kter\u00e9 porodily a vychovaly alespo\u0148 \u010dty\u0159i d\u011bti. Budou dost\u00e1vat minim\u00e1ln\u00ed d\u016fchod bez ohledu na to, jak dlouho pracovali v profesi. Rodiny se \u010dty\u0159mi a v\u00edce d\u011btmi v roce 2011. 184,7 tis. ve venkovsk\u00fdch oblastech a 88,6 tis. v m\u011bstsk\u00fdch oblastech.<\/p>\n\n\n\n<ul class=\"wp-block-list\"><li>Mal\u00e1 spole\u010dnost - Mal\u00e1 instituce soci\u00e1ln\u00edho zabezpe\u010den\u00ed<\/li><\/ul>\n\n\n\n<p>Ni\u017e\u0161\u00ed ZUS pro firmy s m\u011bs\u00ed\u010dn\u00edm obratem do 2,5 minim\u00e1ln\u00ed mzdy v Polsku. Nyn\u00ed mal\u00e1 spole\u010dnost plat\u00ed 1230 PLN. Po zm\u011bn\u011b - 660 PLN.<\/p>\n\n\n\n<ul class=\"wp-block-list\"><li>M\u00edstn\u00ed komunikace<\/li><\/ul>\n\n\n\n<p>Na opravy a v\u00fdstavbu m\u00edstn\u00edch komunikac\u00ed byl z\u0159\u00edzen fond pro v\u00fdstavbu m\u00edstn\u00edch komunikac\u00ed ve v\u00fd\u0161i nejm\u00e9n\u011b 6 miliard PLN. Podle \u00fadaj\u016f \u00dast\u0159edn\u00edho statistick\u00e9ho \u00fa\u0159adu m\u011blo v roce 2016 zpevn\u011bn\u00fd povrch jen asi 60 % m\u011bstsk\u00fdch ve\u0159ejn\u00fdch komunikac\u00ed.<\/p>\n\n\n\n<p>V roce 2016 bylo v Polsku 420 236 km ve\u0159ejn\u00fdch silnic, z toho 3171 km d\u00e1lnic a rychlostn\u00edch silnic.<\/p>\n\n\n\n<p><strong>&nbsp;&nbsp; \u00dakoly, kter\u00e9 PiS splnila:<\/strong><\/p>\n\n\n\n<p>Programy: Rodina 500+, 15% da\u0148 z p\u0159\u00edjmu pr\u00e1vnick\u00fdch osob pro podnikatele, l\u00e9ky zdarma od 75 let, sn\u00ed\u017een\u00ed v\u011bku odchodu do d\u016fchodu, zv\u00fd\u0161en\u00ed minim\u00e1ln\u00ed hodinov\u00e9 mzdy na v\u00edce ne\u017e 13 zlot\u00fdch, zv\u00fd\u0161en\u00ed minim\u00e1ln\u00edch d\u016fchod\u016f, zru\u0161en\u00ed povinn\u00e9ho pos\u00edl\u00e1n\u00ed \u0161estilet\u00fdch d\u011bt\u00ed do \u0161koly, \u00dastava pro podnik\u00e1n\u00ed, z\u00e1kaz skupov\u00e1n\u00ed polsk\u00e9 p\u016fdy, reforma Dobr\u00e9 \u0161koly - to jsou jen n\u011bkter\u00e9 z ohl\u00e1\u0161en\u00fdch projekt\u016f, kter\u00fdch se poda\u0159ilo dos\u00e1hnout za tyto v\u00edce ne\u017e dva roky;<\/p>\n\n\n\n<p>&nbsp;&nbsp;&nbsp;&nbsp;&nbsp;&nbsp;<strong>Seznam spln\u011bn\u00fdch volebn\u00edch z\u00e1vazk\u016f:<\/strong><\/p>\n\n\n\n<p><strong>St\u00e1tn\u00ed reformy<\/strong><\/p>\n\n\n\n<ul class=\"wp-block-list\"><li>Reforma \u0161kolstv\u00ed - Dobr\u00e1 \u0161kola - osmilet\u00e1 z\u00e1kladn\u00ed \u0161kola, \u010dty\u0159let\u00e9 gymn\u00e1zium, p\u011btilet\u00e1 odborn\u00e1 \u0161kola, obchodn\u00ed \u0161koly.<\/li><li>Reforma da\u0148ov\u00e9 spr\u00e1vy a z\u0159\u00edzen\u00ed N\u00e1rodn\u00ed da\u0148ov\u00e9 spr\u00e1vy,<\/li><li>&nbsp;reforma soudnictv\u00ed.<\/li><\/ul>\n\n\n\n<p><strong>Soci\u00e1ln\u00ed reformy<\/strong><\/p>\n\n\n\n<ul class=\"wp-block-list\"><li>Program Rodina 500 plus (2,5 milionu rodin, 3,7 milionu d\u011bt\u00ed),<\/li><li>Sn\u00ed\u017een\u00ed v\u011bku odchodu do d\u016fchodu na 60 a 65 let (350 000 v roce 2017),<\/li><li>bezplatn\u00e9 l\u00e9ky pro seniory,<\/li><li>Zv\u00fd\u0161en\u00ed minim\u00e1ln\u00ed mzdy na 2250 PLN a hodinov\u00e9 sazby na 14,7 PLN,<\/li><li>Zv\u00fd\u0161en\u00ed nejni\u017e\u0161\u00edch d\u016fchod\u016f na 1063 PLN,<\/li><li>omezen\u00ed obchodu v ned\u011bli,<\/li><li>Zv\u00fd\u0161en\u00ed v\u00fddaj\u016f na zdravotnictv\u00ed na 6% HDP v nadch\u00e1zej\u00edc\u00edch letech,<\/li><\/ul>\n\n\n\n<p><strong>Reforma vzd\u011bl\u00e1v\u00e1n\u00ed<\/strong><\/p>\n\n\n\n<ul class=\"wp-block-list\"><li>Dobr\u00e1 \u0161kola - osmilet\u00e1 z\u00e1kladn\u00ed \u0161kola, \u010dty\u0159let\u00e9 gymn\u00e1zium, p\u011btilet\u00e1 technick\u00e1 \u0161kola, obchodn\u00ed \u0161koly,<\/li><li>Zru\u0161en\u00ed povinn\u00e9 \u0161koln\u00ed doch\u00e1zky pro \u0161estilet\u00e9 d\u011bti,<\/li><li>Z\u00e1kaz odeb\u00edr\u00e1n\u00ed d\u011bt\u00ed rodi\u010d\u016fm z d\u016fvodu chudoby.<\/li><\/ul>\n\n\n\n<p><strong>Management<\/strong><\/p>\n\n\n\n<ul class=\"wp-block-list\"><li>Boj proti podvod\u016fm s DPH - jen v roce 2017 n\u00e1r\u016fst p\u0159\u00edjm\u016f o 30 mld.<\/li><li>Sn\u00ed\u017een\u00ed dan\u011b z p\u0159\u00edjm\u016f pr\u00e1vnick\u00fdch osob z 19 na 9% pro mal\u00e9 a za\u010d\u00ednaj\u00edc\u00ed podniky<\/li><li>reforma da\u0148ov\u00e9 spr\u00e1vy a z\u0159\u00edzen\u00ed KAS - N\u00e1rodn\u00ed da\u0148ov\u00e9 spr\u00e1vy.<\/li><li>zv\u00fd\u0161en\u00ed nezdaniteln\u00e9 \u010d\u00e1stky na 8 000 PLN.<\/li><li>omezen\u00ed obchodu v ned\u011bli,<\/li><li>Podnikatelsk\u00e1 \u00fastava - mj. zm\u011bna vztahu podnikatel - \u00fa\u0159ad, mo\u017enost neregistrovan\u00e9 \u010dinnosti pro drobn\u00e9 v\u00fdd\u011ble\u010dn\u00e9 \u010dinnosti, 6m\u011bs\u00ed\u010dn\u00ed \u00faleva od odvod\u016f ZUS pro za\u010d\u00ednaj\u00edc\u00ed podnikatele.<\/li><\/ul>\n\n\n\n<p><strong>Zabezpe\u010den\u00ed<\/strong><\/p>\n\n\n\n<ul class=\"wp-block-list\"><li>Z\u0159\u00edzen\u00ed sil \u00fazemn\u00ed obrany,<\/li><li>Modernizace uniformovan\u00fdch slo\u017eek (nap\u0159. policie, arm\u00e1dy) - p\u0159id\u011bleno 9,2 miliardy PLN, z toho v\u00edce ne\u017e 4 miliardy PLN na zv\u00fd\u0161en\u00ed plat\u016f,<\/li><li>Zv\u00fd\u0161en\u00ed energetick\u00e9 bezpe\u010dnosti (nap\u0159. zah\u00e1jen\u00ed p\u0159epravy plynu do plynov\u00e9ho p\u0159\u00edstavu ve \u015awinouj\u015bcie, v\u00fdstavba plynovodu Baltic Pipe).<\/li><\/ul>\n\n\n\n<p><strong>Zem\u011bd\u011blstv\u00ed<\/strong><\/p>\n\n\n\n<ul class=\"wp-block-list\"><li>Zv\u00fd\u0161en\u00ed v\u00fddaj\u016f na zem\u011bd\u011blstv\u00ed a rozvoj venkova - 49 miliard liber v roce 2018,<\/li><li>Poji\u0161t\u011bn\u00ed pro zem\u011bd\u011blce,<\/li><li>Ochrana polsk\u00e9 p\u016fdy p\u0159ed v\u00fdkupy,<\/li><li>Otev\u0159en\u00ed 30 nov\u00fdch zahrani\u010dn\u00edch trh\u016f pro polsk\u00e9 v\u00fdrobky.<\/li><\/ul>\n\n\n\n<p><em>Foto: Marta Olejnik<\/em><\/p>\n\n\n\n<ul class=\"wp-block-gallery columns-1 is-cropped wp-block-gallery-1 is-layout-flex wp-block-gallery-is-layout-flex\"><li class=\"blocks-gallery-item\"><figure><img fetchpriority=\"high\" decoding=\"async\" width=\"1024\" height=\"683\" src=\"https:\/\/marekkuchcinski.pl\/wp-content\/uploads\/2019\/05\/IMG_1699-1024x683.jpg\" alt=\"\" data-id=\"15435\" data-link=\"https:\/\/marekkuchcinski.pl\/?attachment_id=15435\" class=\"wp-image-15435\" srcset=\"https:\/\/marekkuchcinski.pl\/wp-content\/uploads\/2019\/05\/IMG_1699-1024x683.jpg 1024w, https:\/\/marekkuchcinski.pl\/wp-content\/uploads\/2019\/05\/IMG_1699-300x200.jpg 300w, https:\/\/marekkuchcinski.pl\/wp-content\/uploads\/2019\/05\/IMG_1699-768x512.jpg 768w, https:\/\/marekkuchcinski.pl\/wp-content\/uploads\/2019\/05\/IMG_1699.jpg 2048w\" sizes=\"(max-width: 1024px) 100vw, 1024px\" \/><\/figure><\/li><li class=\"blocks-gallery-item\"><figure><img decoding=\"async\" width=\"1024\" height=\"615\" src=\"https:\/\/marekkuchcinski.pl\/wp-content\/uploads\/2019\/05\/IMG_1788-1024x615.jpg\" alt=\"\" data-id=\"15438\" data-link=\"https:\/\/marekkuchcinski.pl\/?attachment_id=15438\" class=\"wp-image-15438\" srcset=\"https:\/\/marekkuchcinski.pl\/wp-content\/uploads\/2019\/05\/IMG_1788-1024x615.jpg 1024w, https:\/\/marekkuchcinski.pl\/wp-content\/uploads\/2019\/05\/IMG_1788-300x180.jpg 300w, https:\/\/marekkuchcinski.pl\/wp-content\/uploads\/2019\/05\/IMG_1788-768x461.jpg 768w, https:\/\/marekkuchcinski.pl\/wp-content\/uploads\/2019\/05\/IMG_1788.jpg 2048w\" sizes=\"(max-width: 1024px) 100vw, 1024px\" \/><\/figure><\/li><\/ul>\n\n\n\n<p><\/p>","protected":false},"excerpt":{"rendered":"<p>Podczas konwencji wyborczej do Parlamentu Europejskiego w Lubaczowie obecni byli m.in. marsza\u0142ek Sejmu i prezes podkarpackiego PiS Marek Kuchci\u0144ski, wicewojewoda podkarpacki Lucyna Podhalicz, wicemarsza\u0142ek woj. podkarpackiego Piotr Pilch, Teresa Pamu\u0142a \u2013 wiceprzewodnicz\u0105ca Sejmiku Wojew\u00f3dztwa Podkarpackiego, a zarazem dyrektor podkarpackiego Oddzia\u0142u ARiMR, Maria Fajger \u2013 prezes Agencji Restrukturyzacji i Modernizacji Rolnictwa w Warszawie, Marta Tabaczek, przewodnicz\u0105ca [&hellip;]<\/p>","protected":false},"author":6,"featured_media":15435,"comment_status":"open","ping_status":"open","sticky":false,"template":"","format":"standard","meta":{"ngg_post_thumbnail":0,"footnotes":""},"categories":[49,82,3],"tags":[],"class_list":["post-15434","post","type-post","status-publish","format-standard","has-post-thumbnail","hentry","category-podkarpacie","category-prawo-i-sprawiedliwosc","category-wydarzenia"],"yoast_head":"<!-- This site is optimized with the Yoast SEO plugin v24.7 - https:\/\/yoast.com\/wordpress\/plugins\/seo\/ -->\n<title>Marek Kuchci\u0144ski w Lubaczowie: \u2013 Jeste\u015bmy pierwsz\u0105 parti\u0105 po wyborach \u201989 roku, kt\u00f3ra sw\u00f3j program realizuje &#8211; Marek Kuchci\u0144ski<\/title>\n<meta name=\"robots\" content=\"index, follow, max-snippet:-1, max-image-preview:large, max-video-preview:-1\" \/>\n<link rel=\"canonical\" href=\"https:\/\/marekkuchcinski.pl\/cs\/wydarzenia\/marek-kuchcinski-w-lubaczowie-jestesmy-pierwsza-partia-po-wyborach-89-roku-ktora-swoj-program-realizuje\/\" \/>\n<meta property=\"og:locale\" content=\"cs_CZ\" \/>\n<meta property=\"og:type\" content=\"article\" \/>\n<meta property=\"og:title\" content=\"Marek Kuchci\u0144ski w Lubaczowie: \u2013 Jeste\u015bmy pierwsz\u0105 parti\u0105 po wyborach \u201989 roku, kt\u00f3ra sw\u00f3j program realizuje &#8211; Marek Kuchci\u0144ski\" \/>\n<meta property=\"og:description\" content=\"Podczas konwencji wyborczej do Parlamentu Europejskiego w Lubaczowie obecni byli m.in. marsza\u0142ek Sejmu i prezes podkarpackiego PiS Marek Kuchci\u0144ski, wicewojewoda podkarpacki Lucyna Podhalicz, wicemarsza\u0142ek woj. podkarpackiego Piotr Pilch, Teresa Pamu\u0142a \u2013 wiceprzewodnicz\u0105ca Sejmiku Wojew\u00f3dztwa Podkarpackiego, a zarazem dyrektor podkarpackiego Oddzia\u0142u ARiMR, Maria Fajger \u2013 prezes Agencji Restrukturyzacji i Modernizacji Rolnictwa w Warszawie, Marta Tabaczek, przewodnicz\u0105ca [&hellip;]\" \/>\n<meta property=\"og:url\" content=\"https:\/\/marekkuchcinski.pl\/cs\/wydarzenia\/marek-kuchcinski-w-lubaczowie-jestesmy-pierwsza-partia-po-wyborach-89-roku-ktora-swoj-program-realizuje\/\" \/>\n<meta property=\"og:site_name\" content=\"Marek Kuchci\u0144ski\" \/>\n<meta property=\"article:published_time\" content=\"2019-05-13T12:00:23+00:00\" \/>\n<meta property=\"article:modified_time\" content=\"2019-05-13T14:44:46+00:00\" \/>\n<meta property=\"og:image\" content=\"https:\/\/marekkuchcinski.pl\/wp-content\/uploads\/2019\/05\/IMG_1699.jpg\" \/>\n\t<meta property=\"og:image:width\" content=\"2048\" \/>\n\t<meta property=\"og:image:height\" content=\"1365\" \/>\n\t<meta property=\"og:image:type\" content=\"image\/jpeg\" \/>\n<meta name=\"author\" content=\"admin\" \/>\n<meta name=\"twitter:card\" content=\"summary_large_image\" \/>\n<meta name=\"twitter:label1\" content=\"Napsal(a)\" \/>\n\t<meta name=\"twitter:data1\" content=\"admin\" \/>\n\t<meta name=\"twitter:label2\" content=\"Odhadovan\u00e1 doba \u010dten\u00ed\" \/>\n\t<meta name=\"twitter:data2\" content=\"6 minut\" \/>\n<script type=\"application\/ld+json\" class=\"yoast-schema-graph\">{\"@context\":\"https:\/\/schema.org\",\"@graph\":[{\"@type\":\"Article\",\"@id\":\"https:\/\/marekkuchcinski.pl\/en\/wydarzenia\/marek-kuchcinski-w-lubaczowie-jestesmy-pierwsza-partia-po-wyborach-89-roku-ktora-swoj-program-realizuje\/#article\",\"isPartOf\":{\"@id\":\"https:\/\/marekkuchcinski.pl\/en\/wydarzenia\/marek-kuchcinski-w-lubaczowie-jestesmy-pierwsza-partia-po-wyborach-89-roku-ktora-swoj-program-realizuje\/\"},\"author\":{\"name\":\"admin\",\"@id\":\"https:\/\/marekkuchcinski.pl\/#\/schema\/person\/6f62700996b4d950b6ea2d1183b6c6be\"},\"headline\":\"Marek Kuchci\u0144ski w Lubaczowie: \u2013 Jeste\u015bmy pierwsz\u0105 parti\u0105 po wyborach \u201989 roku, kt\u00f3ra sw\u00f3j program realizuje\",\"datePublished\":\"2019-05-13T12:00:23+00:00\",\"dateModified\":\"2019-05-13T14:44:46+00:00\",\"mainEntityOfPage\":{\"@id\":\"https:\/\/marekkuchcinski.pl\/en\/wydarzenia\/marek-kuchcinski-w-lubaczowie-jestesmy-pierwsza-partia-po-wyborach-89-roku-ktora-swoj-program-realizuje\/\"},\"wordCount\":1285,\"commentCount\":0,\"publisher\":{\"@id\":\"https:\/\/marekkuchcinski.pl\/#organization\"},\"image\":{\"@id\":\"https:\/\/marekkuchcinski.pl\/en\/wydarzenia\/marek-kuchcinski-w-lubaczowie-jestesmy-pierwsza-partia-po-wyborach-89-roku-ktora-swoj-program-realizuje\/#primaryimage\"},\"thumbnailUrl\":\"https:\/\/marekkuchcinski.pl\/wp-content\/uploads\/2019\/05\/IMG_1699.jpg\",\"articleSection\":[\"Podkarpacie\",\"Prawo i Sprawiedliwo\u015b\u0107\",\"Wydarzenia\"],\"inLanguage\":\"cs\",\"potentialAction\":[{\"@type\":\"CommentAction\",\"name\":\"Comment\",\"target\":[\"https:\/\/marekkuchcinski.pl\/en\/wydarzenia\/marek-kuchcinski-w-lubaczowie-jestesmy-pierwsza-partia-po-wyborach-89-roku-ktora-swoj-program-realizuje\/#respond\"]}]},{\"@type\":\"WebPage\",\"@id\":\"https:\/\/marekkuchcinski.pl\/en\/wydarzenia\/marek-kuchcinski-w-lubaczowie-jestesmy-pierwsza-partia-po-wyborach-89-roku-ktora-swoj-program-realizuje\/\",\"url\":\"https:\/\/marekkuchcinski.pl\/en\/wydarzenia\/marek-kuchcinski-w-lubaczowie-jestesmy-pierwsza-partia-po-wyborach-89-roku-ktora-swoj-program-realizuje\/\",\"name\":\"Marek Kuchci\u0144ski w Lubaczowie: \u2013 Jeste\u015bmy pierwsz\u0105 parti\u0105 po wyborach \u201989 roku, kt\u00f3ra sw\u00f3j program realizuje &#8211; Marek Kuchci\u0144ski\",\"isPartOf\":{\"@id\":\"https:\/\/marekkuchcinski.pl\/#website\"},\"primaryImageOfPage\":{\"@id\":\"https:\/\/marekkuchcinski.pl\/en\/wydarzenia\/marek-kuchcinski-w-lubaczowie-jestesmy-pierwsza-partia-po-wyborach-89-roku-ktora-swoj-program-realizuje\/#primaryimage\"},\"image\":{\"@id\":\"https:\/\/marekkuchcinski.pl\/en\/wydarzenia\/marek-kuchcinski-w-lubaczowie-jestesmy-pierwsza-partia-po-wyborach-89-roku-ktora-swoj-program-realizuje\/#primaryimage\"},\"thumbnailUrl\":\"https:\/\/marekkuchcinski.pl\/wp-content\/uploads\/2019\/05\/IMG_1699.jpg\",\"datePublished\":\"2019-05-13T12:00:23+00:00\",\"dateModified\":\"2019-05-13T14:44:46+00:00\",\"breadcrumb\":{\"@id\":\"https:\/\/marekkuchcinski.pl\/en\/wydarzenia\/marek-kuchcinski-w-lubaczowie-jestesmy-pierwsza-partia-po-wyborach-89-roku-ktora-swoj-program-realizuje\/#breadcrumb\"},\"inLanguage\":\"cs\",\"potentialAction\":[{\"@type\":\"ReadAction\",\"target\":[\"https:\/\/marekkuchcinski.pl\/en\/wydarzenia\/marek-kuchcinski-w-lubaczowie-jestesmy-pierwsza-partia-po-wyborach-89-roku-ktora-swoj-program-realizuje\/\"]}]},{\"@type\":\"ImageObject\",\"inLanguage\":\"cs\",\"@id\":\"https:\/\/marekkuchcinski.pl\/en\/wydarzenia\/marek-kuchcinski-w-lubaczowie-jestesmy-pierwsza-partia-po-wyborach-89-roku-ktora-swoj-program-realizuje\/#primaryimage\",\"url\":\"https:\/\/marekkuchcinski.pl\/wp-content\/uploads\/2019\/05\/IMG_1699.jpg\",\"contentUrl\":\"https:\/\/marekkuchcinski.pl\/wp-content\/uploads\/2019\/05\/IMG_1699.jpg\",\"width\":2048,\"height\":1365},{\"@type\":\"BreadcrumbList\",\"@id\":\"https:\/\/marekkuchcinski.pl\/en\/wydarzenia\/marek-kuchcinski-w-lubaczowie-jestesmy-pierwsza-partia-po-wyborach-89-roku-ktora-swoj-program-realizuje\/#breadcrumb\",\"itemListElement\":[{\"@type\":\"ListItem\",\"position\":1,\"name\":\"Strona g\u0142\u00f3wna\",\"item\":\"https:\/\/marekkuchcinski.pl\/\"},{\"@type\":\"ListItem\",\"position\":2,\"name\":\"Marek Kuchci\u0144ski w Lubaczowie: \u2013 Jeste\u015bmy pierwsz\u0105 parti\u0105 po wyborach \u201989 roku, kt\u00f3ra sw\u00f3j program realizuje\"}]},{\"@type\":\"WebSite\",\"@id\":\"https:\/\/marekkuchcinski.pl\/#website\",\"url\":\"https:\/\/marekkuchcinski.pl\/\",\"name\":\"Marek Kuchci\u0144ski\",\"description\":\"Pose\u0142 na sejm RP &ndash; okr\u0119g nr 22\",\"publisher\":{\"@id\":\"https:\/\/marekkuchcinski.pl\/#organization\"},\"potentialAction\":[{\"@type\":\"SearchAction\",\"target\":{\"@type\":\"EntryPoint\",\"urlTemplate\":\"https:\/\/marekkuchcinski.pl\/?s={search_term_string}\"},\"query-input\":{\"@type\":\"PropertyValueSpecification\",\"valueRequired\":true,\"valueName\":\"search_term_string\"}}],\"inLanguage\":\"cs\"},{\"@type\":\"Organization\",\"@id\":\"https:\/\/marekkuchcinski.pl\/#organization\",\"name\":\"Marek Kuchci\u0144ski\",\"url\":\"https:\/\/marekkuchcinski.pl\/\",\"logo\":{\"@type\":\"ImageObject\",\"inLanguage\":\"cs\",\"@id\":\"https:\/\/marekkuchcinski.pl\/#\/schema\/logo\/image\/\",\"url\":\"https:\/\/marekkuchcinski.pl\/wp-content\/uploads\/2022\/09\/Marek.jpg\",\"contentUrl\":\"https:\/\/marekkuchcinski.pl\/wp-content\/uploads\/2022\/09\/Marek.jpg\",\"width\":1600,\"height\":971,\"caption\":\"Marek Kuchci\u0144ski\"},\"image\":{\"@id\":\"https:\/\/marekkuchcinski.pl\/#\/schema\/logo\/image\/\"}},{\"@type\":\"Person\",\"@id\":\"https:\/\/marekkuchcinski.pl\/#\/schema\/person\/6f62700996b4d950b6ea2d1183b6c6be\",\"name\":\"admin\",\"image\":{\"@type\":\"ImageObject\",\"inLanguage\":\"cs\",\"@id\":\"https:\/\/marekkuchcinski.pl\/#\/schema\/person\/image\/\",\"url\":\"https:\/\/secure.gravatar.com\/avatar\/4bab693b9d55c3d6b52c0296a8765085?s=96&d=mm&r=g\",\"contentUrl\":\"https:\/\/secure.gravatar.com\/avatar\/4bab693b9d55c3d6b52c0296a8765085?s=96&d=mm&r=g\",\"caption\":\"admin\"},\"url\":\"https:\/\/marekkuchcinski.pl\/cs\/author\/marta-olejnik\/\"}]}<\/script>\n<!-- \/ Yoast SEO plugin. -->","yoast_head_json":{"title":"Marek Kuchci\u0144ski w Lubaczowie: \u2013 Jeste\u015bmy pierwsz\u0105 parti\u0105 po wyborach \u201989 roku, kt\u00f3ra sw\u00f3j program realizuje &#8211; Marek Kuchci\u0144ski","robots":{"index":"index","follow":"follow","max-snippet":"max-snippet:-1","max-image-preview":"max-image-preview:large","max-video-preview":"max-video-preview:-1"},"canonical":"https:\/\/marekkuchcinski.pl\/cs\/wydarzenia\/marek-kuchcinski-w-lubaczowie-jestesmy-pierwsza-partia-po-wyborach-89-roku-ktora-swoj-program-realizuje\/","og_locale":"cs_CZ","og_type":"article","og_title":"Marek Kuchci\u0144ski w Lubaczowie: \u2013 Jeste\u015bmy pierwsz\u0105 parti\u0105 po wyborach \u201989 roku, kt\u00f3ra sw\u00f3j program realizuje &#8211; Marek Kuchci\u0144ski","og_description":"Podczas konwencji wyborczej do Parlamentu Europejskiego w Lubaczowie obecni byli m.in. marsza\u0142ek Sejmu i prezes podkarpackiego PiS Marek Kuchci\u0144ski, wicewojewoda podkarpacki Lucyna Podhalicz, wicemarsza\u0142ek woj. podkarpackiego Piotr Pilch, Teresa Pamu\u0142a \u2013 wiceprzewodnicz\u0105ca Sejmiku Wojew\u00f3dztwa Podkarpackiego, a zarazem dyrektor podkarpackiego Oddzia\u0142u ARiMR, Maria Fajger \u2013 prezes Agencji Restrukturyzacji i Modernizacji Rolnictwa w Warszawie, Marta Tabaczek, przewodnicz\u0105ca [&hellip;]","og_url":"https:\/\/marekkuchcinski.pl\/cs\/wydarzenia\/marek-kuchcinski-w-lubaczowie-jestesmy-pierwsza-partia-po-wyborach-89-roku-ktora-swoj-program-realizuje\/","og_site_name":"Marek Kuchci\u0144ski","article_published_time":"2019-05-13T12:00:23+00:00","article_modified_time":"2019-05-13T14:44:46+00:00","og_image":[{"width":2048,"height":1365,"url":"https:\/\/marekkuchcinski.pl\/wp-content\/uploads\/2019\/05\/IMG_1699.jpg","type":"image\/jpeg"}],"author":"admin","twitter_card":"summary_large_image","twitter_misc":{"Napsal(a)":"admin","Odhadovan\u00e1 doba \u010dten\u00ed":"6 minut"},"schema":{"@context":"https:\/\/schema.org","@graph":[{"@type":"Article","@id":"https:\/\/marekkuchcinski.pl\/en\/wydarzenia\/marek-kuchcinski-w-lubaczowie-jestesmy-pierwsza-partia-po-wyborach-89-roku-ktora-swoj-program-realizuje\/#article","isPartOf":{"@id":"https:\/\/marekkuchcinski.pl\/en\/wydarzenia\/marek-kuchcinski-w-lubaczowie-jestesmy-pierwsza-partia-po-wyborach-89-roku-ktora-swoj-program-realizuje\/"},"author":{"name":"admin","@id":"https:\/\/marekkuchcinski.pl\/#\/schema\/person\/6f62700996b4d950b6ea2d1183b6c6be"},"headline":"Marek Kuchci\u0144ski w Lubaczowie: \u2013 Jeste\u015bmy pierwsz\u0105 parti\u0105 po wyborach \u201989 roku, kt\u00f3ra sw\u00f3j program realizuje","datePublished":"2019-05-13T12:00:23+00:00","dateModified":"2019-05-13T14:44:46+00:00","mainEntityOfPage":{"@id":"https:\/\/marekkuchcinski.pl\/en\/wydarzenia\/marek-kuchcinski-w-lubaczowie-jestesmy-pierwsza-partia-po-wyborach-89-roku-ktora-swoj-program-realizuje\/"},"wordCount":1285,"commentCount":0,"publisher":{"@id":"https:\/\/marekkuchcinski.pl\/#organization"},"image":{"@id":"https:\/\/marekkuchcinski.pl\/en\/wydarzenia\/marek-kuchcinski-w-lubaczowie-jestesmy-pierwsza-partia-po-wyborach-89-roku-ktora-swoj-program-realizuje\/#primaryimage"},"thumbnailUrl":"https:\/\/marekkuchcinski.pl\/wp-content\/uploads\/2019\/05\/IMG_1699.jpg","articleSection":["Podkarpacie","Prawo i Sprawiedliwo\u015b\u0107","Wydarzenia"],"inLanguage":"cs","potentialAction":[{"@type":"CommentAction","name":"Comment","target":["https:\/\/marekkuchcinski.pl\/en\/wydarzenia\/marek-kuchcinski-w-lubaczowie-jestesmy-pierwsza-partia-po-wyborach-89-roku-ktora-swoj-program-realizuje\/#respond"]}]},{"@type":"WebPage","@id":"https:\/\/marekkuchcinski.pl\/en\/wydarzenia\/marek-kuchcinski-w-lubaczowie-jestesmy-pierwsza-partia-po-wyborach-89-roku-ktora-swoj-program-realizuje\/","url":"https:\/\/marekkuchcinski.pl\/en\/wydarzenia\/marek-kuchcinski-w-lubaczowie-jestesmy-pierwsza-partia-po-wyborach-89-roku-ktora-swoj-program-realizuje\/","name":"Marek Kuchci\u0144ski w Lubaczowie: \u2013 Jeste\u015bmy pierwsz\u0105 parti\u0105 po wyborach \u201989 roku, kt\u00f3ra sw\u00f3j program realizuje &#8211; Marek Kuchci\u0144ski","isPartOf":{"@id":"https:\/\/marekkuchcinski.pl\/#website"},"primaryImageOfPage":{"@id":"https:\/\/marekkuchcinski.pl\/en\/wydarzenia\/marek-kuchcinski-w-lubaczowie-jestesmy-pierwsza-partia-po-wyborach-89-roku-ktora-swoj-program-realizuje\/#primaryimage"},"image":{"@id":"https:\/\/marekkuchcinski.pl\/en\/wydarzenia\/marek-kuchcinski-w-lubaczowie-jestesmy-pierwsza-partia-po-wyborach-89-roku-ktora-swoj-program-realizuje\/#primaryimage"},"thumbnailUrl":"https:\/\/marekkuchcinski.pl\/wp-content\/uploads\/2019\/05\/IMG_1699.jpg","datePublished":"2019-05-13T12:00:23+00:00","dateModified":"2019-05-13T14:44:46+00:00","breadcrumb":{"@id":"https:\/\/marekkuchcinski.pl\/en\/wydarzenia\/marek-kuchcinski-w-lubaczowie-jestesmy-pierwsza-partia-po-wyborach-89-roku-ktora-swoj-program-realizuje\/#breadcrumb"},"inLanguage":"cs","potentialAction":[{"@type":"ReadAction","target":["https:\/\/marekkuchcinski.pl\/en\/wydarzenia\/marek-kuchcinski-w-lubaczowie-jestesmy-pierwsza-partia-po-wyborach-89-roku-ktora-swoj-program-realizuje\/"]}]},{"@type":"ImageObject","inLanguage":"cs","@id":"https:\/\/marekkuchcinski.pl\/en\/wydarzenia\/marek-kuchcinski-w-lubaczowie-jestesmy-pierwsza-partia-po-wyborach-89-roku-ktora-swoj-program-realizuje\/#primaryimage","url":"https:\/\/marekkuchcinski.pl\/wp-content\/uploads\/2019\/05\/IMG_1699.jpg","contentUrl":"https:\/\/marekkuchcinski.pl\/wp-content\/uploads\/2019\/05\/IMG_1699.jpg","width":2048,"height":1365},{"@type":"BreadcrumbList","@id":"https:\/\/marekkuchcinski.pl\/en\/wydarzenia\/marek-kuchcinski-w-lubaczowie-jestesmy-pierwsza-partia-po-wyborach-89-roku-ktora-swoj-program-realizuje\/#breadcrumb","itemListElement":[{"@type":"ListItem","position":1,"name":"Strona g\u0142\u00f3wna","item":"https:\/\/marekkuchcinski.pl\/"},{"@type":"ListItem","position":2,"name":"Marek Kuchci\u0144ski w Lubaczowie: \u2013 Jeste\u015bmy pierwsz\u0105 parti\u0105 po wyborach \u201989 roku, kt\u00f3ra sw\u00f3j program realizuje"}]},{"@type":"WebSite","@id":"https:\/\/marekkuchcinski.pl\/#website","url":"https:\/\/marekkuchcinski.pl\/","name":"Marek Kuchci\u0144ski","description":"Pose\u0142 na sejm RP &ndash; okr\u0119g nr 22","publisher":{"@id":"https:\/\/marekkuchcinski.pl\/#organization"},"potentialAction":[{"@type":"SearchAction","target":{"@type":"EntryPoint","urlTemplate":"https:\/\/marekkuchcinski.pl\/?s={search_term_string}"},"query-input":{"@type":"PropertyValueSpecification","valueRequired":true,"valueName":"search_term_string"}}],"inLanguage":"cs"},{"@type":"Organization","@id":"https:\/\/marekkuchcinski.pl\/#organization","name":"Marek Kuchci\u0144ski","url":"https:\/\/marekkuchcinski.pl\/","logo":{"@type":"ImageObject","inLanguage":"cs","@id":"https:\/\/marekkuchcinski.pl\/#\/schema\/logo\/image\/","url":"https:\/\/marekkuchcinski.pl\/wp-content\/uploads\/2022\/09\/Marek.jpg","contentUrl":"https:\/\/marekkuchcinski.pl\/wp-content\/uploads\/2022\/09\/Marek.jpg","width":1600,"height":971,"caption":"Marek Kuchci\u0144ski"},"image":{"@id":"https:\/\/marekkuchcinski.pl\/#\/schema\/logo\/image\/"}},{"@type":"Person","@id":"https:\/\/marekkuchcinski.pl\/#\/schema\/person\/6f62700996b4d950b6ea2d1183b6c6be","name":"admin","image":{"@type":"ImageObject","inLanguage":"cs","@id":"https:\/\/marekkuchcinski.pl\/#\/schema\/person\/image\/","url":"https:\/\/secure.gravatar.com\/avatar\/4bab693b9d55c3d6b52c0296a8765085?s=96&d=mm&r=g","contentUrl":"https:\/\/secure.gravatar.com\/avatar\/4bab693b9d55c3d6b52c0296a8765085?s=96&d=mm&r=g","caption":"admin"},"url":"https:\/\/marekkuchcinski.pl\/cs\/author\/marta-olejnik\/"}]}},"_links":{"self":[{"href":"https:\/\/marekkuchcinski.pl\/cs\/wp-json\/wp\/v2\/posts\/15434","targetHints":{"allow":["GET"]}}],"collection":[{"href":"https:\/\/marekkuchcinski.pl\/cs\/wp-json\/wp\/v2\/posts"}],"about":[{"href":"https:\/\/marekkuchcinski.pl\/cs\/wp-json\/wp\/v2\/types\/post"}],"author":[{"embeddable":true,"href":"https:\/\/marekkuchcinski.pl\/cs\/wp-json\/wp\/v2\/users\/6"}],"replies":[{"embeddable":true,"href":"https:\/\/marekkuchcinski.pl\/cs\/wp-json\/wp\/v2\/comments?post=15434"}],"version-history":[{"count":15,"href":"https:\/\/marekkuchcinski.pl\/cs\/wp-json\/wp\/v2\/posts\/15434\/revisions"}],"predecessor-version":[{"id":15477,"href":"https:\/\/marekkuchcinski.pl\/cs\/wp-json\/wp\/v2\/posts\/15434\/revisions\/15477"}],"wp:featuredmedia":[{"embeddable":true,"href":"https:\/\/marekkuchcinski.pl\/cs\/wp-json\/wp\/v2\/media\/15435"}],"wp:attachment":[{"href":"https:\/\/marekkuchcinski.pl\/cs\/wp-json\/wp\/v2\/media?parent=15434"}],"wp:term":[{"taxonomy":"category","embeddable":true,"href":"https:\/\/marekkuchcinski.pl\/cs\/wp-json\/wp\/v2\/categories?post=15434"},{"taxonomy":"post_tag","embeddable":true,"href":"https:\/\/marekkuchcinski.pl\/cs\/wp-json\/wp\/v2\/tags?post=15434"}],"curies":[{"name":"wp","href":"https:\/\/api.w.org\/{rel}","templated":true}]}}