{"id":15394,"date":"2019-05-14T15:29:47","date_gmt":"2019-05-14T13:29:47","guid":{"rendered":"https:\/\/marekkuchcinski.pl\/?p=15394"},"modified":"2019-05-16T20:11:46","modified_gmt":"2019-05-16T18:11:46","slug":"rok-1989-w-europie-srodkowo-wschodniej-w-perspektywie-30-letniej-spotkanie-z-udzialem-marszalka-sejmu-marka-kuchcinskiego","status":"publish","type":"post","link":"https:\/\/marekkuchcinski.pl\/cs\/wydarzenia\/rok-1989-w-europie-srodkowo-wschodniej-w-perspektywie-30-letniej-spotkanie-z-udzialem-marszalka-sejmu-marka-kuchcinskiego\/","title":{"rendered":"Rok 1989 ve st\u0159edn\u00ed a v\u00fdchodn\u00ed Evrop\u011b v t\u0159icetilet\u00e9 perspektiv\u011b - setk\u00e1n\u00ed za \u00fa\u010dasti p\u0159edsedy Sejmu Marka Kuchci\u0144sk\u00e9ho"},"content":{"rendered":"<p><strong>O tom, jak se v Polsku zm\u011bnily pom\u011bry po svr\u017een\u00ed komunismu, se hovo\u0159ilo na prvn\u00edm setk\u00e1n\u00ed Karpatsk\u00e9ho diskusn\u00edho klubu v N\u00e1rodn\u00edm muzeu P\u0159emy\u0161lska. <\/strong><\/p>\n\n\n\n<p>Profesor Jan Draus porovnal cestu ke svobod\u011b v Polsku a Ma\u010farsku. P\u0159ipomn\u011bl, \u017ee rok 1989 znamenal pro Polsko a st\u0159edn\u00ed a v\u00fdchodn\u00ed Evropu konec komunismu, kter\u00fd po desetilet\u00ed zotro\u010doval velkou \u010d\u00e1st sv\u011btov\u00e9 populace a byl skute\u010dn\u00fdm experimentem jen do t\u00e9 m\u00edry, \u017ee dok\u00e1zal zotro\u010denou spole\u010dnost u\u017eivit a soci\u00e1ln\u00ed vzpoury potla\u010dit n\u00e1sil\u00edm... Komunismus jako utopie trval od krize ke krizi a jeho n\u00e1strojem bylo n\u00e1sil\u00ed. <\/p>\n\n\n\n<p>Shrnut\u00ed\nprofesor zd\u016fraznil, \u017ee a\u010dkoli v\u0161e za\u010dalo v Polsku, dal\u0161\u00ed\nostatn\u00ed zem\u011b ji v demokratiza\u010dn\u00edm procesu p\u0159edb\u011bhly. V Polsku to trvalo 10 let\nlet, v Ma\u010farsku 10 m\u011bs\u00edc\u016f, v NDR 10 t\u00fddn\u016f, v \u010ceskoslovensku 10 dn\u00ed. W\nV t\u011bchto zem\u00edch o svobod\u011b rozhodovala opozice a spole\u010dnost, v Rumunsku a na Slovensku se o n\u00ed rozhodovalo na z\u00e1klad\u011b\nRumunsko a Ma\u010farsko - pal\u00e1cov\u00fdm p\u0159evratem. Ve v\u0161ech p\u0159\u00edpadech byli dikt\u00e1to\u0159i odstaveni od moci. Z\nPolsko, kde byl jmenov\u00e1n gener\u00e1l Wojciech Jaruzelski.\nprezidentem zem\u011b. <\/p>\n\n\n\n<p>Je st\u00e1le obt\u00ed\u017en\u00e9\nvysv\u011btlit, a jak zd\u016fraznil Andrzej Klarkowski, rok 1989 je pro n\u00e1s st\u00e1le z\u00e1hadou a h\u00e1dankou.\nz\u00e1hada a h\u00e1danka. Z\u016fst\u00e1v\u00e1 ot\u00e1zkou, na kterou nebudeme zn\u00e1t odpov\u011b\u010f.\nKlarkowski p\u0159ipomn\u011bl, \u017ee pro komunistick\u00e9 \u00fa\u0159ady byly volby v roce 1989.\nKlarkowski p\u0159ipomn\u011bl, \u017ee pro komunistick\u00e9 \u00fa\u0159ady m\u011bly volby v roce 1989 p\u0159il\u00e1kat opozici k vl\u00e1dnouc\u00edmu t\u00fdmu, aby mu poskytly legitimitu na n\u011bkolik let.\npo n\u011bkolik let. Spole\u010densk\u00e9 procesy v\u0161ak n\u011bkdy p\u0159edb\u00edhaj\u00ed my\u0161len\u00ed politik\u016f a\nanalytici. Po \u010dervnov\u00fdch volb\u00e1ch se zvedla vlna nad\u0161en\u00ed,\npo \u010dervnov\u00fdch volb\u00e1ch do\u0161lo k bl\u00e1zniv\u00e9mu n\u00e1r\u016fstu nad\u0161en\u00ed, k n\u00e1r\u016fstu d\u016fv\u011bry v opozici a k dramatick\u00e9mu poklesu d\u016fv\u011bry v ty, kte\u0159\u00ed jsou u moci.\nPZPR. Komunistick\u00e9 \u00fa\u0159ady byly \u0161okov\u00e1ny, demokratick\u00e1 opozice pln\u011b nevyu\u017eila soci\u00e1ln\u00ed \u00fav\u011br.\nve\u0159ejn\u00fd kredit pro d\u016fv\u011bru. Toto nevyu\u017eit\u00ed soci\u00e1ln\u00edho mand\u00e1tu\nodkl\u00e1dala a br\u00e1nila pot\u0159ebn\u00fdm a o\u010dek\u00e1van\u00fdm zm\u011bn\u00e1m.\no\u010dek\u00e1van\u00e9 zm\u011bny. Bilanci zm\u011bn po roce 1989 v\u0161ak polsk\u00e1 spole\u010dnost hodnotila dob\u0159e, dokonce l\u00e9pe.\ndokonce lep\u0161\u00ed ne\u017e spole\u010dnosti na\u0161ich soused\u016f. Co jsme d\u011blali v Polsku\nur\u010dily zm\u011bny v regionu. <\/p>\n\n\n\n<p>Podle posledn\u00edho pr\u016fzkumu CBOS jsou za p\u00e1d komunismu pova\u017eov\u00e1ny prvn\u00ed svobodn\u00e9 volby v roce 1991. Hodnocen\u00ed komunistick\u00e9 minulosti v\u0161ak st\u00e1le nen\u00ed jednozna\u010dn\u00e9. St\u00e1le p\u0159etrv\u00e1v\u00e1 nelibost nad dobou spojenou s Polskou lidovou republikou, n\u00e1zory na nutnost zaveden\u00ed stann\u00e9ho pr\u00e1va se st\u00e1le rozch\u00e1zej\u00ed... O tom, co byla Polsk\u00e1 lidov\u00e1 republika a PZPR, se vytv\u00e1\u0159ej\u00ed nejednozna\u010dn\u00e9 legendy, kter\u00e9 neodpov\u00eddaj\u00ed skute\u010dnosti. Pamatujeme si, \u017ee tehdy panoval strach, zotro\u010dov\u00e1n\u00ed, vyd\u00edr\u00e1n\u00ed, politick\u00e9 vra\u017edy. Nebyla to doba sm\u011b\u0161n\u00fdch front a potravinov\u00fdch l\u00edstk\u016f, hloup\u00e9ho ZOMO, milice, neschopn\u00e9 SB, byla to doba tr\u00fdzn\u011b, pron\u00e1sledov\u00e1n\u00ed a b\u00eddy. Na\u0161\u00edm \u00fakolem je sd\u011blit pravdu o tom, co se stalo, jak d\u016fle\u017eit\u00e1 je odvaha jak v dob\u011b opozice v\u016f\u010di Polsk\u00e9 lidov\u00e9 republice, tak odvaha k zaveden\u00ed o\u010dek\u00e1van\u00fdch spole\u010densk\u00fdch a politick\u00fdch zm\u011bn.<\/p>\n\n\n\n<p>Mo\u017en\u00e1,\nneb\u00fdt toho, \u017ee voli\u010di v roce 1989 dali p\u0159ednost demokratick\u00e9 opozici, zm\u011bny by byly odlo\u017eeny.\nby se zpozdil o mnoho let. P\u0159i\u0161ly by pozd\u011bji, ale jejich n\u00e1klady a drama by byly mnohem v\u011bt\u0161\u00ed. Po\nBohu\u017eel po v\u00edt\u011bzstv\u00ed v roce 1989 do\u0161lo k chyb\u00e1m. Syst\u00e9m nebyl zm\u011bn\u011bn najednou\n- Syst\u00e9m nebyl zm\u011bn\u011bn najednou, jak si p\u0159\u00e1li voli\u010di v roce 1989.\nOsoby odpov\u011bdn\u00e9 za krimin\u00e1ln\u00ed a zlo\u010dinn\u00e9 jedn\u00e1n\u00ed v Polsk\u00e9 lidov\u00e9 republice nebyly potrest\u00e1ny...<\/p>\n\n\n\n<p>Marek Kuchci\u0144ski vystoupil jako osoba, kter\u00e1 se aktivn\u011b pod\u00edlela na t\u011bchto zm\u011bn\u00e1ch. P\u0159ipomn\u011bl, \u017ee v \u010dervenci 1989, od <a href=\"http:\/\/www.encysol.pl\/wiki\/Marek_Kami%C5%84ski\">Marek Kami\u0144ski<\/a> Protesty zah\u00e1jili d\u00e1lnopisem. Protesty v Przemy\u015blu byly siln\u00e9 a dramatick\u00e9 (poslanec Evropsk\u00e9ho parlamentu). <a href=\"http:\/\/www.encysol.pl\/wiki\/Robert_Majka\">Robert Majk<\/a>a). T\u00fdkaly se celost\u00e1tn\u00edho seznamu po prvn\u00edm kole voleb a zm\u011bny volebn\u00edho \u0159\u00e1du mezi jednotliv\u00fdmi koly, aby bylo mo\u017en\u00e9 celost\u00e1tn\u00ed seznam doplnit. <\/p>\n\n\n\n<p>B\u011bhem prvn\u00edho sjezdu Porozumienie Centrum byla strukturami v Przemyslu a Rzeszow\u011b p\u0159edlo\u017eena my\u0161lenka dekomunizace.<\/p>\n\n\n\n<p>Mar\u0161\u00e1l si pov\u0161iml pozitivn\u00ed atmosf\u00e9ry, kter\u00e1 prov\u00e1zela podkarpatskou opozici, stejn\u011b jako jej\u00ed jednoty, s\u00edly a odhodl\u00e1n\u00ed v boji proti komunismu. - Nelituji t\u00e9 doby, bylo to velmi zaj\u00edmav\u00e9,\" uzav\u0159el.<\/p>\n\n\n\n<p>Waldemar Wiglusz naopak upozornil, \u017ee o mnoha v\u011bcech, kter\u00e9 se v t\u00e9 dob\u011b d\u011bly na celost\u00e1tn\u00ed a region\u00e1ln\u00ed \u00farovni, se nev\u011bd\u011blo. - Bylo zde 49 vojvodstv\u00ed a \u017e\u00e1dn\u00fd internet ani mobiln\u00ed telefony. Mnoho informac\u00ed o t\u00e9 dob\u011b najdete v rozhovorech redaktorky Elizy Olczyk ve v\u00edkendov\u00e9m vyd\u00e1n\u00ed den\u00edku Rzeczpospolita: Plus-Minus - s aktivisty z t\u011bchto dob. Doufejme, \u017ee tyto rozhovory budou jednou vyd\u00e1ny kni\u017en\u011b, proto\u017ee jsou zdrojem poznatk\u016f od tehdej\u0161\u00edch sv\u011bdk\u016f t\u011bchto ud\u00e1lost\u00ed. Proto\u017ee dnes jsme sami kriti\u010dt\u00ed k tehdej\u0161\u00edm p\u0159\u00edb\u011bh\u016fm - nezb\u00fdv\u00e1 ne\u017e v\u00e1s vyzvat, abyste napsali vlastn\u00ed sv\u011bdectv\u00ed a p\u0159edlo\u017eili je nap\u0159\u00edklad IPN, tisku nebo je p\u0159edali v jak\u00e9koli form\u011b - \u0159ekl Wilgusz. <br><\/p>\n\n\n\n<p class=\"has-text-color has-vivid-cyan-blue-color\"><strong>Pr\u016fzkum CBOS v roce 2019 a zm\u011bny v\u00fdsledk\u016f ve srovn\u00e1n\u00ed s lety 2009 a 2014<\/strong><\/p>\n\n\n\n<figure class=\"wp-block-image\"><img fetchpriority=\"high\" decoding=\"async\" width=\"1024\" height=\"803\" src=\"https:\/\/marekkuchcinski.pl\/wp-content\/uploads\/2019\/05\/1-1024x803.png\" alt=\"\" class=\"wp-image-15510\" srcset=\"https:\/\/marekkuchcinski.pl\/wp-content\/uploads\/2019\/05\/1-1024x803.png 1024w, https:\/\/marekkuchcinski.pl\/wp-content\/uploads\/2019\/05\/1-300x235.png 300w, https:\/\/marekkuchcinski.pl\/wp-content\/uploads\/2019\/05\/1-768x602.png 768w, https:\/\/marekkuchcinski.pl\/wp-content\/uploads\/2019\/05\/1.png 2048w\" sizes=\"(max-width: 1024px) 100vw, 1024px\" \/><\/figure>\n\n\n\n<figure class=\"wp-block-image\"><img decoding=\"async\" width=\"1024\" height=\"738\" src=\"https:\/\/marekkuchcinski.pl\/wp-content\/uploads\/2019\/05\/2-1024x738.png\" alt=\"\" class=\"wp-image-15511\" srcset=\"https:\/\/marekkuchcinski.pl\/wp-content\/uploads\/2019\/05\/2-1024x738.png 1024w, https:\/\/marekkuchcinski.pl\/wp-content\/uploads\/2019\/05\/2-300x216.png 300w, https:\/\/marekkuchcinski.pl\/wp-content\/uploads\/2019\/05\/2-768x554.png 768w, https:\/\/marekkuchcinski.pl\/wp-content\/uploads\/2019\/05\/2.png 2048w\" sizes=\"(max-width: 1024px) 100vw, 1024px\" \/><\/figure>\n\n\n\n<figure class=\"wp-block-image\"><img decoding=\"async\" width=\"1024\" height=\"617\" src=\"https:\/\/marekkuchcinski.pl\/wp-content\/uploads\/2019\/05\/3-1024x617.png\" alt=\"\" class=\"wp-image-15515\" srcset=\"https:\/\/marekkuchcinski.pl\/wp-content\/uploads\/2019\/05\/3-1024x617.png 1024w, https:\/\/marekkuchcinski.pl\/wp-content\/uploads\/2019\/05\/3-300x181.png 300w, https:\/\/marekkuchcinski.pl\/wp-content\/uploads\/2019\/05\/3-768x463.png 768w, https:\/\/marekkuchcinski.pl\/wp-content\/uploads\/2019\/05\/3.png 2048w\" sizes=\"(max-width: 1024px) 100vw, 1024px\" \/><\/figure>\n\n\n\n<figure class=\"wp-block-image\"><img loading=\"lazy\" decoding=\"async\" width=\"2048\" height=\"1407\" src=\"https:\/\/marekkuchcinski.pl\/wp-content\/uploads\/2019\/05\/4-1024x704.png\" alt=\"\" class=\"wp-image-15512\" srcset=\"https:\/\/marekkuchcinski.pl\/wp-content\/uploads\/2019\/05\/4-1024x704.png 1024w, https:\/\/marekkuchcinski.pl\/wp-content\/uploads\/2019\/05\/4-300x206.png 300w, https:\/\/marekkuchcinski.pl\/wp-content\/uploads\/2019\/05\/4-768x528.png 768w, https:\/\/marekkuchcinski.pl\/wp-content\/uploads\/2019\/05\/4.png 2048w\" sizes=\"(max-width: 2048px) 100vw, 2048px\" \/><\/figure>\n\n\n\n<figure class=\"wp-block-image\"><img loading=\"lazy\" decoding=\"async\" width=\"1024\" height=\"893\" src=\"https:\/\/marekkuchcinski.pl\/wp-content\/uploads\/2019\/05\/5-1024x893.png\" alt=\"\" class=\"wp-image-15513\" srcset=\"https:\/\/marekkuchcinski.pl\/wp-content\/uploads\/2019\/05\/5-1024x893.png 1024w, https:\/\/marekkuchcinski.pl\/wp-content\/uploads\/2019\/05\/5-300x262.png 300w, https:\/\/marekkuchcinski.pl\/wp-content\/uploads\/2019\/05\/5-768x670.png 768w, https:\/\/marekkuchcinski.pl\/wp-content\/uploads\/2019\/05\/5.png 2048w\" sizes=\"(max-width: 1024px) 100vw, 1024px\" \/><\/figure>\n\n\n\n<p><em>text, foto Marta Olejnik<\/em><\/p>\n\n\n\n<figure class=\"wp-block-image is-resized\"><img loading=\"lazy\" decoding=\"async\" src=\"https:\/\/marekkuchcinski.pl\/wp-content\/uploads\/2019\/05\/IMG_9872-814x1024.jpg\" alt=\"\" class=\"wp-image-15395\" width=\"574\" height=\"722\" srcset=\"https:\/\/marekkuchcinski.pl\/wp-content\/uploads\/2019\/05\/IMG_9872-814x1024.jpg 814w, https:\/\/marekkuchcinski.pl\/wp-content\/uploads\/2019\/05\/IMG_9872-239x300.jpg 239w, https:\/\/marekkuchcinski.pl\/wp-content\/uploads\/2019\/05\/IMG_9872-768x966.jpg 768w, https:\/\/marekkuchcinski.pl\/wp-content\/uploads\/2019\/05\/IMG_9872.jpg 1628w\" sizes=\"(max-width: 574px) 100vw, 574px\" \/><figcaption><strong>Prof. Jan Draus<\/strong><br><\/figcaption><\/figure>\n\n\n\n<figure class=\"wp-block-image\"><img loading=\"lazy\" decoding=\"async\" width=\"1024\" height=\"674\" src=\"https:\/\/marekkuchcinski.pl\/wp-content\/uploads\/2019\/05\/IMG_0002-1024x674.jpg\" alt=\"\" class=\"wp-image-15424\" srcset=\"https:\/\/marekkuchcinski.pl\/wp-content\/uploads\/2019\/05\/IMG_0002-1024x674.jpg 1024w, https:\/\/marekkuchcinski.pl\/wp-content\/uploads\/2019\/05\/IMG_0002-300x197.jpg 300w, https:\/\/marekkuchcinski.pl\/wp-content\/uploads\/2019\/05\/IMG_0002-768x505.jpg 768w, https:\/\/marekkuchcinski.pl\/wp-content\/uploads\/2019\/05\/IMG_0002.jpg 2048w\" sizes=\"(max-width: 1024px) 100vw, 1024px\" \/><figcaption><strong>Andrzej Klarkowski<\/strong><\/figcaption><\/figure>\n\n\n\n<figure class=\"wp-block-image\"><img loading=\"lazy\" decoding=\"async\" width=\"664\" height=\"463\" src=\"https:\/\/marekkuchcinski.pl\/wp-content\/uploads\/2019\/05\/PSX_20190513_171338.jpg\" alt=\"\" class=\"wp-image-15480\" srcset=\"https:\/\/marekkuchcinski.pl\/wp-content\/uploads\/2019\/05\/PSX_20190513_171338.jpg 664w, https:\/\/marekkuchcinski.pl\/wp-content\/uploads\/2019\/05\/PSX_20190513_171338-300x209.jpg 300w\" sizes=\"(max-width: 664px) 100vw, 664px\" \/><figcaption><strong>Marek Kuchci\u0144ski<\/strong><br><\/figcaption><\/figure>\n\n\n\n<figure class=\"wp-block-image\"><img loading=\"lazy\" decoding=\"async\" width=\"1024\" height=\"683\" src=\"https:\/\/marekkuchcinski.pl\/wp-content\/uploads\/2019\/05\/IMG_9934-1024x683.jpg\" alt=\"\" class=\"wp-image-15526\" srcset=\"https:\/\/marekkuchcinski.pl\/wp-content\/uploads\/2019\/05\/IMG_9934-1024x683.jpg 1024w, https:\/\/marekkuchcinski.pl\/wp-content\/uploads\/2019\/05\/IMG_9934-300x200.jpg 300w, https:\/\/marekkuchcinski.pl\/wp-content\/uploads\/2019\/05\/IMG_9934-768x512.jpg 768w, https:\/\/marekkuchcinski.pl\/wp-content\/uploads\/2019\/05\/IMG_9934.jpg 2048w\" sizes=\"(max-width: 1024px) 100vw, 1024px\" \/><\/figure>\n\n\n\n<figure class=\"wp-block-image\"><img loading=\"lazy\" decoding=\"async\" width=\"1024\" height=\"683\" src=\"https:\/\/marekkuchcinski.pl\/wp-content\/uploads\/2019\/05\/IMG_0032-1024x683.jpg\" alt=\"\" class=\"wp-image-15428\" srcset=\"https:\/\/marekkuchcinski.pl\/wp-content\/uploads\/2019\/05\/IMG_0032-1024x683.jpg 1024w, https:\/\/marekkuchcinski.pl\/wp-content\/uploads\/2019\/05\/IMG_0032-300x200.jpg 300w, https:\/\/marekkuchcinski.pl\/wp-content\/uploads\/2019\/05\/IMG_0032-768x512.jpg 768w, https:\/\/marekkuchcinski.pl\/wp-content\/uploads\/2019\/05\/IMG_0032.jpg 2048w\" sizes=\"(max-width: 1024px) 100vw, 1024px\" \/><figcaption><strong>Andrzej Paniw, p\u0159edseda sch\u016fze<\/strong><\/figcaption><\/figure>\n\n\n\n<figure class=\"wp-block-image\"><img loading=\"lazy\" decoding=\"async\" width=\"1024\" height=\"683\" src=\"https:\/\/marekkuchcinski.pl\/wp-content\/uploads\/2019\/05\/IMG_0008-1024x683.jpg\" alt=\"\" class=\"wp-image-15425\" srcset=\"https:\/\/marekkuchcinski.pl\/wp-content\/uploads\/2019\/05\/IMG_0008-1024x683.jpg 1024w, https:\/\/marekkuchcinski.pl\/wp-content\/uploads\/2019\/05\/IMG_0008-300x200.jpg 300w, https:\/\/marekkuchcinski.pl\/wp-content\/uploads\/2019\/05\/IMG_0008-768x512.jpg 768w, https:\/\/marekkuchcinski.pl\/wp-content\/uploads\/2019\/05\/IMG_0008.jpg 2048w\" sizes=\"(max-width: 1024px) 100vw, 1024px\" \/><figcaption><strong> Lucyna Podhalicz, Bogus\u0142aw Wojnarowicz <\/strong><\/figcaption><\/figure>\n\n\n\n<figure class=\"wp-block-image\"><img loading=\"lazy\" decoding=\"async\" width=\"1024\" height=\"683\" src=\"https:\/\/marekkuchcinski.pl\/wp-content\/uploads\/2019\/05\/IMG_0028-1024x683.jpg\" alt=\"\" class=\"wp-image-15427\" srcset=\"https:\/\/marekkuchcinski.pl\/wp-content\/uploads\/2019\/05\/IMG_0028-1024x683.jpg 1024w, https:\/\/marekkuchcinski.pl\/wp-content\/uploads\/2019\/05\/IMG_0028-300x200.jpg 300w, https:\/\/marekkuchcinski.pl\/wp-content\/uploads\/2019\/05\/IMG_0028-768x512.jpg 768w, https:\/\/marekkuchcinski.pl\/wp-content\/uploads\/2019\/05\/IMG_0028.jpg 2048w\" sizes=\"(max-width: 1024px) 100vw, 1024px\" \/><figcaption><strong> Grzegorz Pietrusza <\/strong><\/figcaption><\/figure>\n\n\n\n<figure class=\"wp-block-image\"><img loading=\"lazy\" decoding=\"async\" width=\"1024\" height=\"683\" src=\"https:\/\/marekkuchcinski.pl\/wp-content\/uploads\/2019\/05\/IMG_9989-1024x683.jpg\" alt=\"\" class=\"wp-image-15399\" srcset=\"https:\/\/marekkuchcinski.pl\/wp-content\/uploads\/2019\/05\/IMG_9989-1024x683.jpg 1024w, https:\/\/marekkuchcinski.pl\/wp-content\/uploads\/2019\/05\/IMG_9989-300x200.jpg 300w, https:\/\/marekkuchcinski.pl\/wp-content\/uploads\/2019\/05\/IMG_9989-768x512.jpg 768w, https:\/\/marekkuchcinski.pl\/wp-content\/uploads\/2019\/05\/IMG_9989.jpg 2048w\" sizes=\"(max-width: 1024px) 100vw, 1024px\" \/><figcaption><strong>Waldemar Wiglusz:<\/strong><br><br><\/figcaption><\/figure>\n\n\n\n<figure class=\"wp-block-image\"><img loading=\"lazy\" decoding=\"async\" width=\"1024\" height=\"686\" src=\"https:\/\/marekkuchcinski.pl\/wp-content\/uploads\/2019\/05\/IMG_9990-1024x686.jpg\" alt=\"\" class=\"wp-image-15422\" srcset=\"https:\/\/marekkuchcinski.pl\/wp-content\/uploads\/2019\/05\/IMG_9990-1024x686.jpg 1024w, https:\/\/marekkuchcinski.pl\/wp-content\/uploads\/2019\/05\/IMG_9990-300x201.jpg 300w, https:\/\/marekkuchcinski.pl\/wp-content\/uploads\/2019\/05\/IMG_9990-768x515.jpg 768w, https:\/\/marekkuchcinski.pl\/wp-content\/uploads\/2019\/05\/IMG_9990.jpg 2048w\" sizes=\"(max-width: 1024px) 100vw, 1024px\" \/><figcaption><strong> Jerzy Adamski  <\/strong><\/figcaption><\/figure>\n\n\n\n<figure class=\"wp-block-image\"><img loading=\"lazy\" decoding=\"async\" width=\"1024\" height=\"877\" src=\"https:\/\/marekkuchcinski.pl\/wp-content\/uploads\/2019\/05\/IMG_9996-1-1024x877.jpg\" alt=\"\" class=\"wp-image-15432\" srcset=\"https:\/\/marekkuchcinski.pl\/wp-content\/uploads\/2019\/05\/IMG_9996-1-1024x877.jpg 1024w, https:\/\/marekkuchcinski.pl\/wp-content\/uploads\/2019\/05\/IMG_9996-1-300x257.jpg 300w, https:\/\/marekkuchcinski.pl\/wp-content\/uploads\/2019\/05\/IMG_9996-1-768x658.jpg 768w, https:\/\/marekkuchcinski.pl\/wp-content\/uploads\/2019\/05\/IMG_9996-1.jpg 2048w\" sizes=\"(max-width: 1024px) 100vw, 1024px\" \/><figcaption><strong> Maciej D\u0119bicki <\/strong><\/figcaption><\/figure>\n\n\n\n<figure class=\"wp-block-image\"><img loading=\"lazy\" decoding=\"async\" width=\"1024\" height=\"683\" src=\"https:\/\/marekkuchcinski.pl\/wp-content\/uploads\/2019\/05\/IMG_9975-1024x683.jpg\" alt=\"\" class=\"wp-image-15421\" srcset=\"https:\/\/marekkuchcinski.pl\/wp-content\/uploads\/2019\/05\/IMG_9975-1024x683.jpg 1024w, https:\/\/marekkuchcinski.pl\/wp-content\/uploads\/2019\/05\/IMG_9975-300x200.jpg 300w, https:\/\/marekkuchcinski.pl\/wp-content\/uploads\/2019\/05\/IMG_9975-768x512.jpg 768w, https:\/\/marekkuchcinski.pl\/wp-content\/uploads\/2019\/05\/IMG_9975.jpg 2048w\" sizes=\"(max-width: 1024px) 100vw, 1024px\" \/><figcaption><strong>Jan Karu\u015b, Marek Kami\u0144ski, Jan Musia\u0142<\/strong><\/figcaption><\/figure>\n\n\n\n<figure class=\"wp-block-image\"><img loading=\"lazy\" decoding=\"async\" width=\"1024\" height=\"683\" src=\"https:\/\/marekkuchcinski.pl\/wp-content\/uploads\/2019\/05\/IMG_0009-1024x683.jpg\" alt=\"\" class=\"wp-image-15430\" srcset=\"https:\/\/marekkuchcinski.pl\/wp-content\/uploads\/2019\/05\/IMG_0009-1024x683.jpg 1024w, https:\/\/marekkuchcinski.pl\/wp-content\/uploads\/2019\/05\/IMG_0009-300x200.jpg 300w, https:\/\/marekkuchcinski.pl\/wp-content\/uploads\/2019\/05\/IMG_0009-768x512.jpg 768w, https:\/\/marekkuchcinski.pl\/wp-content\/uploads\/2019\/05\/IMG_0009.jpg 2048w\" sizes=\"(max-width: 1024px) 100vw, 1024px\" \/><\/figure>","protected":false},"excerpt":{"rendered":"<p>O tym, jak przebiega\u0142y zmiany w Polsce po obaleniu komunizmu rozmawiano podczas pierwszego spotkania Karpackiego Klubu Dyskusyjnego w Muzeum Narodowym Ziemi Przemyskiej. Prof. Jan Draus por\u00f3wna\u0142 drog\u0119 do wolno\u015bci Polski i W\u0119gier. Przypomnia\u0142, \u017ce rok 1989 dla Polski i Europy \u015arodkowo-Wschodniej znamionowa\u0142 kres komunizmu, kt\u00f3ry przez dziesi\u0105tki lat zniewala\u0142 znaczn\u0105 cz\u0119\u015b\u0107 ludno\u015bci \u015bwiata i by\u0142 [&hellip;]<\/p>","protected":false},"author":6,"featured_media":15480,"comment_status":"open","ping_status":"open","sticky":false,"template":"","format":"standard","meta":{"ngg_post_thumbnail":0,"footnotes":""},"categories":[49,82,3],"tags":[],"class_list":["post-15394","post","type-post","status-publish","format-standard","has-post-thumbnail","hentry","category-podkarpacie","category-prawo-i-sprawiedliwosc","category-wydarzenia"],"yoast_head":"<!-- This site is optimized with the Yoast SEO plugin v24.7 - https:\/\/yoast.com\/wordpress\/plugins\/seo\/ -->\n<title>Rok 1989 w Europie \u015arodkowo-Wschodniej w perspektywie 30-letniej \u2013 spotkanie z udzia\u0142em marsza\u0142ka Sejmu Marka Kuchci\u0144skiego &#8211; Marek Kuchci\u0144ski<\/title>\n<meta name=\"robots\" content=\"index, follow, max-snippet:-1, max-image-preview:large, max-video-preview:-1\" \/>\n<link rel=\"canonical\" href=\"https:\/\/marekkuchcinski.pl\/cs\/wydarzenia\/rok-1989-w-europie-srodkowo-wschodniej-w-perspektywie-30-letniej-spotkanie-z-udzialem-marszalka-sejmu-marka-kuchcinskiego\/\" \/>\n<meta property=\"og:locale\" content=\"cs_CZ\" \/>\n<meta property=\"og:type\" content=\"article\" \/>\n<meta property=\"og:title\" content=\"Rok 1989 w Europie \u015arodkowo-Wschodniej w perspektywie 30-letniej \u2013 spotkanie z udzia\u0142em marsza\u0142ka Sejmu Marka Kuchci\u0144skiego &#8211; Marek Kuchci\u0144ski\" \/>\n<meta property=\"og:description\" content=\"O tym, jak przebiega\u0142y zmiany w Polsce po obaleniu komunizmu rozmawiano podczas pierwszego spotkania Karpackiego Klubu Dyskusyjnego w Muzeum Narodowym Ziemi Przemyskiej. Prof. Jan Draus por\u00f3wna\u0142 drog\u0119 do wolno\u015bci Polski i W\u0119gier. Przypomnia\u0142, \u017ce rok 1989 dla Polski i Europy \u015arodkowo-Wschodniej znamionowa\u0142 kres komunizmu, kt\u00f3ry przez dziesi\u0105tki lat zniewala\u0142 znaczn\u0105 cz\u0119\u015b\u0107 ludno\u015bci \u015bwiata i by\u0142 [&hellip;]\" \/>\n<meta property=\"og:url\" content=\"https:\/\/marekkuchcinski.pl\/cs\/wydarzenia\/rok-1989-w-europie-srodkowo-wschodniej-w-perspektywie-30-letniej-spotkanie-z-udzialem-marszalka-sejmu-marka-kuchcinskiego\/\" \/>\n<meta property=\"og:site_name\" content=\"Marek Kuchci\u0144ski\" \/>\n<meta property=\"article:published_time\" content=\"2019-05-14T13:29:47+00:00\" \/>\n<meta property=\"article:modified_time\" content=\"2019-05-16T18:11:46+00:00\" \/>\n<meta property=\"og:image\" content=\"https:\/\/marekkuchcinski.pl\/wp-content\/uploads\/2019\/05\/PSX_20190513_171338.jpg\" \/>\n\t<meta property=\"og:image:width\" content=\"664\" \/>\n\t<meta property=\"og:image:height\" content=\"463\" \/>\n\t<meta property=\"og:image:type\" content=\"image\/jpeg\" \/>\n<meta name=\"author\" content=\"admin\" \/>\n<meta name=\"twitter:card\" content=\"summary_large_image\" \/>\n<meta name=\"twitter:label1\" content=\"Napsal(a)\" \/>\n\t<meta name=\"twitter:data1\" content=\"admin\" \/>\n\t<meta name=\"twitter:label2\" content=\"Odhadovan\u00e1 doba \u010dten\u00ed\" \/>\n\t<meta name=\"twitter:data2\" content=\"4 minuty\" \/>\n<script type=\"application\/ld+json\" class=\"yoast-schema-graph\">{\"@context\":\"https:\/\/schema.org\",\"@graph\":[{\"@type\":\"Article\",\"@id\":\"https:\/\/marekkuchcinski.pl\/ro\/wydarzenia\/rok-1989-w-europie-srodkowo-wschodniej-w-perspektywie-30-letniej-spotkanie-z-udzialem-marszalka-sejmu-marka-kuchcinskiego\/#article\",\"isPartOf\":{\"@id\":\"https:\/\/marekkuchcinski.pl\/ro\/wydarzenia\/rok-1989-w-europie-srodkowo-wschodniej-w-perspektywie-30-letniej-spotkanie-z-udzialem-marszalka-sejmu-marka-kuchcinskiego\/\"},\"author\":{\"name\":\"admin\",\"@id\":\"https:\/\/marekkuchcinski.pl\/#\/schema\/person\/6f62700996b4d950b6ea2d1183b6c6be\"},\"headline\":\"Rok 1989 w Europie \u015arodkowo-Wschodniej w perspektywie 30-letniej \u2013 spotkanie z udzia\u0142em marsza\u0142ka Sejmu Marka Kuchci\u0144skiego\",\"datePublished\":\"2019-05-14T13:29:47+00:00\",\"dateModified\":\"2019-05-16T18:11:46+00:00\",\"mainEntityOfPage\":{\"@id\":\"https:\/\/marekkuchcinski.pl\/ro\/wydarzenia\/rok-1989-w-europie-srodkowo-wschodniej-w-perspektywie-30-letniej-spotkanie-z-udzialem-marszalka-sejmu-marka-kuchcinskiego\/\"},\"wordCount\":868,\"commentCount\":0,\"publisher\":{\"@id\":\"https:\/\/marekkuchcinski.pl\/#organization\"},\"image\":{\"@id\":\"https:\/\/marekkuchcinski.pl\/ro\/wydarzenia\/rok-1989-w-europie-srodkowo-wschodniej-w-perspektywie-30-letniej-spotkanie-z-udzialem-marszalka-sejmu-marka-kuchcinskiego\/#primaryimage\"},\"thumbnailUrl\":\"https:\/\/marekkuchcinski.pl\/wp-content\/uploads\/2019\/05\/PSX_20190513_171338.jpg\",\"articleSection\":[\"Podkarpacie\",\"Prawo i Sprawiedliwo\u015b\u0107\",\"Wydarzenia\"],\"inLanguage\":\"cs\",\"potentialAction\":[{\"@type\":\"CommentAction\",\"name\":\"Comment\",\"target\":[\"https:\/\/marekkuchcinski.pl\/ro\/wydarzenia\/rok-1989-w-europie-srodkowo-wschodniej-w-perspektywie-30-letniej-spotkanie-z-udzialem-marszalka-sejmu-marka-kuchcinskiego\/#respond\"]}]},{\"@type\":\"WebPage\",\"@id\":\"https:\/\/marekkuchcinski.pl\/ro\/wydarzenia\/rok-1989-w-europie-srodkowo-wschodniej-w-perspektywie-30-letniej-spotkanie-z-udzialem-marszalka-sejmu-marka-kuchcinskiego\/\",\"url\":\"https:\/\/marekkuchcinski.pl\/ro\/wydarzenia\/rok-1989-w-europie-srodkowo-wschodniej-w-perspektywie-30-letniej-spotkanie-z-udzialem-marszalka-sejmu-marka-kuchcinskiego\/\",\"name\":\"Rok 1989 w Europie \u015arodkowo-Wschodniej w perspektywie 30-letniej \u2013 spotkanie z udzia\u0142em marsza\u0142ka Sejmu Marka Kuchci\u0144skiego &#8211; Marek Kuchci\u0144ski\",\"isPartOf\":{\"@id\":\"https:\/\/marekkuchcinski.pl\/#website\"},\"primaryImageOfPage\":{\"@id\":\"https:\/\/marekkuchcinski.pl\/ro\/wydarzenia\/rok-1989-w-europie-srodkowo-wschodniej-w-perspektywie-30-letniej-spotkanie-z-udzialem-marszalka-sejmu-marka-kuchcinskiego\/#primaryimage\"},\"image\":{\"@id\":\"https:\/\/marekkuchcinski.pl\/ro\/wydarzenia\/rok-1989-w-europie-srodkowo-wschodniej-w-perspektywie-30-letniej-spotkanie-z-udzialem-marszalka-sejmu-marka-kuchcinskiego\/#primaryimage\"},\"thumbnailUrl\":\"https:\/\/marekkuchcinski.pl\/wp-content\/uploads\/2019\/05\/PSX_20190513_171338.jpg\",\"datePublished\":\"2019-05-14T13:29:47+00:00\",\"dateModified\":\"2019-05-16T18:11:46+00:00\",\"breadcrumb\":{\"@id\":\"https:\/\/marekkuchcinski.pl\/ro\/wydarzenia\/rok-1989-w-europie-srodkowo-wschodniej-w-perspektywie-30-letniej-spotkanie-z-udzialem-marszalka-sejmu-marka-kuchcinskiego\/#breadcrumb\"},\"inLanguage\":\"cs\",\"potentialAction\":[{\"@type\":\"ReadAction\",\"target\":[\"https:\/\/marekkuchcinski.pl\/ro\/wydarzenia\/rok-1989-w-europie-srodkowo-wschodniej-w-perspektywie-30-letniej-spotkanie-z-udzialem-marszalka-sejmu-marka-kuchcinskiego\/\"]}]},{\"@type\":\"ImageObject\",\"inLanguage\":\"cs\",\"@id\":\"https:\/\/marekkuchcinski.pl\/ro\/wydarzenia\/rok-1989-w-europie-srodkowo-wschodniej-w-perspektywie-30-letniej-spotkanie-z-udzialem-marszalka-sejmu-marka-kuchcinskiego\/#primaryimage\",\"url\":\"https:\/\/marekkuchcinski.pl\/wp-content\/uploads\/2019\/05\/PSX_20190513_171338.jpg\",\"contentUrl\":\"https:\/\/marekkuchcinski.pl\/wp-content\/uploads\/2019\/05\/PSX_20190513_171338.jpg\",\"width\":664,\"height\":463},{\"@type\":\"BreadcrumbList\",\"@id\":\"https:\/\/marekkuchcinski.pl\/ro\/wydarzenia\/rok-1989-w-europie-srodkowo-wschodniej-w-perspektywie-30-letniej-spotkanie-z-udzialem-marszalka-sejmu-marka-kuchcinskiego\/#breadcrumb\",\"itemListElement\":[{\"@type\":\"ListItem\",\"position\":1,\"name\":\"Strona g\u0142\u00f3wna\",\"item\":\"https:\/\/marekkuchcinski.pl\/\"},{\"@type\":\"ListItem\",\"position\":2,\"name\":\"Rok 1989 w Europie \u015arodkowo-Wschodniej w perspektywie 30-letniej \u2013 spotkanie z udzia\u0142em marsza\u0142ka Sejmu Marka Kuchci\u0144skiego\"}]},{\"@type\":\"WebSite\",\"@id\":\"https:\/\/marekkuchcinski.pl\/#website\",\"url\":\"https:\/\/marekkuchcinski.pl\/\",\"name\":\"Marek Kuchci\u0144ski\",\"description\":\"Pose\u0142 na sejm RP &ndash; okr\u0119g nr 22\",\"publisher\":{\"@id\":\"https:\/\/marekkuchcinski.pl\/#organization\"},\"potentialAction\":[{\"@type\":\"SearchAction\",\"target\":{\"@type\":\"EntryPoint\",\"urlTemplate\":\"https:\/\/marekkuchcinski.pl\/?s={search_term_string}\"},\"query-input\":{\"@type\":\"PropertyValueSpecification\",\"valueRequired\":true,\"valueName\":\"search_term_string\"}}],\"inLanguage\":\"cs\"},{\"@type\":\"Organization\",\"@id\":\"https:\/\/marekkuchcinski.pl\/#organization\",\"name\":\"Marek Kuchci\u0144ski\",\"url\":\"https:\/\/marekkuchcinski.pl\/\",\"logo\":{\"@type\":\"ImageObject\",\"inLanguage\":\"cs\",\"@id\":\"https:\/\/marekkuchcinski.pl\/#\/schema\/logo\/image\/\",\"url\":\"https:\/\/marekkuchcinski.pl\/wp-content\/uploads\/2022\/09\/Marek.jpg\",\"contentUrl\":\"https:\/\/marekkuchcinski.pl\/wp-content\/uploads\/2022\/09\/Marek.jpg\",\"width\":1600,\"height\":971,\"caption\":\"Marek Kuchci\u0144ski\"},\"image\":{\"@id\":\"https:\/\/marekkuchcinski.pl\/#\/schema\/logo\/image\/\"}},{\"@type\":\"Person\",\"@id\":\"https:\/\/marekkuchcinski.pl\/#\/schema\/person\/6f62700996b4d950b6ea2d1183b6c6be\",\"name\":\"admin\",\"image\":{\"@type\":\"ImageObject\",\"inLanguage\":\"cs\",\"@id\":\"https:\/\/marekkuchcinski.pl\/#\/schema\/person\/image\/\",\"url\":\"https:\/\/secure.gravatar.com\/avatar\/4bab693b9d55c3d6b52c0296a8765085?s=96&d=mm&r=g\",\"contentUrl\":\"https:\/\/secure.gravatar.com\/avatar\/4bab693b9d55c3d6b52c0296a8765085?s=96&d=mm&r=g\",\"caption\":\"admin\"},\"url\":\"https:\/\/marekkuchcinski.pl\/cs\/author\/marta-olejnik\/\"}]}<\/script>\n<!-- \/ Yoast SEO plugin. -->","yoast_head_json":{"title":"Rok 1989 w Europie \u015arodkowo-Wschodniej w perspektywie 30-letniej \u2013 spotkanie z udzia\u0142em marsza\u0142ka Sejmu Marka Kuchci\u0144skiego &#8211; Marek Kuchci\u0144ski","robots":{"index":"index","follow":"follow","max-snippet":"max-snippet:-1","max-image-preview":"max-image-preview:large","max-video-preview":"max-video-preview:-1"},"canonical":"https:\/\/marekkuchcinski.pl\/cs\/wydarzenia\/rok-1989-w-europie-srodkowo-wschodniej-w-perspektywie-30-letniej-spotkanie-z-udzialem-marszalka-sejmu-marka-kuchcinskiego\/","og_locale":"cs_CZ","og_type":"article","og_title":"Rok 1989 w Europie \u015arodkowo-Wschodniej w perspektywie 30-letniej \u2013 spotkanie z udzia\u0142em marsza\u0142ka Sejmu Marka Kuchci\u0144skiego &#8211; Marek Kuchci\u0144ski","og_description":"O tym, jak przebiega\u0142y zmiany w Polsce po obaleniu komunizmu rozmawiano podczas pierwszego spotkania Karpackiego Klubu Dyskusyjnego w Muzeum Narodowym Ziemi Przemyskiej. Prof. Jan Draus por\u00f3wna\u0142 drog\u0119 do wolno\u015bci Polski i W\u0119gier. Przypomnia\u0142, \u017ce rok 1989 dla Polski i Europy \u015arodkowo-Wschodniej znamionowa\u0142 kres komunizmu, kt\u00f3ry przez dziesi\u0105tki lat zniewala\u0142 znaczn\u0105 cz\u0119\u015b\u0107 ludno\u015bci \u015bwiata i by\u0142 [&hellip;]","og_url":"https:\/\/marekkuchcinski.pl\/cs\/wydarzenia\/rok-1989-w-europie-srodkowo-wschodniej-w-perspektywie-30-letniej-spotkanie-z-udzialem-marszalka-sejmu-marka-kuchcinskiego\/","og_site_name":"Marek Kuchci\u0144ski","article_published_time":"2019-05-14T13:29:47+00:00","article_modified_time":"2019-05-16T18:11:46+00:00","og_image":[{"width":664,"height":463,"url":"https:\/\/marekkuchcinski.pl\/wp-content\/uploads\/2019\/05\/PSX_20190513_171338.jpg","type":"image\/jpeg"}],"author":"admin","twitter_card":"summary_large_image","twitter_misc":{"Napsal(a)":"admin","Odhadovan\u00e1 doba \u010dten\u00ed":"4 minuty"},"schema":{"@context":"https:\/\/schema.org","@graph":[{"@type":"Article","@id":"https:\/\/marekkuchcinski.pl\/ro\/wydarzenia\/rok-1989-w-europie-srodkowo-wschodniej-w-perspektywie-30-letniej-spotkanie-z-udzialem-marszalka-sejmu-marka-kuchcinskiego\/#article","isPartOf":{"@id":"https:\/\/marekkuchcinski.pl\/ro\/wydarzenia\/rok-1989-w-europie-srodkowo-wschodniej-w-perspektywie-30-letniej-spotkanie-z-udzialem-marszalka-sejmu-marka-kuchcinskiego\/"},"author":{"name":"admin","@id":"https:\/\/marekkuchcinski.pl\/#\/schema\/person\/6f62700996b4d950b6ea2d1183b6c6be"},"headline":"Rok 1989 w Europie \u015arodkowo-Wschodniej w perspektywie 30-letniej \u2013 spotkanie z udzia\u0142em marsza\u0142ka Sejmu Marka Kuchci\u0144skiego","datePublished":"2019-05-14T13:29:47+00:00","dateModified":"2019-05-16T18:11:46+00:00","mainEntityOfPage":{"@id":"https:\/\/marekkuchcinski.pl\/ro\/wydarzenia\/rok-1989-w-europie-srodkowo-wschodniej-w-perspektywie-30-letniej-spotkanie-z-udzialem-marszalka-sejmu-marka-kuchcinskiego\/"},"wordCount":868,"commentCount":0,"publisher":{"@id":"https:\/\/marekkuchcinski.pl\/#organization"},"image":{"@id":"https:\/\/marekkuchcinski.pl\/ro\/wydarzenia\/rok-1989-w-europie-srodkowo-wschodniej-w-perspektywie-30-letniej-spotkanie-z-udzialem-marszalka-sejmu-marka-kuchcinskiego\/#primaryimage"},"thumbnailUrl":"https:\/\/marekkuchcinski.pl\/wp-content\/uploads\/2019\/05\/PSX_20190513_171338.jpg","articleSection":["Podkarpacie","Prawo i Sprawiedliwo\u015b\u0107","Wydarzenia"],"inLanguage":"cs","potentialAction":[{"@type":"CommentAction","name":"Comment","target":["https:\/\/marekkuchcinski.pl\/ro\/wydarzenia\/rok-1989-w-europie-srodkowo-wschodniej-w-perspektywie-30-letniej-spotkanie-z-udzialem-marszalka-sejmu-marka-kuchcinskiego\/#respond"]}]},{"@type":"WebPage","@id":"https:\/\/marekkuchcinski.pl\/ro\/wydarzenia\/rok-1989-w-europie-srodkowo-wschodniej-w-perspektywie-30-letniej-spotkanie-z-udzialem-marszalka-sejmu-marka-kuchcinskiego\/","url":"https:\/\/marekkuchcinski.pl\/ro\/wydarzenia\/rok-1989-w-europie-srodkowo-wschodniej-w-perspektywie-30-letniej-spotkanie-z-udzialem-marszalka-sejmu-marka-kuchcinskiego\/","name":"Rok 1989 w Europie \u015arodkowo-Wschodniej w perspektywie 30-letniej \u2013 spotkanie z udzia\u0142em marsza\u0142ka Sejmu Marka Kuchci\u0144skiego &#8211; Marek Kuchci\u0144ski","isPartOf":{"@id":"https:\/\/marekkuchcinski.pl\/#website"},"primaryImageOfPage":{"@id":"https:\/\/marekkuchcinski.pl\/ro\/wydarzenia\/rok-1989-w-europie-srodkowo-wschodniej-w-perspektywie-30-letniej-spotkanie-z-udzialem-marszalka-sejmu-marka-kuchcinskiego\/#primaryimage"},"image":{"@id":"https:\/\/marekkuchcinski.pl\/ro\/wydarzenia\/rok-1989-w-europie-srodkowo-wschodniej-w-perspektywie-30-letniej-spotkanie-z-udzialem-marszalka-sejmu-marka-kuchcinskiego\/#primaryimage"},"thumbnailUrl":"https:\/\/marekkuchcinski.pl\/wp-content\/uploads\/2019\/05\/PSX_20190513_171338.jpg","datePublished":"2019-05-14T13:29:47+00:00","dateModified":"2019-05-16T18:11:46+00:00","breadcrumb":{"@id":"https:\/\/marekkuchcinski.pl\/ro\/wydarzenia\/rok-1989-w-europie-srodkowo-wschodniej-w-perspektywie-30-letniej-spotkanie-z-udzialem-marszalka-sejmu-marka-kuchcinskiego\/#breadcrumb"},"inLanguage":"cs","potentialAction":[{"@type":"ReadAction","target":["https:\/\/marekkuchcinski.pl\/ro\/wydarzenia\/rok-1989-w-europie-srodkowo-wschodniej-w-perspektywie-30-letniej-spotkanie-z-udzialem-marszalka-sejmu-marka-kuchcinskiego\/"]}]},{"@type":"ImageObject","inLanguage":"cs","@id":"https:\/\/marekkuchcinski.pl\/ro\/wydarzenia\/rok-1989-w-europie-srodkowo-wschodniej-w-perspektywie-30-letniej-spotkanie-z-udzialem-marszalka-sejmu-marka-kuchcinskiego\/#primaryimage","url":"https:\/\/marekkuchcinski.pl\/wp-content\/uploads\/2019\/05\/PSX_20190513_171338.jpg","contentUrl":"https:\/\/marekkuchcinski.pl\/wp-content\/uploads\/2019\/05\/PSX_20190513_171338.jpg","width":664,"height":463},{"@type":"BreadcrumbList","@id":"https:\/\/marekkuchcinski.pl\/ro\/wydarzenia\/rok-1989-w-europie-srodkowo-wschodniej-w-perspektywie-30-letniej-spotkanie-z-udzialem-marszalka-sejmu-marka-kuchcinskiego\/#breadcrumb","itemListElement":[{"@type":"ListItem","position":1,"name":"Strona g\u0142\u00f3wna","item":"https:\/\/marekkuchcinski.pl\/"},{"@type":"ListItem","position":2,"name":"Rok 1989 w Europie \u015arodkowo-Wschodniej w perspektywie 30-letniej \u2013 spotkanie z udzia\u0142em marsza\u0142ka Sejmu Marka Kuchci\u0144skiego"}]},{"@type":"WebSite","@id":"https:\/\/marekkuchcinski.pl\/#website","url":"https:\/\/marekkuchcinski.pl\/","name":"Marek Kuchci\u0144ski","description":"Pose\u0142 na sejm RP &ndash; okr\u0119g nr 22","publisher":{"@id":"https:\/\/marekkuchcinski.pl\/#organization"},"potentialAction":[{"@type":"SearchAction","target":{"@type":"EntryPoint","urlTemplate":"https:\/\/marekkuchcinski.pl\/?s={search_term_string}"},"query-input":{"@type":"PropertyValueSpecification","valueRequired":true,"valueName":"search_term_string"}}],"inLanguage":"cs"},{"@type":"Organization","@id":"https:\/\/marekkuchcinski.pl\/#organization","name":"Marek Kuchci\u0144ski","url":"https:\/\/marekkuchcinski.pl\/","logo":{"@type":"ImageObject","inLanguage":"cs","@id":"https:\/\/marekkuchcinski.pl\/#\/schema\/logo\/image\/","url":"https:\/\/marekkuchcinski.pl\/wp-content\/uploads\/2022\/09\/Marek.jpg","contentUrl":"https:\/\/marekkuchcinski.pl\/wp-content\/uploads\/2022\/09\/Marek.jpg","width":1600,"height":971,"caption":"Marek Kuchci\u0144ski"},"image":{"@id":"https:\/\/marekkuchcinski.pl\/#\/schema\/logo\/image\/"}},{"@type":"Person","@id":"https:\/\/marekkuchcinski.pl\/#\/schema\/person\/6f62700996b4d950b6ea2d1183b6c6be","name":"admin","image":{"@type":"ImageObject","inLanguage":"cs","@id":"https:\/\/marekkuchcinski.pl\/#\/schema\/person\/image\/","url":"https:\/\/secure.gravatar.com\/avatar\/4bab693b9d55c3d6b52c0296a8765085?s=96&d=mm&r=g","contentUrl":"https:\/\/secure.gravatar.com\/avatar\/4bab693b9d55c3d6b52c0296a8765085?s=96&d=mm&r=g","caption":"admin"},"url":"https:\/\/marekkuchcinski.pl\/cs\/author\/marta-olejnik\/"}]}},"_links":{"self":[{"href":"https:\/\/marekkuchcinski.pl\/cs\/wp-json\/wp\/v2\/posts\/15394","targetHints":{"allow":["GET"]}}],"collection":[{"href":"https:\/\/marekkuchcinski.pl\/cs\/wp-json\/wp\/v2\/posts"}],"about":[{"href":"https:\/\/marekkuchcinski.pl\/cs\/wp-json\/wp\/v2\/types\/post"}],"author":[{"embeddable":true,"href":"https:\/\/marekkuchcinski.pl\/cs\/wp-json\/wp\/v2\/users\/6"}],"replies":[{"embeddable":true,"href":"https:\/\/marekkuchcinski.pl\/cs\/wp-json\/wp\/v2\/comments?post=15394"}],"version-history":[{"count":40,"href":"https:\/\/marekkuchcinski.pl\/cs\/wp-json\/wp\/v2\/posts\/15394\/revisions"}],"predecessor-version":[{"id":15539,"href":"https:\/\/marekkuchcinski.pl\/cs\/wp-json\/wp\/v2\/posts\/15394\/revisions\/15539"}],"wp:featuredmedia":[{"embeddable":true,"href":"https:\/\/marekkuchcinski.pl\/cs\/wp-json\/wp\/v2\/media\/15480"}],"wp:attachment":[{"href":"https:\/\/marekkuchcinski.pl\/cs\/wp-json\/wp\/v2\/media?parent=15394"}],"wp:term":[{"taxonomy":"category","embeddable":true,"href":"https:\/\/marekkuchcinski.pl\/cs\/wp-json\/wp\/v2\/categories?post=15394"},{"taxonomy":"post_tag","embeddable":true,"href":"https:\/\/marekkuchcinski.pl\/cs\/wp-json\/wp\/v2\/tags?post=15394"}],"curies":[{"name":"wp","href":"https:\/\/api.w.org\/{rel}","templated":true}]}}