{"id":15282,"date":"2019-05-12T00:18:55","date_gmt":"2019-05-11T22:18:55","guid":{"rendered":"https:\/\/marekkuchcinski.pl\/?p=15282"},"modified":"2019-05-13T14:25:44","modified_gmt":"2019-05-13T12:25:44","slug":"powiatowa-konwencja-prawa-i-sprawiedliwosci-w-przemyslu","status":"publish","type":"post","link":"https:\/\/marekkuchcinski.pl\/cs\/wydarzenia\/powiatowa-konwencja-prawa-i-sprawiedliwosci-w-przemyslu\/","title":{"rendered":"Okresn\u00ed sjezd pr\u00e1va a spravedlnosti v Przemyslu"},"content":{"rendered":"<ul class=\"wp-block-gallery columns-0 is-cropped wp-block-gallery-1 is-layout-flex wp-block-gallery-is-layout-flex\"><li class=\"blocks-gallery-item\"><figure><img fetchpriority=\"high\" decoding=\"async\" width=\"1024\" height=\"702\" src=\"https:\/\/marekkuchcinski.pl\/wp-content\/uploads\/2019\/05\/IMG_0357-1-1024x702.jpg\" alt=\"\" data-id=\"15460\" data-link=\"https:\/\/marekkuchcinski.pl\/wydarzenia\/powiatowa-konwencja-prawa-i-sprawiedliwosci-w-przemyslu\/attachment\/img_0357-2\/\" class=\"wp-image-15460\" srcset=\"https:\/\/marekkuchcinski.pl\/wp-content\/uploads\/2019\/05\/IMG_0357-1-1024x702.jpg 1024w, https:\/\/marekkuchcinski.pl\/wp-content\/uploads\/2019\/05\/IMG_0357-1-300x206.jpg 300w, https:\/\/marekkuchcinski.pl\/wp-content\/uploads\/2019\/05\/IMG_0357-1-768x526.jpg 768w, https:\/\/marekkuchcinski.pl\/wp-content\/uploads\/2019\/05\/IMG_0357-1.jpg 2048w\" sizes=\"(max-width: 1024px) 100vw, 1024px\" \/><\/figure><\/li><\/ul>\n\n\n\n<figure class=\"wp-block-image\"><img decoding=\"async\" width=\"1024\" height=\"683\" src=\"https:\/\/marekkuchcinski.pl\/wp-content\/uploads\/2019\/05\/IMG_0219-3-1024x683.jpg\" alt=\"\" class=\"wp-image-15457\" srcset=\"https:\/\/marekkuchcinski.pl\/wp-content\/uploads\/2019\/05\/IMG_0219-3-1024x683.jpg 1024w, https:\/\/marekkuchcinski.pl\/wp-content\/uploads\/2019\/05\/IMG_0219-3-300x200.jpg 300w, https:\/\/marekkuchcinski.pl\/wp-content\/uploads\/2019\/05\/IMG_0219-3-768x512.jpg 768w, https:\/\/marekkuchcinski.pl\/wp-content\/uploads\/2019\/05\/IMG_0219-3.jpg 2048w\" sizes=\"(max-width: 1024px) 100vw, 1024px\" \/><\/figure>\n\n\n\n<p><strong>11. kv\u011btna 2019 v Przemy\u015blu\nProb\u011bhl okresn\u00ed sjezd pr\u00e1va a spravedlnosti. P\u0159edseda podkarpatsk\u00e9 PiS -.\nMarek Kuchci\u0144ski zd\u016fraznil velk\u00fd p\u0159\u00ednos Pr\u00e1va a spravedlnosti pro dobr\u00e9 \u017eivotn\u00ed prost\u0159ed\u00ed.\nzm\u011bny v Polsku.<\/strong><\/p>\n\n\n\n<p>P\u0159ipomn\u011bl mimo jin\u00e9 takzvanou Kaczy\u0144sk\u00e9ho p\u011btku, kterou podporuje a\u017e 80 procent Pol\u00e1k\u016f a d\u00edky n\u00ed\u017e z\u016fstane v pen\u011b\u017eenk\u00e1ch v\u00edce pen\u011bz a zlep\u0161\u00ed se kvalita \u017eivota polsk\u00fdch rodin. <\/p>\n\n\n\n<p><strong>Nov\u00fd program PiS zahrnuje:<\/strong><\/p>\n\n\n\n<ul class=\"wp-block-list\"><li>\"T\u0159in\u00e1ct\u00fd\nd\u016fchod\" ve v\u00fd\u0161i 888 PLN na ruku pro ka\u017ed\u00e9ho z 10 milion\u016f d\u016fchodc\u016f a\nd\u016fchodci. Z\u00e1kon byl p\u0159ijat a pen\u00edze se ji\u017e vypl\u00e1cej\u00ed.<\/li><li>\"500\nplus\" na ka\u017ed\u00e9 d\u00edt\u011b, na z\u00e1klad\u011b \u017e\u00e1dosti, platba od 1. \u010dervence.<\/li><li>Sn\u00ed\u017een\u00ed\nMzdov\u00e9 n\u00e1klady. Zv\u00fd\u0161en\u00ed odpo\u010ditateln\u00fdch n\u00e1klad\u016f a sn\u00ed\u017een\u00ed PIT z\n18 na 17 procent pro v\u0161echny zam\u011bstnance sn\u00ed\u017e\u00ed da\u0148ovou z\u00e1t\u011b\u017e a umo\u017en\u00ed.\nzv\u00fd\u0161it skute\u010dn\u00e9 platy, kter\u00e9 Pol\u00e1ci dost\u00e1vaj\u00ed. <\/li><li>Ne\nPIT pro zam\u011bstnance do 26 let v\u011bku. \u00daleva se bude vztahovat na v\u0161echny zam\u011bstnance\ndo 26 let v\u011bku, kte\u0159\u00ed maj\u00ed pracovn\u00ed nebo mand\u00e1tn\u00ed smlouvu. Tato zm\u011bna zajist\u00ed stabiln\u00ed\nzam\u011bstnanost mlad\u00fdch lid\u00ed a usnadn\u00ed jim za\u010d\u00e1tek kari\u00e9ry.<\/li><li>Obnova\nM\u00edstn\u00ed autobusov\u00e1 doprava - zvl\u00e1\u0161tn\u00ed fond pro m\u00edstn\u00ed org\u00e1ny na m\u00edstn\u00ed dopravu\nm\u00edstn\u00ed doprava. Projekt v Parlamentu.<\/li><\/ul>\n\n\n\n<p>-\nNa\u0161e politika pom\u00e1h\u00e1 zajistit udr\u017eiteln\u00fd rozvoj Polska a vyrovnat \u017eivotn\u00ed \u00farove\u0148.\n\u017eivota mezi jeho jednotliv\u00fdmi \u010d\u00e1stmi. To je d\u016fle\u017eit\u00e9 zejm\u00e9na pro oblast Przemy\u0161lu - \u0159ekl Kuchci\u0144ski.\nTo je d\u016fle\u017eit\u00e9 zejm\u00e9na pro oblast Przemy\u0161lu - zd\u016fraznil Kuchci\u0144ski. - Nov\u00e1 p\u011btice PiS a d\u0159\u00edve ozn\u00e1men\u00e9\nprogramy, jako je \"Fond m\u00edstn\u00edch komunikac\u00ed\" nebo program modernizace tepeln\u00e9 techniky.\n\"Tepl\u00fd domov\" znamen\u00e1 pro v\u00fdchodn\u00ed Polsko v horizontu n\u011bkolika let miliardy zlot\u00fdch.\nV\u00fdchodn\u00ed Polsko. Tyto akce spolu s rozs\u00e1hl\u00fdmi soci\u00e1ln\u00edmi programy\na systematick\u00e9 zvy\u0161ov\u00e1n\u00ed minim\u00e1ln\u00ed mzdy (zv\u00fd\u0161en\u00ed o 500 PLN) zajist\u00ed lep\u0161\u00ed \u017eivotn\u00ed podm\u00ednky - zd\u016fraznil mar\u0161\u00e1lek.\nzajistit lep\u0161\u00ed \u017eivotn\u00ed podm\u00ednky - zd\u016fraznil p\u0159edseda Sejmu.<\/p>\n\n\n\n<p>Marek Kuchci\u0144ski upozornil, \u017ee\n\u00fasp\u011bch PiS v komun\u00e1ln\u00edch volb\u00e1ch do Sejmu\nVojvodsk\u00e9 shrom\u00e1\u017ed\u011bn\u00ed a ve v\u011bt\u0161in\u011b kraj\u016f je d\u016fsledkem tvrd\u00e9 pr\u00e1ce. Ve volb\u00e1ch do Evropsk\u00e9ho parlamentu\nTento \u00fasp\u011bch by se m\u011bl zopakovat i ve volb\u00e1ch do Evropsk\u00e9ho parlamentu, kter\u00e9 se budou konat 26. kv\u011btna. Mus\u00edme\nzajistit co nejvy\u0161\u0161\u00ed \u00fa\u010dast. Polsko pot\u0159ebuje siln\u00e9 zastoupen\u00ed v Bruselu\nPolsko pot\u0159ebuje v Bruselu siln\u00e9 zastoupen\u00ed, kter\u00e9 n\u00e1s bude d\u016fstojn\u011b reprezentovat.<\/p>\n\n\n\n<p>- Z\u00e1klad na\u0161ich aktivit\nbyl a z\u016fst\u00e1v\u00e1 spolehliv\u00fd. Dr\u017e\u00edme slovo. N\u011bkter\u00e9 z ozn\u00e1men\u00fdch po\u017eadavk\u016f\nji\u017e byly zavedeny a dal\u0161\u00ed budou p\u0159ijaty v nadch\u00e1zej\u00edc\u00edch t\u00fddnech.\nv nadch\u00e1zej\u00edc\u00edch t\u00fddnech. D\u0159\u00edv\u011bj\u0161\u00ed sliby nebyly dodr\u017eeny: v\u011bk odchodu do d\u016fchodu byl zv\u00fd\u0161en,\nByla zv\u00fd\u0161ena DPH, byly odebr\u00e1ny prost\u0159edky z otev\u0159en\u00fdch penzijn\u00edch fond\u016f - \u0159ekl Kuchci\u0144ski.<\/p>\n\n\n\n<p>P\u0159edseda parlamentu\nSejm p\u0159ipomn\u011bl spole\u010densky d\u016fle\u017eit\u00e9 a rozvojov\u00e9 programy, kter\u00e9 p\u0159edstavila strana Pr\u00e1vo a spravedlnost.\nji\u017e realizovan\u00e9 rozvojov\u00e9 programy:<\/p>\n\n\n\n<ul class=\"wp-block-list\"><li>\u0160koln\u00ed startovac\u00ed sada - Dobr\u00fd za\u010d\u00e1tek<\/li><\/ul>\n\n\n\n<p>Program podpory 300 PLN pro studenty do 18 let. Ka\u017ed\u00fd rok v\nsrpen, rodi\u010de dostanou 300 PLN na \u0161koln\u00ed startovac\u00ed sadu\n\u017e\u00e1k <em>w <\/em>2017 - 4,6 milionu \u017e\u00e1k\u016f<\/p>\n\n\n\n<ul class=\"wp-block-list\"><li>Sni\u017eujeme CIT - sni\u017eujeme dan\u011b<\/li><\/ul>\n\n\n\n<p>V roce 2016. PiS sn\u00ed\u017eila da\u0148 z p\u0159\u00edjm\u016f pr\u00e1vnick\u00fdch osob pro mal\u00e9 a st\u0159edn\u00ed podniky z 19 na 15 procent.\nOd 1. ledna 2019 doch\u00e1z\u00ed k dal\u0161\u00edmu sn\u00ed\u017een\u00ed dan\u011b z p\u0159\u00edjm\u016f pr\u00e1vnick\u00fdch osob - z 15 na 9 procent! Na jednu\njedna z nejni\u017e\u0161\u00edch \u00farovn\u00ed v Evrop\u011b! V Ma\u010farsku st\u00e1le plat\u00ed dev\u00edtiprocentn\u00ed sazba.\na v \u010cern\u00e9 Ho\u0159e. Zaveden\u00e1 zm\u011bna se t\u00fdk\u00e1 p\u0159ibli\u017en\u011b 400 tis\u00edc spole\u010dnost\u00ed.<\/p>\n\n\n\n<ul class=\"wp-block-list\"><li>P\u0159\u00edstupnost plus na 8 let - 23 miliard PLN<\/li><\/ul>\n\n\n\n<p>Program pro seniory a v\u0161echny, kte\u0159\u00ed pot\u0159ebuj\u00ed pomoc s\nka\u017edodenn\u00ed \u017eivot. M\u00e1 zajistit skute\u010dnou dostupnost m\u00edst, kter\u00e1 jsou dnes\nse mnoho Pol\u00e1k\u016f b\u011b\u017en\u011b nedostane. Autobusy, n\u00e1dra\u017e\u00ed, bytov\u00e9 domy\nmus\u00ed b\u00fdt p\u0159\u00edstupn\u00e9 v\u0161em. V Polsku \u017eije 4,3 milionu osob se zdravotn\u00edm posti\u017een\u00edm.\nse zdravotn\u00edm posti\u017een\u00edm.<\/p>\n\n\n\n<p>Krom\u011b toho bylo zavedeno minim\u00e1ln\u00ed d\u016fchodov\u00e9 zabezpe\u010den\u00ed pro \u017eeny.\nkter\u00e9 porodily a vychovaly nejm\u00e9n\u011b \u010dty\u0159i d\u011bti. Obdr\u017e\u00ed minim\u00e1ln\u00ed\nd\u016fchod bez ohledu na to, kolik odpracovali. Rodiny se 4 a v\u00edce d\u011btmi v roce 2011 184,7\ntis\u00edc ve venkovsk\u00fdch oblastech a 88,6 tis\u00edc v m\u011bstsk\u00fdch oblastech.<\/p>\n\n\n\n<ul class=\"wp-block-list\"><li>Mal\u00e1 spole\u010dnost - Mal\u00e1 instituce soci\u00e1ln\u00edho zabezpe\u010den\u00ed<\/li><\/ul>\n\n\n\n<p>Ni\u017e\u0161\u00ed ZUS pro firmy s m\u011bs\u00ed\u010dn\u00edm obratem do 2,5 mil.\nminim\u00e1ln\u00ed mzdy v Polsku. Nyn\u00ed mal\u00e1 spole\u010dnost plat\u00ed 1230 PLN. Po zm\u011bn\u011b -\n660 PLN.<\/p>\n\n\n\n<ul class=\"wp-block-list\"><li>M\u00edstn\u00ed komunikace<\/li><\/ul>\n\n\n\n<p>Na v\u00fdstavbu m\u00edstn\u00edch silnic byl z\u0159\u00edzen fond ve v\u00fd\u0161i nejm\u00e9n\u011b 6 miliard PLN.\nna rekonstrukci a v\u00fdstavbu m\u00edstn\u00edch komunikac\u00ed. V roce 2016 bylo podle \u00fadaj\u016f \u010cS\u00da pouze asi 60 % mimom\u011bstsk\u00fdch ve\u0159ejn\u00fdch komunikac\u00ed.\nmaj\u00ed zpevn\u011bn\u00fd povrch.<\/p>\n\n\n\n<p>V roce 2016 v Polsku - 420 236 km\nve\u0159ejn\u00fdch komunikac\u00ed, z toho na d\u00e1lnice a rychlostn\u00ed silnice p\u0159ipad\u00e1 3171 km.<\/p>\n\n\n\n<p><strong>&nbsp;&nbsp; \u00dakoly, kter\u00e9 PiS splnila:<\/strong><\/p>\n\n\n\n<p>Programy: Rodina 500+,\n15 % dan\u011b z p\u0159\u00edjmu pr\u00e1vnick\u00fdch osob pro podnikatele, bezplatn\u00e9 l\u00e9ky od 75 let, sn\u00ed\u017een\u00ed v\u011bku odchodu do d\u016fchodu.\nd\u016fchodov\u00fd v\u011bk, zv\u00fd\u0161en\u00ed minim\u00e1ln\u00ed hodinov\u00e9 sazby na v\u00edce ne\u017e 13 PLN,\nzv\u00fd\u0161en\u00ed minim\u00e1ln\u00edch d\u016fchod\u016f, zru\u0161en\u00ed povinn\u00e9ho zas\u00edl\u00e1n\u00ed\n\u0161estilet\u00e9 d\u011bti do \u0161koly, \u00dastava pro podnik\u00e1n\u00ed, z\u00e1kaz n\u00e1kupu polsk\u00e9 p\u016fdy,\nreforma Dobr\u00e1 \u0161kola - to jsou jen n\u011bkter\u00e9 z ozn\u00e1men\u00fdch projekt\u016f, kter\u00e9\nbyly b\u011bhem t\u011bchto dvou let realizov\u00e1ny;<\/p>\n\n\n\n<p>&nbsp;&nbsp;&nbsp;&nbsp;&nbsp; <strong>Seznam\nspln\u011bn\u00e9 volebn\u00ed sliby:<\/strong><\/p>\n\n\n\n<p><strong>Reformy\nst\u00e1t<\/strong><\/p>\n\n\n\n<ul class=\"wp-block-list\"><li>reforma\nvzd\u011bl\u00e1n\u00ed - Dobr\u00e1 \u0161kola - osmilet\u00e1 z\u00e1kladn\u00ed \u0161kola, \u010dty\u0159let\u00e9 gymn\u00e1zium, p\u011btilet\u00e1 st\u0159edn\u00ed \u0161kola\ntechnick\u00e9 \u0161koly, obchodn\u00ed \u0161koly.<\/li><li>reforma\nspr\u00e1vu dan\u00ed a z\u0159\u00edzen\u00ed N\u00e1rodn\u00ed da\u0148ov\u00e9 spr\u00e1vy, <\/li><li>&nbsp;reforma soudnictv\u00ed.<\/li><\/ul>\n\n\n\n<p><strong>Reformy\nsoci\u00e1ln\u00ed reformy<\/strong><\/p>\n\n\n\n<ul class=\"wp-block-list\"><li>program\nRodina 500 plus (2,5 milionu rodin, 3,7 milionu d\u011bt\u00ed),<\/li><li>sn\u00ed\u017een\u00ed\nd\u016fchodov\u00fd v\u011bk na 60 a 65 let (350 000 v roce 2017),<\/li><li>zdarma\nl\u00e9ky pro seniory,<\/li><li>zv\u00fd\u0161en\u00ed minim\u00e1ln\u00ed mzdy\nminim\u00e1ln\u00ed mzdu na 2250 PLN a hodinovou sazbu na 14,7 PLN,<\/li><li>zv\u00fd\u0161it\nnejni\u017e\u0161\u00ed d\u016fchody na 1063 PLN,<\/li><li>omezen\u00ed\nobchodovat v ned\u011bli,<\/li><li>zv\u00fd\u0161it\nv\u00fddaje na zdravotnictv\u00ed v nadch\u00e1zej\u00edc\u00edch letech na 6% HDP,<\/li><\/ul>\n\n\n\n<p><strong>Reforma\nreforma vzd\u011bl\u00e1v\u00e1n\u00ed<\/strong><\/p>\n\n\n\n<ul class=\"wp-block-list\"><li>Dobr\u00e1 \u0161kola\n- Osmilet\u00e1 z\u00e1kladn\u00ed \u0161kola, \u010dty\u0159let\u00e1 st\u0159edn\u00ed \u0161kola, p\u011btilet\u00e1 odborn\u00e1 \u0161kola, obchodn\u00ed \u0161koly,<\/li><li>zru\u0161en\u00ed\npovinn\u00e1 \u0161koln\u00ed doch\u00e1zka pro \u0161estilet\u00e9 d\u011bti,<\/li><li>z\u00e1kaz\nodeb\u00edr\u00e1n\u00ed d\u011bt\u00ed rodi\u010d\u016fm z d\u016fvodu chudoby.<\/li><\/ul>\n\n\n\n<p><strong>Management<\/strong><\/p>\n\n\n\n<ul class=\"wp-block-list\"><li>bojovat proti\nPodvody s DPH - jen v roce 2017 n\u00e1r\u016fst p\u0159\u00edjm\u016f o 30 mld.<\/li><li>sn\u00ed\u017een\u00ed\nCIT od 19 do 9% pro mal\u00e9 spole\u010dnosti a za\u010d\u00ednaj\u00edc\u00ed podniky<\/li><li>reforma da\u0148ov\u00e9 spr\u00e1vy a z\u0159\u00edzen\u00ed\nKAS - N\u00e1rodn\u00ed da\u0148ov\u00e1 spr\u00e1va<\/li><li>zv\u00fd\u0161en\u00ed nezdaniteln\u00e9 \u010d\u00e1stky\na\u017e 8 tis\u00edc PLN <\/li><li>omezen\u00ed obchodu v ned\u011bli,<\/li><li>Obchodn\u00ed \u00fastava\n- mj. zm\u011bna vztahu mezi podnikatelem a \u00fa\u0159adem, mo\u017enost neregistrovan\u00e9 \u010dinnosti.\nNovela zahrnuje zm\u011bnu vztahu mezi podnikatelem a \u00fa\u0159adem, mo\u017enost neregistrovan\u00e9 \u010dinnosti pro mal\u00e9\n6m\u011bs\u00ed\u010dn\u00ed \u00faleva od odvod\u016f ZUS pro za\u010d\u00ednaj\u00edc\u00ed podnikatele. <\/li><\/ul>\n\n\n\n<p><strong>Zabezpe\u010den\u00ed<\/strong><\/p>\n\n\n\n<ul class=\"wp-block-list\"><li>Z\u0159\u00edzen\u00ed obrann\u00fdch sil\n     S\u00edly teritori\u00e1ln\u00ed obrany, <\/li><li>Modernizace uniformovan\u00fdch slo\u017eek\n     (nap\u0159. policie, arm\u00e1da) - vy\u010dlen\u011bno 9,2 mld. zlot\u00fdch, z toho v\u00edce ne\u017e 4 mld. zlot\u00fdch pro\n     zv\u00fd\u0161en\u00ed plat\u016f,<\/li><li>Zvy\u0161ov\u00e1n\u00ed energetick\u00e9 bezpe\u010dnosti\n     (nap\u0159. spu\u0161t\u011bn\u00ed p\u0159epravy plynu do plynov\u00e9ho p\u0159\u00edstavu ve \u015awinouj\u015bcie, v\u00fdstavba baltsk\u00e9ho p\u0159\u00edstavu v Baltsk\u00e9m mo\u0159i).\n     Pipe).<\/li><\/ul>\n\n\n\n<p><strong>Zem\u011bd\u011blstv\u00ed<\/strong><\/p>\n\n\n\n<ul class=\"wp-block-list\"><li>Zv\u00fd\u0161en\u00ed v\u00fddaj\u016f na zem\u011bd\u011blstv\u00ed a\n     Rozvoj venkova - 49 miliard PLN v roce 2018, <\/li><li>Poji\u0161t\u011bn\u00ed pro zem\u011bd\u011blce,<\/li><li>Ochrana polsk\u00e9 p\u016fdy p\u0159ed\n     vykoupen\u00ed,<\/li><li>Otev\u0159en\u00ed 30 nov\u00fdch zahrani\u010dn\u00edch trh\u016f\n     pro polsk\u00e9 v\u00fdrobky.<\/li><\/ul>\n\n\n\n<p>Na konferenci vystoupili tak\u00e9\nPoslankyn\u011b Krystyna Wr\u00f3blewska, n\u00e1m\u011bstek mar\u0161\u00e1lka Podkarpatsk\u00e9 oblasti Piotr Pilch\n(kandid\u00e1tka do Evropsk\u00e9ho parlamentu) a Lucyna Podhaliczov\u00e1, n\u00e1m\u011bstkyn\u011b hejtmana Podkarpatsk\u00e9ho vojvodstv\u00ed.<\/p>","protected":false},"excerpt":{"rendered":"<p>11 maja 2019 r. w Przemy\u015blu odby\u0142a si\u0119 Powiatowa Konwencja Prawa i Sprawiedliwo\u015bci. Prezes podkarpackiego PiS &#8211; Marek Kuchci\u0144ski podkre\u015bli\u0142 wielki wk\u0142ad Prawa i Sprawiedliwo\u015bci w dobrych zmianach w Polsce. Przypomnia\u0142 m.in. o tzw. Pi\u0105tce Kaczy\u0144skiego, kt\u00f3r\u0105 popiera a\u017c 80 proc. Polak\u00f3w, i dzi\u0119ki kt\u00f3rej w portfelach zostanie wi\u0119cej pieni\u0119dzy, a jako\u015b\u0107 \u017cycia polskich rodzin [&hellip;]<\/p>","protected":false},"author":6,"featured_media":15457,"comment_status":"open","ping_status":"open","sticky":false,"template":"","format":"standard","meta":{"ngg_post_thumbnail":0,"footnotes":""},"categories":[82,3],"tags":[134],"class_list":["post-15282","post","type-post","status-publish","format-standard","has-post-thumbnail","hentry","category-prawo-i-sprawiedliwosc","category-wydarzenia","tag-podkarpacie"],"yoast_head":"<!-- This site is optimized with the Yoast SEO plugin v24.7 - https:\/\/yoast.com\/wordpress\/plugins\/seo\/ -->\n<title>Powiatowa Konwencja Prawa i Sprawiedliwo\u015bci w Przemy\u015blu &#8211; Marek Kuchci\u0144ski<\/title>\n<meta name=\"robots\" content=\"index, follow, max-snippet:-1, max-image-preview:large, max-video-preview:-1\" \/>\n<link rel=\"canonical\" href=\"https:\/\/marekkuchcinski.pl\/cs\/wydarzenia\/powiatowa-konwencja-prawa-i-sprawiedliwosci-w-przemyslu\/\" \/>\n<meta property=\"og:locale\" content=\"cs_CZ\" \/>\n<meta property=\"og:type\" content=\"article\" \/>\n<meta property=\"og:title\" content=\"Powiatowa Konwencja Prawa i Sprawiedliwo\u015bci w Przemy\u015blu &#8211; Marek Kuchci\u0144ski\" \/>\n<meta property=\"og:description\" content=\"11 maja 2019 r. w Przemy\u015blu odby\u0142a si\u0119 Powiatowa Konwencja Prawa i Sprawiedliwo\u015bci. Prezes podkarpackiego PiS &#8211; Marek Kuchci\u0144ski podkre\u015bli\u0142 wielki wk\u0142ad Prawa i Sprawiedliwo\u015bci w dobrych zmianach w Polsce. Przypomnia\u0142 m.in. o tzw. Pi\u0105tce Kaczy\u0144skiego, kt\u00f3r\u0105 popiera a\u017c 80 proc. Polak\u00f3w, i dzi\u0119ki kt\u00f3rej w portfelach zostanie wi\u0119cej pieni\u0119dzy, a jako\u015b\u0107 \u017cycia polskich rodzin [&hellip;]\" \/>\n<meta property=\"og:url\" content=\"https:\/\/marekkuchcinski.pl\/cs\/wydarzenia\/powiatowa-konwencja-prawa-i-sprawiedliwosci-w-przemyslu\/\" \/>\n<meta property=\"og:site_name\" content=\"Marek Kuchci\u0144ski\" \/>\n<meta property=\"article:published_time\" content=\"2019-05-11T22:18:55+00:00\" \/>\n<meta property=\"article:modified_time\" content=\"2019-05-13T12:25:44+00:00\" \/>\n<meta property=\"og:image\" content=\"https:\/\/marekkuchcinski.pl\/wp-content\/uploads\/2019\/05\/IMG_0219-3.jpg\" \/>\n\t<meta property=\"og:image:width\" content=\"2048\" \/>\n\t<meta property=\"og:image:height\" content=\"1365\" \/>\n\t<meta property=\"og:image:type\" content=\"image\/jpeg\" \/>\n<meta name=\"author\" content=\"admin\" \/>\n<meta name=\"twitter:card\" content=\"summary_large_image\" \/>\n<meta name=\"twitter:label1\" content=\"Napsal(a)\" \/>\n\t<meta name=\"twitter:data1\" content=\"admin\" \/>\n\t<meta name=\"twitter:label2\" content=\"Odhadovan\u00e1 doba \u010dten\u00ed\" \/>\n\t<meta name=\"twitter:data2\" content=\"6 minut\" \/>\n<script type=\"application\/ld+json\" class=\"yoast-schema-graph\">{\"@context\":\"https:\/\/schema.org\",\"@graph\":[{\"@type\":\"Article\",\"@id\":\"https:\/\/marekkuchcinski.pl\/en\/wydarzenia\/powiatowa-konwencja-prawa-i-sprawiedliwosci-w-przemyslu\/#article\",\"isPartOf\":{\"@id\":\"https:\/\/marekkuchcinski.pl\/en\/wydarzenia\/powiatowa-konwencja-prawa-i-sprawiedliwosci-w-przemyslu\/\"},\"author\":{\"name\":\"admin\",\"@id\":\"https:\/\/marekkuchcinski.pl\/#\/schema\/person\/6f62700996b4d950b6ea2d1183b6c6be\"},\"headline\":\"Powiatowa Konwencja Prawa i Sprawiedliwo\u015bci w Przemy\u015blu\",\"datePublished\":\"2019-05-11T22:18:55+00:00\",\"dateModified\":\"2019-05-13T12:25:44+00:00\",\"mainEntityOfPage\":{\"@id\":\"https:\/\/marekkuchcinski.pl\/en\/wydarzenia\/powiatowa-konwencja-prawa-i-sprawiedliwosci-w-przemyslu\/\"},\"wordCount\":1174,\"commentCount\":0,\"publisher\":{\"@id\":\"https:\/\/marekkuchcinski.pl\/#organization\"},\"image\":{\"@id\":\"https:\/\/marekkuchcinski.pl\/en\/wydarzenia\/powiatowa-konwencja-prawa-i-sprawiedliwosci-w-przemyslu\/#primaryimage\"},\"thumbnailUrl\":\"https:\/\/marekkuchcinski.pl\/wp-content\/uploads\/2019\/05\/IMG_0219-3.jpg\",\"keywords\":[\"Podkarpacie\"],\"articleSection\":[\"Prawo i Sprawiedliwo\u015b\u0107\",\"Wydarzenia\"],\"inLanguage\":\"cs\",\"potentialAction\":[{\"@type\":\"CommentAction\",\"name\":\"Comment\",\"target\":[\"https:\/\/marekkuchcinski.pl\/en\/wydarzenia\/powiatowa-konwencja-prawa-i-sprawiedliwosci-w-przemyslu\/#respond\"]}]},{\"@type\":\"WebPage\",\"@id\":\"https:\/\/marekkuchcinski.pl\/en\/wydarzenia\/powiatowa-konwencja-prawa-i-sprawiedliwosci-w-przemyslu\/\",\"url\":\"https:\/\/marekkuchcinski.pl\/en\/wydarzenia\/powiatowa-konwencja-prawa-i-sprawiedliwosci-w-przemyslu\/\",\"name\":\"Powiatowa Konwencja Prawa i Sprawiedliwo\u015bci w Przemy\u015blu &#8211; Marek Kuchci\u0144ski\",\"isPartOf\":{\"@id\":\"https:\/\/marekkuchcinski.pl\/#website\"},\"primaryImageOfPage\":{\"@id\":\"https:\/\/marekkuchcinski.pl\/en\/wydarzenia\/powiatowa-konwencja-prawa-i-sprawiedliwosci-w-przemyslu\/#primaryimage\"},\"image\":{\"@id\":\"https:\/\/marekkuchcinski.pl\/en\/wydarzenia\/powiatowa-konwencja-prawa-i-sprawiedliwosci-w-przemyslu\/#primaryimage\"},\"thumbnailUrl\":\"https:\/\/marekkuchcinski.pl\/wp-content\/uploads\/2019\/05\/IMG_0219-3.jpg\",\"datePublished\":\"2019-05-11T22:18:55+00:00\",\"dateModified\":\"2019-05-13T12:25:44+00:00\",\"breadcrumb\":{\"@id\":\"https:\/\/marekkuchcinski.pl\/en\/wydarzenia\/powiatowa-konwencja-prawa-i-sprawiedliwosci-w-przemyslu\/#breadcrumb\"},\"inLanguage\":\"cs\",\"potentialAction\":[{\"@type\":\"ReadAction\",\"target\":[\"https:\/\/marekkuchcinski.pl\/en\/wydarzenia\/powiatowa-konwencja-prawa-i-sprawiedliwosci-w-przemyslu\/\"]}]},{\"@type\":\"ImageObject\",\"inLanguage\":\"cs\",\"@id\":\"https:\/\/marekkuchcinski.pl\/en\/wydarzenia\/powiatowa-konwencja-prawa-i-sprawiedliwosci-w-przemyslu\/#primaryimage\",\"url\":\"https:\/\/marekkuchcinski.pl\/wp-content\/uploads\/2019\/05\/IMG_0219-3.jpg\",\"contentUrl\":\"https:\/\/marekkuchcinski.pl\/wp-content\/uploads\/2019\/05\/IMG_0219-3.jpg\",\"width\":2048,\"height\":1365},{\"@type\":\"BreadcrumbList\",\"@id\":\"https:\/\/marekkuchcinski.pl\/en\/wydarzenia\/powiatowa-konwencja-prawa-i-sprawiedliwosci-w-przemyslu\/#breadcrumb\",\"itemListElement\":[{\"@type\":\"ListItem\",\"position\":1,\"name\":\"Strona g\u0142\u00f3wna\",\"item\":\"https:\/\/marekkuchcinski.pl\/\"},{\"@type\":\"ListItem\",\"position\":2,\"name\":\"Powiatowa Konwencja Prawa i Sprawiedliwo\u015bci w Przemy\u015blu\"}]},{\"@type\":\"WebSite\",\"@id\":\"https:\/\/marekkuchcinski.pl\/#website\",\"url\":\"https:\/\/marekkuchcinski.pl\/\",\"name\":\"Marek Kuchci\u0144ski\",\"description\":\"Pose\u0142 na sejm RP &ndash; okr\u0119g nr 22\",\"publisher\":{\"@id\":\"https:\/\/marekkuchcinski.pl\/#organization\"},\"potentialAction\":[{\"@type\":\"SearchAction\",\"target\":{\"@type\":\"EntryPoint\",\"urlTemplate\":\"https:\/\/marekkuchcinski.pl\/?s={search_term_string}\"},\"query-input\":{\"@type\":\"PropertyValueSpecification\",\"valueRequired\":true,\"valueName\":\"search_term_string\"}}],\"inLanguage\":\"cs\"},{\"@type\":\"Organization\",\"@id\":\"https:\/\/marekkuchcinski.pl\/#organization\",\"name\":\"Marek Kuchci\u0144ski\",\"url\":\"https:\/\/marekkuchcinski.pl\/\",\"logo\":{\"@type\":\"ImageObject\",\"inLanguage\":\"cs\",\"@id\":\"https:\/\/marekkuchcinski.pl\/#\/schema\/logo\/image\/\",\"url\":\"https:\/\/marekkuchcinski.pl\/wp-content\/uploads\/2022\/09\/Marek.jpg\",\"contentUrl\":\"https:\/\/marekkuchcinski.pl\/wp-content\/uploads\/2022\/09\/Marek.jpg\",\"width\":1600,\"height\":971,\"caption\":\"Marek Kuchci\u0144ski\"},\"image\":{\"@id\":\"https:\/\/marekkuchcinski.pl\/#\/schema\/logo\/image\/\"}},{\"@type\":\"Person\",\"@id\":\"https:\/\/marekkuchcinski.pl\/#\/schema\/person\/6f62700996b4d950b6ea2d1183b6c6be\",\"name\":\"admin\",\"image\":{\"@type\":\"ImageObject\",\"inLanguage\":\"cs\",\"@id\":\"https:\/\/marekkuchcinski.pl\/#\/schema\/person\/image\/\",\"url\":\"https:\/\/secure.gravatar.com\/avatar\/4bab693b9d55c3d6b52c0296a8765085?s=96&d=mm&r=g\",\"contentUrl\":\"https:\/\/secure.gravatar.com\/avatar\/4bab693b9d55c3d6b52c0296a8765085?s=96&d=mm&r=g\",\"caption\":\"admin\"},\"url\":\"https:\/\/marekkuchcinski.pl\/cs\/author\/marta-olejnik\/\"}]}<\/script>\n<!-- \/ Yoast SEO plugin. -->","yoast_head_json":{"title":"Powiatowa Konwencja Prawa i Sprawiedliwo\u015bci w Przemy\u015blu &#8211; Marek Kuchci\u0144ski","robots":{"index":"index","follow":"follow","max-snippet":"max-snippet:-1","max-image-preview":"max-image-preview:large","max-video-preview":"max-video-preview:-1"},"canonical":"https:\/\/marekkuchcinski.pl\/cs\/wydarzenia\/powiatowa-konwencja-prawa-i-sprawiedliwosci-w-przemyslu\/","og_locale":"cs_CZ","og_type":"article","og_title":"Powiatowa Konwencja Prawa i Sprawiedliwo\u015bci w Przemy\u015blu &#8211; Marek Kuchci\u0144ski","og_description":"11 maja 2019 r. w Przemy\u015blu odby\u0142a si\u0119 Powiatowa Konwencja Prawa i Sprawiedliwo\u015bci. Prezes podkarpackiego PiS &#8211; Marek Kuchci\u0144ski podkre\u015bli\u0142 wielki wk\u0142ad Prawa i Sprawiedliwo\u015bci w dobrych zmianach w Polsce. Przypomnia\u0142 m.in. o tzw. Pi\u0105tce Kaczy\u0144skiego, kt\u00f3r\u0105 popiera a\u017c 80 proc. Polak\u00f3w, i dzi\u0119ki kt\u00f3rej w portfelach zostanie wi\u0119cej pieni\u0119dzy, a jako\u015b\u0107 \u017cycia polskich rodzin [&hellip;]","og_url":"https:\/\/marekkuchcinski.pl\/cs\/wydarzenia\/powiatowa-konwencja-prawa-i-sprawiedliwosci-w-przemyslu\/","og_site_name":"Marek Kuchci\u0144ski","article_published_time":"2019-05-11T22:18:55+00:00","article_modified_time":"2019-05-13T12:25:44+00:00","og_image":[{"width":2048,"height":1365,"url":"https:\/\/marekkuchcinski.pl\/wp-content\/uploads\/2019\/05\/IMG_0219-3.jpg","type":"image\/jpeg"}],"author":"admin","twitter_card":"summary_large_image","twitter_misc":{"Napsal(a)":"admin","Odhadovan\u00e1 doba \u010dten\u00ed":"6 minut"},"schema":{"@context":"https:\/\/schema.org","@graph":[{"@type":"Article","@id":"https:\/\/marekkuchcinski.pl\/en\/wydarzenia\/powiatowa-konwencja-prawa-i-sprawiedliwosci-w-przemyslu\/#article","isPartOf":{"@id":"https:\/\/marekkuchcinski.pl\/en\/wydarzenia\/powiatowa-konwencja-prawa-i-sprawiedliwosci-w-przemyslu\/"},"author":{"name":"admin","@id":"https:\/\/marekkuchcinski.pl\/#\/schema\/person\/6f62700996b4d950b6ea2d1183b6c6be"},"headline":"Powiatowa Konwencja Prawa i Sprawiedliwo\u015bci w Przemy\u015blu","datePublished":"2019-05-11T22:18:55+00:00","dateModified":"2019-05-13T12:25:44+00:00","mainEntityOfPage":{"@id":"https:\/\/marekkuchcinski.pl\/en\/wydarzenia\/powiatowa-konwencja-prawa-i-sprawiedliwosci-w-przemyslu\/"},"wordCount":1174,"commentCount":0,"publisher":{"@id":"https:\/\/marekkuchcinski.pl\/#organization"},"image":{"@id":"https:\/\/marekkuchcinski.pl\/en\/wydarzenia\/powiatowa-konwencja-prawa-i-sprawiedliwosci-w-przemyslu\/#primaryimage"},"thumbnailUrl":"https:\/\/marekkuchcinski.pl\/wp-content\/uploads\/2019\/05\/IMG_0219-3.jpg","keywords":["Podkarpacie"],"articleSection":["Prawo i Sprawiedliwo\u015b\u0107","Wydarzenia"],"inLanguage":"cs","potentialAction":[{"@type":"CommentAction","name":"Comment","target":["https:\/\/marekkuchcinski.pl\/en\/wydarzenia\/powiatowa-konwencja-prawa-i-sprawiedliwosci-w-przemyslu\/#respond"]}]},{"@type":"WebPage","@id":"https:\/\/marekkuchcinski.pl\/en\/wydarzenia\/powiatowa-konwencja-prawa-i-sprawiedliwosci-w-przemyslu\/","url":"https:\/\/marekkuchcinski.pl\/en\/wydarzenia\/powiatowa-konwencja-prawa-i-sprawiedliwosci-w-przemyslu\/","name":"Powiatowa Konwencja Prawa i Sprawiedliwo\u015bci w Przemy\u015blu &#8211; Marek Kuchci\u0144ski","isPartOf":{"@id":"https:\/\/marekkuchcinski.pl\/#website"},"primaryImageOfPage":{"@id":"https:\/\/marekkuchcinski.pl\/en\/wydarzenia\/powiatowa-konwencja-prawa-i-sprawiedliwosci-w-przemyslu\/#primaryimage"},"image":{"@id":"https:\/\/marekkuchcinski.pl\/en\/wydarzenia\/powiatowa-konwencja-prawa-i-sprawiedliwosci-w-przemyslu\/#primaryimage"},"thumbnailUrl":"https:\/\/marekkuchcinski.pl\/wp-content\/uploads\/2019\/05\/IMG_0219-3.jpg","datePublished":"2019-05-11T22:18:55+00:00","dateModified":"2019-05-13T12:25:44+00:00","breadcrumb":{"@id":"https:\/\/marekkuchcinski.pl\/en\/wydarzenia\/powiatowa-konwencja-prawa-i-sprawiedliwosci-w-przemyslu\/#breadcrumb"},"inLanguage":"cs","potentialAction":[{"@type":"ReadAction","target":["https:\/\/marekkuchcinski.pl\/en\/wydarzenia\/powiatowa-konwencja-prawa-i-sprawiedliwosci-w-przemyslu\/"]}]},{"@type":"ImageObject","inLanguage":"cs","@id":"https:\/\/marekkuchcinski.pl\/en\/wydarzenia\/powiatowa-konwencja-prawa-i-sprawiedliwosci-w-przemyslu\/#primaryimage","url":"https:\/\/marekkuchcinski.pl\/wp-content\/uploads\/2019\/05\/IMG_0219-3.jpg","contentUrl":"https:\/\/marekkuchcinski.pl\/wp-content\/uploads\/2019\/05\/IMG_0219-3.jpg","width":2048,"height":1365},{"@type":"BreadcrumbList","@id":"https:\/\/marekkuchcinski.pl\/en\/wydarzenia\/powiatowa-konwencja-prawa-i-sprawiedliwosci-w-przemyslu\/#breadcrumb","itemListElement":[{"@type":"ListItem","position":1,"name":"Strona g\u0142\u00f3wna","item":"https:\/\/marekkuchcinski.pl\/"},{"@type":"ListItem","position":2,"name":"Powiatowa Konwencja Prawa i Sprawiedliwo\u015bci w Przemy\u015blu"}]},{"@type":"WebSite","@id":"https:\/\/marekkuchcinski.pl\/#website","url":"https:\/\/marekkuchcinski.pl\/","name":"Marek Kuchci\u0144ski","description":"Pose\u0142 na sejm RP &ndash; okr\u0119g nr 22","publisher":{"@id":"https:\/\/marekkuchcinski.pl\/#organization"},"potentialAction":[{"@type":"SearchAction","target":{"@type":"EntryPoint","urlTemplate":"https:\/\/marekkuchcinski.pl\/?s={search_term_string}"},"query-input":{"@type":"PropertyValueSpecification","valueRequired":true,"valueName":"search_term_string"}}],"inLanguage":"cs"},{"@type":"Organization","@id":"https:\/\/marekkuchcinski.pl\/#organization","name":"Marek Kuchci\u0144ski","url":"https:\/\/marekkuchcinski.pl\/","logo":{"@type":"ImageObject","inLanguage":"cs","@id":"https:\/\/marekkuchcinski.pl\/#\/schema\/logo\/image\/","url":"https:\/\/marekkuchcinski.pl\/wp-content\/uploads\/2022\/09\/Marek.jpg","contentUrl":"https:\/\/marekkuchcinski.pl\/wp-content\/uploads\/2022\/09\/Marek.jpg","width":1600,"height":971,"caption":"Marek Kuchci\u0144ski"},"image":{"@id":"https:\/\/marekkuchcinski.pl\/#\/schema\/logo\/image\/"}},{"@type":"Person","@id":"https:\/\/marekkuchcinski.pl\/#\/schema\/person\/6f62700996b4d950b6ea2d1183b6c6be","name":"admin","image":{"@type":"ImageObject","inLanguage":"cs","@id":"https:\/\/marekkuchcinski.pl\/#\/schema\/person\/image\/","url":"https:\/\/secure.gravatar.com\/avatar\/4bab693b9d55c3d6b52c0296a8765085?s=96&d=mm&r=g","contentUrl":"https:\/\/secure.gravatar.com\/avatar\/4bab693b9d55c3d6b52c0296a8765085?s=96&d=mm&r=g","caption":"admin"},"url":"https:\/\/marekkuchcinski.pl\/cs\/author\/marta-olejnik\/"}]}},"_links":{"self":[{"href":"https:\/\/marekkuchcinski.pl\/cs\/wp-json\/wp\/v2\/posts\/15282","targetHints":{"allow":["GET"]}}],"collection":[{"href":"https:\/\/marekkuchcinski.pl\/cs\/wp-json\/wp\/v2\/posts"}],"about":[{"href":"https:\/\/marekkuchcinski.pl\/cs\/wp-json\/wp\/v2\/types\/post"}],"author":[{"embeddable":true,"href":"https:\/\/marekkuchcinski.pl\/cs\/wp-json\/wp\/v2\/users\/6"}],"replies":[{"embeddable":true,"href":"https:\/\/marekkuchcinski.pl\/cs\/wp-json\/wp\/v2\/comments?post=15282"}],"version-history":[{"count":11,"href":"https:\/\/marekkuchcinski.pl\/cs\/wp-json\/wp\/v2\/posts\/15282\/revisions"}],"predecessor-version":[{"id":15462,"href":"https:\/\/marekkuchcinski.pl\/cs\/wp-json\/wp\/v2\/posts\/15282\/revisions\/15462"}],"wp:featuredmedia":[{"embeddable":true,"href":"https:\/\/marekkuchcinski.pl\/cs\/wp-json\/wp\/v2\/media\/15457"}],"wp:attachment":[{"href":"https:\/\/marekkuchcinski.pl\/cs\/wp-json\/wp\/v2\/media?parent=15282"}],"wp:term":[{"taxonomy":"category","embeddable":true,"href":"https:\/\/marekkuchcinski.pl\/cs\/wp-json\/wp\/v2\/categories?post=15282"},{"taxonomy":"post_tag","embeddable":true,"href":"https:\/\/marekkuchcinski.pl\/cs\/wp-json\/wp\/v2\/tags?post=15282"}],"curies":[{"name":"wp","href":"https:\/\/api.w.org\/{rel}","templated":true}]}}