{"id":15214,"date":"2019-05-09T11:21:00","date_gmt":"2019-05-09T09:21:00","guid":{"rendered":"https:\/\/marekkuchcinski.pl\/?p=15214"},"modified":"2019-05-09T11:21:02","modified_gmt":"2019-05-09T09:21:02","slug":"30-lecie-nadania-szkole-w-gniewczynie-lancuckiej-imienia-generala-antoniego-chrusciela-montera","status":"publish","type":"post","link":"https:\/\/marekkuchcinski.pl\/cs\/bez-kategorii\/lms\/30-lecie-nadania-szkole-w-gniewczynie-lancuckiej-imienia-generala-antoniego-chrusciela-montera\/","title":{"rendered":"30. v\u00fdro\u010d\u00ed pojmenov\u00e1n\u00ed \u0161koly v Gniewczyn\u011b \u0141a\u0144cuck\u00e9 po gener\u00e1lu Antoni Chru\u015bciel \"Monter\""},"content":{"rendered":"<p class=\"wp-block-paragraph\"><strong>V\u00e1\u017een\u00fd pane \u0159editeli, <\/strong><\/p>\n\n\n\n<p class=\"wp-block-paragraph\"><strong>D\u00e1my a p\u00e1nov\u00e9, mil\u00ed studenti, <\/strong><\/p>\n\n\n\n<p class=\"wp-block-paragraph\">D\u011bkujeme za pozv\u00e1n\u00ed na oslavy.\n30. v\u00fdro\u010d\u00ed pojmenov\u00e1n\u00ed \u0161koly po gener\u00e1lu Antoni Chru\u015bciel \"Monter\".\nOslav se bohu\u017eel nemohu z\u00fa\u010dastnit. Cht\u011bl bych v\u00e1s ujistit, \u017ee v tomto p\u0159\u00edpad\u011b.\nR\u00e1d bych v\u00e1s ujistil, \u017ee v den tohoto v\u00fdro\u010d\u00ed je m\u00e9 srdce s v\u00e1mi. <\/p>\n\n\n\n<p class=\"wp-block-paragraph\">P\u0159ijet\u00edm jm\u00e9na gener\u00e1la Antoniho\nChru\u015bciel, \u0161koln\u00ed komunita se stala d\u011bdicem my\u0161lenek bl\u00edzk\u00fdch jej\u00edmu\nPatron, pro kter\u00e9ho byla nejv\u011bt\u0161\u00ed hodnotou svobodn\u00e1 vlast. Narozen v\nNarodil se v roce 1895 a za\u017eil \u017eivot pod vl\u00e1dou partyz\u00e1n\u016f. Cht\u011bl suver\u00e9nn\u00ed Polsko,\nSv\u00e9 sny prom\u011bnil ve skute\u010dn\u00e9 \u010diny zam\u011b\u0159en\u00e9 na nez\u00e1vislost. Zpo\u010d\u00e1tku\nBojoval v tajn\u00e9m pr\u016fzkumn\u00e9m hnut\u00ed a pozd\u011bji jako voj\u00e1k V\u00fdchodn\u00ed legie. S jeho\nznalosti a obrovsk\u00e9 zku\u0161enosti, slou\u017eil nez\u00e1vislosti a po letech svobody\nPo letech svobody se op\u011bt zapojil do podzemn\u00edho boje proti okupant\u016fm. &nbsp;&nbsp;&nbsp;<\/p>\n\n\n\n<p class=\"wp-block-paragraph\">&nbsp;&nbsp;&nbsp;&nbsp;&nbsp;&nbsp;&nbsp;&nbsp;&nbsp;&nbsp;&nbsp; Jsem p\u0159esv\u011bd\u010den, \u017ee\n\u017ee gener\u00e1l Antoni Chru\u015bciel z\u016fst\u00e1v\u00e1 autoritou a vzorem pro\nn\u00e1sledovat. Z jeho hrdinsk\u00e9ho postoje bude mlad\u00edk \u010derpat s\u00edlu v ka\u017edodenn\u00edm \u017eivot\u011b.\na vlastenectv\u00ed, odhodl\u00e1n\u00ed a ochota pracovat pro blaho Polska se stanou...\nvlastenectv\u00ed, odhodl\u00e1n\u00ed a v\u016fle pracovat pro blaho Polska se stanou ur\u010duj\u00edc\u00edmi pro jejich budouc\u00ed \u017eivotn\u00ed volby. <\/p>\n\n\n\n<p class=\"wp-block-paragraph\">R\u00e1d bych vyj\u00e1d\u0159il up\u0159\u00edmn\u00e9 pod\u011bkov\u00e1n\u00ed.\npedagogick\u00e9mu sboru a rodi\u010d\u016fm za v\u00fdchovu mlad\u00fdch lid\u00ed k \u00fact\u011b.\npro hodnoty a historick\u00e9 d\u011bdictv\u00ed. D\u011bkujeme v\u00e1m za p\u00e9\u010di o pam\u00e1tku \"Monter\"\na propagace vlasteneck\u00fdch postoj\u016f. &nbsp;&nbsp;&nbsp;<\/p>\n\n\n\n<p class=\"wp-block-paragraph\">P\u0159eji si, aby tento v\u00fdro\u010dn\u00ed den byl pro \u0161kolu \u010dasem zamy\u0161len\u00ed.\nkomunita \u010das k zamy\u0161len\u00ed i skute\u010dn\u00e9 hrdosti a nezapomenuteln\u00e9\nzku\u0161enosti. <\/p>\n\n\n\n<p class=\"wp-block-paragraph\">V\u0161echny v\u00e1s up\u0159\u00edmn\u011b zdrav\u00edm a p\u0159eji v\u0161e nejlep\u0161\u00ed.\ns pozdravem. &nbsp;<\/p>\n\n\n\n<p class=\"wp-block-paragraph\">Marek Kuchci\u0144ski <\/p>","protected":false},"excerpt":{"rendered":"<p>Szanowna Pani Dyrektor, Szanowni Pa\u0144stwo, Drodzy Uczniowie, serdecznie dzi\u0119kuj\u0119 za zaproszenie na obchody 30-lecia nadania szkole imienia genera\u0142a Antoniego Chru\u015bciela \u201eMontera\u201d. Niestety nie mog\u0119 wzi\u0105\u0107 udzia\u0142u w&nbsp;uroczysto\u015bciach. Pragn\u0119 zapewni\u0107, \u017ce w tym rocznicowym dniu sercem \u0142\u0105cz\u0119 si\u0119 ze&nbsp;zgromadzonymi. Przez akt przyj\u0119cia imienia genera\u0142a Antoniego Chru\u015bciela szkolna spo\u0142eczno\u015b\u0107 sta\u0142a si\u0119 spadkobierc\u0105 idei bliskich swojemu Patronowi, dla [&hellip;]<\/p>\n","protected":false},"author":6,"featured_media":15215,"comment_status":"open","ping_status":"open","sticky":false,"template":"","format":"standard","meta":{"ngg_post_thumbnail":0,"footnotes":""},"categories":[104],"tags":[],"class_list":["post-15214","post","type-post","status-publish","format-standard","has-post-thumbnail","hentry","category-lms"],"_links":{"self":[{"href":"https:\/\/marekkuchcinski.pl\/cs\/wp-json\/wp\/v2\/posts\/15214","targetHints":{"allow":["GET"]}}],"collection":[{"href":"https:\/\/marekkuchcinski.pl\/cs\/wp-json\/wp\/v2\/posts"}],"about":[{"href":"https:\/\/marekkuchcinski.pl\/cs\/wp-json\/wp\/v2\/types\/post"}],"author":[{"embeddable":true,"href":"https:\/\/marekkuchcinski.pl\/cs\/wp-json\/wp\/v2\/users\/6"}],"replies":[{"embeddable":true,"href":"https:\/\/marekkuchcinski.pl\/cs\/wp-json\/wp\/v2\/comments?post=15214"}],"version-history":[{"count":1,"href":"https:\/\/marekkuchcinski.pl\/cs\/wp-json\/wp\/v2\/posts\/15214\/revisions"}],"predecessor-version":[{"id":15216,"href":"https:\/\/marekkuchcinski.pl\/cs\/wp-json\/wp\/v2\/posts\/15214\/revisions\/15216"}],"wp:featuredmedia":[{"embeddable":true,"href":"https:\/\/marekkuchcinski.pl\/cs\/wp-json\/wp\/v2\/media\/15215"}],"wp:attachment":[{"href":"https:\/\/marekkuchcinski.pl\/cs\/wp-json\/wp\/v2\/media?parent=15214"}],"wp:term":[{"taxonomy":"category","embeddable":true,"href":"https:\/\/marekkuchcinski.pl\/cs\/wp-json\/wp\/v2\/categories?post=15214"},{"taxonomy":"post_tag","embeddable":true,"href":"https:\/\/marekkuchcinski.pl\/cs\/wp-json\/wp\/v2\/tags?post=15214"}],"curies":[{"name":"wp","href":"https:\/\/api.w.org\/{rel}","templated":true}]}}