{"id":15115,"date":"2019-04-26T14:03:18","date_gmt":"2019-04-26T12:03:18","guid":{"rendered":"https:\/\/marekkuchcinski.pl\/?p=15115"},"modified":"2019-04-26T14:03:19","modified_gmt":"2019-04-26T12:03:19","slug":"sejm-przyjal-ustawe-zapewniajaca-500-zl-na-kazde-dziecko-do-18-roku-zycia","status":"publish","type":"post","link":"https:\/\/marekkuchcinski.pl\/cs\/wydarzenia\/sejm-przyjal-ustawe-zapewniajaca-500-zl-na-kazde-dziecko-do-18-roku-zycia\/","title":{"rendered":"Sejm p\u0159ijal z\u00e1kon, kter\u00fd zaji\u0161\u0165uje 500 PLN na ka\u017ed\u00e9 d\u00edt\u011b do 18 let."},"content":{"rendered":"<p>Sejm schv\u00e1lil vl\u00e1dn\u00ed novelu, kter\u00e1 prodlu\u017euje platnost\nprogram Family 500 plus. Podle n\u011bj bude m\u00edt n\u00e1rok na d\u00e1vku\nv\u0161echny d\u011bti a dosp\u00edvaj\u00edc\u00ed do 18 let, v\u010detn\u011b jedin\u00e1\u010dk\u016f, bez ohledu na p\u0159\u00edjem rodiny.\np\u0159\u00edjem rodiny. <\/p>\n\n\n\n<p>N\u00e1rok na d\u00e1vku budou m\u00edt i d\u011bti um\u00edst\u011bn\u00e9 v za\u0159\u00edzen\u00edch pro d\u011bti vy\u017eaduj\u00edc\u00ed okam\u017eitou pomoc.\nvzd\u011bl\u00e1vac\u00ed instituce.<\/p>\n\n\n\n<p>- 500 plus pro ka\u017ed\u00e9 d\u00edt\u011b je prosoci\u00e1ln\u00ed a solid\u00e1rn\u00ed program; je to program, kter\u00fd v t\u00e9to nov\u00e9 verzi potvrd\u00ed na\u0161i tezi, \u017ee podnikatelsk\u00e9 Polsko a solid\u00e1rn\u00ed Polsko nemus\u00ed b\u00fdt v rozporu, \u017ee solid\u00e1rn\u00ed Polsko a podnikatelsk\u00e9 Polsko je jedno Polsko. Programy, jako je tento, vytv\u00e1\u0159ej\u00ed \u0161anci pro rozvoj na\u0161\u00ed vlasti, a proto jsem velmi r\u00e1d, \u017ee tento program z\u00edsk\u00e1v\u00e1 st\u00e1le v\u011bt\u0161\u00ed podporu cel\u00e9 opozice,\" prohl\u00e1sil premi\u00e9r Mateusz Morawiecki b\u011bhem rozpravy v Sejmu.<\/p>\n\n\n\n<p>V od\u016fvodn\u011bn\u00ed z\u00e1kona se uv\u00e1d\u00ed, \u017ee rodinn\u00e1 politika je jednou z nejd\u016fle\u017eit\u011bj\u0161\u00edch oblast\u00ed \u010dinnosti sou\u010dasn\u00e9 vl\u00e1dy. Program Rodina 500 plus, kter\u00fd vstoupil v platnost 1. dubna 2016, je prvn\u00edm programem od syst\u00e9mov\u00e9 transformace, kter\u00fd tak jasn\u011b zd\u016fraz\u0148uje pot\u0159ebu investic do rodiny, je\u017e p\u0159edstavuj\u00ed jej\u00ed skute\u010dnou podporu.<\/p>\n\n\n\n<p>Rodina 500 plus zcela zm\u011bnila pohled na st\u00e1tn\u00ed podporu rodin a stala se referen\u010dn\u00edm bodem v debat\u011b o rodinn\u00e9 politice. D\u00edky programu a miliardov\u00fdm pen\u011b\u017en\u00edm p\u0159evod\u016fm rodin\u00e1m jsme otev\u0159eli perspektivy rozvoje lidem, kte\u0159\u00ed byli dosud na okraji spole\u010dnosti. Navr\u00e1tili jsme jim d\u016fstojnost. Podpora rodin prost\u0159ednictv\u00edm n\u00e1stroj\u016f rodinn\u00e9 politiky je investic\u00ed do lidsk\u00e9ho kapit\u00e1lu, na n\u011bm\u017e do zna\u010dn\u00e9 m\u00edry z\u00e1vis\u00ed zdrav\u00ed st\u00e1tu.<\/p>\n\n\n\n<figure class=\"wp-block-embed is-type-rich is-provider-marek-kuchcinski\"><div class=\"wp-block-embed__wrapper\">\n<blockquote class=\"wp-embedded-content\" data-secret=\"Ahdoad7gkG\"><a href=\"https:\/\/marekkuchcinski.pl\/cs\/wydarzenia\/pis-skutecznie-pomaga-ludziom-i-ogranicza-biede-i-nierownosci\/\">Polsko je l\u00eddrem v oblasti vyrovn\u00e1v\u00e1n\u00ed \u017eivotn\u00ed \u00farovn\u011b. PiS \u00fa\u010dinn\u011b sni\u017euje rozd\u00edly mezi bohat\u00fdmi a chud\u00fdmi<\/a><\/blockquote><iframe class=\"wp-embedded-content\" sandbox=\"allow-scripts\" security=\"restricted\" style=\"position: absolute; clip: rect(1px, 1px, 1px, 1px);\" title=\"&quot;Polsko je l\u00eddrem v oblasti vyrovn\u00e1v\u00e1n\u00ed \u017eivotn\u00ed \u00farovn\u011b. PiS \u00fa\u010dinn\u011b sni\u017euje rozd\u00edly mezi chud\u00fdmi a bohat\u00fdmi&quot; - Marek Kuchci\u0144ski\" src=\"https:\/\/marekkuchcinski.pl\/wydarzenia\/pis-skutecznie-pomaga-ludziom-i-ogranicza-biede-i-nierownosci\/embed\/#?secret=Ahdoad7gkG\" data-secret=\"Ahdoad7gkG\" width=\"600\" height=\"338\" frameborder=\"0\" marginwidth=\"0\" marginheight=\"0\" scrolling=\"no\"><\/iframe>\n<\/div><\/figure>","protected":false},"excerpt":{"rendered":"<p>Sejm uchwali\u0142 rz\u0105dow\u0105 nowelizacj\u0119 w sprawie rozszerzenia programu Rodzina 500 plus. Zgodnie z ni\u0105 prawo do \u015bwiadczenia b\u0119d\u0105 mia\u0142y wszystkie dzieci i nastolatkowie do 18 lat, r\u00f3wnie\u017c jedynacy, bez wzgl\u0119du na dochody rodziny. Prawo do \u015bwiadczenia zyskaj\u0105 r\u00f3wnie\u017c dzieci umieszczone w plac\u00f3wkach opieku\u0144czo-wychowawczych. &#8211; 500&nbsp;plus&nbsp;na ka\u017cde dziecko jest programem prospo\u0142ecznym, solidarno\u015bciowym; jest programem, kt\u00f3ry w [&hellip;]<\/p>","protected":false},"author":6,"featured_media":15122,"comment_status":"open","ping_status":"open","sticky":false,"template":"","format":"standard","meta":{"ngg_post_thumbnail":0,"footnotes":""},"categories":[82,81,3],"tags":[],"class_list":["post-15115","post","type-post","status-publish","format-standard","has-post-thumbnail","hentry","category-prawo-i-sprawiedliwosc","category-wiesci-z-sejmu","category-wydarzenia"],"yoast_head":"<!-- This site is optimized with the Yoast SEO plugin v24.7 - https:\/\/yoast.com\/wordpress\/plugins\/seo\/ -->\n<title>Sejm przyj\u0105\u0142 ustaw\u0119 zapewniaj\u0105c\u0105 500 z\u0142 na ka\u017cde dziecko do 18. roku \u017cycia &#8211; Marek Kuchci\u0144ski<\/title>\n<meta name=\"robots\" content=\"index, follow, max-snippet:-1, max-image-preview:large, max-video-preview:-1\" \/>\n<link rel=\"canonical\" href=\"https:\/\/marekkuchcinski.pl\/cs\/wydarzenia\/sejm-przyjal-ustawe-zapewniajaca-500-zl-na-kazde-dziecko-do-18-roku-zycia\/\" \/>\n<meta property=\"og:locale\" content=\"cs_CZ\" \/>\n<meta property=\"og:type\" content=\"article\" \/>\n<meta property=\"og:title\" content=\"Sejm przyj\u0105\u0142 ustaw\u0119 zapewniaj\u0105c\u0105 500 z\u0142 na ka\u017cde dziecko do 18. roku \u017cycia &#8211; Marek Kuchci\u0144ski\" \/>\n<meta property=\"og:description\" content=\"Sejm uchwali\u0142 rz\u0105dow\u0105 nowelizacj\u0119 w sprawie rozszerzenia programu Rodzina 500 plus. Zgodnie z ni\u0105 prawo do \u015bwiadczenia b\u0119d\u0105 mia\u0142y wszystkie dzieci i nastolatkowie do 18 lat, r\u00f3wnie\u017c jedynacy, bez wzgl\u0119du na dochody rodziny. Prawo do \u015bwiadczenia zyskaj\u0105 r\u00f3wnie\u017c dzieci umieszczone w plac\u00f3wkach opieku\u0144czo-wychowawczych. &#8211; 500&nbsp;plus&nbsp;na ka\u017cde dziecko jest programem prospo\u0142ecznym, solidarno\u015bciowym; jest programem, kt\u00f3ry w [&hellip;]\" \/>\n<meta property=\"og:url\" content=\"https:\/\/marekkuchcinski.pl\/cs\/wydarzenia\/sejm-przyjal-ustawe-zapewniajaca-500-zl-na-kazde-dziecko-do-18-roku-zycia\/\" \/>\n<meta property=\"og:site_name\" content=\"Marek Kuchci\u0144ski\" \/>\n<meta property=\"article:published_time\" content=\"2019-04-26T12:03:18+00:00\" \/>\n<meta property=\"article:modified_time\" content=\"2019-04-26T12:03:19+00:00\" \/>\n<meta property=\"og:image\" content=\"https:\/\/marekkuchcinski.pl\/wp-content\/uploads\/2019\/04\/62434_564848326904827_554205125_n.jpg\" \/>\n\t<meta property=\"og:image:width\" content=\"960\" \/>\n\t<meta property=\"og:image:height\" content=\"640\" \/>\n\t<meta property=\"og:image:type\" content=\"image\/jpeg\" \/>\n<meta name=\"author\" content=\"admin\" \/>\n<meta name=\"twitter:card\" content=\"summary_large_image\" \/>\n<meta name=\"twitter:label1\" content=\"Napsal(a)\" \/>\n\t<meta name=\"twitter:data1\" content=\"admin\" \/>\n\t<meta name=\"twitter:label2\" content=\"Odhadovan\u00e1 doba \u010dten\u00ed\" \/>\n\t<meta name=\"twitter:data2\" content=\"1 minuta\" \/>\n<script type=\"application\/ld+json\" class=\"yoast-schema-graph\">{\"@context\":\"https:\/\/schema.org\",\"@graph\":[{\"@type\":\"Article\",\"@id\":\"https:\/\/marekkuchcinski.pl\/wydarzenia\/sejm-przyjal-ustawe-zapewniajaca-500-zl-na-kazde-dziecko-do-18-roku-zycia\/#article\",\"isPartOf\":{\"@id\":\"https:\/\/marekkuchcinski.pl\/wydarzenia\/sejm-przyjal-ustawe-zapewniajaca-500-zl-na-kazde-dziecko-do-18-roku-zycia\/\"},\"author\":{\"name\":\"admin\",\"@id\":\"https:\/\/marekkuchcinski.pl\/#\/schema\/person\/6f62700996b4d950b6ea2d1183b6c6be\"},\"headline\":\"Sejm przyj\u0105\u0142 ustaw\u0119 zapewniaj\u0105c\u0105 500 z\u0142 na ka\u017cde dziecko do 18. roku \u017cycia\",\"datePublished\":\"2019-04-26T12:03:18+00:00\",\"dateModified\":\"2019-04-26T12:03:19+00:00\",\"mainEntityOfPage\":{\"@id\":\"https:\/\/marekkuchcinski.pl\/wydarzenia\/sejm-przyjal-ustawe-zapewniajaca-500-zl-na-kazde-dziecko-do-18-roku-zycia\/\"},\"wordCount\":288,\"commentCount\":0,\"publisher\":{\"@id\":\"https:\/\/marekkuchcinski.pl\/#organization\"},\"image\":{\"@id\":\"https:\/\/marekkuchcinski.pl\/wydarzenia\/sejm-przyjal-ustawe-zapewniajaca-500-zl-na-kazde-dziecko-do-18-roku-zycia\/#primaryimage\"},\"thumbnailUrl\":\"https:\/\/marekkuchcinski.pl\/wp-content\/uploads\/2019\/04\/62434_564848326904827_554205125_n.jpg\",\"articleSection\":[\"Prawo i Sprawiedliwo\u015b\u0107\",\"Wie\u015bci z Sejmu\",\"Wydarzenia\"],\"inLanguage\":\"cs\",\"potentialAction\":[{\"@type\":\"CommentAction\",\"name\":\"Comment\",\"target\":[\"https:\/\/marekkuchcinski.pl\/wydarzenia\/sejm-przyjal-ustawe-zapewniajaca-500-zl-na-kazde-dziecko-do-18-roku-zycia\/#respond\"]}]},{\"@type\":\"WebPage\",\"@id\":\"https:\/\/marekkuchcinski.pl\/wydarzenia\/sejm-przyjal-ustawe-zapewniajaca-500-zl-na-kazde-dziecko-do-18-roku-zycia\/\",\"url\":\"https:\/\/marekkuchcinski.pl\/wydarzenia\/sejm-przyjal-ustawe-zapewniajaca-500-zl-na-kazde-dziecko-do-18-roku-zycia\/\",\"name\":\"Sejm przyj\u0105\u0142 ustaw\u0119 zapewniaj\u0105c\u0105 500 z\u0142 na ka\u017cde dziecko do 18. roku \u017cycia &#8211; Marek Kuchci\u0144ski\",\"isPartOf\":{\"@id\":\"https:\/\/marekkuchcinski.pl\/#website\"},\"primaryImageOfPage\":{\"@id\":\"https:\/\/marekkuchcinski.pl\/wydarzenia\/sejm-przyjal-ustawe-zapewniajaca-500-zl-na-kazde-dziecko-do-18-roku-zycia\/#primaryimage\"},\"image\":{\"@id\":\"https:\/\/marekkuchcinski.pl\/wydarzenia\/sejm-przyjal-ustawe-zapewniajaca-500-zl-na-kazde-dziecko-do-18-roku-zycia\/#primaryimage\"},\"thumbnailUrl\":\"https:\/\/marekkuchcinski.pl\/wp-content\/uploads\/2019\/04\/62434_564848326904827_554205125_n.jpg\",\"datePublished\":\"2019-04-26T12:03:18+00:00\",\"dateModified\":\"2019-04-26T12:03:19+00:00\",\"breadcrumb\":{\"@id\":\"https:\/\/marekkuchcinski.pl\/wydarzenia\/sejm-przyjal-ustawe-zapewniajaca-500-zl-na-kazde-dziecko-do-18-roku-zycia\/#breadcrumb\"},\"inLanguage\":\"cs\",\"potentialAction\":[{\"@type\":\"ReadAction\",\"target\":[\"https:\/\/marekkuchcinski.pl\/wydarzenia\/sejm-przyjal-ustawe-zapewniajaca-500-zl-na-kazde-dziecko-do-18-roku-zycia\/\"]}]},{\"@type\":\"ImageObject\",\"inLanguage\":\"cs\",\"@id\":\"https:\/\/marekkuchcinski.pl\/wydarzenia\/sejm-przyjal-ustawe-zapewniajaca-500-zl-na-kazde-dziecko-do-18-roku-zycia\/#primaryimage\",\"url\":\"https:\/\/marekkuchcinski.pl\/wp-content\/uploads\/2019\/04\/62434_564848326904827_554205125_n.jpg\",\"contentUrl\":\"https:\/\/marekkuchcinski.pl\/wp-content\/uploads\/2019\/04\/62434_564848326904827_554205125_n.jpg\",\"width\":960,\"height\":640},{\"@type\":\"BreadcrumbList\",\"@id\":\"https:\/\/marekkuchcinski.pl\/wydarzenia\/sejm-przyjal-ustawe-zapewniajaca-500-zl-na-kazde-dziecko-do-18-roku-zycia\/#breadcrumb\",\"itemListElement\":[{\"@type\":\"ListItem\",\"position\":1,\"name\":\"Strona g\u0142\u00f3wna\",\"item\":\"https:\/\/marekkuchcinski.pl\/\"},{\"@type\":\"ListItem\",\"position\":2,\"name\":\"Sejm przyj\u0105\u0142 ustaw\u0119 zapewniaj\u0105c\u0105 500 z\u0142 na ka\u017cde dziecko do 18. roku \u017cycia\"}]},{\"@type\":\"WebSite\",\"@id\":\"https:\/\/marekkuchcinski.pl\/#website\",\"url\":\"https:\/\/marekkuchcinski.pl\/\",\"name\":\"Marek Kuchci\u0144ski\",\"description\":\"Pose\u0142 na sejm RP &ndash; okr\u0119g nr 22\",\"publisher\":{\"@id\":\"https:\/\/marekkuchcinski.pl\/#organization\"},\"potentialAction\":[{\"@type\":\"SearchAction\",\"target\":{\"@type\":\"EntryPoint\",\"urlTemplate\":\"https:\/\/marekkuchcinski.pl\/?s={search_term_string}\"},\"query-input\":{\"@type\":\"PropertyValueSpecification\",\"valueRequired\":true,\"valueName\":\"search_term_string\"}}],\"inLanguage\":\"cs\"},{\"@type\":\"Organization\",\"@id\":\"https:\/\/marekkuchcinski.pl\/#organization\",\"name\":\"Marek Kuchci\u0144ski\",\"url\":\"https:\/\/marekkuchcinski.pl\/\",\"logo\":{\"@type\":\"ImageObject\",\"inLanguage\":\"cs\",\"@id\":\"https:\/\/marekkuchcinski.pl\/#\/schema\/logo\/image\/\",\"url\":\"https:\/\/marekkuchcinski.pl\/wp-content\/uploads\/2022\/09\/Marek.jpg\",\"contentUrl\":\"https:\/\/marekkuchcinski.pl\/wp-content\/uploads\/2022\/09\/Marek.jpg\",\"width\":1600,\"height\":971,\"caption\":\"Marek Kuchci\u0144ski\"},\"image\":{\"@id\":\"https:\/\/marekkuchcinski.pl\/#\/schema\/logo\/image\/\"}},{\"@type\":\"Person\",\"@id\":\"https:\/\/marekkuchcinski.pl\/#\/schema\/person\/6f62700996b4d950b6ea2d1183b6c6be\",\"name\":\"admin\",\"image\":{\"@type\":\"ImageObject\",\"inLanguage\":\"cs\",\"@id\":\"https:\/\/marekkuchcinski.pl\/#\/schema\/person\/image\/\",\"url\":\"https:\/\/secure.gravatar.com\/avatar\/4bab693b9d55c3d6b52c0296a8765085?s=96&d=mm&r=g\",\"contentUrl\":\"https:\/\/secure.gravatar.com\/avatar\/4bab693b9d55c3d6b52c0296a8765085?s=96&d=mm&r=g\",\"caption\":\"admin\"},\"url\":\"https:\/\/marekkuchcinski.pl\/cs\/author\/marta-olejnik\/\"}]}<\/script>\n<!-- \/ Yoast SEO plugin. -->","yoast_head_json":{"title":"Sejm przyj\u0105\u0142 ustaw\u0119 zapewniaj\u0105c\u0105 500 z\u0142 na ka\u017cde dziecko do 18. roku \u017cycia &#8211; Marek Kuchci\u0144ski","robots":{"index":"index","follow":"follow","max-snippet":"max-snippet:-1","max-image-preview":"max-image-preview:large","max-video-preview":"max-video-preview:-1"},"canonical":"https:\/\/marekkuchcinski.pl\/cs\/wydarzenia\/sejm-przyjal-ustawe-zapewniajaca-500-zl-na-kazde-dziecko-do-18-roku-zycia\/","og_locale":"cs_CZ","og_type":"article","og_title":"Sejm przyj\u0105\u0142 ustaw\u0119 zapewniaj\u0105c\u0105 500 z\u0142 na ka\u017cde dziecko do 18. roku \u017cycia &#8211; Marek Kuchci\u0144ski","og_description":"Sejm uchwali\u0142 rz\u0105dow\u0105 nowelizacj\u0119 w sprawie rozszerzenia programu Rodzina 500 plus. Zgodnie z ni\u0105 prawo do \u015bwiadczenia b\u0119d\u0105 mia\u0142y wszystkie dzieci i nastolatkowie do 18 lat, r\u00f3wnie\u017c jedynacy, bez wzgl\u0119du na dochody rodziny. Prawo do \u015bwiadczenia zyskaj\u0105 r\u00f3wnie\u017c dzieci umieszczone w plac\u00f3wkach opieku\u0144czo-wychowawczych. &#8211; 500&nbsp;plus&nbsp;na ka\u017cde dziecko jest programem prospo\u0142ecznym, solidarno\u015bciowym; jest programem, kt\u00f3ry w [&hellip;]","og_url":"https:\/\/marekkuchcinski.pl\/cs\/wydarzenia\/sejm-przyjal-ustawe-zapewniajaca-500-zl-na-kazde-dziecko-do-18-roku-zycia\/","og_site_name":"Marek Kuchci\u0144ski","article_published_time":"2019-04-26T12:03:18+00:00","article_modified_time":"2019-04-26T12:03:19+00:00","og_image":[{"width":960,"height":640,"url":"https:\/\/marekkuchcinski.pl\/wp-content\/uploads\/2019\/04\/62434_564848326904827_554205125_n.jpg","type":"image\/jpeg"}],"author":"admin","twitter_card":"summary_large_image","twitter_misc":{"Napsal(a)":"admin","Odhadovan\u00e1 doba \u010dten\u00ed":"1 minuta"},"schema":{"@context":"https:\/\/schema.org","@graph":[{"@type":"Article","@id":"https:\/\/marekkuchcinski.pl\/wydarzenia\/sejm-przyjal-ustawe-zapewniajaca-500-zl-na-kazde-dziecko-do-18-roku-zycia\/#article","isPartOf":{"@id":"https:\/\/marekkuchcinski.pl\/wydarzenia\/sejm-przyjal-ustawe-zapewniajaca-500-zl-na-kazde-dziecko-do-18-roku-zycia\/"},"author":{"name":"admin","@id":"https:\/\/marekkuchcinski.pl\/#\/schema\/person\/6f62700996b4d950b6ea2d1183b6c6be"},"headline":"Sejm przyj\u0105\u0142 ustaw\u0119 zapewniaj\u0105c\u0105 500 z\u0142 na ka\u017cde dziecko do 18. roku \u017cycia","datePublished":"2019-04-26T12:03:18+00:00","dateModified":"2019-04-26T12:03:19+00:00","mainEntityOfPage":{"@id":"https:\/\/marekkuchcinski.pl\/wydarzenia\/sejm-przyjal-ustawe-zapewniajaca-500-zl-na-kazde-dziecko-do-18-roku-zycia\/"},"wordCount":288,"commentCount":0,"publisher":{"@id":"https:\/\/marekkuchcinski.pl\/#organization"},"image":{"@id":"https:\/\/marekkuchcinski.pl\/wydarzenia\/sejm-przyjal-ustawe-zapewniajaca-500-zl-na-kazde-dziecko-do-18-roku-zycia\/#primaryimage"},"thumbnailUrl":"https:\/\/marekkuchcinski.pl\/wp-content\/uploads\/2019\/04\/62434_564848326904827_554205125_n.jpg","articleSection":["Prawo i Sprawiedliwo\u015b\u0107","Wie\u015bci z Sejmu","Wydarzenia"],"inLanguage":"cs","potentialAction":[{"@type":"CommentAction","name":"Comment","target":["https:\/\/marekkuchcinski.pl\/wydarzenia\/sejm-przyjal-ustawe-zapewniajaca-500-zl-na-kazde-dziecko-do-18-roku-zycia\/#respond"]}]},{"@type":"WebPage","@id":"https:\/\/marekkuchcinski.pl\/wydarzenia\/sejm-przyjal-ustawe-zapewniajaca-500-zl-na-kazde-dziecko-do-18-roku-zycia\/","url":"https:\/\/marekkuchcinski.pl\/wydarzenia\/sejm-przyjal-ustawe-zapewniajaca-500-zl-na-kazde-dziecko-do-18-roku-zycia\/","name":"Sejm przyj\u0105\u0142 ustaw\u0119 zapewniaj\u0105c\u0105 500 z\u0142 na ka\u017cde dziecko do 18. roku \u017cycia &#8211; Marek Kuchci\u0144ski","isPartOf":{"@id":"https:\/\/marekkuchcinski.pl\/#website"},"primaryImageOfPage":{"@id":"https:\/\/marekkuchcinski.pl\/wydarzenia\/sejm-przyjal-ustawe-zapewniajaca-500-zl-na-kazde-dziecko-do-18-roku-zycia\/#primaryimage"},"image":{"@id":"https:\/\/marekkuchcinski.pl\/wydarzenia\/sejm-przyjal-ustawe-zapewniajaca-500-zl-na-kazde-dziecko-do-18-roku-zycia\/#primaryimage"},"thumbnailUrl":"https:\/\/marekkuchcinski.pl\/wp-content\/uploads\/2019\/04\/62434_564848326904827_554205125_n.jpg","datePublished":"2019-04-26T12:03:18+00:00","dateModified":"2019-04-26T12:03:19+00:00","breadcrumb":{"@id":"https:\/\/marekkuchcinski.pl\/wydarzenia\/sejm-przyjal-ustawe-zapewniajaca-500-zl-na-kazde-dziecko-do-18-roku-zycia\/#breadcrumb"},"inLanguage":"cs","potentialAction":[{"@type":"ReadAction","target":["https:\/\/marekkuchcinski.pl\/wydarzenia\/sejm-przyjal-ustawe-zapewniajaca-500-zl-na-kazde-dziecko-do-18-roku-zycia\/"]}]},{"@type":"ImageObject","inLanguage":"cs","@id":"https:\/\/marekkuchcinski.pl\/wydarzenia\/sejm-przyjal-ustawe-zapewniajaca-500-zl-na-kazde-dziecko-do-18-roku-zycia\/#primaryimage","url":"https:\/\/marekkuchcinski.pl\/wp-content\/uploads\/2019\/04\/62434_564848326904827_554205125_n.jpg","contentUrl":"https:\/\/marekkuchcinski.pl\/wp-content\/uploads\/2019\/04\/62434_564848326904827_554205125_n.jpg","width":960,"height":640},{"@type":"BreadcrumbList","@id":"https:\/\/marekkuchcinski.pl\/wydarzenia\/sejm-przyjal-ustawe-zapewniajaca-500-zl-na-kazde-dziecko-do-18-roku-zycia\/#breadcrumb","itemListElement":[{"@type":"ListItem","position":1,"name":"Strona g\u0142\u00f3wna","item":"https:\/\/marekkuchcinski.pl\/"},{"@type":"ListItem","position":2,"name":"Sejm przyj\u0105\u0142 ustaw\u0119 zapewniaj\u0105c\u0105 500 z\u0142 na ka\u017cde dziecko do 18. roku \u017cycia"}]},{"@type":"WebSite","@id":"https:\/\/marekkuchcinski.pl\/#website","url":"https:\/\/marekkuchcinski.pl\/","name":"Marek Kuchci\u0144ski","description":"Pose\u0142 na sejm RP &ndash; okr\u0119g nr 22","publisher":{"@id":"https:\/\/marekkuchcinski.pl\/#organization"},"potentialAction":[{"@type":"SearchAction","target":{"@type":"EntryPoint","urlTemplate":"https:\/\/marekkuchcinski.pl\/?s={search_term_string}"},"query-input":{"@type":"PropertyValueSpecification","valueRequired":true,"valueName":"search_term_string"}}],"inLanguage":"cs"},{"@type":"Organization","@id":"https:\/\/marekkuchcinski.pl\/#organization","name":"Marek Kuchci\u0144ski","url":"https:\/\/marekkuchcinski.pl\/","logo":{"@type":"ImageObject","inLanguage":"cs","@id":"https:\/\/marekkuchcinski.pl\/#\/schema\/logo\/image\/","url":"https:\/\/marekkuchcinski.pl\/wp-content\/uploads\/2022\/09\/Marek.jpg","contentUrl":"https:\/\/marekkuchcinski.pl\/wp-content\/uploads\/2022\/09\/Marek.jpg","width":1600,"height":971,"caption":"Marek Kuchci\u0144ski"},"image":{"@id":"https:\/\/marekkuchcinski.pl\/#\/schema\/logo\/image\/"}},{"@type":"Person","@id":"https:\/\/marekkuchcinski.pl\/#\/schema\/person\/6f62700996b4d950b6ea2d1183b6c6be","name":"admin","image":{"@type":"ImageObject","inLanguage":"cs","@id":"https:\/\/marekkuchcinski.pl\/#\/schema\/person\/image\/","url":"https:\/\/secure.gravatar.com\/avatar\/4bab693b9d55c3d6b52c0296a8765085?s=96&d=mm&r=g","contentUrl":"https:\/\/secure.gravatar.com\/avatar\/4bab693b9d55c3d6b52c0296a8765085?s=96&d=mm&r=g","caption":"admin"},"url":"https:\/\/marekkuchcinski.pl\/cs\/author\/marta-olejnik\/"}]}},"_links":{"self":[{"href":"https:\/\/marekkuchcinski.pl\/cs\/wp-json\/wp\/v2\/posts\/15115","targetHints":{"allow":["GET"]}}],"collection":[{"href":"https:\/\/marekkuchcinski.pl\/cs\/wp-json\/wp\/v2\/posts"}],"about":[{"href":"https:\/\/marekkuchcinski.pl\/cs\/wp-json\/wp\/v2\/types\/post"}],"author":[{"embeddable":true,"href":"https:\/\/marekkuchcinski.pl\/cs\/wp-json\/wp\/v2\/users\/6"}],"replies":[{"embeddable":true,"href":"https:\/\/marekkuchcinski.pl\/cs\/wp-json\/wp\/v2\/comments?post=15115"}],"version-history":[{"count":2,"href":"https:\/\/marekkuchcinski.pl\/cs\/wp-json\/wp\/v2\/posts\/15115\/revisions"}],"predecessor-version":[{"id":15121,"href":"https:\/\/marekkuchcinski.pl\/cs\/wp-json\/wp\/v2\/posts\/15115\/revisions\/15121"}],"wp:featuredmedia":[{"embeddable":true,"href":"https:\/\/marekkuchcinski.pl\/cs\/wp-json\/wp\/v2\/media\/15122"}],"wp:attachment":[{"href":"https:\/\/marekkuchcinski.pl\/cs\/wp-json\/wp\/v2\/media?parent=15115"}],"wp:term":[{"taxonomy":"category","embeddable":true,"href":"https:\/\/marekkuchcinski.pl\/cs\/wp-json\/wp\/v2\/categories?post=15115"},{"taxonomy":"post_tag","embeddable":true,"href":"https:\/\/marekkuchcinski.pl\/cs\/wp-json\/wp\/v2\/tags?post=15115"}],"curies":[{"name":"wp","href":"https:\/\/api.w.org\/{rel}","templated":true}]}}