{"id":15036,"date":"2019-04-24T00:30:58","date_gmt":"2019-04-23T22:30:58","guid":{"rendered":"https:\/\/marekkuchcinski.pl\/?p=15036"},"modified":"2019-04-24T12:03:50","modified_gmt":"2019-04-24T10:03:50","slug":"sejm-zajmie-sie-rozszerzeniem-programu-500-plus-o-pierwsze-dziecko","status":"publish","type":"post","link":"https:\/\/marekkuchcinski.pl\/cs\/wydarzenia\/sejm-zajmie-sie-rozszerzeniem-programu-500-plus-o-pierwsze-dziecko\/","title":{"rendered":"Sejm roz\u0161\u00ed\u0159\u00ed program 500 plus o prvn\u00ed d\u00edt\u011b"},"content":{"rendered":"<p><strong>Na \u010dtvrte\u010dn\u00edm zased\u00e1n\u00ed Sejmu se poslanci budou skl\u00e1n\u011bt nad vl\u00e1dn\u00edm n\u00e1vrhem, kter\u00fd je sou\u010d\u00e1st\u00ed tzv. kaczy\u0144sk\u00e9ho p\u011btky, tedy 500 zlot\u00fdch poskytovan\u00fdch i na prvn\u00ed d\u00edt\u011b. <\/strong><\/p>\n\n\n\n<p>V d\u016fvodov\u00e9 zpr\u00e1v\u011b k z\u00e1konu se uv\u00e1d\u00ed, \u017ee rodinn\u00e1 politika je jednou z nejd\u016fle\u017eit\u011bj\u0161\u00edch oblast\u00ed\n\u010dinnosti sou\u010dasn\u00e9 vl\u00e1dy. Program Rodina 500 plus, kter\u00fd vstoupil v platnost 1.\nduben 2016, je prvn\u00edm programem od politick\u00e9 transformace, kter\u00e1 tak\njasn\u011b zd\u016fraz\u0148uje pot\u0159ebu investovat do rodiny, kter\u00e1 p\u0159edstavuje jej\u00ed skute\u010dnou sou\u010d\u00e1st.\npodporu. <\/p>\n\n\n\n<p>Rodina 500 plus zcela zm\u011bnila\noptiku pohledu na st\u00e1tn\u00ed podporu rodin a stala se bodem\nv debat\u011b o rodinn\u00e9 politice. D\u00edky programu a miliard\u00e1m\npen\u011b\u017en\u00ed p\u0159evody rodin\u00e1m, otev\u0159eli jsme rozvojov\u00e9 perspektivy pro rodiny s d\u011btmi.\nlid\u00e9, kte\u0159\u00ed byli d\u0159\u00edve odsunuti na okraj spole\u010dnosti. Navr\u00e1tili jsme jim d\u016fstojnost.\nPodpora rodin prost\u0159ednictv\u00edm n\u00e1stroj\u016f rodinn\u00e9 politiky je investic\u00ed do\nlidsk\u00fd kapit\u00e1l, na n\u011bm\u017e do zna\u010dn\u00e9 m\u00edry z\u00e1vis\u00ed zdrav\u00ed st\u00e1tu.<\/p>\n\n\n\n<p>Navrhovan\u00e1 zm\u011bna se bude t\u00fdkat v\u0161ech\nd\u011bti do 18 let. Zru\u0161uje proto ustanoven\u00ed t\u00fdkaj\u00edc\u00ed se v\u0161ech\np\u0159\u00edjmov\u00e9ho krit\u00e9ria pro n\u00e1rok na p\u0159\u00eddavek na d\u00edt\u011b. Pokryt\u00ed\nv\u0161echny d\u011bti s d\u00e1vkami z programu Rodina 500 plus se zv\u00fd\u0161\u00ed.\nv\u00fddaje ze st\u00e1tn\u00edho rozpo\u010dtu ve prosp\u011bch rodin na \u00farove\u0148 p\u0159ibli\u017en\u011b 4% HDP. To bude\nzv\u00fd\u0161en\u00ed pod\u00edlu v\u00fddaj\u016f na rodinnou politiku na HDP o 125% v pom\u011bru k HDP.\nna v\u00fddaje v roce 2015. <\/p>\n\n\n\n<p>V\u00fd\u0161e v\u00fddaj\u016f na rodinnou politiku \u0159ad\u00ed Polsko na \u0161pi\u010dku evropsk\u00fdch zem\u00ed a je d\u016fkazem, \u017ee podpora rodin je pro vl\u00e1du prioritou.<\/p>\n\n\n\n<figure class=\"wp-block-embed is-type-rich is-provider-marek-kuchcinski\"><div class=\"wp-block-embed__wrapper\">\n<blockquote class=\"wp-embedded-content\" data-secret=\"puFtU2lIlI\"><a href=\"https:\/\/marekkuchcinski.pl\/cs\/wydarzenia\/pis-skutecznie-pomaga-ludziom-i-ogranicza-biede-i-nierownosci\/\">Polsko je l\u00eddrem v oblasti vyrovn\u00e1v\u00e1n\u00ed \u017eivotn\u00ed \u00farovn\u011b. PiS \u00fa\u010dinn\u011b sni\u017euje rozd\u00edly mezi bohat\u00fdmi a chud\u00fdmi<\/a><\/blockquote><iframe class=\"wp-embedded-content\" sandbox=\"allow-scripts\" security=\"restricted\" style=\"position: absolute; clip: rect(1px, 1px, 1px, 1px);\" title=\"&quot;Polsko je l\u00eddrem v oblasti vyrovn\u00e1v\u00e1n\u00ed \u017eivotn\u00ed \u00farovn\u011b. PiS \u00fa\u010dinn\u011b sni\u017euje rozd\u00edly mezi chud\u00fdmi a bohat\u00fdmi&quot; - Marek Kuchci\u0144ski\" src=\"https:\/\/marekkuchcinski.pl\/wydarzenia\/pis-skutecznie-pomaga-ludziom-i-ogranicza-biede-i-nierownosci\/embed\/#?secret=puFtU2lIlI\" data-secret=\"puFtU2lIlI\" width=\"600\" height=\"338\" frameborder=\"0\" marginwidth=\"0\" marginheight=\"0\" scrolling=\"no\"><\/iframe>\n<\/div><\/figure>","protected":false},"excerpt":{"rendered":"<p>Na czwartkowym posiedzeniu Sejmu pos\u0142owie pochyl\u0105 si\u0119 nad rz\u0105dowym projektem, b\u0119d\u0105cym elementem tzw. Pi\u0105tki Kaczy\u0144skiego, czyli 500 z\u0142 przyznawanym r\u00f3wnie\u017c na pierwsze dziecko. W uzasadnieniu do ustawy czytamy, \u017ce polityka rodzinna to jeden z najwa\u017cniejszych obszar\u00f3w dzia\u0142ania obecnego Rz\u0105du. Program Rodzina 500 plus, kt\u00f3ry wszed\u0142 w \u017cycie 1 kwietnia 2016 r., to pierwszy od transformacji [&hellip;]<\/p>","protected":false},"author":6,"featured_media":15037,"comment_status":"open","ping_status":"open","sticky":false,"template":"","format":"standard","meta":{"ngg_post_thumbnail":0,"footnotes":""},"categories":[82,81,3],"tags":[],"class_list":["post-15036","post","type-post","status-publish","format-standard","has-post-thumbnail","hentry","category-prawo-i-sprawiedliwosc","category-wiesci-z-sejmu","category-wydarzenia"],"yoast_head":"<!-- This site is optimized with the Yoast SEO plugin v24.7 - https:\/\/yoast.com\/wordpress\/plugins\/seo\/ -->\n<title>Sejm zajmie si\u0119 rozszerzeniem programu 500 plus o pierwsze dziecko &#8211; Marek Kuchci\u0144ski<\/title>\n<meta name=\"robots\" content=\"index, follow, max-snippet:-1, max-image-preview:large, max-video-preview:-1\" \/>\n<link rel=\"canonical\" href=\"https:\/\/marekkuchcinski.pl\/cs\/wydarzenia\/sejm-zajmie-sie-rozszerzeniem-programu-500-plus-o-pierwsze-dziecko\/\" \/>\n<meta property=\"og:locale\" content=\"cs_CZ\" \/>\n<meta property=\"og:type\" content=\"article\" \/>\n<meta property=\"og:title\" content=\"Sejm zajmie si\u0119 rozszerzeniem programu 500 plus o pierwsze dziecko &#8211; Marek Kuchci\u0144ski\" \/>\n<meta property=\"og:description\" content=\"Na czwartkowym posiedzeniu Sejmu pos\u0142owie pochyl\u0105 si\u0119 nad rz\u0105dowym projektem, b\u0119d\u0105cym elementem tzw. Pi\u0105tki Kaczy\u0144skiego, czyli 500 z\u0142 przyznawanym r\u00f3wnie\u017c na pierwsze dziecko. W uzasadnieniu do ustawy czytamy, \u017ce polityka rodzinna to jeden z najwa\u017cniejszych obszar\u00f3w dzia\u0142ania obecnego Rz\u0105du. Program Rodzina 500 plus, kt\u00f3ry wszed\u0142 w \u017cycie 1 kwietnia 2016 r., to pierwszy od transformacji [&hellip;]\" \/>\n<meta property=\"og:url\" content=\"https:\/\/marekkuchcinski.pl\/cs\/wydarzenia\/sejm-zajmie-sie-rozszerzeniem-programu-500-plus-o-pierwsze-dziecko\/\" \/>\n<meta property=\"og:site_name\" content=\"Marek Kuchci\u0144ski\" \/>\n<meta property=\"article:published_time\" content=\"2019-04-23T22:30:58+00:00\" \/>\n<meta property=\"article:modified_time\" content=\"2019-04-24T10:03:50+00:00\" \/>\n<meta property=\"og:image\" content=\"https:\/\/marekkuchcinski.pl\/wp-content\/uploads\/2019\/04\/500.png\" \/>\n\t<meta property=\"og:image:width\" content=\"1200\" \/>\n\t<meta property=\"og:image:height\" content=\"630\" \/>\n\t<meta property=\"og:image:type\" content=\"image\/png\" \/>\n<meta name=\"author\" content=\"admin\" \/>\n<meta name=\"twitter:card\" content=\"summary_large_image\" \/>\n<meta name=\"twitter:label1\" content=\"Napsal(a)\" \/>\n\t<meta name=\"twitter:data1\" content=\"admin\" \/>\n\t<meta name=\"twitter:label2\" content=\"Odhadovan\u00e1 doba \u010dten\u00ed\" \/>\n\t<meta name=\"twitter:data2\" content=\"1 minuta\" \/>\n<script type=\"application\/ld+json\" class=\"yoast-schema-graph\">{\"@context\":\"https:\/\/schema.org\",\"@graph\":[{\"@type\":\"Article\",\"@id\":\"https:\/\/marekkuchcinski.pl\/ro\/wydarzenia\/sejm-zajmie-sie-rozszerzeniem-programu-500-plus-o-pierwsze-dziecko\/#article\",\"isPartOf\":{\"@id\":\"https:\/\/marekkuchcinski.pl\/ro\/wydarzenia\/sejm-zajmie-sie-rozszerzeniem-programu-500-plus-o-pierwsze-dziecko\/\"},\"author\":{\"name\":\"admin\",\"@id\":\"https:\/\/marekkuchcinski.pl\/#\/schema\/person\/6f62700996b4d950b6ea2d1183b6c6be\"},\"headline\":\"Sejm zajmie si\u0119 rozszerzeniem programu 500 plus o pierwsze dziecko\",\"datePublished\":\"2019-04-23T22:30:58+00:00\",\"dateModified\":\"2019-04-24T10:03:50+00:00\",\"mainEntityOfPage\":{\"@id\":\"https:\/\/marekkuchcinski.pl\/ro\/wydarzenia\/sejm-zajmie-sie-rozszerzeniem-programu-500-plus-o-pierwsze-dziecko\/\"},\"wordCount\":278,\"commentCount\":0,\"publisher\":{\"@id\":\"https:\/\/marekkuchcinski.pl\/#organization\"},\"image\":{\"@id\":\"https:\/\/marekkuchcinski.pl\/ro\/wydarzenia\/sejm-zajmie-sie-rozszerzeniem-programu-500-plus-o-pierwsze-dziecko\/#primaryimage\"},\"thumbnailUrl\":\"https:\/\/marekkuchcinski.pl\/wp-content\/uploads\/2019\/04\/500.png\",\"articleSection\":[\"Prawo i Sprawiedliwo\u015b\u0107\",\"Wie\u015bci z Sejmu\",\"Wydarzenia\"],\"inLanguage\":\"cs\",\"potentialAction\":[{\"@type\":\"CommentAction\",\"name\":\"Comment\",\"target\":[\"https:\/\/marekkuchcinski.pl\/ro\/wydarzenia\/sejm-zajmie-sie-rozszerzeniem-programu-500-plus-o-pierwsze-dziecko\/#respond\"]}]},{\"@type\":\"WebPage\",\"@id\":\"https:\/\/marekkuchcinski.pl\/ro\/wydarzenia\/sejm-zajmie-sie-rozszerzeniem-programu-500-plus-o-pierwsze-dziecko\/\",\"url\":\"https:\/\/marekkuchcinski.pl\/ro\/wydarzenia\/sejm-zajmie-sie-rozszerzeniem-programu-500-plus-o-pierwsze-dziecko\/\",\"name\":\"Sejm zajmie si\u0119 rozszerzeniem programu 500 plus o pierwsze dziecko &#8211; Marek Kuchci\u0144ski\",\"isPartOf\":{\"@id\":\"https:\/\/marekkuchcinski.pl\/#website\"},\"primaryImageOfPage\":{\"@id\":\"https:\/\/marekkuchcinski.pl\/ro\/wydarzenia\/sejm-zajmie-sie-rozszerzeniem-programu-500-plus-o-pierwsze-dziecko\/#primaryimage\"},\"image\":{\"@id\":\"https:\/\/marekkuchcinski.pl\/ro\/wydarzenia\/sejm-zajmie-sie-rozszerzeniem-programu-500-plus-o-pierwsze-dziecko\/#primaryimage\"},\"thumbnailUrl\":\"https:\/\/marekkuchcinski.pl\/wp-content\/uploads\/2019\/04\/500.png\",\"datePublished\":\"2019-04-23T22:30:58+00:00\",\"dateModified\":\"2019-04-24T10:03:50+00:00\",\"breadcrumb\":{\"@id\":\"https:\/\/marekkuchcinski.pl\/ro\/wydarzenia\/sejm-zajmie-sie-rozszerzeniem-programu-500-plus-o-pierwsze-dziecko\/#breadcrumb\"},\"inLanguage\":\"cs\",\"potentialAction\":[{\"@type\":\"ReadAction\",\"target\":[\"https:\/\/marekkuchcinski.pl\/ro\/wydarzenia\/sejm-zajmie-sie-rozszerzeniem-programu-500-plus-o-pierwsze-dziecko\/\"]}]},{\"@type\":\"ImageObject\",\"inLanguage\":\"cs\",\"@id\":\"https:\/\/marekkuchcinski.pl\/ro\/wydarzenia\/sejm-zajmie-sie-rozszerzeniem-programu-500-plus-o-pierwsze-dziecko\/#primaryimage\",\"url\":\"https:\/\/marekkuchcinski.pl\/wp-content\/uploads\/2019\/04\/500.png\",\"contentUrl\":\"https:\/\/marekkuchcinski.pl\/wp-content\/uploads\/2019\/04\/500.png\",\"width\":1200,\"height\":630},{\"@type\":\"BreadcrumbList\",\"@id\":\"https:\/\/marekkuchcinski.pl\/ro\/wydarzenia\/sejm-zajmie-sie-rozszerzeniem-programu-500-plus-o-pierwsze-dziecko\/#breadcrumb\",\"itemListElement\":[{\"@type\":\"ListItem\",\"position\":1,\"name\":\"Strona g\u0142\u00f3wna\",\"item\":\"https:\/\/marekkuchcinski.pl\/\"},{\"@type\":\"ListItem\",\"position\":2,\"name\":\"Sejm zajmie si\u0119 rozszerzeniem programu 500 plus o pierwsze dziecko\"}]},{\"@type\":\"WebSite\",\"@id\":\"https:\/\/marekkuchcinski.pl\/#website\",\"url\":\"https:\/\/marekkuchcinski.pl\/\",\"name\":\"Marek Kuchci\u0144ski\",\"description\":\"Pose\u0142 na sejm RP &ndash; okr\u0119g nr 22\",\"publisher\":{\"@id\":\"https:\/\/marekkuchcinski.pl\/#organization\"},\"potentialAction\":[{\"@type\":\"SearchAction\",\"target\":{\"@type\":\"EntryPoint\",\"urlTemplate\":\"https:\/\/marekkuchcinski.pl\/?s={search_term_string}\"},\"query-input\":{\"@type\":\"PropertyValueSpecification\",\"valueRequired\":true,\"valueName\":\"search_term_string\"}}],\"inLanguage\":\"cs\"},{\"@type\":\"Organization\",\"@id\":\"https:\/\/marekkuchcinski.pl\/#organization\",\"name\":\"Marek Kuchci\u0144ski\",\"url\":\"https:\/\/marekkuchcinski.pl\/\",\"logo\":{\"@type\":\"ImageObject\",\"inLanguage\":\"cs\",\"@id\":\"https:\/\/marekkuchcinski.pl\/#\/schema\/logo\/image\/\",\"url\":\"https:\/\/marekkuchcinski.pl\/wp-content\/uploads\/2022\/09\/Marek.jpg\",\"contentUrl\":\"https:\/\/marekkuchcinski.pl\/wp-content\/uploads\/2022\/09\/Marek.jpg\",\"width\":1600,\"height\":971,\"caption\":\"Marek Kuchci\u0144ski\"},\"image\":{\"@id\":\"https:\/\/marekkuchcinski.pl\/#\/schema\/logo\/image\/\"}},{\"@type\":\"Person\",\"@id\":\"https:\/\/marekkuchcinski.pl\/#\/schema\/person\/6f62700996b4d950b6ea2d1183b6c6be\",\"name\":\"admin\",\"image\":{\"@type\":\"ImageObject\",\"inLanguage\":\"cs\",\"@id\":\"https:\/\/marekkuchcinski.pl\/#\/schema\/person\/image\/\",\"url\":\"https:\/\/secure.gravatar.com\/avatar\/4bab693b9d55c3d6b52c0296a8765085?s=96&d=mm&r=g\",\"contentUrl\":\"https:\/\/secure.gravatar.com\/avatar\/4bab693b9d55c3d6b52c0296a8765085?s=96&d=mm&r=g\",\"caption\":\"admin\"},\"url\":\"https:\/\/marekkuchcinski.pl\/cs\/author\/marta-olejnik\/\"}]}<\/script>\n<!-- \/ Yoast SEO plugin. -->","yoast_head_json":{"title":"Sejm zajmie si\u0119 rozszerzeniem programu 500 plus o pierwsze dziecko &#8211; Marek Kuchci\u0144ski","robots":{"index":"index","follow":"follow","max-snippet":"max-snippet:-1","max-image-preview":"max-image-preview:large","max-video-preview":"max-video-preview:-1"},"canonical":"https:\/\/marekkuchcinski.pl\/cs\/wydarzenia\/sejm-zajmie-sie-rozszerzeniem-programu-500-plus-o-pierwsze-dziecko\/","og_locale":"cs_CZ","og_type":"article","og_title":"Sejm zajmie si\u0119 rozszerzeniem programu 500 plus o pierwsze dziecko &#8211; Marek Kuchci\u0144ski","og_description":"Na czwartkowym posiedzeniu Sejmu pos\u0142owie pochyl\u0105 si\u0119 nad rz\u0105dowym projektem, b\u0119d\u0105cym elementem tzw. Pi\u0105tki Kaczy\u0144skiego, czyli 500 z\u0142 przyznawanym r\u00f3wnie\u017c na pierwsze dziecko. W uzasadnieniu do ustawy czytamy, \u017ce polityka rodzinna to jeden z najwa\u017cniejszych obszar\u00f3w dzia\u0142ania obecnego Rz\u0105du. Program Rodzina 500 plus, kt\u00f3ry wszed\u0142 w \u017cycie 1 kwietnia 2016 r., to pierwszy od transformacji [&hellip;]","og_url":"https:\/\/marekkuchcinski.pl\/cs\/wydarzenia\/sejm-zajmie-sie-rozszerzeniem-programu-500-plus-o-pierwsze-dziecko\/","og_site_name":"Marek Kuchci\u0144ski","article_published_time":"2019-04-23T22:30:58+00:00","article_modified_time":"2019-04-24T10:03:50+00:00","og_image":[{"width":1200,"height":630,"url":"https:\/\/marekkuchcinski.pl\/wp-content\/uploads\/2019\/04\/500.png","type":"image\/png"}],"author":"admin","twitter_card":"summary_large_image","twitter_misc":{"Napsal(a)":"admin","Odhadovan\u00e1 doba \u010dten\u00ed":"1 minuta"},"schema":{"@context":"https:\/\/schema.org","@graph":[{"@type":"Article","@id":"https:\/\/marekkuchcinski.pl\/ro\/wydarzenia\/sejm-zajmie-sie-rozszerzeniem-programu-500-plus-o-pierwsze-dziecko\/#article","isPartOf":{"@id":"https:\/\/marekkuchcinski.pl\/ro\/wydarzenia\/sejm-zajmie-sie-rozszerzeniem-programu-500-plus-o-pierwsze-dziecko\/"},"author":{"name":"admin","@id":"https:\/\/marekkuchcinski.pl\/#\/schema\/person\/6f62700996b4d950b6ea2d1183b6c6be"},"headline":"Sejm zajmie si\u0119 rozszerzeniem programu 500 plus o pierwsze dziecko","datePublished":"2019-04-23T22:30:58+00:00","dateModified":"2019-04-24T10:03:50+00:00","mainEntityOfPage":{"@id":"https:\/\/marekkuchcinski.pl\/ro\/wydarzenia\/sejm-zajmie-sie-rozszerzeniem-programu-500-plus-o-pierwsze-dziecko\/"},"wordCount":278,"commentCount":0,"publisher":{"@id":"https:\/\/marekkuchcinski.pl\/#organization"},"image":{"@id":"https:\/\/marekkuchcinski.pl\/ro\/wydarzenia\/sejm-zajmie-sie-rozszerzeniem-programu-500-plus-o-pierwsze-dziecko\/#primaryimage"},"thumbnailUrl":"https:\/\/marekkuchcinski.pl\/wp-content\/uploads\/2019\/04\/500.png","articleSection":["Prawo i Sprawiedliwo\u015b\u0107","Wie\u015bci z Sejmu","Wydarzenia"],"inLanguage":"cs","potentialAction":[{"@type":"CommentAction","name":"Comment","target":["https:\/\/marekkuchcinski.pl\/ro\/wydarzenia\/sejm-zajmie-sie-rozszerzeniem-programu-500-plus-o-pierwsze-dziecko\/#respond"]}]},{"@type":"WebPage","@id":"https:\/\/marekkuchcinski.pl\/ro\/wydarzenia\/sejm-zajmie-sie-rozszerzeniem-programu-500-plus-o-pierwsze-dziecko\/","url":"https:\/\/marekkuchcinski.pl\/ro\/wydarzenia\/sejm-zajmie-sie-rozszerzeniem-programu-500-plus-o-pierwsze-dziecko\/","name":"Sejm zajmie si\u0119 rozszerzeniem programu 500 plus o pierwsze dziecko &#8211; Marek Kuchci\u0144ski","isPartOf":{"@id":"https:\/\/marekkuchcinski.pl\/#website"},"primaryImageOfPage":{"@id":"https:\/\/marekkuchcinski.pl\/ro\/wydarzenia\/sejm-zajmie-sie-rozszerzeniem-programu-500-plus-o-pierwsze-dziecko\/#primaryimage"},"image":{"@id":"https:\/\/marekkuchcinski.pl\/ro\/wydarzenia\/sejm-zajmie-sie-rozszerzeniem-programu-500-plus-o-pierwsze-dziecko\/#primaryimage"},"thumbnailUrl":"https:\/\/marekkuchcinski.pl\/wp-content\/uploads\/2019\/04\/500.png","datePublished":"2019-04-23T22:30:58+00:00","dateModified":"2019-04-24T10:03:50+00:00","breadcrumb":{"@id":"https:\/\/marekkuchcinski.pl\/ro\/wydarzenia\/sejm-zajmie-sie-rozszerzeniem-programu-500-plus-o-pierwsze-dziecko\/#breadcrumb"},"inLanguage":"cs","potentialAction":[{"@type":"ReadAction","target":["https:\/\/marekkuchcinski.pl\/ro\/wydarzenia\/sejm-zajmie-sie-rozszerzeniem-programu-500-plus-o-pierwsze-dziecko\/"]}]},{"@type":"ImageObject","inLanguage":"cs","@id":"https:\/\/marekkuchcinski.pl\/ro\/wydarzenia\/sejm-zajmie-sie-rozszerzeniem-programu-500-plus-o-pierwsze-dziecko\/#primaryimage","url":"https:\/\/marekkuchcinski.pl\/wp-content\/uploads\/2019\/04\/500.png","contentUrl":"https:\/\/marekkuchcinski.pl\/wp-content\/uploads\/2019\/04\/500.png","width":1200,"height":630},{"@type":"BreadcrumbList","@id":"https:\/\/marekkuchcinski.pl\/ro\/wydarzenia\/sejm-zajmie-sie-rozszerzeniem-programu-500-plus-o-pierwsze-dziecko\/#breadcrumb","itemListElement":[{"@type":"ListItem","position":1,"name":"Strona g\u0142\u00f3wna","item":"https:\/\/marekkuchcinski.pl\/"},{"@type":"ListItem","position":2,"name":"Sejm zajmie si\u0119 rozszerzeniem programu 500 plus o pierwsze dziecko"}]},{"@type":"WebSite","@id":"https:\/\/marekkuchcinski.pl\/#website","url":"https:\/\/marekkuchcinski.pl\/","name":"Marek Kuchci\u0144ski","description":"Pose\u0142 na sejm RP &ndash; okr\u0119g nr 22","publisher":{"@id":"https:\/\/marekkuchcinski.pl\/#organization"},"potentialAction":[{"@type":"SearchAction","target":{"@type":"EntryPoint","urlTemplate":"https:\/\/marekkuchcinski.pl\/?s={search_term_string}"},"query-input":{"@type":"PropertyValueSpecification","valueRequired":true,"valueName":"search_term_string"}}],"inLanguage":"cs"},{"@type":"Organization","@id":"https:\/\/marekkuchcinski.pl\/#organization","name":"Marek Kuchci\u0144ski","url":"https:\/\/marekkuchcinski.pl\/","logo":{"@type":"ImageObject","inLanguage":"cs","@id":"https:\/\/marekkuchcinski.pl\/#\/schema\/logo\/image\/","url":"https:\/\/marekkuchcinski.pl\/wp-content\/uploads\/2022\/09\/Marek.jpg","contentUrl":"https:\/\/marekkuchcinski.pl\/wp-content\/uploads\/2022\/09\/Marek.jpg","width":1600,"height":971,"caption":"Marek Kuchci\u0144ski"},"image":{"@id":"https:\/\/marekkuchcinski.pl\/#\/schema\/logo\/image\/"}},{"@type":"Person","@id":"https:\/\/marekkuchcinski.pl\/#\/schema\/person\/6f62700996b4d950b6ea2d1183b6c6be","name":"admin","image":{"@type":"ImageObject","inLanguage":"cs","@id":"https:\/\/marekkuchcinski.pl\/#\/schema\/person\/image\/","url":"https:\/\/secure.gravatar.com\/avatar\/4bab693b9d55c3d6b52c0296a8765085?s=96&d=mm&r=g","contentUrl":"https:\/\/secure.gravatar.com\/avatar\/4bab693b9d55c3d6b52c0296a8765085?s=96&d=mm&r=g","caption":"admin"},"url":"https:\/\/marekkuchcinski.pl\/cs\/author\/marta-olejnik\/"}]}},"_links":{"self":[{"href":"https:\/\/marekkuchcinski.pl\/cs\/wp-json\/wp\/v2\/posts\/15036","targetHints":{"allow":["GET"]}}],"collection":[{"href":"https:\/\/marekkuchcinski.pl\/cs\/wp-json\/wp\/v2\/posts"}],"about":[{"href":"https:\/\/marekkuchcinski.pl\/cs\/wp-json\/wp\/v2\/types\/post"}],"author":[{"embeddable":true,"href":"https:\/\/marekkuchcinski.pl\/cs\/wp-json\/wp\/v2\/users\/6"}],"replies":[{"embeddable":true,"href":"https:\/\/marekkuchcinski.pl\/cs\/wp-json\/wp\/v2\/comments?post=15036"}],"version-history":[{"count":4,"href":"https:\/\/marekkuchcinski.pl\/cs\/wp-json\/wp\/v2\/posts\/15036\/revisions"}],"predecessor-version":[{"id":15043,"href":"https:\/\/marekkuchcinski.pl\/cs\/wp-json\/wp\/v2\/posts\/15036\/revisions\/15043"}],"wp:featuredmedia":[{"embeddable":true,"href":"https:\/\/marekkuchcinski.pl\/cs\/wp-json\/wp\/v2\/media\/15037"}],"wp:attachment":[{"href":"https:\/\/marekkuchcinski.pl\/cs\/wp-json\/wp\/v2\/media?parent=15036"}],"wp:term":[{"taxonomy":"category","embeddable":true,"href":"https:\/\/marekkuchcinski.pl\/cs\/wp-json\/wp\/v2\/categories?post=15036"},{"taxonomy":"post_tag","embeddable":true,"href":"https:\/\/marekkuchcinski.pl\/cs\/wp-json\/wp\/v2\/tags?post=15036"}],"curies":[{"name":"wp","href":"https:\/\/api.w.org\/{rel}","templated":true}]}}