{"id":15027,"date":"2019-04-23T12:51:44","date_gmt":"2019-04-23T10:51:44","guid":{"rendered":"https:\/\/marekkuchcinski.pl\/?p=15027"},"modified":"2019-04-23T15:51:53","modified_gmt":"2019-04-23T13:51:53","slug":"program-leki-75-plus-zwiekszyl-dostep-osob-starszych-do-farmakoterapii-i-zmniejszyl-ich-wydatki","status":"publish","type":"post","link":"https:\/\/marekkuchcinski.pl\/cs\/wydarzenia\/program-leki-75-plus-zwiekszyl-dostep-osob-starszych-do-farmakoterapii-i-zmniejszyl-ich-wydatki\/","title":{"rendered":"Program L\u00e9ky 75 plus zv\u00fd\u0161il p\u0159\u00edstup star\u0161\u00edch lid\u00ed k farmakoterapii a sn\u00ed\u017eil jejich v\u00fddaje."},"content":{"rendered":"<p class=\"wp-block-paragraph\"><strong>Nejvy\u0161\u0161\u00ed kontroln\u00ed \u00fa\u0159ad hodnot\u00ed, \u017ee program L\u00e9\u010diva 75+ zlep\u0161il p\u0159\u00edstup k<br>senior\u016f k l\u00e9\u010div\u00fdm p\u0159\u00edpravk\u016fm. Podle prezidenta NIK Krzysztofa Kwiatkowsk\u00e9ho se v rozpo\u010dtech dom\u00e1cnost\u00ed senior\u016f sn\u00ed\u017eily v\u00fddaje na l\u00e9ky.<\/strong><br> <br> Zji\u0161t\u011bn\u00ed auditor\u016f mimo jin\u00e9 ukazuj\u00ed, \u017ee \u010d\u00e1st n\u00e1klad\u016f na<br> vynalo\u017een\u00e9 na l\u00e9ky z\u016fstaly v kaps\u00e1ch senior\u016f. \"Nap\u0159\u00edklad<br> Na konci roku 2017 \u010dinily celkov\u00e9 \u00faspory na n\u00e1rodn\u00ed \u00farovni t\u00e9m\u011b\u0159 490 %.<br> milion\u016f,\" zd\u016fraznil Krzysztof Kwiatkowski.<br> <br>C\u00edlem programu Medicines 75 plus, kter\u00fd byl zaveden 1. z\u00e1\u0159\u00ed 2016. Program Medicines 75 plus m\u011bl zlep\u0161it p\u0159\u00edstup star\u0161\u00edch lid\u00ed k farmakoterapii. Program zahrnoval<br>poskytov\u00e1n\u00ed bezplatn\u00e9ho p\u0159\u00edstupu osob\u00e1m star\u0161\u00edm 75 let.<br>na l\u00e9\u010diva, potraviny pro zvl\u00e1\u0161tn\u00ed v\u00fd\u017eivu<br>a zdravotnick\u00e9 prost\u0159edky. Ministr zdravotnictv\u00ed byl povinen ka\u017ed\u00e9 dva m\u011bs\u00edce zve\u0159ejnit seznam bezplatn\u00fdch produkt\u016f pro seniory.<\/p>\n\n\n\n<p class=\"has-text-color has-vivid-cyan-blue-color wp-block-paragraph\"> <br><strong>\u00dadaje Ministerstva zdravotnictv\u00ed o programu L\u00e9ky 75 plus v roce 2018:<\/strong><\/p>\n\n\n\n<ul class=\"wp-block-list\"><li><strong>2,4 milionu&nbsp;<\/strong>senio\u0159i, kte\u0159\u00ed vyu\u017eili bezplatn\u00e9\nl\u00e9ky<\/li><li><strong>693,3 milionu PLN<\/strong>&nbsp;pro realizaci projektu v&nbsp;<strong>2018<\/strong>&nbsp;rok<\/li><li><strong>40 milion\u016f&nbsp;<\/strong>bezplatn\u00e9 balen\u00ed l\u00e9k\u016f pro seniory<\/li><li><strong>21<\/strong>&nbsp;<strong>milion<\/strong>&nbsp;dokon\u010den\u00fdch recept\u016f s k\u00f3dem n\u00e1roku\n\"S\"<\/li><li><strong>2043 polo\u017eek<\/strong>&nbsp;na seznamu 75 a v\u00edce l\u00e9k\u016f<\/li><\/ul>\n\n\n\n<p class=\"wp-block-paragraph\">Ministerstvo zdravotnictv\u00ed p\u0159ipravuje dal\u0161\u00ed zm\u011bnu z\u00e1kona, kter\u00e1 umo\u017en\u00ed vyu\u017e\u00edvat bezplatn\u00e9 l\u00e9ky je\u0161t\u011b v\u00edce senior\u016fm star\u0161\u00edm 75 let. Specialist\u00e9 budou moci vystavovat recepty na voln\u011b prodejn\u00e9 l\u00e9ky, ale pouze v elektronick\u00e9 podob\u011b, \u010d\u00edm\u017e odpadne nutnost potvrzovat je u praktick\u00e9ho l\u00e9ka\u0159e (\u00faspora jedn\u00e9 n\u00e1v\u0161t\u011bvy). <\/p>","protected":false},"excerpt":{"rendered":"<p>Najwy\u017csza Izba Kontroli ocenia, \u017ce program Leki 75+ poprawi\u0142 dost\u0119psenior\u00f3w do produkt\u00f3w leczniczych. W bud\u017cetach domowych os\u00f3b starszych zauwa\u017cono spadek wydatk\u00f3w na leki \u2013 powiedzia\u0142 prezes NIK Krzysztof Kwiatkowski. Ustalenia kontroler\u00f3w pokazuj\u0105 mi\u0119dzy innymi, \u017ce cz\u0119\u015b\u0107 koszt\u00f3w przeznaczanych na leki zostawa\u0142a w kieszeniach senior\u00f3w. \u201eNa przyk\u0142ad na koniec 2017 roku suma oszcz\u0119dno\u015bci w skali kraju [&hellip;]<\/p>\n","protected":false},"author":6,"featured_media":15031,"comment_status":"open","ping_status":"open","sticky":false,"template":"","format":"standard","meta":{"ngg_post_thumbnail":0,"footnotes":""},"categories":[82,3],"tags":[],"class_list":["post-15027","post","type-post","status-publish","format-standard","has-post-thumbnail","hentry","category-prawo-i-sprawiedliwosc","category-wydarzenia"],"_links":{"self":[{"href":"https:\/\/marekkuchcinski.pl\/cs\/wp-json\/wp\/v2\/posts\/15027","targetHints":{"allow":["GET"]}}],"collection":[{"href":"https:\/\/marekkuchcinski.pl\/cs\/wp-json\/wp\/v2\/posts"}],"about":[{"href":"https:\/\/marekkuchcinski.pl\/cs\/wp-json\/wp\/v2\/types\/post"}],"author":[{"embeddable":true,"href":"https:\/\/marekkuchcinski.pl\/cs\/wp-json\/wp\/v2\/users\/6"}],"replies":[{"embeddable":true,"href":"https:\/\/marekkuchcinski.pl\/cs\/wp-json\/wp\/v2\/comments?post=15027"}],"version-history":[{"count":6,"href":"https:\/\/marekkuchcinski.pl\/cs\/wp-json\/wp\/v2\/posts\/15027\/revisions"}],"predecessor-version":[{"id":15035,"href":"https:\/\/marekkuchcinski.pl\/cs\/wp-json\/wp\/v2\/posts\/15027\/revisions\/15035"}],"wp:featuredmedia":[{"embeddable":true,"href":"https:\/\/marekkuchcinski.pl\/cs\/wp-json\/wp\/v2\/media\/15031"}],"wp:attachment":[{"href":"https:\/\/marekkuchcinski.pl\/cs\/wp-json\/wp\/v2\/media?parent=15027"}],"wp:term":[{"taxonomy":"category","embeddable":true,"href":"https:\/\/marekkuchcinski.pl\/cs\/wp-json\/wp\/v2\/categories?post=15027"},{"taxonomy":"post_tag","embeddable":true,"href":"https:\/\/marekkuchcinski.pl\/cs\/wp-json\/wp\/v2\/tags?post=15027"}],"curies":[{"name":"wp","href":"https:\/\/api.w.org\/{rel}","templated":true}]}}