{"id":15007,"date":"2019-04-21T22:12:30","date_gmt":"2019-04-21T20:12:30","guid":{"rendered":"https:\/\/marekkuchcinski.pl\/?p=15007"},"modified":"2019-04-21T22:12:31","modified_gmt":"2019-04-21T20:12:31","slug":"marszalek-sejmu-zdecydowanie-potepiam-zamachy-na-sri-lance-to-atak-w-dniu-gdy-triumfowac-ma-zycie-nie-smierc","status":"publish","type":"post","link":"https:\/\/marekkuchcinski.pl\/cs\/wydarzenia\/marszalek-sejmu-zdecydowanie-potepiam-zamachy-na-sri-lance-to-atak-w-dniu-gdy-triumfowac-ma-zycie-nie-smierc\/","title":{"rendered":"P\u0159edseda Sejmu: D\u016frazn\u011b odsuzuji \u00fatoky na Sr\u00ed Lance. Je to \u00fatok na den, kdy by m\u011bl zv\u00edt\u011bzit \u017eivot, ne smrt."},"content":{"rendered":"<p class=\"wp-block-paragraph\">D\u016frazn\u011b odsuzuji \u00fatoky na Sr\u00ed Lance - \u0159ekl p\u0159edseda parlamentu\nSejm Marek Kuchci\u0144ski po teroristick\u00fdch \u00fatoc\u00edch, kter\u00e9 se odehr\u00e1ly v tomto roce.\nzem\u011b. <\/p>\n\n\n\n<p class=\"wp-block-paragraph\">Po\u010det ob\u011bt\u00ed je neust\u00e1le ov\u011b\u0159ov\u00e1n \u00fa\u0159ady a\nji\u017e p\u0159es\u00e1hl 200 osob. Kdy\u017e Pol\u00e1ci zasedli k velikono\u010dn\u00ed sn\u00eddani a slavili.\nZat\u00edmco Pol\u00e1ci zasedli k velikono\u010dn\u00ed sn\u00eddani, aby oslavili Kristovo zmrtv\u00fdchvst\u00e1n\u00ed, stovky rodin na Sr\u00ed Lance si zoufaly nad stra\u0161livou ztr\u00e1tou.\nstra\u0161n\u00e1 ztr\u00e1ta. Terorist\u00e9 za\u00fato\u010dili na \u00fa\u010dastn\u00edky m\u0161e\nlid\u00ed, kte\u0159\u00ed se \u00fa\u010dastn\u00ed m\u0161e. Bomby vybuchovaly tak\u00e9 v hotel\u00edch a ter\u010dem \u00fatok\u016f se st\u00e1vali k\u0159es\u0165an\u00e9.<\/p>\n\n\n\n<p class=\"wp-block-paragraph\">- Tyto ud\u00e1losti n\u00e1m nemohou b\u00fdt lhostejn\u00e9. Jedn\u00e1 se o \u00fatok na nevinn\u00e9 lidi, jejich\u017e jedinou vinou bylo jejich n\u00e1bo\u017eenstv\u00ed. Je to \u00fatok na den, kdy by m\u011bl zv\u00edt\u011bzit \u017eivot, a ne smrt. Vyjad\u0159uji up\u0159\u00edmnou soustrast v\u0161em rodin\u00e1m ob\u011bt\u00ed, mezi nimi\u017e byli nejen ob\u010dan\u00e9 Sr\u00ed Lanky, ale i dal\u0161\u00edch zem\u00ed,\" dod\u00e1v\u00e1 mar\u0161\u00e1l Kuchci\u0144ski. Nejedn\u00e1 se o prvn\u00ed ani jedin\u00fd \u00fatok nam\u00ed\u0159en\u00fd proti k\u0159es\u0165an\u016fm. V b\u0159eznu katolick\u00e1 tiskov\u00e1 agentura bila na poplach kv\u016fli situaci v Nig\u00e9rii. Od \u00fanora zem\u0159elo v t\u00e9to zemi rukou muslimsk\u00fdch ozbrojenc\u016f v\u00edce ne\u017e 120 k\u0159es\u0165an\u016f. V Africe a Asii ho\u0159\u00ed kostely. Rozsah n\u00e1sil\u00ed a pron\u00e1sledov\u00e1n\u00ed je alarmuj\u00edc\u00ed.<\/p>\n\n\n\n<p class=\"wp-block-paragraph\"><em>Marta Olejnik<\/em><\/p>\n\n\n\n<figure class=\"wp-block-image\"><img fetchpriority=\"high\" decoding=\"async\" width=\"1024\" height=\"637\" src=\"https:\/\/marekkuchcinski.pl\/wp-content\/uploads\/2019\/04\/Gro\u0301b-3-1-1024x637.jpg\" alt=\"\" class=\"wp-image-15024\" srcset=\"https:\/\/marekkuchcinski.pl\/wp-content\/uploads\/2019\/04\/Gro\u0301b-3-1-1024x637.jpg 1024w, https:\/\/marekkuchcinski.pl\/wp-content\/uploads\/2019\/04\/Gro\u0301b-3-1-300x187.jpg 300w, https:\/\/marekkuchcinski.pl\/wp-content\/uploads\/2019\/04\/Gro\u0301b-3-1-768x478.jpg 768w, https:\/\/marekkuchcinski.pl\/wp-content\/uploads\/2019\/04\/Gro\u0301b-3-1.jpg 2048w\" sizes=\"(max-width: 1024px) 100vw, 1024px\" \/><figcaption><em>Velikonoce 2019, kostel Panny Marie Matky c\u00edrkve ve Var\u0161av\u011b, foto mo<\/em><\/figcaption><\/figure>","protected":false},"excerpt":{"rendered":"<p>Zdecydowanie pot\u0119piam ataki na Sri Lance &#8211; o\u015bwiadczy\u0142 marsza\u0142ek Sejmu Marek Kuchci\u0144ski po zamachach terrorystycznych, jakie mia\u0142y miejsce w tym kraju. Liczba ofiar jest stale weryfikowana przez w\u0142adze i przekroczy\u0142a ju\u017c 200 os\u00f3b. Gdy Polacy siadali do wielkanocnych \u015bniada\u0144, czcz\u0105c zmartwychwstanie Chrystusa, setki rodzin na Sri Lance prze\u017cywa\u0142y rozpacz po straszliwej stracie. Terrory\u015bci zaatakowali uczestnicz\u0105cych [&hellip;]<\/p>\n","protected":false},"author":6,"featured_media":15020,"comment_status":"open","ping_status":"open","sticky":false,"template":"","format":"standard","meta":{"ngg_post_thumbnail":0,"footnotes":""},"categories":[3],"tags":[],"class_list":["post-15007","post","type-post","status-publish","format-standard","has-post-thumbnail","hentry","category-wydarzenia"],"_links":{"self":[{"href":"https:\/\/marekkuchcinski.pl\/cs\/wp-json\/wp\/v2\/posts\/15007","targetHints":{"allow":["GET"]}}],"collection":[{"href":"https:\/\/marekkuchcinski.pl\/cs\/wp-json\/wp\/v2\/posts"}],"about":[{"href":"https:\/\/marekkuchcinski.pl\/cs\/wp-json\/wp\/v2\/types\/post"}],"author":[{"embeddable":true,"href":"https:\/\/marekkuchcinski.pl\/cs\/wp-json\/wp\/v2\/users\/6"}],"replies":[{"embeddable":true,"href":"https:\/\/marekkuchcinski.pl\/cs\/wp-json\/wp\/v2\/comments?post=15007"}],"version-history":[{"count":8,"href":"https:\/\/marekkuchcinski.pl\/cs\/wp-json\/wp\/v2\/posts\/15007\/revisions"}],"predecessor-version":[{"id":15025,"href":"https:\/\/marekkuchcinski.pl\/cs\/wp-json\/wp\/v2\/posts\/15007\/revisions\/15025"}],"wp:featuredmedia":[{"embeddable":true,"href":"https:\/\/marekkuchcinski.pl\/cs\/wp-json\/wp\/v2\/media\/15020"}],"wp:attachment":[{"href":"https:\/\/marekkuchcinski.pl\/cs\/wp-json\/wp\/v2\/media?parent=15007"}],"wp:term":[{"taxonomy":"category","embeddable":true,"href":"https:\/\/marekkuchcinski.pl\/cs\/wp-json\/wp\/v2\/categories?post=15007"},{"taxonomy":"post_tag","embeddable":true,"href":"https:\/\/marekkuchcinski.pl\/cs\/wp-json\/wp\/v2\/tags?post=15007"}],"curies":[{"name":"wp","href":"https:\/\/api.w.org\/{rel}","templated":true}]}}