{"id":15003,"date":"2019-04-15T20:18:38","date_gmt":"2019-04-15T18:18:38","guid":{"rendered":"https:\/\/marekkuchcinski.pl\/?p=15003"},"modified":"2019-04-21T20:21:26","modified_gmt":"2019-04-21T18:21:26","slug":"sto-lat-temu-urodzil-sie-wojciech-bogumil-jastrzebowski-tworca-konstytucji-dla-europy","status":"publish","type":"post","link":"https:\/\/marekkuchcinski.pl\/cs\/wazne-daty\/sto-lat-temu-urodzil-sie-wojciech-bogumil-jastrzebowski-tworca-konstytucji-dla-europy\/","title":{"rendered":"P\u0159ed sto lety se narodil Wojciech Bogumi\u0142 Jastrz\u0119bowski, autor \u00dastavy pro Evropu."},"content":{"rendered":"<p class=\"wp-block-paragraph\">15. dubna 1819 se narodil Wojciech Bogumi\u0142 Jastrz\u0119bowski, autor dokumentu z 3. kv\u011btna 1831: \"Wolne chwilerza \u017co\u0142nierza polskiego, czyli my\u015bli o wiecznym pokoju mi\u0119dzy narodami ucywilizowanych\". Jej\u00ed podstatnou sou\u010d\u00e1st\u00ed byla \u00dastava pro Evropu. Jastrz\u0119bowski ve sv\u00e9m pojedn\u00e1n\u00ed psal o Evrop\u011b, kter\u00e1 m\u011bla b\u00fdt federac\u00ed n\u00e1rod\u016f hovo\u0159\u00edc\u00edch r\u016fzn\u00fdmi jazyky, ale podl\u00e9haj\u00edc\u00edch stejn\u00fdm obecn\u00fdm politick\u00fdm z\u00e1sad\u00e1m. Pro Jastrz\u0119bowsk\u00e9ho, tehdy mlad\u00e9ho u\u010dence a \u00fa\u010dastn\u00edka listopadov\u00e9ho povst\u00e1n\u00ed, bylo d\u016fle\u017eit\u00e9 zachovat n\u00e1rodn\u00ed rozd\u00edly. Psal o sjednocen\u00ed jako o \u0161anci na m\u00edr. Jeho vize byla z\u010d\u00e1sti utopick\u00e1 a je obt\u00ed\u017en\u00e9 ji dnes bez obalu p\u0159edlo\u017eit jako t\u00e9ma k diskusi o budoucnosti modern\u00edho sv\u011bta. Je v\u0161ak z\u0159ejm\u00e9, \u017ee i b\u011bhem boje za nez\u00e1vislost v 19. stolet\u00ed mysleli Pol\u00e1ci na \u0161ir\u0161\u00ed dobro, na budoucnost kontinentu, a ne jen na sv\u00e9 vlastn\u00ed oblasti, kter\u00e9 byly v krvav\u00fdch boj\u00edch odtr\u017eeny od z\u00e1bor\u016f.<\/p>\n\n\n\n<p class=\"wp-block-paragraph\">Nemus\u00edme tedy pou\u017e\u00edvat pouze historick\u00e9 p\u0159\u00edklady uv\u00e1d\u011bn\u00e9 z\u00e1padoevropsk\u00fdmi zem\u011bmi, kter\u00e9 se \u010dasto sna\u017e\u00ed zav\u00e9st narativ, kter\u00fd omezuje hlas diskutuj\u00edc\u00edch a p\u0159ipom\u00edn\u00e1, \u017ee n\u00e1klonnost k vlastn\u00edmu n\u00e1rodu, tradic\u00edm, odli\u0161nostem je po stalet\u00ed \u017ehav\u00fdm t\u00e9matem.<\/p>","protected":false},"excerpt":{"rendered":"<p>15 kwietnia 1819 r. urodzi\u0142 si\u0119 Wojciech Bogumi\u0142 Jastrz\u0119bowski, autor dokumentu z 3 maja 1831 roku: \u201eWolne chwile \u017co\u0142nierza polskiego, czyli my\u015bli o wiecznym pokoju mi\u0119dzy narodami ucywilizowanymi\u201d. Jego zasadnicz\u0105 cz\u0119\u015b\u0107 stanowi\u0142a Konstytucja dla Europy. Jastrz\u0119bowski w swoim traktacie pisa\u0142 o Europie, kt\u00f3ra ma by\u0107 federacj\u0105 narod\u00f3w m\u00f3wi\u0105cych r\u00f3\u017cnymi j\u0119zykami, lecz podlegaj\u0105cych tym samym og\u00f3lnym [&hellip;]<\/p>\n","protected":false},"author":6,"featured_media":15005,"comment_status":"open","ping_status":"open","sticky":false,"template":"","format":"standard","meta":{"ngg_post_thumbnail":0,"footnotes":""},"categories":[77],"tags":[],"class_list":["post-15003","post","type-post","status-publish","format-standard","has-post-thumbnail","hentry","category-wazne-daty"],"_links":{"self":[{"href":"https:\/\/marekkuchcinski.pl\/cs\/wp-json\/wp\/v2\/posts\/15003","targetHints":{"allow":["GET"]}}],"collection":[{"href":"https:\/\/marekkuchcinski.pl\/cs\/wp-json\/wp\/v2\/posts"}],"about":[{"href":"https:\/\/marekkuchcinski.pl\/cs\/wp-json\/wp\/v2\/types\/post"}],"author":[{"embeddable":true,"href":"https:\/\/marekkuchcinski.pl\/cs\/wp-json\/wp\/v2\/users\/6"}],"replies":[{"embeddable":true,"href":"https:\/\/marekkuchcinski.pl\/cs\/wp-json\/wp\/v2\/comments?post=15003"}],"version-history":[{"count":2,"href":"https:\/\/marekkuchcinski.pl\/cs\/wp-json\/wp\/v2\/posts\/15003\/revisions"}],"predecessor-version":[{"id":15006,"href":"https:\/\/marekkuchcinski.pl\/cs\/wp-json\/wp\/v2\/posts\/15003\/revisions\/15006"}],"wp:featuredmedia":[{"embeddable":true,"href":"https:\/\/marekkuchcinski.pl\/cs\/wp-json\/wp\/v2\/media\/15005"}],"wp:attachment":[{"href":"https:\/\/marekkuchcinski.pl\/cs\/wp-json\/wp\/v2\/media?parent=15003"}],"wp:term":[{"taxonomy":"category","embeddable":true,"href":"https:\/\/marekkuchcinski.pl\/cs\/wp-json\/wp\/v2\/categories?post=15003"},{"taxonomy":"post_tag","embeddable":true,"href":"https:\/\/marekkuchcinski.pl\/cs\/wp-json\/wp\/v2\/tags?post=15003"}],"curies":[{"name":"wp","href":"https:\/\/api.w.org\/{rel}","templated":true}]}}