{"id":14987,"date":"2019-04-20T15:22:49","date_gmt":"2019-04-20T13:22:49","guid":{"rendered":"https:\/\/marekkuchcinski.pl\/?p=14987"},"modified":"2019-04-20T19:22:13","modified_gmt":"2019-04-20T17:22:13","slug":"marek-kuchcinski-zycze-sily-w-pokonywaniu-wszelkich-przeciwnosci-losu-oraz-wiary-w-drugiego-czlowieka","status":"publish","type":"post","link":"https:\/\/marekkuchcinski.pl\/cs\/wydarzenia\/marek-kuchcinski-zycze-sily-w-pokonywaniu-wszelkich-przeciwnosci-losu-oraz-wiary-w-drugiego-czlowieka\/","title":{"rendered":"Marek Kuchci\u0144ski: P\u0159eji v\u00e1m, abyste si navz\u00e1jem v\u011b\u0159ili"},"content":{"rendered":"<p class=\"wp-block-paragraph\">K\u0159es\u0165an\u00e9 se od po\u010d\u00e1tku c\u00edrkve chovali charitativn\u011b. Evangelium \u0159\u00edk\u00e1, \u017ee B\u016fh je mezi nejslab\u0161\u00edmi, a pape\u017e Franti\u0161ek vyz\u00fdv\u00e1 k solidarit\u011b s chud\u00fdmi. <\/p>\n\n\n\n<p class=\"wp-block-paragraph\">Bohat\u00fd nen\u00ed ten, kdo m\u00e1, ale ten, kdo d\u00e1v\u00e1, kdo je schopen d\u00e1vat - Jan Pavel II., apo\u0161tolsk\u00e1 exhortace <em>Redemptionis donum.<\/em><\/p>\n\n\n\n<p class=\"wp-block-paragraph\">\u010clov\u011bk nen\u00ed velk\u00fd podle toho, co m\u00e1, ale podle toho, k\u00fdm je; ne podle toho, co m\u00e1, ale podle toho, co sd\u00edl\u00ed s ostatn\u00edmi - projev JPII k obyvatel\u016fm chudinsk\u00e9 \u010dtvrti Tondo. Manila, 18. \u00fanora 1981.<\/p>\n\n\n\n<p class=\"wp-block-paragraph\">C\u00edrkev je hned po st\u00e1tu nejv\u011bt\u0161\u00ed instituc\u00ed, kter\u00e1 pom\u00e1h\u00e1 chud\u00fdm. Provozuje tis\u00edce d\u011bl, do nich\u017e jsou zapojeni duchovn\u00ed, zasv\u011bcen\u00e9 osoby i laici, kte\u0159\u00ed podporuj\u00ed chud\u00e9, d\u011bti a mlad\u00e9 lidi a pom\u00e1haj\u00ed jim dostat se z bezdomovectv\u00ed. V r\u00e1mci Opera\u010dn\u00edho programu potravinov\u00e9 pomoci pl\u00e1novan\u00e9ho na obdob\u00ed 2014-2020 bylo ve spolupr\u00e1ci s Potravinovou bankou a PCK ji\u017e rozd\u011bleno 11 276 tun potravin v hodnot\u011b v\u00edce ne\u017e 51 milion\u016f PLN 232 000 chud\u00fdch lid\u00ed (\u00fadaje z let 2014-2016). <\/p>\n\n\n\n<p class=\"wp-block-paragraph\">Caritas provozuje nejv\u011bt\u0161\u00ed po\u010det za\u0159\u00edzen\u00ed pro bezdomovce v Polsku - 96.\nbezdomovci, v\u010detn\u011b \u00fatulk\u016f, nocleh\u00e1ren a b\u011b\u017en\u00fdch topn\u00fdch za\u0159\u00edzen\u00ed.\nposkytnout pomoc v\u00edce ne\u017e 2 600 lidem.<\/p>\n\n\n\n<p class=\"wp-block-paragraph\">Caritas Przemy\u0161lsk\u00e9 arcidiec\u00e9ze ka\u017edoro\u010dn\u011b organizuje\nVelikono\u010dn\u00ed sn\u00eddan\u011b pro ty, kte\u0159\u00ed pot\u0159ebuj\u00ed sd\u00edlet \u010das, j\u00eddlo,\ndobr\u00e9. Jak napsal Marek Kuchci\u0144ski v dopise adresovan\u00e9m organiz\u00e1tor\u016fm a \u00fa\u010dastn\u00edk\u016fm sn\u00eddan\u011b.\nCaritas Marek Kuchci\u0144ski, organizace je kr\u00e1snou odezvou dobra.\ncitliv\u00e9 osoby na rozs\u00e1hl\u00e9 soci\u00e1ln\u00ed pot\u0159eby. Vznikl z touhy\npom\u00e1hat, p\u0159i\u010dem\u017e jej\u00edm posl\u00e1n\u00edm je p\u00e9\u010de o lidskou d\u016fstojnost. Podpora,\nsd\u00edlen\u00ed rodinn\u00e9ho tepla s t\u011bmi, kte\u0159\u00ed ho mo\u017en\u00e1 nikdy neza\u017eili, obnovuje nad\u011bji na lep\u0161\u00ed \u017eivot a lep\u0161\u00ed bydlen\u00ed.\nnad\u011bje na lep\u0161\u00ed z\u00edt\u0159ky. <\/p>\n\n\n\n<p class=\"wp-block-paragraph\">P\u0159eji si, aby radost ze vzk\u0159\u00ed\u0161en\u00ed naplnila srdce v\u0161ech \u00fa\u010dastn\u00edk\u016f a p\u0159inesla pokoj, l\u00e1sku a nad\u011bji. P\u0159eji v\u00e1m s\u00edlu v p\u0159ekon\u00e1v\u00e1n\u00ed v\u0161ech protivenstv\u00ed a v\u00edru jeden v druh\u00e9ho,\" napsal p\u0159edseda Sejmu. <\/p>\n\n\n\n<p class=\"wp-block-paragraph\"><\/p>\n\n\n\n<h3 class=\"wp-block-heading\">Charitativn\u00ed pomoc c\u00edrkve v \u010d\u00edslech<\/h3>\n\n\n\n<p class=\"wp-block-paragraph\">5 500 - tolik charitativn\u00edch d\u011bl provozuje c\u00edrkev v Polsku.<\/p>\n\n\n\n<p class=\"wp-block-paragraph\">800 - tolik katolick\u00fdch charitativn\u00edch organizac\u00ed p\u016fsob\u00ed v zemi.<\/p>\n\n\n\n<p class=\"wp-block-paragraph\">3 miliony - tolik lid\u00ed c\u00edrkevn\u00ed pomoc zas\u00e1hne<\/p>\n\n\n\n<p class=\"wp-block-paragraph\">600 000 ro\u010dn\u011b - tolik lid\u00ed v nouzi se dostane k poskytovan\u00e9 pomoci.\npodle farnost\u00ed<\/p>\n\n\n\n<p class=\"wp-block-paragraph\">897 - to je po\u010det za\u0159\u00edzen\u00ed, kter\u00e1 slou\u017e\u00ed bezdomovc\u016fm.<\/p>\n\n\n\n<p class=\"wp-block-paragraph\">203 000 - to je po\u010det lid\u00ed bez domova, kter\u00fdm ro\u010dn\u011b pom\u016f\u017ee.\npomoci c\u00edrkevn\u00edch instituc\u00ed<\/p>\n\n\n\n<p class=\"wp-block-paragraph\">302 - tolik je nouzov\u00fdch m\u00edst pro bezdomovce.<\/p>\n\n\n\n<p class=\"wp-block-paragraph\">286 - tolik je distribu\u010dn\u00edch m\u00edst pro oble\u010den\u00ed.<\/p>\n\n\n\n<p class=\"wp-block-paragraph\">121 - tolik je chr\u00e1n\u011bn\u00fdch byt\u016f.<\/p>\n\n\n\n<p class=\"wp-block-paragraph\">61 - po\u010det \u017eensk\u00fdch a mu\u017esk\u00fdch \u00fatulk\u016f, l\u00e1zn\u00ed, chatek,\nvyt\u00e1p\u011bn\u00ed a nocleh\u00e1rny<\/p>\n\n\n\n<p class=\"wp-block-paragraph\">1372 - po\u010det prac\u00ed pro d\u011bti a ml\u00e1de\u017e<\/p>\n\n\n\n<p class=\"wp-block-paragraph\">897 - po\u010det prac\u00ed pro bezdomovce<\/p>\n\n\n\n<p class=\"wp-block-paragraph\">861 - po\u010det prac\u00ed poskytuj\u00edc\u00edch pomoc p\u0159i mimo\u0159\u00e1dn\u00fdch ud\u00e1lostech, tj.\nnocleh\u00e1rny a v\u00fdva\u0159ovny.<\/p>\n\n\n\n<p class=\"wp-block-paragraph\">494 - tolik d\u011bl je ur\u010deno pro osoby se zdravotn\u00edm posti\u017een\u00edm.<\/p>\n\n\n\n<p class=\"wp-block-paragraph\">457 - po\u010det potravinov\u00fdch bank<\/p>\n\n\n\n<p class=\"wp-block-paragraph\">416 - tolik je stanic l\u00e9ka\u0159sk\u00e9 pomoci.<\/p>\n\n\n\n<p class=\"wp-block-paragraph\">404 - po\u010det prac\u00ed pro seniory<\/p>\n\n\n\n<p class=\"wp-block-paragraph\">146 - po\u010det prac\u00ed na podporu z\u00e1vislost\u00ed<\/p>\n\n\n\n<p class=\"wp-block-paragraph\">82 - po\u010det prac\u00ed na podporu nezam\u011bstnan\u00fdch (profesn\u00ed aktivizace)\nprofesion\u00e1ln\u00ed aktivace)<\/p>\n\n\n\n<p class=\"wp-block-paragraph\">29 - tolik prac\u00ed pro migranty a uprchl\u00edky<\/p>\n\n\n\n<p class=\"wp-block-paragraph\">(Je t\u0159eba si uv\u011bdomit, \u017ee pod jednou instituc\u00ed se \u010dasto nach\u00e1z\u00ed\nmnoho prac\u00ed)<\/p>\n\n\n\n<p class=\"wp-block-paragraph\"><em>text\/foto mo<\/em><\/p>\n\n\n\n<figure class=\"wp-block-image\"><img fetchpriority=\"high\" decoding=\"async\" width=\"1024\" height=\"727\" src=\"https:\/\/marekkuchcinski.pl\/wp-content\/uploads\/2019\/04\/IMG_0383-2-1-1024x727.jpg\" alt=\"\" class=\"wp-image-14989\" srcset=\"https:\/\/marekkuchcinski.pl\/wp-content\/uploads\/2019\/04\/IMG_0383-2-1-1024x727.jpg 1024w, https:\/\/marekkuchcinski.pl\/wp-content\/uploads\/2019\/04\/IMG_0383-2-1-300x213.jpg 300w, https:\/\/marekkuchcinski.pl\/wp-content\/uploads\/2019\/04\/IMG_0383-2-1-768x545.jpg 768w, https:\/\/marekkuchcinski.pl\/wp-content\/uploads\/2019\/04\/IMG_0383-2-1.jpg 2048w\" sizes=\"(max-width: 1024px) 100vw, 1024px\" \/><\/figure>","protected":false},"excerpt":{"rendered":"<p>Od pocz\u0105tk\u00f3w istnienia Ko\u015bcio\u0142a chrze\u015bcijanie dzia\u0142ali charytatywnie. Ewangelia m\u00f3wi, \u017ce B\u00f3g jest w\u015br\u00f3d najs\u0142abszych, a papie\u017c Franciszek wzywa do solidarno\u015bci z ubogimi. Bogatym nie jest ten, kto posiada, ale ten, kto rozdaje, kto zdolny jest dawa\u0107 &#8211; Jan Pawe\u0142 II, adhortacja apostolska Redemptionis donum. Cz\u0142owiek jest wielki nie przez to, co posiada, lecz przez to, [&hellip;]<\/p>\n","protected":false},"author":6,"featured_media":14988,"comment_status":"open","ping_status":"open","sticky":false,"template":"","format":"standard","meta":{"ngg_post_thumbnail":0,"footnotes":""},"categories":[49,3],"tags":[],"class_list":["post-14987","post","type-post","status-publish","format-standard","has-post-thumbnail","hentry","category-podkarpacie","category-wydarzenia"],"_links":{"self":[{"href":"https:\/\/marekkuchcinski.pl\/cs\/wp-json\/wp\/v2\/posts\/14987","targetHints":{"allow":["GET"]}}],"collection":[{"href":"https:\/\/marekkuchcinski.pl\/cs\/wp-json\/wp\/v2\/posts"}],"about":[{"href":"https:\/\/marekkuchcinski.pl\/cs\/wp-json\/wp\/v2\/types\/post"}],"author":[{"embeddable":true,"href":"https:\/\/marekkuchcinski.pl\/cs\/wp-json\/wp\/v2\/users\/6"}],"replies":[{"embeddable":true,"href":"https:\/\/marekkuchcinski.pl\/cs\/wp-json\/wp\/v2\/comments?post=14987"}],"version-history":[{"count":7,"href":"https:\/\/marekkuchcinski.pl\/cs\/wp-json\/wp\/v2\/posts\/14987\/revisions"}],"predecessor-version":[{"id":14998,"href":"https:\/\/marekkuchcinski.pl\/cs\/wp-json\/wp\/v2\/posts\/14987\/revisions\/14998"}],"wp:featuredmedia":[{"embeddable":true,"href":"https:\/\/marekkuchcinski.pl\/cs\/wp-json\/wp\/v2\/media\/14988"}],"wp:attachment":[{"href":"https:\/\/marekkuchcinski.pl\/cs\/wp-json\/wp\/v2\/media?parent=14987"}],"wp:term":[{"taxonomy":"category","embeddable":true,"href":"https:\/\/marekkuchcinski.pl\/cs\/wp-json\/wp\/v2\/categories?post=14987"},{"taxonomy":"post_tag","embeddable":true,"href":"https:\/\/marekkuchcinski.pl\/cs\/wp-json\/wp\/v2\/tags?post=14987"}],"curies":[{"name":"wp","href":"https:\/\/api.w.org\/{rel}","templated":true}]}}