{"id":14983,"date":"2019-04-20T09:46:43","date_gmt":"2019-04-20T07:46:43","guid":{"rendered":"https:\/\/marekkuchcinski.pl\/?p=14983"},"modified":"2019-04-20T09:46:44","modified_gmt":"2019-04-20T07:46:44","slug":"zyczenia-z-okazji-swiat-wielkiej-nocy","status":"publish","type":"post","link":"https:\/\/marekkuchcinski.pl\/cs\/wydarzenia\/zyczenia-z-okazji-swiat-wielkiej-nocy\/","title":{"rendered":"S p\u0159\u00e1n\u00edm v\u0161eho nejlep\u0161\u00edho u p\u0159\u00edle\u017eitosti Velikonoc"},"content":{"rendered":"<p class=\"wp-block-paragraph\" style=\"text-align:center\">\u0160\u0165astn\u00e9 V\u00e1noce <\/p>\n\n\n\n<p class=\"wp-block-paragraph\" style=\"text-align:center\">Vzk\u0159\u00ed\u0161en\u00ed P\u00e1n\u011b. <\/p>\n\n\n\n<p class=\"wp-block-paragraph\" style=\"text-align:center\">Nechte se sv\u00e1te\u010dn\u011b naladit <\/p>\n\n\n\n<p class=\"wp-block-paragraph\" style=\"text-align:center\">p\u0159evl\u00e1dne v na\u0161ich domovech<\/p>\n\n\n\n<p class=\"wp-block-paragraph\" style=\"text-align:center\">a p\u0159im\u011bt n\u00e1s p\u0159em\u00fd\u0161let <\/p>\n\n\n\n<p class=\"wp-block-paragraph\" style=\"text-align:center\">nad znovuzrozen\u00fdm \u017eivotem, <\/p>\n\n\n\n<p class=\"wp-block-paragraph\" style=\"text-align:center\">vzbuzuje nad\u011bji a vz\u00e1jemnou laskavost<\/p>\n\n\n\n<p class=\"wp-block-paragraph\"><\/p>\n\n\n\n<p class=\"wp-block-paragraph\">Marek Kuchci\u0144ski, p\u0159edseda Sejmu<\/p>\n\n\n\n<figure class=\"wp-block-image\"><img fetchpriority=\"high\" decoding=\"async\" width=\"1024\" height=\"724\" src=\"https:\/\/marekkuchcinski.pl\/wp-content\/uploads\/2019\/04\/kartka-1024x724.jpg\" alt=\"\" class=\"wp-image-14984\" srcset=\"https:\/\/marekkuchcinski.pl\/wp-content\/uploads\/2019\/04\/kartka-1024x724.jpg 1024w, https:\/\/marekkuchcinski.pl\/wp-content\/uploads\/2019\/04\/kartka-300x212.jpg 300w, https:\/\/marekkuchcinski.pl\/wp-content\/uploads\/2019\/04\/kartka-768x543.jpg 768w, https:\/\/marekkuchcinski.pl\/wp-content\/uploads\/2019\/04\/kartka.jpg 1754w\" sizes=\"(max-width: 1024px) 100vw, 1024px\" \/><\/figure>","protected":false},"excerpt":{"rendered":"<p>Radosnego prze\u017cywania \u015awi\u0105t Zmartwychwstania Pa\u0144skiego. Niech \u015bwi\u0105teczny nastr\u00f3j zapanuje w naszych domach i sk\u0142oni nas do zadumy nad odradzaj\u0105cym si\u0119 \u017cyciem, budzi nadziej\u0119 i wzajemn\u0105 \u017cyczliwo\u015b\u0107 Marek Kuchci\u0144ski, marsza\u0142ek Sejmu<\/p>","protected":false},"author":6,"featured_media":14984,"comment_status":"open","ping_status":"open","sticky":false,"template":"","format":"standard","meta":{"ngg_post_thumbnail":0,"footnotes":""},"categories":[3],"tags":[],"class_list":["post-14983","post","type-post","status-publish","format-standard","has-post-thumbnail","hentry","category-wydarzenia"],"_links":{"self":[{"href":"https:\/\/marekkuchcinski.pl\/cs\/wp-json\/wp\/v2\/posts\/14983","targetHints":{"allow":["GET"]}}],"collection":[{"href":"https:\/\/marekkuchcinski.pl\/cs\/wp-json\/wp\/v2\/posts"}],"about":[{"href":"https:\/\/marekkuchcinski.pl\/cs\/wp-json\/wp\/v2\/types\/post"}],"author":[{"embeddable":true,"href":"https:\/\/marekkuchcinski.pl\/cs\/wp-json\/wp\/v2\/users\/6"}],"replies":[{"embeddable":true,"href":"https:\/\/marekkuchcinski.pl\/cs\/wp-json\/wp\/v2\/comments?post=14983"}],"version-history":[{"count":1,"href":"https:\/\/marekkuchcinski.pl\/cs\/wp-json\/wp\/v2\/posts\/14983\/revisions"}],"predecessor-version":[{"id":14985,"href":"https:\/\/marekkuchcinski.pl\/cs\/wp-json\/wp\/v2\/posts\/14983\/revisions\/14985"}],"wp:featuredmedia":[{"embeddable":true,"href":"https:\/\/marekkuchcinski.pl\/cs\/wp-json\/wp\/v2\/media\/14984"}],"wp:attachment":[{"href":"https:\/\/marekkuchcinski.pl\/cs\/wp-json\/wp\/v2\/media?parent=14983"}],"wp:term":[{"taxonomy":"category","embeddable":true,"href":"https:\/\/marekkuchcinski.pl\/cs\/wp-json\/wp\/v2\/categories?post=14983"},{"taxonomy":"post_tag","embeddable":true,"href":"https:\/\/marekkuchcinski.pl\/cs\/wp-json\/wp\/v2\/tags?post=14983"}],"curies":[{"name":"wp","href":"https:\/\/api.w.org\/{rel}","templated":true}]}}