{"id":14887,"date":"2019-04-15T13:13:57","date_gmt":"2019-04-15T11:13:57","guid":{"rendered":"https:\/\/marekkuchcinski.pl\/?p=14887"},"modified":"2019-04-15T13:13:58","modified_gmt":"2019-04-15T11:13:58","slug":"biezaca-kadencja-sejmu-polityczna-droga-i-reakcja-na-prasowe-insynuacje-wywiad-marszalka-sejmu-dla-tygodnika-sieci","status":"publish","type":"post","link":"https:\/\/marekkuchcinski.pl\/cs\/wydarzenia\/biezaca-kadencja-sejmu-polityczna-droga-i-reakcja-na-prasowe-insynuacje-wywiad-marszalka-sejmu-dla-tygodnika-sieci\/","title":{"rendered":"Sou\u010dasn\u00e9 funk\u010dn\u00ed obdob\u00ed Sejmu, politick\u00e1 cesta a reakce na insinuace v tisku. Rozhovor p\u0159edsedy Sejmu pro t\u00fdden\u00edk \"Sieci\""},"content":{"rendered":"<p>P\u0159edseda Sejmu Marek Kuchci\u0144ski v rozhovoru pro t\u00fdden\u00edk Sieci hovo\u0159\u00ed o p\u0159elomov\u00e9m volebn\u00edm obdob\u00ed, kl\u00ed\u010dov\u00fdch rozhodnut\u00edch a v\u00fdzv\u00e1ch spojen\u00fdch s veden\u00edm Sn\u011bmovny. V rozhovoru s Marcinem Wiklou a Markem Pi\u017eou hovo\u0159\u00ed tak\u00e9 o protestu v roce 2016 a respektov\u00e1n\u00ed nep\u0159ekro\u010diteln\u00fdch hranic. Marek Kuchcinski tak\u00e9 vzpom\u00edn\u00e1 na svou politickou dr\u00e1hu. V rozhovoru tak\u00e9 zazn\u011bla rozhodn\u00e1 reakce p\u0159edsedy Sejmu na insinuace obsa\u017een\u00e9 v publikac\u00edch t\u00fdkaj\u00edc\u00edch se mor\u00e1ln\u00edch obvin\u011bn\u00ed.<\/p>\n\n\n\n<p>- Ve\u0159ejn\u00e9 osoby jsou napad\u00e1ny st\u00e1le m\u00e9n\u011b selektivn\u011b. Mysl\u00edm, \u017ee je t\u0159eba reagovat,\" zd\u016fraz\u0148uje Marek Kuchci\u0144ski. Podle n\u00e1zoru p\u0159edsedy Sejmu mus\u00ed lid\u00e9, kte\u0159\u00ed ovliv\u0148uj\u00ed utv\u00e1\u0159en\u00ed ve\u0159ejn\u00e9ho m\u00edn\u011bn\u00ed, respektovat slovo. - Pokud jsou takov\u00e1 obvin\u011bn\u00ed vznesena ve\u0159ejn\u011b, mus\u00ed b\u00fdt p\u0159edlo\u017eeny z\u00e1va\u017en\u00e9 d\u016fkazy. V tomto p\u0159\u00edpad\u011b jde o nar\u00e1\u017eku vycucanou z prstu,\" tvrd\u00ed. Podle Marka Kuchcinsk\u00e9ho bylo c\u00edlem t\u00e9to akce oslabit pozici polsk\u00e9ho Sejmu. - Po desetilet\u00ed jsem byl vystaven r\u016fzn\u00fdm pomluv\u00e1m. Politika je n\u011bkdy nesnadn\u00e1, n\u011bkdy konfliktn\u00ed a vyvol\u00e1v\u00e1 r\u016fzn\u00e1 chov\u00e1n\u00ed. Tentokr\u00e1t v\u0161ak byly p\u0159ekro\u010deny v\u0161echny hranice, kter\u00e9 jsou v p\u0159\u00edpad\u011b politik\u016f stejn\u011b mnohem pru\u017en\u011bj\u0161\u00ed. Jedna v\u011bc je ostr\u00e1 - dokonce velmi ostr\u00e1 - polemika a druh\u00e1 v\u011bc jsou l\u017ei a pomluvy, kter\u00e9 se na m\u011b snesly. C\u00edtil jsem, \u017ee to nemohu nechat bez trestu, a to jak kv\u016fli sv\u00e9 rodin\u011b, tak kv\u016fli instituci, kterou vedu. Pokud bude pr\u00e1ce v parlamentu neorganizovan\u00e1 nebo bude sn\u00ed\u017eena jeho autorita, prosp\u011bje to na\u0161im odp\u016frc\u016fm doma i v zahrani\u010d\u00ed, kte\u0159\u00ed necht\u011bj\u00ed, abychom v Polsku prov\u00e1d\u011bli zm\u011bny,\" vysv\u011btluje p\u0159edseda Sejmu.<\/p>\n\n\n\n<p>V rozhovoru se tak\u00e9 pt\u00e1 na kl\u00ed\u010dov\u00e9 momenty pr\u00e1ce sn\u011bmovny a na v\u00fdzvy a nejt\u011b\u017e\u0161\u00ed debaty. - Ur\u010dit\u011b ty nejd\u016fle\u017eit\u011bj\u0161\u00ed, tedy schv\u00e1len\u00ed rozpo\u010dtu a debaty o \u00fakolech polsk\u00e9 zahrani\u010dn\u00ed politiky, nebo nejd\u016fle\u017eit\u011bj\u0161\u00ed reformy: soudnictv\u00ed, \u0161kolstv\u00ed, da\u0148ov\u00e1 spr\u00e1va, v n\u00ed\u017e byl sn\u00ed\u017een da\u0148ov\u00fd odvod z 19 na 9 %, prorodinn\u00e9 programy s 500+ v \u010dele, sn\u00ed\u017een\u00ed v\u011bku odchodu do d\u016fchodu - zmi\u0148uje Marek Kuchci\u0144ski. Hovo\u0159\u00ed tak\u00e9 o men\u0161inov\u00fdch n\u00e1vrz\u00edch, kter\u00e9 jsou podle jeho n\u00e1zoru v posledn\u00edch letech m\u00e9n\u011b podstatn\u00e9. Z\u00e1rove\u0148 p\u0159ipou\u0161t\u00ed, \u017ee se objevily zaj\u00edmav\u00e9 n\u00e1vrhy, kter\u00e9 byly od\u016fvodn\u011bny jin\u00fdm \u0159e\u0161en\u00edm probl\u00e9mu, ne\u017e navrhovala vl\u00e1da, a bylo mo\u017en\u00e9 se o nich v\u00e1\u017en\u011b poh\u00e1dat.<\/p>\n\n\n\n<p>V souvislosti s ud\u00e1lostmi v parlamentu v prosinci 2016. P\u0159edseda Sejmu vyjad\u0159uje n\u00e1zor, \u017ee \u0161lo o parlamentn\u00ed aktivity, kter\u00e9 m\u011bly odv\u00e9st pozornost od p\u0159ipravovan\u00fdch z\u00e1kon\u016f. - A \u0161lo mimo jin\u00e9 o rozpo\u010det a odebr\u00e1n\u00ed vysok\u00fdch d\u016fchod\u016f tajn\u00e9 policii, za co\u017e n\u00e1s dodnes napadaj\u00ed. Nakonec to za\u010dalo p\u0159esahovat hranice parlamentn\u00ed seri\u00f3znosti,\" \u0159\u00edk\u00e1. Podle Marka Kuchci\u0144sk\u00e9ho se jednalo o z\u00e1m\u011brnou akci naru\u0161uj\u00edc\u00ed pr\u00e1ci Sejmu, o obstrukci v okam\u017eiku p\u0159ij\u00edm\u00e1n\u00ed z\u00e1kon\u016f, kter\u00e9 jsou z hlediska st\u00e1tn\u00edho z\u00e1jmu kl\u00ed\u010dov\u00e9. - P\u0159edseda Sejmu je odpov\u011bdn\u00fd za dohled a koordinaci pr\u00e1ce Sn\u011bmovny. Nelze si dovolit p\u0159ekro\u010dit ur\u010dit\u00e9 normy, proto\u017ee v okam\u017eiku se m\u016f\u017eeme ocitnout na hranici, za kterou je jen chaos,\" vysv\u011btluje Marek Kuchci\u0144ski.  - Kdy\u017e na tyto ud\u00e1losti dnes vzpom\u00edn\u00e1m, v\u00edm, \u017ee jsem se rozhodl spr\u00e1vn\u011b,\" zd\u016fraz\u0148uje.<\/p>\n\n\n\n<p>S odkazem na dal\u0161\u00ed t\u011b\u017ek\u00fd moment sou\u010dasn\u00e9ho funk\u010dn\u00edho obdob\u00ed Sejmu - protest osob se zdravotn\u00edm posti\u017een\u00edm - p\u0159edseda Sejmu p\u0159ipom\u00edn\u00e1, \u017ee \u00fa\u010dastn\u00edci Parlamentn\u00edho shrom\u00e1\u017ed\u011bn\u00ed NATO, kte\u0159\u00ed byli v t\u00e9 dob\u011b na n\u00e1v\u0161t\u011bv\u011b ve Wiejsk\u00e9, byli p\u0159ekvapeni t\u00edm, co na\u0161li v hlavn\u00ed budov\u011b parlamentu. - Ch\u00e1pali, \u017ee n\u011bkdo m\u016f\u017ee bojovat za spravedlivou v\u011bc, \u017ee forma tohoto boje m\u016f\u017ee b\u00fdt pevn\u00e1, ale blok\u00e1da budovy nezapadala do r\u00e1mce jejich \u0161iroce ch\u00e1pan\u00e9 demokracie. Na rovinu se ptali, pro\u010d jsme si dovolili takovou svobodu v na\u0161\u00ed oblasti,\" upozor\u0148uje. - To je v mnoha parlamentech nemysliteln\u00e9,\" zd\u016fraz\u0148uje Marek Kuchci\u0144ski.<\/p>\n\n\n\n<p>Rozhovor v t\u00fdden\u00edku je tak\u00e9 jakousi cestou do minulosti, do opozi\u010dn\u00ed \u010dinnosti a politick\u00e9 dr\u00e1hy Marka Kuchci\u0144sk\u00e9ho. - Byl jsem velmi mlad\u00fd, skromn\u00fd mu\u017e, kter\u00fd snil o \u017eivot\u011b ve svobodn\u00e9 zemi,\" \u0159\u00edk\u00e1. Zd\u016fraz\u0148uje, \u017ee ho k politick\u00e9 formaci, s n\u00ed\u017e je spojov\u00e1n, p\u0159itahoval jej\u00ed axiologick\u00fd syst\u00e9m, v n\u011bm\u017e je \u010dlov\u011bk hlavn\u00edm referen\u010dn\u00edm bodem, ale d\u00edky efektivn\u011b funguj\u00edc\u00edmu siln\u00e9mu st\u00e1tu. - Ale tak\u00e9 velk\u00e9 vesel\u00ed, kter\u00e9 \u0161\u00ed\u0159ili Lech a Jaros\u0142aw Kaczy\u0144\u0161t\u00ed, v\u00fdjime\u010dn\u00ed lid\u00e9 s viz\u00ed pro Polsko. V t\u00e9 dob\u011b, na p\u0159elomu 80. a 90. let, to chyb\u011blo,\" vysv\u011btluje.<\/p>\n\n\n\n<p>P\u0159edseda Sejmu vzpom\u00edn\u00e1 na sv\u00e9 p\u016fsoben\u00ed v obdob\u00ed komunismu, kdy se pod\u00edlel na \"roz\u0161i\u0159ov\u00e1n\u00ed prostoru svobody v socialistick\u00e9m sv\u011bt\u011b\", a hovo\u0159\u00ed mimo jin\u00e9 o kontaktech se zahrani\u010dn\u00edmi um\u011blci, v\u011bdci a filozofy, v\u010detn\u011b profesora Rogera Scrutona. Marek Kuchcinski oznamuje, \u017ee brzy bude op\u011bt v Polsku - na parlamentn\u00edm summitu st\u00e1t\u016f st\u0159edn\u00ed a v\u00fdchodn\u00ed Evropy, kter\u00fd se bude op\u011bt konat v Sejmu a Sen\u00e1tu na za\u010d\u00e1tku \u010dervna.<\/p>\n\n\n\n<p><em>Zdroj: t\u00fdden\u00edk \"Sieci\", 15. dubna \u010d. 15 (333).<\/em><\/p>\n\n\n\n<p><em>Foto: Rafa\u0142 Zambrzycki\/ Sejm<\/em><\/p>","protected":false},"excerpt":{"rendered":"<p>O prze\u0142omowej kadencji parlamentu, kluczowych decyzjach i wyzwaniach zwi\u0105zanych z kierowaniem Izb\u0105 m\u00f3wi marsza\u0142ek Sejmu Marek Kuchci\u0144ski w wywiadzie dla tygodnika &#8222;Sieci&#8221;. W rozmowie z Marcinem Wik\u0142\u0105 i Markiem Pyz\u0105 tak\u017ce o prote\u015bcie z 2016 r. i przestrzeganiu nieprzekraczalnych granic. Marek Kuchci\u0144ski wspomina te\u017c swoj\u0105 polityczn\u0105 drog\u0119. W rozmowie r\u00f3wnie\u017c stanowcza odpowied\u017a Marsza\u0142ka Sejmu na [&hellip;]<\/p>","protected":false},"author":6,"featured_media":14889,"comment_status":"open","ping_status":"open","sticky":false,"template":"","format":"standard","meta":{"ngg_post_thumbnail":0,"footnotes":""},"categories":[82,81,3],"tags":[],"class_list":["post-14887","post","type-post","status-publish","format-standard","has-post-thumbnail","hentry","category-prawo-i-sprawiedliwosc","category-wiesci-z-sejmu","category-wydarzenia"],"yoast_head":"<!-- This site is optimized with the Yoast SEO plugin v24.7 - https:\/\/yoast.com\/wordpress\/plugins\/seo\/ -->\n<title>Bie\u017c\u0105ca kadencja Sejmu, polityczna droga i reakcja na prasowe insynuacje. Wywiad Marsza\u0142ka Sejmu dla tygodnika \u201eSieci\u201d &#8211; Marek Kuchci\u0144ski<\/title>\n<meta name=\"robots\" content=\"index, follow, max-snippet:-1, max-image-preview:large, max-video-preview:-1\" \/>\n<link rel=\"canonical\" href=\"https:\/\/marekkuchcinski.pl\/cs\/wydarzenia\/biezaca-kadencja-sejmu-polityczna-droga-i-reakcja-na-prasowe-insynuacje-wywiad-marszalka-sejmu-dla-tygodnika-sieci\/\" \/>\n<meta property=\"og:locale\" content=\"cs_CZ\" \/>\n<meta property=\"og:type\" content=\"article\" \/>\n<meta property=\"og:title\" content=\"Bie\u017c\u0105ca kadencja Sejmu, polityczna droga i reakcja na prasowe insynuacje. Wywiad Marsza\u0142ka Sejmu dla tygodnika \u201eSieci\u201d &#8211; Marek Kuchci\u0144ski\" \/>\n<meta property=\"og:description\" content=\"O prze\u0142omowej kadencji parlamentu, kluczowych decyzjach i wyzwaniach zwi\u0105zanych z kierowaniem Izb\u0105 m\u00f3wi marsza\u0142ek Sejmu Marek Kuchci\u0144ski w wywiadzie dla tygodnika &#8222;Sieci&#8221;. W rozmowie z Marcinem Wik\u0142\u0105 i Markiem Pyz\u0105 tak\u017ce o prote\u015bcie z 2016 r. i przestrzeganiu nieprzekraczalnych granic. Marek Kuchci\u0144ski wspomina te\u017c swoj\u0105 polityczn\u0105 drog\u0119. W rozmowie r\u00f3wnie\u017c stanowcza odpowied\u017a Marsza\u0142ka Sejmu na [&hellip;]\" \/>\n<meta property=\"og:url\" content=\"https:\/\/marekkuchcinski.pl\/cs\/wydarzenia\/biezaca-kadencja-sejmu-polityczna-droga-i-reakcja-na-prasowe-insynuacje-wywiad-marszalka-sejmu-dla-tygodnika-sieci\/\" \/>\n<meta property=\"og:site_name\" content=\"Marek Kuchci\u0144ski\" \/>\n<meta property=\"article:published_time\" content=\"2019-04-15T11:13:57+00:00\" \/>\n<meta property=\"article:modified_time\" content=\"2019-04-15T11:13:58+00:00\" \/>\n<meta property=\"og:image\" content=\"https:\/\/marekkuchcinski.pl\/wp-content\/uploads\/2019\/04\/wsieci.jpg\" \/>\n\t<meta property=\"og:image:width\" content=\"800\" \/>\n\t<meta property=\"og:image:height\" content=\"533\" \/>\n\t<meta property=\"og:image:type\" content=\"image\/jpeg\" \/>\n<meta name=\"author\" content=\"admin\" \/>\n<meta name=\"twitter:card\" content=\"summary_large_image\" \/>\n<meta name=\"twitter:label1\" content=\"Napsal(a)\" \/>\n\t<meta name=\"twitter:data1\" content=\"admin\" \/>\n\t<meta name=\"twitter:label2\" content=\"Odhadovan\u00e1 doba \u010dten\u00ed\" \/>\n\t<meta name=\"twitter:data2\" content=\"4 minuty\" \/>\n<script type=\"application\/ld+json\" class=\"yoast-schema-graph\">{\"@context\":\"https:\/\/schema.org\",\"@graph\":[{\"@type\":\"Article\",\"@id\":\"https:\/\/marekkuchcinski.pl\/sk\/wydarzenia\/biezaca-kadencja-sejmu-polityczna-droga-i-reakcja-na-prasowe-insynuacje-wywiad-marszalka-sejmu-dla-tygodnika-sieci\/#article\",\"isPartOf\":{\"@id\":\"https:\/\/marekkuchcinski.pl\/sk\/wydarzenia\/biezaca-kadencja-sejmu-polityczna-droga-i-reakcja-na-prasowe-insynuacje-wywiad-marszalka-sejmu-dla-tygodnika-sieci\/\"},\"author\":{\"name\":\"admin\",\"@id\":\"https:\/\/marekkuchcinski.pl\/#\/schema\/person\/6f62700996b4d950b6ea2d1183b6c6be\"},\"headline\":\"Bie\u017c\u0105ca kadencja Sejmu, polityczna droga i reakcja na prasowe insynuacje. Wywiad Marsza\u0142ka Sejmu dla tygodnika \u201eSieci\u201d\",\"datePublished\":\"2019-04-15T11:13:57+00:00\",\"dateModified\":\"2019-04-15T11:13:58+00:00\",\"mainEntityOfPage\":{\"@id\":\"https:\/\/marekkuchcinski.pl\/sk\/wydarzenia\/biezaca-kadencja-sejmu-polityczna-droga-i-reakcja-na-prasowe-insynuacje-wywiad-marszalka-sejmu-dla-tygodnika-sieci\/\"},\"wordCount\":865,\"commentCount\":0,\"publisher\":{\"@id\":\"https:\/\/marekkuchcinski.pl\/#organization\"},\"image\":{\"@id\":\"https:\/\/marekkuchcinski.pl\/sk\/wydarzenia\/biezaca-kadencja-sejmu-polityczna-droga-i-reakcja-na-prasowe-insynuacje-wywiad-marszalka-sejmu-dla-tygodnika-sieci\/#primaryimage\"},\"thumbnailUrl\":\"https:\/\/marekkuchcinski.pl\/wp-content\/uploads\/2019\/04\/wsieci.jpg\",\"articleSection\":[\"Prawo i Sprawiedliwo\u015b\u0107\",\"Wie\u015bci z Sejmu\",\"Wydarzenia\"],\"inLanguage\":\"cs\",\"potentialAction\":[{\"@type\":\"CommentAction\",\"name\":\"Comment\",\"target\":[\"https:\/\/marekkuchcinski.pl\/sk\/wydarzenia\/biezaca-kadencja-sejmu-polityczna-droga-i-reakcja-na-prasowe-insynuacje-wywiad-marszalka-sejmu-dla-tygodnika-sieci\/#respond\"]}]},{\"@type\":\"WebPage\",\"@id\":\"https:\/\/marekkuchcinski.pl\/sk\/wydarzenia\/biezaca-kadencja-sejmu-polityczna-droga-i-reakcja-na-prasowe-insynuacje-wywiad-marszalka-sejmu-dla-tygodnika-sieci\/\",\"url\":\"https:\/\/marekkuchcinski.pl\/sk\/wydarzenia\/biezaca-kadencja-sejmu-polityczna-droga-i-reakcja-na-prasowe-insynuacje-wywiad-marszalka-sejmu-dla-tygodnika-sieci\/\",\"name\":\"Bie\u017c\u0105ca kadencja Sejmu, polityczna droga i reakcja na prasowe insynuacje. Wywiad Marsza\u0142ka Sejmu dla tygodnika \u201eSieci\u201d &#8211; Marek Kuchci\u0144ski\",\"isPartOf\":{\"@id\":\"https:\/\/marekkuchcinski.pl\/#website\"},\"primaryImageOfPage\":{\"@id\":\"https:\/\/marekkuchcinski.pl\/sk\/wydarzenia\/biezaca-kadencja-sejmu-polityczna-droga-i-reakcja-na-prasowe-insynuacje-wywiad-marszalka-sejmu-dla-tygodnika-sieci\/#primaryimage\"},\"image\":{\"@id\":\"https:\/\/marekkuchcinski.pl\/sk\/wydarzenia\/biezaca-kadencja-sejmu-polityczna-droga-i-reakcja-na-prasowe-insynuacje-wywiad-marszalka-sejmu-dla-tygodnika-sieci\/#primaryimage\"},\"thumbnailUrl\":\"https:\/\/marekkuchcinski.pl\/wp-content\/uploads\/2019\/04\/wsieci.jpg\",\"datePublished\":\"2019-04-15T11:13:57+00:00\",\"dateModified\":\"2019-04-15T11:13:58+00:00\",\"breadcrumb\":{\"@id\":\"https:\/\/marekkuchcinski.pl\/sk\/wydarzenia\/biezaca-kadencja-sejmu-polityczna-droga-i-reakcja-na-prasowe-insynuacje-wywiad-marszalka-sejmu-dla-tygodnika-sieci\/#breadcrumb\"},\"inLanguage\":\"cs\",\"potentialAction\":[{\"@type\":\"ReadAction\",\"target\":[\"https:\/\/marekkuchcinski.pl\/sk\/wydarzenia\/biezaca-kadencja-sejmu-polityczna-droga-i-reakcja-na-prasowe-insynuacje-wywiad-marszalka-sejmu-dla-tygodnika-sieci\/\"]}]},{\"@type\":\"ImageObject\",\"inLanguage\":\"cs\",\"@id\":\"https:\/\/marekkuchcinski.pl\/sk\/wydarzenia\/biezaca-kadencja-sejmu-polityczna-droga-i-reakcja-na-prasowe-insynuacje-wywiad-marszalka-sejmu-dla-tygodnika-sieci\/#primaryimage\",\"url\":\"https:\/\/marekkuchcinski.pl\/wp-content\/uploads\/2019\/04\/wsieci.jpg\",\"contentUrl\":\"https:\/\/marekkuchcinski.pl\/wp-content\/uploads\/2019\/04\/wsieci.jpg\",\"width\":800,\"height\":533},{\"@type\":\"BreadcrumbList\",\"@id\":\"https:\/\/marekkuchcinski.pl\/sk\/wydarzenia\/biezaca-kadencja-sejmu-polityczna-droga-i-reakcja-na-prasowe-insynuacje-wywiad-marszalka-sejmu-dla-tygodnika-sieci\/#breadcrumb\",\"itemListElement\":[{\"@type\":\"ListItem\",\"position\":1,\"name\":\"Strona g\u0142\u00f3wna\",\"item\":\"https:\/\/marekkuchcinski.pl\/\"},{\"@type\":\"ListItem\",\"position\":2,\"name\":\"Bie\u017c\u0105ca kadencja Sejmu, polityczna droga i reakcja na prasowe insynuacje. Wywiad Marsza\u0142ka Sejmu dla tygodnika \u201eSieci\u201d\"}]},{\"@type\":\"WebSite\",\"@id\":\"https:\/\/marekkuchcinski.pl\/#website\",\"url\":\"https:\/\/marekkuchcinski.pl\/\",\"name\":\"Marek Kuchci\u0144ski\",\"description\":\"Pose\u0142 na sejm RP &ndash; okr\u0119g nr 22\",\"publisher\":{\"@id\":\"https:\/\/marekkuchcinski.pl\/#organization\"},\"potentialAction\":[{\"@type\":\"SearchAction\",\"target\":{\"@type\":\"EntryPoint\",\"urlTemplate\":\"https:\/\/marekkuchcinski.pl\/?s={search_term_string}\"},\"query-input\":{\"@type\":\"PropertyValueSpecification\",\"valueRequired\":true,\"valueName\":\"search_term_string\"}}],\"inLanguage\":\"cs\"},{\"@type\":\"Organization\",\"@id\":\"https:\/\/marekkuchcinski.pl\/#organization\",\"name\":\"Marek Kuchci\u0144ski\",\"url\":\"https:\/\/marekkuchcinski.pl\/\",\"logo\":{\"@type\":\"ImageObject\",\"inLanguage\":\"cs\",\"@id\":\"https:\/\/marekkuchcinski.pl\/#\/schema\/logo\/image\/\",\"url\":\"https:\/\/marekkuchcinski.pl\/wp-content\/uploads\/2022\/09\/Marek.jpg\",\"contentUrl\":\"https:\/\/marekkuchcinski.pl\/wp-content\/uploads\/2022\/09\/Marek.jpg\",\"width\":1600,\"height\":971,\"caption\":\"Marek Kuchci\u0144ski\"},\"image\":{\"@id\":\"https:\/\/marekkuchcinski.pl\/#\/schema\/logo\/image\/\"}},{\"@type\":\"Person\",\"@id\":\"https:\/\/marekkuchcinski.pl\/#\/schema\/person\/6f62700996b4d950b6ea2d1183b6c6be\",\"name\":\"admin\",\"image\":{\"@type\":\"ImageObject\",\"inLanguage\":\"cs\",\"@id\":\"https:\/\/marekkuchcinski.pl\/#\/schema\/person\/image\/\",\"url\":\"https:\/\/secure.gravatar.com\/avatar\/4bab693b9d55c3d6b52c0296a8765085?s=96&d=mm&r=g\",\"contentUrl\":\"https:\/\/secure.gravatar.com\/avatar\/4bab693b9d55c3d6b52c0296a8765085?s=96&d=mm&r=g\",\"caption\":\"admin\"},\"url\":\"https:\/\/marekkuchcinski.pl\/cs\/author\/marta-olejnik\/\"}]}<\/script>\n<!-- \/ Yoast SEO plugin. -->","yoast_head_json":{"title":"Bie\u017c\u0105ca kadencja Sejmu, polityczna droga i reakcja na prasowe insynuacje. Wywiad Marsza\u0142ka Sejmu dla tygodnika \u201eSieci\u201d &#8211; Marek Kuchci\u0144ski","robots":{"index":"index","follow":"follow","max-snippet":"max-snippet:-1","max-image-preview":"max-image-preview:large","max-video-preview":"max-video-preview:-1"},"canonical":"https:\/\/marekkuchcinski.pl\/cs\/wydarzenia\/biezaca-kadencja-sejmu-polityczna-droga-i-reakcja-na-prasowe-insynuacje-wywiad-marszalka-sejmu-dla-tygodnika-sieci\/","og_locale":"cs_CZ","og_type":"article","og_title":"Bie\u017c\u0105ca kadencja Sejmu, polityczna droga i reakcja na prasowe insynuacje. Wywiad Marsza\u0142ka Sejmu dla tygodnika \u201eSieci\u201d &#8211; Marek Kuchci\u0144ski","og_description":"O prze\u0142omowej kadencji parlamentu, kluczowych decyzjach i wyzwaniach zwi\u0105zanych z kierowaniem Izb\u0105 m\u00f3wi marsza\u0142ek Sejmu Marek Kuchci\u0144ski w wywiadzie dla tygodnika &#8222;Sieci&#8221;. W rozmowie z Marcinem Wik\u0142\u0105 i Markiem Pyz\u0105 tak\u017ce o prote\u015bcie z 2016 r. i przestrzeganiu nieprzekraczalnych granic. Marek Kuchci\u0144ski wspomina te\u017c swoj\u0105 polityczn\u0105 drog\u0119. W rozmowie r\u00f3wnie\u017c stanowcza odpowied\u017a Marsza\u0142ka Sejmu na [&hellip;]","og_url":"https:\/\/marekkuchcinski.pl\/cs\/wydarzenia\/biezaca-kadencja-sejmu-polityczna-droga-i-reakcja-na-prasowe-insynuacje-wywiad-marszalka-sejmu-dla-tygodnika-sieci\/","og_site_name":"Marek Kuchci\u0144ski","article_published_time":"2019-04-15T11:13:57+00:00","article_modified_time":"2019-04-15T11:13:58+00:00","og_image":[{"width":800,"height":533,"url":"https:\/\/marekkuchcinski.pl\/wp-content\/uploads\/2019\/04\/wsieci.jpg","type":"image\/jpeg"}],"author":"admin","twitter_card":"summary_large_image","twitter_misc":{"Napsal(a)":"admin","Odhadovan\u00e1 doba \u010dten\u00ed":"4 minuty"},"schema":{"@context":"https:\/\/schema.org","@graph":[{"@type":"Article","@id":"https:\/\/marekkuchcinski.pl\/sk\/wydarzenia\/biezaca-kadencja-sejmu-polityczna-droga-i-reakcja-na-prasowe-insynuacje-wywiad-marszalka-sejmu-dla-tygodnika-sieci\/#article","isPartOf":{"@id":"https:\/\/marekkuchcinski.pl\/sk\/wydarzenia\/biezaca-kadencja-sejmu-polityczna-droga-i-reakcja-na-prasowe-insynuacje-wywiad-marszalka-sejmu-dla-tygodnika-sieci\/"},"author":{"name":"admin","@id":"https:\/\/marekkuchcinski.pl\/#\/schema\/person\/6f62700996b4d950b6ea2d1183b6c6be"},"headline":"Bie\u017c\u0105ca kadencja Sejmu, polityczna droga i reakcja na prasowe insynuacje. Wywiad Marsza\u0142ka Sejmu dla tygodnika \u201eSieci\u201d","datePublished":"2019-04-15T11:13:57+00:00","dateModified":"2019-04-15T11:13:58+00:00","mainEntityOfPage":{"@id":"https:\/\/marekkuchcinski.pl\/sk\/wydarzenia\/biezaca-kadencja-sejmu-polityczna-droga-i-reakcja-na-prasowe-insynuacje-wywiad-marszalka-sejmu-dla-tygodnika-sieci\/"},"wordCount":865,"commentCount":0,"publisher":{"@id":"https:\/\/marekkuchcinski.pl\/#organization"},"image":{"@id":"https:\/\/marekkuchcinski.pl\/sk\/wydarzenia\/biezaca-kadencja-sejmu-polityczna-droga-i-reakcja-na-prasowe-insynuacje-wywiad-marszalka-sejmu-dla-tygodnika-sieci\/#primaryimage"},"thumbnailUrl":"https:\/\/marekkuchcinski.pl\/wp-content\/uploads\/2019\/04\/wsieci.jpg","articleSection":["Prawo i Sprawiedliwo\u015b\u0107","Wie\u015bci z Sejmu","Wydarzenia"],"inLanguage":"cs","potentialAction":[{"@type":"CommentAction","name":"Comment","target":["https:\/\/marekkuchcinski.pl\/sk\/wydarzenia\/biezaca-kadencja-sejmu-polityczna-droga-i-reakcja-na-prasowe-insynuacje-wywiad-marszalka-sejmu-dla-tygodnika-sieci\/#respond"]}]},{"@type":"WebPage","@id":"https:\/\/marekkuchcinski.pl\/sk\/wydarzenia\/biezaca-kadencja-sejmu-polityczna-droga-i-reakcja-na-prasowe-insynuacje-wywiad-marszalka-sejmu-dla-tygodnika-sieci\/","url":"https:\/\/marekkuchcinski.pl\/sk\/wydarzenia\/biezaca-kadencja-sejmu-polityczna-droga-i-reakcja-na-prasowe-insynuacje-wywiad-marszalka-sejmu-dla-tygodnika-sieci\/","name":"Bie\u017c\u0105ca kadencja Sejmu, polityczna droga i reakcja na prasowe insynuacje. Wywiad Marsza\u0142ka Sejmu dla tygodnika \u201eSieci\u201d &#8211; Marek Kuchci\u0144ski","isPartOf":{"@id":"https:\/\/marekkuchcinski.pl\/#website"},"primaryImageOfPage":{"@id":"https:\/\/marekkuchcinski.pl\/sk\/wydarzenia\/biezaca-kadencja-sejmu-polityczna-droga-i-reakcja-na-prasowe-insynuacje-wywiad-marszalka-sejmu-dla-tygodnika-sieci\/#primaryimage"},"image":{"@id":"https:\/\/marekkuchcinski.pl\/sk\/wydarzenia\/biezaca-kadencja-sejmu-polityczna-droga-i-reakcja-na-prasowe-insynuacje-wywiad-marszalka-sejmu-dla-tygodnika-sieci\/#primaryimage"},"thumbnailUrl":"https:\/\/marekkuchcinski.pl\/wp-content\/uploads\/2019\/04\/wsieci.jpg","datePublished":"2019-04-15T11:13:57+00:00","dateModified":"2019-04-15T11:13:58+00:00","breadcrumb":{"@id":"https:\/\/marekkuchcinski.pl\/sk\/wydarzenia\/biezaca-kadencja-sejmu-polityczna-droga-i-reakcja-na-prasowe-insynuacje-wywiad-marszalka-sejmu-dla-tygodnika-sieci\/#breadcrumb"},"inLanguage":"cs","potentialAction":[{"@type":"ReadAction","target":["https:\/\/marekkuchcinski.pl\/sk\/wydarzenia\/biezaca-kadencja-sejmu-polityczna-droga-i-reakcja-na-prasowe-insynuacje-wywiad-marszalka-sejmu-dla-tygodnika-sieci\/"]}]},{"@type":"ImageObject","inLanguage":"cs","@id":"https:\/\/marekkuchcinski.pl\/sk\/wydarzenia\/biezaca-kadencja-sejmu-polityczna-droga-i-reakcja-na-prasowe-insynuacje-wywiad-marszalka-sejmu-dla-tygodnika-sieci\/#primaryimage","url":"https:\/\/marekkuchcinski.pl\/wp-content\/uploads\/2019\/04\/wsieci.jpg","contentUrl":"https:\/\/marekkuchcinski.pl\/wp-content\/uploads\/2019\/04\/wsieci.jpg","width":800,"height":533},{"@type":"BreadcrumbList","@id":"https:\/\/marekkuchcinski.pl\/sk\/wydarzenia\/biezaca-kadencja-sejmu-polityczna-droga-i-reakcja-na-prasowe-insynuacje-wywiad-marszalka-sejmu-dla-tygodnika-sieci\/#breadcrumb","itemListElement":[{"@type":"ListItem","position":1,"name":"Strona g\u0142\u00f3wna","item":"https:\/\/marekkuchcinski.pl\/"},{"@type":"ListItem","position":2,"name":"Bie\u017c\u0105ca kadencja Sejmu, polityczna droga i reakcja na prasowe insynuacje. Wywiad Marsza\u0142ka Sejmu dla tygodnika \u201eSieci\u201d"}]},{"@type":"WebSite","@id":"https:\/\/marekkuchcinski.pl\/#website","url":"https:\/\/marekkuchcinski.pl\/","name":"Marek Kuchci\u0144ski","description":"Pose\u0142 na sejm RP &ndash; okr\u0119g nr 22","publisher":{"@id":"https:\/\/marekkuchcinski.pl\/#organization"},"potentialAction":[{"@type":"SearchAction","target":{"@type":"EntryPoint","urlTemplate":"https:\/\/marekkuchcinski.pl\/?s={search_term_string}"},"query-input":{"@type":"PropertyValueSpecification","valueRequired":true,"valueName":"search_term_string"}}],"inLanguage":"cs"},{"@type":"Organization","@id":"https:\/\/marekkuchcinski.pl\/#organization","name":"Marek Kuchci\u0144ski","url":"https:\/\/marekkuchcinski.pl\/","logo":{"@type":"ImageObject","inLanguage":"cs","@id":"https:\/\/marekkuchcinski.pl\/#\/schema\/logo\/image\/","url":"https:\/\/marekkuchcinski.pl\/wp-content\/uploads\/2022\/09\/Marek.jpg","contentUrl":"https:\/\/marekkuchcinski.pl\/wp-content\/uploads\/2022\/09\/Marek.jpg","width":1600,"height":971,"caption":"Marek Kuchci\u0144ski"},"image":{"@id":"https:\/\/marekkuchcinski.pl\/#\/schema\/logo\/image\/"}},{"@type":"Person","@id":"https:\/\/marekkuchcinski.pl\/#\/schema\/person\/6f62700996b4d950b6ea2d1183b6c6be","name":"admin","image":{"@type":"ImageObject","inLanguage":"cs","@id":"https:\/\/marekkuchcinski.pl\/#\/schema\/person\/image\/","url":"https:\/\/secure.gravatar.com\/avatar\/4bab693b9d55c3d6b52c0296a8765085?s=96&d=mm&r=g","contentUrl":"https:\/\/secure.gravatar.com\/avatar\/4bab693b9d55c3d6b52c0296a8765085?s=96&d=mm&r=g","caption":"admin"},"url":"https:\/\/marekkuchcinski.pl\/cs\/author\/marta-olejnik\/"}]}},"_links":{"self":[{"href":"https:\/\/marekkuchcinski.pl\/cs\/wp-json\/wp\/v2\/posts\/14887","targetHints":{"allow":["GET"]}}],"collection":[{"href":"https:\/\/marekkuchcinski.pl\/cs\/wp-json\/wp\/v2\/posts"}],"about":[{"href":"https:\/\/marekkuchcinski.pl\/cs\/wp-json\/wp\/v2\/types\/post"}],"author":[{"embeddable":true,"href":"https:\/\/marekkuchcinski.pl\/cs\/wp-json\/wp\/v2\/users\/6"}],"replies":[{"embeddable":true,"href":"https:\/\/marekkuchcinski.pl\/cs\/wp-json\/wp\/v2\/comments?post=14887"}],"version-history":[{"count":3,"href":"https:\/\/marekkuchcinski.pl\/cs\/wp-json\/wp\/v2\/posts\/14887\/revisions"}],"predecessor-version":[{"id":14891,"href":"https:\/\/marekkuchcinski.pl\/cs\/wp-json\/wp\/v2\/posts\/14887\/revisions\/14891"}],"wp:featuredmedia":[{"embeddable":true,"href":"https:\/\/marekkuchcinski.pl\/cs\/wp-json\/wp\/v2\/media\/14889"}],"wp:attachment":[{"href":"https:\/\/marekkuchcinski.pl\/cs\/wp-json\/wp\/v2\/media?parent=14887"}],"wp:term":[{"taxonomy":"category","embeddable":true,"href":"https:\/\/marekkuchcinski.pl\/cs\/wp-json\/wp\/v2\/categories?post=14887"},{"taxonomy":"post_tag","embeddable":true,"href":"https:\/\/marekkuchcinski.pl\/cs\/wp-json\/wp\/v2\/tags?post=14887"}],"curies":[{"name":"wp","href":"https:\/\/api.w.org\/{rel}","templated":true}]}}