{"id":14752,"date":"2019-04-14T22:18:38","date_gmt":"2019-04-14T20:18:38","guid":{"rendered":"https:\/\/marekkuchcinski.pl\/?p=14752"},"modified":"2019-04-17T16:17:36","modified_gmt":"2019-04-17T14:17:36","slug":"26-spotkanie-mlodych-archidiecezji-przemyskiej","status":"publish","type":"post","link":"https:\/\/marekkuchcinski.pl\/cs\/wydarzenia\/26-spotkanie-mlodych-archidiecezji-przemyskiej\/","title":{"rendered":"26. setk\u00e1n\u00ed ml\u00e1de\u017ee p\u0159emy\u0161lsk\u00e9 arcidiec\u00e9ze"},"content":{"rendered":"<p>Srdcem ned\u011bln\u00edho Polska byla dnes Dukla. T\u00e9m\u011b\u0159 5 000 mlad\u00fdch lid\u00ed z Polska, Ukrajiny, Slovenska a Ma\u010farska p\u0159ijelo na 26. setk\u00e1n\u00ed ml\u00e1de\u017ee p\u0159emy\u0161lsk\u00e9 arcidiec\u00e9ze, kter\u00e9mu p\u0159edsedal apo\u0161tolsk\u00fd nuncius v Polsku, arcibiskup Salvatore Pennacchio.<\/p>\n\n\n\n<p>Po m\u0161i svat\u00e9 promluvil ke shrom\u00e1\u017ed\u011bn\u00fdm p\u0159edseda Sejmu. P\u0159ipomn\u011bl, \u017ee letos v \u00fanoru Sejm stanovil 14. duben jako sv\u00e1tek K\u0159tu Polska (vzhledem k v\u00fdznamu rozhodnut\u00ed M\u011b\u0161ka I., kter\u00e9 je pova\u017eov\u00e1no za po\u010d\u00e1tek polsk\u00e9ho st\u00e1tu) a letos jej slav\u00edme poprv\u00e9. <\/p>\n\n\n\n<p>V dal\u0161\u00edm pr\u016fb\u011bhu sv\u00e9ho projevu Marek Kuchci\u0144ski zd\u016fraznil \u00fasil\u00ed vl\u00e1dy o podporu mlad\u00fdch lid\u00ed:<\/p>\n\n\n\n<ul class=\"wp-block-list\"><li>Kdy\u017e mluv\u00edme o programu 500+, mysl\u00edme na podporu rodin, mlad\u00fdch lid\u00ed, na zlep\u0161en\u00ed jejich \u017eivota. <\/li><li>Sni\u017eujeme-li dan\u011b, nap\u0159\u00edklad da\u0148 z p\u0159\u00edjmu pr\u00e1vnick\u00fdch osob, je to proto, abychom podnikatel\u016fm usnadnili vytv\u00e1\u0159en\u00ed pracovn\u00edch m\u00edst a zv\u00fd\u0161ili tak zam\u011bstnanost. <\/li><li>Pokud m\u00e1me v pl\u00e1nu letos v\u016fbec zru\u0161it PIT pro mlad\u00e9 lidi, kte\u0159\u00ed pracuj\u00ed, je to proto, abychom jim zv\u00fd\u0161ili plat a usnadnili jim vstup do dosp\u011bl\u00e9ho \u017eivota. <\/li><li>Pokud jsme zavedli reformu \u0161kolstv\u00ed zru\u0161en\u00edm gymn\u00e1zi\u00ed, bylo to proto, aby mlad\u00ed lid\u00e9 vyr\u016fstali v d\u016fv\u011brn\u011b zn\u00e1m\u00e9m a bezpe\u010dn\u00e9m prost\u0159ed\u00ed z\u00e1kladn\u00ed \u0161koly a byli tak pozd\u011bji l\u00e9pe p\u0159ipraveni na st\u0159edn\u00ed \u0161kolu. <\/li><\/ul>\n\n\n\n<p>V\u0161e je t\u0159eba promyslet. A zam\u011b\u0159en\u00e9 na \u010dlov\u011bka. Ale rozhodnut\u00ed d\u011bl\u00e1me my, konkr\u00e9tn\u00ed lid\u00e9. Nejsme anonymn\u00ed dav. Z na\u0161\u00ed v\u00edry vypl\u00fdv\u00e1, \u017ee ka\u017ed\u00fd z n\u00e1s je individu\u00e1ln\u00ed a vz\u00e1cn\u00fd. Jak u\u010d\u00ed pape\u017e Franti\u0161ek - v\u00edra d\u00e1v\u00e1 smysl v\u0161emu na\u0161emu \u00fasil\u00ed. Zbavuje n\u00e1s pocitu osam\u011blosti tv\u00e1\u0159\u00ed v tv\u00e1\u0159 velk\u00e9mu sv\u011btu. A d\u00e1v\u00e1 n\u00e1m nad\u011bji, \u017ee to, co d\u011bl\u00e1me, je d\u016fle\u017eit\u00e9 a dobr\u00e9.<\/p>\n\n\n\n<p>Nejsme tedy sami a ne\u0159\u00edd\u00edme se pouze t\u00edm.\nindividu\u00e1ln\u00ed ambice. M\u00e1me rodiny, p\u0159\u00e1tele, \u017eijeme ve sv\u00fdch mal\u00fdch domovin\u00e1ch.\nJsme p\u0159\u00edslu\u0161n\u00edci n\u00e1roda, Pol\u00e1ci. \u017dijeme v na\u0161ich kr\u00e1sn\u00fdch Karpatech\n\u017dijeme v na\u0161ich kr\u00e1sn\u00fdch Karpatech v sousedstv\u00ed Slov\u00e1k\u016f, Ma\u010far\u016f a Ukrajinc\u016f a chceme s nimi \u017e\u00edt v p\u0159\u00e1telstv\u00ed.\nChceme s nimi \u017e\u00edt v p\u0159\u00e1telstv\u00ed. V jedn\u00e9 spole\u010dn\u00e9 Evrop\u011b na\u0161ich vlast\u00ed. <\/p>\n\n\n\n<p>P\u0159eji v\u00e1m v\u0161em, aby v\u00e1m \u00fa\u010dast na 26. setk\u00e1n\u00ed ml\u00e1de\u017ee p\u0159emy\u0161lsk\u00e9 arcidiec\u00e9ze dala hodn\u011b nad\u011bje a byla posilou pro velikono\u010dn\u00ed sv\u00e1tky,\" uzav\u0159el p\u0159edseda Sejmu.<\/p>\n\n\n\n<p>Po m\u0161i svat\u00e9 promluvili tak\u00e9 p\u0159emy\u0161lsk\u00fd arcibiskup Adam Szal, otec Tadeusz Rydzyk a far\u00e1\u0159 dukelsk\u00e9 farnosti svat\u00e9 M\u00e1\u0159\u00ed Magdal\u00e9ny - otec Stanis\u0142aw Siuzdak. Mezi hosty byli poslanec Bogdan Rzo\u0144ca, Krystyna Wr\u00f3blewska, podkarpatsk\u00e1 vojvodkyn\u011b Ewa Leniart a gener\u00e1ln\u00ed konzulka Ma\u010farska Adrienne K\u00f6rmendy.<\/p>\n\n\n\n<p><em>Foto: Marta Olejnik<\/em><\/p>\n\n\n\n<ul class=\"wp-block-gallery columns-1 is-cropped wp-block-gallery-1 is-layout-flex wp-block-gallery-is-layout-flex\"><li class=\"blocks-gallery-item\"><figure><img fetchpriority=\"high\" decoding=\"async\" width=\"1024\" height=\"714\" src=\"https:\/\/marekkuchcinski.pl\/wp-content\/uploads\/2019\/04\/IMG_0128-1-1024x714.jpg\" alt=\"\" data-id=\"14757\" data-link=\"https:\/\/marekkuchcinski.pl\/?attachment_id=14757\" class=\"wp-image-14757\" srcset=\"https:\/\/marekkuchcinski.pl\/wp-content\/uploads\/2019\/04\/IMG_0128-1-1024x714.jpg 1024w, https:\/\/marekkuchcinski.pl\/wp-content\/uploads\/2019\/04\/IMG_0128-1-300x209.jpg 300w, https:\/\/marekkuchcinski.pl\/wp-content\/uploads\/2019\/04\/IMG_0128-1-768x535.jpg 768w, https:\/\/marekkuchcinski.pl\/wp-content\/uploads\/2019\/04\/IMG_0128-1.jpg 2048w\" sizes=\"(max-width: 1024px) 100vw, 1024px\" \/><\/figure><\/li><li class=\"blocks-gallery-item\"><figure><img decoding=\"async\" width=\"1024\" height=\"637\" src=\"https:\/\/marekkuchcinski.pl\/wp-content\/uploads\/2019\/04\/IMG_0258-1-1024x637.jpg\" alt=\"\" data-id=\"14763\" data-link=\"https:\/\/marekkuchcinski.pl\/?attachment_id=14763\" class=\"wp-image-14763\" srcset=\"https:\/\/marekkuchcinski.pl\/wp-content\/uploads\/2019\/04\/IMG_0258-1-1024x637.jpg 1024w, https:\/\/marekkuchcinski.pl\/wp-content\/uploads\/2019\/04\/IMG_0258-1-300x187.jpg 300w, https:\/\/marekkuchcinski.pl\/wp-content\/uploads\/2019\/04\/IMG_0258-1-768x478.jpg 768w, https:\/\/marekkuchcinski.pl\/wp-content\/uploads\/2019\/04\/IMG_0258-1.jpg 2048w\" sizes=\"(max-width: 1024px) 100vw, 1024px\" \/><\/figure><\/li><li class=\"blocks-gallery-item\"><figure><img decoding=\"async\" width=\"1024\" height=\"707\" src=\"https:\/\/marekkuchcinski.pl\/wp-content\/uploads\/2019\/04\/IMG_0289-1-1024x707.jpg\" alt=\"\" data-id=\"14765\" data-link=\"https:\/\/marekkuchcinski.pl\/?attachment_id=14765\" class=\"wp-image-14765\" srcset=\"https:\/\/marekkuchcinski.pl\/wp-content\/uploads\/2019\/04\/IMG_0289-1-1024x707.jpg 1024w, https:\/\/marekkuchcinski.pl\/wp-content\/uploads\/2019\/04\/IMG_0289-1-300x207.jpg 300w, https:\/\/marekkuchcinski.pl\/wp-content\/uploads\/2019\/04\/IMG_0289-1-768x530.jpg 768w, https:\/\/marekkuchcinski.pl\/wp-content\/uploads\/2019\/04\/IMG_0289-1.jpg 2048w\" sizes=\"(max-width: 1024px) 100vw, 1024px\" \/><\/figure><\/li><li class=\"blocks-gallery-item\"><figure><img loading=\"lazy\" decoding=\"async\" width=\"1024\" height=\"683\" src=\"https:\/\/marekkuchcinski.pl\/wp-content\/uploads\/2019\/04\/IMG_0332-1024x683.jpg\" alt=\"\" data-id=\"14770\" data-link=\"https:\/\/marekkuchcinski.pl\/?attachment_id=14770\" class=\"wp-image-14770\" srcset=\"https:\/\/marekkuchcinski.pl\/wp-content\/uploads\/2019\/04\/IMG_0332-1024x683.jpg 1024w, https:\/\/marekkuchcinski.pl\/wp-content\/uploads\/2019\/04\/IMG_0332-300x200.jpg 300w, https:\/\/marekkuchcinski.pl\/wp-content\/uploads\/2019\/04\/IMG_0332-768x512.jpg 768w, https:\/\/marekkuchcinski.pl\/wp-content\/uploads\/2019\/04\/IMG_0332.jpg 2048w\" sizes=\"(max-width: 1024px) 100vw, 1024px\" \/><\/figure><\/li><li class=\"blocks-gallery-item\"><figure><img loading=\"lazy\" decoding=\"async\" width=\"1024\" height=\"688\" src=\"https:\/\/marekkuchcinski.pl\/wp-content\/uploads\/2019\/04\/IMG_0335-1024x688.jpg\" alt=\"\" data-id=\"14773\" data-link=\"https:\/\/marekkuchcinski.pl\/?attachment_id=14773\" class=\"wp-image-14773\" srcset=\"https:\/\/marekkuchcinski.pl\/wp-content\/uploads\/2019\/04\/IMG_0335-1024x688.jpg 1024w, https:\/\/marekkuchcinski.pl\/wp-content\/uploads\/2019\/04\/IMG_0335-300x202.jpg 300w, https:\/\/marekkuchcinski.pl\/wp-content\/uploads\/2019\/04\/IMG_0335-768x516.jpg 768w, https:\/\/marekkuchcinski.pl\/wp-content\/uploads\/2019\/04\/IMG_0335.jpg 2048w\" sizes=\"(max-width: 1024px) 100vw, 1024px\" \/><\/figure><\/li><li class=\"blocks-gallery-item\"><figure><img loading=\"lazy\" decoding=\"async\" width=\"1024\" height=\"665\" src=\"https:\/\/marekkuchcinski.pl\/wp-content\/uploads\/2019\/04\/IMG_0370-1024x665.jpg\" alt=\"\" data-id=\"14775\" data-link=\"https:\/\/marekkuchcinski.pl\/?attachment_id=14775\" class=\"wp-image-14775\" srcset=\"https:\/\/marekkuchcinski.pl\/wp-content\/uploads\/2019\/04\/IMG_0370-1024x665.jpg 1024w, https:\/\/marekkuchcinski.pl\/wp-content\/uploads\/2019\/04\/IMG_0370-300x195.jpg 300w, https:\/\/marekkuchcinski.pl\/wp-content\/uploads\/2019\/04\/IMG_0370-768x499.jpg 768w, https:\/\/marekkuchcinski.pl\/wp-content\/uploads\/2019\/04\/IMG_0370.jpg 2048w\" sizes=\"(max-width: 1024px) 100vw, 1024px\" \/><\/figure><\/li><li class=\"blocks-gallery-item\"><figure><img loading=\"lazy\" decoding=\"async\" width=\"1024\" height=\"695\" src=\"https:\/\/marekkuchcinski.pl\/wp-content\/uploads\/2019\/04\/IMG_9723-1024x695.jpg\" alt=\"\" data-id=\"14783\" data-link=\"https:\/\/marekkuchcinski.pl\/?attachment_id=14783\" class=\"wp-image-14783\" srcset=\"https:\/\/marekkuchcinski.pl\/wp-content\/uploads\/2019\/04\/IMG_9723-1024x695.jpg 1024w, https:\/\/marekkuchcinski.pl\/wp-content\/uploads\/2019\/04\/IMG_9723-300x204.jpg 300w, https:\/\/marekkuchcinski.pl\/wp-content\/uploads\/2019\/04\/IMG_9723-768x521.jpg 768w, https:\/\/marekkuchcinski.pl\/wp-content\/uploads\/2019\/04\/IMG_9723.jpg 2048w\" sizes=\"(max-width: 1024px) 100vw, 1024px\" \/><\/figure><\/li><li class=\"blocks-gallery-item\"><figure><img loading=\"lazy\" decoding=\"async\" width=\"1024\" height=\"684\" src=\"https:\/\/marekkuchcinski.pl\/wp-content\/uploads\/2019\/04\/IMG_9751-1024x684.jpg\" alt=\"\" data-id=\"14785\" data-link=\"https:\/\/marekkuchcinski.pl\/?attachment_id=14785\" class=\"wp-image-14785\" srcset=\"https:\/\/marekkuchcinski.pl\/wp-content\/uploads\/2019\/04\/IMG_9751-1024x684.jpg 1024w, https:\/\/marekkuchcinski.pl\/wp-content\/uploads\/2019\/04\/IMG_9751-300x201.jpg 300w, https:\/\/marekkuchcinski.pl\/wp-content\/uploads\/2019\/04\/IMG_9751-768x513.jpg 768w, https:\/\/marekkuchcinski.pl\/wp-content\/uploads\/2019\/04\/IMG_9751.jpg 2048w\" sizes=\"(max-width: 1024px) 100vw, 1024px\" \/><\/figure><\/li><li class=\"blocks-gallery-item\"><figure><img loading=\"lazy\" decoding=\"async\" width=\"1024\" height=\"681\" src=\"https:\/\/marekkuchcinski.pl\/wp-content\/uploads\/2019\/04\/IMG_9763-1024x681.jpg\" alt=\"\" data-id=\"14786\" data-link=\"https:\/\/marekkuchcinski.pl\/?attachment_id=14786\" class=\"wp-image-14786\" srcset=\"https:\/\/marekkuchcinski.pl\/wp-content\/uploads\/2019\/04\/IMG_9763-1024x681.jpg 1024w, https:\/\/marekkuchcinski.pl\/wp-content\/uploads\/2019\/04\/IMG_9763-300x199.jpg 300w, https:\/\/marekkuchcinski.pl\/wp-content\/uploads\/2019\/04\/IMG_9763-768x511.jpg 768w, https:\/\/marekkuchcinski.pl\/wp-content\/uploads\/2019\/04\/IMG_9763.jpg 2048w\" sizes=\"(max-width: 1024px) 100vw, 1024px\" \/><\/figure><\/li><li class=\"blocks-gallery-item\"><figure><img loading=\"lazy\" decoding=\"async\" width=\"1024\" height=\"684\" src=\"https:\/\/marekkuchcinski.pl\/wp-content\/uploads\/2019\/04\/IMG_9778-1024x684.jpg\" alt=\"\" data-id=\"14788\" data-link=\"https:\/\/marekkuchcinski.pl\/?attachment_id=14788\" class=\"wp-image-14788\" srcset=\"https:\/\/marekkuchcinski.pl\/wp-content\/uploads\/2019\/04\/IMG_9778-1024x684.jpg 1024w, https:\/\/marekkuchcinski.pl\/wp-content\/uploads\/2019\/04\/IMG_9778-300x200.jpg 300w, https:\/\/marekkuchcinski.pl\/wp-content\/uploads\/2019\/04\/IMG_9778-768x513.jpg 768w, https:\/\/marekkuchcinski.pl\/wp-content\/uploads\/2019\/04\/IMG_9778.jpg 2048w\" sizes=\"(max-width: 1024px) 100vw, 1024px\" \/><\/figure><\/li><li class=\"blocks-gallery-item\"><figure><img loading=\"lazy\" decoding=\"async\" width=\"1024\" height=\"668\" src=\"https:\/\/marekkuchcinski.pl\/wp-content\/uploads\/2019\/04\/IMG_9795-1024x668.jpg\" alt=\"\" data-id=\"14789\" data-link=\"https:\/\/marekkuchcinski.pl\/?attachment_id=14789\" class=\"wp-image-14789\" srcset=\"https:\/\/marekkuchcinski.pl\/wp-content\/uploads\/2019\/04\/IMG_9795-1024x668.jpg 1024w, https:\/\/marekkuchcinski.pl\/wp-content\/uploads\/2019\/04\/IMG_9795-300x196.jpg 300w, https:\/\/marekkuchcinski.pl\/wp-content\/uploads\/2019\/04\/IMG_9795-768x501.jpg 768w, https:\/\/marekkuchcinski.pl\/wp-content\/uploads\/2019\/04\/IMG_9795.jpg 2048w\" sizes=\"(max-width: 1024px) 100vw, 1024px\" \/><\/figure><\/li><li class=\"blocks-gallery-item\"><figure><img loading=\"lazy\" decoding=\"async\" width=\"1024\" height=\"682\" src=\"https:\/\/marekkuchcinski.pl\/wp-content\/uploads\/2019\/04\/IMG_9804-1024x682.jpg\" alt=\"\" data-id=\"14790\" data-link=\"https:\/\/marekkuchcinski.pl\/?attachment_id=14790\" class=\"wp-image-14790\" srcset=\"https:\/\/marekkuchcinski.pl\/wp-content\/uploads\/2019\/04\/IMG_9804-1024x682.jpg 1024w, https:\/\/marekkuchcinski.pl\/wp-content\/uploads\/2019\/04\/IMG_9804-300x200.jpg 300w, https:\/\/marekkuchcinski.pl\/wp-content\/uploads\/2019\/04\/IMG_9804-768x511.jpg 768w, https:\/\/marekkuchcinski.pl\/wp-content\/uploads\/2019\/04\/IMG_9804.jpg 2048w\" sizes=\"(max-width: 1024px) 100vw, 1024px\" \/><\/figure><\/li><li class=\"blocks-gallery-item\"><figure><img loading=\"lazy\" decoding=\"async\" width=\"1024\" height=\"649\" src=\"https:\/\/marekkuchcinski.pl\/wp-content\/uploads\/2019\/04\/IMG_9808-1024x649.jpg\" alt=\"\" data-id=\"14791\" data-link=\"https:\/\/marekkuchcinski.pl\/?attachment_id=14791\" class=\"wp-image-14791\" srcset=\"https:\/\/marekkuchcinski.pl\/wp-content\/uploads\/2019\/04\/IMG_9808-1024x649.jpg 1024w, https:\/\/marekkuchcinski.pl\/wp-content\/uploads\/2019\/04\/IMG_9808-300x190.jpg 300w, https:\/\/marekkuchcinski.pl\/wp-content\/uploads\/2019\/04\/IMG_9808-768x487.jpg 768w, https:\/\/marekkuchcinski.pl\/wp-content\/uploads\/2019\/04\/IMG_9808.jpg 2048w\" sizes=\"(max-width: 1024px) 100vw, 1024px\" \/><\/figure><\/li><li class=\"blocks-gallery-item\"><figure><img loading=\"lazy\" decoding=\"async\" width=\"1024\" height=\"697\" src=\"https:\/\/marekkuchcinski.pl\/wp-content\/uploads\/2019\/04\/IMG_9838-1024x697.jpg\" alt=\"\" data-id=\"14794\" data-link=\"https:\/\/marekkuchcinski.pl\/?attachment_id=14794\" class=\"wp-image-14794\" srcset=\"https:\/\/marekkuchcinski.pl\/wp-content\/uploads\/2019\/04\/IMG_9838-1024x697.jpg 1024w, https:\/\/marekkuchcinski.pl\/wp-content\/uploads\/2019\/04\/IMG_9838-300x204.jpg 300w, https:\/\/marekkuchcinski.pl\/wp-content\/uploads\/2019\/04\/IMG_9838-768x523.jpg 768w, https:\/\/marekkuchcinski.pl\/wp-content\/uploads\/2019\/04\/IMG_9838.jpg 2048w\" sizes=\"(max-width: 1024px) 100vw, 1024px\" \/><\/figure><\/li><li class=\"blocks-gallery-item\"><figure><img loading=\"lazy\" decoding=\"async\" width=\"1024\" height=\"719\" src=\"https:\/\/marekkuchcinski.pl\/wp-content\/uploads\/2019\/04\/IMG_9841-2-1024x719.jpg\" alt=\"\" data-id=\"14796\" data-link=\"https:\/\/marekkuchcinski.pl\/?attachment_id=14796\" class=\"wp-image-14796\" srcset=\"https:\/\/marekkuchcinski.pl\/wp-content\/uploads\/2019\/04\/IMG_9841-2-1024x719.jpg 1024w, https:\/\/marekkuchcinski.pl\/wp-content\/uploads\/2019\/04\/IMG_9841-2-300x211.jpg 300w, https:\/\/marekkuchcinski.pl\/wp-content\/uploads\/2019\/04\/IMG_9841-2-768x539.jpg 768w, https:\/\/marekkuchcinski.pl\/wp-content\/uploads\/2019\/04\/IMG_9841-2.jpg 2048w\" sizes=\"(max-width: 1024px) 100vw, 1024px\" \/><\/figure><\/li><li class=\"blocks-gallery-item\"><figure><img loading=\"lazy\" decoding=\"async\" width=\"1024\" height=\"686\" src=\"https:\/\/marekkuchcinski.pl\/wp-content\/uploads\/2019\/04\/IMG_9848-1024x686.jpg\" alt=\"\" data-id=\"14798\" data-link=\"https:\/\/marekkuchcinski.pl\/?attachment_id=14798\" class=\"wp-image-14798\" srcset=\"https:\/\/marekkuchcinski.pl\/wp-content\/uploads\/2019\/04\/IMG_9848-1024x686.jpg 1024w, https:\/\/marekkuchcinski.pl\/wp-content\/uploads\/2019\/04\/IMG_9848-300x201.jpg 300w, https:\/\/marekkuchcinski.pl\/wp-content\/uploads\/2019\/04\/IMG_9848-768x515.jpg 768w, https:\/\/marekkuchcinski.pl\/wp-content\/uploads\/2019\/04\/IMG_9848.jpg 2048w\" sizes=\"(max-width: 1024px) 100vw, 1024px\" \/><\/figure><\/li><li class=\"blocks-gallery-item\"><figure><img loading=\"lazy\" decoding=\"async\" width=\"1024\" height=\"758\" src=\"https:\/\/marekkuchcinski.pl\/wp-content\/uploads\/2019\/04\/IMG_9875-1024x758.jpg\" alt=\"\" data-id=\"14800\" data-link=\"https:\/\/marekkuchcinski.pl\/?attachment_id=14800\" class=\"wp-image-14800\" srcset=\"https:\/\/marekkuchcinski.pl\/wp-content\/uploads\/2019\/04\/IMG_9875-1024x758.jpg 1024w, https:\/\/marekkuchcinski.pl\/wp-content\/uploads\/2019\/04\/IMG_9875-300x222.jpg 300w, https:\/\/marekkuchcinski.pl\/wp-content\/uploads\/2019\/04\/IMG_9875-768x568.jpg 768w, https:\/\/marekkuchcinski.pl\/wp-content\/uploads\/2019\/04\/IMG_9875.jpg 2048w\" sizes=\"(max-width: 1024px) 100vw, 1024px\" \/><\/figure><\/li><li class=\"blocks-gallery-item\"><figure><img loading=\"lazy\" decoding=\"async\" width=\"1024\" height=\"647\" src=\"https:\/\/marekkuchcinski.pl\/wp-content\/uploads\/2019\/04\/IMG_9895-1024x647.jpg\" alt=\"\" data-id=\"14802\" data-link=\"https:\/\/marekkuchcinski.pl\/?attachment_id=14802\" class=\"wp-image-14802\" srcset=\"https:\/\/marekkuchcinski.pl\/wp-content\/uploads\/2019\/04\/IMG_9895-1024x647.jpg 1024w, https:\/\/marekkuchcinski.pl\/wp-content\/uploads\/2019\/04\/IMG_9895-300x190.jpg 300w, https:\/\/marekkuchcinski.pl\/wp-content\/uploads\/2019\/04\/IMG_9895-768x485.jpg 768w, https:\/\/marekkuchcinski.pl\/wp-content\/uploads\/2019\/04\/IMG_9895.jpg 2048w\" sizes=\"(max-width: 1024px) 100vw, 1024px\" \/><\/figure><\/li><li class=\"blocks-gallery-item\"><figure><img loading=\"lazy\" decoding=\"async\" width=\"1024\" height=\"683\" src=\"https:\/\/marekkuchcinski.pl\/wp-content\/uploads\/2019\/04\/IMG_9912-1024x683.jpg\" alt=\"\" data-id=\"14804\" data-link=\"https:\/\/marekkuchcinski.pl\/?attachment_id=14804\" class=\"wp-image-14804\" srcset=\"https:\/\/marekkuchcinski.pl\/wp-content\/uploads\/2019\/04\/IMG_9912-1024x683.jpg 1024w, https:\/\/marekkuchcinski.pl\/wp-content\/uploads\/2019\/04\/IMG_9912-300x200.jpg 300w, https:\/\/marekkuchcinski.pl\/wp-content\/uploads\/2019\/04\/IMG_9912-768x512.jpg 768w, https:\/\/marekkuchcinski.pl\/wp-content\/uploads\/2019\/04\/IMG_9912.jpg 2048w\" sizes=\"(max-width: 1024px) 100vw, 1024px\" \/><figcaption><br><br><br><br><br><br><\/figcaption><\/figure><\/li><li class=\"blocks-gallery-item\"><figure><img loading=\"lazy\" decoding=\"async\" width=\"1024\" height=\"683\" src=\"https:\/\/marekkuchcinski.pl\/wp-content\/uploads\/2019\/04\/IMG_9953-1024x683.jpg\" alt=\"\" data-id=\"14808\" data-link=\"https:\/\/marekkuchcinski.pl\/?attachment_id=14808\" class=\"wp-image-14808\" srcset=\"https:\/\/marekkuchcinski.pl\/wp-content\/uploads\/2019\/04\/IMG_9953-1024x683.jpg 1024w, https:\/\/marekkuchcinski.pl\/wp-content\/uploads\/2019\/04\/IMG_9953-300x200.jpg 300w, https:\/\/marekkuchcinski.pl\/wp-content\/uploads\/2019\/04\/IMG_9953-768x512.jpg 768w, https:\/\/marekkuchcinski.pl\/wp-content\/uploads\/2019\/04\/IMG_9953.jpg 2048w\" sizes=\"(max-width: 1024px) 100vw, 1024px\" \/><\/figure><\/li><li class=\"blocks-gallery-item\"><figure><img loading=\"lazy\" decoding=\"async\" width=\"1024\" height=\"683\" src=\"https:\/\/marekkuchcinski.pl\/wp-content\/uploads\/2019\/04\/IMG_9997-1024x683.jpg\" alt=\"\" data-id=\"14811\" data-link=\"https:\/\/marekkuchcinski.pl\/?attachment_id=14811\" class=\"wp-image-14811\" srcset=\"https:\/\/marekkuchcinski.pl\/wp-content\/uploads\/2019\/04\/IMG_9997-1024x683.jpg 1024w, https:\/\/marekkuchcinski.pl\/wp-content\/uploads\/2019\/04\/IMG_9997-300x200.jpg 300w, https:\/\/marekkuchcinski.pl\/wp-content\/uploads\/2019\/04\/IMG_9997-768x512.jpg 768w, https:\/\/marekkuchcinski.pl\/wp-content\/uploads\/2019\/04\/IMG_9997.jpg 2048w\" sizes=\"(max-width: 1024px) 100vw, 1024px\" \/><\/figure><\/li><li class=\"blocks-gallery-item\"><figure><img loading=\"lazy\" decoding=\"async\" width=\"1024\" height=\"667\" src=\"https:\/\/marekkuchcinski.pl\/wp-content\/uploads\/2019\/04\/IMG_9985-1024x667.jpg\" alt=\"\" data-id=\"14859\" data-link=\"https:\/\/marekkuchcinski.pl\/wydarzenia\/26-spotkanie-mlodych-archidiecezji-przemyskiej\/attachment\/img_9985\/\" class=\"wp-image-14859\" srcset=\"https:\/\/marekkuchcinski.pl\/wp-content\/uploads\/2019\/04\/IMG_9985-1024x667.jpg 1024w, https:\/\/marekkuchcinski.pl\/wp-content\/uploads\/2019\/04\/IMG_9985-300x195.jpg 300w, https:\/\/marekkuchcinski.pl\/wp-content\/uploads\/2019\/04\/IMG_9985-768x500.jpg 768w, https:\/\/marekkuchcinski.pl\/wp-content\/uploads\/2019\/04\/IMG_9985.jpg 2048w\" sizes=\"(max-width: 1024px) 100vw, 1024px\" \/><\/figure><\/li><li class=\"blocks-gallery-item\"><figure><img loading=\"lazy\" decoding=\"async\" width=\"1024\" height=\"713\" src=\"https:\/\/marekkuchcinski.pl\/wp-content\/uploads\/2019\/04\/IMG_9884-1024x713.jpg\" alt=\"\" data-id=\"14866\" data-link=\"https:\/\/marekkuchcinski.pl\/wydarzenia\/26-spotkanie-mlodych-archidiecezji-przemyskiej\/attachment\/img_9884\/\" class=\"wp-image-14866\" srcset=\"https:\/\/marekkuchcinski.pl\/wp-content\/uploads\/2019\/04\/IMG_9884-1024x713.jpg 1024w, https:\/\/marekkuchcinski.pl\/wp-content\/uploads\/2019\/04\/IMG_9884-300x209.jpg 300w, https:\/\/marekkuchcinski.pl\/wp-content\/uploads\/2019\/04\/IMG_9884-768x535.jpg 768w, https:\/\/marekkuchcinski.pl\/wp-content\/uploads\/2019\/04\/IMG_9884.jpg 2048w\" sizes=\"(max-width: 1024px) 100vw, 1024px\" \/><\/figure><\/li><\/ul>\n\n\n\n<figure class=\"wp-block-image\"><img loading=\"lazy\" decoding=\"async\" width=\"1024\" height=\"593\" src=\"https:\/\/marekkuchcinski.pl\/wp-content\/uploads\/2019\/04\/szak-2-1024x593.jpg\" alt=\"\" class=\"wp-image-14929\" srcset=\"https:\/\/marekkuchcinski.pl\/wp-content\/uploads\/2019\/04\/szak-2-1024x593.jpg 1024w, https:\/\/marekkuchcinski.pl\/wp-content\/uploads\/2019\/04\/szak-2-300x174.jpg 300w, https:\/\/marekkuchcinski.pl\/wp-content\/uploads\/2019\/04\/szak-2-768x445.jpg 768w, https:\/\/marekkuchcinski.pl\/wp-content\/uploads\/2019\/04\/szak-2.jpg 2048w\" sizes=\"(max-width: 1024px) 100vw, 1024px\" \/><\/figure>\n\n\n\n<figure class=\"wp-block-image\"><img loading=\"lazy\" decoding=\"async\" width=\"1024\" height=\"753\" src=\"https:\/\/marekkuchcinski.pl\/wp-content\/uploads\/2019\/04\/IMG_9938-1024x753.jpg\" alt=\"\" class=\"wp-image-14806\" srcset=\"https:\/\/marekkuchcinski.pl\/wp-content\/uploads\/2019\/04\/IMG_9938-1024x753.jpg 1024w, https:\/\/marekkuchcinski.pl\/wp-content\/uploads\/2019\/04\/IMG_9938-300x221.jpg 300w, https:\/\/marekkuchcinski.pl\/wp-content\/uploads\/2019\/04\/IMG_9938-768x565.jpg 768w, https:\/\/marekkuchcinski.pl\/wp-content\/uploads\/2019\/04\/IMG_9938.jpg 2048w\" sizes=\"(max-width: 1024px) 100vw, 1024px\" \/><\/figure>\n\n\n\n<figure class=\"wp-block-image\"><img loading=\"lazy\" decoding=\"async\" width=\"1024\" height=\"683\" src=\"https:\/\/marekkuchcinski.pl\/wp-content\/uploads\/2019\/04\/IMG_9928-1024x683.jpg\" alt=\"\" class=\"wp-image-14945\" srcset=\"https:\/\/marekkuchcinski.pl\/wp-content\/uploads\/2019\/04\/IMG_9928-1024x683.jpg 1024w, https:\/\/marekkuchcinski.pl\/wp-content\/uploads\/2019\/04\/IMG_9928-300x200.jpg 300w, https:\/\/marekkuchcinski.pl\/wp-content\/uploads\/2019\/04\/IMG_9928-768x512.jpg 768w, https:\/\/marekkuchcinski.pl\/wp-content\/uploads\/2019\/04\/IMG_9928.jpg 2048w\" sizes=\"(max-width: 1024px) 100vw, 1024px\" \/><\/figure>\n\n\n\n<figure class=\"wp-block-image\"><img loading=\"lazy\" decoding=\"async\" width=\"1024\" height=\"683\" src=\"https:\/\/marekkuchcinski.pl\/wp-content\/uploads\/2019\/04\/IMG_0041-1024x683.jpg\" alt=\"\" class=\"wp-image-14901\" srcset=\"https:\/\/marekkuchcinski.pl\/wp-content\/uploads\/2019\/04\/IMG_0041-1024x683.jpg 1024w, https:\/\/marekkuchcinski.pl\/wp-content\/uploads\/2019\/04\/IMG_0041-300x200.jpg 300w, https:\/\/marekkuchcinski.pl\/wp-content\/uploads\/2019\/04\/IMG_0041-768x512.jpg 768w, https:\/\/marekkuchcinski.pl\/wp-content\/uploads\/2019\/04\/IMG_0041.jpg 2048w\" sizes=\"(max-width: 1024px) 100vw, 1024px\" \/><\/figure>\n\n\n\n<figure class=\"wp-block-image\"><img loading=\"lazy\" decoding=\"async\" width=\"1024\" height=\"646\" src=\"https:\/\/marekkuchcinski.pl\/wp-content\/uploads\/2019\/04\/IMG_0321-1024x646.jpg\" alt=\"\" class=\"wp-image-14893\" srcset=\"https:\/\/marekkuchcinski.pl\/wp-content\/uploads\/2019\/04\/IMG_0321-1024x646.jpg 1024w, https:\/\/marekkuchcinski.pl\/wp-content\/uploads\/2019\/04\/IMG_0321-300x189.jpg 300w, https:\/\/marekkuchcinski.pl\/wp-content\/uploads\/2019\/04\/IMG_0321-768x485.jpg 768w, https:\/\/marekkuchcinski.pl\/wp-content\/uploads\/2019\/04\/IMG_0321.jpg 2048w\" sizes=\"(max-width: 1024px) 100vw, 1024px\" \/><\/figure>\n\n\n\n<figure class=\"wp-block-image\"><img loading=\"lazy\" decoding=\"async\" width=\"1024\" height=\"624\" src=\"https:\/\/marekkuchcinski.pl\/wp-content\/uploads\/2019\/04\/IMG_0066-3-1024x624.jpg\" alt=\"\" class=\"wp-image-14841\" srcset=\"https:\/\/marekkuchcinski.pl\/wp-content\/uploads\/2019\/04\/IMG_0066-3-1024x624.jpg 1024w, https:\/\/marekkuchcinski.pl\/wp-content\/uploads\/2019\/04\/IMG_0066-3-300x183.jpg 300w, https:\/\/marekkuchcinski.pl\/wp-content\/uploads\/2019\/04\/IMG_0066-3-768x468.jpg 768w, https:\/\/marekkuchcinski.pl\/wp-content\/uploads\/2019\/04\/IMG_0066-3.jpg 2048w\" sizes=\"(max-width: 1024px) 100vw, 1024px\" \/><\/figure>\n\n\n\n<figure class=\"wp-block-image\"><img loading=\"lazy\" decoding=\"async\" width=\"1024\" height=\"723\" src=\"https:\/\/marekkuchcinski.pl\/wp-content\/uploads\/2019\/04\/IMG_0452-2-1024x723.jpg\" alt=\"\" class=\"wp-image-14842\" srcset=\"https:\/\/marekkuchcinski.pl\/wp-content\/uploads\/2019\/04\/IMG_0452-2-1024x723.jpg 1024w, https:\/\/marekkuchcinski.pl\/wp-content\/uploads\/2019\/04\/IMG_0452-2-300x212.jpg 300w, https:\/\/marekkuchcinski.pl\/wp-content\/uploads\/2019\/04\/IMG_0452-2-768x543.jpg 768w, https:\/\/marekkuchcinski.pl\/wp-content\/uploads\/2019\/04\/IMG_0452-2.jpg 2048w\" sizes=\"(max-width: 1024px) 100vw, 1024px\" \/><\/figure>\n\n\n\n<figure class=\"wp-block-image\"><img loading=\"lazy\" decoding=\"async\" width=\"1024\" height=\"718\" src=\"https:\/\/marekkuchcinski.pl\/wp-content\/uploads\/2019\/04\/IMG_0414-1-1024x718.jpg\" alt=\"\" class=\"wp-image-14843\" srcset=\"https:\/\/marekkuchcinski.pl\/wp-content\/uploads\/2019\/04\/IMG_0414-1-1024x718.jpg 1024w, https:\/\/marekkuchcinski.pl\/wp-content\/uploads\/2019\/04\/IMG_0414-1-300x210.jpg 300w, https:\/\/marekkuchcinski.pl\/wp-content\/uploads\/2019\/04\/IMG_0414-1-768x539.jpg 768w, https:\/\/marekkuchcinski.pl\/wp-content\/uploads\/2019\/04\/IMG_0414-1.jpg 2048w\" sizes=\"(max-width: 1024px) 100vw, 1024px\" \/><\/figure>\n\n\n\n<p> <\/p>\n\n\n\n<figure class=\"wp-block-embed-youtube wp-block-embed is-type-video is-provider-youtube wp-embed-aspect-16-9 wp-has-aspect-ratio\"><div class=\"wp-block-embed__wrapper\">\n<iframe title=\"Kv\u011btn\u00e1 ned\u011ble - Setk\u00e1n\u00ed ml\u00e1de\u017ee p\u0159emy\u0161lsk\u00e9 arcidiec\u00e9ze - Dukla 2019\" width=\"800\" height=\"450\" src=\"https:\/\/www.youtube.com\/embed\/jOoE_moukpU?start=5961&#038;feature=oembed\" frameborder=\"0\" allow=\"accelerometer; autoplay; clipboard-write; encrypted-media; gyroscope; picture-in-picture\" allowfullscreen><\/iframe>\n<\/div><\/figure>\n\n\n\n<p><\/p>","protected":false},"excerpt":{"rendered":"<p>Dzi\u015b sercem niedzielnopalmowej Polski by\u0142a Dukla. Na 26. Spotkanie M\u0142odych Archidiecezji Przemyskiej zjecha\u0142o blisko 5 tys. m\u0142odzie\u017cy z Polski, Ukrainy, S\u0142owacji i W\u0119gier, a mszy \u015bw. przewodniczy\u0142 nuncjusz apostolski w Polsce abp Salvatore Pennacchio. Po mszy do zgromadzonych s\u0142owa skierowa\u0142 marsza\u0142ek Sejmu, kt\u00f3ry przypomnia\u0142, \u017ce w lutym br. Sejm ustanowi\u0142 14 kwietnia \u015awi\u0119tem Chrztu Polski [&hellip;]<\/p>","protected":false},"author":6,"featured_media":14881,"comment_status":"open","ping_status":"open","sticky":false,"template":"","format":"standard","meta":{"ngg_post_thumbnail":0,"footnotes":""},"categories":[49,82,50,3],"tags":[],"class_list":["post-14752","post","type-post","status-publish","format-standard","has-post-thumbnail","hentry","category-podkarpacie","category-prawo-i-sprawiedliwosc","category-wspolpraca-miedzynarodowa","category-wydarzenia"],"yoast_head":"<!-- This site is optimized with the Yoast SEO plugin v24.7 - https:\/\/yoast.com\/wordpress\/plugins\/seo\/ -->\n<title>26. Spotkanie M\u0142odych Archidiecezji Przemyskiej &#8211; Marek Kuchci\u0144ski<\/title>\n<meta name=\"robots\" content=\"index, follow, max-snippet:-1, max-image-preview:large, max-video-preview:-1\" \/>\n<link rel=\"canonical\" href=\"https:\/\/marekkuchcinski.pl\/cs\/wydarzenia\/26-spotkanie-mlodych-archidiecezji-przemyskiej\/\" \/>\n<meta property=\"og:locale\" content=\"cs_CZ\" \/>\n<meta property=\"og:type\" content=\"article\" \/>\n<meta property=\"og:title\" content=\"26. Spotkanie M\u0142odych Archidiecezji Przemyskiej &#8211; Marek Kuchci\u0144ski\" \/>\n<meta property=\"og:description\" content=\"Dzi\u015b sercem niedzielnopalmowej Polski by\u0142a Dukla. Na 26. Spotkanie M\u0142odych Archidiecezji Przemyskiej zjecha\u0142o blisko 5 tys. m\u0142odzie\u017cy z Polski, Ukrainy, S\u0142owacji i W\u0119gier, a mszy \u015bw. przewodniczy\u0142 nuncjusz apostolski w Polsce abp Salvatore Pennacchio. Po mszy do zgromadzonych s\u0142owa skierowa\u0142 marsza\u0142ek Sejmu, kt\u00f3ry przypomnia\u0142, \u017ce w lutym br. Sejm ustanowi\u0142 14 kwietnia \u015awi\u0119tem Chrztu Polski [&hellip;]\" \/>\n<meta property=\"og:url\" content=\"https:\/\/marekkuchcinski.pl\/cs\/wydarzenia\/26-spotkanie-mlodych-archidiecezji-przemyskiej\/\" \/>\n<meta property=\"og:site_name\" content=\"Marek Kuchci\u0144ski\" \/>\n<meta property=\"article:published_time\" content=\"2019-04-14T20:18:38+00:00\" \/>\n<meta property=\"article:modified_time\" content=\"2019-04-17T14:17:36+00:00\" \/>\n<meta property=\"og:image\" content=\"https:\/\/marekkuchcinski.pl\/wp-content\/uploads\/2019\/04\/IMG_0335-1.jpg\" \/>\n\t<meta property=\"og:image:width\" content=\"2048\" \/>\n\t<meta property=\"og:image:height\" content=\"1458\" \/>\n\t<meta property=\"og:image:type\" content=\"image\/jpeg\" \/>\n<meta name=\"author\" content=\"admin\" \/>\n<meta name=\"twitter:card\" content=\"summary_large_image\" \/>\n<meta name=\"twitter:label1\" content=\"Napsal(a)\" \/>\n\t<meta name=\"twitter:data1\" content=\"admin\" \/>\n\t<meta name=\"twitter:label2\" content=\"Odhadovan\u00e1 doba \u010dten\u00ed\" \/>\n\t<meta name=\"twitter:data2\" content=\"2 minuty\" \/>\n<script type=\"application\/ld+json\" class=\"yoast-schema-graph\">{\"@context\":\"https:\/\/schema.org\",\"@graph\":[{\"@type\":\"Article\",\"@id\":\"https:\/\/marekkuchcinski.pl\/ro\/wydarzenia\/26-spotkanie-mlodych-archidiecezji-przemyskiej\/#article\",\"isPartOf\":{\"@id\":\"https:\/\/marekkuchcinski.pl\/ro\/wydarzenia\/26-spotkanie-mlodych-archidiecezji-przemyskiej\/\"},\"author\":{\"name\":\"admin\",\"@id\":\"https:\/\/marekkuchcinski.pl\/#\/schema\/person\/6f62700996b4d950b6ea2d1183b6c6be\"},\"headline\":\"26. Spotkanie M\u0142odych Archidiecezji Przemyskiej\",\"datePublished\":\"2019-04-14T20:18:38+00:00\",\"dateModified\":\"2019-04-17T14:17:36+00:00\",\"mainEntityOfPage\":{\"@id\":\"https:\/\/marekkuchcinski.pl\/ro\/wydarzenia\/26-spotkanie-mlodych-archidiecezji-przemyskiej\/\"},\"wordCount\":459,\"commentCount\":0,\"publisher\":{\"@id\":\"https:\/\/marekkuchcinski.pl\/#organization\"},\"image\":{\"@id\":\"https:\/\/marekkuchcinski.pl\/ro\/wydarzenia\/26-spotkanie-mlodych-archidiecezji-przemyskiej\/#primaryimage\"},\"thumbnailUrl\":\"https:\/\/marekkuchcinski.pl\/wp-content\/uploads\/2019\/04\/IMG_0335-1.jpg\",\"articleSection\":[\"Podkarpacie\",\"Prawo i Sprawiedliwo\u015b\u0107\",\"Wsp\u00f3\u0142praca mi\u0119dzynarodowa\",\"Wydarzenia\"],\"inLanguage\":\"cs\",\"potentialAction\":[{\"@type\":\"CommentAction\",\"name\":\"Comment\",\"target\":[\"https:\/\/marekkuchcinski.pl\/ro\/wydarzenia\/26-spotkanie-mlodych-archidiecezji-przemyskiej\/#respond\"]}]},{\"@type\":\"WebPage\",\"@id\":\"https:\/\/marekkuchcinski.pl\/ro\/wydarzenia\/26-spotkanie-mlodych-archidiecezji-przemyskiej\/\",\"url\":\"https:\/\/marekkuchcinski.pl\/ro\/wydarzenia\/26-spotkanie-mlodych-archidiecezji-przemyskiej\/\",\"name\":\"26. Spotkanie M\u0142odych Archidiecezji Przemyskiej &#8211; Marek Kuchci\u0144ski\",\"isPartOf\":{\"@id\":\"https:\/\/marekkuchcinski.pl\/#website\"},\"primaryImageOfPage\":{\"@id\":\"https:\/\/marekkuchcinski.pl\/ro\/wydarzenia\/26-spotkanie-mlodych-archidiecezji-przemyskiej\/#primaryimage\"},\"image\":{\"@id\":\"https:\/\/marekkuchcinski.pl\/ro\/wydarzenia\/26-spotkanie-mlodych-archidiecezji-przemyskiej\/#primaryimage\"},\"thumbnailUrl\":\"https:\/\/marekkuchcinski.pl\/wp-content\/uploads\/2019\/04\/IMG_0335-1.jpg\",\"datePublished\":\"2019-04-14T20:18:38+00:00\",\"dateModified\":\"2019-04-17T14:17:36+00:00\",\"breadcrumb\":{\"@id\":\"https:\/\/marekkuchcinski.pl\/ro\/wydarzenia\/26-spotkanie-mlodych-archidiecezji-przemyskiej\/#breadcrumb\"},\"inLanguage\":\"cs\",\"potentialAction\":[{\"@type\":\"ReadAction\",\"target\":[\"https:\/\/marekkuchcinski.pl\/ro\/wydarzenia\/26-spotkanie-mlodych-archidiecezji-przemyskiej\/\"]}]},{\"@type\":\"ImageObject\",\"inLanguage\":\"cs\",\"@id\":\"https:\/\/marekkuchcinski.pl\/ro\/wydarzenia\/26-spotkanie-mlodych-archidiecezji-przemyskiej\/#primaryimage\",\"url\":\"https:\/\/marekkuchcinski.pl\/wp-content\/uploads\/2019\/04\/IMG_0335-1.jpg\",\"contentUrl\":\"https:\/\/marekkuchcinski.pl\/wp-content\/uploads\/2019\/04\/IMG_0335-1.jpg\",\"width\":2048,\"height\":1458},{\"@type\":\"BreadcrumbList\",\"@id\":\"https:\/\/marekkuchcinski.pl\/ro\/wydarzenia\/26-spotkanie-mlodych-archidiecezji-przemyskiej\/#breadcrumb\",\"itemListElement\":[{\"@type\":\"ListItem\",\"position\":1,\"name\":\"Strona g\u0142\u00f3wna\",\"item\":\"https:\/\/marekkuchcinski.pl\/\"},{\"@type\":\"ListItem\",\"position\":2,\"name\":\"26. Spotkanie M\u0142odych Archidiecezji Przemyskiej\"}]},{\"@type\":\"WebSite\",\"@id\":\"https:\/\/marekkuchcinski.pl\/#website\",\"url\":\"https:\/\/marekkuchcinski.pl\/\",\"name\":\"Marek Kuchci\u0144ski\",\"description\":\"Pose\u0142 na sejm RP &ndash; okr\u0119g nr 22\",\"publisher\":{\"@id\":\"https:\/\/marekkuchcinski.pl\/#organization\"},\"potentialAction\":[{\"@type\":\"SearchAction\",\"target\":{\"@type\":\"EntryPoint\",\"urlTemplate\":\"https:\/\/marekkuchcinski.pl\/?s={search_term_string}\"},\"query-input\":{\"@type\":\"PropertyValueSpecification\",\"valueRequired\":true,\"valueName\":\"search_term_string\"}}],\"inLanguage\":\"cs\"},{\"@type\":\"Organization\",\"@id\":\"https:\/\/marekkuchcinski.pl\/#organization\",\"name\":\"Marek Kuchci\u0144ski\",\"url\":\"https:\/\/marekkuchcinski.pl\/\",\"logo\":{\"@type\":\"ImageObject\",\"inLanguage\":\"cs\",\"@id\":\"https:\/\/marekkuchcinski.pl\/#\/schema\/logo\/image\/\",\"url\":\"https:\/\/marekkuchcinski.pl\/wp-content\/uploads\/2022\/09\/Marek.jpg\",\"contentUrl\":\"https:\/\/marekkuchcinski.pl\/wp-content\/uploads\/2022\/09\/Marek.jpg\",\"width\":1600,\"height\":971,\"caption\":\"Marek Kuchci\u0144ski\"},\"image\":{\"@id\":\"https:\/\/marekkuchcinski.pl\/#\/schema\/logo\/image\/\"}},{\"@type\":\"Person\",\"@id\":\"https:\/\/marekkuchcinski.pl\/#\/schema\/person\/6f62700996b4d950b6ea2d1183b6c6be\",\"name\":\"admin\",\"image\":{\"@type\":\"ImageObject\",\"inLanguage\":\"cs\",\"@id\":\"https:\/\/marekkuchcinski.pl\/#\/schema\/person\/image\/\",\"url\":\"https:\/\/secure.gravatar.com\/avatar\/4bab693b9d55c3d6b52c0296a8765085?s=96&d=mm&r=g\",\"contentUrl\":\"https:\/\/secure.gravatar.com\/avatar\/4bab693b9d55c3d6b52c0296a8765085?s=96&d=mm&r=g\",\"caption\":\"admin\"},\"url\":\"https:\/\/marekkuchcinski.pl\/cs\/author\/marta-olejnik\/\"}]}<\/script>\n<!-- \/ Yoast SEO plugin. -->","yoast_head_json":{"title":"26. Spotkanie M\u0142odych Archidiecezji Przemyskiej &#8211; Marek Kuchci\u0144ski","robots":{"index":"index","follow":"follow","max-snippet":"max-snippet:-1","max-image-preview":"max-image-preview:large","max-video-preview":"max-video-preview:-1"},"canonical":"https:\/\/marekkuchcinski.pl\/cs\/wydarzenia\/26-spotkanie-mlodych-archidiecezji-przemyskiej\/","og_locale":"cs_CZ","og_type":"article","og_title":"26. Spotkanie M\u0142odych Archidiecezji Przemyskiej &#8211; Marek Kuchci\u0144ski","og_description":"Dzi\u015b sercem niedzielnopalmowej Polski by\u0142a Dukla. Na 26. Spotkanie M\u0142odych Archidiecezji Przemyskiej zjecha\u0142o blisko 5 tys. m\u0142odzie\u017cy z Polski, Ukrainy, S\u0142owacji i W\u0119gier, a mszy \u015bw. przewodniczy\u0142 nuncjusz apostolski w Polsce abp Salvatore Pennacchio. Po mszy do zgromadzonych s\u0142owa skierowa\u0142 marsza\u0142ek Sejmu, kt\u00f3ry przypomnia\u0142, \u017ce w lutym br. Sejm ustanowi\u0142 14 kwietnia \u015awi\u0119tem Chrztu Polski [&hellip;]","og_url":"https:\/\/marekkuchcinski.pl\/cs\/wydarzenia\/26-spotkanie-mlodych-archidiecezji-przemyskiej\/","og_site_name":"Marek Kuchci\u0144ski","article_published_time":"2019-04-14T20:18:38+00:00","article_modified_time":"2019-04-17T14:17:36+00:00","og_image":[{"width":2048,"height":1458,"url":"https:\/\/marekkuchcinski.pl\/wp-content\/uploads\/2019\/04\/IMG_0335-1.jpg","type":"image\/jpeg"}],"author":"admin","twitter_card":"summary_large_image","twitter_misc":{"Napsal(a)":"admin","Odhadovan\u00e1 doba \u010dten\u00ed":"2 minuty"},"schema":{"@context":"https:\/\/schema.org","@graph":[{"@type":"Article","@id":"https:\/\/marekkuchcinski.pl\/ro\/wydarzenia\/26-spotkanie-mlodych-archidiecezji-przemyskiej\/#article","isPartOf":{"@id":"https:\/\/marekkuchcinski.pl\/ro\/wydarzenia\/26-spotkanie-mlodych-archidiecezji-przemyskiej\/"},"author":{"name":"admin","@id":"https:\/\/marekkuchcinski.pl\/#\/schema\/person\/6f62700996b4d950b6ea2d1183b6c6be"},"headline":"26. Spotkanie M\u0142odych Archidiecezji Przemyskiej","datePublished":"2019-04-14T20:18:38+00:00","dateModified":"2019-04-17T14:17:36+00:00","mainEntityOfPage":{"@id":"https:\/\/marekkuchcinski.pl\/ro\/wydarzenia\/26-spotkanie-mlodych-archidiecezji-przemyskiej\/"},"wordCount":459,"commentCount":0,"publisher":{"@id":"https:\/\/marekkuchcinski.pl\/#organization"},"image":{"@id":"https:\/\/marekkuchcinski.pl\/ro\/wydarzenia\/26-spotkanie-mlodych-archidiecezji-przemyskiej\/#primaryimage"},"thumbnailUrl":"https:\/\/marekkuchcinski.pl\/wp-content\/uploads\/2019\/04\/IMG_0335-1.jpg","articleSection":["Podkarpacie","Prawo i Sprawiedliwo\u015b\u0107","Wsp\u00f3\u0142praca mi\u0119dzynarodowa","Wydarzenia"],"inLanguage":"cs","potentialAction":[{"@type":"CommentAction","name":"Comment","target":["https:\/\/marekkuchcinski.pl\/ro\/wydarzenia\/26-spotkanie-mlodych-archidiecezji-przemyskiej\/#respond"]}]},{"@type":"WebPage","@id":"https:\/\/marekkuchcinski.pl\/ro\/wydarzenia\/26-spotkanie-mlodych-archidiecezji-przemyskiej\/","url":"https:\/\/marekkuchcinski.pl\/ro\/wydarzenia\/26-spotkanie-mlodych-archidiecezji-przemyskiej\/","name":"26. Spotkanie M\u0142odych Archidiecezji Przemyskiej &#8211; Marek Kuchci\u0144ski","isPartOf":{"@id":"https:\/\/marekkuchcinski.pl\/#website"},"primaryImageOfPage":{"@id":"https:\/\/marekkuchcinski.pl\/ro\/wydarzenia\/26-spotkanie-mlodych-archidiecezji-przemyskiej\/#primaryimage"},"image":{"@id":"https:\/\/marekkuchcinski.pl\/ro\/wydarzenia\/26-spotkanie-mlodych-archidiecezji-przemyskiej\/#primaryimage"},"thumbnailUrl":"https:\/\/marekkuchcinski.pl\/wp-content\/uploads\/2019\/04\/IMG_0335-1.jpg","datePublished":"2019-04-14T20:18:38+00:00","dateModified":"2019-04-17T14:17:36+00:00","breadcrumb":{"@id":"https:\/\/marekkuchcinski.pl\/ro\/wydarzenia\/26-spotkanie-mlodych-archidiecezji-przemyskiej\/#breadcrumb"},"inLanguage":"cs","potentialAction":[{"@type":"ReadAction","target":["https:\/\/marekkuchcinski.pl\/ro\/wydarzenia\/26-spotkanie-mlodych-archidiecezji-przemyskiej\/"]}]},{"@type":"ImageObject","inLanguage":"cs","@id":"https:\/\/marekkuchcinski.pl\/ro\/wydarzenia\/26-spotkanie-mlodych-archidiecezji-przemyskiej\/#primaryimage","url":"https:\/\/marekkuchcinski.pl\/wp-content\/uploads\/2019\/04\/IMG_0335-1.jpg","contentUrl":"https:\/\/marekkuchcinski.pl\/wp-content\/uploads\/2019\/04\/IMG_0335-1.jpg","width":2048,"height":1458},{"@type":"BreadcrumbList","@id":"https:\/\/marekkuchcinski.pl\/ro\/wydarzenia\/26-spotkanie-mlodych-archidiecezji-przemyskiej\/#breadcrumb","itemListElement":[{"@type":"ListItem","position":1,"name":"Strona g\u0142\u00f3wna","item":"https:\/\/marekkuchcinski.pl\/"},{"@type":"ListItem","position":2,"name":"26. Spotkanie M\u0142odych Archidiecezji Przemyskiej"}]},{"@type":"WebSite","@id":"https:\/\/marekkuchcinski.pl\/#website","url":"https:\/\/marekkuchcinski.pl\/","name":"Marek Kuchci\u0144ski","description":"Pose\u0142 na sejm RP &ndash; okr\u0119g nr 22","publisher":{"@id":"https:\/\/marekkuchcinski.pl\/#organization"},"potentialAction":[{"@type":"SearchAction","target":{"@type":"EntryPoint","urlTemplate":"https:\/\/marekkuchcinski.pl\/?s={search_term_string}"},"query-input":{"@type":"PropertyValueSpecification","valueRequired":true,"valueName":"search_term_string"}}],"inLanguage":"cs"},{"@type":"Organization","@id":"https:\/\/marekkuchcinski.pl\/#organization","name":"Marek Kuchci\u0144ski","url":"https:\/\/marekkuchcinski.pl\/","logo":{"@type":"ImageObject","inLanguage":"cs","@id":"https:\/\/marekkuchcinski.pl\/#\/schema\/logo\/image\/","url":"https:\/\/marekkuchcinski.pl\/wp-content\/uploads\/2022\/09\/Marek.jpg","contentUrl":"https:\/\/marekkuchcinski.pl\/wp-content\/uploads\/2022\/09\/Marek.jpg","width":1600,"height":971,"caption":"Marek Kuchci\u0144ski"},"image":{"@id":"https:\/\/marekkuchcinski.pl\/#\/schema\/logo\/image\/"}},{"@type":"Person","@id":"https:\/\/marekkuchcinski.pl\/#\/schema\/person\/6f62700996b4d950b6ea2d1183b6c6be","name":"admin","image":{"@type":"ImageObject","inLanguage":"cs","@id":"https:\/\/marekkuchcinski.pl\/#\/schema\/person\/image\/","url":"https:\/\/secure.gravatar.com\/avatar\/4bab693b9d55c3d6b52c0296a8765085?s=96&d=mm&r=g","contentUrl":"https:\/\/secure.gravatar.com\/avatar\/4bab693b9d55c3d6b52c0296a8765085?s=96&d=mm&r=g","caption":"admin"},"url":"https:\/\/marekkuchcinski.pl\/cs\/author\/marta-olejnik\/"}]}},"_links":{"self":[{"href":"https:\/\/marekkuchcinski.pl\/cs\/wp-json\/wp\/v2\/posts\/14752","targetHints":{"allow":["GET"]}}],"collection":[{"href":"https:\/\/marekkuchcinski.pl\/cs\/wp-json\/wp\/v2\/posts"}],"about":[{"href":"https:\/\/marekkuchcinski.pl\/cs\/wp-json\/wp\/v2\/types\/post"}],"author":[{"embeddable":true,"href":"https:\/\/marekkuchcinski.pl\/cs\/wp-json\/wp\/v2\/users\/6"}],"replies":[{"embeddable":true,"href":"https:\/\/marekkuchcinski.pl\/cs\/wp-json\/wp\/v2\/comments?post=14752"}],"version-history":[{"count":35,"href":"https:\/\/marekkuchcinski.pl\/cs\/wp-json\/wp\/v2\/posts\/14752\/revisions"}],"predecessor-version":[{"id":14946,"href":"https:\/\/marekkuchcinski.pl\/cs\/wp-json\/wp\/v2\/posts\/14752\/revisions\/14946"}],"wp:featuredmedia":[{"embeddable":true,"href":"https:\/\/marekkuchcinski.pl\/cs\/wp-json\/wp\/v2\/media\/14881"}],"wp:attachment":[{"href":"https:\/\/marekkuchcinski.pl\/cs\/wp-json\/wp\/v2\/media?parent=14752"}],"wp:term":[{"taxonomy":"category","embeddable":true,"href":"https:\/\/marekkuchcinski.pl\/cs\/wp-json\/wp\/v2\/categories?post=14752"},{"taxonomy":"post_tag","embeddable":true,"href":"https:\/\/marekkuchcinski.pl\/cs\/wp-json\/wp\/v2\/tags?post=14752"}],"curies":[{"name":"wp","href":"https:\/\/api.w.org\/{rel}","templated":true}]}}