{"id":14714,"date":"2019-04-12T10:20:16","date_gmt":"2019-04-12T08:20:16","guid":{"rendered":"https:\/\/marekkuchcinski.pl\/?p=14714"},"modified":"2019-04-12T13:37:59","modified_gmt":"2019-04-12T11:37:59","slug":"rzad-prawa-i-sprawiedliwosci-wzmacnia-klase-srednia-wyklad-premiera-morawieckiego-w-tk","status":"publish","type":"post","link":"https:\/\/marekkuchcinski.pl\/cs\/wydarzenia\/rzad-prawa-i-sprawiedliwosci-wzmacnia-klase-srednia-wyklad-premiera-morawieckiego-w-tk\/","title":{"rendered":"Vl\u00e1da Pr\u00e1va a spravedlnosti posiluje st\u0159edn\u00ed t\u0159\u00eddu. P\u0159edn\u00e1\u0161ka premi\u00e9ra Morawieck\u00e9ho na TK"},"content":{"rendered":"<p>P\u0159edseda vl\u00e1dy p\u0159ednesl p\u0159edn\u00e1\u0161ku na \u00dastavn\u00edm soudu\ns n\u00e1zvem. \"Demokratick\u00fd kapitalismus pro v\u0161echny, ne pro p\u00e1r vyvolen\u00fdch\".&nbsp;<\/p>\n\n\n\n<p>Premi\u00e9r zd\u016fraznil, \u017ee vl\u00e1da podnik\u00e1 kroky k tomu.\nzv\u00fd\u0161it dosah st\u0159edn\u00ed t\u0159\u00eddy v Polsku. Jak zd\u016fraznil, je nutn\u00e9 hledat\ntzv. t\u0159et\u00ed cesta - demokratick\u00fd kapitalismus. Jedn\u00e1 se o typ\norganizace st\u00e1tu a trhu, kter\u00e1 p\u0159i zachov\u00e1n\u00ed kapitalistick\u00e9 ekonomiky posiluje demokracii.\nposiluje demokracii. Pr\u00e1v\u011b demokratick\u00fd kapitalismus je z\u00e1kladem ekonomick\u00e9ho \u00fasp\u011bchu zem\u011b.\nhospod\u00e1\u0159sk\u00fd \u00fasp\u011bch z\u00e1padn\u00edch zem\u00ed,\" \u0159ekl Mateusz\nMorawiecki. Pos\u00edlen\u00ed demokratick\u00fdch princip\u016f voln\u00e9ho trhu je nejlep\u0161\u00ed.\nmy\u0161lenka hospod\u00e1\u0159sk\u00e9ho rozvoje,\" dodal.<\/p>\n\n\n\n<p>Premi\u00e9r zd\u016fraznil, \u017ee vl\u00e1da ponech\u00e1v\u00e1 polskou m\u011bnu v platnosti jako\nd\u016fle\u017eit\u00fdm prvkem hospod\u00e1\u0159sk\u00e9 politiky. Jak zhodnotil, p\u0159ijet\u00ed eura a dopady\ntakov\u00e9ho kroku bude z\u00e1viset na \u00farovni hospod\u00e1\u0159sk\u00e9ho rozvoje dan\u00e9 zem\u011b a struktu\u0159e jej\u00ed ekonomiky.\nhospod\u00e1\u0159sk\u00fd rozvoj dan\u00e9 zem\u011b a strukturu jej\u00ed ekonomiky.<\/p>\n\n\n\n<p>\u0160\u00e9f vl\u00e1dy zd\u016fraznil, \u017ee Polsko sv\u00fdm hlasov\u00e1n\u00edm v Evropsk\u00e9 rad\u011b\nEvropsk\u00e1 rada se sna\u017e\u00ed bojovat proti da\u0148ov\u00fdm r\u00e1j\u016fm, kter\u00e9 jsou zneu\u017e\u00edv\u00e1ny\nvelk\u00fdmi spole\u010dnostmi.<\/p>\n\n\n\n<p>Mateusz Morawiecki p\u0159ipomn\u011bl, \u017ee Evropsk\u00e1 komise se velmi pozitivn\u011b vyjad\u0159uje o na\u0161em hospod\u00e1\u0159sk\u00e9m a soci\u00e1ln\u00edm modelu, kter\u00fd odstranil d\u011btskou chudobu a p\u0159ivedl vylou\u010den\u00e9 skupiny do hlavn\u00edho proudu spole\u010dnosti.<\/p>\n\n\n\n<p><em>zdroj: KPRM<\/em><\/p>\n\n\n\n<p><em>Foto: Marta Olejnik<\/em><\/p>\n\n\n\n<p><\/p>\n\n\n\n<figure class=\"wp-block-image\"><img fetchpriority=\"high\" decoding=\"async\" width=\"1024\" height=\"683\" src=\"https:\/\/marekkuchcinski.pl\/wp-content\/uploads\/2019\/04\/IMG_9234-1024x683.jpg\" alt=\"\" class=\"wp-image-14718\" srcset=\"https:\/\/marekkuchcinski.pl\/wp-content\/uploads\/2019\/04\/IMG_9234-1024x683.jpg 1024w, https:\/\/marekkuchcinski.pl\/wp-content\/uploads\/2019\/04\/IMG_9234-300x200.jpg 300w, https:\/\/marekkuchcinski.pl\/wp-content\/uploads\/2019\/04\/IMG_9234-768x512.jpg 768w, https:\/\/marekkuchcinski.pl\/wp-content\/uploads\/2019\/04\/IMG_9234.jpg 2048w\" sizes=\"(max-width: 1024px) 100vw, 1024px\" \/><\/figure>\n\n\n\n<figure class=\"wp-block-image\"><img decoding=\"async\" width=\"1024\" height=\"858\" src=\"https:\/\/marekkuchcinski.pl\/wp-content\/uploads\/2019\/04\/IMG_9110-1024x858.jpg\" alt=\"\" class=\"wp-image-14719\" srcset=\"https:\/\/marekkuchcinski.pl\/wp-content\/uploads\/2019\/04\/IMG_9110-1024x858.jpg 1024w, https:\/\/marekkuchcinski.pl\/wp-content\/uploads\/2019\/04\/IMG_9110-300x251.jpg 300w, https:\/\/marekkuchcinski.pl\/wp-content\/uploads\/2019\/04\/IMG_9110-768x643.jpg 768w, https:\/\/marekkuchcinski.pl\/wp-content\/uploads\/2019\/04\/IMG_9110.jpg 2048w\" sizes=\"(max-width: 1024px) 100vw, 1024px\" \/><\/figure>\n\n\n\n<figure class=\"wp-block-image\"><img decoding=\"async\" width=\"1024\" height=\"725\" src=\"https:\/\/marekkuchcinski.pl\/wp-content\/uploads\/2019\/04\/IMG_9117-1024x725.jpg\" alt=\"\" class=\"wp-image-14720\" srcset=\"https:\/\/marekkuchcinski.pl\/wp-content\/uploads\/2019\/04\/IMG_9117-1024x725.jpg 1024w, https:\/\/marekkuchcinski.pl\/wp-content\/uploads\/2019\/04\/IMG_9117-300x212.jpg 300w, https:\/\/marekkuchcinski.pl\/wp-content\/uploads\/2019\/04\/IMG_9117-768x544.jpg 768w, https:\/\/marekkuchcinski.pl\/wp-content\/uploads\/2019\/04\/IMG_9117.jpg 2048w\" sizes=\"(max-width: 1024px) 100vw, 1024px\" \/><\/figure>\n\n\n\n<figure class=\"wp-block-image\"><img loading=\"lazy\" decoding=\"async\" width=\"1024\" height=\"746\" src=\"https:\/\/marekkuchcinski.pl\/wp-content\/uploads\/2019\/04\/IMG_9118-1024x746.jpg\" alt=\"\" class=\"wp-image-14721\" srcset=\"https:\/\/marekkuchcinski.pl\/wp-content\/uploads\/2019\/04\/IMG_9118-1024x746.jpg 1024w, https:\/\/marekkuchcinski.pl\/wp-content\/uploads\/2019\/04\/IMG_9118-300x219.jpg 300w, https:\/\/marekkuchcinski.pl\/wp-content\/uploads\/2019\/04\/IMG_9118-768x559.jpg 768w, https:\/\/marekkuchcinski.pl\/wp-content\/uploads\/2019\/04\/IMG_9118.jpg 2048w\" sizes=\"(max-width: 1024px) 100vw, 1024px\" \/><\/figure>\n\n\n\n<figure class=\"wp-block-image\"><img loading=\"lazy\" decoding=\"async\" width=\"1024\" height=\"681\" src=\"https:\/\/marekkuchcinski.pl\/wp-content\/uploads\/2019\/04\/IMG_9162-1024x681.jpg\" alt=\"\" class=\"wp-image-14722\" srcset=\"https:\/\/marekkuchcinski.pl\/wp-content\/uploads\/2019\/04\/IMG_9162-1024x681.jpg 1024w, https:\/\/marekkuchcinski.pl\/wp-content\/uploads\/2019\/04\/IMG_9162-300x199.jpg 300w, https:\/\/marekkuchcinski.pl\/wp-content\/uploads\/2019\/04\/IMG_9162-768x511.jpg 768w, https:\/\/marekkuchcinski.pl\/wp-content\/uploads\/2019\/04\/IMG_9162.jpg 2048w\" sizes=\"(max-width: 1024px) 100vw, 1024px\" \/><\/figure>\n\n\n\n<figure class=\"wp-block-image\"><img loading=\"lazy\" decoding=\"async\" width=\"1024\" height=\"706\" src=\"https:\/\/marekkuchcinski.pl\/wp-content\/uploads\/2019\/04\/IMG_9172-1024x706.jpg\" alt=\"\" class=\"wp-image-14723\" srcset=\"https:\/\/marekkuchcinski.pl\/wp-content\/uploads\/2019\/04\/IMG_9172-1024x706.jpg 1024w, https:\/\/marekkuchcinski.pl\/wp-content\/uploads\/2019\/04\/IMG_9172-300x207.jpg 300w, https:\/\/marekkuchcinski.pl\/wp-content\/uploads\/2019\/04\/IMG_9172-768x530.jpg 768w, https:\/\/marekkuchcinski.pl\/wp-content\/uploads\/2019\/04\/IMG_9172.jpg 2048w\" sizes=\"(max-width: 1024px) 100vw, 1024px\" \/><\/figure>\n\n\n\n<figure class=\"wp-block-image\"><img loading=\"lazy\" decoding=\"async\" width=\"1024\" height=\"692\" src=\"https:\/\/marekkuchcinski.pl\/wp-content\/uploads\/2019\/04\/IMG_9176-1024x692.jpg\" alt=\"\" class=\"wp-image-14724\" srcset=\"https:\/\/marekkuchcinski.pl\/wp-content\/uploads\/2019\/04\/IMG_9176-1024x692.jpg 1024w, https:\/\/marekkuchcinski.pl\/wp-content\/uploads\/2019\/04\/IMG_9176-300x203.jpg 300w, https:\/\/marekkuchcinski.pl\/wp-content\/uploads\/2019\/04\/IMG_9176-768x519.jpg 768w, https:\/\/marekkuchcinski.pl\/wp-content\/uploads\/2019\/04\/IMG_9176.jpg 2048w\" sizes=\"(max-width: 1024px) 100vw, 1024px\" \/><\/figure>\n\n\n\n<figure class=\"wp-block-image\"><img loading=\"lazy\" decoding=\"async\" width=\"1024\" height=\"707\" src=\"https:\/\/marekkuchcinski.pl\/wp-content\/uploads\/2019\/04\/IMG_9263-1024x707.jpg\" alt=\"\" class=\"wp-image-14725\" srcset=\"https:\/\/marekkuchcinski.pl\/wp-content\/uploads\/2019\/04\/IMG_9263-1024x707.jpg 1024w, https:\/\/marekkuchcinski.pl\/wp-content\/uploads\/2019\/04\/IMG_9263-300x207.jpg 300w, https:\/\/marekkuchcinski.pl\/wp-content\/uploads\/2019\/04\/IMG_9263-768x530.jpg 768w, https:\/\/marekkuchcinski.pl\/wp-content\/uploads\/2019\/04\/IMG_9263.jpg 2048w\" sizes=\"(max-width: 1024px) 100vw, 1024px\" \/><\/figure>\n\n\n\n<figure class=\"wp-block-image\"><img loading=\"lazy\" decoding=\"async\" width=\"1024\" height=\"683\" src=\"https:\/\/marekkuchcinski.pl\/wp-content\/uploads\/2019\/04\/IMG_9301-1024x683.jpg\" alt=\"\" class=\"wp-image-14726\" srcset=\"https:\/\/marekkuchcinski.pl\/wp-content\/uploads\/2019\/04\/IMG_9301-1024x683.jpg 1024w, https:\/\/marekkuchcinski.pl\/wp-content\/uploads\/2019\/04\/IMG_9301-300x200.jpg 300w, https:\/\/marekkuchcinski.pl\/wp-content\/uploads\/2019\/04\/IMG_9301-768x512.jpg 768w, https:\/\/marekkuchcinski.pl\/wp-content\/uploads\/2019\/04\/IMG_9301.jpg 2048w\" sizes=\"(max-width: 1024px) 100vw, 1024px\" \/><\/figure>","protected":false},"excerpt":{"rendered":"<p>Szef rz\u0105du wyg\u0142osi\u0142 w Trybunale Konstytucyjnym wyk\u0142ad pt.&nbsp;\u201eDemokratyczny kapitalizm dla wszystkich, a nie dla nielicznych\u201d.&nbsp; Premier podkre\u015bli\u0142, \u017ce rz\u0105d podejmuje dzia\u0142ania maj\u0105ce na celu wzrost zasi\u0119gu klasy \u015bredniej w Polsce. Jak zaznaczy\u0142, nale\u017cy poszukiwa\u0107 tzw. trzeciej drogi \u2013 kapitalizmu demokratycznego. Chodzi o taki rodzaj organizacji pa\u0144stwa i rynku, kt\u00f3ry z zachowaniem kapitalistycznej gospodarki wzmacnia demokracj\u0119.&nbsp;To [&hellip;]<\/p>","protected":false},"author":6,"featured_media":0,"comment_status":"open","ping_status":"open","sticky":false,"template":"","format":"standard","meta":{"ngg_post_thumbnail":0,"footnotes":""},"categories":[82,3],"tags":[],"class_list":["post-14714","post","type-post","status-publish","format-standard","hentry","category-prawo-i-sprawiedliwosc","category-wydarzenia"],"yoast_head":"<!-- This site is optimized with the Yoast SEO plugin v24.7 - https:\/\/yoast.com\/wordpress\/plugins\/seo\/ -->\n<title>Rz\u0105d Prawa i Sprawiedliwo\u015bci wzmacnia klas\u0119 \u015bredni\u0105. Wyk\u0142ad premiera Morawieckiego w TK &#8211; Marek Kuchci\u0144ski<\/title>\n<meta name=\"robots\" content=\"index, follow, max-snippet:-1, max-image-preview:large, max-video-preview:-1\" \/>\n<link rel=\"canonical\" href=\"https:\/\/marekkuchcinski.pl\/cs\/wydarzenia\/rzad-prawa-i-sprawiedliwosci-wzmacnia-klase-srednia-wyklad-premiera-morawieckiego-w-tk\/\" \/>\n<meta property=\"og:locale\" content=\"cs_CZ\" \/>\n<meta property=\"og:type\" content=\"article\" \/>\n<meta property=\"og:title\" content=\"Rz\u0105d Prawa i Sprawiedliwo\u015bci wzmacnia klas\u0119 \u015bredni\u0105. Wyk\u0142ad premiera Morawieckiego w TK &#8211; Marek Kuchci\u0144ski\" \/>\n<meta property=\"og:description\" content=\"Szef rz\u0105du wyg\u0142osi\u0142 w Trybunale Konstytucyjnym wyk\u0142ad pt.&nbsp;\u201eDemokratyczny kapitalizm dla wszystkich, a nie dla nielicznych\u201d.&nbsp; Premier podkre\u015bli\u0142, \u017ce rz\u0105d podejmuje dzia\u0142ania maj\u0105ce na celu wzrost zasi\u0119gu klasy \u015bredniej w Polsce. Jak zaznaczy\u0142, nale\u017cy poszukiwa\u0107 tzw. trzeciej drogi \u2013 kapitalizmu demokratycznego. Chodzi o taki rodzaj organizacji pa\u0144stwa i rynku, kt\u00f3ry z zachowaniem kapitalistycznej gospodarki wzmacnia demokracj\u0119.&nbsp;To [&hellip;]\" \/>\n<meta property=\"og:url\" content=\"https:\/\/marekkuchcinski.pl\/cs\/wydarzenia\/rzad-prawa-i-sprawiedliwosci-wzmacnia-klase-srednia-wyklad-premiera-morawieckiego-w-tk\/\" \/>\n<meta property=\"og:site_name\" content=\"Marek Kuchci\u0144ski\" \/>\n<meta property=\"article:published_time\" content=\"2019-04-12T08:20:16+00:00\" \/>\n<meta property=\"article:modified_time\" content=\"2019-04-12T11:37:59+00:00\" \/>\n<meta property=\"og:image\" content=\"https:\/\/marekkuchcinski.pl\/wp-content\/uploads\/2019\/04\/IMG_9234-1024x683.jpg\" \/>\n<meta name=\"author\" content=\"admin\" \/>\n<meta name=\"twitter:card\" content=\"summary_large_image\" \/>\n<meta name=\"twitter:label1\" content=\"Napsal(a)\" \/>\n\t<meta name=\"twitter:data1\" content=\"admin\" \/>\n\t<meta name=\"twitter:label2\" content=\"Odhadovan\u00e1 doba \u010dten\u00ed\" \/>\n\t<meta name=\"twitter:data2\" content=\"1 minuta\" \/>\n<script type=\"application\/ld+json\" class=\"yoast-schema-graph\">{\"@context\":\"https:\/\/schema.org\",\"@graph\":[{\"@type\":\"Article\",\"@id\":\"https:\/\/marekkuchcinski.pl\/wydarzenia\/rzad-prawa-i-sprawiedliwosci-wzmacnia-klase-srednia-wyklad-premiera-morawieckiego-w-tk\/#article\",\"isPartOf\":{\"@id\":\"https:\/\/marekkuchcinski.pl\/wydarzenia\/rzad-prawa-i-sprawiedliwosci-wzmacnia-klase-srednia-wyklad-premiera-morawieckiego-w-tk\/\"},\"author\":{\"name\":\"admin\",\"@id\":\"https:\/\/marekkuchcinski.pl\/#\/schema\/person\/6f62700996b4d950b6ea2d1183b6c6be\"},\"headline\":\"Rz\u0105d Prawa i Sprawiedliwo\u015bci wzmacnia klas\u0119 \u015bredni\u0105. Wyk\u0142ad premiera Morawieckiego w TK\",\"datePublished\":\"2019-04-12T08:20:16+00:00\",\"dateModified\":\"2019-04-12T11:37:59+00:00\",\"mainEntityOfPage\":{\"@id\":\"https:\/\/marekkuchcinski.pl\/wydarzenia\/rzad-prawa-i-sprawiedliwosci-wzmacnia-klase-srednia-wyklad-premiera-morawieckiego-w-tk\/\"},\"wordCount\":235,\"commentCount\":0,\"publisher\":{\"@id\":\"https:\/\/marekkuchcinski.pl\/#organization\"},\"image\":{\"@id\":\"https:\/\/marekkuchcinski.pl\/wydarzenia\/rzad-prawa-i-sprawiedliwosci-wzmacnia-klase-srednia-wyklad-premiera-morawieckiego-w-tk\/#primaryimage\"},\"thumbnailUrl\":\"https:\/\/marekkuchcinski.pl\/wp-content\/uploads\/2019\/04\/IMG_9234-1024x683.jpg\",\"articleSection\":[\"Prawo i Sprawiedliwo\u015b\u0107\",\"Wydarzenia\"],\"inLanguage\":\"cs\",\"potentialAction\":[{\"@type\":\"CommentAction\",\"name\":\"Comment\",\"target\":[\"https:\/\/marekkuchcinski.pl\/wydarzenia\/rzad-prawa-i-sprawiedliwosci-wzmacnia-klase-srednia-wyklad-premiera-morawieckiego-w-tk\/#respond\"]}]},{\"@type\":\"WebPage\",\"@id\":\"https:\/\/marekkuchcinski.pl\/wydarzenia\/rzad-prawa-i-sprawiedliwosci-wzmacnia-klase-srednia-wyklad-premiera-morawieckiego-w-tk\/\",\"url\":\"https:\/\/marekkuchcinski.pl\/wydarzenia\/rzad-prawa-i-sprawiedliwosci-wzmacnia-klase-srednia-wyklad-premiera-morawieckiego-w-tk\/\",\"name\":\"Rz\u0105d Prawa i Sprawiedliwo\u015bci wzmacnia klas\u0119 \u015bredni\u0105. Wyk\u0142ad premiera Morawieckiego w TK &#8211; Marek Kuchci\u0144ski\",\"isPartOf\":{\"@id\":\"https:\/\/marekkuchcinski.pl\/#website\"},\"primaryImageOfPage\":{\"@id\":\"https:\/\/marekkuchcinski.pl\/wydarzenia\/rzad-prawa-i-sprawiedliwosci-wzmacnia-klase-srednia-wyklad-premiera-morawieckiego-w-tk\/#primaryimage\"},\"image\":{\"@id\":\"https:\/\/marekkuchcinski.pl\/wydarzenia\/rzad-prawa-i-sprawiedliwosci-wzmacnia-klase-srednia-wyklad-premiera-morawieckiego-w-tk\/#primaryimage\"},\"thumbnailUrl\":\"https:\/\/marekkuchcinski.pl\/wp-content\/uploads\/2019\/04\/IMG_9234-1024x683.jpg\",\"datePublished\":\"2019-04-12T08:20:16+00:00\",\"dateModified\":\"2019-04-12T11:37:59+00:00\",\"breadcrumb\":{\"@id\":\"https:\/\/marekkuchcinski.pl\/wydarzenia\/rzad-prawa-i-sprawiedliwosci-wzmacnia-klase-srednia-wyklad-premiera-morawieckiego-w-tk\/#breadcrumb\"},\"inLanguage\":\"cs\",\"potentialAction\":[{\"@type\":\"ReadAction\",\"target\":[\"https:\/\/marekkuchcinski.pl\/wydarzenia\/rzad-prawa-i-sprawiedliwosci-wzmacnia-klase-srednia-wyklad-premiera-morawieckiego-w-tk\/\"]}]},{\"@type\":\"ImageObject\",\"inLanguage\":\"cs\",\"@id\":\"https:\/\/marekkuchcinski.pl\/wydarzenia\/rzad-prawa-i-sprawiedliwosci-wzmacnia-klase-srednia-wyklad-premiera-morawieckiego-w-tk\/#primaryimage\",\"url\":\"https:\/\/marekkuchcinski.pl\/wp-content\/uploads\/2019\/04\/IMG_9234-1024x683.jpg\",\"contentUrl\":\"https:\/\/marekkuchcinski.pl\/wp-content\/uploads\/2019\/04\/IMG_9234-1024x683.jpg\"},{\"@type\":\"BreadcrumbList\",\"@id\":\"https:\/\/marekkuchcinski.pl\/wydarzenia\/rzad-prawa-i-sprawiedliwosci-wzmacnia-klase-srednia-wyklad-premiera-morawieckiego-w-tk\/#breadcrumb\",\"itemListElement\":[{\"@type\":\"ListItem\",\"position\":1,\"name\":\"Strona g\u0142\u00f3wna\",\"item\":\"https:\/\/marekkuchcinski.pl\/\"},{\"@type\":\"ListItem\",\"position\":2,\"name\":\"Rz\u0105d Prawa i Sprawiedliwo\u015bci wzmacnia klas\u0119 \u015bredni\u0105. Wyk\u0142ad premiera Morawieckiego w TK\"}]},{\"@type\":\"WebSite\",\"@id\":\"https:\/\/marekkuchcinski.pl\/#website\",\"url\":\"https:\/\/marekkuchcinski.pl\/\",\"name\":\"Marek Kuchci\u0144ski\",\"description\":\"Pose\u0142 na sejm RP &ndash; okr\u0119g nr 22\",\"publisher\":{\"@id\":\"https:\/\/marekkuchcinski.pl\/#organization\"},\"potentialAction\":[{\"@type\":\"SearchAction\",\"target\":{\"@type\":\"EntryPoint\",\"urlTemplate\":\"https:\/\/marekkuchcinski.pl\/?s={search_term_string}\"},\"query-input\":{\"@type\":\"PropertyValueSpecification\",\"valueRequired\":true,\"valueName\":\"search_term_string\"}}],\"inLanguage\":\"cs\"},{\"@type\":\"Organization\",\"@id\":\"https:\/\/marekkuchcinski.pl\/#organization\",\"name\":\"Marek Kuchci\u0144ski\",\"url\":\"https:\/\/marekkuchcinski.pl\/\",\"logo\":{\"@type\":\"ImageObject\",\"inLanguage\":\"cs\",\"@id\":\"https:\/\/marekkuchcinski.pl\/#\/schema\/logo\/image\/\",\"url\":\"https:\/\/marekkuchcinski.pl\/wp-content\/uploads\/2022\/09\/Marek.jpg\",\"contentUrl\":\"https:\/\/marekkuchcinski.pl\/wp-content\/uploads\/2022\/09\/Marek.jpg\",\"width\":1600,\"height\":971,\"caption\":\"Marek Kuchci\u0144ski\"},\"image\":{\"@id\":\"https:\/\/marekkuchcinski.pl\/#\/schema\/logo\/image\/\"}},{\"@type\":\"Person\",\"@id\":\"https:\/\/marekkuchcinski.pl\/#\/schema\/person\/6f62700996b4d950b6ea2d1183b6c6be\",\"name\":\"admin\",\"image\":{\"@type\":\"ImageObject\",\"inLanguage\":\"cs\",\"@id\":\"https:\/\/marekkuchcinski.pl\/#\/schema\/person\/image\/\",\"url\":\"https:\/\/secure.gravatar.com\/avatar\/4bab693b9d55c3d6b52c0296a8765085?s=96&d=mm&r=g\",\"contentUrl\":\"https:\/\/secure.gravatar.com\/avatar\/4bab693b9d55c3d6b52c0296a8765085?s=96&d=mm&r=g\",\"caption\":\"admin\"},\"url\":\"https:\/\/marekkuchcinski.pl\/cs\/author\/marta-olejnik\/\"}]}<\/script>\n<!-- \/ Yoast SEO plugin. -->","yoast_head_json":{"title":"Rz\u0105d Prawa i Sprawiedliwo\u015bci wzmacnia klas\u0119 \u015bredni\u0105. Wyk\u0142ad premiera Morawieckiego w TK &#8211; Marek Kuchci\u0144ski","robots":{"index":"index","follow":"follow","max-snippet":"max-snippet:-1","max-image-preview":"max-image-preview:large","max-video-preview":"max-video-preview:-1"},"canonical":"https:\/\/marekkuchcinski.pl\/cs\/wydarzenia\/rzad-prawa-i-sprawiedliwosci-wzmacnia-klase-srednia-wyklad-premiera-morawieckiego-w-tk\/","og_locale":"cs_CZ","og_type":"article","og_title":"Rz\u0105d Prawa i Sprawiedliwo\u015bci wzmacnia klas\u0119 \u015bredni\u0105. Wyk\u0142ad premiera Morawieckiego w TK &#8211; Marek Kuchci\u0144ski","og_description":"Szef rz\u0105du wyg\u0142osi\u0142 w Trybunale Konstytucyjnym wyk\u0142ad pt.&nbsp;\u201eDemokratyczny kapitalizm dla wszystkich, a nie dla nielicznych\u201d.&nbsp; Premier podkre\u015bli\u0142, \u017ce rz\u0105d podejmuje dzia\u0142ania maj\u0105ce na celu wzrost zasi\u0119gu klasy \u015bredniej w Polsce. Jak zaznaczy\u0142, nale\u017cy poszukiwa\u0107 tzw. trzeciej drogi \u2013 kapitalizmu demokratycznego. Chodzi o taki rodzaj organizacji pa\u0144stwa i rynku, kt\u00f3ry z zachowaniem kapitalistycznej gospodarki wzmacnia demokracj\u0119.&nbsp;To [&hellip;]","og_url":"https:\/\/marekkuchcinski.pl\/cs\/wydarzenia\/rzad-prawa-i-sprawiedliwosci-wzmacnia-klase-srednia-wyklad-premiera-morawieckiego-w-tk\/","og_site_name":"Marek Kuchci\u0144ski","article_published_time":"2019-04-12T08:20:16+00:00","article_modified_time":"2019-04-12T11:37:59+00:00","og_image":[{"url":"https:\/\/marekkuchcinski.pl\/wp-content\/uploads\/2019\/04\/IMG_9234-1024x683.jpg","type":"","width":"","height":""}],"author":"admin","twitter_card":"summary_large_image","twitter_misc":{"Napsal(a)":"admin","Odhadovan\u00e1 doba \u010dten\u00ed":"1 minuta"},"schema":{"@context":"https:\/\/schema.org","@graph":[{"@type":"Article","@id":"https:\/\/marekkuchcinski.pl\/wydarzenia\/rzad-prawa-i-sprawiedliwosci-wzmacnia-klase-srednia-wyklad-premiera-morawieckiego-w-tk\/#article","isPartOf":{"@id":"https:\/\/marekkuchcinski.pl\/wydarzenia\/rzad-prawa-i-sprawiedliwosci-wzmacnia-klase-srednia-wyklad-premiera-morawieckiego-w-tk\/"},"author":{"name":"admin","@id":"https:\/\/marekkuchcinski.pl\/#\/schema\/person\/6f62700996b4d950b6ea2d1183b6c6be"},"headline":"Rz\u0105d Prawa i Sprawiedliwo\u015bci wzmacnia klas\u0119 \u015bredni\u0105. Wyk\u0142ad premiera Morawieckiego w TK","datePublished":"2019-04-12T08:20:16+00:00","dateModified":"2019-04-12T11:37:59+00:00","mainEntityOfPage":{"@id":"https:\/\/marekkuchcinski.pl\/wydarzenia\/rzad-prawa-i-sprawiedliwosci-wzmacnia-klase-srednia-wyklad-premiera-morawieckiego-w-tk\/"},"wordCount":235,"commentCount":0,"publisher":{"@id":"https:\/\/marekkuchcinski.pl\/#organization"},"image":{"@id":"https:\/\/marekkuchcinski.pl\/wydarzenia\/rzad-prawa-i-sprawiedliwosci-wzmacnia-klase-srednia-wyklad-premiera-morawieckiego-w-tk\/#primaryimage"},"thumbnailUrl":"https:\/\/marekkuchcinski.pl\/wp-content\/uploads\/2019\/04\/IMG_9234-1024x683.jpg","articleSection":["Prawo i Sprawiedliwo\u015b\u0107","Wydarzenia"],"inLanguage":"cs","potentialAction":[{"@type":"CommentAction","name":"Comment","target":["https:\/\/marekkuchcinski.pl\/wydarzenia\/rzad-prawa-i-sprawiedliwosci-wzmacnia-klase-srednia-wyklad-premiera-morawieckiego-w-tk\/#respond"]}]},{"@type":"WebPage","@id":"https:\/\/marekkuchcinski.pl\/wydarzenia\/rzad-prawa-i-sprawiedliwosci-wzmacnia-klase-srednia-wyklad-premiera-morawieckiego-w-tk\/","url":"https:\/\/marekkuchcinski.pl\/wydarzenia\/rzad-prawa-i-sprawiedliwosci-wzmacnia-klase-srednia-wyklad-premiera-morawieckiego-w-tk\/","name":"Rz\u0105d Prawa i Sprawiedliwo\u015bci wzmacnia klas\u0119 \u015bredni\u0105. Wyk\u0142ad premiera Morawieckiego w TK &#8211; Marek Kuchci\u0144ski","isPartOf":{"@id":"https:\/\/marekkuchcinski.pl\/#website"},"primaryImageOfPage":{"@id":"https:\/\/marekkuchcinski.pl\/wydarzenia\/rzad-prawa-i-sprawiedliwosci-wzmacnia-klase-srednia-wyklad-premiera-morawieckiego-w-tk\/#primaryimage"},"image":{"@id":"https:\/\/marekkuchcinski.pl\/wydarzenia\/rzad-prawa-i-sprawiedliwosci-wzmacnia-klase-srednia-wyklad-premiera-morawieckiego-w-tk\/#primaryimage"},"thumbnailUrl":"https:\/\/marekkuchcinski.pl\/wp-content\/uploads\/2019\/04\/IMG_9234-1024x683.jpg","datePublished":"2019-04-12T08:20:16+00:00","dateModified":"2019-04-12T11:37:59+00:00","breadcrumb":{"@id":"https:\/\/marekkuchcinski.pl\/wydarzenia\/rzad-prawa-i-sprawiedliwosci-wzmacnia-klase-srednia-wyklad-premiera-morawieckiego-w-tk\/#breadcrumb"},"inLanguage":"cs","potentialAction":[{"@type":"ReadAction","target":["https:\/\/marekkuchcinski.pl\/wydarzenia\/rzad-prawa-i-sprawiedliwosci-wzmacnia-klase-srednia-wyklad-premiera-morawieckiego-w-tk\/"]}]},{"@type":"ImageObject","inLanguage":"cs","@id":"https:\/\/marekkuchcinski.pl\/wydarzenia\/rzad-prawa-i-sprawiedliwosci-wzmacnia-klase-srednia-wyklad-premiera-morawieckiego-w-tk\/#primaryimage","url":"https:\/\/marekkuchcinski.pl\/wp-content\/uploads\/2019\/04\/IMG_9234-1024x683.jpg","contentUrl":"https:\/\/marekkuchcinski.pl\/wp-content\/uploads\/2019\/04\/IMG_9234-1024x683.jpg"},{"@type":"BreadcrumbList","@id":"https:\/\/marekkuchcinski.pl\/wydarzenia\/rzad-prawa-i-sprawiedliwosci-wzmacnia-klase-srednia-wyklad-premiera-morawieckiego-w-tk\/#breadcrumb","itemListElement":[{"@type":"ListItem","position":1,"name":"Strona g\u0142\u00f3wna","item":"https:\/\/marekkuchcinski.pl\/"},{"@type":"ListItem","position":2,"name":"Rz\u0105d Prawa i Sprawiedliwo\u015bci wzmacnia klas\u0119 \u015bredni\u0105. Wyk\u0142ad premiera Morawieckiego w TK"}]},{"@type":"WebSite","@id":"https:\/\/marekkuchcinski.pl\/#website","url":"https:\/\/marekkuchcinski.pl\/","name":"Marek Kuchci\u0144ski","description":"Pose\u0142 na sejm RP &ndash; okr\u0119g nr 22","publisher":{"@id":"https:\/\/marekkuchcinski.pl\/#organization"},"potentialAction":[{"@type":"SearchAction","target":{"@type":"EntryPoint","urlTemplate":"https:\/\/marekkuchcinski.pl\/?s={search_term_string}"},"query-input":{"@type":"PropertyValueSpecification","valueRequired":true,"valueName":"search_term_string"}}],"inLanguage":"cs"},{"@type":"Organization","@id":"https:\/\/marekkuchcinski.pl\/#organization","name":"Marek Kuchci\u0144ski","url":"https:\/\/marekkuchcinski.pl\/","logo":{"@type":"ImageObject","inLanguage":"cs","@id":"https:\/\/marekkuchcinski.pl\/#\/schema\/logo\/image\/","url":"https:\/\/marekkuchcinski.pl\/wp-content\/uploads\/2022\/09\/Marek.jpg","contentUrl":"https:\/\/marekkuchcinski.pl\/wp-content\/uploads\/2022\/09\/Marek.jpg","width":1600,"height":971,"caption":"Marek Kuchci\u0144ski"},"image":{"@id":"https:\/\/marekkuchcinski.pl\/#\/schema\/logo\/image\/"}},{"@type":"Person","@id":"https:\/\/marekkuchcinski.pl\/#\/schema\/person\/6f62700996b4d950b6ea2d1183b6c6be","name":"admin","image":{"@type":"ImageObject","inLanguage":"cs","@id":"https:\/\/marekkuchcinski.pl\/#\/schema\/person\/image\/","url":"https:\/\/secure.gravatar.com\/avatar\/4bab693b9d55c3d6b52c0296a8765085?s=96&d=mm&r=g","contentUrl":"https:\/\/secure.gravatar.com\/avatar\/4bab693b9d55c3d6b52c0296a8765085?s=96&d=mm&r=g","caption":"admin"},"url":"https:\/\/marekkuchcinski.pl\/cs\/author\/marta-olejnik\/"}]}},"_links":{"self":[{"href":"https:\/\/marekkuchcinski.pl\/cs\/wp-json\/wp\/v2\/posts\/14714","targetHints":{"allow":["GET"]}}],"collection":[{"href":"https:\/\/marekkuchcinski.pl\/cs\/wp-json\/wp\/v2\/posts"}],"about":[{"href":"https:\/\/marekkuchcinski.pl\/cs\/wp-json\/wp\/v2\/types\/post"}],"author":[{"embeddable":true,"href":"https:\/\/marekkuchcinski.pl\/cs\/wp-json\/wp\/v2\/users\/6"}],"replies":[{"embeddable":true,"href":"https:\/\/marekkuchcinski.pl\/cs\/wp-json\/wp\/v2\/comments?post=14714"}],"version-history":[{"count":4,"href":"https:\/\/marekkuchcinski.pl\/cs\/wp-json\/wp\/v2\/posts\/14714\/revisions"}],"predecessor-version":[{"id":14727,"href":"https:\/\/marekkuchcinski.pl\/cs\/wp-json\/wp\/v2\/posts\/14714\/revisions\/14727"}],"wp:attachment":[{"href":"https:\/\/marekkuchcinski.pl\/cs\/wp-json\/wp\/v2\/media?parent=14714"}],"wp:term":[{"taxonomy":"category","embeddable":true,"href":"https:\/\/marekkuchcinski.pl\/cs\/wp-json\/wp\/v2\/categories?post=14714"},{"taxonomy":"post_tag","embeddable":true,"href":"https:\/\/marekkuchcinski.pl\/cs\/wp-json\/wp\/v2\/tags?post=14714"}],"curies":[{"name":"wp","href":"https:\/\/api.w.org\/{rel}","templated":true}]}}