{"id":14644,"date":"2019-04-10T14:31:10","date_gmt":"2019-04-10T12:31:10","guid":{"rendered":"https:\/\/marekkuchcinski.pl\/?p=14644"},"modified":"2019-04-10T14:31:12","modified_gmt":"2019-04-10T12:31:12","slug":"ketrzyn-uroczystosci-upamietniajace-ofiary-katastrofy-pod-smolenskiem","status":"publish","type":"post","link":"https:\/\/marekkuchcinski.pl\/cs\/bez-kategorii\/lms\/ketrzyn-uroczystosci-upamietniajace-ofiary-katastrofy-pod-smolenskiem\/","title":{"rendered":"K\u0119trzyn. Vzpom\u00ednkov\u00e9 ob\u0159ady za ob\u011bti smolensk\u00e9 katastrofy"},"content":{"rendered":"<p class=\"wp-block-paragraph\"><em> <strong>Pan<\/strong><\/em><strong><em> Stanislaw Tolwi\u0144ski<\/em><\/strong><\/p>\n\n\n\n<p class=\"wp-block-paragraph\"><strong><em>Prezident <\/em><\/strong><strong><em>Aeroklub Lake District<\/em><\/strong><\/p>\n\n\n\n<p class=\"wp-block-paragraph\"><em>&nbsp;&nbsp;&nbsp;&nbsp;&nbsp;&nbsp;&nbsp;&nbsp;&nbsp;&nbsp;&nbsp; Sir\nP\u0159edseda,<\/em><\/p>\n\n\n\n<p class=\"wp-block-paragraph\"><em>&nbsp;&nbsp;&nbsp;&nbsp;&nbsp;&nbsp;&nbsp;&nbsp;&nbsp;&nbsp;&nbsp; velmi\nD\u011bkuji za pozv\u00e1n\u00ed na vzpom\u00ednkovou akci \"Ob\u011bti smolensk\u00e9 katastrofy\".\n<\/em><\/p>\n\n\n\n<p class=\"wp-block-paragraph\"><em>Dne 10. dubna 2010 zem\u0159ely tyto osoby\nPolsk\u00fd prezident Lech Kaczy\u0144ski a devades\u00e1t p\u011bt z\u00e1stupc\u016f\nPolsk\u00e9 republiky, kte\u0159\u00ed byli na cest\u011b na slavnost v Katy\u0148sk\u00e9m lese. Hav\u00e1rie\nu Smolenska byla velkou ranou pro cel\u00fd polsk\u00fd n\u00e1rod. Lid\u00e9, kte\u0159\u00ed v n\u011bm zem\u0159eli\nosoby zast\u00e1vaj\u00edc\u00ed nejvy\u0161\u0161\u00ed funkce ve st\u00e1t\u011b, stejn\u011b jako lid\u00e9, kte\u0159\u00ed se v\u011bnovali\nvysv\u011btlit zlo\u010diny sp\u00e1chan\u00e9 na polsk\u00fdch ob\u010danech - ob\u011btech stalinsk\u00e9ho re\u017eimu.<\/em><\/p>\n\n\n\n<p class=\"wp-block-paragraph\"><em>Dne\u0161n\u00ed ob\u0159ad zvl\u00e1\u0161tn\u00edm zp\u016fsobem\nn\u00e1s spojuje zvl\u00e1\u0161tn\u00edm zp\u016fsobem, vyvol\u00e1v\u00e1 hlubok\u00e9 pocity a bolestn\u00e9 pocity.\nreflexe. P\u0159esto\u017ee doba pokro\u010dila, st\u00e1le se n\u00e1s toto veled\u00edlo velmi dot\u00fdk\u00e1,\nTato velk\u00e1 a nenapraviteln\u00e1 ztr\u00e1ta n\u00e1s st\u00e1le velmi zasahuje a v na\u0161ich srdc\u00edch je smutek a \u017eal. Je to pro n\u00e1s st\u00e1le obt\u00ed\u017en\u00e9\nSt\u00e1le je pro n\u00e1s t\u011b\u017ek\u00e9 vzpom\u00ednat bez emoc\u00ed na ty, kte\u0159\u00ed tragicky zem\u0159eli, na na\u0161e bl\u00edzk\u00e9 - p\u0159\u00e1tele, zn\u00e1m\u00e9.\np\u0159\u00e1tel\u00e9 a zn\u00e1m\u00ed. V\u0161ichni oddan\u011b slou\u017eili Polsk\u00e9 republice a\nV\u0161ichni ob\u011btovali sv\u00e9 \u017eivoty ve slu\u017eb\u011b republice. Spojovala je p\u00e9\u010de o Polsko a\nvlasteneck\u00e9 hodnoty. Proto je na\u0161\u00ed povinnost\u00ed\npe\u010dovat o pam\u00e1tku sou\u010dasn\u00fdch hrdin\u016f. C\u00edt\u00edme se povinni pokra\u010dovat\nJejich pr\u00e1ce - ne\u00fanavn\u00e1 pr\u00e1ce pro blaho na\u0161\u00ed vlasti a jej\u00edho\na jeho ob\u010dan\u016f, jako\u017e i podpora nejlep\u0161\u00edch vlasteneck\u00fdch postoj\u016f mezi mladou generac\u00ed.\nvlasteneck\u00e9 postoje mlad\u00e9 generace. <\/em><\/p>\n\n\n\n<p class=\"wp-block-paragraph\"><em>&nbsp;&nbsp;&nbsp;&nbsp;&nbsp;&nbsp;&nbsp;&nbsp;&nbsp;&nbsp;&nbsp; R\u00e1d bych\nvyj\u00e1d\u0159it sv\u00e9 uzn\u00e1n\u00ed a v\u0159el\u00e9 pod\u011bkov\u00e1n\u00ed v\u0161em, kte\u0159\u00ed se pod\u00edleli na p\u0159\u00edprav\u011b t\u00e9to knihy.\np\u0159\u00edpravu ob\u0159adu. Douf\u00e1m, \u017ee dne\u0161n\u00ed oslavy budou pro v\u0161echny \u00fa\u010dastn\u00edky\n\u010das na rozj\u00edm\u00e1n\u00ed a p\u0159em\u00fd\u0161len\u00ed. <\/em><\/p>\n\n\n\n<p class=\"wp-block-paragraph\"><em>Kdy\u017e se k v\u00e1m p\u0159ipoj\u00edm.\nv\u0159ele zdrav\u00edm a z\u016fst\u00e1v\u00e1m s v\u00e1mi.\nrespektovat. <\/em><\/p>\n\n\n\n<p class=\"wp-block-paragraph\"><em>&nbsp;&nbsp;&nbsp;&nbsp;&nbsp;&nbsp;&nbsp;&nbsp;&nbsp;&nbsp;&nbsp;&nbsp;&nbsp;&nbsp;&nbsp;&nbsp;&nbsp;&nbsp;&nbsp;&nbsp;&nbsp;&nbsp;&nbsp;&nbsp;&nbsp;&nbsp;&nbsp;&nbsp;&nbsp;&nbsp;&nbsp;&nbsp;&nbsp;&nbsp;&nbsp; &nbsp;&nbsp;&nbsp;&nbsp;&nbsp;&nbsp;&nbsp;&nbsp;&nbsp;&nbsp;&nbsp;&nbsp;&nbsp;&nbsp;&nbsp;&nbsp;&nbsp;&nbsp;&nbsp;&nbsp;&nbsp;&nbsp;&nbsp;&nbsp;&nbsp;&nbsp;&nbsp;&nbsp;&nbsp;&nbsp;&nbsp;&nbsp;&nbsp;&nbsp;&nbsp;&nbsp;&nbsp;&nbsp;&nbsp;&nbsp;&nbsp;&nbsp;&nbsp;&nbsp;&nbsp;&nbsp;&nbsp;&nbsp;&nbsp;&nbsp;&nbsp;&nbsp;&nbsp;&nbsp;&nbsp;&nbsp;&nbsp;&nbsp; &nbsp; Marek Kuchci\u0144ski<\/em><\/p>","protected":false},"excerpt":{"rendered":"<p>Pan Stanis\u0142aw To\u0142wi\u0144ski Prezes Aeroklubu Krainy Jezior &nbsp;&nbsp;&nbsp;&nbsp;&nbsp;&nbsp;&nbsp;&nbsp;&nbsp;&nbsp;&nbsp; Szanowny Panie Prezesie, &nbsp;&nbsp;&nbsp;&nbsp;&nbsp;&nbsp;&nbsp;&nbsp;&nbsp;&nbsp;&nbsp; bardzo dzi\u0119kuj\u0119 za zaproszenie na uroczysto\u015bci upami\u0119tniaj\u0105ce \u201eOfiary katastrofy pod&nbsp;Smole\u0144skiem\u201d. 10 kwietnia 2010 roku zgin\u0105\u0142 Prezydent Polski Lech Kaczy\u0144ski i dziewi\u0119\u0107dziesi\u0119ciu pi\u0119ciu przedstawicieli Rzeczypospolitej, zmierzaj\u0105cych na uroczysto\u015bci w Lesie Katy\u0144skim. Katastrofa pod Smole\u0144skiem by\u0142a wielkim ciosem dla ca\u0142ego narodu polskiego. Zgin\u0119\u0142y w niej [&hellip;]<\/p>\n","protected":false},"author":6,"featured_media":13506,"comment_status":"open","ping_status":"open","sticky":false,"template":"","format":"standard","meta":{"ngg_post_thumbnail":0,"footnotes":""},"categories":[104],"tags":[],"class_list":["post-14644","post","type-post","status-publish","format-standard","has-post-thumbnail","hentry","category-lms"],"_links":{"self":[{"href":"https:\/\/marekkuchcinski.pl\/cs\/wp-json\/wp\/v2\/posts\/14644","targetHints":{"allow":["GET"]}}],"collection":[{"href":"https:\/\/marekkuchcinski.pl\/cs\/wp-json\/wp\/v2\/posts"}],"about":[{"href":"https:\/\/marekkuchcinski.pl\/cs\/wp-json\/wp\/v2\/types\/post"}],"author":[{"embeddable":true,"href":"https:\/\/marekkuchcinski.pl\/cs\/wp-json\/wp\/v2\/users\/6"}],"replies":[{"embeddable":true,"href":"https:\/\/marekkuchcinski.pl\/cs\/wp-json\/wp\/v2\/comments?post=14644"}],"version-history":[{"count":1,"href":"https:\/\/marekkuchcinski.pl\/cs\/wp-json\/wp\/v2\/posts\/14644\/revisions"}],"predecessor-version":[{"id":14645,"href":"https:\/\/marekkuchcinski.pl\/cs\/wp-json\/wp\/v2\/posts\/14644\/revisions\/14645"}],"wp:featuredmedia":[{"embeddable":true,"href":"https:\/\/marekkuchcinski.pl\/cs\/wp-json\/wp\/v2\/media\/13506"}],"wp:attachment":[{"href":"https:\/\/marekkuchcinski.pl\/cs\/wp-json\/wp\/v2\/media?parent=14644"}],"wp:term":[{"taxonomy":"category","embeddable":true,"href":"https:\/\/marekkuchcinski.pl\/cs\/wp-json\/wp\/v2\/categories?post=14644"},{"taxonomy":"post_tag","embeddable":true,"href":"https:\/\/marekkuchcinski.pl\/cs\/wp-json\/wp\/v2\/tags?post=14644"}],"curies":[{"name":"wp","href":"https:\/\/api.w.org\/{rel}","templated":true}]}}