{"id":14596,"date":"2019-04-09T11:16:25","date_gmt":"2019-04-09T09:16:25","guid":{"rendered":"https:\/\/marekkuchcinski.pl\/?p=14596"},"modified":"2019-04-09T11:16:39","modified_gmt":"2019-04-09T09:16:39","slug":"wieden-pierwszy-dzien-konferencji-przewodniczacych-parlamentow-ue-z-udzialem-marszalka-sejmu","status":"publish","type":"post","link":"https:\/\/marekkuchcinski.pl\/cs\/wspolpraca-miedzynarodowa\/wieden-pierwszy-dzien-konferencji-przewodniczacych-parlamentow-ue-z-udzialem-marszalka-sejmu\/","title":{"rendered":"V\u00edde\u0148: prvn\u00ed den konference p\u0159edsed\u016f parlament\u016f EU za \u00fa\u010dasti p\u0159edsedy Sejmu"},"content":{"rendered":"<p>Vztahy mezi Evropskou uni\u00ed a jej\u00edmi sousedy, kv\u011btnov\u00e9 volby do Evropsk\u00e9ho parlamentu, spolupr\u00e1ce mezi n\u00e1rodn\u00edmi parlamenty a evropsk\u00fdmi institucemi - to jsou hlavn\u00ed t\u00e9mata konference p\u0159edsed\u016f parlament\u016f Evropsk\u00e9 unie, kter\u00e1 byla zah\u00e1jena v pond\u011bl\u00ed ve V\u00eddni. Polsk\u00fd parlament v rakousk\u00e9 metropoli zastupuj\u00ed p\u0159edsedov\u00e9 Sejmu a Sen\u00e1tu Marek Kuchci\u0144ski a Stanis\u0142aw Karczewski. Konference je ka\u017edoro\u010dn\u00edm f\u00f3rem pro v\u00fdm\u011bnu n\u00e1zor\u016f na \u00fakoly n\u00e1rodn\u00edch parlament\u016f v r\u00e1mci evropsk\u00e9 struktury, meziparlamentn\u00ed spolupr\u00e1ci v z\u00e1le\u017eitostech EU a v\u00fdzvy, kter\u00fdm Spole\u010denstv\u00ed \u010del\u00ed.<\/p>\n\n\n\n<p>Diskusi zah\u00e1jili sv\u00fdmi projevy Wolfgang Sobotka, p\u0159edseda Rakousk\u00e9 n\u00e1rodn\u00ed rady, a Ingo App\u00e9, p\u0159edseda Rakousk\u00e9 spolkov\u00e9 rady. P\u0159edseda App\u00e9 hovo\u0159il o pot\u0159eb\u011b spolupr\u00e1ce tv\u00e1\u0159\u00ed v tv\u00e1\u0159 v\u00fdzv\u00e1m, kter\u00fdm Spole\u010denstv\u00ed \u010del\u00ed. - Evropsk\u00e1 unie pro\u017e\u00edv\u00e1 neklidn\u00e9 obdob\u00ed. P\u0159edev\u0161\u00edm kv\u016fli brexitu, ale tak\u00e9 kv\u016fli dal\u0161\u00edm ot\u00e1zk\u00e1m, jako je zm\u011bna klimatu nebo migrace. \u0158e\u0161en\u00ed lze nal\u00e9zt pouze v meziparlamentn\u00edm dialogu - zd\u016fraznil. Wolfgang Sobotka zase upozornil na v\u00fdznam z\u00e1padn\u00edho Balk\u00e1nu pro Evropskou unii. - Jejich sbl\u00ed\u017een\u00ed se Spole\u010denstv\u00edm p\u0159in\u00e1\u0161\u00ed trvalou stabilitu. Podle n\u011bj hraj\u00ed n\u00e1rodn\u00ed parlamenty v p\u0159edvstupn\u00edm procesu d\u016fle\u017eitou roli. Na \u00favod zased\u00e1n\u00ed vystoupila tak\u00e9 Mairead McGuinnessov\u00e1. Prvn\u00ed m\u00edstop\u0159edseda EP hovo\u0159il o v\u00fdznamu nadch\u00e1zej\u00edc\u00edch voleb do Evropsk\u00e9ho parlamentu a zd\u016fraznil d\u016fle\u017eitost zapojen\u00ed n\u00e1rodn\u00edch parlament\u016f do volebn\u00edho procesu.<\/p>\n\n\n\n<p>- To je siln\u00e9 o\u010dek\u00e1v\u00e1n\u00ed v\u0161ech st\u00e1t\u016f: je t\u0159eba pozvednout ducha Evropy, aby Unie mohla pos\u00edlit svou spolupr\u00e1ci,\" \u0159ekl p\u0159edseda Sejmu novin\u00e1\u0159\u016fm b\u011bhem p\u0159est\u00e1vky konference. Marek Kuchci\u0144ski dodal, \u017ee politici b\u011bhem diskuse v\u011bnovali pozornost jednot\u011b a rozmanitosti jako zdroji s\u00edly \u010dlensk\u00fdch st\u00e1t\u016f EU. Zd\u016fraznil tak\u00e9, \u017ee Polsko se aktivn\u011b pod\u00edl\u00ed na budov\u00e1n\u00ed dobr\u00fdch vztah\u016f v regionu v r\u016fzn\u00fdch form\u00e1tech, v\u010detn\u011b Visegr\u00e1dsk\u00e9 skupiny, V\u00fdchodn\u00edho partnerstv\u00ed, Karpatsk\u00e9 Evropy, Bukure\u0161\u0165sk\u00e9 dohody nebo Trojmo\u0159\u00ed.<\/p>\n\n\n\n<p>Pond\u011bln\u00ed \u010d\u00e1st konference byla p\u0159edev\u0161\u00edm p\u0159\u00edle\u017eitost\u00ed k debat\u011b o sousedstv\u00ed Evropsk\u00e9 unie. P\u0159edseda N\u00e1rodn\u00ed rady Slovensk\u00e9 republiky Andrej Danko v t\u00e9to \u010d\u00e1sti zased\u00e1n\u00ed zd\u016fraznil v\u00fdznam integrace z\u00e1padn\u00edho Balk\u00e1nu s EU. Jedn\u00edm z hlavn\u00edch t\u00e9mat jeho projevu byla tak\u00e9 evropsk\u00e1 bezpe\u010dnost. - Mus\u00edme se touto ot\u00e1zkou za\u010d\u00edt zab\u00fdvat komplexn\u011b a Unie zde mus\u00ed hr\u00e1t v\u00fdznamnou roli,\" poznamenal slovensk\u00fd politik. P\u0159edseda \u0159eck\u00e9ho parlamentu Nikos Voutsis se rovn\u011b\u017e vyslovil pro sbli\u017eov\u00e1n\u00ed balk\u00e1nsk\u00fdch zem\u00ed s EU. P\u0159edseda italsk\u00e9 Poslaneck\u00e9 sn\u011bmovny Robert Fico zd\u016fraznil probl\u00e9m migrace a uvedl, \u017ee zem\u011b EU mus\u00ed v t\u00e9to ot\u00e1zce spolupracovat. Upozornil tak\u00e9 na nutnost spolupr\u00e1ce p\u0159i kontrole vn\u011bj\u0161\u00edch hranic Spole\u010denstv\u00ed. V rozprav\u011b vystoupil tak\u00e9 p\u0159edseda Sen\u00e1tu. Stanis\u0142aw Karczewski uvedl, \u017ee vytvo\u0159en\u00ed perspektivy \u010dlenstv\u00ed pro sousedn\u00ed zem\u011b je nej\u00fa\u010dinn\u011bj\u0161\u00edm n\u00e1strojem vlivu Unie na sv\u00e9 okol\u00ed.<\/p>\n\n\n\n<p>V r\u00e1mci prvn\u00edho dne parlamentn\u00edho summitu se Marek Kuchci\u0144ski setkal s p\u0159edsedou Seimasu Litevsk\u00e9 republiky Viktorasem Pranckietisem. Rozhovor se t\u00fdkal spole\u010dn\u00fdch oslav v\u00fdznamn\u00fdch historick\u00fdch v\u00fdro\u010d\u00ed, v\u010detn\u011b 450. v\u00fdro\u010d\u00ed podeps\u00e1n\u00ed Lublinsk\u00e9 unie. &nbsp;<\/p>\n\n\n\n<p>Zased\u00e1n\u00ed pokra\u010duje v \u00fater\u00fd. P\u0159edsedov\u00e9 parlament\u016f EU budou diskutovat o kv\u011btnov\u00fdch volb\u00e1ch do Evropsk\u00e9ho parlamentu a o rozvoji spolupr\u00e1ce mezi n\u00e1rodn\u00edmi parlamenty a evropsk\u00fdmi institucemi. Jedn\u00edm z hlavn\u00edch \u0159e\u010dn\u00edk\u016f v t\u00e9to \u010d\u00e1sti konference bude p\u0159edseda Sejmu Marek Kuchci\u0144ski. Mezi dal\u0161\u00edmi \u0159e\u010dn\u00edky budou Wolfgang Sch\u00e4uble, p\u0159edseda n\u011bmeck\u00e9ho Bundestagu, Ankie Broekers-Knol, p\u0159edsedkyn\u011b nizozemsk\u00e9ho Sen\u00e1tu, a G\u00e9rard Larcher, p\u0159edseda francouzsk\u00e9ho Sen\u00e1tu. Pl\u00e1nuj\u00ed se tak\u00e9 dal\u0161\u00ed dvoustrann\u00e1 setk\u00e1n\u00ed p\u0159edsedy Sejmu s p\u0159edsedy evropsk\u00fdch parlament\u016f.<\/p>\n\n\n\n<p>P\u0159ed p\u0159\u00edjezdem do V\u00eddn\u011b nav\u0161t\u00edvila polsk\u00e1 delegace pam\u00e1tn\u00edky v komplexu b\u00fdval\u00fdch n\u011bmeck\u00fdch nacistick\u00fdch koncentra\u010dn\u00edch t\u00e1bor\u016f Mauthausen-Gusen. U mauzolea KZ Gusen, poz\u016fstatku krematoria, kde za druh\u00e9 sv\u011btov\u00e9 v\u00e1lky zahynulo v\u00edce ne\u017e 37 000 lid\u00ed, polo\u017eili mar\u0161\u00e1lov\u00e9 kv\u011btiny a zapsali se do pam\u011btn\u00ed knihy. \"Hluboce dojat obrovskou trag\u00e9di\u00ed, kter\u00e1 se odehr\u00e1la ve vyhlazovac\u00edm t\u00e1bo\u0159e Gusen, vzd\u00e1v\u00e1m hold v\u0161em ob\u011btem, v\u010detn\u011b tis\u00edc\u016f Pol\u00e1k\u016f, kte\u0159\u00ed zde p\u0159i\u0161li o \u017eivot,\" napsal Marek Kuchci\u0144ski. P\u0159edseda Sejmu v rozhovoru s m\u00e9dii zd\u016fraznil, \u017ee je d\u016fle\u017eit\u00e9, aby si Polsko a sv\u011bt p\u0159ipomn\u011bly koncentra\u010dn\u00ed t\u00e1bor Gusen. - Je to druh\u00e1 Katy\u0148 pro Polsko a dal\u0161\u00ed n\u00e1rodnosti, nejen z Evropy,\" \u0159ekl.<\/p>\n\n\n\n<p>D\u00e1le Marek Kuchci\u0144ski a Stanis\u0142aw Karczewski polo\u017eili kv\u011btiny k pomn\u00edku polsk\u00fdch v\u011bz\u0148\u016f, kte\u0159\u00ed zahynuli ve \u0161tol\u00e1ch Bergkristall, a k pomn\u00edku polsk\u00fdch ob\u011bt\u00ed koncentra\u010dn\u00edho t\u00e1bora Mauthausen. Zap\u00e1lili tak\u00e9 sv\u00ed\u010dky p\u0159ed pam\u011btn\u00edmi deskami polsk\u00fdch skaut\u016f, polsk\u00fdch l\u00e9ka\u0159\u016f a Henryka Slawika, kter\u00fd v t\u00e1bo\u0159e zem\u0159el v roce 1944 a kter\u00fd spolu se sv\u00fdmi spolupracovn\u00edky p\u0159edt\u00edm zachr\u00e1nil mnoho Pol\u00e1k\u016f a \u017did\u016f p\u0159ed smrt\u00ed v Ma\u010farsku.<\/p>\n\n\n\n<p>Pol\u00e1ci tvo\u0159ili v letech 1940-1945 nejpo\u010detn\u011bj\u0161\u00ed skupinu v\u011bz\u0148\u016f komplexu b\u00fdval\u00fdch n\u011bmeck\u00fdch nacistick\u00fdch koncentra\u010dn\u00edch t\u00e1bor\u016f Mauthausen-Gusen. Mauthausen-Gusen byl zn\u00e1m\u00fd jako \"koncentra\u010dn\u00ed t\u00e1bor pro polskou inteligenci\", proto\u017ee v n\u011bm byli mimo jin\u00e9 um\u00edst\u011bni lid\u00e9 zat\u010den\u00ed v r\u00e1mci tzv. Intelligenzaktion, pl\u00e1novan\u00e9 genocidy, kterou N\u011bmci prov\u00e1d\u011bli na polsk\u00e9 elit\u011b z \u00fazem\u00ed druh\u00e9 Polsk\u00e9 republiky p\u0159ipojen\u00fdch k \u0158\u00ed\u0161i.<\/p>\n\n\n\n<p><em>CIS<\/em><\/p>\n\n\n\n<p><em>Foto: \u0141ukasz B\u0142asikiewicz<\/em><\/p>\n\n\n\n<ul class=\"wp-block-gallery columns-2 is-cropped wp-block-gallery-1 is-layout-flex wp-block-gallery-is-layout-flex\"><li class=\"blocks-gallery-item\"><figure><img fetchpriority=\"high\" decoding=\"async\" width=\"800\" height=\"533\" src=\"https:\/\/marekkuchcinski.pl\/wp-content\/uploads\/2019\/04\/w9.jpg\" alt=\"\" data-id=\"14598\" data-link=\"https:\/\/marekkuchcinski.pl\/?attachment_id=14598\" class=\"wp-image-14598\" srcset=\"https:\/\/marekkuchcinski.pl\/wp-content\/uploads\/2019\/04\/w9.jpg 800w, https:\/\/marekkuchcinski.pl\/wp-content\/uploads\/2019\/04\/w9-300x200.jpg 300w, https:\/\/marekkuchcinski.pl\/wp-content\/uploads\/2019\/04\/w9-768x512.jpg 768w\" sizes=\"(max-width: 800px) 100vw, 800px\" \/><\/figure><\/li><li class=\"blocks-gallery-item\"><figure><img decoding=\"async\" width=\"800\" height=\"533\" src=\"https:\/\/marekkuchcinski.pl\/wp-content\/uploads\/2019\/04\/w8.jpg\" alt=\"\" data-id=\"14599\" data-link=\"https:\/\/marekkuchcinski.pl\/?attachment_id=14599\" class=\"wp-image-14599\" srcset=\"https:\/\/marekkuchcinski.pl\/wp-content\/uploads\/2019\/04\/w8.jpg 800w, https:\/\/marekkuchcinski.pl\/wp-content\/uploads\/2019\/04\/w8-300x200.jpg 300w, https:\/\/marekkuchcinski.pl\/wp-content\/uploads\/2019\/04\/w8-768x512.jpg 768w\" sizes=\"(max-width: 800px) 100vw, 800px\" \/><\/figure><\/li><li class=\"blocks-gallery-item\"><figure><img decoding=\"async\" width=\"800\" height=\"533\" src=\"https:\/\/marekkuchcinski.pl\/wp-content\/uploads\/2019\/04\/w7.jpg\" alt=\"\" data-id=\"14600\" data-link=\"https:\/\/marekkuchcinski.pl\/?attachment_id=14600\" class=\"wp-image-14600\" srcset=\"https:\/\/marekkuchcinski.pl\/wp-content\/uploads\/2019\/04\/w7.jpg 800w, https:\/\/marekkuchcinski.pl\/wp-content\/uploads\/2019\/04\/w7-300x200.jpg 300w, https:\/\/marekkuchcinski.pl\/wp-content\/uploads\/2019\/04\/w7-768x512.jpg 768w\" sizes=\"(max-width: 800px) 100vw, 800px\" \/><\/figure><\/li><li class=\"blocks-gallery-item\"><figure><img loading=\"lazy\" decoding=\"async\" width=\"800\" height=\"533\" src=\"https:\/\/marekkuchcinski.pl\/wp-content\/uploads\/2019\/04\/w6.jpg\" alt=\"\" data-id=\"14601\" data-link=\"https:\/\/marekkuchcinski.pl\/?attachment_id=14601\" class=\"wp-image-14601\" srcset=\"https:\/\/marekkuchcinski.pl\/wp-content\/uploads\/2019\/04\/w6.jpg 800w, https:\/\/marekkuchcinski.pl\/wp-content\/uploads\/2019\/04\/w6-300x200.jpg 300w, https:\/\/marekkuchcinski.pl\/wp-content\/uploads\/2019\/04\/w6-768x512.jpg 768w\" sizes=\"(max-width: 800px) 100vw, 800px\" \/><\/figure><\/li><li class=\"blocks-gallery-item\"><figure><img loading=\"lazy\" decoding=\"async\" width=\"800\" height=\"533\" src=\"https:\/\/marekkuchcinski.pl\/wp-content\/uploads\/2019\/04\/w5.jpg\" alt=\"\" data-id=\"14602\" data-link=\"https:\/\/marekkuchcinski.pl\/?attachment_id=14602\" class=\"wp-image-14602\" srcset=\"https:\/\/marekkuchcinski.pl\/wp-content\/uploads\/2019\/04\/w5.jpg 800w, https:\/\/marekkuchcinski.pl\/wp-content\/uploads\/2019\/04\/w5-300x200.jpg 300w, https:\/\/marekkuchcinski.pl\/wp-content\/uploads\/2019\/04\/w5-768x512.jpg 768w\" sizes=\"(max-width: 800px) 100vw, 800px\" \/><\/figure><\/li><li class=\"blocks-gallery-item\"><figure><img loading=\"lazy\" decoding=\"async\" width=\"800\" height=\"533\" src=\"https:\/\/marekkuchcinski.pl\/wp-content\/uploads\/2019\/04\/W3.jpg\" alt=\"\" data-id=\"14603\" data-link=\"https:\/\/marekkuchcinski.pl\/?attachment_id=14603\" class=\"wp-image-14603\" srcset=\"https:\/\/marekkuchcinski.pl\/wp-content\/uploads\/2019\/04\/W3.jpg 800w, https:\/\/marekkuchcinski.pl\/wp-content\/uploads\/2019\/04\/W3-300x200.jpg 300w, https:\/\/marekkuchcinski.pl\/wp-content\/uploads\/2019\/04\/W3-768x512.jpg 768w\" sizes=\"(max-width: 800px) 100vw, 800px\" \/><\/figure><\/li><li class=\"blocks-gallery-item\"><figure><img loading=\"lazy\" decoding=\"async\" width=\"800\" height=\"533\" src=\"https:\/\/marekkuchcinski.pl\/wp-content\/uploads\/2019\/04\/w2.jpg\" alt=\"\" data-id=\"14604\" data-link=\"https:\/\/marekkuchcinski.pl\/?attachment_id=14604\" class=\"wp-image-14604\" srcset=\"https:\/\/marekkuchcinski.pl\/wp-content\/uploads\/2019\/04\/w2.jpg 800w, https:\/\/marekkuchcinski.pl\/wp-content\/uploads\/2019\/04\/w2-300x200.jpg 300w, https:\/\/marekkuchcinski.pl\/wp-content\/uploads\/2019\/04\/w2-768x512.jpg 768w\" sizes=\"(max-width: 800px) 100vw, 800px\" \/><\/figure><\/li><li class=\"blocks-gallery-item\"><figure><img loading=\"lazy\" decoding=\"async\" width=\"1024\" height=\"682\" src=\"https:\/\/marekkuchcinski.pl\/wp-content\/uploads\/2019\/04\/W-1-1024x682.jpg\" alt=\"\" data-id=\"14605\" data-link=\"https:\/\/marekkuchcinski.pl\/?attachment_id=14605\" class=\"wp-image-14605\" srcset=\"https:\/\/marekkuchcinski.pl\/wp-content\/uploads\/2019\/04\/W-1-1024x682.jpg 1024w, https:\/\/marekkuchcinski.pl\/wp-content\/uploads\/2019\/04\/W-1-300x200.jpg 300w, https:\/\/marekkuchcinski.pl\/wp-content\/uploads\/2019\/04\/W-1-768x511.jpg 768w, https:\/\/marekkuchcinski.pl\/wp-content\/uploads\/2019\/04\/W-1.jpg 2048w\" sizes=\"(max-width: 1024px) 100vw, 1024px\" \/><\/figure><\/li><li class=\"blocks-gallery-item\"><figure><img loading=\"lazy\" decoding=\"async\" width=\"1024\" height=\"683\" src=\"https:\/\/marekkuchcinski.pl\/wp-content\/uploads\/2019\/04\/w4-1024x683.jpg\" alt=\"\" data-id=\"14606\" data-link=\"https:\/\/marekkuchcinski.pl\/?attachment_id=14606\" class=\"wp-image-14606\" srcset=\"https:\/\/marekkuchcinski.pl\/wp-content\/uploads\/2019\/04\/w4-1024x683.jpg 1024w, https:\/\/marekkuchcinski.pl\/wp-content\/uploads\/2019\/04\/w4-300x200.jpg 300w, https:\/\/marekkuchcinski.pl\/wp-content\/uploads\/2019\/04\/w4-768x512.jpg 768w, https:\/\/marekkuchcinski.pl\/wp-content\/uploads\/2019\/04\/w4.jpg 1080w\" sizes=\"(max-width: 1024px) 100vw, 1024px\" \/><\/figure><\/li><\/ul>","protected":false},"excerpt":{"rendered":"<p>Relacje Unii Europejskiej z s\u0105siadami, majowe wybory do Parlamentu Europejskiego, wsp\u00f3\u0142praca parlament\u00f3w narodowych i instytucji europejskich \u2013 to g\u0142\u00f3wne tematy Konferencji Przewodnicz\u0105cych Parlament\u00f3w Unii Europejskiej, kt\u00f3ra rozpocz\u0119\u0142a si\u0119 w poniedzia\u0142ek w Wiedniu. Polski parlament w stolicy Austrii reprezentuj\u0105 marsza\u0142kowie Sejmu i Senatu Marek Kuchci\u0144ski i Stanis\u0142aw Karczewski. Konferencja jest corocznym forum wymiany zda\u0144 na temat [&hellip;]<\/p>","protected":false},"author":6,"featured_media":14605,"comment_status":"open","ping_status":"open","sticky":false,"template":"","format":"standard","meta":{"ngg_post_thumbnail":0,"footnotes":""},"categories":[81,50],"tags":[],"class_list":["post-14596","post","type-post","status-publish","format-standard","has-post-thumbnail","hentry","category-wiesci-z-sejmu","category-wspolpraca-miedzynarodowa"],"yoast_head":"<!-- This site is optimized with the Yoast SEO plugin v24.7 - https:\/\/yoast.com\/wordpress\/plugins\/seo\/ -->\n<title>Wiede\u0144: pierwszy dzie\u0144 Konferencji Przewodnicz\u0105cych Parlament\u00f3w UE z udzia\u0142em marsza\u0142ka Sejmu &#8211; Marek Kuchci\u0144ski<\/title>\n<meta name=\"robots\" content=\"index, follow, max-snippet:-1, max-image-preview:large, max-video-preview:-1\" \/>\n<link rel=\"canonical\" href=\"https:\/\/marekkuchcinski.pl\/cs\/wspolpraca-miedzynarodowa\/wieden-pierwszy-dzien-konferencji-przewodniczacych-parlamentow-ue-z-udzialem-marszalka-sejmu\/\" \/>\n<meta property=\"og:locale\" content=\"cs_CZ\" \/>\n<meta property=\"og:type\" content=\"article\" \/>\n<meta property=\"og:title\" content=\"Wiede\u0144: pierwszy dzie\u0144 Konferencji Przewodnicz\u0105cych Parlament\u00f3w UE z udzia\u0142em marsza\u0142ka Sejmu &#8211; Marek Kuchci\u0144ski\" \/>\n<meta property=\"og:description\" content=\"Relacje Unii Europejskiej z s\u0105siadami, majowe wybory do Parlamentu Europejskiego, wsp\u00f3\u0142praca parlament\u00f3w narodowych i instytucji europejskich \u2013 to g\u0142\u00f3wne tematy Konferencji Przewodnicz\u0105cych Parlament\u00f3w Unii Europejskiej, kt\u00f3ra rozpocz\u0119\u0142a si\u0119 w poniedzia\u0142ek w Wiedniu. Polski parlament w stolicy Austrii reprezentuj\u0105 marsza\u0142kowie Sejmu i Senatu Marek Kuchci\u0144ski i Stanis\u0142aw Karczewski. Konferencja jest corocznym forum wymiany zda\u0144 na temat [&hellip;]\" \/>\n<meta property=\"og:url\" content=\"https:\/\/marekkuchcinski.pl\/cs\/wspolpraca-miedzynarodowa\/wieden-pierwszy-dzien-konferencji-przewodniczacych-parlamentow-ue-z-udzialem-marszalka-sejmu\/\" \/>\n<meta property=\"og:site_name\" content=\"Marek Kuchci\u0144ski\" \/>\n<meta property=\"article:published_time\" content=\"2019-04-09T09:16:25+00:00\" \/>\n<meta property=\"article:modified_time\" content=\"2019-04-09T09:16:39+00:00\" \/>\n<meta property=\"og:image\" content=\"https:\/\/marekkuchcinski.pl\/wp-content\/uploads\/2019\/04\/W-1.jpg\" \/>\n\t<meta property=\"og:image:width\" content=\"2048\" \/>\n\t<meta property=\"og:image:height\" content=\"1363\" \/>\n\t<meta property=\"og:image:type\" content=\"image\/jpeg\" \/>\n<meta name=\"author\" content=\"admin\" \/>\n<meta name=\"twitter:card\" content=\"summary_large_image\" \/>\n<meta name=\"twitter:label1\" content=\"Napsal(a)\" \/>\n\t<meta name=\"twitter:data1\" content=\"admin\" \/>\n\t<meta name=\"twitter:label2\" content=\"Odhadovan\u00e1 doba \u010dten\u00ed\" \/>\n\t<meta name=\"twitter:data2\" content=\"5 minut\" \/>\n<script type=\"application\/ld+json\" class=\"yoast-schema-graph\">{\"@context\":\"https:\/\/schema.org\",\"@graph\":[{\"@type\":\"Article\",\"@id\":\"https:\/\/marekkuchcinski.pl\/en\/wspolpraca-miedzynarodowa\/wieden-pierwszy-dzien-konferencji-przewodniczacych-parlamentow-ue-z-udzialem-marszalka-sejmu\/#article\",\"isPartOf\":{\"@id\":\"https:\/\/marekkuchcinski.pl\/en\/wspolpraca-miedzynarodowa\/wieden-pierwszy-dzien-konferencji-przewodniczacych-parlamentow-ue-z-udzialem-marszalka-sejmu\/\"},\"author\":{\"name\":\"admin\",\"@id\":\"https:\/\/marekkuchcinski.pl\/#\/schema\/person\/6f62700996b4d950b6ea2d1183b6c6be\"},\"headline\":\"Wiede\u0144: pierwszy dzie\u0144 Konferencji Przewodnicz\u0105cych Parlament\u00f3w UE z udzia\u0142em marsza\u0142ka Sejmu\",\"datePublished\":\"2019-04-09T09:16:25+00:00\",\"dateModified\":\"2019-04-09T09:16:39+00:00\",\"mainEntityOfPage\":{\"@id\":\"https:\/\/marekkuchcinski.pl\/en\/wspolpraca-miedzynarodowa\/wieden-pierwszy-dzien-konferencji-przewodniczacych-parlamentow-ue-z-udzialem-marszalka-sejmu\/\"},\"wordCount\":935,\"commentCount\":0,\"publisher\":{\"@id\":\"https:\/\/marekkuchcinski.pl\/#organization\"},\"image\":{\"@id\":\"https:\/\/marekkuchcinski.pl\/en\/wspolpraca-miedzynarodowa\/wieden-pierwszy-dzien-konferencji-przewodniczacych-parlamentow-ue-z-udzialem-marszalka-sejmu\/#primaryimage\"},\"thumbnailUrl\":\"https:\/\/marekkuchcinski.pl\/wp-content\/uploads\/2019\/04\/W-1.jpg\",\"articleSection\":[\"Wie\u015bci z Sejmu\",\"Wsp\u00f3\u0142praca mi\u0119dzynarodowa\"],\"inLanguage\":\"cs\",\"potentialAction\":[{\"@type\":\"CommentAction\",\"name\":\"Comment\",\"target\":[\"https:\/\/marekkuchcinski.pl\/en\/wspolpraca-miedzynarodowa\/wieden-pierwszy-dzien-konferencji-przewodniczacych-parlamentow-ue-z-udzialem-marszalka-sejmu\/#respond\"]}]},{\"@type\":\"WebPage\",\"@id\":\"https:\/\/marekkuchcinski.pl\/en\/wspolpraca-miedzynarodowa\/wieden-pierwszy-dzien-konferencji-przewodniczacych-parlamentow-ue-z-udzialem-marszalka-sejmu\/\",\"url\":\"https:\/\/marekkuchcinski.pl\/en\/wspolpraca-miedzynarodowa\/wieden-pierwszy-dzien-konferencji-przewodniczacych-parlamentow-ue-z-udzialem-marszalka-sejmu\/\",\"name\":\"Wiede\u0144: pierwszy dzie\u0144 Konferencji Przewodnicz\u0105cych Parlament\u00f3w UE z udzia\u0142em marsza\u0142ka Sejmu &#8211; Marek Kuchci\u0144ski\",\"isPartOf\":{\"@id\":\"https:\/\/marekkuchcinski.pl\/#website\"},\"primaryImageOfPage\":{\"@id\":\"https:\/\/marekkuchcinski.pl\/en\/wspolpraca-miedzynarodowa\/wieden-pierwszy-dzien-konferencji-przewodniczacych-parlamentow-ue-z-udzialem-marszalka-sejmu\/#primaryimage\"},\"image\":{\"@id\":\"https:\/\/marekkuchcinski.pl\/en\/wspolpraca-miedzynarodowa\/wieden-pierwszy-dzien-konferencji-przewodniczacych-parlamentow-ue-z-udzialem-marszalka-sejmu\/#primaryimage\"},\"thumbnailUrl\":\"https:\/\/marekkuchcinski.pl\/wp-content\/uploads\/2019\/04\/W-1.jpg\",\"datePublished\":\"2019-04-09T09:16:25+00:00\",\"dateModified\":\"2019-04-09T09:16:39+00:00\",\"breadcrumb\":{\"@id\":\"https:\/\/marekkuchcinski.pl\/en\/wspolpraca-miedzynarodowa\/wieden-pierwszy-dzien-konferencji-przewodniczacych-parlamentow-ue-z-udzialem-marszalka-sejmu\/#breadcrumb\"},\"inLanguage\":\"cs\",\"potentialAction\":[{\"@type\":\"ReadAction\",\"target\":[\"https:\/\/marekkuchcinski.pl\/en\/wspolpraca-miedzynarodowa\/wieden-pierwszy-dzien-konferencji-przewodniczacych-parlamentow-ue-z-udzialem-marszalka-sejmu\/\"]}]},{\"@type\":\"ImageObject\",\"inLanguage\":\"cs\",\"@id\":\"https:\/\/marekkuchcinski.pl\/en\/wspolpraca-miedzynarodowa\/wieden-pierwszy-dzien-konferencji-przewodniczacych-parlamentow-ue-z-udzialem-marszalka-sejmu\/#primaryimage\",\"url\":\"https:\/\/marekkuchcinski.pl\/wp-content\/uploads\/2019\/04\/W-1.jpg\",\"contentUrl\":\"https:\/\/marekkuchcinski.pl\/wp-content\/uploads\/2019\/04\/W-1.jpg\",\"width\":2048,\"height\":1363},{\"@type\":\"BreadcrumbList\",\"@id\":\"https:\/\/marekkuchcinski.pl\/en\/wspolpraca-miedzynarodowa\/wieden-pierwszy-dzien-konferencji-przewodniczacych-parlamentow-ue-z-udzialem-marszalka-sejmu\/#breadcrumb\",\"itemListElement\":[{\"@type\":\"ListItem\",\"position\":1,\"name\":\"Strona g\u0142\u00f3wna\",\"item\":\"https:\/\/marekkuchcinski.pl\/\"},{\"@type\":\"ListItem\",\"position\":2,\"name\":\"Wiede\u0144: pierwszy dzie\u0144 Konferencji Przewodnicz\u0105cych Parlament\u00f3w UE z udzia\u0142em marsza\u0142ka Sejmu\"}]},{\"@type\":\"WebSite\",\"@id\":\"https:\/\/marekkuchcinski.pl\/#website\",\"url\":\"https:\/\/marekkuchcinski.pl\/\",\"name\":\"Marek Kuchci\u0144ski\",\"description\":\"Pose\u0142 na sejm RP &ndash; okr\u0119g nr 22\",\"publisher\":{\"@id\":\"https:\/\/marekkuchcinski.pl\/#organization\"},\"potentialAction\":[{\"@type\":\"SearchAction\",\"target\":{\"@type\":\"EntryPoint\",\"urlTemplate\":\"https:\/\/marekkuchcinski.pl\/?s={search_term_string}\"},\"query-input\":{\"@type\":\"PropertyValueSpecification\",\"valueRequired\":true,\"valueName\":\"search_term_string\"}}],\"inLanguage\":\"cs\"},{\"@type\":\"Organization\",\"@id\":\"https:\/\/marekkuchcinski.pl\/#organization\",\"name\":\"Marek Kuchci\u0144ski\",\"url\":\"https:\/\/marekkuchcinski.pl\/\",\"logo\":{\"@type\":\"ImageObject\",\"inLanguage\":\"cs\",\"@id\":\"https:\/\/marekkuchcinski.pl\/#\/schema\/logo\/image\/\",\"url\":\"https:\/\/marekkuchcinski.pl\/wp-content\/uploads\/2022\/09\/Marek.jpg\",\"contentUrl\":\"https:\/\/marekkuchcinski.pl\/wp-content\/uploads\/2022\/09\/Marek.jpg\",\"width\":1600,\"height\":971,\"caption\":\"Marek Kuchci\u0144ski\"},\"image\":{\"@id\":\"https:\/\/marekkuchcinski.pl\/#\/schema\/logo\/image\/\"}},{\"@type\":\"Person\",\"@id\":\"https:\/\/marekkuchcinski.pl\/#\/schema\/person\/6f62700996b4d950b6ea2d1183b6c6be\",\"name\":\"admin\",\"image\":{\"@type\":\"ImageObject\",\"inLanguage\":\"cs\",\"@id\":\"https:\/\/marekkuchcinski.pl\/#\/schema\/person\/image\/\",\"url\":\"https:\/\/secure.gravatar.com\/avatar\/4bab693b9d55c3d6b52c0296a8765085?s=96&d=mm&r=g\",\"contentUrl\":\"https:\/\/secure.gravatar.com\/avatar\/4bab693b9d55c3d6b52c0296a8765085?s=96&d=mm&r=g\",\"caption\":\"admin\"},\"url\":\"https:\/\/marekkuchcinski.pl\/cs\/author\/marta-olejnik\/\"}]}<\/script>\n<!-- \/ Yoast SEO plugin. -->","yoast_head_json":{"title":"Wiede\u0144: pierwszy dzie\u0144 Konferencji Przewodnicz\u0105cych Parlament\u00f3w UE z udzia\u0142em marsza\u0142ka Sejmu &#8211; Marek Kuchci\u0144ski","robots":{"index":"index","follow":"follow","max-snippet":"max-snippet:-1","max-image-preview":"max-image-preview:large","max-video-preview":"max-video-preview:-1"},"canonical":"https:\/\/marekkuchcinski.pl\/cs\/wspolpraca-miedzynarodowa\/wieden-pierwszy-dzien-konferencji-przewodniczacych-parlamentow-ue-z-udzialem-marszalka-sejmu\/","og_locale":"cs_CZ","og_type":"article","og_title":"Wiede\u0144: pierwszy dzie\u0144 Konferencji Przewodnicz\u0105cych Parlament\u00f3w UE z udzia\u0142em marsza\u0142ka Sejmu &#8211; Marek Kuchci\u0144ski","og_description":"Relacje Unii Europejskiej z s\u0105siadami, majowe wybory do Parlamentu Europejskiego, wsp\u00f3\u0142praca parlament\u00f3w narodowych i instytucji europejskich \u2013 to g\u0142\u00f3wne tematy Konferencji Przewodnicz\u0105cych Parlament\u00f3w Unii Europejskiej, kt\u00f3ra rozpocz\u0119\u0142a si\u0119 w poniedzia\u0142ek w Wiedniu. Polski parlament w stolicy Austrii reprezentuj\u0105 marsza\u0142kowie Sejmu i Senatu Marek Kuchci\u0144ski i Stanis\u0142aw Karczewski. Konferencja jest corocznym forum wymiany zda\u0144 na temat [&hellip;]","og_url":"https:\/\/marekkuchcinski.pl\/cs\/wspolpraca-miedzynarodowa\/wieden-pierwszy-dzien-konferencji-przewodniczacych-parlamentow-ue-z-udzialem-marszalka-sejmu\/","og_site_name":"Marek Kuchci\u0144ski","article_published_time":"2019-04-09T09:16:25+00:00","article_modified_time":"2019-04-09T09:16:39+00:00","og_image":[{"width":2048,"height":1363,"url":"https:\/\/marekkuchcinski.pl\/wp-content\/uploads\/2019\/04\/W-1.jpg","type":"image\/jpeg"}],"author":"admin","twitter_card":"summary_large_image","twitter_misc":{"Napsal(a)":"admin","Odhadovan\u00e1 doba \u010dten\u00ed":"5 minut"},"schema":{"@context":"https:\/\/schema.org","@graph":[{"@type":"Article","@id":"https:\/\/marekkuchcinski.pl\/en\/wspolpraca-miedzynarodowa\/wieden-pierwszy-dzien-konferencji-przewodniczacych-parlamentow-ue-z-udzialem-marszalka-sejmu\/#article","isPartOf":{"@id":"https:\/\/marekkuchcinski.pl\/en\/wspolpraca-miedzynarodowa\/wieden-pierwszy-dzien-konferencji-przewodniczacych-parlamentow-ue-z-udzialem-marszalka-sejmu\/"},"author":{"name":"admin","@id":"https:\/\/marekkuchcinski.pl\/#\/schema\/person\/6f62700996b4d950b6ea2d1183b6c6be"},"headline":"Wiede\u0144: pierwszy dzie\u0144 Konferencji Przewodnicz\u0105cych Parlament\u00f3w UE z udzia\u0142em marsza\u0142ka Sejmu","datePublished":"2019-04-09T09:16:25+00:00","dateModified":"2019-04-09T09:16:39+00:00","mainEntityOfPage":{"@id":"https:\/\/marekkuchcinski.pl\/en\/wspolpraca-miedzynarodowa\/wieden-pierwszy-dzien-konferencji-przewodniczacych-parlamentow-ue-z-udzialem-marszalka-sejmu\/"},"wordCount":935,"commentCount":0,"publisher":{"@id":"https:\/\/marekkuchcinski.pl\/#organization"},"image":{"@id":"https:\/\/marekkuchcinski.pl\/en\/wspolpraca-miedzynarodowa\/wieden-pierwszy-dzien-konferencji-przewodniczacych-parlamentow-ue-z-udzialem-marszalka-sejmu\/#primaryimage"},"thumbnailUrl":"https:\/\/marekkuchcinski.pl\/wp-content\/uploads\/2019\/04\/W-1.jpg","articleSection":["Wie\u015bci z Sejmu","Wsp\u00f3\u0142praca mi\u0119dzynarodowa"],"inLanguage":"cs","potentialAction":[{"@type":"CommentAction","name":"Comment","target":["https:\/\/marekkuchcinski.pl\/en\/wspolpraca-miedzynarodowa\/wieden-pierwszy-dzien-konferencji-przewodniczacych-parlamentow-ue-z-udzialem-marszalka-sejmu\/#respond"]}]},{"@type":"WebPage","@id":"https:\/\/marekkuchcinski.pl\/en\/wspolpraca-miedzynarodowa\/wieden-pierwszy-dzien-konferencji-przewodniczacych-parlamentow-ue-z-udzialem-marszalka-sejmu\/","url":"https:\/\/marekkuchcinski.pl\/en\/wspolpraca-miedzynarodowa\/wieden-pierwszy-dzien-konferencji-przewodniczacych-parlamentow-ue-z-udzialem-marszalka-sejmu\/","name":"Wiede\u0144: pierwszy dzie\u0144 Konferencji Przewodnicz\u0105cych Parlament\u00f3w UE z udzia\u0142em marsza\u0142ka Sejmu &#8211; Marek Kuchci\u0144ski","isPartOf":{"@id":"https:\/\/marekkuchcinski.pl\/#website"},"primaryImageOfPage":{"@id":"https:\/\/marekkuchcinski.pl\/en\/wspolpraca-miedzynarodowa\/wieden-pierwszy-dzien-konferencji-przewodniczacych-parlamentow-ue-z-udzialem-marszalka-sejmu\/#primaryimage"},"image":{"@id":"https:\/\/marekkuchcinski.pl\/en\/wspolpraca-miedzynarodowa\/wieden-pierwszy-dzien-konferencji-przewodniczacych-parlamentow-ue-z-udzialem-marszalka-sejmu\/#primaryimage"},"thumbnailUrl":"https:\/\/marekkuchcinski.pl\/wp-content\/uploads\/2019\/04\/W-1.jpg","datePublished":"2019-04-09T09:16:25+00:00","dateModified":"2019-04-09T09:16:39+00:00","breadcrumb":{"@id":"https:\/\/marekkuchcinski.pl\/en\/wspolpraca-miedzynarodowa\/wieden-pierwszy-dzien-konferencji-przewodniczacych-parlamentow-ue-z-udzialem-marszalka-sejmu\/#breadcrumb"},"inLanguage":"cs","potentialAction":[{"@type":"ReadAction","target":["https:\/\/marekkuchcinski.pl\/en\/wspolpraca-miedzynarodowa\/wieden-pierwszy-dzien-konferencji-przewodniczacych-parlamentow-ue-z-udzialem-marszalka-sejmu\/"]}]},{"@type":"ImageObject","inLanguage":"cs","@id":"https:\/\/marekkuchcinski.pl\/en\/wspolpraca-miedzynarodowa\/wieden-pierwszy-dzien-konferencji-przewodniczacych-parlamentow-ue-z-udzialem-marszalka-sejmu\/#primaryimage","url":"https:\/\/marekkuchcinski.pl\/wp-content\/uploads\/2019\/04\/W-1.jpg","contentUrl":"https:\/\/marekkuchcinski.pl\/wp-content\/uploads\/2019\/04\/W-1.jpg","width":2048,"height":1363},{"@type":"BreadcrumbList","@id":"https:\/\/marekkuchcinski.pl\/en\/wspolpraca-miedzynarodowa\/wieden-pierwszy-dzien-konferencji-przewodniczacych-parlamentow-ue-z-udzialem-marszalka-sejmu\/#breadcrumb","itemListElement":[{"@type":"ListItem","position":1,"name":"Strona g\u0142\u00f3wna","item":"https:\/\/marekkuchcinski.pl\/"},{"@type":"ListItem","position":2,"name":"Wiede\u0144: pierwszy dzie\u0144 Konferencji Przewodnicz\u0105cych Parlament\u00f3w UE z udzia\u0142em marsza\u0142ka Sejmu"}]},{"@type":"WebSite","@id":"https:\/\/marekkuchcinski.pl\/#website","url":"https:\/\/marekkuchcinski.pl\/","name":"Marek Kuchci\u0144ski","description":"Pose\u0142 na sejm RP &ndash; okr\u0119g nr 22","publisher":{"@id":"https:\/\/marekkuchcinski.pl\/#organization"},"potentialAction":[{"@type":"SearchAction","target":{"@type":"EntryPoint","urlTemplate":"https:\/\/marekkuchcinski.pl\/?s={search_term_string}"},"query-input":{"@type":"PropertyValueSpecification","valueRequired":true,"valueName":"search_term_string"}}],"inLanguage":"cs"},{"@type":"Organization","@id":"https:\/\/marekkuchcinski.pl\/#organization","name":"Marek Kuchci\u0144ski","url":"https:\/\/marekkuchcinski.pl\/","logo":{"@type":"ImageObject","inLanguage":"cs","@id":"https:\/\/marekkuchcinski.pl\/#\/schema\/logo\/image\/","url":"https:\/\/marekkuchcinski.pl\/wp-content\/uploads\/2022\/09\/Marek.jpg","contentUrl":"https:\/\/marekkuchcinski.pl\/wp-content\/uploads\/2022\/09\/Marek.jpg","width":1600,"height":971,"caption":"Marek Kuchci\u0144ski"},"image":{"@id":"https:\/\/marekkuchcinski.pl\/#\/schema\/logo\/image\/"}},{"@type":"Person","@id":"https:\/\/marekkuchcinski.pl\/#\/schema\/person\/6f62700996b4d950b6ea2d1183b6c6be","name":"admin","image":{"@type":"ImageObject","inLanguage":"cs","@id":"https:\/\/marekkuchcinski.pl\/#\/schema\/person\/image\/","url":"https:\/\/secure.gravatar.com\/avatar\/4bab693b9d55c3d6b52c0296a8765085?s=96&d=mm&r=g","contentUrl":"https:\/\/secure.gravatar.com\/avatar\/4bab693b9d55c3d6b52c0296a8765085?s=96&d=mm&r=g","caption":"admin"},"url":"https:\/\/marekkuchcinski.pl\/cs\/author\/marta-olejnik\/"}]}},"_links":{"self":[{"href":"https:\/\/marekkuchcinski.pl\/cs\/wp-json\/wp\/v2\/posts\/14596","targetHints":{"allow":["GET"]}}],"collection":[{"href":"https:\/\/marekkuchcinski.pl\/cs\/wp-json\/wp\/v2\/posts"}],"about":[{"href":"https:\/\/marekkuchcinski.pl\/cs\/wp-json\/wp\/v2\/types\/post"}],"author":[{"embeddable":true,"href":"https:\/\/marekkuchcinski.pl\/cs\/wp-json\/wp\/v2\/users\/6"}],"replies":[{"embeddable":true,"href":"https:\/\/marekkuchcinski.pl\/cs\/wp-json\/wp\/v2\/comments?post=14596"}],"version-history":[{"count":3,"href":"https:\/\/marekkuchcinski.pl\/cs\/wp-json\/wp\/v2\/posts\/14596\/revisions"}],"predecessor-version":[{"id":14608,"href":"https:\/\/marekkuchcinski.pl\/cs\/wp-json\/wp\/v2\/posts\/14596\/revisions\/14608"}],"wp:featuredmedia":[{"embeddable":true,"href":"https:\/\/marekkuchcinski.pl\/cs\/wp-json\/wp\/v2\/media\/14605"}],"wp:attachment":[{"href":"https:\/\/marekkuchcinski.pl\/cs\/wp-json\/wp\/v2\/media?parent=14596"}],"wp:term":[{"taxonomy":"category","embeddable":true,"href":"https:\/\/marekkuchcinski.pl\/cs\/wp-json\/wp\/v2\/categories?post=14596"},{"taxonomy":"post_tag","embeddable":true,"href":"https:\/\/marekkuchcinski.pl\/cs\/wp-json\/wp\/v2\/tags?post=14596"}],"curies":[{"name":"wp","href":"https:\/\/api.w.org\/{rel}","templated":true}]}}