{"id":14590,"date":"2019-04-07T20:04:14","date_gmt":"2019-04-07T18:04:14","guid":{"rendered":"https:\/\/marekkuchcinski.pl\/?p=14590"},"modified":"2019-04-07T20:04:16","modified_gmt":"2019-04-07T18:04:16","slug":"xxi-sejmik-folklorystyczny-zwiazany-z-obchodami-swiat-wielkanocnych","status":"publish","type":"post","link":"https:\/\/marekkuchcinski.pl\/cs\/bez-kategorii\/lms\/xxi-sejmik-folklorystyczny-zwiazany-z-obchodami-swiat-wielkanocnych\/","title":{"rendered":"XXI. velikono\u010dn\u00ed folklorn\u00ed festival"},"content":{"rendered":"<p class=\"wp-block-paragraph\"><strong><em>Pan<br> Wac\u0142aw Paw\u0142owski<br> Vojvodstv\u00ed Krzywcza Gmina <br> <\/em><\/strong><\/p>\n\n\n\n<p class=\"wp-block-paragraph\"><em>V\u00e1\u017een\u00ed\nPan starosta,<\/em><\/p>\n\n\n\n<p class=\"wp-block-paragraph\"><em>R\u00e1d bych v\u00e1m moc pod\u011bkoval za\npozv\u00e1nka na 21. lidov\u00fd sejmik spojen\u00e1 s velikono\u010dn\u00edmi oslavami.\nVelikonoce. Proto\u017ee se nemohu z\u00fa\u010dastnit, r\u00e1d bych vyu\u017eil t\u00e9to p\u0159\u00edle\u017eitosti a pozdravil\nv\u0161em \u00fa\u010dastn\u00edk\u016fm.<\/em><\/p>\n\n\n\n<p class=\"wp-block-paragraph\"><em>Velikonoce jsou v\u00fdjime\u010dn\u00fdm obdob\u00edm,\nkdy symbolick\u00e9 n\u00e1bo\u017eensk\u00e9 ob\u0159ady, lidov\u00e9 tradice a znovuzrozen\u00ed p\u0159\u00edrody.\nse prol\u00ednaj\u00ed v jeden celek. Starobyl\u00e9 zvyky p\u0159ipom\u00ednaj\u00ed v\u00fdznamn\u00e9 k\u0159es\u0165ansk\u00e9\nud\u00e1losti a tak\u00e9 upozor\u0148uje na p\u0159irozen\u00e9 zm\u011bny, kter\u00e9 se odehr\u00e1vaj\u00ed <br>\nve sv\u011bt\u011b p\u0159\u00edrody. <\/em><\/p>\n\n\n\n<p class=\"wp-block-paragraph\"><em>T\u011b\u0161\u00ed m\u011b, \u017ee ka\u017ed\u00fd rok\npo\u0159\u00e1d\u00e1te folklorn\u00ed festival, b\u011bhem kter\u00e9ho nejmlad\u0161\u00ed d\u011bti\np\u0159\u00edle\u017eitost sezn\u00e1mit se s d\u00e1vn\u00fdmi zvyky. Je to proto, \u017ee je d\u016fle\u017eitou sou\u010d\u00e1st\u00ed na\u0161eho d\u011bdictv\u00ed.\npo stalet\u00ed p\u0159ed\u00e1v\u00e1ny dal\u0161\u00edm generac\u00edm.  P\u0159ijm\u011bte pros\u00edm na\u0161e srde\u010dn\u00e9 p\u0159\u00e1n\u00ed p\u0159\u00edjemn\u00e9 atmosf\u00e9ry a dobr\u00e9 z\u00e1bavy.\np\u0159\u00edjemn\u00e1 atmosf\u00e9ra a dobr\u00e1 z\u00e1bava. Gratulujeme v\u00edt\u011bz\u016fm velikono\u010dn\u00edch sout\u011b\u017e\u00ed.<\/em><\/p>\n\n\n\n<p class=\"wp-block-paragraph\"><em>U p\u0159\u00edle\u017eitosti nadch\u00e1zej\u00edc\u00edch sv\u00e1tk\u016f v\u00e1m p\u0159eji.\nabyste pro\u017eili tento v\u00fdjime\u010dn\u00fd \u010das <br>\nv duchu radosti, vz\u00e1jemn\u00e9ho porozum\u011bn\u00ed\na nad\u011bji. <\/em><\/p>\n\n\n\n<p class=\"wp-block-paragraph\"><em>S pozdravem a p\u0159\u00e1n\u00edm v\u0161eho dobr\u00e9ho\ns pozdravem.<\/em><\/p>\n\n\n\n<p class=\"wp-block-paragraph\"><em>&nbsp;&nbsp;&nbsp; Marek Kuchci\u0144ski&nbsp; <\/em><\/p>","protected":false},"excerpt":{"rendered":"<p>Pan Wac\u0142aw Paw\u0142owski W\u00f3jt Gminy Krzywcza Szanowny Panie W\u00f3jcie, pragn\u0119 serdecznie podzi\u0119kowa\u0107 za zaproszenie na XXI Sejmik Folklorystyczny zwi\u0105zany z obchodami \u015awi\u0105t Wielkanocnych. Nie mog\u0105c wzi\u0105\u0107 w nim udzia\u0142u, t\u0105 drog\u0105 chcia\u0142bym pozdrowi\u0107 wszystkich uczestnik\u00f3w. \u015awi\u0119ta wielkanocne to wyj\u0105tkowy czas, kiedy symboliczne obrz\u0119dy religijne, tradycja ludowa i odradzaj\u0105ca przyroda splataj\u0105 si\u0119 w jedno. Dawne zwyczaje [&hellip;]<\/p>\n","protected":false},"author":6,"featured_media":14113,"comment_status":"open","ping_status":"open","sticky":false,"template":"","format":"standard","meta":{"ngg_post_thumbnail":0,"footnotes":""},"categories":[104],"tags":[],"class_list":["post-14590","post","type-post","status-publish","format-standard","has-post-thumbnail","hentry","category-lms"],"_links":{"self":[{"href":"https:\/\/marekkuchcinski.pl\/cs\/wp-json\/wp\/v2\/posts\/14590","targetHints":{"allow":["GET"]}}],"collection":[{"href":"https:\/\/marekkuchcinski.pl\/cs\/wp-json\/wp\/v2\/posts"}],"about":[{"href":"https:\/\/marekkuchcinski.pl\/cs\/wp-json\/wp\/v2\/types\/post"}],"author":[{"embeddable":true,"href":"https:\/\/marekkuchcinski.pl\/cs\/wp-json\/wp\/v2\/users\/6"}],"replies":[{"embeddable":true,"href":"https:\/\/marekkuchcinski.pl\/cs\/wp-json\/wp\/v2\/comments?post=14590"}],"version-history":[{"count":1,"href":"https:\/\/marekkuchcinski.pl\/cs\/wp-json\/wp\/v2\/posts\/14590\/revisions"}],"predecessor-version":[{"id":14591,"href":"https:\/\/marekkuchcinski.pl\/cs\/wp-json\/wp\/v2\/posts\/14590\/revisions\/14591"}],"wp:featuredmedia":[{"embeddable":true,"href":"https:\/\/marekkuchcinski.pl\/cs\/wp-json\/wp\/v2\/media\/14113"}],"wp:attachment":[{"href":"https:\/\/marekkuchcinski.pl\/cs\/wp-json\/wp\/v2\/media?parent=14590"}],"wp:term":[{"taxonomy":"category","embeddable":true,"href":"https:\/\/marekkuchcinski.pl\/cs\/wp-json\/wp\/v2\/categories?post=14590"},{"taxonomy":"post_tag","embeddable":true,"href":"https:\/\/marekkuchcinski.pl\/cs\/wp-json\/wp\/v2\/tags?post=14590"}],"curies":[{"name":"wp","href":"https:\/\/api.w.org\/{rel}","templated":true}]}}