{"id":14587,"date":"2019-04-07T19:59:43","date_gmt":"2019-04-07T17:59:43","guid":{"rendered":"https:\/\/marekkuchcinski.pl\/?p=14587"},"modified":"2019-04-07T20:06:19","modified_gmt":"2019-04-07T18:06:19","slug":"uroczyste-obchody-upamietniajace-9-rocznice-tragedii-smolenskiej-i-79-rocznice-mordu-katynskiego","status":"publish","type":"post","link":"https:\/\/marekkuchcinski.pl\/cs\/bez-kategorii\/lms\/uroczyste-obchody-upamietniajace-9-rocznice-tragedii-smolenskiej-i-79-rocznice-mordu-katynskiego\/","title":{"rendered":"Slavnostn\u00ed p\u0159ipom\u00ednka 9. v\u00fdro\u010d\u00ed smolensk\u00e9 trag\u00e9die a 79. v\u00fdro\u010d\u00ed katy\u0148sk\u00e9ho masakru"},"content":{"rendered":"<p class=\"wp-block-paragraph\"><strong>&nbsp;&nbsp; Pan\u00ed Barbara Bartu\u015b<\/strong><\/p>\n\n\n\n<p class=\"wp-block-paragraph\"><strong>&nbsp;&nbsp; Poslanec polsk\u00e9ho parlamentu<\/strong><\/p>\n\n\n\n<p class=\"wp-block-paragraph\"><strong>&nbsp;&nbsp; Powiat Board <\/strong><\/p>\n\n\n\n<p class=\"wp-block-paragraph\"><strong>&nbsp;&nbsp; Pr\u00e1vo a spravedlnost <\/strong><\/p>\n\n\n\n<p class=\"wp-block-paragraph\"><strong>&nbsp;&nbsp; v Gorlici<\/strong><\/p>\n\n\n\n<p class=\"wp-block-paragraph\"><strong>&nbsp;&nbsp; Sdru\u017een\u00ed Na\u0161e m\u011bsto <\/strong><\/p>\n\n\n\n<p class=\"wp-block-paragraph\">D\u00e1my a p\u00e1nov\u00e9, <\/p>\n\n\n\n<p class=\"wp-block-paragraph\">D\u011bkujeme v\u00e1m za pozv\u00e1n\u00ed na slavnostn\u00ed vzpom\u00ednkovou akci k 9. v\u00fdro\u010d\u00ed\nsmolensk\u00e9 trag\u00e9die a 79. v\u00fdro\u010d\u00ed katy\u0148sk\u00e9ho masakru. <\/p>\n\n\n\n<p class=\"wp-block-paragraph\"><a>Modlitebn\u00ed sn\u011bn\u00ed jedine\u010dn\u00fdm zp\u016fsobem sjednocuje\nv\u011b\u0159\u00edc\u00edch, p<\/a>ud\u00e1lost n\u00e1m p\u0159ipom\u00edn\u00e1 na\u0161e spole\u010dn\u00e9 my\u0161lenky a nut\u00ed n\u00e1s hluboce se zamyslet nad t\u00edm, co se d\u011bje.\nNa\u0161e t\u011b\u017ek\u00e1 historie, stejn\u011b jako lid\u00e9, kter\u00e9 spojovala starost o dobro.\nV\u00fdstava je vynikaj\u00edc\u00edm p\u0159\u00edkladem toho, jak m\u016f\u017eeme b\u00fdt v\u0161ichni hrd\u00ed na na\u0161i spole\u010dnou historii a na na\u0161i oddanost vlasteneck\u00fdm hodnot\u00e1m. <\/p>\n\n\n\n<p class=\"wp-block-paragraph\">V tento v\u00fdro\u010dn\u00ed den si p\u0159ipom\u00edn\u00e1me zesnul\u00e9ho prezidenta Polsk\u00e9 republiky profesora Lecha.\nKaczy\u0144sk\u00e9ho a jeho \u017eeny Marie a v\u0161ech ob\u011bt\u00ed \u00fatoku na\nSmolensk\u00e1 katastrofa. V\u00edce ne\u017e obvykle c\u00edt\u00edme pr\u00e1zdnotu po na\u0161ich p\u0159\u00e1tel\u00edch.\np\u0159\u00e1tel\u00e9 a kolegov\u00e9, kte\u0159\u00ed n\u00e1m le\u017e\u00ed na srdci. Jejich tragick\u00e1 smrt tak\u00e9\nJejich tragick\u00e1 smrt n\u00e1s z\u00e1rove\u0148 vyb\u00edz\u00ed k zamy\u0161len\u00ed nad jejich \u00fasp\u011bchy. <\/p>\n\n\n\n<p class=\"wp-block-paragraph\">Odkaz zesnul\u00e9ho Lecha Kaczy\u0144sk\u00e9ho je pro n\u00e1s inspirac\u00ed,\na z\u00e1rove\u0148 z\u00e1vazek v\u016f\u010di minulosti, v\u016f\u010di t\u011bm, kte\u0159\u00ed za ni bojovali.\nsvobodu. S je\u0161t\u011b v\u011bt\u0161\u00ed \u00factou se skl\u00e1n\u00edme p\u0159ed ob\u011b\u0165mi holocaustu.\nKaty\u0148 - Pol\u00e1ci zavra\u017ed\u011bn\u00ed NKVD. <\/p>\n\n\n\n<p class=\"wp-block-paragraph\">R\u00e1d bych pod\u011bkoval organiz\u00e1tor\u016fm ob\u0159ad\u016f v Gorlici.\nza p\u011bstov\u00e1n\u00ed pam\u00e1tky na\u0161ich hrdin\u016f. <\/p>\n\n\n\n<p class=\"wp-block-paragraph\">&nbsp;&nbsp;&nbsp;&nbsp;&nbsp;&nbsp;&nbsp;&nbsp;&nbsp;&nbsp;&nbsp;&nbsp;&nbsp;&nbsp;&nbsp;&nbsp;&nbsp;&nbsp;&nbsp;&nbsp;&nbsp;&nbsp;&nbsp;&nbsp;&nbsp;&nbsp;&nbsp;&nbsp;&nbsp;&nbsp;&nbsp;&nbsp;&nbsp;&nbsp;&nbsp;&nbsp;&nbsp;&nbsp;&nbsp;&nbsp;&nbsp;&nbsp;&nbsp;&nbsp;&nbsp;&nbsp;&nbsp;&nbsp;&nbsp;&nbsp;&nbsp;&nbsp;&nbsp;&nbsp;&nbsp;&nbsp;&nbsp;&nbsp;&nbsp;&nbsp;&nbsp;&nbsp;&nbsp;&nbsp;&nbsp;&nbsp;&nbsp;&nbsp;&nbsp;&nbsp;&nbsp;&nbsp;&nbsp;&nbsp;&nbsp;&nbsp;&nbsp;&nbsp;&nbsp;&nbsp;&nbsp;&nbsp; Z\ns pozdravem <\/p>\n\n\n\n<p class=\"wp-block-paragraph\">&nbsp;&nbsp;&nbsp;&nbsp;&nbsp;&nbsp;&nbsp;&nbsp;&nbsp;&nbsp;&nbsp;&nbsp;&nbsp;&nbsp;&nbsp;&nbsp;&nbsp;&nbsp;&nbsp;&nbsp;&nbsp;&nbsp;&nbsp;&nbsp;&nbsp;&nbsp;&nbsp;&nbsp;&nbsp;&nbsp;&nbsp;&nbsp;&nbsp;&nbsp;&nbsp;&nbsp;&nbsp;&nbsp;&nbsp;&nbsp;&nbsp;&nbsp;&nbsp;&nbsp;&nbsp;&nbsp;&nbsp;&nbsp;&nbsp;&nbsp;&nbsp;&nbsp;&nbsp;&nbsp;&nbsp;&nbsp;&nbsp;&nbsp;&nbsp;&nbsp;&nbsp;&nbsp;&nbsp;&nbsp;&nbsp;&nbsp;\n&nbsp;&nbsp;&nbsp;&nbsp;&nbsp;&nbsp;&nbsp;&nbsp;&nbsp;&nbsp;&nbsp;&nbsp;&nbsp;&nbsp;&nbsp;&nbsp;&nbsp;&nbsp;&nbsp;Marek\nKuchci\u0144ski <\/p>","protected":false},"excerpt":{"rendered":"<p>&nbsp;&nbsp; Pani Barbara Bartu\u015b &nbsp;&nbsp; Pose\u0142 na Sejm RP &nbsp;&nbsp; Zarz\u0105d Powiatowy &nbsp;&nbsp; Prawa i Sprawiedliwo\u015bci &nbsp;&nbsp; w Gorlicach &nbsp;&nbsp; Stowarzyszenie \u201eNasze Miasto\u201d Szanowni Pa\u0144stwo, dzi\u0119kuj\u0119 za zaproszenie na uroczyste obchody upami\u0119tniaj\u0105ce 9. rocznic\u0119 tragedii smole\u0144skiej i 79. rocznic\u0119 mordu katy\u0144skiego. Modlitewna zaduma w wyj\u0105tkowy spos\u00f3b jednoczy wiernych, przypomina wsp\u00f3lne idee i sk\u0142ania do g\u0142\u0119bokich [&hellip;]<\/p>\n","protected":false},"author":6,"featured_media":14113,"comment_status":"open","ping_status":"open","sticky":false,"template":"","format":"standard","meta":{"ngg_post_thumbnail":0,"footnotes":""},"categories":[104],"tags":[],"class_list":["post-14587","post","type-post","status-publish","format-standard","has-post-thumbnail","hentry","category-lms"],"_links":{"self":[{"href":"https:\/\/marekkuchcinski.pl\/cs\/wp-json\/wp\/v2\/posts\/14587","targetHints":{"allow":["GET"]}}],"collection":[{"href":"https:\/\/marekkuchcinski.pl\/cs\/wp-json\/wp\/v2\/posts"}],"about":[{"href":"https:\/\/marekkuchcinski.pl\/cs\/wp-json\/wp\/v2\/types\/post"}],"author":[{"embeddable":true,"href":"https:\/\/marekkuchcinski.pl\/cs\/wp-json\/wp\/v2\/users\/6"}],"replies":[{"embeddable":true,"href":"https:\/\/marekkuchcinski.pl\/cs\/wp-json\/wp\/v2\/comments?post=14587"}],"version-history":[{"count":1,"href":"https:\/\/marekkuchcinski.pl\/cs\/wp-json\/wp\/v2\/posts\/14587\/revisions"}],"predecessor-version":[{"id":14588,"href":"https:\/\/marekkuchcinski.pl\/cs\/wp-json\/wp\/v2\/posts\/14587\/revisions\/14588"}],"wp:featuredmedia":[{"embeddable":true,"href":"https:\/\/marekkuchcinski.pl\/cs\/wp-json\/wp\/v2\/media\/14113"}],"wp:attachment":[{"href":"https:\/\/marekkuchcinski.pl\/cs\/wp-json\/wp\/v2\/media?parent=14587"}],"wp:term":[{"taxonomy":"category","embeddable":true,"href":"https:\/\/marekkuchcinski.pl\/cs\/wp-json\/wp\/v2\/categories?post=14587"},{"taxonomy":"post_tag","embeddable":true,"href":"https:\/\/marekkuchcinski.pl\/cs\/wp-json\/wp\/v2\/tags?post=14587"}],"curies":[{"name":"wp","href":"https:\/\/api.w.org\/{rel}","templated":true}]}}