{"id":14586,"date":"2019-04-07T20:06:46","date_gmt":"2019-04-07T18:06:46","guid":{"rendered":"https:\/\/marekkuchcinski.pl\/?p=14586"},"modified":"2019-04-07T20:06:47","modified_gmt":"2019-04-07T18:06:47","slug":"uroczystosc-odsloniecia-pomnika-sp-pawla-wypycha","status":"publish","type":"post","link":"https:\/\/marekkuchcinski.pl\/cs\/bez-kategorii\/lms\/uroczystosc-odsloniecia-pomnika-sp-pawla-wypycha\/","title":{"rendered":"Slavnostn\u00ed odhalen\u00ed pomn\u00edku zesnul\u00e9ho Paw\u0142a Wypycha"},"content":{"rendered":"<p class=\"wp-block-paragraph\"><em><strong>Pan\u00ed <\/strong><\/em><strong><em>Ma\u0142gorzata Wypych<\/em><\/strong><\/p>\n\n\n\n<p class=\"wp-block-paragraph\"><strong><em> Poslanec polsk\u00e9ho parlamentu<\/em><\/strong><\/p>\n\n\n\n<p class=\"wp-block-paragraph\"><em>&nbsp;&nbsp;&nbsp;&nbsp;&nbsp;&nbsp;&nbsp;&nbsp;&nbsp;&nbsp;&nbsp; V\u00e1\u017een\u00ed\nPan\u00ed p\u0159edsedkyn\u011b,<\/em><\/p>\n\n\n\n<p class=\"wp-block-paragraph\"><em>&nbsp;&nbsp;&nbsp;&nbsp;&nbsp;&nbsp;&nbsp;&nbsp;&nbsp;&nbsp;&nbsp; velmi\nD\u011bkuji za pozv\u00e1n\u00ed na slavnostn\u00ed odhalen\u00ed sochy zesnul\u00e9ho Paw\u0142a Wypycha.\nLituji, \u017ee mi p\u0159edchoz\u00ed z\u00e1vazky nedovolily z\u00fa\u010dastnit se t\u00e9to akce.\nud\u00e1lost.<\/em><\/p>\n\n\n\n<p class=\"wp-block-paragraph\"><em>Na Paw\u0142a Wypycha budou jeho kolegov\u00e9 a p\u0159\u00e1tel\u00e9 vzpom\u00ednat jako na\nvelmi pracovit\u00fd a pln\u00fd energie, kter\u00fd se sv\u00fdch povinnost\u00ed ujal s velkou odpov\u011bdnost\u00ed a nasazen\u00edm.\nse ujal sv\u00fdch povinnost\u00ed s velkou odpov\u011bdnost\u00ed a nasazen\u00edm. Lid\u00e9, kte\u0159\u00ed se pod\u00edleli na ve\u0159ejn\u00e9m \u017eivot\u011b, ho m\u011bli r\u00e1di a v\u00e1\u017eili si ho.\n\u00fa\u010dastn\u00edky ve\u0159ejn\u00e9ho \u017eivota obl\u00edben\u00fd a respektovan\u00fd, byl pova\u017eov\u00e1n za vyrovnan\u00e9ho a rozv\u00e1\u017en\u00e9ho politika, ale z\u00e1rove\u0148 otev\u0159en\u00e9ho lidem.\notev\u0159en\u00fd lidem. Byl cen\u011bn pro svou inteligenci, zv\u00eddavost a velkou laskavost.\n<\/em><\/p>\n\n\n\n<p class=\"wp-block-paragraph\"><em>&nbsp;&nbsp;&nbsp;&nbsp;&nbsp;&nbsp;&nbsp;&nbsp;&nbsp;&nbsp;&nbsp; S jeho\nvytrvalost a p\u00edle n\u00e1s v\u017edy p\u0159esv\u011bd\u010dil, \u017ee neexistuj\u00ed \u017e\u00e1dn\u00e9 <br>\nDok\u00e1zal se prosadit, ale sv\u00fdm nad\u0161en\u00edm a up\u0159\u00edmnost\u00ed si dok\u00e1zal podmanit\na sv\u00fdm nad\u0161en\u00edm a up\u0159\u00edmnost\u00ed si dok\u00e1zal z\u00edskat ka\u017ed\u00e9ho, v\u010detn\u011b t\u011bch, kte\u0159\u00ed nesd\u00edleli jeho politick\u00e9 n\u00e1zory. Na str\u00e1nk\u00e1ch\nPo cel\u00fd \u017eivot se tak\u00e9 v\u011bnoval soci\u00e1ln\u00ed \u010dinnosti.<\/em><\/p>\n\n\n\n<p class=\"wp-block-paragraph\"><em>&nbsp;&nbsp;&nbsp;&nbsp;&nbsp;&nbsp;&nbsp;&nbsp;&nbsp;&nbsp;&nbsp; Pawe\u0142\nWypych byl nepochybn\u011b osobnost\u00ed, kter\u00e1 p\u0159i psan\u00ed r\u016fzn\u00fdch str\u00e1nek sv\u00e9ho \u017eivota,\ndob\u0159e pochopil podstatu spole\u010dn\u00e9ho dobra. Jako skaut, \u00fa\u0159edn\u00edk m\u00edstn\u00ed samospr\u00e1vy a politik\nSv\u00fdmi postoji a \u010diny v\u017edy p\u0159ed\u00e1val d\u016fle\u017eit\u00e9 poselstv\u00ed - mus\u00edte se\nMus\u00edme pracovat s odvahou a v\u00edrou, \u017ee na\u0161e \u00fasil\u00ed bude m\u00edt nejv\u011bt\u0161\u00ed smysl, kdy\u017e bude slou\u017eit dobru druh\u00fdch,\nkdy\u017e slou\u017e\u00ed dobru druh\u00fdch. <\/em><\/p>\n\n\n\n<p class=\"wp-block-paragraph\"><em>&nbsp;&nbsp;&nbsp;&nbsp;&nbsp;&nbsp;&nbsp;&nbsp;&nbsp;&nbsp;&nbsp; Hluboce\nJsem hluboce p\u0159esv\u011bd\u010den, \u017ee pomn\u00edk v Oss\u00f3w\u011b bude p\u0159ipom\u00ednat nejen Paw\u0142a Wypcha,\nale z\u016fstane tak\u00e9 vyj\u00e1d\u0159en\u00edm vd\u011b\u010dnosti za v\u0161e, co ud\u011blal s pocitem\nodpov\u011bdnost za spole\u010dn\u00e9 dobro a za na\u0161i vlast.<\/em><\/p>\n\n\n\n<p class=\"wp-block-paragraph\"><em>&nbsp;&nbsp;&nbsp;&nbsp;&nbsp;&nbsp;&nbsp;&nbsp;&nbsp;&nbsp;&nbsp;&nbsp;&nbsp;&nbsp;&nbsp;&nbsp;&nbsp;&nbsp;&nbsp;&nbsp;&nbsp;&nbsp;&nbsp;&nbsp;&nbsp;&nbsp;&nbsp;&nbsp;&nbsp;&nbsp;&nbsp;&nbsp;&nbsp;&nbsp;&nbsp;&nbsp;&nbsp;&nbsp;&nbsp;&nbsp;&nbsp;&nbsp;&nbsp;&nbsp;&nbsp;&nbsp;&nbsp;&nbsp;&nbsp;&nbsp;&nbsp;&nbsp;&nbsp;&nbsp;&nbsp;&nbsp;&nbsp;&nbsp;&nbsp;&nbsp;&nbsp;&nbsp;&nbsp;&nbsp;&nbsp;&nbsp;&nbsp;&nbsp;&nbsp;&nbsp;&nbsp;&nbsp;&nbsp;&nbsp;&nbsp;&nbsp;&nbsp;&nbsp;&nbsp;&nbsp;&nbsp;&nbsp; Z\ns pozdravem<\/em><\/p>\n\n\n\n<p class=\"wp-block-paragraph\"><em>&nbsp;&nbsp;&nbsp;&nbsp;&nbsp;&nbsp;&nbsp;&nbsp;&nbsp;&nbsp;&nbsp;&nbsp;&nbsp;&nbsp;&nbsp;&nbsp;&nbsp;&nbsp;&nbsp;&nbsp;&nbsp;&nbsp;&nbsp;&nbsp;&nbsp;&nbsp;&nbsp;&nbsp;&nbsp;&nbsp;&nbsp;&nbsp;&nbsp;&nbsp;&nbsp;&nbsp;&nbsp;&nbsp;&nbsp;&nbsp;&nbsp;&nbsp;&nbsp;&nbsp;&nbsp;&nbsp;&nbsp;&nbsp;&nbsp;&nbsp;&nbsp;&nbsp;&nbsp;&nbsp;&nbsp;&nbsp;&nbsp;&nbsp;&nbsp;&nbsp;&nbsp;&nbsp;&nbsp;&nbsp;&nbsp;&nbsp;&nbsp;&nbsp;&nbsp;&nbsp;&nbsp;&nbsp;&nbsp;&nbsp;&nbsp;&nbsp;&nbsp;&nbsp;&nbsp;&nbsp;&nbsp;&nbsp; &nbsp; Marek Kuchci\u0144ski<\/em><\/p>","protected":false},"excerpt":{"rendered":"<p>Pani Ma\u0142gorzata Wypych Pose\u0142 na Sejm RP &nbsp;&nbsp;&nbsp;&nbsp;&nbsp;&nbsp;&nbsp;&nbsp;&nbsp;&nbsp;&nbsp; Szanowna Pani Pose\u0142, &nbsp;&nbsp;&nbsp;&nbsp;&nbsp;&nbsp;&nbsp;&nbsp;&nbsp;&nbsp;&nbsp; bardzo dzi\u0119kuj\u0119 za zaproszenie na uroczysto\u015b\u0107 ods\u0142oni\u0119cia pomnika \u015bp. Paw\u0142a Wypycha. \u017ba\u0142uj\u0119, \u017ce wcze\u015bniejsze zobowi\u0105zania nie pozwalaj\u0105 mi na udzia\u0142 w tym wydarzeniu. W pami\u0119ci swoich koleg\u00f3w i znajomych Pawe\u0142 Wypych zapisa\u0142 si\u0119 jako cz\u0142owiek bardzo pracowity i pe\u0142en energii, kt\u00f3ry z wielk\u0105 [&hellip;]<\/p>\n","protected":false},"author":6,"featured_media":0,"comment_status":"open","ping_status":"open","sticky":false,"template":"","format":"standard","meta":{"ngg_post_thumbnail":0,"footnotes":""},"categories":[104],"tags":[],"class_list":["post-14586","post","type-post","status-publish","format-standard","hentry","category-lms"],"_links":{"self":[{"href":"https:\/\/marekkuchcinski.pl\/cs\/wp-json\/wp\/v2\/posts\/14586","targetHints":{"allow":["GET"]}}],"collection":[{"href":"https:\/\/marekkuchcinski.pl\/cs\/wp-json\/wp\/v2\/posts"}],"about":[{"href":"https:\/\/marekkuchcinski.pl\/cs\/wp-json\/wp\/v2\/types\/post"}],"author":[{"embeddable":true,"href":"https:\/\/marekkuchcinski.pl\/cs\/wp-json\/wp\/v2\/users\/6"}],"replies":[{"embeddable":true,"href":"https:\/\/marekkuchcinski.pl\/cs\/wp-json\/wp\/v2\/comments?post=14586"}],"version-history":[{"count":1,"href":"https:\/\/marekkuchcinski.pl\/cs\/wp-json\/wp\/v2\/posts\/14586\/revisions"}],"predecessor-version":[{"id":14593,"href":"https:\/\/marekkuchcinski.pl\/cs\/wp-json\/wp\/v2\/posts\/14586\/revisions\/14593"}],"wp:attachment":[{"href":"https:\/\/marekkuchcinski.pl\/cs\/wp-json\/wp\/v2\/media?parent=14586"}],"wp:term":[{"taxonomy":"category","embeddable":true,"href":"https:\/\/marekkuchcinski.pl\/cs\/wp-json\/wp\/v2\/categories?post=14586"},{"taxonomy":"post_tag","embeddable":true,"href":"https:\/\/marekkuchcinski.pl\/cs\/wp-json\/wp\/v2\/tags?post=14586"}],"curies":[{"name":"wp","href":"https:\/\/api.w.org\/{rel}","templated":true}]}}