{"id":14584,"date":"2019-04-07T20:08:03","date_gmt":"2019-04-07T18:08:03","guid":{"rendered":"https:\/\/marekkuchcinski.pl\/?p=14584"},"modified":"2019-04-07T20:08:05","modified_gmt":"2019-04-07T18:08:05","slug":"v-forum-kobiet-podkarpacia-im-dr-grazyny-gesickiej-kobiety-w-100-lecie-niepodleglosci","status":"publish","type":"post","link":"https:\/\/marekkuchcinski.pl\/cs\/bez-kategorii\/lms\/v-forum-kobiet-podkarpacia-im-dr-grazyny-gesickiej-kobiety-w-100-lecie-niepodleglosci\/","title":{"rendered":"5. f\u00f3rum \u017een Podkarpatsk\u00e9 Rusi pojmenovan\u00e9 po doktorce Gra\u017cyn\u011b G\u0119sick\u00e9 \"\u017deny v roce 100. v\u00fdro\u010d\u00ed nez\u00e1vislosti\""},"content":{"rendered":"<p class=\"wp-block-paragraph\"><em>&nbsp;&nbsp;&nbsp;&nbsp;&nbsp;&nbsp;&nbsp;&nbsp;&nbsp;&nbsp;&nbsp;&nbsp;&nbsp;&nbsp;&nbsp;&nbsp;&nbsp;&nbsp;&nbsp;&nbsp;&nbsp;&nbsp;&nbsp;&nbsp;&nbsp;&nbsp;&nbsp;&nbsp;&nbsp;&nbsp;&nbsp;&nbsp;&nbsp;&nbsp;&nbsp;&nbsp;&nbsp;&nbsp;&nbsp;&nbsp;&nbsp;&nbsp;&nbsp;&nbsp;&nbsp;&nbsp;&nbsp;&nbsp;&nbsp;&nbsp;&nbsp;&nbsp;&nbsp;&nbsp;&nbsp;&nbsp;&nbsp;&nbsp;&nbsp;&nbsp;&nbsp;&nbsp;&nbsp;&nbsp;&nbsp;&nbsp;&nbsp;&nbsp;&nbsp;&nbsp;&nbsp;&nbsp;&nbsp;&nbsp;&nbsp;&nbsp;&nbsp;&nbsp;&nbsp;&nbsp;&nbsp;&nbsp; <strong>Pan\u00ed<\/strong><\/em><\/p>\n\n\n\n<p class=\"wp-block-paragraph\"><strong><em>Prof. Dr. J\u00f3zefa Hrynkiewicz<\/em><\/strong><\/p>\n\n\n\n<p class=\"wp-block-paragraph\"><strong><em>Poslanec polsk\u00e9ho parlamentu<\/em><\/strong><\/p>\n\n\n\n<p class=\"wp-block-paragraph\"><em>&nbsp;&nbsp;&nbsp;&nbsp;&nbsp;&nbsp;&nbsp;&nbsp;&nbsp;&nbsp;&nbsp; V\u00e1\u017een\u00ed\nPan\u00ed p\u0159edsedkyn\u011b,<\/em><\/p>\n\n\n\n<p class=\"wp-block-paragraph\"><em>&nbsp;&nbsp;&nbsp;&nbsp;&nbsp;&nbsp;&nbsp;&nbsp;&nbsp;&nbsp;&nbsp; velmi\nd\u011bkujeme za pozv\u00e1n\u00ed na 5. F\u00f3rum \u017een Podkarpatska, kter\u00e9 nese jm\u00e9no Dr. Gra\u017cyny G\u0119sick\u00e9.\n\"\u017deny v roce 100. v\u00fdro\u010d\u00ed nez\u00e1vislosti\". Nemo\u017enost z\u00fa\u010dastnit se t\u00e9to akce,\nR\u00e1d bych pozdravil v\u0161echny \u00fa\u010dastn\u00edky a pozvan\u00e9 hosty.<\/em><\/p>\n\n\n\n<p class=\"wp-block-paragraph\"><em>&nbsp;&nbsp;&nbsp;&nbsp;&nbsp;&nbsp;&nbsp;&nbsp;&nbsp;&nbsp;&nbsp; Jsem r\u00e1d, \u017ee\n\u017ee se f\u00f3rum stalo sou\u010d\u00e1st\u00ed kalend\u00e1\u0159e d\u016fle\u017eit\u00fdch setk\u00e1n\u00ed v na\u0161em regionu. V\u011b\u0159\u00edm, \u017ee\nproto\u017ee v\u011b\u0159\u00edm, \u017ee ka\u017ed\u00fd hlas ve v\u011bcech \u017een a jejich m\u00edsta ve spole\u010densk\u00e9m a ve\u0159ejn\u00e9m \u017eivot\u011b.\nsi zaslou\u017e\u00ed podporu.<\/em><\/p>\n\n\n\n<p class=\"wp-block-paragraph\"><em>&nbsp;&nbsp;&nbsp;&nbsp;&nbsp;&nbsp;&nbsp;&nbsp;&nbsp;&nbsp;&nbsp; T\u00edm sp\u00ed\u0161e\nT\u00edm sp\u00ed\u0161e, \u017ee oslavy st\u00e9ho v\u00fdro\u010d\u00ed nez\u00e1vislosti na\u0161\u00ed vlasti se ve zvl\u00e1\u0161tn\u00edm\nOslavy st\u00e9ho v\u00fdro\u010d\u00ed nez\u00e1vislosti na\u0161\u00ed vlasti n\u00e1s zvl\u00e1\u0161tn\u00edm zp\u016fsobem upozornily na to, \u017ee by neexistovala nez\u00e1visl\u00e1, siln\u00e1 a demokratick\u00e1\nPolsko by nebylo nez\u00e1visl\u00e9, siln\u00e9 a demokratick\u00e9 bez zapojen\u00ed generac\u00ed polsk\u00fdch \u017een, kter\u00e9 ne\u010delily \u017e\u00e1dn\u00e9mu nebezpe\u010d\u00ed.\nnejen obt\u00ed\u017en\u00fd ka\u017edodenn\u00ed \u017eivot tv\u00e1\u0159\u00ed v tv\u00e1\u0159 rozd\u011blen\u00ed, v\u00e1lce a \u00fatlaku, ale tak\u00e9...\nkte\u0159\u00ed stejn\u011b jako mu\u017ei aktivn\u011b bojovali za svobodu. <\/em><\/p>\n\n\n\n<p class=\"wp-block-paragraph\"><em>Minul\u00fd rok byl tak\u00e9 posledn\u00edm\nsto let od rozhodnut\u00ed, kter\u00e9 natrvalo zm\u011bnilo podobu polsk\u00e9 spole\u010dnosti. Polsko\nPolsko bylo jednou z prvn\u00edch zem\u00ed na sv\u011bt\u011b, kde \u017eeny z\u00edskaly plnohodnotn\u00e9 pr\u00e1vo na \u017eivot.\nPolsk\u00e9 \u017eeny z\u00edskaly pln\u00e9 volebn\u00ed pr\u00e1vo jako jedna z prvn\u00edch zem\u00ed na sv\u011bt\u011b. To sv\u011bd\u010d\u00ed o mimo\u0159\u00e1dn\u00e9 vysp\u011blosti nejen otc\u016f nez\u00e1vislosti, ale i cel\u00e9 spole\u010dnosti.\nTo sv\u011bd\u010d\u00ed o mimo\u0159\u00e1dn\u00e9 vysp\u011blosti - nejen otc\u016f nez\u00e1vislosti, ale i cel\u00e9 spole\u010dnosti. Proto Sejm Republiky\nPolsk\u00e9 republiky jako uzn\u00e1n\u00ed t\u011bm, kte\u0159\u00ed se zaslou\u017eili o tyto legislativn\u00ed zm\u011bny.\np\u0159isp\u011bly k t\u011bmto legislativn\u00edm zm\u011bn\u00e1m a p\u0159edev\u0161\u00edm k mnoha moudr\u00fdm, odv\u00e1\u017en\u00fdm a odhodlan\u00fdm\n\u017een bojuj\u00edc\u00edch za rovn\u00e1 pr\u00e1va - vyhl\u00e1sila rok 2018 Rokem \u017eensk\u00fdch pr\u00e1v. <\/em><\/p>\n\n\n\n<p class=\"wp-block-paragraph\"><em>Dnes, kdy jsme sv\u011bdky\nobrovsk\u00e9 zm\u011bny, kter\u00e9 se odehr\u00e1vaj\u00ed ve spole\u010densk\u00e9m v\u011bdom\u00ed a kter\u00e9 prolamuj\u00ed\nstereotypy t\u00fdkaj\u00edc\u00ed se obrazu \u017een, stoj\u00ed za to odk\u00e1zat na tyto\nNa tyto historick\u00e9 zku\u0161enosti je t\u0159eba se odvolat. Mohou toti\u017e b\u00fdt p\u0159\u00edsp\u011bvkem k mnoha inspirativn\u00edm \u00favah\u00e1m.\nreflexe.<\/em><\/p>\n\n\n\n<p class=\"wp-block-paragraph\"><em>&nbsp;&nbsp;&nbsp;&nbsp;&nbsp;&nbsp;&nbsp;&nbsp;&nbsp;&nbsp;&nbsp; Pou\u017e\u00edv\u00e1n\u00ed str\u00e1nek\nCht\u011bl bych touto cestou pod\u011bkovat organiz\u00e1tor\u016fm Podkarpatsk\u00e9ho f\u00f3ra za to, \u017ee se na n\u011bm pod\u00edleli.\niniciativu a \u00fasil\u00ed p\u0159i p\u0159\u00edprav\u011b tohoto cenn\u00e9ho podniku. V\u0161em d\u00e1m\u00e1m\nkte\u0159\u00ed jsou p\u0159\u00edkladem toho, jak integrovat \u017eivotn\u00ed prost\u0159ed\u00ed a v\u011bnovat se sv\u00e9 pr\u00e1ci s v\u00e1\u0161n\u00ed a velk\u00fdm nasazen\u00edm.\nR\u00e1d bych vyj\u00e1d\u0159il sv\u00e9 uzn\u00e1n\u00ed v\u0161em d\u00e1m\u00e1m, kter\u00e9 jsou p\u0159\u00edkladem toho, jak integrovat komunitu, a v\u011bnuj\u00ed se sv\u00e9 pr\u00e1ci s v\u00e1\u0161n\u00ed a velk\u00fdm nasazen\u00edm. Jsem tak\u00e9\nJsem p\u0159esv\u011bd\u010den, \u017ee toto setk\u00e1n\u00ed, stejn\u011b jako ta p\u0159edchoz\u00ed, bude vynikaj\u00edc\u00ed p\u0159\u00edle\u017eitost\u00ed k tomu, aby se na n\u011bm\nJsem tak\u00e9 p\u0159esv\u011bd\u010dena, \u017ee toto setk\u00e1n\u00ed bude po vzoru t\u011bch p\u0159edchoz\u00edch vynikaj\u00edc\u00ed p\u0159\u00edle\u017eitost\u00ed k podpo\u0159e kreativn\u00edch a aktivn\u00edch \u017een, kter\u00e9 slou\u017e\u00ed m\u00edstn\u00ed spole\u010dnosti.\nm\u00edstn\u00ed spole\u010dnost. <\/em><\/p>\n\n\n\n<p class=\"wp-block-paragraph\"><em>&nbsp;&nbsp;&nbsp;&nbsp;&nbsp;&nbsp;&nbsp;&nbsp;&nbsp;&nbsp;&nbsp; P\u0159\u00e1n\u00ed\nvytrvalost a odhodl\u00e1n\u00ed ve va\u0161\u00ed dal\u0161\u00ed \u010dinnosti, r\u00e1d bych vyj\u00e1d\u0159il svou\nrespektovat.<\/em><\/p>\n\n\n\n<p class=\"wp-block-paragraph\"><em>&nbsp;&nbsp;&nbsp;&nbsp;&nbsp;&nbsp;&nbsp;&nbsp;&nbsp;&nbsp;&nbsp;&nbsp;&nbsp;&nbsp;&nbsp;&nbsp;&nbsp;&nbsp;&nbsp;&nbsp;&nbsp;&nbsp;&nbsp;&nbsp;&nbsp;&nbsp;&nbsp;&nbsp;&nbsp;&nbsp;&nbsp;&nbsp;&nbsp;&nbsp;&nbsp;&nbsp;&nbsp;&nbsp;&nbsp;&nbsp;&nbsp;&nbsp;&nbsp;&nbsp;&nbsp;&nbsp;&nbsp;&nbsp;&nbsp;&nbsp;&nbsp;&nbsp;&nbsp;&nbsp;&nbsp;&nbsp;&nbsp;&nbsp;&nbsp;&nbsp;&nbsp;&nbsp;&nbsp;&nbsp;&nbsp;&nbsp;&nbsp;&nbsp;&nbsp;&nbsp;&nbsp;&nbsp;&nbsp;&nbsp;&nbsp;&nbsp;&nbsp;&nbsp;&nbsp;&nbsp;&nbsp;&nbsp;&nbsp;&nbsp;&nbsp;&nbsp;&nbsp;&nbsp;&nbsp;&nbsp;&nbsp;&nbsp;&nbsp; Marek\nKuchci\u0144ski<\/em><\/p>","protected":false},"excerpt":{"rendered":"<p>&nbsp;&nbsp;&nbsp;&nbsp;&nbsp;&nbsp;&nbsp;&nbsp;&nbsp;&nbsp;&nbsp;&nbsp;&nbsp;&nbsp;&nbsp;&nbsp;&nbsp;&nbsp;&nbsp;&nbsp;&nbsp;&nbsp;&nbsp;&nbsp;&nbsp;&nbsp;&nbsp;&nbsp;&nbsp;&nbsp;&nbsp;&nbsp;&nbsp;&nbsp;&nbsp;&nbsp;&nbsp;&nbsp;&nbsp;&nbsp;&nbsp;&nbsp;&nbsp;&nbsp;&nbsp;&nbsp;&nbsp;&nbsp;&nbsp;&nbsp;&nbsp;&nbsp;&nbsp;&nbsp;&nbsp;&nbsp;&nbsp;&nbsp;&nbsp;&nbsp;&nbsp;&nbsp;&nbsp;&nbsp;&nbsp;&nbsp;&nbsp;&nbsp;&nbsp;&nbsp;&nbsp;&nbsp;&nbsp;&nbsp;&nbsp;&nbsp;&nbsp;&nbsp;&nbsp;&nbsp;&nbsp;&nbsp; Pani prof. dr hab. J\u00f3zefa Hrynkiewicz Pose\u0142 na Sejm RP &nbsp;&nbsp;&nbsp;&nbsp;&nbsp;&nbsp;&nbsp;&nbsp;&nbsp;&nbsp;&nbsp; Szanowna Pani Pose\u0142, &nbsp;&nbsp;&nbsp;&nbsp;&nbsp;&nbsp;&nbsp;&nbsp;&nbsp;&nbsp;&nbsp; bardzo dzi\u0119kuj\u0119 za zaproszenie na V Forum Kobiet Podkarpacia im. dr Gra\u017cyny G\u0119sickiej \u201eKobiety w 100-lecie Niepodleg\u0142o\u015bci\u201d. Nie mog\u0105c wzi\u0105\u0107 udzia\u0142u w tym wydarzeniu, t\u0105 drog\u0105 pozdrawiam wszystkie uczestniczki oraz zaproszonych go\u015bci. &nbsp;&nbsp;&nbsp;&nbsp;&nbsp;&nbsp;&nbsp;&nbsp;&nbsp;&nbsp;&nbsp; Ciesz\u0119 si\u0119, \u017ce Forum wpisa\u0142o si\u0119 [&hellip;]<\/p>\n","protected":false},"author":6,"featured_media":0,"comment_status":"open","ping_status":"open","sticky":false,"template":"","format":"standard","meta":{"ngg_post_thumbnail":0,"footnotes":""},"categories":[104],"tags":[],"class_list":["post-14584","post","type-post","status-publish","format-standard","hentry","category-lms"],"_links":{"self":[{"href":"https:\/\/marekkuchcinski.pl\/cs\/wp-json\/wp\/v2\/posts\/14584","targetHints":{"allow":["GET"]}}],"collection":[{"href":"https:\/\/marekkuchcinski.pl\/cs\/wp-json\/wp\/v2\/posts"}],"about":[{"href":"https:\/\/marekkuchcinski.pl\/cs\/wp-json\/wp\/v2\/types\/post"}],"author":[{"embeddable":true,"href":"https:\/\/marekkuchcinski.pl\/cs\/wp-json\/wp\/v2\/users\/6"}],"replies":[{"embeddable":true,"href":"https:\/\/marekkuchcinski.pl\/cs\/wp-json\/wp\/v2\/comments?post=14584"}],"version-history":[{"count":1,"href":"https:\/\/marekkuchcinski.pl\/cs\/wp-json\/wp\/v2\/posts\/14584\/revisions"}],"predecessor-version":[{"id":14595,"href":"https:\/\/marekkuchcinski.pl\/cs\/wp-json\/wp\/v2\/posts\/14584\/revisions\/14595"}],"wp:attachment":[{"href":"https:\/\/marekkuchcinski.pl\/cs\/wp-json\/wp\/v2\/media?parent=14584"}],"wp:term":[{"taxonomy":"category","embeddable":true,"href":"https:\/\/marekkuchcinski.pl\/cs\/wp-json\/wp\/v2\/categories?post=14584"},{"taxonomy":"post_tag","embeddable":true,"href":"https:\/\/marekkuchcinski.pl\/cs\/wp-json\/wp\/v2\/tags?post=14584"}],"curies":[{"name":"wp","href":"https:\/\/api.w.org\/{rel}","templated":true}]}}