{"id":14582,"date":"2019-04-07T20:07:32","date_gmt":"2019-04-07T18:07:32","guid":{"rendered":"https:\/\/marekkuchcinski.pl\/?p=14582"},"modified":"2019-04-07T20:07:33","modified_gmt":"2019-04-07T18:07:33","slug":"wernisaz-sztuka-wspolczesna-malarstwo-grafika-formy-przestrzenne-wystawa-prac-xxvii-i-xxviii-miedzynarodowego-pleneru-malarskiego-impresje-mikolowskie-2017-2018","status":"publish","type":"post","link":"https:\/\/marekkuchcinski.pl\/cs\/bez-kategorii\/lms\/wernisaz-sztuka-wspolczesna-malarstwo-grafika-formy-przestrzenne-wystawa-prac-xxvii-i-xxviii-miedzynarodowego-pleneru-malarskiego-impresje-mikolowskie-2017-2018\/","title":{"rendered":"Vernis\u00e1\u017e \"Sou\u010dasn\u00e9 um\u011bn\u00ed: malba\/grafika\/prostorov\u00e9 formy. V\u00fdstava prac\u00ed z XXVII. a XXVIII. mezin\u00e1rodn\u00edho mal\u00ed\u0159sk\u00e9ho plen\u00e9ru IMPRESJE MIKO\u0141OWSKIE 2017\/2018\""},"content":{"rendered":"<p><strong><em> Pan<\/em><\/strong><\/p>\n\n\n\n<p><strong><em>Narcis\nPi\u00f3recki<\/em><\/strong><\/p>\n\n\n\n<p><strong><em>\u0158editel\nArboretum <\/em><\/strong><\/p>\n\n\n\n<p><strong><em>w\nBolestraszyce<\/em><\/strong><\/p>\n\n\n\n<p><em>V\u00e1\u017een\u00fd pane\nRe\u017eis\u00e9r,<\/em><\/p>\n\n\n\n<p><em>D\u011bkuji za pozv\u00e1n\u00ed\nna zah\u00e1jen\u00ed v\u00fdstavy \"Sou\u010dasn\u00e9 um\u011bn\u00ed: malba\/grafika\/prostorov\u00e9 formy. V\u00fdstava\npr\u00e1ce XXVII. a XXVIII. mezin\u00e1rodn\u00edho mal\u00ed\u0159sk\u00e9ho plen\u00e9ru IMPRESE MIKO\u0141OWSKIEHO\n2017\/2018\". Bohu\u017eel se t\u00e9to um\u011bleck\u00e9 akce nebudu moci z\u00fa\u010dastnit,\nR\u00e1d bych proto vyu\u017eil t\u00e9to p\u0159\u00edle\u017eitosti a pod\u011bkoval organiz\u00e1tor\u016fm za skv\u011blou akci, kter\u00e1 prob\u011bhla v roce 2011.\niniciativu, jako\u017e i \u00fasil\u00ed vynalo\u017een\u00e9 na jej\u00ed p\u0159\u00edpravu.<\/em><\/p>\n\n\n\n<p><em>Jsem p\u0159esv\u011bd\u010den, \u017ee\nv\u00fdstava se setk\u00e1 s velk\u00fdm z\u00e1jmem a poskytne n\u00e1v\u0161t\u011bvn\u00edk\u016fm mnoho vzru\u0161uj\u00edc\u00edch dojm\u016f inspirovan\u00fdch prezentovan\u00fdmi d\u00edly.\nvzru\u0161uj\u00edc\u00ed z\u00e1\u017eitky inspirovan\u00e9 vystaven\u00fdmi d\u00edly.<\/em><\/p>\n\n\n\n<p><em>R\u00e1d bych vyu\u017eil t\u00e9to p\u0159\u00edle\u017eitosti a poslal v\u00e1m\nR\u00e1d bych v\u00e1m p\u0159i t\u00e9to p\u0159\u00edle\u017eitosti pop\u0159\u00e1l mnoho \u00fasp\u011bch\u016f ve va\u0161em \u00fasil\u00ed.\nR\u00e1d bych autor\u016fm prac\u00ed pop\u0159\u00e1l tv\u016fr\u010d\u00ed impuls a \u00fasp\u011b\u0161nou realizaci jejich d\u00edla.\nTak\u00e9 p\u0159eji n\u00e1v\u0161t\u011bvn\u00edk\u016fm arboreta nezapomenuteln\u00e9 vzpom\u00ednky. R\u00e1d bych tak\u00e9 pop\u0159\u00e1l v\u0161em n\u00e1v\u0161t\u011bvn\u00edk\u016fm arboreta nezapomenuteln\u00e9 z\u00e1\u017eitky.<\/em><\/p>\n\n\n\n<p><em>Srde\u010dn\u011b v\u00e1s zdrav\u00edm a\ns pozdravem. <\/em><\/p>\n\n\n\n<p><em> &nbsp; &nbsp;&nbsp;&nbsp;&nbsp;&nbsp;&nbsp;&nbsp;&nbsp;&nbsp;&nbsp;&nbsp;&nbsp;&nbsp;&nbsp;&nbsp;&nbsp;&nbsp;&nbsp;&nbsp;&nbsp;&nbsp;&nbsp;&nbsp;&nbsp;&nbsp;&nbsp;&nbsp;&nbsp;&nbsp;&nbsp;&nbsp;&nbsp;&nbsp;&nbsp;&nbsp;&nbsp;&nbsp;&nbsp;&nbsp;&nbsp;&nbsp;&nbsp;&nbsp;&nbsp;&nbsp;&nbsp;&nbsp;&nbsp;&nbsp;&nbsp;&nbsp;&nbsp;&nbsp;&nbsp;&nbsp;&nbsp;&nbsp;&nbsp;&nbsp;&nbsp;&nbsp;&nbsp;&nbsp;&nbsp;Marek Kuchci\u0144ski<\/em><\/p>","protected":false},"excerpt":{"rendered":"<p>Pan Narcyz Pi\u00f3recki Dyrektor Arboretum w Bolestraszycach Szanowny Panie Dyrektorze, uprzejmie dzi\u0119kuj\u0119 za zaproszenie na wernisa\u017c \u201eSztuka wsp\u00f3\u0142czesna: malarstwo\/grafika\/formy przestrzenne. Wystawa prac XXVII i XXVIII Mi\u0119dzynarodowego Pleneru Malarskiego IMPRESJE MIKO\u0141OWSKIE 2017\/2018\u201d. Niestety nie b\u0119d\u0119 m\u00f3g\u0142 wzi\u0105\u0107 udzia\u0142u w tym artystycznym wydarzeniu, chcia\u0142bym wi\u0119c t\u0105 drog\u0105 przekaza\u0107 organizatorom podzi\u0119kowania za&nbsp;wspania\u0142\u0105 inicjatyw\u0119, a tak\u017ce trud w\u0142o\u017cony w [&hellip;]<\/p>","protected":false},"author":6,"featured_media":0,"comment_status":"open","ping_status":"open","sticky":false,"template":"","format":"standard","meta":{"ngg_post_thumbnail":0,"footnotes":""},"categories":[104],"tags":[],"class_list":["post-14582","post","type-post","status-publish","format-standard","hentry","category-lms"],"yoast_head":"<!-- This site is optimized with the Yoast SEO plugin v24.7 - https:\/\/yoast.com\/wordpress\/plugins\/seo\/ -->\n<title>Wernisa\u017c \u201eSztuka wsp\u00f3\u0142czesna: malarstwo\/grafika\/formy przestrzenne. Wystawa prac XXVII i XXVIII Mi\u0119dzynarodowego Pleneru Malarskiego IMPRESJE MIKO\u0141OWSKIE 2017\/2018\u201d &#8211; Marek Kuchci\u0144ski<\/title>\n<meta name=\"robots\" content=\"index, follow, max-snippet:-1, max-image-preview:large, max-video-preview:-1\" \/>\n<link rel=\"canonical\" href=\"https:\/\/marekkuchcinski.pl\/cs\/bez-kategorii\/lms\/wernisaz-sztuka-wspolczesna-malarstwo-grafika-formy-przestrzenne-wystawa-prac-xxvii-i-xxviii-miedzynarodowego-pleneru-malarskiego-impresje-mikolowskie-2017-2018\/\" \/>\n<meta property=\"og:locale\" content=\"cs_CZ\" \/>\n<meta property=\"og:type\" content=\"article\" \/>\n<meta property=\"og:title\" content=\"Wernisa\u017c \u201eSztuka wsp\u00f3\u0142czesna: malarstwo\/grafika\/formy przestrzenne. Wystawa prac XXVII i XXVIII Mi\u0119dzynarodowego Pleneru Malarskiego IMPRESJE MIKO\u0141OWSKIE 2017\/2018\u201d &#8211; Marek Kuchci\u0144ski\" \/>\n<meta property=\"og:description\" content=\"Pan Narcyz Pi\u00f3recki Dyrektor Arboretum w Bolestraszycach Szanowny Panie Dyrektorze, uprzejmie dzi\u0119kuj\u0119 za zaproszenie na wernisa\u017c \u201eSztuka wsp\u00f3\u0142czesna: malarstwo\/grafika\/formy przestrzenne. Wystawa prac XXVII i XXVIII Mi\u0119dzynarodowego Pleneru Malarskiego IMPRESJE MIKO\u0141OWSKIE 2017\/2018\u201d. Niestety nie b\u0119d\u0119 m\u00f3g\u0142 wzi\u0105\u0107 udzia\u0142u w tym artystycznym wydarzeniu, chcia\u0142bym wi\u0119c t\u0105 drog\u0105 przekaza\u0107 organizatorom podzi\u0119kowania za&nbsp;wspania\u0142\u0105 inicjatyw\u0119, a tak\u017ce trud w\u0142o\u017cony w [&hellip;]\" \/>\n<meta property=\"og:url\" content=\"https:\/\/marekkuchcinski.pl\/cs\/bez-kategorii\/lms\/wernisaz-sztuka-wspolczesna-malarstwo-grafika-formy-przestrzenne-wystawa-prac-xxvii-i-xxviii-miedzynarodowego-pleneru-malarskiego-impresje-mikolowskie-2017-2018\/\" \/>\n<meta property=\"og:site_name\" content=\"Marek Kuchci\u0144ski\" \/>\n<meta property=\"article:published_time\" content=\"2019-04-07T18:07:32+00:00\" \/>\n<meta property=\"article:modified_time\" content=\"2019-04-07T18:07:33+00:00\" \/>\n<meta property=\"og:image\" content=\"https:\/\/marekkuchcinski.pl\/wp-content\/uploads\/2022\/09\/Marek.jpg\" \/>\n\t<meta property=\"og:image:width\" content=\"1600\" \/>\n\t<meta property=\"og:image:height\" content=\"971\" \/>\n\t<meta property=\"og:image:type\" content=\"image\/jpeg\" \/>\n<meta name=\"author\" content=\"admin\" \/>\n<meta name=\"twitter:card\" content=\"summary_large_image\" \/>\n<meta name=\"twitter:label1\" content=\"Napsal(a)\" \/>\n\t<meta name=\"twitter:data1\" content=\"admin\" \/>\n\t<meta name=\"twitter:label2\" content=\"Odhadovan\u00e1 doba \u010dten\u00ed\" \/>\n\t<meta name=\"twitter:data2\" content=\"1 minuta\" \/>\n<script type=\"application\/ld+json\" class=\"yoast-schema-graph\">{\"@context\":\"https:\/\/schema.org\",\"@graph\":[{\"@type\":\"Article\",\"@id\":\"https:\/\/marekkuchcinski.pl\/uk\/bez-kategorii\/lms\/wernisaz-sztuka-wspolczesna-malarstwo-grafika-formy-przestrzenne-wystawa-prac-xxvii-i-xxviii-miedzynarodowego-pleneru-malarskiego-impresje-mikolowskie-2017-2018\/#article\",\"isPartOf\":{\"@id\":\"https:\/\/marekkuchcinski.pl\/uk\/bez-kategorii\/lms\/wernisaz-sztuka-wspolczesna-malarstwo-grafika-formy-przestrzenne-wystawa-prac-xxvii-i-xxviii-miedzynarodowego-pleneru-malarskiego-impresje-mikolowskie-2017-2018\/\"},\"author\":{\"name\":\"admin\",\"@id\":\"https:\/\/marekkuchcinski.pl\/#\/schema\/person\/6f62700996b4d950b6ea2d1183b6c6be\"},\"headline\":\"Wernisa\u017c \u201eSztuka wsp\u00f3\u0142czesna: malarstwo\/grafika\/formy przestrzenne. Wystawa prac XXVII i XXVIII Mi\u0119dzynarodowego Pleneru Malarskiego IMPRESJE MIKO\u0141OWSKIE 2017\/2018\u201d\",\"datePublished\":\"2019-04-07T18:07:32+00:00\",\"dateModified\":\"2019-04-07T18:07:33+00:00\",\"mainEntityOfPage\":{\"@id\":\"https:\/\/marekkuchcinski.pl\/uk\/bez-kategorii\/lms\/wernisaz-sztuka-wspolczesna-malarstwo-grafika-formy-przestrzenne-wystawa-prac-xxvii-i-xxviii-miedzynarodowego-pleneru-malarskiego-impresje-mikolowskie-2017-2018\/\"},\"wordCount\":235,\"commentCount\":0,\"publisher\":{\"@id\":\"https:\/\/marekkuchcinski.pl\/#organization\"},\"articleSection\":[\"Listy Marsza\u0142ka Sejmu\"],\"inLanguage\":\"cs\",\"potentialAction\":[{\"@type\":\"CommentAction\",\"name\":\"Comment\",\"target\":[\"https:\/\/marekkuchcinski.pl\/uk\/bez-kategorii\/lms\/wernisaz-sztuka-wspolczesna-malarstwo-grafika-formy-przestrzenne-wystawa-prac-xxvii-i-xxviii-miedzynarodowego-pleneru-malarskiego-impresje-mikolowskie-2017-2018\/#respond\"]}]},{\"@type\":\"WebPage\",\"@id\":\"https:\/\/marekkuchcinski.pl\/uk\/bez-kategorii\/lms\/wernisaz-sztuka-wspolczesna-malarstwo-grafika-formy-przestrzenne-wystawa-prac-xxvii-i-xxviii-miedzynarodowego-pleneru-malarskiego-impresje-mikolowskie-2017-2018\/\",\"url\":\"https:\/\/marekkuchcinski.pl\/uk\/bez-kategorii\/lms\/wernisaz-sztuka-wspolczesna-malarstwo-grafika-formy-przestrzenne-wystawa-prac-xxvii-i-xxviii-miedzynarodowego-pleneru-malarskiego-impresje-mikolowskie-2017-2018\/\",\"name\":\"Wernisa\u017c \u201eSztuka wsp\u00f3\u0142czesna: malarstwo\/grafika\/formy przestrzenne. Wystawa prac XXVII i XXVIII Mi\u0119dzynarodowego Pleneru Malarskiego IMPRESJE MIKO\u0141OWSKIE 2017\/2018\u201d &#8211; Marek Kuchci\u0144ski\",\"isPartOf\":{\"@id\":\"https:\/\/marekkuchcinski.pl\/#website\"},\"datePublished\":\"2019-04-07T18:07:32+00:00\",\"dateModified\":\"2019-04-07T18:07:33+00:00\",\"breadcrumb\":{\"@id\":\"https:\/\/marekkuchcinski.pl\/uk\/bez-kategorii\/lms\/wernisaz-sztuka-wspolczesna-malarstwo-grafika-formy-przestrzenne-wystawa-prac-xxvii-i-xxviii-miedzynarodowego-pleneru-malarskiego-impresje-mikolowskie-2017-2018\/#breadcrumb\"},\"inLanguage\":\"cs\",\"potentialAction\":[{\"@type\":\"ReadAction\",\"target\":[\"https:\/\/marekkuchcinski.pl\/uk\/bez-kategorii\/lms\/wernisaz-sztuka-wspolczesna-malarstwo-grafika-formy-przestrzenne-wystawa-prac-xxvii-i-xxviii-miedzynarodowego-pleneru-malarskiego-impresje-mikolowskie-2017-2018\/\"]}]},{\"@type\":\"BreadcrumbList\",\"@id\":\"https:\/\/marekkuchcinski.pl\/uk\/bez-kategorii\/lms\/wernisaz-sztuka-wspolczesna-malarstwo-grafika-formy-przestrzenne-wystawa-prac-xxvii-i-xxviii-miedzynarodowego-pleneru-malarskiego-impresje-mikolowskie-2017-2018\/#breadcrumb\",\"itemListElement\":[{\"@type\":\"ListItem\",\"position\":1,\"name\":\"Strona g\u0142\u00f3wna\",\"item\":\"https:\/\/marekkuchcinski.pl\/\"},{\"@type\":\"ListItem\",\"position\":2,\"name\":\"Wernisa\u017c \u201eSztuka wsp\u00f3\u0142czesna: malarstwo\/grafika\/formy przestrzenne. Wystawa prac XXVII i XXVIII Mi\u0119dzynarodowego Pleneru Malarskiego IMPRESJE MIKO\u0141OWSKIE 2017\/2018\u201d\"}]},{\"@type\":\"WebSite\",\"@id\":\"https:\/\/marekkuchcinski.pl\/#website\",\"url\":\"https:\/\/marekkuchcinski.pl\/\",\"name\":\"Marek Kuchci\u0144ski\",\"description\":\"Pose\u0142 na sejm RP &ndash; okr\u0119g nr 22\",\"publisher\":{\"@id\":\"https:\/\/marekkuchcinski.pl\/#organization\"},\"potentialAction\":[{\"@type\":\"SearchAction\",\"target\":{\"@type\":\"EntryPoint\",\"urlTemplate\":\"https:\/\/marekkuchcinski.pl\/?s={search_term_string}\"},\"query-input\":{\"@type\":\"PropertyValueSpecification\",\"valueRequired\":true,\"valueName\":\"search_term_string\"}}],\"inLanguage\":\"cs\"},{\"@type\":\"Organization\",\"@id\":\"https:\/\/marekkuchcinski.pl\/#organization\",\"name\":\"Marek Kuchci\u0144ski\",\"url\":\"https:\/\/marekkuchcinski.pl\/\",\"logo\":{\"@type\":\"ImageObject\",\"inLanguage\":\"cs\",\"@id\":\"https:\/\/marekkuchcinski.pl\/#\/schema\/logo\/image\/\",\"url\":\"https:\/\/marekkuchcinski.pl\/wp-content\/uploads\/2022\/09\/Marek.jpg\",\"contentUrl\":\"https:\/\/marekkuchcinski.pl\/wp-content\/uploads\/2022\/09\/Marek.jpg\",\"width\":1600,\"height\":971,\"caption\":\"Marek Kuchci\u0144ski\"},\"image\":{\"@id\":\"https:\/\/marekkuchcinski.pl\/#\/schema\/logo\/image\/\"}},{\"@type\":\"Person\",\"@id\":\"https:\/\/marekkuchcinski.pl\/#\/schema\/person\/6f62700996b4d950b6ea2d1183b6c6be\",\"name\":\"admin\",\"image\":{\"@type\":\"ImageObject\",\"inLanguage\":\"cs\",\"@id\":\"https:\/\/marekkuchcinski.pl\/#\/schema\/person\/image\/\",\"url\":\"https:\/\/secure.gravatar.com\/avatar\/4bab693b9d55c3d6b52c0296a8765085?s=96&d=mm&r=g\",\"contentUrl\":\"https:\/\/secure.gravatar.com\/avatar\/4bab693b9d55c3d6b52c0296a8765085?s=96&d=mm&r=g\",\"caption\":\"admin\"},\"url\":\"https:\/\/marekkuchcinski.pl\/cs\/author\/marta-olejnik\/\"}]}<\/script>\n<!-- \/ Yoast SEO plugin. -->","yoast_head_json":{"title":"Wernisa\u017c \u201eSztuka wsp\u00f3\u0142czesna: malarstwo\/grafika\/formy przestrzenne. Wystawa prac XXVII i XXVIII Mi\u0119dzynarodowego Pleneru Malarskiego IMPRESJE MIKO\u0141OWSKIE 2017\/2018\u201d &#8211; Marek Kuchci\u0144ski","robots":{"index":"index","follow":"follow","max-snippet":"max-snippet:-1","max-image-preview":"max-image-preview:large","max-video-preview":"max-video-preview:-1"},"canonical":"https:\/\/marekkuchcinski.pl\/cs\/bez-kategorii\/lms\/wernisaz-sztuka-wspolczesna-malarstwo-grafika-formy-przestrzenne-wystawa-prac-xxvii-i-xxviii-miedzynarodowego-pleneru-malarskiego-impresje-mikolowskie-2017-2018\/","og_locale":"cs_CZ","og_type":"article","og_title":"Wernisa\u017c \u201eSztuka wsp\u00f3\u0142czesna: malarstwo\/grafika\/formy przestrzenne. Wystawa prac XXVII i XXVIII Mi\u0119dzynarodowego Pleneru Malarskiego IMPRESJE MIKO\u0141OWSKIE 2017\/2018\u201d &#8211; Marek Kuchci\u0144ski","og_description":"Pan Narcyz Pi\u00f3recki Dyrektor Arboretum w Bolestraszycach Szanowny Panie Dyrektorze, uprzejmie dzi\u0119kuj\u0119 za zaproszenie na wernisa\u017c \u201eSztuka wsp\u00f3\u0142czesna: malarstwo\/grafika\/formy przestrzenne. Wystawa prac XXVII i XXVIII Mi\u0119dzynarodowego Pleneru Malarskiego IMPRESJE MIKO\u0141OWSKIE 2017\/2018\u201d. Niestety nie b\u0119d\u0119 m\u00f3g\u0142 wzi\u0105\u0107 udzia\u0142u w tym artystycznym wydarzeniu, chcia\u0142bym wi\u0119c t\u0105 drog\u0105 przekaza\u0107 organizatorom podzi\u0119kowania za&nbsp;wspania\u0142\u0105 inicjatyw\u0119, a tak\u017ce trud w\u0142o\u017cony w [&hellip;]","og_url":"https:\/\/marekkuchcinski.pl\/cs\/bez-kategorii\/lms\/wernisaz-sztuka-wspolczesna-malarstwo-grafika-formy-przestrzenne-wystawa-prac-xxvii-i-xxviii-miedzynarodowego-pleneru-malarskiego-impresje-mikolowskie-2017-2018\/","og_site_name":"Marek Kuchci\u0144ski","article_published_time":"2019-04-07T18:07:32+00:00","article_modified_time":"2019-04-07T18:07:33+00:00","og_image":[{"width":1600,"height":971,"url":"https:\/\/marekkuchcinski.pl\/wp-content\/uploads\/2022\/09\/Marek.jpg","type":"image\/jpeg"}],"author":"admin","twitter_card":"summary_large_image","twitter_misc":{"Napsal(a)":"admin","Odhadovan\u00e1 doba \u010dten\u00ed":"1 minuta"},"schema":{"@context":"https:\/\/schema.org","@graph":[{"@type":"Article","@id":"https:\/\/marekkuchcinski.pl\/uk\/bez-kategorii\/lms\/wernisaz-sztuka-wspolczesna-malarstwo-grafika-formy-przestrzenne-wystawa-prac-xxvii-i-xxviii-miedzynarodowego-pleneru-malarskiego-impresje-mikolowskie-2017-2018\/#article","isPartOf":{"@id":"https:\/\/marekkuchcinski.pl\/uk\/bez-kategorii\/lms\/wernisaz-sztuka-wspolczesna-malarstwo-grafika-formy-przestrzenne-wystawa-prac-xxvii-i-xxviii-miedzynarodowego-pleneru-malarskiego-impresje-mikolowskie-2017-2018\/"},"author":{"name":"admin","@id":"https:\/\/marekkuchcinski.pl\/#\/schema\/person\/6f62700996b4d950b6ea2d1183b6c6be"},"headline":"Wernisa\u017c \u201eSztuka wsp\u00f3\u0142czesna: malarstwo\/grafika\/formy przestrzenne. Wystawa prac XXVII i XXVIII Mi\u0119dzynarodowego Pleneru Malarskiego IMPRESJE MIKO\u0141OWSKIE 2017\/2018\u201d","datePublished":"2019-04-07T18:07:32+00:00","dateModified":"2019-04-07T18:07:33+00:00","mainEntityOfPage":{"@id":"https:\/\/marekkuchcinski.pl\/uk\/bez-kategorii\/lms\/wernisaz-sztuka-wspolczesna-malarstwo-grafika-formy-przestrzenne-wystawa-prac-xxvii-i-xxviii-miedzynarodowego-pleneru-malarskiego-impresje-mikolowskie-2017-2018\/"},"wordCount":235,"commentCount":0,"publisher":{"@id":"https:\/\/marekkuchcinski.pl\/#organization"},"articleSection":["Listy Marsza\u0142ka Sejmu"],"inLanguage":"cs","potentialAction":[{"@type":"CommentAction","name":"Comment","target":["https:\/\/marekkuchcinski.pl\/uk\/bez-kategorii\/lms\/wernisaz-sztuka-wspolczesna-malarstwo-grafika-formy-przestrzenne-wystawa-prac-xxvii-i-xxviii-miedzynarodowego-pleneru-malarskiego-impresje-mikolowskie-2017-2018\/#respond"]}]},{"@type":"WebPage","@id":"https:\/\/marekkuchcinski.pl\/uk\/bez-kategorii\/lms\/wernisaz-sztuka-wspolczesna-malarstwo-grafika-formy-przestrzenne-wystawa-prac-xxvii-i-xxviii-miedzynarodowego-pleneru-malarskiego-impresje-mikolowskie-2017-2018\/","url":"https:\/\/marekkuchcinski.pl\/uk\/bez-kategorii\/lms\/wernisaz-sztuka-wspolczesna-malarstwo-grafika-formy-przestrzenne-wystawa-prac-xxvii-i-xxviii-miedzynarodowego-pleneru-malarskiego-impresje-mikolowskie-2017-2018\/","name":"Wernisa\u017c \u201eSztuka wsp\u00f3\u0142czesna: malarstwo\/grafika\/formy przestrzenne. Wystawa prac XXVII i XXVIII Mi\u0119dzynarodowego Pleneru Malarskiego IMPRESJE MIKO\u0141OWSKIE 2017\/2018\u201d &#8211; Marek Kuchci\u0144ski","isPartOf":{"@id":"https:\/\/marekkuchcinski.pl\/#website"},"datePublished":"2019-04-07T18:07:32+00:00","dateModified":"2019-04-07T18:07:33+00:00","breadcrumb":{"@id":"https:\/\/marekkuchcinski.pl\/uk\/bez-kategorii\/lms\/wernisaz-sztuka-wspolczesna-malarstwo-grafika-formy-przestrzenne-wystawa-prac-xxvii-i-xxviii-miedzynarodowego-pleneru-malarskiego-impresje-mikolowskie-2017-2018\/#breadcrumb"},"inLanguage":"cs","potentialAction":[{"@type":"ReadAction","target":["https:\/\/marekkuchcinski.pl\/uk\/bez-kategorii\/lms\/wernisaz-sztuka-wspolczesna-malarstwo-grafika-formy-przestrzenne-wystawa-prac-xxvii-i-xxviii-miedzynarodowego-pleneru-malarskiego-impresje-mikolowskie-2017-2018\/"]}]},{"@type":"BreadcrumbList","@id":"https:\/\/marekkuchcinski.pl\/uk\/bez-kategorii\/lms\/wernisaz-sztuka-wspolczesna-malarstwo-grafika-formy-przestrzenne-wystawa-prac-xxvii-i-xxviii-miedzynarodowego-pleneru-malarskiego-impresje-mikolowskie-2017-2018\/#breadcrumb","itemListElement":[{"@type":"ListItem","position":1,"name":"Strona g\u0142\u00f3wna","item":"https:\/\/marekkuchcinski.pl\/"},{"@type":"ListItem","position":2,"name":"Wernisa\u017c \u201eSztuka wsp\u00f3\u0142czesna: malarstwo\/grafika\/formy przestrzenne. Wystawa prac XXVII i XXVIII Mi\u0119dzynarodowego Pleneru Malarskiego IMPRESJE MIKO\u0141OWSKIE 2017\/2018\u201d"}]},{"@type":"WebSite","@id":"https:\/\/marekkuchcinski.pl\/#website","url":"https:\/\/marekkuchcinski.pl\/","name":"Marek Kuchci\u0144ski","description":"Pose\u0142 na sejm RP &ndash; okr\u0119g nr 22","publisher":{"@id":"https:\/\/marekkuchcinski.pl\/#organization"},"potentialAction":[{"@type":"SearchAction","target":{"@type":"EntryPoint","urlTemplate":"https:\/\/marekkuchcinski.pl\/?s={search_term_string}"},"query-input":{"@type":"PropertyValueSpecification","valueRequired":true,"valueName":"search_term_string"}}],"inLanguage":"cs"},{"@type":"Organization","@id":"https:\/\/marekkuchcinski.pl\/#organization","name":"Marek Kuchci\u0144ski","url":"https:\/\/marekkuchcinski.pl\/","logo":{"@type":"ImageObject","inLanguage":"cs","@id":"https:\/\/marekkuchcinski.pl\/#\/schema\/logo\/image\/","url":"https:\/\/marekkuchcinski.pl\/wp-content\/uploads\/2022\/09\/Marek.jpg","contentUrl":"https:\/\/marekkuchcinski.pl\/wp-content\/uploads\/2022\/09\/Marek.jpg","width":1600,"height":971,"caption":"Marek Kuchci\u0144ski"},"image":{"@id":"https:\/\/marekkuchcinski.pl\/#\/schema\/logo\/image\/"}},{"@type":"Person","@id":"https:\/\/marekkuchcinski.pl\/#\/schema\/person\/6f62700996b4d950b6ea2d1183b6c6be","name":"admin","image":{"@type":"ImageObject","inLanguage":"cs","@id":"https:\/\/marekkuchcinski.pl\/#\/schema\/person\/image\/","url":"https:\/\/secure.gravatar.com\/avatar\/4bab693b9d55c3d6b52c0296a8765085?s=96&d=mm&r=g","contentUrl":"https:\/\/secure.gravatar.com\/avatar\/4bab693b9d55c3d6b52c0296a8765085?s=96&d=mm&r=g","caption":"admin"},"url":"https:\/\/marekkuchcinski.pl\/cs\/author\/marta-olejnik\/"}]}},"_links":{"self":[{"href":"https:\/\/marekkuchcinski.pl\/cs\/wp-json\/wp\/v2\/posts\/14582","targetHints":{"allow":["GET"]}}],"collection":[{"href":"https:\/\/marekkuchcinski.pl\/cs\/wp-json\/wp\/v2\/posts"}],"about":[{"href":"https:\/\/marekkuchcinski.pl\/cs\/wp-json\/wp\/v2\/types\/post"}],"author":[{"embeddable":true,"href":"https:\/\/marekkuchcinski.pl\/cs\/wp-json\/wp\/v2\/users\/6"}],"replies":[{"embeddable":true,"href":"https:\/\/marekkuchcinski.pl\/cs\/wp-json\/wp\/v2\/comments?post=14582"}],"version-history":[{"count":1,"href":"https:\/\/marekkuchcinski.pl\/cs\/wp-json\/wp\/v2\/posts\/14582\/revisions"}],"predecessor-version":[{"id":14594,"href":"https:\/\/marekkuchcinski.pl\/cs\/wp-json\/wp\/v2\/posts\/14582\/revisions\/14594"}],"wp:attachment":[{"href":"https:\/\/marekkuchcinski.pl\/cs\/wp-json\/wp\/v2\/media?parent=14582"}],"wp:term":[{"taxonomy":"category","embeddable":true,"href":"https:\/\/marekkuchcinski.pl\/cs\/wp-json\/wp\/v2\/categories?post=14582"},{"taxonomy":"post_tag","embeddable":true,"href":"https:\/\/marekkuchcinski.pl\/cs\/wp-json\/wp\/v2\/tags?post=14582"}],"curies":[{"name":"wp","href":"https:\/\/api.w.org\/{rel}","templated":true}]}}