{"id":14517,"date":"2019-04-04T21:16:09","date_gmt":"2019-04-04T19:16:09","guid":{"rendered":"https:\/\/marekkuchcinski.pl\/?p=14517"},"modified":"2019-04-10T13:00:26","modified_gmt":"2019-04-10T11:00:26","slug":"sejm-uchwalil-trzynasta-emeryture-marszalek-kuchcinski-dotrzymujemy-slowa-wychodzimy-naprzeciw-wieloletnim-zaniedbaniom-wobec-osob-starszych","status":"publish","type":"post","link":"https:\/\/marekkuchcinski.pl\/cs\/wydarzenia\/sejm-uchwalil-trzynasta-emeryture-marszalek-kuchcinski-dotrzymujemy-slowa-wychodzimy-naprzeciw-wieloletnim-zaniedbaniom-wobec-osob-starszych\/","title":{"rendered":"Sejm schv\u00e1lil \"t\u0159in\u00e1ct\u00fd d\u016fchod\". P\u0159edseda Kuchci\u0144ski: Dr\u017e\u00edme slovo. \u0158e\u0161\u00edme dlouhodob\u00e9 zanedb\u00e1v\u00e1n\u00ed star\u0161\u00edch osob."},"content":{"rendered":"<p><strong>Sejm na sv\u00e9m 79. zased\u00e1n\u00ed p\u0159ijal z\u00e1kon \"D\u016fchod plus\". D\u00e1vka ur\u010den\u00e1 d\u016fchodc\u016fm spo\u010d\u00edv\u00e1 v jednor\u00e1zov\u00e9 v\u00fdplat\u011b t\u0159in\u00e1ct\u00e9ho d\u016fchodu ve v\u00fd\u0161i 1 100 PLN hrub\u00e9ho (888,25 PLN \u010dist\u00e9ho).&nbsp;<\/strong><\/p>\n\n\n\n<p>V d\u016fvodov\u00e9 zpr\u00e1v\u011b k z\u00e1konu ministerstvo rodiny vysv\u011btluje, \u017ee \u00fa\u010delem jednor\u00e1zov\u00e9 pen\u011b\u017en\u00ed d\u00e1vky je krom\u011b pomoci d\u016fchodc\u016fm zejm\u00e9na sn\u00ed\u017een\u00ed majetkov\u00fdch rozd\u00edl\u016f ve spole\u010dnosti. P\u0159esto\u017ee bylo v posledn\u00edch letech provedeno mnoho zm\u011bn na ochranu v\u00fd\u0161e d\u016fchodov\u00fdch d\u00e1vek, je tato pomoc st\u00e1le pova\u017eov\u00e1na za nedostate\u010dnou. T\u0159in\u00e1ct\u00fd d\u016fchod dostane v\u00edce ne\u017e 9,8 milionu senior\u016f, z toho t\u00e9m\u011b\u0159 7 milion\u016f d\u016fchodc\u016f a v\u00edce ne\u017e 2,5 milionu invalidn\u00edch d\u016fchodc\u016f. <\/p>\n\n\n\n<p>N\u011bkolik des\u00edtek minut po schv\u00e1len\u00ed z\u00e1kona parlamentem se p\u0159edseda Sejmu v doprovodu p\u0159edsedy Sen\u00e1tu a premi\u00e9ra setkal se seniory z Jasence. Marek Kuchci\u0144ski \u0159ekl, \u017ee strana Pr\u00e1vo a spravedlnost dr\u017e\u00ed slovo, mysl\u00ed na sou\u010dasnost, ale tak\u00e9 na budouc\u00ed generace.  <\/p>\n\n\n\n<p>- T\u0159in\u00e1ctka je poctou na\u0161im otc\u016fm, d\u011bd\u016fm, generac\u00edm, kter\u00e9 n\u00e1s vychovaly pro dne\u0161n\u00ed funkce a povinnosti. Hled\u00e1me recept na podporu t\u011bch, kte\u0159\u00ed to nejv\u00edce pot\u0159ebuj\u00ed. Lech Kaczy\u0144ski p\u0159ed mnoha lety \u0159ekl, \u017ee si solidaritu p\u0159edstavuje jako schopnost d\u011blit se. Star\u0161\u00edm lidem \u017eij\u00edc\u00edm v r\u016fzn\u00fdch \u010d\u00e1stech Polska dosud chyb\u011bla podpora. Pr\u00e1vo a spravedlnost \u0159e\u0161\u00ed tento dlouhodob\u00fd probl\u00e9m,\" zd\u016fraznil Kuchci\u0144ski. <br><\/p>\n\n\n\n<p>Star\u0161\u00ed lid\u00e9 jsou skupinou, kter\u00e1 pot\u0159ebuje podporu st\u00e1tu. Ministerstvo pro rodinu s ohledem na demografick\u00e9 zm\u011bny v polsk\u00e9 spole\u010dnosti d\u016fsledn\u011b realizuje seniorskou politiku zav\u00e1d\u011bn\u00edm program\u016f zam\u011b\u0159en\u00fdch na podporu a rozvoj senior\u016f, jako nap\u0159.:<\/p>\n\n\n\n<p class=\"has-text-color has-vivid-red-color\"><strong>Obnoven\u00ed\nD\u016fchodov\u00fd v\u011bk: 60 pro \u017eeny, 65 pro mu\u017ee<\/strong><\/p>\n\n\n\n<p>Z\u00e1kon stanov\u00ed pouze minim\u00e1ln\u00ed v\u011bk, od kter\u00e9ho se m\u016f\u017ee\nn\u00e1rok na d\u016fchod. Umo\u017e\u0148uje ka\u017ed\u00e9mu poji\u0161t\u011bnci rozhodnout se\nsami rozhodnout, kdy p\u0159estanou pracovat. <\/p>\n\n\n\n<p class=\"has-text-color has-vivid-red-color\"><strong>Projekt \"L\u00e9ky 75 plus\", tj. bezplatn\u00e9 l\u00e9ky pro seniory.\nstar\u0161\u00ed 75 let<\/strong><\/p>\n\n\n\n<ul class=\"wp-block-list\"><li><strong>2,2 milionu&nbsp;<\/strong>senio\u0159i ji\u017e vyu\u017eili\nz bezplatn\u00fdch l\u00e9k\u016f<\/li><li><strong>564 milion\u016f\nPLN<\/strong>&nbsp;pro prov\u00e1d\u011bn\u00ed\nprojekt v roce 2017<\/li><li><strong>40 milion\u016f&nbsp;<\/strong>balen\u00ed bezplatn\u011b vydan\u00fdch l\u00e9k\u016f\npro seniory<\/li><li><strong>15<\/strong>&nbsp;<strong>milion<\/strong>&nbsp;dokon\u010deno\np\u0159edpisy s k\u00f3dem n\u00e1roku \"S\".<\/li><li><strong>1530 polo\u017eek<\/strong>&nbsp;na seznamu l\u00e9\u010div\u00fdch p\u0159\u00edpravk\u016f\n75 plus<\/li><\/ul>\n\n\n\n<p class=\"has-text-color has-vivid-red-color\"><strong>V\u00edcelet\u00fd program\n\"Senior Plus\" 2015 - 2020<\/strong><\/p>\n\n\n\n<p>Program je ur\u010den m\u00edstn\u00edm org\u00e1n\u016fm\nm\u00edstn\u00ed \u00fa\u0159ady. Jej\u00edm c\u00edlem je zv\u00fd\u0161it aktivn\u00ed \u00fa\u010dast na spole\u010densk\u00e9m \u017eivot\u011b.\nspole\u010densk\u00fd \u017eivot senior\u016f prost\u0159ednictv\u00edm rozvoje s\u00edt\u011b denn\u00edch center a klub\u016f \"Senior+\".\n\"Senior+\"<strong><\/strong><\/p>\n\n\n\n<p class=\"has-text-color has-vivid-red-color\"><strong>Program P\u0159\u00edstupnost Plus <\/strong><\/p>\n\n\n\n<p><strong>23 miliard<\/strong> PLN byla mimo jin\u00e9 ur\u010dena na\nodstran\u011bn\u00ed architektonick\u00fdch bari\u00e9r. C\u00edlem projektu je zlep\u0161en\u00ed \u017eivotn\u00edch podm\u00ednek\n\u017eivotn\u00ed podm\u00ednky star\u0161\u00edch, slab\u00fdch a zdravotn\u011b posti\u017een\u00fdch osob.<\/p>\n\n\n\n<p class=\"has-text-color has-vivid-red-color\"><strong>\u00daprava d\u016fchod\u016f <\/strong><\/p>\n\n\n\n<p>Nejni\u017e\u0161\u00ed d\u00e1vky se zv\u00fd\u0161\u00ed\nna 1100 PLN (z 1029,80 PLN) a 825 PLN (v p\u0159\u00edpad\u011b nejni\u017e\u0161\u00edho \u010d\u00e1ste\u010dn\u00e9ho invalidn\u00edho d\u016fchodu).\nz d\u016fvodu \u010d\u00e1ste\u010dn\u00e9 pracovn\u00ed neschopnosti)<\/p>\n\n\n\n<p>D\u016fchody vypl\u00e1cen\u00e9 ZUS se zv\u00fd\u0161\u00ed o index valorizace - 2,86 %, nejm\u00e9n\u011b v\u0161ak o 70 PLN. <\/p>\n\n\n\n<p class=\"has-text-color has-vivid-red-color\"><strong>Obnoven\u00ed PKS<\/strong><\/p>\n\n\n\n<p>Z\u00e1kon o obnoven\u00ed autobusov\u00e9 dopravy vstoup\u00ed v platnost na konci roku 2012.\nDuben\/kv\u011bten leto\u0161n\u00edho roku. Na jeho prov\u00e1d\u011bn\u00ed se budou muset aktivn\u011b pod\u00edlet tyto subjekty\nm\u00edstn\u00ed \u00fa\u0159ady.<\/p>\n\n\n\n<p>Boj proti vylou\u010den\u00ed z dopravy bude prob\u00edhat dv\u011bma zp\u016fsoby:\nprost\u0159ednictv\u00edm Silni\u010dn\u00edho fondu a obnoven\u00ed dopravn\u00edch spoj\u016f, pokud jsou\nbyly vy\u0159azeny z d\u016fvodu nedostate\u010dn\u00e9 \u017eivotaschopnosti.<em><strong><\/strong><\/em><\/p>\n\n\n\n<p class=\"has-text-color has-vivid-red-color\"><strong>\"Soci\u00e1ln\u00ed politika v\u016f\u010di star\u0161\u00edm lidem 2030\" <\/strong><\/p>\n\n\n\n<p><strong>P\u0159ijato Radou ministr\u016f dne 26.\n\u0158\u00edjen 2018, <\/strong><strong>dokument\nposkytuje:<\/strong><\/p>\n\n\n\n<ul class=\"wp-block-list\"><li>Utv\u00e1\u0159en\u00ed pozitivn\u00edho vn\u00edm\u00e1n\u00ed st\u00e1\u0159\u00ed ve spole\u010dnosti.<\/li><li>\u00da\u010dast na \u017eivot\u011b komunity a podpora v\u0161ech forem ob\u010dansk\u00fdch, soci\u00e1ln\u00edch, kulturn\u00edch, um\u011bleck\u00fdch, sportovn\u00edch a n\u00e1bo\u017eensk\u00fdch aktivit.<\/li><li>Vytvo\u0159en\u00ed podm\u00ednek pro vyu\u017eit\u00ed potenci\u00e1lu star\u0161\u00edch lid\u00ed jako aktivn\u00edch \u00fa\u010dastn\u00edk\u016f hospod\u00e1\u0159sk\u00e9ho \u017eivota a trhu pr\u00e1ce, p\u0159izp\u016fsoben\u00fdch jejich psychofyzick\u00fdm mo\u017enostem a rodinn\u00e9 situaci.<\/li><li>Podpora zdrav\u00ed, prevence nemoc\u00ed, p\u0159\u00edstup k diagnostice, l\u00e9\u010db\u011b a rehabilitaci.<\/li><li>Zv\u00fd\u0161en\u00ed fyzick\u00e9 bezpe\u010dnosti - boj proti n\u00e1sil\u00ed a zanedb\u00e1v\u00e1n\u00ed star\u0161\u00edch lid\u00ed.<\/li><li>Vytv\u00e1\u0159en\u00ed podm\u00ednek pro mezigenera\u010dn\u00ed solidaritu a integraci.<\/li><li>Akce na vzd\u011bl\u00e1v\u00e1n\u00ed pro st\u00e1\u0159\u00ed (pe\u010dovatelsk\u00fd a zdravotnick\u00fd person\u00e1l), na st\u00e1\u0159\u00ed (cel\u00e1 spole\u010dnost), p\u0159es st\u00e1\u0159\u00ed (od nejmlad\u0161\u00ed generace) a vzd\u011bl\u00e1v\u00e1n\u00ed ve st\u00e1\u0159\u00ed (star\u0161\u00ed lid\u00e9).&nbsp;<\/li><li>Sn\u00ed\u017een\u00ed z\u00e1vislosti na druh\u00fdch prost\u0159ednictv\u00edm usnadn\u011bn\u00ed p\u0159\u00edstupu ke slu\u017eb\u00e1m, kter\u00e9 zvy\u0161uj\u00ed nez\u00e1vislost, a p\u0159izp\u016fsoben\u00ed \u017eivotn\u00edho prost\u0159ed\u00ed funk\u010dn\u00edm schopnostem z\u00e1visl\u00fdch star\u0161\u00edch osob.<\/li><li>Zajistit optim\u00e1ln\u00ed p\u0159\u00edstup ke zdravotn\u00edm, rehabilita\u010dn\u00edm a pe\u010dovatelsk\u00fdm slu\u017eb\u00e1m p\u0159izp\u016fsoben\u00fdm pot\u0159eb\u00e1m z\u00e1visl\u00fdch star\u0161\u00edch osob.<\/li><li>S\u00ed\u0165 komunitn\u00edch a institucion\u00e1ln\u00edch slu\u017eeb poskytovan\u00fdch z\u00e1visl\u00fdm star\u0161\u00edm lidem.<\/li><li>Syst\u00e9m podpory neform\u00e1ln\u00edch pe\u010dovatel\u016f o z\u00e1visl\u00e9 seniory ze strany ve\u0159ejn\u00fdch instituc\u00ed.&nbsp;<\/li><\/ul>\n\n\n\n<p><em>text\/foto Marta Olejnik<\/em><\/p>\n\n\n\n<figure class=\"wp-block-image\"><img fetchpriority=\"high\" decoding=\"async\" width=\"1024\" height=\"683\" src=\"https:\/\/marekkuchcinski.pl\/wp-content\/uploads\/2019\/04\/IMG_2015-1024x683.jpeg\" alt=\"\" class=\"wp-image-14521\" srcset=\"https:\/\/marekkuchcinski.pl\/wp-content\/uploads\/2019\/04\/IMG_2015-1024x683.jpeg 1024w, https:\/\/marekkuchcinski.pl\/wp-content\/uploads\/2019\/04\/IMG_2015-300x200.jpeg 300w, https:\/\/marekkuchcinski.pl\/wp-content\/uploads\/2019\/04\/IMG_2015-768x512.jpeg 768w, https:\/\/marekkuchcinski.pl\/wp-content\/uploads\/2019\/04\/IMG_2015.jpeg 2048w\" sizes=\"(max-width: 1024px) 100vw, 1024px\" \/><\/figure>\n\n\n\n<figure class=\"wp-block-image\"><img decoding=\"async\" width=\"1024\" height=\"722\" src=\"https:\/\/marekkuchcinski.pl\/wp-content\/uploads\/2019\/04\/IMG_2032-1024x722.jpeg\" alt=\"\" class=\"wp-image-14523\" srcset=\"https:\/\/marekkuchcinski.pl\/wp-content\/uploads\/2019\/04\/IMG_2032-1024x722.jpeg 1024w, https:\/\/marekkuchcinski.pl\/wp-content\/uploads\/2019\/04\/IMG_2032-300x211.jpeg 300w, https:\/\/marekkuchcinski.pl\/wp-content\/uploads\/2019\/04\/IMG_2032-768x541.jpeg 768w, https:\/\/marekkuchcinski.pl\/wp-content\/uploads\/2019\/04\/IMG_2032.jpeg 2048w\" sizes=\"(max-width: 1024px) 100vw, 1024px\" \/><\/figure>\n\n\n\n<figure class=\"wp-block-image\"><img decoding=\"async\" width=\"1024\" height=\"721\" src=\"https:\/\/marekkuchcinski.pl\/wp-content\/uploads\/2019\/04\/IMG_2072-1024x721.jpg\" alt=\"\" class=\"wp-image-14525\" srcset=\"https:\/\/marekkuchcinski.pl\/wp-content\/uploads\/2019\/04\/IMG_2072-1024x721.jpg 1024w, https:\/\/marekkuchcinski.pl\/wp-content\/uploads\/2019\/04\/IMG_2072-300x211.jpg 300w, https:\/\/marekkuchcinski.pl\/wp-content\/uploads\/2019\/04\/IMG_2072-768x541.jpg 768w, https:\/\/marekkuchcinski.pl\/wp-content\/uploads\/2019\/04\/IMG_2072.jpg 2048w\" sizes=\"(max-width: 1024px) 100vw, 1024px\" \/><\/figure>\n\n\n\n<figure class=\"wp-block-image\"><img loading=\"lazy\" decoding=\"async\" width=\"1024\" height=\"732\" src=\"https:\/\/marekkuchcinski.pl\/wp-content\/uploads\/2019\/04\/IMG_2191-1024x732.jpg\" alt=\"\" class=\"wp-image-14527\" srcset=\"https:\/\/marekkuchcinski.pl\/wp-content\/uploads\/2019\/04\/IMG_2191-1024x732.jpg 1024w, https:\/\/marekkuchcinski.pl\/wp-content\/uploads\/2019\/04\/IMG_2191-300x214.jpg 300w, https:\/\/marekkuchcinski.pl\/wp-content\/uploads\/2019\/04\/IMG_2191-768x549.jpg 768w, https:\/\/marekkuchcinski.pl\/wp-content\/uploads\/2019\/04\/IMG_2191.jpg 2048w\" sizes=\"(max-width: 1024px) 100vw, 1024px\" \/><\/figure>\n\n\n\n<figure class=\"wp-block-image\"><img loading=\"lazy\" decoding=\"async\" width=\"982\" height=\"1024\" src=\"https:\/\/marekkuchcinski.pl\/wp-content\/uploads\/2019\/04\/IMG_2263-982x1024.jpg\" alt=\"\" class=\"wp-image-14533\" srcset=\"https:\/\/marekkuchcinski.pl\/wp-content\/uploads\/2019\/04\/IMG_2263-982x1024.jpg 982w, https:\/\/marekkuchcinski.pl\/wp-content\/uploads\/2019\/04\/IMG_2263-288x300.jpg 288w, https:\/\/marekkuchcinski.pl\/wp-content\/uploads\/2019\/04\/IMG_2263-768x801.jpg 768w, https:\/\/marekkuchcinski.pl\/wp-content\/uploads\/2019\/04\/IMG_2263.jpg 1964w\" sizes=\"(max-width: 982px) 100vw, 982px\" \/><\/figure>\n\n\n\n<figure class=\"wp-block-image\"><img loading=\"lazy\" decoding=\"async\" width=\"970\" height=\"1024\" src=\"https:\/\/marekkuchcinski.pl\/wp-content\/uploads\/2019\/04\/IMG_2266-970x1024.jpg\" alt=\"\" class=\"wp-image-14534\" srcset=\"https:\/\/marekkuchcinski.pl\/wp-content\/uploads\/2019\/04\/IMG_2266-970x1024.jpg 970w, https:\/\/marekkuchcinski.pl\/wp-content\/uploads\/2019\/04\/IMG_2266-284x300.jpg 284w, https:\/\/marekkuchcinski.pl\/wp-content\/uploads\/2019\/04\/IMG_2266-768x811.jpg 768w, https:\/\/marekkuchcinski.pl\/wp-content\/uploads\/2019\/04\/IMG_2266.jpg 1940w\" sizes=\"(max-width: 970px) 100vw, 970px\" \/><\/figure>\n\n\n\n<figure class=\"wp-block-image\"><img loading=\"lazy\" decoding=\"async\" width=\"1024\" height=\"678\" src=\"https:\/\/marekkuchcinski.pl\/wp-content\/uploads\/2019\/04\/IMG_2289-1024x678.jpg\" alt=\"\" class=\"wp-image-14535\" srcset=\"https:\/\/marekkuchcinski.pl\/wp-content\/uploads\/2019\/04\/IMG_2289-1024x678.jpg 1024w, https:\/\/marekkuchcinski.pl\/wp-content\/uploads\/2019\/04\/IMG_2289-300x199.jpg 300w, https:\/\/marekkuchcinski.pl\/wp-content\/uploads\/2019\/04\/IMG_2289-768x509.jpg 768w, https:\/\/marekkuchcinski.pl\/wp-content\/uploads\/2019\/04\/IMG_2289.jpg 2048w\" sizes=\"(max-width: 1024px) 100vw, 1024px\" \/><\/figure>\n\n\n\n<figure class=\"wp-block-image\"><img loading=\"lazy\" decoding=\"async\" width=\"1024\" height=\"710\" src=\"https:\/\/marekkuchcinski.pl\/wp-content\/uploads\/2019\/04\/IMG_2258-1024x710.jpg\" alt=\"\" class=\"wp-image-14530\" srcset=\"https:\/\/marekkuchcinski.pl\/wp-content\/uploads\/2019\/04\/IMG_2258-1024x710.jpg 1024w, https:\/\/marekkuchcinski.pl\/wp-content\/uploads\/2019\/04\/IMG_2258-300x208.jpg 300w, https:\/\/marekkuchcinski.pl\/wp-content\/uploads\/2019\/04\/IMG_2258-768x532.jpg 768w, https:\/\/marekkuchcinski.pl\/wp-content\/uploads\/2019\/04\/IMG_2258.jpg 2048w\" sizes=\"(max-width: 1024px) 100vw, 1024px\" \/><\/figure>\n\n\n\n<figure class=\"wp-block-image\"><img loading=\"lazy\" decoding=\"async\" width=\"1024\" height=\"658\" src=\"https:\/\/marekkuchcinski.pl\/wp-content\/uploads\/2019\/04\/IMG_2383-1024x658.jpg\" alt=\"\" class=\"wp-image-14548\" srcset=\"https:\/\/marekkuchcinski.pl\/wp-content\/uploads\/2019\/04\/IMG_2383-1024x658.jpg 1024w, https:\/\/marekkuchcinski.pl\/wp-content\/uploads\/2019\/04\/IMG_2383-300x193.jpg 300w, https:\/\/marekkuchcinski.pl\/wp-content\/uploads\/2019\/04\/IMG_2383-768x494.jpg 768w, https:\/\/marekkuchcinski.pl\/wp-content\/uploads\/2019\/04\/IMG_2383.jpg 2048w\" sizes=\"(max-width: 1024px) 100vw, 1024px\" \/><\/figure>\n\n\n\n<figure class=\"wp-block-image\"><img loading=\"lazy\" decoding=\"async\" width=\"1024\" height=\"673\" src=\"https:\/\/marekkuchcinski.pl\/wp-content\/uploads\/2019\/04\/IMG_2385-1024x673.jpg\" alt=\"\" class=\"wp-image-14549\" srcset=\"https:\/\/marekkuchcinski.pl\/wp-content\/uploads\/2019\/04\/IMG_2385-1024x673.jpg 1024w, https:\/\/marekkuchcinski.pl\/wp-content\/uploads\/2019\/04\/IMG_2385-300x197.jpg 300w, https:\/\/marekkuchcinski.pl\/wp-content\/uploads\/2019\/04\/IMG_2385-768x505.jpg 768w, https:\/\/marekkuchcinski.pl\/wp-content\/uploads\/2019\/04\/IMG_2385.jpg 2048w\" sizes=\"(max-width: 1024px) 100vw, 1024px\" \/><\/figure>\n\n\n\n<figure class=\"wp-block-image\"><img loading=\"lazy\" decoding=\"async\" width=\"1024\" height=\"682\" src=\"https:\/\/marekkuchcinski.pl\/wp-content\/uploads\/2019\/04\/IMG_2433-1024x682.jpg\" alt=\"\" class=\"wp-image-14555\" srcset=\"https:\/\/marekkuchcinski.pl\/wp-content\/uploads\/2019\/04\/IMG_2433-1024x682.jpg 1024w, https:\/\/marekkuchcinski.pl\/wp-content\/uploads\/2019\/04\/IMG_2433-300x200.jpg 300w, https:\/\/marekkuchcinski.pl\/wp-content\/uploads\/2019\/04\/IMG_2433-768x511.jpg 768w, https:\/\/marekkuchcinski.pl\/wp-content\/uploads\/2019\/04\/IMG_2433.jpg 2048w\" sizes=\"(max-width: 1024px) 100vw, 1024px\" \/><\/figure>\n\n\n\n<figure class=\"wp-block-image\"><img loading=\"lazy\" decoding=\"async\" width=\"1024\" height=\"683\" src=\"https:\/\/marekkuchcinski.pl\/wp-content\/uploads\/2019\/04\/IMG_2451-1024x683.jpg\" alt=\"\" class=\"wp-image-14556\" srcset=\"https:\/\/marekkuchcinski.pl\/wp-content\/uploads\/2019\/04\/IMG_2451-1024x683.jpg 1024w, https:\/\/marekkuchcinski.pl\/wp-content\/uploads\/2019\/04\/IMG_2451-300x200.jpg 300w, https:\/\/marekkuchcinski.pl\/wp-content\/uploads\/2019\/04\/IMG_2451-768x512.jpg 768w, https:\/\/marekkuchcinski.pl\/wp-content\/uploads\/2019\/04\/IMG_2451.jpg 2048w\" sizes=\"(max-width: 1024px) 100vw, 1024px\" \/><\/figure>\n\n\n\n<figure class=\"wp-block-image\"><img loading=\"lazy\" decoding=\"async\" width=\"1024\" height=\"657\" src=\"https:\/\/marekkuchcinski.pl\/wp-content\/uploads\/2019\/04\/IMG_2380-1024x657.jpg\" alt=\"\" class=\"wp-image-14546\" srcset=\"https:\/\/marekkuchcinski.pl\/wp-content\/uploads\/2019\/04\/IMG_2380-1024x657.jpg 1024w, https:\/\/marekkuchcinski.pl\/wp-content\/uploads\/2019\/04\/IMG_2380-300x192.jpg 300w, https:\/\/marekkuchcinski.pl\/wp-content\/uploads\/2019\/04\/IMG_2380-768x493.jpg 768w, https:\/\/marekkuchcinski.pl\/wp-content\/uploads\/2019\/04\/IMG_2380.jpg 2048w\" sizes=\"(max-width: 1024px) 100vw, 1024px\" \/><\/figure>\n\n\n\n<figure class=\"wp-block-image\"><img loading=\"lazy\" decoding=\"async\" width=\"1024\" height=\"683\" src=\"https:\/\/marekkuchcinski.pl\/wp-content\/uploads\/2019\/04\/IMG_1978-1024x683.jpeg\" alt=\"\" class=\"wp-image-14518\" srcset=\"https:\/\/marekkuchcinski.pl\/wp-content\/uploads\/2019\/04\/IMG_1978-1024x683.jpeg 1024w, https:\/\/marekkuchcinski.pl\/wp-content\/uploads\/2019\/04\/IMG_1978-300x200.jpeg 300w, https:\/\/marekkuchcinski.pl\/wp-content\/uploads\/2019\/04\/IMG_1978-768x512.jpeg 768w, https:\/\/marekkuchcinski.pl\/wp-content\/uploads\/2019\/04\/IMG_1978.jpeg 2048w\" sizes=\"(max-width: 1024px) 100vw, 1024px\" \/><\/figure>","protected":false},"excerpt":{"rendered":"<p>Na 79. posiedzeniu Sejm przyj\u0105\u0142 ustaw\u0119 \u201eEmerytura plus\u201d. \u015awiadczenie skierowane do emeryt\u00f3w i rencist\u00f3w polega na wyp\u0142acaniu jednorazowo trzynastej emerytury w wysoko\u015bci &nbsp;1100 z\u0142 brutto (888,25 z\u0142 netto).&nbsp; W uzasadnieniu do ustawy Ministerstwo Rodziny obja\u015bnia, \u017ce celem jednorazowego \u015bwiadczenia pieni\u0119\u017cnego, obok pomocy dla emeryt\u00f3w i rencist\u00f3w, ma by\u0107 w szczeg\u00f3lno\u015bci zmniejszenie r\u00f3\u017cnic maj\u0105tkowych w spo\u0142ecze\u0144stwie. [&hellip;]<\/p>","protected":false},"author":6,"featured_media":14575,"comment_status":"open","ping_status":"open","sticky":false,"template":"","format":"standard","meta":{"ngg_post_thumbnail":0,"footnotes":""},"categories":[82,81,3],"tags":[],"class_list":["post-14517","post","type-post","status-publish","format-standard","has-post-thumbnail","hentry","category-prawo-i-sprawiedliwosc","category-wiesci-z-sejmu","category-wydarzenia"],"yoast_head":"<!-- This site is optimized with the Yoast SEO plugin v24.7 - https:\/\/yoast.com\/wordpress\/plugins\/seo\/ -->\n<title>Sejm uchwali\u0142 &quot;trzynast\u0105 emerytur\u0119&quot;. Marsza\u0142ek Kuchci\u0144ski: Dotrzymujemy s\u0142owa. Wychodzimy naprzeciw wieloletnim zaniedbaniom wobec os\u00f3b starszych &#8211; Marek Kuchci\u0144ski<\/title>\n<meta name=\"robots\" content=\"index, follow, max-snippet:-1, max-image-preview:large, max-video-preview:-1\" \/>\n<link rel=\"canonical\" href=\"https:\/\/marekkuchcinski.pl\/cs\/wydarzenia\/sejm-uchwalil-trzynasta-emeryture-marszalek-kuchcinski-dotrzymujemy-slowa-wychodzimy-naprzeciw-wieloletnim-zaniedbaniom-wobec-osob-starszych\/\" \/>\n<meta property=\"og:locale\" content=\"cs_CZ\" \/>\n<meta property=\"og:type\" content=\"article\" \/>\n<meta property=\"og:title\" content=\"Sejm uchwali\u0142 &quot;trzynast\u0105 emerytur\u0119&quot;. Marsza\u0142ek Kuchci\u0144ski: Dotrzymujemy s\u0142owa. Wychodzimy naprzeciw wieloletnim zaniedbaniom wobec os\u00f3b starszych &#8211; Marek Kuchci\u0144ski\" \/>\n<meta property=\"og:description\" content=\"Na 79. posiedzeniu Sejm przyj\u0105\u0142 ustaw\u0119 \u201eEmerytura plus\u201d. \u015awiadczenie skierowane do emeryt\u00f3w i rencist\u00f3w polega na wyp\u0142acaniu jednorazowo trzynastej emerytury w wysoko\u015bci &nbsp;1100 z\u0142 brutto (888,25 z\u0142 netto).&nbsp; W uzasadnieniu do ustawy Ministerstwo Rodziny obja\u015bnia, \u017ce celem jednorazowego \u015bwiadczenia pieni\u0119\u017cnego, obok pomocy dla emeryt\u00f3w i rencist\u00f3w, ma by\u0107 w szczeg\u00f3lno\u015bci zmniejszenie r\u00f3\u017cnic maj\u0105tkowych w spo\u0142ecze\u0144stwie. [&hellip;]\" \/>\n<meta property=\"og:url\" content=\"https:\/\/marekkuchcinski.pl\/cs\/wydarzenia\/sejm-uchwalil-trzynasta-emeryture-marszalek-kuchcinski-dotrzymujemy-slowa-wychodzimy-naprzeciw-wieloletnim-zaniedbaniom-wobec-osob-starszych\/\" \/>\n<meta property=\"og:site_name\" content=\"Marek Kuchci\u0144ski\" \/>\n<meta property=\"article:published_time\" content=\"2019-04-04T19:16:09+00:00\" \/>\n<meta property=\"article:modified_time\" content=\"2019-04-10T11:00:26+00:00\" \/>\n<meta property=\"og:image\" content=\"https:\/\/marekkuchcinski.pl\/wp-content\/uploads\/2019\/04\/PSX_20190404_230243.jpg\" \/>\n\t<meta property=\"og:image:width\" content=\"2048\" \/>\n\t<meta property=\"og:image:height\" content=\"1434\" \/>\n\t<meta property=\"og:image:type\" content=\"image\/jpeg\" \/>\n<meta name=\"author\" content=\"admin\" \/>\n<meta name=\"twitter:card\" content=\"summary_large_image\" \/>\n<meta name=\"twitter:label1\" content=\"Napsal(a)\" \/>\n\t<meta name=\"twitter:data1\" content=\"admin\" \/>\n\t<meta name=\"twitter:label2\" content=\"Odhadovan\u00e1 doba \u010dten\u00ed\" \/>\n\t<meta name=\"twitter:data2\" content=\"4 minuty\" \/>\n<script type=\"application\/ld+json\" class=\"yoast-schema-graph\">{\"@context\":\"https:\/\/schema.org\",\"@graph\":[{\"@type\":\"Article\",\"@id\":\"https:\/\/marekkuchcinski.pl\/sk\/wydarzenia\/sejm-uchwalil-trzynasta-emeryture-marszalek-kuchcinski-dotrzymujemy-slowa-wychodzimy-naprzeciw-wieloletnim-zaniedbaniom-wobec-osob-starszych\/#article\",\"isPartOf\":{\"@id\":\"https:\/\/marekkuchcinski.pl\/sk\/wydarzenia\/sejm-uchwalil-trzynasta-emeryture-marszalek-kuchcinski-dotrzymujemy-slowa-wychodzimy-naprzeciw-wieloletnim-zaniedbaniom-wobec-osob-starszych\/\"},\"author\":{\"name\":\"admin\",\"@id\":\"https:\/\/marekkuchcinski.pl\/#\/schema\/person\/6f62700996b4d950b6ea2d1183b6c6be\"},\"headline\":\"Sejm uchwali\u0142 &#8222;trzynast\u0105 emerytur\u0119&#8221;. Marsza\u0142ek Kuchci\u0144ski: Dotrzymujemy s\u0142owa. Wychodzimy naprzeciw wieloletnim zaniedbaniom wobec os\u00f3b starszych\",\"datePublished\":\"2019-04-04T19:16:09+00:00\",\"dateModified\":\"2019-04-10T11:00:26+00:00\",\"mainEntityOfPage\":{\"@id\":\"https:\/\/marekkuchcinski.pl\/sk\/wydarzenia\/sejm-uchwalil-trzynasta-emeryture-marszalek-kuchcinski-dotrzymujemy-slowa-wychodzimy-naprzeciw-wieloletnim-zaniedbaniom-wobec-osob-starszych\/\"},\"wordCount\":834,\"commentCount\":0,\"publisher\":{\"@id\":\"https:\/\/marekkuchcinski.pl\/#organization\"},\"image\":{\"@id\":\"https:\/\/marekkuchcinski.pl\/sk\/wydarzenia\/sejm-uchwalil-trzynasta-emeryture-marszalek-kuchcinski-dotrzymujemy-slowa-wychodzimy-naprzeciw-wieloletnim-zaniedbaniom-wobec-osob-starszych\/#primaryimage\"},\"thumbnailUrl\":\"https:\/\/marekkuchcinski.pl\/wp-content\/uploads\/2019\/04\/PSX_20190404_230243.jpg\",\"articleSection\":[\"Prawo i Sprawiedliwo\u015b\u0107\",\"Wie\u015bci z Sejmu\",\"Wydarzenia\"],\"inLanguage\":\"cs\",\"potentialAction\":[{\"@type\":\"CommentAction\",\"name\":\"Comment\",\"target\":[\"https:\/\/marekkuchcinski.pl\/sk\/wydarzenia\/sejm-uchwalil-trzynasta-emeryture-marszalek-kuchcinski-dotrzymujemy-slowa-wychodzimy-naprzeciw-wieloletnim-zaniedbaniom-wobec-osob-starszych\/#respond\"]}]},{\"@type\":\"WebPage\",\"@id\":\"https:\/\/marekkuchcinski.pl\/sk\/wydarzenia\/sejm-uchwalil-trzynasta-emeryture-marszalek-kuchcinski-dotrzymujemy-slowa-wychodzimy-naprzeciw-wieloletnim-zaniedbaniom-wobec-osob-starszych\/\",\"url\":\"https:\/\/marekkuchcinski.pl\/sk\/wydarzenia\/sejm-uchwalil-trzynasta-emeryture-marszalek-kuchcinski-dotrzymujemy-slowa-wychodzimy-naprzeciw-wieloletnim-zaniedbaniom-wobec-osob-starszych\/\",\"name\":\"Sejm uchwali\u0142 \\\"trzynast\u0105 emerytur\u0119\\\". Marsza\u0142ek Kuchci\u0144ski: Dotrzymujemy s\u0142owa. Wychodzimy naprzeciw wieloletnim zaniedbaniom wobec os\u00f3b starszych &#8211; Marek Kuchci\u0144ski\",\"isPartOf\":{\"@id\":\"https:\/\/marekkuchcinski.pl\/#website\"},\"primaryImageOfPage\":{\"@id\":\"https:\/\/marekkuchcinski.pl\/sk\/wydarzenia\/sejm-uchwalil-trzynasta-emeryture-marszalek-kuchcinski-dotrzymujemy-slowa-wychodzimy-naprzeciw-wieloletnim-zaniedbaniom-wobec-osob-starszych\/#primaryimage\"},\"image\":{\"@id\":\"https:\/\/marekkuchcinski.pl\/sk\/wydarzenia\/sejm-uchwalil-trzynasta-emeryture-marszalek-kuchcinski-dotrzymujemy-slowa-wychodzimy-naprzeciw-wieloletnim-zaniedbaniom-wobec-osob-starszych\/#primaryimage\"},\"thumbnailUrl\":\"https:\/\/marekkuchcinski.pl\/wp-content\/uploads\/2019\/04\/PSX_20190404_230243.jpg\",\"datePublished\":\"2019-04-04T19:16:09+00:00\",\"dateModified\":\"2019-04-10T11:00:26+00:00\",\"breadcrumb\":{\"@id\":\"https:\/\/marekkuchcinski.pl\/sk\/wydarzenia\/sejm-uchwalil-trzynasta-emeryture-marszalek-kuchcinski-dotrzymujemy-slowa-wychodzimy-naprzeciw-wieloletnim-zaniedbaniom-wobec-osob-starszych\/#breadcrumb\"},\"inLanguage\":\"cs\",\"potentialAction\":[{\"@type\":\"ReadAction\",\"target\":[\"https:\/\/marekkuchcinski.pl\/sk\/wydarzenia\/sejm-uchwalil-trzynasta-emeryture-marszalek-kuchcinski-dotrzymujemy-slowa-wychodzimy-naprzeciw-wieloletnim-zaniedbaniom-wobec-osob-starszych\/\"]}]},{\"@type\":\"ImageObject\",\"inLanguage\":\"cs\",\"@id\":\"https:\/\/marekkuchcinski.pl\/sk\/wydarzenia\/sejm-uchwalil-trzynasta-emeryture-marszalek-kuchcinski-dotrzymujemy-slowa-wychodzimy-naprzeciw-wieloletnim-zaniedbaniom-wobec-osob-starszych\/#primaryimage\",\"url\":\"https:\/\/marekkuchcinski.pl\/wp-content\/uploads\/2019\/04\/PSX_20190404_230243.jpg\",\"contentUrl\":\"https:\/\/marekkuchcinski.pl\/wp-content\/uploads\/2019\/04\/PSX_20190404_230243.jpg\",\"width\":2048,\"height\":1434},{\"@type\":\"BreadcrumbList\",\"@id\":\"https:\/\/marekkuchcinski.pl\/sk\/wydarzenia\/sejm-uchwalil-trzynasta-emeryture-marszalek-kuchcinski-dotrzymujemy-slowa-wychodzimy-naprzeciw-wieloletnim-zaniedbaniom-wobec-osob-starszych\/#breadcrumb\",\"itemListElement\":[{\"@type\":\"ListItem\",\"position\":1,\"name\":\"Strona g\u0142\u00f3wna\",\"item\":\"https:\/\/marekkuchcinski.pl\/\"},{\"@type\":\"ListItem\",\"position\":2,\"name\":\"Sejm uchwali\u0142 &#8220;trzynast\u0105 emerytur\u0119&#8221;. Marsza\u0142ek Kuchci\u0144ski: Dotrzymujemy s\u0142owa. Wychodzimy naprzeciw wieloletnim zaniedbaniom wobec os\u00f3b starszych\"}]},{\"@type\":\"WebSite\",\"@id\":\"https:\/\/marekkuchcinski.pl\/#website\",\"url\":\"https:\/\/marekkuchcinski.pl\/\",\"name\":\"Marek Kuchci\u0144ski\",\"description\":\"Pose\u0142 na sejm RP &ndash; okr\u0119g nr 22\",\"publisher\":{\"@id\":\"https:\/\/marekkuchcinski.pl\/#organization\"},\"potentialAction\":[{\"@type\":\"SearchAction\",\"target\":{\"@type\":\"EntryPoint\",\"urlTemplate\":\"https:\/\/marekkuchcinski.pl\/?s={search_term_string}\"},\"query-input\":{\"@type\":\"PropertyValueSpecification\",\"valueRequired\":true,\"valueName\":\"search_term_string\"}}],\"inLanguage\":\"cs\"},{\"@type\":\"Organization\",\"@id\":\"https:\/\/marekkuchcinski.pl\/#organization\",\"name\":\"Marek Kuchci\u0144ski\",\"url\":\"https:\/\/marekkuchcinski.pl\/\",\"logo\":{\"@type\":\"ImageObject\",\"inLanguage\":\"cs\",\"@id\":\"https:\/\/marekkuchcinski.pl\/#\/schema\/logo\/image\/\",\"url\":\"https:\/\/marekkuchcinski.pl\/wp-content\/uploads\/2022\/09\/Marek.jpg\",\"contentUrl\":\"https:\/\/marekkuchcinski.pl\/wp-content\/uploads\/2022\/09\/Marek.jpg\",\"width\":1600,\"height\":971,\"caption\":\"Marek Kuchci\u0144ski\"},\"image\":{\"@id\":\"https:\/\/marekkuchcinski.pl\/#\/schema\/logo\/image\/\"}},{\"@type\":\"Person\",\"@id\":\"https:\/\/marekkuchcinski.pl\/#\/schema\/person\/6f62700996b4d950b6ea2d1183b6c6be\",\"name\":\"admin\",\"image\":{\"@type\":\"ImageObject\",\"inLanguage\":\"cs\",\"@id\":\"https:\/\/marekkuchcinski.pl\/#\/schema\/person\/image\/\",\"url\":\"https:\/\/secure.gravatar.com\/avatar\/4bab693b9d55c3d6b52c0296a8765085?s=96&d=mm&r=g\",\"contentUrl\":\"https:\/\/secure.gravatar.com\/avatar\/4bab693b9d55c3d6b52c0296a8765085?s=96&d=mm&r=g\",\"caption\":\"admin\"},\"url\":\"https:\/\/marekkuchcinski.pl\/cs\/author\/marta-olejnik\/\"}]}<\/script>\n<!-- \/ Yoast SEO plugin. -->","yoast_head_json":{"title":"Sejm uchwali\u0142 \"trzynast\u0105 emerytur\u0119\". Marsza\u0142ek Kuchci\u0144ski: Dotrzymujemy s\u0142owa. Wychodzimy naprzeciw wieloletnim zaniedbaniom wobec os\u00f3b starszych &#8211; Marek Kuchci\u0144ski","robots":{"index":"index","follow":"follow","max-snippet":"max-snippet:-1","max-image-preview":"max-image-preview:large","max-video-preview":"max-video-preview:-1"},"canonical":"https:\/\/marekkuchcinski.pl\/cs\/wydarzenia\/sejm-uchwalil-trzynasta-emeryture-marszalek-kuchcinski-dotrzymujemy-slowa-wychodzimy-naprzeciw-wieloletnim-zaniedbaniom-wobec-osob-starszych\/","og_locale":"cs_CZ","og_type":"article","og_title":"Sejm uchwali\u0142 \"trzynast\u0105 emerytur\u0119\". Marsza\u0142ek Kuchci\u0144ski: Dotrzymujemy s\u0142owa. Wychodzimy naprzeciw wieloletnim zaniedbaniom wobec os\u00f3b starszych &#8211; Marek Kuchci\u0144ski","og_description":"Na 79. posiedzeniu Sejm przyj\u0105\u0142 ustaw\u0119 \u201eEmerytura plus\u201d. \u015awiadczenie skierowane do emeryt\u00f3w i rencist\u00f3w polega na wyp\u0142acaniu jednorazowo trzynastej emerytury w wysoko\u015bci &nbsp;1100 z\u0142 brutto (888,25 z\u0142 netto).&nbsp; W uzasadnieniu do ustawy Ministerstwo Rodziny obja\u015bnia, \u017ce celem jednorazowego \u015bwiadczenia pieni\u0119\u017cnego, obok pomocy dla emeryt\u00f3w i rencist\u00f3w, ma by\u0107 w szczeg\u00f3lno\u015bci zmniejszenie r\u00f3\u017cnic maj\u0105tkowych w spo\u0142ecze\u0144stwie. [&hellip;]","og_url":"https:\/\/marekkuchcinski.pl\/cs\/wydarzenia\/sejm-uchwalil-trzynasta-emeryture-marszalek-kuchcinski-dotrzymujemy-slowa-wychodzimy-naprzeciw-wieloletnim-zaniedbaniom-wobec-osob-starszych\/","og_site_name":"Marek Kuchci\u0144ski","article_published_time":"2019-04-04T19:16:09+00:00","article_modified_time":"2019-04-10T11:00:26+00:00","og_image":[{"width":2048,"height":1434,"url":"https:\/\/marekkuchcinski.pl\/wp-content\/uploads\/2019\/04\/PSX_20190404_230243.jpg","type":"image\/jpeg"}],"author":"admin","twitter_card":"summary_large_image","twitter_misc":{"Napsal(a)":"admin","Odhadovan\u00e1 doba \u010dten\u00ed":"4 minuty"},"schema":{"@context":"https:\/\/schema.org","@graph":[{"@type":"Article","@id":"https:\/\/marekkuchcinski.pl\/sk\/wydarzenia\/sejm-uchwalil-trzynasta-emeryture-marszalek-kuchcinski-dotrzymujemy-slowa-wychodzimy-naprzeciw-wieloletnim-zaniedbaniom-wobec-osob-starszych\/#article","isPartOf":{"@id":"https:\/\/marekkuchcinski.pl\/sk\/wydarzenia\/sejm-uchwalil-trzynasta-emeryture-marszalek-kuchcinski-dotrzymujemy-slowa-wychodzimy-naprzeciw-wieloletnim-zaniedbaniom-wobec-osob-starszych\/"},"author":{"name":"admin","@id":"https:\/\/marekkuchcinski.pl\/#\/schema\/person\/6f62700996b4d950b6ea2d1183b6c6be"},"headline":"Sejm uchwali\u0142 &#8222;trzynast\u0105 emerytur\u0119&#8221;. Marsza\u0142ek Kuchci\u0144ski: Dotrzymujemy s\u0142owa. Wychodzimy naprzeciw wieloletnim zaniedbaniom wobec os\u00f3b starszych","datePublished":"2019-04-04T19:16:09+00:00","dateModified":"2019-04-10T11:00:26+00:00","mainEntityOfPage":{"@id":"https:\/\/marekkuchcinski.pl\/sk\/wydarzenia\/sejm-uchwalil-trzynasta-emeryture-marszalek-kuchcinski-dotrzymujemy-slowa-wychodzimy-naprzeciw-wieloletnim-zaniedbaniom-wobec-osob-starszych\/"},"wordCount":834,"commentCount":0,"publisher":{"@id":"https:\/\/marekkuchcinski.pl\/#organization"},"image":{"@id":"https:\/\/marekkuchcinski.pl\/sk\/wydarzenia\/sejm-uchwalil-trzynasta-emeryture-marszalek-kuchcinski-dotrzymujemy-slowa-wychodzimy-naprzeciw-wieloletnim-zaniedbaniom-wobec-osob-starszych\/#primaryimage"},"thumbnailUrl":"https:\/\/marekkuchcinski.pl\/wp-content\/uploads\/2019\/04\/PSX_20190404_230243.jpg","articleSection":["Prawo i Sprawiedliwo\u015b\u0107","Wie\u015bci z Sejmu","Wydarzenia"],"inLanguage":"cs","potentialAction":[{"@type":"CommentAction","name":"Comment","target":["https:\/\/marekkuchcinski.pl\/sk\/wydarzenia\/sejm-uchwalil-trzynasta-emeryture-marszalek-kuchcinski-dotrzymujemy-slowa-wychodzimy-naprzeciw-wieloletnim-zaniedbaniom-wobec-osob-starszych\/#respond"]}]},{"@type":"WebPage","@id":"https:\/\/marekkuchcinski.pl\/sk\/wydarzenia\/sejm-uchwalil-trzynasta-emeryture-marszalek-kuchcinski-dotrzymujemy-slowa-wychodzimy-naprzeciw-wieloletnim-zaniedbaniom-wobec-osob-starszych\/","url":"https:\/\/marekkuchcinski.pl\/sk\/wydarzenia\/sejm-uchwalil-trzynasta-emeryture-marszalek-kuchcinski-dotrzymujemy-slowa-wychodzimy-naprzeciw-wieloletnim-zaniedbaniom-wobec-osob-starszych\/","name":"Sejm uchwali\u0142 \"trzynast\u0105 emerytur\u0119\". Marsza\u0142ek Kuchci\u0144ski: Dotrzymujemy s\u0142owa. Wychodzimy naprzeciw wieloletnim zaniedbaniom wobec os\u00f3b starszych &#8211; Marek Kuchci\u0144ski","isPartOf":{"@id":"https:\/\/marekkuchcinski.pl\/#website"},"primaryImageOfPage":{"@id":"https:\/\/marekkuchcinski.pl\/sk\/wydarzenia\/sejm-uchwalil-trzynasta-emeryture-marszalek-kuchcinski-dotrzymujemy-slowa-wychodzimy-naprzeciw-wieloletnim-zaniedbaniom-wobec-osob-starszych\/#primaryimage"},"image":{"@id":"https:\/\/marekkuchcinski.pl\/sk\/wydarzenia\/sejm-uchwalil-trzynasta-emeryture-marszalek-kuchcinski-dotrzymujemy-slowa-wychodzimy-naprzeciw-wieloletnim-zaniedbaniom-wobec-osob-starszych\/#primaryimage"},"thumbnailUrl":"https:\/\/marekkuchcinski.pl\/wp-content\/uploads\/2019\/04\/PSX_20190404_230243.jpg","datePublished":"2019-04-04T19:16:09+00:00","dateModified":"2019-04-10T11:00:26+00:00","breadcrumb":{"@id":"https:\/\/marekkuchcinski.pl\/sk\/wydarzenia\/sejm-uchwalil-trzynasta-emeryture-marszalek-kuchcinski-dotrzymujemy-slowa-wychodzimy-naprzeciw-wieloletnim-zaniedbaniom-wobec-osob-starszych\/#breadcrumb"},"inLanguage":"cs","potentialAction":[{"@type":"ReadAction","target":["https:\/\/marekkuchcinski.pl\/sk\/wydarzenia\/sejm-uchwalil-trzynasta-emeryture-marszalek-kuchcinski-dotrzymujemy-slowa-wychodzimy-naprzeciw-wieloletnim-zaniedbaniom-wobec-osob-starszych\/"]}]},{"@type":"ImageObject","inLanguage":"cs","@id":"https:\/\/marekkuchcinski.pl\/sk\/wydarzenia\/sejm-uchwalil-trzynasta-emeryture-marszalek-kuchcinski-dotrzymujemy-slowa-wychodzimy-naprzeciw-wieloletnim-zaniedbaniom-wobec-osob-starszych\/#primaryimage","url":"https:\/\/marekkuchcinski.pl\/wp-content\/uploads\/2019\/04\/PSX_20190404_230243.jpg","contentUrl":"https:\/\/marekkuchcinski.pl\/wp-content\/uploads\/2019\/04\/PSX_20190404_230243.jpg","width":2048,"height":1434},{"@type":"BreadcrumbList","@id":"https:\/\/marekkuchcinski.pl\/sk\/wydarzenia\/sejm-uchwalil-trzynasta-emeryture-marszalek-kuchcinski-dotrzymujemy-slowa-wychodzimy-naprzeciw-wieloletnim-zaniedbaniom-wobec-osob-starszych\/#breadcrumb","itemListElement":[{"@type":"ListItem","position":1,"name":"Strona g\u0142\u00f3wna","item":"https:\/\/marekkuchcinski.pl\/"},{"@type":"ListItem","position":2,"name":"Sejm uchwali\u0142 &#8220;trzynast\u0105 emerytur\u0119&#8221;. Marsza\u0142ek Kuchci\u0144ski: Dotrzymujemy s\u0142owa. Wychodzimy naprzeciw wieloletnim zaniedbaniom wobec os\u00f3b starszych"}]},{"@type":"WebSite","@id":"https:\/\/marekkuchcinski.pl\/#website","url":"https:\/\/marekkuchcinski.pl\/","name":"Marek Kuchci\u0144ski","description":"Pose\u0142 na sejm RP &ndash; okr\u0119g nr 22","publisher":{"@id":"https:\/\/marekkuchcinski.pl\/#organization"},"potentialAction":[{"@type":"SearchAction","target":{"@type":"EntryPoint","urlTemplate":"https:\/\/marekkuchcinski.pl\/?s={search_term_string}"},"query-input":{"@type":"PropertyValueSpecification","valueRequired":true,"valueName":"search_term_string"}}],"inLanguage":"cs"},{"@type":"Organization","@id":"https:\/\/marekkuchcinski.pl\/#organization","name":"Marek Kuchci\u0144ski","url":"https:\/\/marekkuchcinski.pl\/","logo":{"@type":"ImageObject","inLanguage":"cs","@id":"https:\/\/marekkuchcinski.pl\/#\/schema\/logo\/image\/","url":"https:\/\/marekkuchcinski.pl\/wp-content\/uploads\/2022\/09\/Marek.jpg","contentUrl":"https:\/\/marekkuchcinski.pl\/wp-content\/uploads\/2022\/09\/Marek.jpg","width":1600,"height":971,"caption":"Marek Kuchci\u0144ski"},"image":{"@id":"https:\/\/marekkuchcinski.pl\/#\/schema\/logo\/image\/"}},{"@type":"Person","@id":"https:\/\/marekkuchcinski.pl\/#\/schema\/person\/6f62700996b4d950b6ea2d1183b6c6be","name":"admin","image":{"@type":"ImageObject","inLanguage":"cs","@id":"https:\/\/marekkuchcinski.pl\/#\/schema\/person\/image\/","url":"https:\/\/secure.gravatar.com\/avatar\/4bab693b9d55c3d6b52c0296a8765085?s=96&d=mm&r=g","contentUrl":"https:\/\/secure.gravatar.com\/avatar\/4bab693b9d55c3d6b52c0296a8765085?s=96&d=mm&r=g","caption":"admin"},"url":"https:\/\/marekkuchcinski.pl\/cs\/author\/marta-olejnik\/"}]}},"_links":{"self":[{"href":"https:\/\/marekkuchcinski.pl\/cs\/wp-json\/wp\/v2\/posts\/14517","targetHints":{"allow":["GET"]}}],"collection":[{"href":"https:\/\/marekkuchcinski.pl\/cs\/wp-json\/wp\/v2\/posts"}],"about":[{"href":"https:\/\/marekkuchcinski.pl\/cs\/wp-json\/wp\/v2\/types\/post"}],"author":[{"embeddable":true,"href":"https:\/\/marekkuchcinski.pl\/cs\/wp-json\/wp\/v2\/users\/6"}],"replies":[{"embeddable":true,"href":"https:\/\/marekkuchcinski.pl\/cs\/wp-json\/wp\/v2\/comments?post=14517"}],"version-history":[{"count":17,"href":"https:\/\/marekkuchcinski.pl\/cs\/wp-json\/wp\/v2\/posts\/14517\/revisions"}],"predecessor-version":[{"id":14628,"href":"https:\/\/marekkuchcinski.pl\/cs\/wp-json\/wp\/v2\/posts\/14517\/revisions\/14628"}],"wp:featuredmedia":[{"embeddable":true,"href":"https:\/\/marekkuchcinski.pl\/cs\/wp-json\/wp\/v2\/media\/14575"}],"wp:attachment":[{"href":"https:\/\/marekkuchcinski.pl\/cs\/wp-json\/wp\/v2\/media?parent=14517"}],"wp:term":[{"taxonomy":"category","embeddable":true,"href":"https:\/\/marekkuchcinski.pl\/cs\/wp-json\/wp\/v2\/categories?post=14517"},{"taxonomy":"post_tag","embeddable":true,"href":"https:\/\/marekkuchcinski.pl\/cs\/wp-json\/wp\/v2\/tags?post=14517"}],"curies":[{"name":"wp","href":"https:\/\/api.w.org\/{rel}","templated":true}]}}