{"id":14400,"date":"2019-04-02T12:14:34","date_gmt":"2019-04-02T10:14:34","guid":{"rendered":"https:\/\/marekkuchcinski.pl\/?p=14400"},"modified":"2019-04-02T14:07:44","modified_gmt":"2019-04-02T12:07:44","slug":"emerytura-plus-dalsze-uszczelnianie-vat-walka-z-mafia-lekowa-zapowiedz-79-posiedzenia-sejmu%ef%bb%bf","status":"publish","type":"post","link":"https:\/\/marekkuchcinski.pl\/cs\/wydarzenia\/emerytura-plus-dalsze-uszczelnianie-vat-walka-z-mafia-lekowa-zapowiedz-79-posiedzenia-sejmu%ef%bb%bf\/","title":{"rendered":"\"Pension Plus\", dal\u0161\u00ed zp\u0159\u00edsn\u011bn\u00ed DPH, boj proti drogov\u00e9 mafii. Ozn\u00e1men\u00ed o 79. zased\u00e1n\u00ed Sejmu"},"content":{"rendered":"<p class=\"wp-block-paragraph\">Ve st\u0159edu 3. dubna v 10:00 hodin za\u010dne 79. zased\u00e1n\u00ed Sejmu. Hlavn\u00edm bodem programu bude projekt \"Emerytura Plus\", tj. dodate\u010dn\u00e1 podpora d\u016fchodc\u016f v roce 2019. Na programu jsou tak\u00e9 dal\u0161\u00ed n\u00e1vrhy na zp\u0159\u00edsn\u011bn\u00ed DPH a n\u00e1vrh na potla\u010den\u00ed drogov\u00e9 mafie. Poslanci budou rovn\u011b\u017e pracovat na ratifikaci protokolu o p\u0159istoupen\u00ed Severn\u00ed Makedonie k NATO. <\/p>\n\n\n\n<p class=\"wp-block-paragraph\">Podle projektu p\u0159edlo\u017een\u00e9ho vl\u00e1dou, kter\u00fd se t\u00fdk\u00e1 poskytov\u00e1n\u00ed&nbsp;<strong>\"Emerytura Plus\", v leto\u0161n\u00edm roce dostanou v\u0161ichni d\u016fchodci p\u0159\u00edplatek k d\u016fchodu ve v\u00fd\u0161i 1100 PLN hrub\u00e9ho, tj. 888,25 PLN na ruku.<\/strong>. Podpora bude vypl\u00e1cena automaticky, bez zbyte\u010dn\u00e9ho pap\u00edrov\u00e1n\u00ed, bez ohledu na v\u00fd\u0161i pob\u00edran\u00fdch d\u00e1vek. T\u0159in\u00e1ct\u00fd d\u016fchod obdr\u017e\u00ed&nbsp;<strong>v\u00edce ne\u017e 9,8 milionu senior\u016f, z toho t\u00e9m\u011b\u0159 7 milion\u016f d\u016fchodc\u016f a v\u00edce ne\u017e 2,5 milionu invalidn\u00edch d\u016fchodc\u016f.<\/strong>. D\u00e1vku budou vyu\u017e\u00edvat osoby \u00fa\u010dastn\u00edc\u00ed se v\u0161eobecn\u00e9ho poji\u0161t\u011bn\u00ed, zem\u011bd\u011blci ze zem\u011bd\u011blsk\u00e9ho fondu soci\u00e1ln\u00edho poji\u0161t\u011bn\u00ed, uniformovan\u00e9 slo\u017eky, v\u00e1le\u010dn\u00ed invalid\u00e9 a d\u016fchodci a osoby pob\u00edraj\u00edc\u00ed u\u010ditelsk\u00e9 kompenza\u010dn\u00ed d\u00e1vky, p\u0159edd\u016fchodov\u00e9 p\u0159\u00edsp\u011bvky a d\u00e1vky nebo soci\u00e1ln\u00ed d\u016fchody. Vl\u00e1da zd\u016fraz\u0148uje, \u017ee v z\u00e1jmu zlep\u0161en\u00ed situace d\u016fchodc\u016f a jejich finan\u010dn\u00edho zabezpe\u010den\u00ed se v roce 2019 poprv\u00e9 po 30 letech zav\u00e1d\u00ed troj\u00ed opat\u0159en\u00ed pro seniory:&nbsp;<strong>\u00faprava d\u016fchod\u016f podle kv\u00f3t, sn\u00ed\u017een\u00fd PIT a d\u00e1vka \"Pension Plus\".<\/strong>.<\/p>\n\n\n\n<p class=\"wp-block-paragraph\"><strong>Vytvo\u0159en\u00ed jednotn\u00e9 datab\u00e1ze osob povinn\u00fdch k dani z p\u0159idan\u00e9 hodnoty<\/strong>&nbsp;p\u0159edpokl\u00e1d\u00e1 navrhovanou zm\u011bnu z\u00e1kona o dani ze zbo\u017e\u00ed a slu\u017eeb. Tento vl\u00e1dn\u00ed n\u00e1vrh je sou\u010d\u00e1st\u00ed realizace expozitury premi\u00e9ra Mateusze Morawieck\u00e9ho. \u00da\u010delem nov\u00fdch \u0159e\u0161en\u00ed je&nbsp;<strong>dal\u0161\u00ed zp\u0159\u00edsn\u011bn\u00ed syst\u00e9mu DPH<\/strong>. P\u0159isp\u011bj\u00ed tak\u00e9 k pos\u00edlen\u00ed spravedliv\u00e9 hospod\u00e1\u0159sk\u00e9 sout\u011b\u017ee mezi podnikateli a k omezen\u00ed \u0161ed\u00e9 ekonomiky. Podle n\u00e1vrhu bude na internetov\u00fdch str\u00e1nk\u00e1ch ministerstva financ\u00ed zp\u0159\u00edstupn\u011bn seznam pl\u00e1tc\u016f DPH. Rejst\u0159\u00edk m\u00e1<strong>minimalizovat riziko, \u017ee se pl\u00e1tci nev\u011bdomky zapoj\u00ed do koloto\u010d\u016f DPH.<\/strong>.<\/p>\n\n\n\n<p class=\"wp-block-paragraph\"><strong>Konec neleg\u00e1ln\u00edho v\u00fdvozu l\u00e9k\u016f z Polska<\/strong>&nbsp;- To m\u00e1 b\u00fdt d\u016fsledkem vl\u00e1dn\u00edch n\u00e1vrh\u016f na zm\u011bny z\u00e1kona o l\u00e9\u010divech a z\u00e1kona o l\u00e9\u010debn\u00e9 \u010dinnosti. C\u00edlem je&nbsp;<strong>\u00fa\u010dinn\u00fd boj proti drogov\u00e9 mafii.<\/strong>N\u00e1vrh stanov\u00ed p\u0159\u00edsn\u011bj\u0161\u00ed tresty za nez\u00e1konn\u00fd v\u00fdvoz l\u00e9\u010div\u00fdch p\u0159\u00edpravk\u016f. Zav\u00e1d\u00ed z\u00e1kaz pro velkoobchodn\u00edky s l\u00e9\u010divy, kte\u0159\u00ed odeb\u00edraj\u00ed l\u00e9\u010div\u00e9 p\u0159\u00edpravky od maloobchodn\u00edk\u016f,<a href=\"http:\/\/m.in\/\" target=\"_blank\" rel=\"noreferrer noopener\">mimo jin\u00e9<\/a>. v l\u00e9k\u00e1rn\u00e1ch. Za nabyt\u00ed, zcizen\u00ed, v\u00fdvoz nebo skladov\u00e1n\u00ed l\u00e9ku v rozporu se z\u00e1konem hroz\u00ed trest odn\u011bt\u00ed svobody od 3 m\u011bs\u00edc\u016f do 5 let. U rozs\u00e1hl\u00fdch trestn\u00fdch \u010din\u016f 6 m\u011bs\u00edc\u016f a\u017e 8 let, a pokud trestn\u00fd \u010din zahrnuje&nbsp;<strong>l\u00e9ku, u kter\u00e9ho hroz\u00ed, \u017ee nebude v Polsku k dispozici, bude potrest\u00e1n odn\u011bt\u00edm svobody na jeden rok a\u017e deset let.<\/strong>.<\/p>\n\n\n\n<p class=\"wp-block-paragraph\">Sejm se bude zab\u00fdvat projektem t\u00fdkaj\u00edc\u00edm se&nbsp;<strong>ratifikace Protokolu k Severoatlantick\u00e9 smlouv\u011b o p\u0159istoupen\u00ed Severn\u00ed Makedonie<\/strong>, podepsan\u00e9 v Bruselu dne 6. \u00fanora 2019. Vl\u00e1da p\u0159ipom\u00edn\u00e1, \u017ee politika roz\u0161i\u0159ov\u00e1n\u00ed NATO m\u00e1 i nad\u00e1le z\u00e1sadn\u00ed v\u00fdznam pro zv\u00fd\u0161en\u00ed bezpe\u010dnosti a stability na evropsk\u00fdch hranic\u00edch a v jejich okol\u00ed. Podle hodnocen\u00ed vl\u00e1dy&nbsp;<strong>vstup Severn\u00ed Makedonie do NATO by m\u011bl p\u0159in\u00e9st hmatatelnou stabilitu cel\u00e9mu regionu z\u00e1padn\u00edho Balk\u00e1nu a pozitivn\u00ed zm\u011bnu bezpe\u010dnostn\u00edho prost\u0159ed\u00ed v okol\u00ed Polska.<\/strong>.<\/p>\n\n\n\n<p class=\"wp-block-paragraph\">Na 79. sch\u016fzi se bude Sejm zab\u00fdvat tak\u00e9 n\u00e1vrhem na vysloven\u00ed ned\u016fv\u011bry ministru zem\u011bd\u011blstv\u00ed a rozvoje venkova.<\/p>\n\n\n\n<p class=\"wp-block-paragraph\">P\u0159i hlasov\u00e1n\u00edch, kter\u00e1 jsou napl\u00e1nov\u00e1na na druh\u00fd den zased\u00e1n\u00ed, se bude Sn\u011bmovna zab\u00fdvat&nbsp;<a href=\"http:\/\/m.in\/\" target=\"_blank\" rel=\"noreferrer noopener\">mimo jin\u00e9<\/a>. rozhodnut\u00ed o jmenov\u00e1n\u00ed p\u0159edsedy \u00da\u0159adu pro ochranu osobn\u00edch \u00fadaj\u016f.<\/p>\n\n\n\n<p class=\"wp-block-paragraph\">\u00dapln\u00e9 po\u0159ad\u00ed 79. zased\u00e1n\u00ed Sejmu:&nbsp;<a href=\"http:\/\/www.sejm.gov.pl\/Sejm8.nsf\/PorzadekObrad.xsp\" target=\"_blank\" rel=\"noreferrer noopener\">http:\/\/www.sejm.gov.pl\/Sejm8.nsf\/PorzadekObrad.xsp<\/a><\/p>\n\n\n\n<p class=\"wp-block-paragraph\">N\u00e1hled videa na Youtube:&nbsp;<a href=\"https:\/\/www.youtube.com\/watch?v=ou9nhlm9EZQ&amp;feature=youtu.be&amp;fbclid=IwAR3Dx6DkhlrJ-jpMTVnJ5wwpzlTscYtWMQ9QLaOIWtrE5fwYIlPqEz5PbZw\" target=\"_blank\" rel=\"noreferrer noopener\">https:\/\/www.youtube.com\/watch?v=ou9nhlm9EZQ&amp;feature=youtu.be&amp;fbclid=IwAR3Dx6DkhlrJ-jpMTVnJ5wwpzlTscYtWMQ9QLaOIWtrE5fwYIlPqEz5PbZw<\/a><\/p>\n\n\n\n<p class=\"wp-block-paragraph\">Odkaz na sd\u011blen\u00ed na internetov\u00fdch str\u00e1nk\u00e1ch Sejmu:<a rel=\"noreferrer noopener\" href=\"http:\/\/sejm.gov.pl\/Sejm8.nsf\/komunikat.xsp?documentId=C39276B74F52C96DC12583CC003D02C9\" target=\"_blank\">&nbsp;http:\/\/sejm.gov.pl\/Sejm8.nsf\/komunikat.xsp?documentId=C39276B74F52C96DC12583CC003D02C9<\/a><\/p>\n\n\n\n<figure class=\"wp-block-image\"><img fetchpriority=\"high\" decoding=\"async\" width=\"1024\" height=\"722\" src=\"https:\/\/marekkuchcinski.pl\/wp-content\/uploads\/2019\/04\/na-www-sejm-1-1024x722.jpg\" alt=\"\" class=\"wp-image-14437\" srcset=\"https:\/\/marekkuchcinski.pl\/wp-content\/uploads\/2019\/04\/na-www-sejm-1-1024x722.jpg 1024w, https:\/\/marekkuchcinski.pl\/wp-content\/uploads\/2019\/04\/na-www-sejm-1-300x212.jpg 300w, https:\/\/marekkuchcinski.pl\/wp-content\/uploads\/2019\/04\/na-www-sejm-1-768x542.jpg 768w, https:\/\/marekkuchcinski.pl\/wp-content\/uploads\/2019\/04\/na-www-sejm-1.jpg 2048w\" sizes=\"(max-width: 1024px) 100vw, 1024px\" \/><figcaption><em>Sejm Polsk\u00e9 republiky\/ foto: Marta Olejnik<\/em><\/figcaption><\/figure>","protected":false},"excerpt":{"rendered":"<p>W \u015brod\u0119 3 kwietnia o godz. 10:00 rozpocznie si\u0119 79. posiedzenie Sejmu. G\u0142\u00f3wnym punktem obrad b\u0119dzie projekt \u201eEmerytura Plus\u201d, czyli dodatkowe wsparcie dla emeryt\u00f3w i rencist\u00f3w w 2019 r. W porz\u0105dku posiedzenia tak\u017ce m.in. kolejne propozycje dotycz\u0105ce uszczelniania VAT i projekt uderzaj\u0105cy w mafi\u0119 lekow\u0105. Pos\u0142owie b\u0119d\u0105 te\u017c pracowa\u0107 nad ratyfikacj\u0105 protoko\u0142u ws. akcesji Macedonii [&hellip;]<\/p>\n","protected":false},"author":6,"featured_media":14436,"comment_status":"open","ping_status":"open","sticky":false,"template":"","format":"standard","meta":{"ngg_post_thumbnail":0,"footnotes":""},"categories":[82,81,3],"tags":[],"class_list":["post-14400","post","type-post","status-publish","format-standard","has-post-thumbnail","hentry","category-prawo-i-sprawiedliwosc","category-wiesci-z-sejmu","category-wydarzenia"],"_links":{"self":[{"href":"https:\/\/marekkuchcinski.pl\/cs\/wp-json\/wp\/v2\/posts\/14400","targetHints":{"allow":["GET"]}}],"collection":[{"href":"https:\/\/marekkuchcinski.pl\/cs\/wp-json\/wp\/v2\/posts"}],"about":[{"href":"https:\/\/marekkuchcinski.pl\/cs\/wp-json\/wp\/v2\/types\/post"}],"author":[{"embeddable":true,"href":"https:\/\/marekkuchcinski.pl\/cs\/wp-json\/wp\/v2\/users\/6"}],"replies":[{"embeddable":true,"href":"https:\/\/marekkuchcinski.pl\/cs\/wp-json\/wp\/v2\/comments?post=14400"}],"version-history":[{"count":5,"href":"https:\/\/marekkuchcinski.pl\/cs\/wp-json\/wp\/v2\/posts\/14400\/revisions"}],"predecessor-version":[{"id":14438,"href":"https:\/\/marekkuchcinski.pl\/cs\/wp-json\/wp\/v2\/posts\/14400\/revisions\/14438"}],"wp:featuredmedia":[{"embeddable":true,"href":"https:\/\/marekkuchcinski.pl\/cs\/wp-json\/wp\/v2\/media\/14436"}],"wp:attachment":[{"href":"https:\/\/marekkuchcinski.pl\/cs\/wp-json\/wp\/v2\/media?parent=14400"}],"wp:term":[{"taxonomy":"category","embeddable":true,"href":"https:\/\/marekkuchcinski.pl\/cs\/wp-json\/wp\/v2\/categories?post=14400"},{"taxonomy":"post_tag","embeddable":true,"href":"https:\/\/marekkuchcinski.pl\/cs\/wp-json\/wp\/v2\/tags?post=14400"}],"curies":[{"name":"wp","href":"https:\/\/api.w.org\/{rel}","templated":true}]}}