{"id":14317,"date":"2019-03-31T18:02:52","date_gmt":"2019-03-31T16:02:52","guid":{"rendered":"https:\/\/marekkuchcinski.pl\/?p=14317"},"modified":"2019-04-02T11:09:36","modified_gmt":"2019-04-02T09:09:36","slug":"przemyski-pis-zjednoczony-pod-wspolnym-sztandarem","status":"publish","type":"post","link":"https:\/\/marekkuchcinski.pl\/cs\/wydarzenia\/przemyski-pis-zjednoczony-pod-wspolnym-sztandarem\/","title":{"rendered":"P\u0159emysl PiS se sjednotil pod spole\u010dnou vlajkou"},"content":{"rendered":"<p><strong>Arcibiskup metropolita Przemy\u0161lsk\u00fd Adam Szal v sobotu b\u011bhem m\u0161e posv\u011btil prapor strany Pr\u00e1vo a spravedlnost.<\/strong><br><br>V \u017dalmu 33, kter\u00fd byl citov\u00e1n b\u011bhem k\u00e1z\u00e1n\u00ed, se p\u00ed\u0161e: \"Hospodinovo slovo je spravedliv\u00e9 a ka\u017ed\u00fd jeho skutek je d\u016fv\u011bryhodn\u00fd. Miluje z\u00e1kon a spravedlnost, zem\u011b je pln\u00e1 jeho milosti.\" V \u017dalmu 119 \u010dteme, \u017ee \u0161\u0165astn\u00ed jsou ti, jejich\u017e cesta je neposkvrn\u011bn\u00e1 a kte\u0159\u00ed chod\u00ed po stezk\u00e1ch vyzna\u010den\u00fdch t\u011bmito hodnotami\". \u017dalm 140 \"Proti zr\u00e1dn\u00fdm nep\u0159\u00e1tel\u016fm\" nese jasn\u00e9 poselstv\u00ed, \u017ee pr\u00e1vo a spravedlnost ochr\u00e1n\u00ed \u010dlov\u011bka p\u0159ed jeho utla\u010dovateli... <\/p>\n\n\n\n<p>Za star\u00fdch \u010das\u016f pom\u00e1hal prapor budovat n\u00e1rodn\u00ed identitu. V arm\u00e1d\u011b spojovala voj\u00e1ky s jejich v\u016fdcem na cest\u011b za spole\u010dn\u00fdmi c\u00edli. Po znovuz\u00edsk\u00e1n\u00ed nez\u00e1vislosti, kdy z\u00e1konod\u00e1rn\u00fd sn\u011bm p\u0159ijal n\u00e1rodn\u00ed barvy (1. srpna 1919), se prapor stal charakteristick\u00fdm znakem spojuj\u00edc\u00edm komunity, profesn\u00ed skupiny a instituce.<\/p>\n\n\n\n<p>S odkazem na historii p\u0159edseda Sejmu zd\u016fraznil:<\/p>\n\n\n\n<p>Prapor, o kter\u00e9m historici psali, \u017ee je to prapor Sanok, ale ve skute\u010dnosti to byl prapor Przemysl. M\u00e1me tedy co do \u010din\u011bn\u00ed s ur\u010ditou kontinuitou. Prapor p\u0159emy\u0161lsk\u00e9ho regionu strany Pr\u00e1vo a spravedlnost je ur\u010dit\u00fdm symbolem, kter\u00fd spojuje minulost, to velk\u00e9 pouto, kter\u00e9 n\u00e1s pod vlajkami a prapory spojovalo tehdy, p\u0159ed n\u011bkolika sty lety, s budoucnost\u00ed. <\/p>\n\n\n\n<p>Kuchci\u0144ski pouk\u00e1zal na vzhled praporu Pr\u00e1va a spravedlnosti a \u0159ekl, \u017ee na jedn\u00e9 stran\u011b je b\u00edlo\u010derven\u00fd s vy\u0161it\u00fdm heslem \"B\u016fh, \u010dest, vlast\", kter\u00e9 je v polsk\u00fdch d\u011bjin\u00e1ch zako\u0159en\u011bno ji\u017e po mnoho stalet\u00ed. Na druh\u00e9 stran\u011b transparentu je na modr\u00e9m pozad\u00ed n\u00e1pis \"M\u00e1me pohled do budoucnosti\".<\/p>\n\n\n\n<p>Marek Kuchci\u0144ski tak\u00e9 \u0159ekl, \u017ee u\u017e asi dvan\u00e1ct m\u011bs\u00edc\u016f m\u00e1me co do \u010din\u011bn\u00ed s civiliza\u010dn\u00ed v\u00e1lkou na v\u0161ech front\u00e1ch, kter\u00e1 zasahuje ka\u017ed\u00e9ho z n\u00e1s, ka\u017edou rodinu, a t\u00fdk\u00e1 se nejen na\u0161ich zem\u00ed, t\u00fdk\u00e1 se nejen lid\u00ed, o kter\u00fdch dosud v\u0161ichni, dokonce i ateist\u00e9, mluvili s \u00factou, jako byl Svat\u00fd otec Jan Pavel II. - Dnes se oz\u00fdvaj\u00ed naprosto ostudn\u00e9 hlasy - \u0159ekl. - Pod t\u011bmito prapory se oddejme t\u011bm hanebn\u00fdm sil\u00e1m, kter\u00e9 se n\u00e1s sna\u017e\u00ed napadnout, kter\u00e9 se n\u00e1m sna\u017e\u00ed vz\u00edt v\u00edru ve v\u00edt\u011bzstv\u00ed. Vyhrajeme! - uzav\u0159el p\u0159edseda Sejmu. <\/p>\n\n\n\n<p>Podkarpatsk\u00e1 strana Pr\u00e1vo a spravedlnost p\u0159edala prapor Marku Kuchci\u0144sk\u00e9mu - p\u0159edsedovi Podkarpatsk\u00e9 region\u00e1ln\u00ed rady strany Pr\u00e1vo a spravedlnost - v lednu leto\u0161n\u00edho roku b\u011bhem oplatkov\u00e9ho a novoro\u010dn\u00edho setk\u00e1n\u00ed. <\/p>\n\n\n\n<p><\/p>\n\n\n\n<figure class=\"wp-block-embed is-type-rich is-provider-marek-kuchcinski\"><div class=\"wp-block-embed__wrapper\">\n<blockquote class=\"wp-embedded-content\" data-secret=\"uRjt9IELpv\"><a href=\"https:\/\/marekkuchcinski.pl\/cs\/wydarzenia\/marek-kuchcinski-przemyslu-cel-jeden-polska-jako-dom-ktorym-zapewnione-godne-sprawiedliwe-zycie\/\">Marek Kuchci\u0144ski v Przemy\u015blu: C\u00edl je jedin\u00fd - Polsko jako domov, kde m\u00e1me zaru\u010den\u00fd d\u016fstojn\u00fd a spravedliv\u00fd \u017eivot.<\/a><\/blockquote><iframe class=\"wp-embedded-content\" sandbox=\"allow-scripts\" security=\"restricted\" style=\"position: absolute; clip: rect(1px, 1px, 1px, 1px);\" title=\"&quot;Marek Kuchci\u0144ski v Przemy\u015blu: C\u00edl je jedin\u00fd - Polsko jako domov, kde m\u00e1me zaru\u010den\u00fd d\u016fstojn\u00fd a spravedliv\u00fd \u017eivot.&quot; - Marek Kuchcinski\" src=\"https:\/\/marekkuchcinski.pl\/wydarzenia\/marek-kuchcinski-przemyslu-cel-jeden-polska-jako-dom-ktorym-zapewnione-godne-sprawiedliwe-zycie\/embed\/#?secret=uRjt9IELpv\" data-secret=\"uRjt9IELpv\" width=\"600\" height=\"338\" frameborder=\"0\" marginwidth=\"0\" marginheight=\"0\" scrolling=\"no\"><\/iframe>\n<\/div><\/figure>\n\n\n\n<p><em>text\/foto Marta Olejnik<\/em><\/p>\n\n\n\n<figure class=\"wp-block-image is-resized\"><img fetchpriority=\"high\" decoding=\"async\" src=\"https:\/\/marekkuchcinski.pl\/wp-content\/uploads\/2019\/03\/IMG_0689-1-1024x627.jpg\" alt=\"\" class=\"wp-image-14321\" width=\"578\" height=\"353\" srcset=\"https:\/\/marekkuchcinski.pl\/wp-content\/uploads\/2019\/03\/IMG_0689-1-1024x627.jpg 1024w, https:\/\/marekkuchcinski.pl\/wp-content\/uploads\/2019\/03\/IMG_0689-1-300x184.jpg 300w, https:\/\/marekkuchcinski.pl\/wp-content\/uploads\/2019\/03\/IMG_0689-1-768x470.jpg 768w, https:\/\/marekkuchcinski.pl\/wp-content\/uploads\/2019\/03\/IMG_0689-1.jpg 2048w\" sizes=\"(max-width: 578px) 100vw, 578px\" \/><\/figure>\n\n\n\n<figure class=\"wp-block-image\"><img decoding=\"async\" width=\"1024\" height=\"688\" src=\"https:\/\/marekkuchcinski.pl\/wp-content\/uploads\/2019\/03\/IMG_0769-1024x688.jpg\" alt=\"\" class=\"wp-image-14329\" srcset=\"https:\/\/marekkuchcinski.pl\/wp-content\/uploads\/2019\/03\/IMG_0769-1024x688.jpg 1024w, https:\/\/marekkuchcinski.pl\/wp-content\/uploads\/2019\/03\/IMG_0769-300x202.jpg 300w, https:\/\/marekkuchcinski.pl\/wp-content\/uploads\/2019\/03\/IMG_0769-768x516.jpg 768w, https:\/\/marekkuchcinski.pl\/wp-content\/uploads\/2019\/03\/IMG_0769.jpg 2048w\" sizes=\"(max-width: 1024px) 100vw, 1024px\" \/><\/figure>\n\n\n\n<figure class=\"wp-block-image\"><img decoding=\"async\" width=\"1024\" height=\"932\" src=\"https:\/\/marekkuchcinski.pl\/wp-content\/uploads\/2019\/04\/IMG_0713-1024x932.jpg\" alt=\"\" class=\"wp-image-14380\" srcset=\"https:\/\/marekkuchcinski.pl\/wp-content\/uploads\/2019\/04\/IMG_0713-1024x932.jpg 1024w, https:\/\/marekkuchcinski.pl\/wp-content\/uploads\/2019\/04\/IMG_0713-300x273.jpg 300w, https:\/\/marekkuchcinski.pl\/wp-content\/uploads\/2019\/04\/IMG_0713-768x699.jpg 768w, https:\/\/marekkuchcinski.pl\/wp-content\/uploads\/2019\/04\/IMG_0713.jpg 2048w\" sizes=\"(max-width: 1024px) 100vw, 1024px\" \/><\/figure>\n\n\n\n<figure class=\"wp-block-image\"><img loading=\"lazy\" decoding=\"async\" width=\"1024\" height=\"696\" src=\"https:\/\/marekkuchcinski.pl\/wp-content\/uploads\/2019\/03\/IMG_0789-1-1024x696.jpg\" alt=\"\" class=\"wp-image-14330\" srcset=\"https:\/\/marekkuchcinski.pl\/wp-content\/uploads\/2019\/03\/IMG_0789-1-1024x696.jpg 1024w, https:\/\/marekkuchcinski.pl\/wp-content\/uploads\/2019\/03\/IMG_0789-1-300x204.jpg 300w, https:\/\/marekkuchcinski.pl\/wp-content\/uploads\/2019\/03\/IMG_0789-1-768x522.jpg 768w, https:\/\/marekkuchcinski.pl\/wp-content\/uploads\/2019\/03\/IMG_0789-1.jpg 2048w\" sizes=\"(max-width: 1024px) 100vw, 1024px\" \/><\/figure>\n\n\n\n<figure class=\"wp-block-image\"><img loading=\"lazy\" decoding=\"async\" width=\"1024\" height=\"728\" src=\"https:\/\/marekkuchcinski.pl\/wp-content\/uploads\/2019\/03\/IMG_0786-1-1024x728.jpg\" alt=\"\" class=\"wp-image-14338\" srcset=\"https:\/\/marekkuchcinski.pl\/wp-content\/uploads\/2019\/03\/IMG_0786-1-1024x728.jpg 1024w, https:\/\/marekkuchcinski.pl\/wp-content\/uploads\/2019\/03\/IMG_0786-1-300x213.jpg 300w, https:\/\/marekkuchcinski.pl\/wp-content\/uploads\/2019\/03\/IMG_0786-1-768x546.jpg 768w, https:\/\/marekkuchcinski.pl\/wp-content\/uploads\/2019\/03\/IMG_0786-1.jpg 2048w\" sizes=\"(max-width: 1024px) 100vw, 1024px\" \/><\/figure>\n\n\n\n<figure class=\"wp-block-image\"><img loading=\"lazy\" decoding=\"async\" width=\"1024\" height=\"700\" src=\"https:\/\/marekkuchcinski.pl\/wp-content\/uploads\/2019\/03\/IMG_0703-1024x700.jpg\" alt=\"\" class=\"wp-image-14328\" srcset=\"https:\/\/marekkuchcinski.pl\/wp-content\/uploads\/2019\/03\/IMG_0703-1024x700.jpg 1024w, https:\/\/marekkuchcinski.pl\/wp-content\/uploads\/2019\/03\/IMG_0703-300x205.jpg 300w, https:\/\/marekkuchcinski.pl\/wp-content\/uploads\/2019\/03\/IMG_0703-768x525.jpg 768w, https:\/\/marekkuchcinski.pl\/wp-content\/uploads\/2019\/03\/IMG_0703.jpg 2048w\" sizes=\"(max-width: 1024px) 100vw, 1024px\" \/><\/figure>\n\n\n\n<figure class=\"wp-block-image\"><img loading=\"lazy\" decoding=\"async\" width=\"1024\" height=\"710\" src=\"https:\/\/marekkuchcinski.pl\/wp-content\/uploads\/2019\/03\/IMG_0773-2-1024x710.jpg\" alt=\"\" class=\"wp-image-14331\" srcset=\"https:\/\/marekkuchcinski.pl\/wp-content\/uploads\/2019\/03\/IMG_0773-2-1024x710.jpg 1024w, https:\/\/marekkuchcinski.pl\/wp-content\/uploads\/2019\/03\/IMG_0773-2-300x208.jpg 300w, https:\/\/marekkuchcinski.pl\/wp-content\/uploads\/2019\/03\/IMG_0773-2-768x533.jpg 768w, https:\/\/marekkuchcinski.pl\/wp-content\/uploads\/2019\/03\/IMG_0773-2.jpg 2048w\" sizes=\"(max-width: 1024px) 100vw, 1024px\" \/><\/figure>\n\n\n\n<figure class=\"wp-block-image\"><img loading=\"lazy\" decoding=\"async\" width=\"1024\" height=\"667\" src=\"https:\/\/marekkuchcinski.pl\/wp-content\/uploads\/2019\/03\/IMG_0806-1-1024x667.jpg\" alt=\"\" class=\"wp-image-14332\" srcset=\"https:\/\/marekkuchcinski.pl\/wp-content\/uploads\/2019\/03\/IMG_0806-1-1024x667.jpg 1024w, https:\/\/marekkuchcinski.pl\/wp-content\/uploads\/2019\/03\/IMG_0806-1-300x195.jpg 300w, https:\/\/marekkuchcinski.pl\/wp-content\/uploads\/2019\/03\/IMG_0806-1-768x500.jpg 768w, https:\/\/marekkuchcinski.pl\/wp-content\/uploads\/2019\/03\/IMG_0806-1.jpg 2048w\" sizes=\"(max-width: 1024px) 100vw, 1024px\" \/><\/figure>\n\n\n\n<figure class=\"wp-block-image\"><img loading=\"lazy\" decoding=\"async\" width=\"1024\" height=\"745\" src=\"https:\/\/marekkuchcinski.pl\/wp-content\/uploads\/2019\/03\/IMG_0808-2-1024x745.jpg\" alt=\"\" class=\"wp-image-14335\" srcset=\"https:\/\/marekkuchcinski.pl\/wp-content\/uploads\/2019\/03\/IMG_0808-2-1024x745.jpg 1024w, https:\/\/marekkuchcinski.pl\/wp-content\/uploads\/2019\/03\/IMG_0808-2-300x218.jpg 300w, https:\/\/marekkuchcinski.pl\/wp-content\/uploads\/2019\/03\/IMG_0808-2-768x559.jpg 768w, https:\/\/marekkuchcinski.pl\/wp-content\/uploads\/2019\/03\/IMG_0808-2.jpg 2048w\" sizes=\"(max-width: 1024px) 100vw, 1024px\" \/><\/figure>\n\n\n\n<figure class=\"wp-block-image\"><img loading=\"lazy\" decoding=\"async\" width=\"1024\" height=\"682\" src=\"https:\/\/marekkuchcinski.pl\/wp-content\/uploads\/2019\/04\/IMG_0817-1-1024x682.jpg\" alt=\"\" class=\"wp-image-14378\" srcset=\"https:\/\/marekkuchcinski.pl\/wp-content\/uploads\/2019\/04\/IMG_0817-1-1024x682.jpg 1024w, https:\/\/marekkuchcinski.pl\/wp-content\/uploads\/2019\/04\/IMG_0817-1-300x200.jpg 300w, https:\/\/marekkuchcinski.pl\/wp-content\/uploads\/2019\/04\/IMG_0817-1-768x511.jpg 768w, https:\/\/marekkuchcinski.pl\/wp-content\/uploads\/2019\/04\/IMG_0817-1.jpg 2048w\" sizes=\"(max-width: 1024px) 100vw, 1024px\" \/><\/figure>\n\n\n\n<figure class=\"wp-block-image\"><img loading=\"lazy\" decoding=\"async\" width=\"1024\" height=\"683\" src=\"https:\/\/marekkuchcinski.pl\/wp-content\/uploads\/2019\/03\/IMG_0702-1024x683.jpg\" alt=\"\" class=\"wp-image-14337\" srcset=\"https:\/\/marekkuchcinski.pl\/wp-content\/uploads\/2019\/03\/IMG_0702-1024x683.jpg 1024w, https:\/\/marekkuchcinski.pl\/wp-content\/uploads\/2019\/03\/IMG_0702-300x200.jpg 300w, https:\/\/marekkuchcinski.pl\/wp-content\/uploads\/2019\/03\/IMG_0702-768x512.jpg 768w, https:\/\/marekkuchcinski.pl\/wp-content\/uploads\/2019\/03\/IMG_0702.jpg 2048w\" sizes=\"(max-width: 1024px) 100vw, 1024px\" \/><\/figure>\n\n\n\n<figure class=\"wp-block-image\"><img loading=\"lazy\" decoding=\"async\" width=\"1024\" height=\"706\" src=\"https:\/\/marekkuchcinski.pl\/wp-content\/uploads\/2019\/03\/IMG_0858-1-1024x706.jpg\" alt=\"\" class=\"wp-image-14339\" srcset=\"https:\/\/marekkuchcinski.pl\/wp-content\/uploads\/2019\/03\/IMG_0858-1-1024x706.jpg 1024w, https:\/\/marekkuchcinski.pl\/wp-content\/uploads\/2019\/03\/IMG_0858-1-300x207.jpg 300w, https:\/\/marekkuchcinski.pl\/wp-content\/uploads\/2019\/03\/IMG_0858-1-768x529.jpg 768w, https:\/\/marekkuchcinski.pl\/wp-content\/uploads\/2019\/03\/IMG_0858-1.jpg 2048w\" sizes=\"(max-width: 1024px) 100vw, 1024px\" \/><\/figure>\n\n\n\n<figure class=\"wp-block-image\"><img loading=\"lazy\" decoding=\"async\" width=\"1024\" height=\"671\" src=\"https:\/\/marekkuchcinski.pl\/wp-content\/uploads\/2019\/03\/IMG_0697-1024x671.jpg\" alt=\"\" class=\"wp-image-14349\" srcset=\"https:\/\/marekkuchcinski.pl\/wp-content\/uploads\/2019\/03\/IMG_0697-1024x671.jpg 1024w, https:\/\/marekkuchcinski.pl\/wp-content\/uploads\/2019\/03\/IMG_0697-300x196.jpg 300w, https:\/\/marekkuchcinski.pl\/wp-content\/uploads\/2019\/03\/IMG_0697-768x503.jpg 768w, https:\/\/marekkuchcinski.pl\/wp-content\/uploads\/2019\/03\/IMG_0697.jpg 2048w\" sizes=\"(max-width: 1024px) 100vw, 1024px\" \/><\/figure>\n\n\n\n<figure class=\"wp-block-image\"><img loading=\"lazy\" decoding=\"async\" width=\"1024\" height=\"749\" src=\"https:\/\/marekkuchcinski.pl\/wp-content\/uploads\/2019\/03\/IMG_0797-1024x749.jpg\" alt=\"\" class=\"wp-image-14361\" srcset=\"https:\/\/marekkuchcinski.pl\/wp-content\/uploads\/2019\/03\/IMG_0797-1024x749.jpg 1024w, https:\/\/marekkuchcinski.pl\/wp-content\/uploads\/2019\/03\/IMG_0797-300x220.jpg 300w, https:\/\/marekkuchcinski.pl\/wp-content\/uploads\/2019\/03\/IMG_0797-768x562.jpg 768w, https:\/\/marekkuchcinski.pl\/wp-content\/uploads\/2019\/03\/IMG_0797.jpg 2048w\" sizes=\"(max-width: 1024px) 100vw, 1024px\" \/><\/figure>\n\n\n\n<figure class=\"wp-block-image\"><img loading=\"lazy\" decoding=\"async\" width=\"1024\" height=\"748\" src=\"https:\/\/marekkuchcinski.pl\/wp-content\/uploads\/2019\/03\/IMG_0840-1-1024x748.jpg\" alt=\"\" class=\"wp-image-14362\" srcset=\"https:\/\/marekkuchcinski.pl\/wp-content\/uploads\/2019\/03\/IMG_0840-1-1024x748.jpg 1024w, https:\/\/marekkuchcinski.pl\/wp-content\/uploads\/2019\/03\/IMG_0840-1-300x219.jpg 300w, https:\/\/marekkuchcinski.pl\/wp-content\/uploads\/2019\/03\/IMG_0840-1-768x561.jpg 768w, https:\/\/marekkuchcinski.pl\/wp-content\/uploads\/2019\/03\/IMG_0840-1.jpg 2048w\" sizes=\"(max-width: 1024px) 100vw, 1024px\" \/><\/figure>\n\n\n\n<p><em>Foto: Jan Warzecha<\/em><\/p>\n\n\n\n<figure class=\"wp-block-image\"><img loading=\"lazy\" decoding=\"async\" width=\"870\" height=\"1024\" src=\"https:\/\/marekkuchcinski.pl\/wp-content\/uploads\/2019\/03\/szt-870x1024.jpg\" alt=\"\" class=\"wp-image-14344\" srcset=\"https:\/\/marekkuchcinski.pl\/wp-content\/uploads\/2019\/03\/szt-870x1024.jpg 870w, https:\/\/marekkuchcinski.pl\/wp-content\/uploads\/2019\/03\/szt-255x300.jpg 255w, https:\/\/marekkuchcinski.pl\/wp-content\/uploads\/2019\/03\/szt-768x904.jpg 768w, https:\/\/marekkuchcinski.pl\/wp-content\/uploads\/2019\/03\/szt.jpg 1621w\" sizes=\"(max-width: 870px) 100vw, 870px\" \/><\/figure>\n\n\n\n<figure class=\"wp-block-image\"><img loading=\"lazy\" decoding=\"async\" width=\"1024\" height=\"705\" src=\"https:\/\/marekkuchcinski.pl\/wp-content\/uploads\/2019\/03\/sz2-1024x705.jpg\" alt=\"\" class=\"wp-image-14345\" srcset=\"https:\/\/marekkuchcinski.pl\/wp-content\/uploads\/2019\/03\/sz2-1024x705.jpg 1024w, https:\/\/marekkuchcinski.pl\/wp-content\/uploads\/2019\/03\/sz2-300x207.jpg 300w, https:\/\/marekkuchcinski.pl\/wp-content\/uploads\/2019\/03\/sz2-768x529.jpg 768w, https:\/\/marekkuchcinski.pl\/wp-content\/uploads\/2019\/03\/sz2.jpg 2048w\" sizes=\"(max-width: 1024px) 100vw, 1024px\" \/><\/figure>\n\n\n\n<figure class=\"wp-block-image\"><img loading=\"lazy\" decoding=\"async\" width=\"1024\" height=\"695\" src=\"https:\/\/marekkuchcinski.pl\/wp-content\/uploads\/2019\/03\/sz3-2-1024x695.jpg\" alt=\"\" class=\"wp-image-14346\" srcset=\"https:\/\/marekkuchcinski.pl\/wp-content\/uploads\/2019\/03\/sz3-2-1024x695.jpg 1024w, https:\/\/marekkuchcinski.pl\/wp-content\/uploads\/2019\/03\/sz3-2-300x204.jpg 300w, https:\/\/marekkuchcinski.pl\/wp-content\/uploads\/2019\/03\/sz3-2-768x521.jpg 768w, https:\/\/marekkuchcinski.pl\/wp-content\/uploads\/2019\/03\/sz3-2.jpg 2048w\" sizes=\"(max-width: 1024px) 100vw, 1024px\" \/><\/figure>","protected":false},"excerpt":{"rendered":"<p>W sobot\u0119 podczas mszy \u015bw. metropolita przemyski abp Adam Szal po\u015bwi\u0119ci\u0142 sztandar Prawa i Sprawiedliwo\u015bci. W przywo\u0142ywanym podczas kazania psalmie 33 mowa o tym, \u017ce: &#8222;S\u0142owo Pana jest prawe, a ka\u017cde Jego dzie\u0142o godne zaufania. On mi\u0142uje prawo i sprawiedliwo\u015b\u0107 ,ziemia jest pe\u0142na Jego \u0142aski\u201d. W psalmie 119 czytamy, \u017ce szcz\u0119\u015bliwi s\u0105 ci, kt\u00f3rych droga [&hellip;]<\/p>","protected":false},"author":6,"featured_media":14356,"comment_status":"open","ping_status":"open","sticky":false,"template":"","format":"standard","meta":{"ngg_post_thumbnail":0,"footnotes":""},"categories":[49,82,3],"tags":[],"class_list":["post-14317","post","type-post","status-publish","format-standard","has-post-thumbnail","hentry","category-podkarpacie","category-prawo-i-sprawiedliwosc","category-wydarzenia"],"yoast_head":"<!-- This site is optimized with the Yoast SEO plugin v24.7 - https:\/\/yoast.com\/wordpress\/plugins\/seo\/ -->\n<title>Przemyski PiS zjednoczony pod wsp\u00f3lnym sztandarem &#8211; Marek Kuchci\u0144ski<\/title>\n<meta name=\"robots\" content=\"index, follow, max-snippet:-1, max-image-preview:large, max-video-preview:-1\" \/>\n<link rel=\"canonical\" href=\"https:\/\/marekkuchcinski.pl\/cs\/wydarzenia\/przemyski-pis-zjednoczony-pod-wspolnym-sztandarem\/\" \/>\n<meta property=\"og:locale\" content=\"cs_CZ\" \/>\n<meta property=\"og:type\" content=\"article\" \/>\n<meta property=\"og:title\" content=\"Przemyski PiS zjednoczony pod wsp\u00f3lnym sztandarem &#8211; Marek Kuchci\u0144ski\" \/>\n<meta property=\"og:description\" content=\"W sobot\u0119 podczas mszy \u015bw. metropolita przemyski abp Adam Szal po\u015bwi\u0119ci\u0142 sztandar Prawa i Sprawiedliwo\u015bci. W przywo\u0142ywanym podczas kazania psalmie 33 mowa o tym, \u017ce: &#8222;S\u0142owo Pana jest prawe, a ka\u017cde Jego dzie\u0142o godne zaufania. On mi\u0142uje prawo i sprawiedliwo\u015b\u0107 ,ziemia jest pe\u0142na Jego \u0142aski\u201d. W psalmie 119 czytamy, \u017ce szcz\u0119\u015bliwi s\u0105 ci, kt\u00f3rych droga [&hellip;]\" \/>\n<meta property=\"og:url\" content=\"https:\/\/marekkuchcinski.pl\/cs\/wydarzenia\/przemyski-pis-zjednoczony-pod-wspolnym-sztandarem\/\" \/>\n<meta property=\"og:site_name\" content=\"Marek Kuchci\u0144ski\" \/>\n<meta property=\"article:published_time\" content=\"2019-03-31T16:02:52+00:00\" \/>\n<meta property=\"article:modified_time\" content=\"2019-04-02T09:09:36+00:00\" \/>\n<meta property=\"og:image\" content=\"https:\/\/marekkuchcinski.pl\/wp-content\/uploads\/2019\/03\/IMG_0699.jpg\" \/>\n\t<meta property=\"og:image:width\" content=\"2048\" \/>\n\t<meta property=\"og:image:height\" content=\"1401\" \/>\n\t<meta property=\"og:image:type\" content=\"image\/jpeg\" \/>\n<meta name=\"author\" content=\"admin\" \/>\n<meta name=\"twitter:card\" content=\"summary_large_image\" \/>\n<meta name=\"twitter:label1\" content=\"Napsal(a)\" \/>\n\t<meta name=\"twitter:data1\" content=\"admin\" \/>\n\t<meta name=\"twitter:label2\" content=\"Odhadovan\u00e1 doba \u010dten\u00ed\" \/>\n\t<meta name=\"twitter:data2\" content=\"2 minuty\" \/>\n<script type=\"application\/ld+json\" class=\"yoast-schema-graph\">{\"@context\":\"https:\/\/schema.org\",\"@graph\":[{\"@type\":\"Article\",\"@id\":\"https:\/\/marekkuchcinski.pl\/sk\/wydarzenia\/przemyski-pis-zjednoczony-pod-wspolnym-sztandarem\/#article\",\"isPartOf\":{\"@id\":\"https:\/\/marekkuchcinski.pl\/sk\/wydarzenia\/przemyski-pis-zjednoczony-pod-wspolnym-sztandarem\/\"},\"author\":{\"name\":\"admin\",\"@id\":\"https:\/\/marekkuchcinski.pl\/#\/schema\/person\/6f62700996b4d950b6ea2d1183b6c6be\"},\"headline\":\"Przemyski PiS zjednoczony pod wsp\u00f3lnym sztandarem\",\"datePublished\":\"2019-03-31T16:02:52+00:00\",\"dateModified\":\"2019-04-02T09:09:36+00:00\",\"mainEntityOfPage\":{\"@id\":\"https:\/\/marekkuchcinski.pl\/sk\/wydarzenia\/przemyski-pis-zjednoczony-pod-wspolnym-sztandarem\/\"},\"wordCount\":437,\"commentCount\":0,\"publisher\":{\"@id\":\"https:\/\/marekkuchcinski.pl\/#organization\"},\"image\":{\"@id\":\"https:\/\/marekkuchcinski.pl\/sk\/wydarzenia\/przemyski-pis-zjednoczony-pod-wspolnym-sztandarem\/#primaryimage\"},\"thumbnailUrl\":\"https:\/\/marekkuchcinski.pl\/wp-content\/uploads\/2019\/03\/IMG_0699.jpg\",\"articleSection\":[\"Podkarpacie\",\"Prawo i Sprawiedliwo\u015b\u0107\",\"Wydarzenia\"],\"inLanguage\":\"cs\",\"potentialAction\":[{\"@type\":\"CommentAction\",\"name\":\"Comment\",\"target\":[\"https:\/\/marekkuchcinski.pl\/sk\/wydarzenia\/przemyski-pis-zjednoczony-pod-wspolnym-sztandarem\/#respond\"]}]},{\"@type\":\"WebPage\",\"@id\":\"https:\/\/marekkuchcinski.pl\/sk\/wydarzenia\/przemyski-pis-zjednoczony-pod-wspolnym-sztandarem\/\",\"url\":\"https:\/\/marekkuchcinski.pl\/sk\/wydarzenia\/przemyski-pis-zjednoczony-pod-wspolnym-sztandarem\/\",\"name\":\"Przemyski PiS zjednoczony pod wsp\u00f3lnym sztandarem &#8211; Marek Kuchci\u0144ski\",\"isPartOf\":{\"@id\":\"https:\/\/marekkuchcinski.pl\/#website\"},\"primaryImageOfPage\":{\"@id\":\"https:\/\/marekkuchcinski.pl\/sk\/wydarzenia\/przemyski-pis-zjednoczony-pod-wspolnym-sztandarem\/#primaryimage\"},\"image\":{\"@id\":\"https:\/\/marekkuchcinski.pl\/sk\/wydarzenia\/przemyski-pis-zjednoczony-pod-wspolnym-sztandarem\/#primaryimage\"},\"thumbnailUrl\":\"https:\/\/marekkuchcinski.pl\/wp-content\/uploads\/2019\/03\/IMG_0699.jpg\",\"datePublished\":\"2019-03-31T16:02:52+00:00\",\"dateModified\":\"2019-04-02T09:09:36+00:00\",\"breadcrumb\":{\"@id\":\"https:\/\/marekkuchcinski.pl\/sk\/wydarzenia\/przemyski-pis-zjednoczony-pod-wspolnym-sztandarem\/#breadcrumb\"},\"inLanguage\":\"cs\",\"potentialAction\":[{\"@type\":\"ReadAction\",\"target\":[\"https:\/\/marekkuchcinski.pl\/sk\/wydarzenia\/przemyski-pis-zjednoczony-pod-wspolnym-sztandarem\/\"]}]},{\"@type\":\"ImageObject\",\"inLanguage\":\"cs\",\"@id\":\"https:\/\/marekkuchcinski.pl\/sk\/wydarzenia\/przemyski-pis-zjednoczony-pod-wspolnym-sztandarem\/#primaryimage\",\"url\":\"https:\/\/marekkuchcinski.pl\/wp-content\/uploads\/2019\/03\/IMG_0699.jpg\",\"contentUrl\":\"https:\/\/marekkuchcinski.pl\/wp-content\/uploads\/2019\/03\/IMG_0699.jpg\",\"width\":2048,\"height\":1401},{\"@type\":\"BreadcrumbList\",\"@id\":\"https:\/\/marekkuchcinski.pl\/sk\/wydarzenia\/przemyski-pis-zjednoczony-pod-wspolnym-sztandarem\/#breadcrumb\",\"itemListElement\":[{\"@type\":\"ListItem\",\"position\":1,\"name\":\"Strona g\u0142\u00f3wna\",\"item\":\"https:\/\/marekkuchcinski.pl\/\"},{\"@type\":\"ListItem\",\"position\":2,\"name\":\"Przemyski PiS zjednoczony pod wsp\u00f3lnym sztandarem\"}]},{\"@type\":\"WebSite\",\"@id\":\"https:\/\/marekkuchcinski.pl\/#website\",\"url\":\"https:\/\/marekkuchcinski.pl\/\",\"name\":\"Marek Kuchci\u0144ski\",\"description\":\"Pose\u0142 na sejm RP &ndash; okr\u0119g nr 22\",\"publisher\":{\"@id\":\"https:\/\/marekkuchcinski.pl\/#organization\"},\"potentialAction\":[{\"@type\":\"SearchAction\",\"target\":{\"@type\":\"EntryPoint\",\"urlTemplate\":\"https:\/\/marekkuchcinski.pl\/?s={search_term_string}\"},\"query-input\":{\"@type\":\"PropertyValueSpecification\",\"valueRequired\":true,\"valueName\":\"search_term_string\"}}],\"inLanguage\":\"cs\"},{\"@type\":\"Organization\",\"@id\":\"https:\/\/marekkuchcinski.pl\/#organization\",\"name\":\"Marek Kuchci\u0144ski\",\"url\":\"https:\/\/marekkuchcinski.pl\/\",\"logo\":{\"@type\":\"ImageObject\",\"inLanguage\":\"cs\",\"@id\":\"https:\/\/marekkuchcinski.pl\/#\/schema\/logo\/image\/\",\"url\":\"https:\/\/marekkuchcinski.pl\/wp-content\/uploads\/2022\/09\/Marek.jpg\",\"contentUrl\":\"https:\/\/marekkuchcinski.pl\/wp-content\/uploads\/2022\/09\/Marek.jpg\",\"width\":1600,\"height\":971,\"caption\":\"Marek Kuchci\u0144ski\"},\"image\":{\"@id\":\"https:\/\/marekkuchcinski.pl\/#\/schema\/logo\/image\/\"}},{\"@type\":\"Person\",\"@id\":\"https:\/\/marekkuchcinski.pl\/#\/schema\/person\/6f62700996b4d950b6ea2d1183b6c6be\",\"name\":\"admin\",\"image\":{\"@type\":\"ImageObject\",\"inLanguage\":\"cs\",\"@id\":\"https:\/\/marekkuchcinski.pl\/#\/schema\/person\/image\/\",\"url\":\"https:\/\/secure.gravatar.com\/avatar\/4bab693b9d55c3d6b52c0296a8765085?s=96&d=mm&r=g\",\"contentUrl\":\"https:\/\/secure.gravatar.com\/avatar\/4bab693b9d55c3d6b52c0296a8765085?s=96&d=mm&r=g\",\"caption\":\"admin\"},\"url\":\"https:\/\/marekkuchcinski.pl\/cs\/author\/marta-olejnik\/\"}]}<\/script>\n<!-- \/ Yoast SEO plugin. -->","yoast_head_json":{"title":"Przemyski PiS zjednoczony pod wsp\u00f3lnym sztandarem &#8211; Marek Kuchci\u0144ski","robots":{"index":"index","follow":"follow","max-snippet":"max-snippet:-1","max-image-preview":"max-image-preview:large","max-video-preview":"max-video-preview:-1"},"canonical":"https:\/\/marekkuchcinski.pl\/cs\/wydarzenia\/przemyski-pis-zjednoczony-pod-wspolnym-sztandarem\/","og_locale":"cs_CZ","og_type":"article","og_title":"Przemyski PiS zjednoczony pod wsp\u00f3lnym sztandarem &#8211; Marek Kuchci\u0144ski","og_description":"W sobot\u0119 podczas mszy \u015bw. metropolita przemyski abp Adam Szal po\u015bwi\u0119ci\u0142 sztandar Prawa i Sprawiedliwo\u015bci. W przywo\u0142ywanym podczas kazania psalmie 33 mowa o tym, \u017ce: &#8222;S\u0142owo Pana jest prawe, a ka\u017cde Jego dzie\u0142o godne zaufania. On mi\u0142uje prawo i sprawiedliwo\u015b\u0107 ,ziemia jest pe\u0142na Jego \u0142aski\u201d. W psalmie 119 czytamy, \u017ce szcz\u0119\u015bliwi s\u0105 ci, kt\u00f3rych droga [&hellip;]","og_url":"https:\/\/marekkuchcinski.pl\/cs\/wydarzenia\/przemyski-pis-zjednoczony-pod-wspolnym-sztandarem\/","og_site_name":"Marek Kuchci\u0144ski","article_published_time":"2019-03-31T16:02:52+00:00","article_modified_time":"2019-04-02T09:09:36+00:00","og_image":[{"width":2048,"height":1401,"url":"https:\/\/marekkuchcinski.pl\/wp-content\/uploads\/2019\/03\/IMG_0699.jpg","type":"image\/jpeg"}],"author":"admin","twitter_card":"summary_large_image","twitter_misc":{"Napsal(a)":"admin","Odhadovan\u00e1 doba \u010dten\u00ed":"2 minuty"},"schema":{"@context":"https:\/\/schema.org","@graph":[{"@type":"Article","@id":"https:\/\/marekkuchcinski.pl\/sk\/wydarzenia\/przemyski-pis-zjednoczony-pod-wspolnym-sztandarem\/#article","isPartOf":{"@id":"https:\/\/marekkuchcinski.pl\/sk\/wydarzenia\/przemyski-pis-zjednoczony-pod-wspolnym-sztandarem\/"},"author":{"name":"admin","@id":"https:\/\/marekkuchcinski.pl\/#\/schema\/person\/6f62700996b4d950b6ea2d1183b6c6be"},"headline":"Przemyski PiS zjednoczony pod wsp\u00f3lnym sztandarem","datePublished":"2019-03-31T16:02:52+00:00","dateModified":"2019-04-02T09:09:36+00:00","mainEntityOfPage":{"@id":"https:\/\/marekkuchcinski.pl\/sk\/wydarzenia\/przemyski-pis-zjednoczony-pod-wspolnym-sztandarem\/"},"wordCount":437,"commentCount":0,"publisher":{"@id":"https:\/\/marekkuchcinski.pl\/#organization"},"image":{"@id":"https:\/\/marekkuchcinski.pl\/sk\/wydarzenia\/przemyski-pis-zjednoczony-pod-wspolnym-sztandarem\/#primaryimage"},"thumbnailUrl":"https:\/\/marekkuchcinski.pl\/wp-content\/uploads\/2019\/03\/IMG_0699.jpg","articleSection":["Podkarpacie","Prawo i Sprawiedliwo\u015b\u0107","Wydarzenia"],"inLanguage":"cs","potentialAction":[{"@type":"CommentAction","name":"Comment","target":["https:\/\/marekkuchcinski.pl\/sk\/wydarzenia\/przemyski-pis-zjednoczony-pod-wspolnym-sztandarem\/#respond"]}]},{"@type":"WebPage","@id":"https:\/\/marekkuchcinski.pl\/sk\/wydarzenia\/przemyski-pis-zjednoczony-pod-wspolnym-sztandarem\/","url":"https:\/\/marekkuchcinski.pl\/sk\/wydarzenia\/przemyski-pis-zjednoczony-pod-wspolnym-sztandarem\/","name":"Przemyski PiS zjednoczony pod wsp\u00f3lnym sztandarem &#8211; Marek Kuchci\u0144ski","isPartOf":{"@id":"https:\/\/marekkuchcinski.pl\/#website"},"primaryImageOfPage":{"@id":"https:\/\/marekkuchcinski.pl\/sk\/wydarzenia\/przemyski-pis-zjednoczony-pod-wspolnym-sztandarem\/#primaryimage"},"image":{"@id":"https:\/\/marekkuchcinski.pl\/sk\/wydarzenia\/przemyski-pis-zjednoczony-pod-wspolnym-sztandarem\/#primaryimage"},"thumbnailUrl":"https:\/\/marekkuchcinski.pl\/wp-content\/uploads\/2019\/03\/IMG_0699.jpg","datePublished":"2019-03-31T16:02:52+00:00","dateModified":"2019-04-02T09:09:36+00:00","breadcrumb":{"@id":"https:\/\/marekkuchcinski.pl\/sk\/wydarzenia\/przemyski-pis-zjednoczony-pod-wspolnym-sztandarem\/#breadcrumb"},"inLanguage":"cs","potentialAction":[{"@type":"ReadAction","target":["https:\/\/marekkuchcinski.pl\/sk\/wydarzenia\/przemyski-pis-zjednoczony-pod-wspolnym-sztandarem\/"]}]},{"@type":"ImageObject","inLanguage":"cs","@id":"https:\/\/marekkuchcinski.pl\/sk\/wydarzenia\/przemyski-pis-zjednoczony-pod-wspolnym-sztandarem\/#primaryimage","url":"https:\/\/marekkuchcinski.pl\/wp-content\/uploads\/2019\/03\/IMG_0699.jpg","contentUrl":"https:\/\/marekkuchcinski.pl\/wp-content\/uploads\/2019\/03\/IMG_0699.jpg","width":2048,"height":1401},{"@type":"BreadcrumbList","@id":"https:\/\/marekkuchcinski.pl\/sk\/wydarzenia\/przemyski-pis-zjednoczony-pod-wspolnym-sztandarem\/#breadcrumb","itemListElement":[{"@type":"ListItem","position":1,"name":"Strona g\u0142\u00f3wna","item":"https:\/\/marekkuchcinski.pl\/"},{"@type":"ListItem","position":2,"name":"Przemyski PiS zjednoczony pod wsp\u00f3lnym sztandarem"}]},{"@type":"WebSite","@id":"https:\/\/marekkuchcinski.pl\/#website","url":"https:\/\/marekkuchcinski.pl\/","name":"Marek Kuchci\u0144ski","description":"Pose\u0142 na sejm RP &ndash; okr\u0119g nr 22","publisher":{"@id":"https:\/\/marekkuchcinski.pl\/#organization"},"potentialAction":[{"@type":"SearchAction","target":{"@type":"EntryPoint","urlTemplate":"https:\/\/marekkuchcinski.pl\/?s={search_term_string}"},"query-input":{"@type":"PropertyValueSpecification","valueRequired":true,"valueName":"search_term_string"}}],"inLanguage":"cs"},{"@type":"Organization","@id":"https:\/\/marekkuchcinski.pl\/#organization","name":"Marek Kuchci\u0144ski","url":"https:\/\/marekkuchcinski.pl\/","logo":{"@type":"ImageObject","inLanguage":"cs","@id":"https:\/\/marekkuchcinski.pl\/#\/schema\/logo\/image\/","url":"https:\/\/marekkuchcinski.pl\/wp-content\/uploads\/2022\/09\/Marek.jpg","contentUrl":"https:\/\/marekkuchcinski.pl\/wp-content\/uploads\/2022\/09\/Marek.jpg","width":1600,"height":971,"caption":"Marek Kuchci\u0144ski"},"image":{"@id":"https:\/\/marekkuchcinski.pl\/#\/schema\/logo\/image\/"}},{"@type":"Person","@id":"https:\/\/marekkuchcinski.pl\/#\/schema\/person\/6f62700996b4d950b6ea2d1183b6c6be","name":"admin","image":{"@type":"ImageObject","inLanguage":"cs","@id":"https:\/\/marekkuchcinski.pl\/#\/schema\/person\/image\/","url":"https:\/\/secure.gravatar.com\/avatar\/4bab693b9d55c3d6b52c0296a8765085?s=96&d=mm&r=g","contentUrl":"https:\/\/secure.gravatar.com\/avatar\/4bab693b9d55c3d6b52c0296a8765085?s=96&d=mm&r=g","caption":"admin"},"url":"https:\/\/marekkuchcinski.pl\/cs\/author\/marta-olejnik\/"}]}},"_links":{"self":[{"href":"https:\/\/marekkuchcinski.pl\/cs\/wp-json\/wp\/v2\/posts\/14317","targetHints":{"allow":["GET"]}}],"collection":[{"href":"https:\/\/marekkuchcinski.pl\/cs\/wp-json\/wp\/v2\/posts"}],"about":[{"href":"https:\/\/marekkuchcinski.pl\/cs\/wp-json\/wp\/v2\/types\/post"}],"author":[{"embeddable":true,"href":"https:\/\/marekkuchcinski.pl\/cs\/wp-json\/wp\/v2\/users\/6"}],"replies":[{"embeddable":true,"href":"https:\/\/marekkuchcinski.pl\/cs\/wp-json\/wp\/v2\/comments?post=14317"}],"version-history":[{"count":16,"href":"https:\/\/marekkuchcinski.pl\/cs\/wp-json\/wp\/v2\/posts\/14317\/revisions"}],"predecessor-version":[{"id":14421,"href":"https:\/\/marekkuchcinski.pl\/cs\/wp-json\/wp\/v2\/posts\/14317\/revisions\/14421"}],"wp:featuredmedia":[{"embeddable":true,"href":"https:\/\/marekkuchcinski.pl\/cs\/wp-json\/wp\/v2\/media\/14356"}],"wp:attachment":[{"href":"https:\/\/marekkuchcinski.pl\/cs\/wp-json\/wp\/v2\/media?parent=14317"}],"wp:term":[{"taxonomy":"category","embeddable":true,"href":"https:\/\/marekkuchcinski.pl\/cs\/wp-json\/wp\/v2\/categories?post=14317"},{"taxonomy":"post_tag","embeddable":true,"href":"https:\/\/marekkuchcinski.pl\/cs\/wp-json\/wp\/v2\/tags?post=14317"}],"curies":[{"name":"wp","href":"https:\/\/api.w.org\/{rel}","templated":true}]}}