{"id":14234,"date":"2019-03-29T13:16:52","date_gmt":"2019-03-29T12:16:52","guid":{"rendered":"https:\/\/marekkuchcinski.pl\/?p=14234"},"modified":"2019-03-29T14:45:54","modified_gmt":"2019-03-29T13:45:54","slug":"5-kaczynskiego-bardzo-pozytywny-odbior-polakow-i-nadzieja-na-lepsze-jutro","status":"publish","type":"post","link":"https:\/\/marekkuchcinski.pl\/cs\/wydarzenia\/5-kaczynskiego-bardzo-pozytywny-odbior-polakow-i-nadzieja-na-lepsze-jutro\/","title":{"rendered":"Kaczy\u0144sk\u00e9ho p\u011btka - pozitivn\u00ed p\u0159ijet\u00ed a velk\u00fd kredit"},"content":{"rendered":"<p class=\"wp-block-paragraph\">45 procent respondent\u016f pr\u016fzkumu CBOS se domn\u00edv\u00e1, \u017ee polsk\u00fd st\u00e1t si m\u016f\u017ee dovolit realizovat Kaczy\u0144sk\u00e9ho p\u011btku. Ve\u0159ejnost vn\u00edm\u00e1 vyhl\u00e1\u0161en\u00e9 programy velmi dob\u0159e, nejvy\u0161\u0161\u00ed hodnocen\u00ed m\u00e1 podpora star\u0161\u00edch osob - d\u016fchodc\u016f - tj. t\u0159in\u00e1ct\u00fd d\u016fchod, kter\u00fd bude \u010dinit 1100 PLN hrub\u00e9ho (888,25 PLN \u010dist\u00e9ho). <\/p>\n\n\n\n<p class=\"wp-block-paragraph\">N\u00e1vrh z\u00e1kona Ministerstva rodiny, pr\u00e1ce a soci\u00e1ln\u00ed politiky se t\u00fdk\u00e1 milion\u016f lid\u00ed. Mnoz\u00ed z nich, p\u0159esto\u017ee v\u011bt\u0161inu \u017eivota pracovali, pe\u010dliv\u011b po\u010d\u00edtaj\u00ed sv\u00e9 zlot\u00e9 - utr\u00e1cej\u00ed za sv\u00e9 zdrav\u00ed nebo pom\u00e1haj\u00ed rodin\u011b...<\/p>\n\n\n\n<p class=\"wp-block-paragraph\">V d\u016fvodov\u00e9 zpr\u00e1v\u011b k z\u00e1konu ministerstvo vysv\u011btluje, \u017ee \u00fa\u010delem jednor\u00e1zov\u00e9 pen\u011b\u017en\u00ed d\u00e1vky je krom\u011b pomoci d\u016fchodc\u016fm zejm\u00e9na sn\u00ed\u017een\u00ed majetkov\u00fdch rozd\u00edl\u016f ve spole\u010dnosti. P\u0159esto\u017ee v posledn\u00edch letech bylo provedeno mnoho zm\u011bn na ochranu v\u00fd\u0161e d\u016fchodov\u00fdch d\u00e1vek, je tato pomoc st\u00e1le pova\u017eov\u00e1na za nedostate\u010dnou.<\/p>\n\n\n\n<p class=\"wp-block-paragraph\"> Pokud parlament n\u00e1vrh podpo\u0159\u00ed a prezident jej podep\u00ed\u0161e, bude t\u0159in\u00e1ct\u00e1 spl\u00e1tka vyplacena 1. kv\u011btna tohoto roku.  <\/p>\n\n\n\n<p class=\"wp-block-paragraph\"><\/p>\n\n\n\n<figure class=\"wp-block-image\"><img fetchpriority=\"high\" decoding=\"async\" width=\"1024\" height=\"661\" src=\"https:\/\/marekkuchcinski.pl\/wp-content\/uploads\/2019\/03\/CBOS-500-plus-1024x661.png\" alt=\"\" class=\"wp-image-14235\" srcset=\"https:\/\/marekkuchcinski.pl\/wp-content\/uploads\/2019\/03\/CBOS-500-plus-1024x661.png 1024w, https:\/\/marekkuchcinski.pl\/wp-content\/uploads\/2019\/03\/CBOS-500-plus-300x194.png 300w, https:\/\/marekkuchcinski.pl\/wp-content\/uploads\/2019\/03\/CBOS-500-plus-768x496.png 768w, https:\/\/marekkuchcinski.pl\/wp-content\/uploads\/2019\/03\/CBOS-500-plus.png 1028w\" sizes=\"(max-width: 1024px) 100vw, 1024px\" \/><\/figure>\n\n\n\n<figure class=\"wp-block-embed is-type-rich is-provider-marek-kuchcinski\"><div class=\"wp-block-embed__wrapper\">\n<blockquote class=\"wp-embedded-content\" data-secret=\"uxMRpOUno6\"><a href=\"https:\/\/marekkuchcinski.pl\/cs\/prawo-i-sprawiedliwosc\/dobry-program-laczy-polakow-piatke-kaczynskiego-pozytywnie-ocenia-zarowno-wiekszosc-wyborcow-pis\/\">Dobr\u00fd program Pol\u00e1ky spojuje. Kaczy\u0144sk\u00e9ho p\u011btku vn\u00edm\u00e1 pozitivn\u011b v\u011bt\u0161ina voli\u010d\u016f PiS i PO.<\/a><\/blockquote><iframe class=\"wp-embedded-content\" sandbox=\"allow-scripts\" security=\"restricted\" style=\"position: absolute; clip: rect(1px, 1px, 1px, 1px);\" title=\"&quot;Dobr\u00fd program Pol\u00e1ky spojuje. Kaczynsk\u00e9ho p\u011btku vn\u00edm\u00e1 pozitivn\u011b v\u011bt\u0161ina voli\u010d\u016f PiS i PO.&quot; - Marek Kuchcinski\" src=\"https:\/\/marekkuchcinski.pl\/prawo-i-sprawiedliwosc\/dobry-program-laczy-polakow-piatke-kaczynskiego-pozytywnie-ocenia-zarowno-wiekszosc-wyborcow-pis\/embed\/#?secret=uxMRpOUno6\" data-secret=\"uxMRpOUno6\" width=\"600\" height=\"338\" frameborder=\"0\" marginwidth=\"0\" marginheight=\"0\" scrolling=\"no\"><\/iframe>\n<\/div><\/figure>\n\n\n\n<ul class=\"wp-block-gallery columns-1 is-cropped wp-block-gallery-1 is-layout-flex wp-block-gallery-is-layout-flex\"><li class=\"blocks-gallery-item\"><figure><img decoding=\"async\" width=\"1024\" height=\"665\" src=\"https:\/\/marekkuchcinski.pl\/wp-content\/uploads\/2019\/03\/jk-5-plus-1-1024x665.jpg\" alt=\"\" data-id=\"14238\" data-link=\"https:\/\/marekkuchcinski.pl\/?attachment_id=14238\" class=\"wp-image-14238\" srcset=\"https:\/\/marekkuchcinski.pl\/wp-content\/uploads\/2019\/03\/jk-5-plus-1.jpg 1024w, https:\/\/marekkuchcinski.pl\/wp-content\/uploads\/2019\/03\/jk-5-plus-1-300x195.jpg 300w, https:\/\/marekkuchcinski.pl\/wp-content\/uploads\/2019\/03\/jk-5-plus-1-768x499.jpg 768w\" sizes=\"(max-width: 1024px) 100vw, 1024px\" \/><figcaption>Jaroslaw Kaczynski p\u0159i p\u0159edstaven\u00ed nov\u00e9 P\u011btky. Var\u0161ava, Expo, \u00fanor 2019<br>Foto: Marta Olejnik<\/figcaption><\/figure><\/li><\/ul>","protected":false},"excerpt":{"rendered":"<p>45 proc. ankietowanych przez CBOS uwa\u017ca, \u017ce pa\u0144stwo polskie sta\u0107 na realizacj\u0119 Pi\u0105tki Kaczy\u0144skiego. Spo\u0142eczny odbi\u00f3r zapowiadanych program\u00f3w jest bardzo dobry, a najwy\u017cej ocenia si\u0119 wsparcie dla ludzi starszych &#8211; emeryt\u00f3w i rencist\u00f3w &#8211; czyli trzynast\u0105 emerytur\u0119, kt\u00f3ra wyniesie 1100 z\u0142 brutto (888,25 z\u0142 netto). Projekt ustawy Ministerstwa Rodziny, Pracy i Polityki Spo\u0142ecznej dotyczy milion\u00f3w [&hellip;]<\/p>\n","protected":false},"author":6,"featured_media":14237,"comment_status":"open","ping_status":"open","sticky":false,"template":"","format":"standard","meta":{"ngg_post_thumbnail":0,"footnotes":""},"categories":[3],"tags":[],"class_list":["post-14234","post","type-post","status-publish","format-standard","has-post-thumbnail","hentry","category-wydarzenia"],"_links":{"self":[{"href":"https:\/\/marekkuchcinski.pl\/cs\/wp-json\/wp\/v2\/posts\/14234","targetHints":{"allow":["GET"]}}],"collection":[{"href":"https:\/\/marekkuchcinski.pl\/cs\/wp-json\/wp\/v2\/posts"}],"about":[{"href":"https:\/\/marekkuchcinski.pl\/cs\/wp-json\/wp\/v2\/types\/post"}],"author":[{"embeddable":true,"href":"https:\/\/marekkuchcinski.pl\/cs\/wp-json\/wp\/v2\/users\/6"}],"replies":[{"embeddable":true,"href":"https:\/\/marekkuchcinski.pl\/cs\/wp-json\/wp\/v2\/comments?post=14234"}],"version-history":[{"count":21,"href":"https:\/\/marekkuchcinski.pl\/cs\/wp-json\/wp\/v2\/posts\/14234\/revisions"}],"predecessor-version":[{"id":14265,"href":"https:\/\/marekkuchcinski.pl\/cs\/wp-json\/wp\/v2\/posts\/14234\/revisions\/14265"}],"wp:featuredmedia":[{"embeddable":true,"href":"https:\/\/marekkuchcinski.pl\/cs\/wp-json\/wp\/v2\/media\/14237"}],"wp:attachment":[{"href":"https:\/\/marekkuchcinski.pl\/cs\/wp-json\/wp\/v2\/media?parent=14234"}],"wp:term":[{"taxonomy":"category","embeddable":true,"href":"https:\/\/marekkuchcinski.pl\/cs\/wp-json\/wp\/v2\/categories?post=14234"},{"taxonomy":"post_tag","embeddable":true,"href":"https:\/\/marekkuchcinski.pl\/cs\/wp-json\/wp\/v2\/tags?post=14234"}],"curies":[{"name":"wp","href":"https:\/\/api.w.org\/{rel}","templated":true}]}}