{"id":14112,"date":"2019-03-25T14:58:54","date_gmt":"2019-03-25T13:58:54","guid":{"rendered":"https:\/\/marekkuchcinski.pl\/?p=14112"},"modified":"2019-03-25T15:01:55","modified_gmt":"2019-03-25T14:01:55","slug":"list-marszalka-sejmu-okazji-poswiecenia-oraz-otwarcie-pierwszej-polsce-parafialnej-instalacji-fotowoltaicznej","status":"publish","type":"post","link":"https:\/\/marekkuchcinski.pl\/cs\/bez-kategorii\/lms\/list-marszalka-sejmu-okazji-poswiecenia-oraz-otwarcie-pierwszej-polsce-parafialnej-instalacji-fotowoltaicznej\/","title":{"rendered":"Dopis p\u0159edsedy Sejmu u p\u0159\u00edle\u017eitosti vysv\u011bcen\u00ed a otev\u0159en\u00ed prvn\u00ed farn\u00ed fotovoltaick\u00e9 instalace v Polsku"},"content":{"rendered":"<p><strong>P\u00e1ter Krzysztof Kwiecinski<\/strong><\/p>\n<p><strong>Far\u00e1\u0159 farn\u00edho kostela <\/strong><\/p>\n<p><strong>Panna Maria \u010censtochovsk\u00e1 <\/strong><\/p>\n<p><strong>v Iskrzynii<\/strong><\/p>\n<p><strong>\u00a0<\/strong><\/p>\n<p><strong>Pan Kazimierz Jaworski <\/strong><\/p>\n<p><strong>Gener\u00e1ln\u00ed \u0159editel s\u00edt\u011b <\/strong><\/p>\n<p><strong>Solar Energy Parks Ltd.<\/strong><\/p>\n<p><strong>\u00a0<\/strong><\/p>\n<p>Velebn\u00fd pane far\u00e1\u0159i, v\u00e1\u017een\u00fd pane p\u0159edsedo,<\/p>\n<p>&nbsp;<\/p>\n<p>R\u00e1d bych v\u00e1m up\u0159\u00edmn\u011b pod\u011bkoval za pozv\u00e1n\u00ed na jedine\u010dnou slavnost - vysv\u011bcen\u00ed a otev\u0159en\u00ed prvn\u00ed farn\u00ed fotovoltaick\u00e9 instalace v Polsku. Informace o vyu\u017e\u00edv\u00e1n\u00ed inovativn\u00edch forem energie v Iskrzynii jsem p\u0159ijal se z\u00e1jmem a radost\u00ed.<\/p>\n<p>R\u00e1d bych pod\u011bkoval inici\u00e1tor\u016fm a v\u0161em, kte\u0159\u00ed se na tomto projektu pod\u00edleli. Jedn\u00e1 se o mimo\u0159\u00e1dn\u011b d\u016fle\u017eit\u00fd projekt, a to nejen z ekologick\u00e9ho, ale i soci\u00e1ln\u00edho a komunitn\u00edho hlediska.<\/p>\n<p>Svat\u00fd Jan Pavel II. v\u011bnoval ve sv\u00e9m u\u010den\u00ed velkou pozornost problematice ochrany p\u0159\u00edrodn\u00edho a lidsk\u00e9ho prost\u0159ed\u00ed. Uk\u00e1zal, \u017ee tyto dva rozm\u011bry se vz\u00e1jemn\u011b nevylu\u010duj\u00ed, ale jsou stejn\u011b d\u016fle\u017eit\u00e9 a dopl\u0148uj\u00ed se. Opakovan\u011b zd\u016fraznil, \u017ee p\u00e9\u010de o p\u0159\u00edrodu je povinnost\u00ed v\u0161ech lid\u00ed, proto\u017ee postupn\u00e1 degradace a zne\u010di\u0161\u0165ov\u00e1n\u00ed p\u016fdy, vody a ovzdu\u0161\u00ed m\u00e1 stejn\u011b negativn\u00ed d\u016fsledky pro obyvatele Zem\u011b. D\u016frazn\u011b vyzval ke spole\u010dn\u00e9 akci, kter\u00e1 by zastavila ni\u010den\u00ed p\u0159\u00edrodn\u00edho bohatstv\u00ed.<\/p>\n<p>Projekt farn\u00edch fotovoltaick\u00fdch instalac\u00ed je v souladu s poselstv\u00edm svat\u00e9ho Jana Pavla II. a jeho realizace v Iskrzynii je v\u00fdrazem odpov\u011bdnosti a z\u00e1jmu cel\u00e9 m\u00edstn\u00ed komunity o zachov\u00e1n\u00ed p\u0159\u00edrodn\u00edho d\u011bdictv\u00ed. Jsem p\u0159esv\u011bd\u010den, \u017ee fotovoltaick\u00e1 instalace p\u0159isp\u011bje jak k rozvoji Iskrzynie, tak k pos\u00edlen\u00ed komunitn\u00edch vazeb.<\/p>\n<p>Srde\u010dn\u011b v\u00e1s zdrav\u00edm a p\u0159ipojuji se k vyj\u00e1d\u0159en\u00ed \u00facty.<\/p>\n<p>&nbsp;<\/p>\n<p>&nbsp;<\/p>\n<p>&nbsp;<\/p>\n<p>Marek Kuchci\u0144ski<\/p>\n<p>&nbsp;<\/p>\n<p>&nbsp;<\/p>","protected":false},"excerpt":{"rendered":"<p>Ksi\u0105dz Krzysztof Kwieci\u0144ski Proboszcz Ko\u015bcio\u0142a Parafialnego Matki Bo\u017cej Cz\u0119stochowskiej w Iskrzyni \u00a0 Pan Kazimierz Jaworski Prezes Zarz\u0105du Sieci Park\u00f3w Energii S\u0142onecznych Sp. z o.o. \u00a0 Wielebny Ksi\u0119\u017ce Proboszczu, Szanowny Panie Prezesie, &nbsp; serdecznie dzi\u0119kuj\u0119 za zaproszenie na wyj\u0105tkow\u0105 uroczysto\u015b\u0107 \u2013 po\u015bwi\u0119cenie oraz otwarcie pierwszej w Polsce Parafialnej Instalacji Fotowoltaicznej. Informacj\u0119 o\u00a0\u00a0zastosowaniu innowacyjnych form energetyki w [&hellip;]<\/p>","protected":false},"author":6,"featured_media":14113,"comment_status":"open","ping_status":"open","sticky":false,"template":"","format":"standard","meta":{"ngg_post_thumbnail":0,"footnotes":""},"categories":[104],"tags":[],"class_list":["post-14112","post","type-post","status-publish","format-standard","has-post-thumbnail","hentry","category-lms"],"yoast_head":"<!-- This site is optimized with the Yoast SEO plugin v24.7 - https:\/\/yoast.com\/wordpress\/plugins\/seo\/ -->\n<title>List marsza\u0142ka Sejmu z okazji po\u015bwi\u0119cenia oraz otwarcie pierwszej w Polsce Parafialnej Instalacji Fotowoltaicznej &#8211; Marek Kuchci\u0144ski<\/title>\n<meta name=\"robots\" content=\"index, follow, max-snippet:-1, max-image-preview:large, max-video-preview:-1\" \/>\n<link rel=\"canonical\" href=\"https:\/\/marekkuchcinski.pl\/cs\/bez-kategorii\/lms\/list-marszalka-sejmu-okazji-poswiecenia-oraz-otwarcie-pierwszej-polsce-parafialnej-instalacji-fotowoltaicznej\/\" \/>\n<meta property=\"og:locale\" content=\"cs_CZ\" \/>\n<meta property=\"og:type\" content=\"article\" \/>\n<meta property=\"og:title\" content=\"List marsza\u0142ka Sejmu z okazji po\u015bwi\u0119cenia oraz otwarcie pierwszej w Polsce Parafialnej Instalacji Fotowoltaicznej &#8211; Marek Kuchci\u0144ski\" \/>\n<meta property=\"og:description\" content=\"Ksi\u0105dz Krzysztof Kwieci\u0144ski Proboszcz Ko\u015bcio\u0142a Parafialnego Matki Bo\u017cej Cz\u0119stochowskiej w Iskrzyni \u00a0 Pan Kazimierz Jaworski Prezes Zarz\u0105du Sieci Park\u00f3w Energii S\u0142onecznych Sp. z o.o. \u00a0 Wielebny Ksi\u0119\u017ce Proboszczu, Szanowny Panie Prezesie, &nbsp; serdecznie dzi\u0119kuj\u0119 za zaproszenie na wyj\u0105tkow\u0105 uroczysto\u015b\u0107 \u2013 po\u015bwi\u0119cenie oraz otwarcie pierwszej w Polsce Parafialnej Instalacji Fotowoltaicznej. Informacj\u0119 o\u00a0\u00a0zastosowaniu innowacyjnych form energetyki w [&hellip;]\" \/>\n<meta property=\"og:url\" content=\"https:\/\/marekkuchcinski.pl\/cs\/bez-kategorii\/lms\/list-marszalka-sejmu-okazji-poswiecenia-oraz-otwarcie-pierwszej-polsce-parafialnej-instalacji-fotowoltaicznej\/\" \/>\n<meta property=\"og:site_name\" content=\"Marek Kuchci\u0144ski\" \/>\n<meta property=\"article:published_time\" content=\"2019-03-25T13:58:54+00:00\" \/>\n<meta property=\"article:modified_time\" content=\"2019-03-25T14:01:55+00:00\" \/>\n<meta property=\"og:image\" content=\"https:\/\/marekkuchcinski.pl\/wp-content\/uploads\/2019\/03\/\u00a9_DSCF6504.jpg\" \/>\n\t<meta property=\"og:image:width\" content=\"2048\" \/>\n\t<meta property=\"og:image:height\" content=\"1955\" \/>\n\t<meta property=\"og:image:type\" content=\"image\/jpeg\" \/>\n<meta name=\"author\" content=\"admin\" \/>\n<meta name=\"twitter:card\" content=\"summary_large_image\" \/>\n<meta name=\"twitter:label1\" content=\"Napsal(a)\" \/>\n\t<meta name=\"twitter:data1\" content=\"admin\" \/>\n\t<meta name=\"twitter:label2\" content=\"Odhadovan\u00e1 doba \u010dten\u00ed\" \/>\n\t<meta name=\"twitter:data2\" content=\"1 minuta\" \/>\n<script type=\"application\/ld+json\" class=\"yoast-schema-graph\">{\"@context\":\"https:\/\/schema.org\",\"@graph\":[{\"@type\":\"Article\",\"@id\":\"https:\/\/marekkuchcinski.pl\/sk\/bez-kategorii\/lms\/list-marszalka-sejmu-okazji-poswiecenia-oraz-otwarcie-pierwszej-polsce-parafialnej-instalacji-fotowoltaicznej\/#article\",\"isPartOf\":{\"@id\":\"https:\/\/marekkuchcinski.pl\/sk\/bez-kategorii\/lms\/list-marszalka-sejmu-okazji-poswiecenia-oraz-otwarcie-pierwszej-polsce-parafialnej-instalacji-fotowoltaicznej\/\"},\"author\":{\"name\":\"admin\",\"@id\":\"https:\/\/marekkuchcinski.pl\/#\/schema\/person\/6f62700996b4d950b6ea2d1183b6c6be\"},\"headline\":\"List marsza\u0142ka Sejmu z okazji po\u015bwi\u0119cenia oraz otwarcie pierwszej w Polsce Parafialnej Instalacji Fotowoltaicznej\",\"datePublished\":\"2019-03-25T13:58:54+00:00\",\"dateModified\":\"2019-03-25T14:01:55+00:00\",\"mainEntityOfPage\":{\"@id\":\"https:\/\/marekkuchcinski.pl\/sk\/bez-kategorii\/lms\/list-marszalka-sejmu-okazji-poswiecenia-oraz-otwarcie-pierwszej-polsce-parafialnej-instalacji-fotowoltaicznej\/\"},\"wordCount\":298,\"commentCount\":0,\"publisher\":{\"@id\":\"https:\/\/marekkuchcinski.pl\/#organization\"},\"image\":{\"@id\":\"https:\/\/marekkuchcinski.pl\/sk\/bez-kategorii\/lms\/list-marszalka-sejmu-okazji-poswiecenia-oraz-otwarcie-pierwszej-polsce-parafialnej-instalacji-fotowoltaicznej\/#primaryimage\"},\"thumbnailUrl\":\"https:\/\/marekkuchcinski.pl\/wp-content\/uploads\/2019\/03\/\u00a9_DSCF6504.jpg\",\"articleSection\":[\"Listy Marsza\u0142ka Sejmu\"],\"inLanguage\":\"cs\",\"potentialAction\":[{\"@type\":\"CommentAction\",\"name\":\"Comment\",\"target\":[\"https:\/\/marekkuchcinski.pl\/sk\/bez-kategorii\/lms\/list-marszalka-sejmu-okazji-poswiecenia-oraz-otwarcie-pierwszej-polsce-parafialnej-instalacji-fotowoltaicznej\/#respond\"]}]},{\"@type\":\"WebPage\",\"@id\":\"https:\/\/marekkuchcinski.pl\/sk\/bez-kategorii\/lms\/list-marszalka-sejmu-okazji-poswiecenia-oraz-otwarcie-pierwszej-polsce-parafialnej-instalacji-fotowoltaicznej\/\",\"url\":\"https:\/\/marekkuchcinski.pl\/sk\/bez-kategorii\/lms\/list-marszalka-sejmu-okazji-poswiecenia-oraz-otwarcie-pierwszej-polsce-parafialnej-instalacji-fotowoltaicznej\/\",\"name\":\"List marsza\u0142ka Sejmu z okazji po\u015bwi\u0119cenia oraz otwarcie pierwszej w Polsce Parafialnej Instalacji Fotowoltaicznej &#8211; Marek Kuchci\u0144ski\",\"isPartOf\":{\"@id\":\"https:\/\/marekkuchcinski.pl\/#website\"},\"primaryImageOfPage\":{\"@id\":\"https:\/\/marekkuchcinski.pl\/sk\/bez-kategorii\/lms\/list-marszalka-sejmu-okazji-poswiecenia-oraz-otwarcie-pierwszej-polsce-parafialnej-instalacji-fotowoltaicznej\/#primaryimage\"},\"image\":{\"@id\":\"https:\/\/marekkuchcinski.pl\/sk\/bez-kategorii\/lms\/list-marszalka-sejmu-okazji-poswiecenia-oraz-otwarcie-pierwszej-polsce-parafialnej-instalacji-fotowoltaicznej\/#primaryimage\"},\"thumbnailUrl\":\"https:\/\/marekkuchcinski.pl\/wp-content\/uploads\/2019\/03\/\u00a9_DSCF6504.jpg\",\"datePublished\":\"2019-03-25T13:58:54+00:00\",\"dateModified\":\"2019-03-25T14:01:55+00:00\",\"breadcrumb\":{\"@id\":\"https:\/\/marekkuchcinski.pl\/sk\/bez-kategorii\/lms\/list-marszalka-sejmu-okazji-poswiecenia-oraz-otwarcie-pierwszej-polsce-parafialnej-instalacji-fotowoltaicznej\/#breadcrumb\"},\"inLanguage\":\"cs\",\"potentialAction\":[{\"@type\":\"ReadAction\",\"target\":[\"https:\/\/marekkuchcinski.pl\/sk\/bez-kategorii\/lms\/list-marszalka-sejmu-okazji-poswiecenia-oraz-otwarcie-pierwszej-polsce-parafialnej-instalacji-fotowoltaicznej\/\"]}]},{\"@type\":\"ImageObject\",\"inLanguage\":\"cs\",\"@id\":\"https:\/\/marekkuchcinski.pl\/sk\/bez-kategorii\/lms\/list-marszalka-sejmu-okazji-poswiecenia-oraz-otwarcie-pierwszej-polsce-parafialnej-instalacji-fotowoltaicznej\/#primaryimage\",\"url\":\"https:\/\/marekkuchcinski.pl\/wp-content\/uploads\/2019\/03\/\u00a9_DSCF6504.jpg\",\"contentUrl\":\"https:\/\/marekkuchcinski.pl\/wp-content\/uploads\/2019\/03\/\u00a9_DSCF6504.jpg\",\"width\":2048,\"height\":1955},{\"@type\":\"BreadcrumbList\",\"@id\":\"https:\/\/marekkuchcinski.pl\/sk\/bez-kategorii\/lms\/list-marszalka-sejmu-okazji-poswiecenia-oraz-otwarcie-pierwszej-polsce-parafialnej-instalacji-fotowoltaicznej\/#breadcrumb\",\"itemListElement\":[{\"@type\":\"ListItem\",\"position\":1,\"name\":\"Strona g\u0142\u00f3wna\",\"item\":\"https:\/\/marekkuchcinski.pl\/\"},{\"@type\":\"ListItem\",\"position\":2,\"name\":\"List marsza\u0142ka Sejmu z okazji po\u015bwi\u0119cenia oraz otwarcie pierwszej w Polsce Parafialnej Instalacji Fotowoltaicznej\"}]},{\"@type\":\"WebSite\",\"@id\":\"https:\/\/marekkuchcinski.pl\/#website\",\"url\":\"https:\/\/marekkuchcinski.pl\/\",\"name\":\"Marek Kuchci\u0144ski\",\"description\":\"Pose\u0142 na sejm RP &ndash; okr\u0119g nr 22\",\"publisher\":{\"@id\":\"https:\/\/marekkuchcinski.pl\/#organization\"},\"potentialAction\":[{\"@type\":\"SearchAction\",\"target\":{\"@type\":\"EntryPoint\",\"urlTemplate\":\"https:\/\/marekkuchcinski.pl\/?s={search_term_string}\"},\"query-input\":{\"@type\":\"PropertyValueSpecification\",\"valueRequired\":true,\"valueName\":\"search_term_string\"}}],\"inLanguage\":\"cs\"},{\"@type\":\"Organization\",\"@id\":\"https:\/\/marekkuchcinski.pl\/#organization\",\"name\":\"Marek Kuchci\u0144ski\",\"url\":\"https:\/\/marekkuchcinski.pl\/\",\"logo\":{\"@type\":\"ImageObject\",\"inLanguage\":\"cs\",\"@id\":\"https:\/\/marekkuchcinski.pl\/#\/schema\/logo\/image\/\",\"url\":\"https:\/\/marekkuchcinski.pl\/wp-content\/uploads\/2022\/09\/Marek.jpg\",\"contentUrl\":\"https:\/\/marekkuchcinski.pl\/wp-content\/uploads\/2022\/09\/Marek.jpg\",\"width\":1600,\"height\":971,\"caption\":\"Marek Kuchci\u0144ski\"},\"image\":{\"@id\":\"https:\/\/marekkuchcinski.pl\/#\/schema\/logo\/image\/\"}},{\"@type\":\"Person\",\"@id\":\"https:\/\/marekkuchcinski.pl\/#\/schema\/person\/6f62700996b4d950b6ea2d1183b6c6be\",\"name\":\"admin\",\"image\":{\"@type\":\"ImageObject\",\"inLanguage\":\"cs\",\"@id\":\"https:\/\/marekkuchcinski.pl\/#\/schema\/person\/image\/\",\"url\":\"https:\/\/secure.gravatar.com\/avatar\/4bab693b9d55c3d6b52c0296a8765085?s=96&d=mm&r=g\",\"contentUrl\":\"https:\/\/secure.gravatar.com\/avatar\/4bab693b9d55c3d6b52c0296a8765085?s=96&d=mm&r=g\",\"caption\":\"admin\"},\"url\":\"https:\/\/marekkuchcinski.pl\/cs\/author\/marta-olejnik\/\"}]}<\/script>\n<!-- \/ Yoast SEO plugin. -->","yoast_head_json":{"title":"List marsza\u0142ka Sejmu z okazji po\u015bwi\u0119cenia oraz otwarcie pierwszej w Polsce Parafialnej Instalacji Fotowoltaicznej &#8211; Marek Kuchci\u0144ski","robots":{"index":"index","follow":"follow","max-snippet":"max-snippet:-1","max-image-preview":"max-image-preview:large","max-video-preview":"max-video-preview:-1"},"canonical":"https:\/\/marekkuchcinski.pl\/cs\/bez-kategorii\/lms\/list-marszalka-sejmu-okazji-poswiecenia-oraz-otwarcie-pierwszej-polsce-parafialnej-instalacji-fotowoltaicznej\/","og_locale":"cs_CZ","og_type":"article","og_title":"List marsza\u0142ka Sejmu z okazji po\u015bwi\u0119cenia oraz otwarcie pierwszej w Polsce Parafialnej Instalacji Fotowoltaicznej &#8211; Marek Kuchci\u0144ski","og_description":"Ksi\u0105dz Krzysztof Kwieci\u0144ski Proboszcz Ko\u015bcio\u0142a Parafialnego Matki Bo\u017cej Cz\u0119stochowskiej w Iskrzyni \u00a0 Pan Kazimierz Jaworski Prezes Zarz\u0105du Sieci Park\u00f3w Energii S\u0142onecznych Sp. z o.o. \u00a0 Wielebny Ksi\u0119\u017ce Proboszczu, Szanowny Panie Prezesie, &nbsp; serdecznie dzi\u0119kuj\u0119 za zaproszenie na wyj\u0105tkow\u0105 uroczysto\u015b\u0107 \u2013 po\u015bwi\u0119cenie oraz otwarcie pierwszej w Polsce Parafialnej Instalacji Fotowoltaicznej. Informacj\u0119 o\u00a0\u00a0zastosowaniu innowacyjnych form energetyki w [&hellip;]","og_url":"https:\/\/marekkuchcinski.pl\/cs\/bez-kategorii\/lms\/list-marszalka-sejmu-okazji-poswiecenia-oraz-otwarcie-pierwszej-polsce-parafialnej-instalacji-fotowoltaicznej\/","og_site_name":"Marek Kuchci\u0144ski","article_published_time":"2019-03-25T13:58:54+00:00","article_modified_time":"2019-03-25T14:01:55+00:00","og_image":[{"width":2048,"height":1955,"url":"https:\/\/marekkuchcinski.pl\/wp-content\/uploads\/2019\/03\/\u00a9_DSCF6504.jpg","type":"image\/jpeg"}],"author":"admin","twitter_card":"summary_large_image","twitter_misc":{"Napsal(a)":"admin","Odhadovan\u00e1 doba \u010dten\u00ed":"1 minuta"},"schema":{"@context":"https:\/\/schema.org","@graph":[{"@type":"Article","@id":"https:\/\/marekkuchcinski.pl\/sk\/bez-kategorii\/lms\/list-marszalka-sejmu-okazji-poswiecenia-oraz-otwarcie-pierwszej-polsce-parafialnej-instalacji-fotowoltaicznej\/#article","isPartOf":{"@id":"https:\/\/marekkuchcinski.pl\/sk\/bez-kategorii\/lms\/list-marszalka-sejmu-okazji-poswiecenia-oraz-otwarcie-pierwszej-polsce-parafialnej-instalacji-fotowoltaicznej\/"},"author":{"name":"admin","@id":"https:\/\/marekkuchcinski.pl\/#\/schema\/person\/6f62700996b4d950b6ea2d1183b6c6be"},"headline":"List marsza\u0142ka Sejmu z okazji po\u015bwi\u0119cenia oraz otwarcie pierwszej w Polsce Parafialnej Instalacji Fotowoltaicznej","datePublished":"2019-03-25T13:58:54+00:00","dateModified":"2019-03-25T14:01:55+00:00","mainEntityOfPage":{"@id":"https:\/\/marekkuchcinski.pl\/sk\/bez-kategorii\/lms\/list-marszalka-sejmu-okazji-poswiecenia-oraz-otwarcie-pierwszej-polsce-parafialnej-instalacji-fotowoltaicznej\/"},"wordCount":298,"commentCount":0,"publisher":{"@id":"https:\/\/marekkuchcinski.pl\/#organization"},"image":{"@id":"https:\/\/marekkuchcinski.pl\/sk\/bez-kategorii\/lms\/list-marszalka-sejmu-okazji-poswiecenia-oraz-otwarcie-pierwszej-polsce-parafialnej-instalacji-fotowoltaicznej\/#primaryimage"},"thumbnailUrl":"https:\/\/marekkuchcinski.pl\/wp-content\/uploads\/2019\/03\/\u00a9_DSCF6504.jpg","articleSection":["Listy Marsza\u0142ka Sejmu"],"inLanguage":"cs","potentialAction":[{"@type":"CommentAction","name":"Comment","target":["https:\/\/marekkuchcinski.pl\/sk\/bez-kategorii\/lms\/list-marszalka-sejmu-okazji-poswiecenia-oraz-otwarcie-pierwszej-polsce-parafialnej-instalacji-fotowoltaicznej\/#respond"]}]},{"@type":"WebPage","@id":"https:\/\/marekkuchcinski.pl\/sk\/bez-kategorii\/lms\/list-marszalka-sejmu-okazji-poswiecenia-oraz-otwarcie-pierwszej-polsce-parafialnej-instalacji-fotowoltaicznej\/","url":"https:\/\/marekkuchcinski.pl\/sk\/bez-kategorii\/lms\/list-marszalka-sejmu-okazji-poswiecenia-oraz-otwarcie-pierwszej-polsce-parafialnej-instalacji-fotowoltaicznej\/","name":"List marsza\u0142ka Sejmu z okazji po\u015bwi\u0119cenia oraz otwarcie pierwszej w Polsce Parafialnej Instalacji Fotowoltaicznej &#8211; Marek Kuchci\u0144ski","isPartOf":{"@id":"https:\/\/marekkuchcinski.pl\/#website"},"primaryImageOfPage":{"@id":"https:\/\/marekkuchcinski.pl\/sk\/bez-kategorii\/lms\/list-marszalka-sejmu-okazji-poswiecenia-oraz-otwarcie-pierwszej-polsce-parafialnej-instalacji-fotowoltaicznej\/#primaryimage"},"image":{"@id":"https:\/\/marekkuchcinski.pl\/sk\/bez-kategorii\/lms\/list-marszalka-sejmu-okazji-poswiecenia-oraz-otwarcie-pierwszej-polsce-parafialnej-instalacji-fotowoltaicznej\/#primaryimage"},"thumbnailUrl":"https:\/\/marekkuchcinski.pl\/wp-content\/uploads\/2019\/03\/\u00a9_DSCF6504.jpg","datePublished":"2019-03-25T13:58:54+00:00","dateModified":"2019-03-25T14:01:55+00:00","breadcrumb":{"@id":"https:\/\/marekkuchcinski.pl\/sk\/bez-kategorii\/lms\/list-marszalka-sejmu-okazji-poswiecenia-oraz-otwarcie-pierwszej-polsce-parafialnej-instalacji-fotowoltaicznej\/#breadcrumb"},"inLanguage":"cs","potentialAction":[{"@type":"ReadAction","target":["https:\/\/marekkuchcinski.pl\/sk\/bez-kategorii\/lms\/list-marszalka-sejmu-okazji-poswiecenia-oraz-otwarcie-pierwszej-polsce-parafialnej-instalacji-fotowoltaicznej\/"]}]},{"@type":"ImageObject","inLanguage":"cs","@id":"https:\/\/marekkuchcinski.pl\/sk\/bez-kategorii\/lms\/list-marszalka-sejmu-okazji-poswiecenia-oraz-otwarcie-pierwszej-polsce-parafialnej-instalacji-fotowoltaicznej\/#primaryimage","url":"https:\/\/marekkuchcinski.pl\/wp-content\/uploads\/2019\/03\/\u00a9_DSCF6504.jpg","contentUrl":"https:\/\/marekkuchcinski.pl\/wp-content\/uploads\/2019\/03\/\u00a9_DSCF6504.jpg","width":2048,"height":1955},{"@type":"BreadcrumbList","@id":"https:\/\/marekkuchcinski.pl\/sk\/bez-kategorii\/lms\/list-marszalka-sejmu-okazji-poswiecenia-oraz-otwarcie-pierwszej-polsce-parafialnej-instalacji-fotowoltaicznej\/#breadcrumb","itemListElement":[{"@type":"ListItem","position":1,"name":"Strona g\u0142\u00f3wna","item":"https:\/\/marekkuchcinski.pl\/"},{"@type":"ListItem","position":2,"name":"List marsza\u0142ka Sejmu z okazji po\u015bwi\u0119cenia oraz otwarcie pierwszej w Polsce Parafialnej Instalacji Fotowoltaicznej"}]},{"@type":"WebSite","@id":"https:\/\/marekkuchcinski.pl\/#website","url":"https:\/\/marekkuchcinski.pl\/","name":"Marek Kuchci\u0144ski","description":"Pose\u0142 na sejm RP &ndash; okr\u0119g nr 22","publisher":{"@id":"https:\/\/marekkuchcinski.pl\/#organization"},"potentialAction":[{"@type":"SearchAction","target":{"@type":"EntryPoint","urlTemplate":"https:\/\/marekkuchcinski.pl\/?s={search_term_string}"},"query-input":{"@type":"PropertyValueSpecification","valueRequired":true,"valueName":"search_term_string"}}],"inLanguage":"cs"},{"@type":"Organization","@id":"https:\/\/marekkuchcinski.pl\/#organization","name":"Marek Kuchci\u0144ski","url":"https:\/\/marekkuchcinski.pl\/","logo":{"@type":"ImageObject","inLanguage":"cs","@id":"https:\/\/marekkuchcinski.pl\/#\/schema\/logo\/image\/","url":"https:\/\/marekkuchcinski.pl\/wp-content\/uploads\/2022\/09\/Marek.jpg","contentUrl":"https:\/\/marekkuchcinski.pl\/wp-content\/uploads\/2022\/09\/Marek.jpg","width":1600,"height":971,"caption":"Marek Kuchci\u0144ski"},"image":{"@id":"https:\/\/marekkuchcinski.pl\/#\/schema\/logo\/image\/"}},{"@type":"Person","@id":"https:\/\/marekkuchcinski.pl\/#\/schema\/person\/6f62700996b4d950b6ea2d1183b6c6be","name":"admin","image":{"@type":"ImageObject","inLanguage":"cs","@id":"https:\/\/marekkuchcinski.pl\/#\/schema\/person\/image\/","url":"https:\/\/secure.gravatar.com\/avatar\/4bab693b9d55c3d6b52c0296a8765085?s=96&d=mm&r=g","contentUrl":"https:\/\/secure.gravatar.com\/avatar\/4bab693b9d55c3d6b52c0296a8765085?s=96&d=mm&r=g","caption":"admin"},"url":"https:\/\/marekkuchcinski.pl\/cs\/author\/marta-olejnik\/"}]}},"_links":{"self":[{"href":"https:\/\/marekkuchcinski.pl\/cs\/wp-json\/wp\/v2\/posts\/14112","targetHints":{"allow":["GET"]}}],"collection":[{"href":"https:\/\/marekkuchcinski.pl\/cs\/wp-json\/wp\/v2\/posts"}],"about":[{"href":"https:\/\/marekkuchcinski.pl\/cs\/wp-json\/wp\/v2\/types\/post"}],"author":[{"embeddable":true,"href":"https:\/\/marekkuchcinski.pl\/cs\/wp-json\/wp\/v2\/users\/6"}],"replies":[{"embeddable":true,"href":"https:\/\/marekkuchcinski.pl\/cs\/wp-json\/wp\/v2\/comments?post=14112"}],"version-history":[{"count":2,"href":"https:\/\/marekkuchcinski.pl\/cs\/wp-json\/wp\/v2\/posts\/14112\/revisions"}],"predecessor-version":[{"id":14115,"href":"https:\/\/marekkuchcinski.pl\/cs\/wp-json\/wp\/v2\/posts\/14112\/revisions\/14115"}],"wp:featuredmedia":[{"embeddable":true,"href":"https:\/\/marekkuchcinski.pl\/cs\/wp-json\/wp\/v2\/media\/14113"}],"wp:attachment":[{"href":"https:\/\/marekkuchcinski.pl\/cs\/wp-json\/wp\/v2\/media?parent=14112"}],"wp:term":[{"taxonomy":"category","embeddable":true,"href":"https:\/\/marekkuchcinski.pl\/cs\/wp-json\/wp\/v2\/categories?post=14112"},{"taxonomy":"post_tag","embeddable":true,"href":"https:\/\/marekkuchcinski.pl\/cs\/wp-json\/wp\/v2\/tags?post=14112"}],"curies":[{"name":"wp","href":"https:\/\/api.w.org\/{rel}","templated":true}]}}