{"id":14100,"date":"2019-03-24T16:38:46","date_gmt":"2019-03-24T15:38:46","guid":{"rendered":"https:\/\/marekkuchcinski.pl\/?p=14100"},"modified":"2019-03-24T16:40:36","modified_gmt":"2019-03-24T15:40:36","slug":"przemysl-obchody-350-lecia-powstania-bractwa-swietego-jozefa-udzialem-marszalka-sejmu","status":"publish","type":"post","link":"https:\/\/marekkuchcinski.pl\/cs\/wydarzenia\/przemysl-obchody-350-lecia-powstania-bractwa-swietego-jozefa-udzialem-marszalka-sejmu\/","title":{"rendered":"Przemy\u015bl: Oslava 350 let Bratrstva svat\u00e9ho Josefa za \u00fa\u010dasti p\u0159edsedy Sejmu"},"content":{"rendered":"<p dir=\"ltr\">- R\u00e1di bychom pod\u011bkovali otc\u016fm karmelit\u00e1n\u016fm za to, \u017ee od po\u010d\u00e1tku existence kl\u00e1\u0161tera v Przemy\u015blu a\u017e do dne\u0161n\u00edch dn\u016f pe\u010duj\u00ed o nejvy\u0161\u0161\u00ed hodnoty, kter\u00e9 my Pol\u00e1ci vyzn\u00e1v\u00e1me, v\u010detn\u011b k\u0159es\u0165ansk\u00fdch, a udr\u017euj\u00ed je,\" \u0159ekl p\u0159edseda Sejmu Marek Kuchci\u0144ski b\u011bhem ned\u011bln\u00edch oslav 350. v\u00fdro\u010d\u00ed zalo\u017een\u00ed Bratrstva svat\u00e9ho Josefa v Przemy\u015blu.<\/p>\n<p dir=\"ltr\">Marek Kuchci\u0144ski ve sv\u00e9m projevu p\u0159ipomn\u011bl historii na\u0161\u00ed vlasti a v\u00fdro\u010d\u00ed, kter\u00e1 jsme si p\u0159ipomn\u011bli v minul\u00fdch letech, tj. 1050. v\u00fdro\u010d\u00ed p\u0159ijet\u00ed k\u0159tu Polska, 550. v\u00fdro\u010d\u00ed parlamentarismu Polsk\u00e9 republiky, 100. v\u00fdro\u010d\u00ed znovuz\u00edsk\u00e1n\u00ed nez\u00e1vislosti a tak\u00e9 leto\u0161n\u00ed v\u00fdro\u010d\u00ed: 100. v\u00fdro\u010d\u00ed z\u00e1konod\u00e1rn\u00e9ho sn\u011bmu a 450. v\u00fdro\u010d\u00ed Lublinsk\u00e9 unie. - P\u0159ipom\u00edn\u00e1m tato v\u00fdro\u010d\u00ed, abych velmi siln\u011b zd\u016fraznil, jak jsou d\u011bjiny polsk\u00e9ho n\u00e1roda, d\u011bjiny polsk\u00e9ho st\u00e1tu, spojeny s k\u0159es\u0165anstv\u00edm a c\u00edrkv\u00ed,\" poznamenal mar\u0161\u00e1l Kuchci\u0144ski.<\/p>\n<p dir=\"ltr\">U p\u0159\u00edle\u017eitosti 350. v\u00fdro\u010d\u00ed zalo\u017een\u00ed Bratrstva svat\u00e9ho Josefa se v kostele bos\u00fdch karmelit\u00e1n\u016f v Przemy\u015blu konala slavnostn\u00ed m\u0161e svat\u00e1, kter\u00e9 p\u0159edsedal provinci\u00e1l otec Tadeusz Florek.<\/p>\n<p dir=\"ltr\">B\u011bhem slavnostn\u00ed eucharistie p\u0159edseda Sejmu vlo\u017eil do rukou p\u0159evora kl\u00e1\u0161tera bos\u00fdch karmelit\u00e1n\u016f v Przemy\u015blu orn\u00e1t p\u0159ipraven\u00fd u p\u0159\u00edle\u017eitosti 550. v\u00fdro\u010d\u00ed parlamentarismu republiky.<\/p>\n<p dir=\"ltr\"><em>CIS<\/em><\/p>\n<p dir=\"ltr\"><em>Foto: \u0141ukasz B\u0142asikiewicz\/ KS<\/em><\/p>\n<p dir=\"ltr\"><a href=\"https:\/\/marekkuchcinski.pl\/wp-content\/uploads\/2019\/03\/karmel.jpg\"><img fetchpriority=\"high\" decoding=\"async\" class=\"alignnone size-full wp-image-14103\" src=\"https:\/\/marekkuchcinski.pl\/wp-content\/uploads\/2019\/03\/karmel.jpg\" alt=\"karmel\" width=\"2784\" height=\"1856\" srcset=\"https:\/\/marekkuchcinski.pl\/wp-content\/uploads\/2019\/03\/karmel.jpg 2048w, https:\/\/marekkuchcinski.pl\/wp-content\/uploads\/2019\/03\/karmel-300x200.jpg 300w, https:\/\/marekkuchcinski.pl\/wp-content\/uploads\/2019\/03\/karmel-768x512.jpg 768w, https:\/\/marekkuchcinski.pl\/wp-content\/uploads\/2019\/03\/karmel-1024x683.jpg 1024w\" sizes=\"(max-width: 2784px) 100vw, 2784px\" \/><\/a><\/p>","protected":false},"excerpt":{"rendered":"<p>&#8211; Dzi\u0119kujemy Ojcom Karmelitom za opiek\u0119 i trwanie przy najwy\u017cszych warto\u015bciach, jakie my &#8211; Polacy wyznajemy, w tym warto\u015bciach chrze\u015bcija\u0144skich, od pocz\u0105tku istnienia klasztoru na Ziemi Przemyskiej, po czasy wsp\u00f3\u0142czesne &#8211; powiedzia\u0142 marsza\u0142ek Sejmu Marek Kuchci\u0144ski podczas niedzielnych uroczysto\u015bci z okazji 350-lecia powstania Bractwa \u015awi\u0119tego J\u00f3zefa w Przemy\u015blu. Marek Kuchci\u0144ski odwo\u0142a\u0142 si\u0119 w swoim wyst\u0105pieniu [&hellip;]<\/p>\n","protected":false},"author":6,"featured_media":14104,"comment_status":"open","ping_status":"open","sticky":false,"template":"","format":"standard","meta":{"ngg_post_thumbnail":0,"footnotes":""},"categories":[49,77,3],"tags":[],"class_list":["post-14100","post","type-post","status-publish","format-standard","has-post-thumbnail","hentry","category-podkarpacie","category-wazne-daty","category-wydarzenia"],"_links":{"self":[{"href":"https:\/\/marekkuchcinski.pl\/cs\/wp-json\/wp\/v2\/posts\/14100","targetHints":{"allow":["GET"]}}],"collection":[{"href":"https:\/\/marekkuchcinski.pl\/cs\/wp-json\/wp\/v2\/posts"}],"about":[{"href":"https:\/\/marekkuchcinski.pl\/cs\/wp-json\/wp\/v2\/types\/post"}],"author":[{"embeddable":true,"href":"https:\/\/marekkuchcinski.pl\/cs\/wp-json\/wp\/v2\/users\/6"}],"replies":[{"embeddable":true,"href":"https:\/\/marekkuchcinski.pl\/cs\/wp-json\/wp\/v2\/comments?post=14100"}],"version-history":[{"count":4,"href":"https:\/\/marekkuchcinski.pl\/cs\/wp-json\/wp\/v2\/posts\/14100\/revisions"}],"predecessor-version":[{"id":14107,"href":"https:\/\/marekkuchcinski.pl\/cs\/wp-json\/wp\/v2\/posts\/14100\/revisions\/14107"}],"wp:featuredmedia":[{"embeddable":true,"href":"https:\/\/marekkuchcinski.pl\/cs\/wp-json\/wp\/v2\/media\/14104"}],"wp:attachment":[{"href":"https:\/\/marekkuchcinski.pl\/cs\/wp-json\/wp\/v2\/media?parent=14100"}],"wp:term":[{"taxonomy":"category","embeddable":true,"href":"https:\/\/marekkuchcinski.pl\/cs\/wp-json\/wp\/v2\/categories?post=14100"},{"taxonomy":"post_tag","embeddable":true,"href":"https:\/\/marekkuchcinski.pl\/cs\/wp-json\/wp\/v2\/tags?post=14100"}],"curies":[{"name":"wp","href":"https:\/\/api.w.org\/{rel}","templated":true}]}}