{"id":14086,"date":"2019-03-24T15:59:41","date_gmt":"2019-03-24T14:59:41","guid":{"rendered":"https:\/\/marekkuchcinski.pl\/?p=14086"},"modified":"2019-03-25T12:12:54","modified_gmt":"2019-03-25T11:12:54","slug":"list-marszalka-sejmu-skierowany-uczestnikow-uroczystosci-okazji-polakow-ratujacych-zydow-czasie-ii-wojny-swiatowej","status":"publish","type":"post","link":"https:\/\/marekkuchcinski.pl\/cs\/wydarzenia\/list-marszalka-sejmu-skierowany-uczestnikow-uroczystosci-okazji-polakow-ratujacych-zydow-czasie-ii-wojny-swiatowej\/","title":{"rendered":"Dopis p\u0159edsedy Sejmu \u00fa\u010dastn\u00edk\u016fm slavnostn\u00edho ceremoni\u00e1lu u p\u0159\u00edle\u017eitosti Dne Pol\u00e1k\u016f, kte\u0159\u00ed za druh\u00e9 sv\u011btov\u00e9 v\u00e1lky zachr\u00e1nili \u017didy"},"content":{"rendered":"<p><em>\u00a0<strong>Pan W\u0142adys\u0142aw Ortyl,\u00a0<\/strong><\/em><strong><em>Mar\u0161\u00e1l Podkarpatsk\u00e9 Rusi<\/em><\/strong><\/p>\n<p><strong><em>\u00a0Pan Miroslaw Mac,\u00a0<\/em><\/strong><strong><em>Starosta obce Markowa<\/em><\/strong><\/p>\n<p><strong><em>Anna Str\u00f3\u017c-Paw\u0142owska,<\/em><\/strong><strong><em>\u0158editel Muzea Pol\u00e1k\u016f zachra\u0148uj\u00edc\u00edch \u017didy<\/em><\/strong><\/p>\n<p><strong><em>\u00a0<\/em><\/strong><\/p>\n<p><em>\u00a0<\/em><\/p>\n<p><em>\u00a0\u00a0\u00a0\u00a0\u00a0\u00a0\u00a0\u00a0\u00a0\u00a0\u00a0 D\u00e1my a p\u00e1nov\u00e9,<\/em><\/p>\n<p><em>\u00a0<\/em><\/p>\n<p><em>\u00a0\u00a0\u00a0\u00a0\u00a0\u00a0\u00a0\u00a0\u00a0\u00a0\u00a0 N\u00e1rodn\u00ed den pam\u00e1tky Pol\u00e1k\u016f, kte\u0159\u00ed za n\u011bmeck\u00e9 okupace zachra\u0148ovali \u017didy, n\u00e1m p\u0159ipom\u00edn\u00e1 na\u0161e krajany, kte\u0159\u00ed v touze zachr\u00e1nit \u017eivoty druh\u00fdch ob\u011btovali sv\u00e9 vlastn\u00ed. Osud J\u00f3zefa a Wiktorie Ulmov\u00fdch, zejm\u00e9na jejich mu\u010dednick\u00e1 smrt spolu s jejich \u0161esti d\u011btmi, je jedn\u00edm z ot\u0159esn\u00fdch p\u0159\u00edklad\u016f t\u00e9to mimo\u0159\u00e1dn\u00e9 ob\u011bti a z\u00e1rove\u0148 vzorem lidskosti t\u00e9 neju\u0161lechtilej\u0161\u00ed zkou\u0161ky.<\/em><\/p>\n<p><em>\u00a0\u00a0\u00a0\u00a0\u00a0\u00a0\u00a0\u00a0\u00a0\u00a0\u00a0 Samarit\u00e1ni z Markov\u00e9, pln\u011b si v\u011bdomi rizika, kter\u00e9 podstupuj\u00ed, poskytovali \u017eidovsk\u00fdm rodin\u00e1m p\u0159\u00edst\u0159e\u0161\u00ed. V\u011bd\u011bli, \u017ee za takovou pomoc hroz\u00ed nemilosrdn\u00fd trest - trest smrti. Vzep\u0159eli se nacistick\u00fdm p\u0159\u00edkaz\u016fm a n\u00e1sledovali sv\u00e9 sv\u011bdom\u00ed a hluboce zako\u0159en\u011bn\u00e9 k\u0159es\u0165ansk\u00e9 hodnoty. <\/em><\/p>\n<p><em>P\u0159ipom\u00ednka N\u00e1rodn\u00edho dne pam\u00e1tky Pol\u00e1k\u016f, kte\u0159\u00ed za n\u011bmeck\u00e9 okupace zachra\u0148ovali \u017didy, je jak\u00fdmsi holdem v\u0161em, kte\u0159\u00ed v tak t\u011b\u017ek\u00e9 dob\u011b pro Pol\u00e1ky i \u017didy dok\u00e1zali, \u017ee bez ohledu na okolnosti a nep\u0159\u00edze\u0148 osudu se v\u017edy vyplat\u00ed b\u00fdt \u010dlov\u011bkem. Na\u0161\u00ed povinnost\u00ed je nejen vzpomenout na n\u011b - hrdiny doby holocaustu - ale tak\u00e9 na poselstv\u00ed, kter\u00e9 z jejich mimo\u0159\u00e1dn\u00e9ho postoje vypl\u00fdv\u00e1. <\/em><\/p>\n<p><em>D\u011bkuji proto organiz\u00e1tor\u016fm a \u00fa\u010dastn\u00edk\u016fm slavnosti v Markow\u011b za d\u016fstojn\u00e9 uct\u011bn\u00ed pam\u00e1tky t\u011bch, kte\u0159\u00ed se zaslou\u017eili o zvl\u00e1\u0161tn\u00ed m\u00edsto v na\u0161em n\u00e1rodn\u00edm pov\u011bdom\u00ed.<\/em><\/p>\n<p><em>Proto\u017ee jsem se t\u00e9to slavnostn\u00ed ud\u00e1losti nemohl z\u00fa\u010dastnit, p\u0159ipojuji se k uct\u011bn\u00ed pam\u00e1tky hrdin\u016f t\u00edmto symbolick\u00fdm zp\u016fsobem. <\/em><\/p>\n<p><em>\u00a0<\/em><\/p>\n<p><em>\u00a0<\/em><\/p>\n<p><em>\u00a0\u00a0\u00a0\u00a0\u00a0\u00a0\u00a0\u00a0\u00a0\u00a0\u00a0\u00a0\u00a0\u00a0\u00a0\u00a0\u00a0\u00a0\u00a0\u00a0\u00a0\u00a0\u00a0\u00a0\u00a0\u00a0\u00a0\u00a0\u00a0\u00a0\u00a0\u00a0\u00a0\u00a0\u00a0\u00a0\u00a0\u00a0\u00a0\u00a0\u00a0\u00a0\u00a0\u00a0\u00a0\u00a0\u00a0\u00a0\u00a0\u00a0\u00a0\u00a0\u00a0\u00a0\u00a0\u00a0\u00a0\u00a0\u00a0\u00a0\u00a0\u00a0\u00a0\u00a0\u00a0\u00a0\u00a0\u00a0\u00a0\u00a0\u00a0\u00a0\u00a0\u00a0\u00a0\u00a0\u00a0\u00a0\u00a0\u00a0\u00a0\u00a0 S pozdravem<\/em><\/p>\n<p><em>\u00a0<\/em><\/p>\n<p><em>\u00a0\u00a0\u00a0\u00a0\u00a0\u00a0\u00a0\u00a0\u00a0\u00a0\u00a0\u00a0\u00a0\u00a0\u00a0\u00a0\u00a0\u00a0\u00a0\u00a0\u00a0\u00a0\u00a0\u00a0\u00a0\u00a0\u00a0\u00a0\u00a0\u00a0\u00a0\u00a0\u00a0\u00a0\u00a0\u00a0\u00a0\u00a0\u00a0\u00a0\u00a0\u00a0\u00a0\u00a0\u00a0\u00a0\u00a0\u00a0\u00a0\u00a0\u00a0\u00a0\u00a0\u00a0\u00a0\u00a0\u00a0\u00a0\u00a0\u00a0\u00a0\u00a0\u00a0\u00a0\u00a0\u00a0\u00a0\u00a0\u00a0\u00a0\u00a0\u00a0\u00a0\u00a0\u00a0\u00a0\u00a0\u00a0\u00a0\u00a0\u00a0\u00a0 \u00a0 Marek Kuchci\u0144ski<\/em><\/p>\n<p>&nbsp;<\/p>\n<p><em>Muzeum Ulma v Markow\u011b, foto: Marta Olejnik<\/em><a href=\"https:\/\/marekkuchcinski.pl\/wp-content\/uploads\/2019\/03\/DSCF3941-2.jpg\"><img fetchpriority=\"high\" decoding=\"async\" class=\"alignnone size-full wp-image-14091\" src=\"https:\/\/marekkuchcinski.pl\/wp-content\/uploads\/2019\/03\/DSCF3941-2.jpg\" alt=\"DSCF3941 2\" width=\"4144\" height=\"2760\" srcset=\"https:\/\/marekkuchcinski.pl\/wp-content\/uploads\/2019\/03\/DSCF3941-2.jpg 2048w, https:\/\/marekkuchcinski.pl\/wp-content\/uploads\/2019\/03\/DSCF3941-2-300x200.jpg 300w, https:\/\/marekkuchcinski.pl\/wp-content\/uploads\/2019\/03\/DSCF3941-2-768x512.jpg 768w, https:\/\/marekkuchcinski.pl\/wp-content\/uploads\/2019\/03\/DSCF3941-2-1024x682.jpg 1024w\" sizes=\"(max-width: 4144px) 100vw, 4144px\" \/><\/a><a href=\"https:\/\/marekkuchcinski.pl\/wp-content\/uploads\/2019\/03\/DSCF4253-2.jpg\"><img decoding=\"async\" class=\"alignnone size-full wp-image-14089\" src=\"https:\/\/marekkuchcinski.pl\/wp-content\/uploads\/2019\/03\/DSCF4253-2.jpg\" alt=\"DSCF4253 2\" width=\"3925\" height=\"2539\" srcset=\"https:\/\/marekkuchcinski.pl\/wp-content\/uploads\/2019\/03\/DSCF4253-2.jpg 2048w, https:\/\/marekkuchcinski.pl\/wp-content\/uploads\/2019\/03\/DSCF4253-2-300x194.jpg 300w, https:\/\/marekkuchcinski.pl\/wp-content\/uploads\/2019\/03\/DSCF4253-2-768x497.jpg 768w, https:\/\/marekkuchcinski.pl\/wp-content\/uploads\/2019\/03\/DSCF4253-2-1024x662.jpg 1024w\" sizes=\"(max-width: 3925px) 100vw, 3925px\" \/><\/a><a href=\"https:\/\/marekkuchcinski.pl\/wp-content\/uploads\/2019\/03\/DSCF4139-001.jpg\"><img decoding=\"async\" class=\"alignnone wp-image-14087\" src=\"https:\/\/marekkuchcinski.pl\/wp-content\/uploads\/2019\/03\/DSCF4139-001.jpg\" alt=\"DSCF4139-001\" width=\"770\" height=\"514\" srcset=\"https:\/\/marekkuchcinski.pl\/wp-content\/uploads\/2019\/03\/DSCF4139-001.jpg 640w, https:\/\/marekkuchcinski.pl\/wp-content\/uploads\/2019\/03\/DSCF4139-001-300x200.jpg 300w\" sizes=\"(max-width: 770px) 100vw, 770px\" \/><\/a><\/p>","protected":false},"excerpt":{"rendered":"<p>\u00a0Pan W\u0142adys\u0142aw Ortyl,\u00a0Marsza\u0142ek Wojew\u00f3dztwa Podkarpackiego \u00a0Pan Miros\u0142aw Mac,\u00a0W\u00f3jt Gminy Markowa Pani Anna Str\u00f3\u017c-Paw\u0142owska,Dyrektor Muzeum Polak\u00f3w Ratuj\u0105cych \u017byd\u00f3w \u00a0 \u00a0 \u00a0\u00a0\u00a0\u00a0\u00a0\u00a0\u00a0\u00a0\u00a0\u00a0\u00a0 Szanowni Pa\u0144stwo, \u00a0 \u00a0\u00a0\u00a0\u00a0\u00a0\u00a0\u00a0\u00a0\u00a0\u00a0\u00a0 Narodowy Dzie\u0144 Pami\u0119ci Polak\u00f3w ratuj\u0105cych \u017byd\u00f3w pod okupacj\u0105 niemieck\u0105 przypomina nam o naszych rodakach, kt\u00f3rzy pragn\u0105c ocali\u0107 \u017cycie innych, z\u0142o\u017cyli w ofierze w\u0142asne. Losy J\u00f3zefa i Wiktorii Ulm\u00f3w, zw\u0142aszcza ich m\u0119cze\u0144ska [&hellip;]<\/p>\n","protected":false},"author":6,"featured_media":14087,"comment_status":"open","ping_status":"open","sticky":false,"template":"","format":"standard","meta":{"ngg_post_thumbnail":0,"footnotes":""},"categories":[104,49,77,3],"tags":[],"class_list":["post-14086","post","type-post","status-publish","format-standard","has-post-thumbnail","hentry","category-lms","category-podkarpacie","category-wazne-daty","category-wydarzenia"],"_links":{"self":[{"href":"https:\/\/marekkuchcinski.pl\/cs\/wp-json\/wp\/v2\/posts\/14086","targetHints":{"allow":["GET"]}}],"collection":[{"href":"https:\/\/marekkuchcinski.pl\/cs\/wp-json\/wp\/v2\/posts"}],"about":[{"href":"https:\/\/marekkuchcinski.pl\/cs\/wp-json\/wp\/v2\/types\/post"}],"author":[{"embeddable":true,"href":"https:\/\/marekkuchcinski.pl\/cs\/wp-json\/wp\/v2\/users\/6"}],"replies":[{"embeddable":true,"href":"https:\/\/marekkuchcinski.pl\/cs\/wp-json\/wp\/v2\/comments?post=14086"}],"version-history":[{"count":6,"href":"https:\/\/marekkuchcinski.pl\/cs\/wp-json\/wp\/v2\/posts\/14086\/revisions"}],"predecessor-version":[{"id":14111,"href":"https:\/\/marekkuchcinski.pl\/cs\/wp-json\/wp\/v2\/posts\/14086\/revisions\/14111"}],"wp:featuredmedia":[{"embeddable":true,"href":"https:\/\/marekkuchcinski.pl\/cs\/wp-json\/wp\/v2\/media\/14087"}],"wp:attachment":[{"href":"https:\/\/marekkuchcinski.pl\/cs\/wp-json\/wp\/v2\/media?parent=14086"}],"wp:term":[{"taxonomy":"category","embeddable":true,"href":"https:\/\/marekkuchcinski.pl\/cs\/wp-json\/wp\/v2\/categories?post=14086"},{"taxonomy":"post_tag","embeddable":true,"href":"https:\/\/marekkuchcinski.pl\/cs\/wp-json\/wp\/v2\/tags?post=14086"}],"curies":[{"name":"wp","href":"https:\/\/api.w.org\/{rel}","templated":true}]}}