{"id":14047,"date":"2019-03-23T10:17:02","date_gmt":"2019-03-23T09:17:02","guid":{"rendered":"https:\/\/marekkuchcinski.pl\/?p=14047"},"modified":"2020-03-23T09:51:40","modified_gmt":"2020-03-23T08:51:40","slug":"23-marca-dniem-przyjazni-polsko-wegierskiej","status":"publish","type":"post","link":"https:\/\/marekkuchcinski.pl\/cs\/wydarzenia\/23-marca-dniem-przyjazni-polsko-wegierskiej\/","title":{"rendered":"23. b\u0159ezna - Den polsko-ma\u010farsk\u00e9ho p\u0159\u00e1telstv\u00ed"},"content":{"rendered":"<p><strong>Pol\u00e1ky a Ma\u010fary spojoval velk\u00fd most solidarity a pomoci. Pol\u00e1ci pova\u017eovali hrdinn\u00fd boj Ma\u010far\u016f za sv\u016fj vlastn\u00ed,\" \u0159ekl na za\u010d\u00e1tku sv\u00e9ho funk\u010dn\u00edho obdob\u00ed v Budape\u0161ti p\u0159edseda Sejmu Marek Kuchci\u0144ski. Pokud se pozorn\u011b pod\u00edv\u00e1me na spole\u010dnou historii na\u0161ich zem\u00ed, zjist\u00edme, jak pravdiv\u00e1 jsou tato slova. Dva zd\u00e1nliv\u011b odli\u0161n\u00e9 n\u00e1rody jsou po stalet\u00ed prov\u00e1z\u00e1ny nerozlu\u010dn\u00fdm a neobvykl\u00fdm poutem, kv\u016fli kter\u00e9mu jeden nev\u00e1h\u00e1 ob\u011btovat v\u0161e pro druh\u00e9ho.<\/strong><\/p>\n<p><strong><span style=\"color: #b31515;\">Dne 12. b\u0159ezna 2007 p\u0159ijal ma\u010farsk\u00fd parlament prohl\u00e1\u0161en\u00ed, kter\u00fdm uznal 23. b\u0159ezen za Den polsko-ma\u010farsk\u00e9ho p\u0159\u00e1telstv\u00ed. N\u00e1vrh podpo\u0159ilo 324 poslanc\u016f, nikdo se nezdr\u017eel hlasov\u00e1n\u00ed a nikdo nebyl proti. Podobn\u00e9 usnesen\u00ed p\u0159ijal polsk\u00fd Sejm aklamac\u00ed 16. b\u0159ezna 2007.<\/span><\/strong><\/p>\n<p><span style=\"color: #168012;\"><strong>N\u00ed\u017ee uv\u00e1d\u00edme p\u0159ehled ud\u00e1lost\u00ed, kter\u00e9 se t\u00fdkaly p\u0159edsedy polsk\u00e9ho Sejmu a p\u0159edsedy ma\u010farsk\u00e9ho parlamentu:<\/strong><\/span><\/p>\n<p><blockquote class=\"twitter-tweet\" data-width=\"550\" data-dnt=\"true\"><p lang=\"pl\" dir=\"ltr\">V Budape\u0161ti byl postaven pomn\u00edk polsko-ma\u010farsk\u00e9ho p\u0159\u00e1telstv\u00ed, kter\u00e9mu vd\u011b\u010d\u00ed za sv\u00e9 \u017eivoty 5 000 polsk\u00fdch \u017did\u016f. S\u0142awik a Antall si zaslou\u017e\u00ed b\u00fdt p\u0159ipom\u00edn\u00e1ni <a href=\"https:\/\/t.co\/mCd6QnxOTc\">pic.twitter.com\/mCd6QnxOTc<\/a><\/p>- Marek Kuchci\u0144ski \ud83c\uddf5\ud83c\uddf1 (@MarekKuchcinski) <a href=\"https:\/\/twitter.com\/MarekKuchcinski\/status\/879286884211490817?ref_src=twsrc%5Etfw\">26. \u010dervna 2017<\/a><\/blockquote><script async src=\"https:\/\/platform.twitter.com\/widgets.js\" charset=\"utf-8\"><\/script><\/p>\n<p><a href=\"https:\/\/marekkuchcinski.pl\/cs\/wydarzenia\/marszalek-sejmu-wizyta-wegrzech-odsloniecie-pomnika-ku-czci-slawika-antalla-zaciesnianie-relacji-v4\/\">&nbsp;<\/a><\/p>\n<p><blockquote class=\"wp-embedded-content\" data-secret=\"UzSm5tT3hN\"><a href=\"https:\/\/marekkuchcinski.pl\/cs\/wydarzenia\/marszalek-sejmu-wizyta-wegrzech-odsloniecie-pomnika-ku-czci-slawika-antalla-zaciesnianie-relacji-v4\/\">P\u0159edseda Sejmu na n\u00e1v\u0161t\u011bv\u011b Ma\u010farska: odhalen\u00ed pomn\u00edku Slawikovi a Antallovi, pos\u00edlen\u00ed vztah\u016f V4<\/a><\/blockquote><iframe class=\"wp-embedded-content\" sandbox=\"allow-scripts\" security=\"restricted\" style=\"position: absolute; clip: rect(1px, 1px, 1px, 1px);\" title=\"&quot;P\u0159edseda Sejmu na n\u00e1v\u0161t\u011bv\u011b Ma\u010farska: odhalen\u00ed pomn\u00edku Slawikovi a Antallovi, pos\u00edlen\u00ed vztah\u016f V4&quot; - Marek Kuchcinski\" src=\"https:\/\/marekkuchcinski.pl\/wydarzenia\/marszalek-sejmu-wizyta-wegrzech-odsloniecie-pomnika-ku-czci-slawika-antalla-zaciesnianie-relacji-v4\/embed\/#?secret=UzSm5tT3hN\" data-secret=\"UzSm5tT3hN\" width=\"600\" height=\"338\" frameborder=\"0\" marginwidth=\"0\" marginheight=\"0\" scrolling=\"no\"><\/iframe><\/p>\n<p><blockquote class=\"wp-embedded-content\" data-secret=\"eQZnMRINtA\"><a href=\"https:\/\/marekkuchcinski.pl\/cs\/wydarzenia\/marszalek-sejmu-wzial-udzial-odslonieciu-pomnika-laweczki-henryka-slawika-jozsefa-antalla\/\">P\u0159edseda Sejmu se z\u00fa\u010dastnil odhalen\u00ed pomn\u00edku \"Lavi\u010dka Henryka Slawika a J\u00f3zsefa Antalla\".<\/a><\/blockquote><iframe class=\"wp-embedded-content\" sandbox=\"allow-scripts\" security=\"restricted\" style=\"position: absolute; clip: rect(1px, 1px, 1px, 1px);\" title=\"&quot;P\u0159edseda Sejmu se z\u00fa\u010dastnil odhalen\u00ed pomn\u00edku Henryka Slawika a J\u00f3zsefa Antalla na &quot;lavi\u010dce&quot;&quot; - Marek Kuchcinski\" src=\"https:\/\/marekkuchcinski.pl\/wydarzenia\/marszalek-sejmu-wzial-udzial-odslonieciu-pomnika-laweczki-henryka-slawika-jozsefa-antalla\/embed\/#?secret=eQZnMRINtA\" data-secret=\"eQZnMRINtA\" width=\"600\" height=\"338\" frameborder=\"0\" marginwidth=\"0\" marginheight=\"0\" scrolling=\"no\"><\/iframe><\/p>\n<p>&nbsp;<\/p>\n<p><blockquote class=\"wp-embedded-content\" data-secret=\"bHoRrCKqNv\"><a href=\"https:\/\/marekkuchcinski.pl\/cs\/wydarzenia\/przewodniczacy-parlamentow-polski-wegier-ustanowili-partnerstwo-strategiczne\/\">P\u0159edsedov\u00e9 polsk\u00e9ho a ma\u010farsk\u00e9ho parlamentu uzav\u0159eli strategick\u00e9 partnerstv\u00ed<\/a><\/blockquote><iframe class=\"wp-embedded-content\" sandbox=\"allow-scripts\" security=\"restricted\" style=\"position: absolute; clip: rect(1px, 1px, 1px, 1px);\" title=\"&quot;P\u0159edsedov\u00e9 polsk\u00e9ho a ma\u010farsk\u00e9ho parlamentu nav\u00e1zali strategick\u00e9 partnerstv\u00ed&quot; - Marek Kuchcinski\" src=\"https:\/\/marekkuchcinski.pl\/wydarzenia\/przewodniczacy-parlamentow-polski-wegier-ustanowili-partnerstwo-strategiczne\/embed\/#?secret=bHoRrCKqNv\" data-secret=\"bHoRrCKqNv\" width=\"600\" height=\"338\" frameborder=\"0\" marginwidth=\"0\" marginheight=\"0\" scrolling=\"no\"><\/iframe><\/p>\n<p>&nbsp;<\/p>\n<p><blockquote class=\"wp-embedded-content\" data-secret=\"IzF8ggmg6j\"><a href=\"https:\/\/marekkuchcinski.pl\/cs\/wydarzenia\/marszalek-sejmu-marek-kuchcinski-zostal-odznaczony-wielkim-krzyzem-orderu-wegierskiego\/\">P\u0159edseda Sejmu Marek Kuchci\u0144ski byl vyznamen\u00e1n Velk\u00fdm k\u0159\u00ed\u017eem \u0158\u00e1du Ma\u010farska<\/a><\/blockquote><iframe class=\"wp-embedded-content\" sandbox=\"allow-scripts\" security=\"restricted\" style=\"position: absolute; clip: rect(1px, 1px, 1px, 1px);\" title=\"&quot;P\u0159edseda Sejmu Marek Kuchcinski byl vyznamen\u00e1n Velk\u00fdm k\u0159\u00ed\u017eem \u0158\u00e1du Ma\u010farska&quot; - Marek Kuchcinski\" src=\"https:\/\/marekkuchcinski.pl\/wydarzenia\/marszalek-sejmu-marek-kuchcinski-zostal-odznaczony-wielkim-krzyzem-orderu-wegierskiego\/embed\/#?secret=IzF8ggmg6j\" data-secret=\"IzF8ggmg6j\" width=\"600\" height=\"338\" frameborder=\"0\" marginwidth=\"0\" marginheight=\"0\" scrolling=\"no\"><\/iframe><\/p>\n<p>&nbsp;<\/p>\n<p><blockquote class=\"wp-embedded-content\" data-secret=\"AjNy8ga1AC\"><a href=\"https:\/\/marekkuchcinski.pl\/cs\/wydarzenia\/przyjazn-mocna-braz\/\">Polsko a Ma\u010farsko - p\u0159\u00e1telstv\u00ed siln\u00e9 jako bronz<\/a><\/blockquote><iframe class=\"wp-embedded-content\" sandbox=\"allow-scripts\" security=\"restricted\" style=\"position: absolute; clip: rect(1px, 1px, 1px, 1px);\" title=\"&quot;Polsko a Ma\u010farsko - p\u0159\u00e1telstv\u00ed siln\u00e9 jako bronz&quot; - Marek Kuchci\u0144ski\" src=\"https:\/\/marekkuchcinski.pl\/wydarzenia\/przyjazn-mocna-braz\/embed\/#?secret=AjNy8ga1AC\" data-secret=\"AjNy8ga1AC\" width=\"600\" height=\"338\" frameborder=\"0\" marginwidth=\"0\" marginheight=\"0\" scrolling=\"no\"><\/iframe><\/p>\n<p><blockquote class=\"wp-embedded-content\" data-secret=\"PCrWuEEOOd\"><a href=\"https:\/\/marekkuchcinski.pl\/cs\/wydarzenia\/marszalek-kuchcinski-wegrzech-budujmy-barier-obierzmy-kierunek-odnowe-wzmocnienie-unii-europejskiej\/\">P\u0159edseda Kuchci\u0144ski v Ma\u010farsku: Nestavme bari\u00e9ry. Vydejme se sm\u011brem obnovy a pos\u00edlen\u00ed Evropsk\u00e9 unie.<\/a><\/blockquote><iframe class=\"wp-embedded-content\" sandbox=\"allow-scripts\" security=\"restricted\" style=\"position: absolute; clip: rect(1px, 1px, 1px, 1px);\" title=\"&quot;P\u0159edseda Kuchci\u0144ski v Ma\u010farsku: nestavme bari\u00e9ry. Vydejme se sm\u011brem k obnov\u011b a pos\u00edlen\u00ed Evropsk\u00e9 unie.&quot; - Marek Kuchcinski\" src=\"https:\/\/marekkuchcinski.pl\/wydarzenia\/marszalek-kuchcinski-wegrzech-budujmy-barier-obierzmy-kierunek-odnowe-wzmocnienie-unii-europejskiej\/embed\/#?secret=PCrWuEEOOd\" data-secret=\"PCrWuEEOOd\" width=\"600\" height=\"338\" frameborder=\"0\" marginwidth=\"0\" marginheight=\"0\" scrolling=\"no\"><\/iframe><\/p>\n<p><blockquote class=\"wp-embedded-content\" data-secret=\"TDCkGDpcQR\"><a href=\"https:\/\/marekkuchcinski.pl\/cs\/wydarzenia\/marszalek-sejmu-tablica-ktora-odslonimy-swiadczy-o-sile-ludzkiej-dziejowej-solidarnosci-miedzy-wegrami-polakami\/\">P\u0159edseda Sejmu: A\u0165 pam\u011btn\u00ed deska, kterou odhal\u00edme, sv\u011bd\u010d\u00ed o lidsk\u00e9 s\u00edle a historick\u00e9 solidarit\u011b mezi Ma\u010fary a Pol\u00e1ky.<\/a><\/blockquote><iframe class=\"wp-embedded-content\" sandbox=\"allow-scripts\" security=\"restricted\" style=\"position: absolute; clip: rect(1px, 1px, 1px, 1px);\" title=\"&quot;P\u0159edseda Sejmu: A\u0165 pam\u011btn\u00ed deska, kterou odhal\u00edme, sv\u011bd\u010d\u00ed o lidsk\u00e9 s\u00edle a historick\u00e9 solidarit\u011b mezi Ma\u010fary a Pol\u00e1ky.&quot; - Marek Kuchci\u0144ski\" src=\"https:\/\/marekkuchcinski.pl\/wydarzenia\/marszalek-sejmu-tablica-ktora-odslonimy-swiadczy-o-sile-ludzkiej-dziejowej-solidarnosci-miedzy-wegrami-polakami\/embed\/#?secret=TDCkGDpcQR\" data-secret=\"TDCkGDpcQR\" width=\"600\" height=\"338\" frameborder=\"0\" marginwidth=\"0\" marginheight=\"0\" scrolling=\"no\"><\/iframe><\/p>\n<p><a href=\"https:\/\/marekkuchcinski.pl\/cs\/wydarzenia\/marszalek-sejmu-o-kodzie-genetycznym-polski-wegier\/\">&nbsp;<\/a><\/p>\n<p><blockquote class=\"wp-embedded-content\" data-secret=\"wJSREymZCS\"><a href=\"https:\/\/marekkuchcinski.pl\/cs\/wydarzenia\/marszalek-sejmu-o-kodzie-genetycznym-polski-wegier\/\">P\u0159edseda Sejmu o kulturn\u00edm kodexu Polska a Ma\u010farska<\/a><\/blockquote><iframe class=\"wp-embedded-content\" sandbox=\"allow-scripts\" security=\"restricted\" style=\"position: absolute; clip: rect(1px, 1px, 1px, 1px);\" title=\"&quot;P\u0159edseda Sejmu o kulturn\u00edm kodexu Polska a Ma\u010farska&quot; - Marek Kuchcinski\" src=\"https:\/\/marekkuchcinski.pl\/wydarzenia\/marszalek-sejmu-o-kodzie-genetycznym-polski-wegier\/embed\/#?secret=wJSREymZCS\" data-secret=\"wJSREymZCS\" width=\"600\" height=\"338\" frameborder=\"0\" marginwidth=\"0\" marginheight=\"0\" scrolling=\"no\"><\/iframe><\/p>\n<p><a href=\"https:\/\/marekkuchcinski.pl\/cs\/wydarzenia\/podsumowanie-polskiej-prezydencji-grupie-wyszehradzkiej-marek-kuchcinski\/\">&nbsp;<\/a><\/p>\n<p><blockquote class=\"wp-embedded-content\" data-secret=\"I5DYY9cBbF\"><a href=\"https:\/\/marekkuchcinski.pl\/cs\/wydarzenia\/podsumowanie-polskiej-prezydencji-grupie-wyszehradzkiej-marek-kuchcinski\/\">Shrnut\u00ed polsk\u00e9ho p\u0159edsednictv\u00ed Visegr\u00e1dsk\u00e9 skupiny - Marek Kuchci\u0144ski<\/a><\/blockquote><iframe class=\"wp-embedded-content\" sandbox=\"allow-scripts\" security=\"restricted\" style=\"position: absolute; clip: rect(1px, 1px, 1px, 1px);\" title=\"&quot;Shrnut\u00ed polsk\u00e9ho p\u0159edsednictv\u00ed Visegr\u00e1dsk\u00e9 skupiny - Marek Kuchci\u0144ski&quot; - Marek Kuchci\u0144ski\" src=\"https:\/\/marekkuchcinski.pl\/wydarzenia\/podsumowanie-polskiej-prezydencji-grupie-wyszehradzkiej-marek-kuchcinski\/embed\/#?secret=I5DYY9cBbF\" data-secret=\"I5DYY9cBbF\" width=\"600\" height=\"338\" frameborder=\"0\" marginwidth=\"0\" marginheight=\"0\" scrolling=\"no\"><\/iframe><\/p>\n<p><a href=\"https:\/\/marekkuchcinski.pl\/wp-content\/uploads\/2019\/03\/wystawa-1956.jpg\"><img fetchpriority=\"high\" decoding=\"async\" class=\"alignnone size-full wp-image-14067\" src=\"https:\/\/marekkuchcinski.pl\/wp-content\/uploads\/2019\/03\/wystawa-1956.jpg\" alt=\"wystawa 1956\" width=\"800\" height=\"533\" srcset=\"https:\/\/marekkuchcinski.pl\/wp-content\/uploads\/2019\/03\/wystawa-1956.jpg 800w, https:\/\/marekkuchcinski.pl\/wp-content\/uploads\/2019\/03\/wystawa-1956-300x200.jpg 300w, https:\/\/marekkuchcinski.pl\/wp-content\/uploads\/2019\/03\/wystawa-1956-768x512.jpg 768w\" sizes=\"(max-width: 800px) 100vw, 800px\" \/><\/a>\u010cerven 2016: V\u00fdstava \"1956: Polsko-Ma\u010farsko. Historie a pam\u011b\u0165\". P\u0159edseda Sejmu Marek Kuchci\u0144ski p\u0159ipomn\u011bl, \u017ee v roce 1956 se na\u0161i krajan\u00e9 postavili do boje za norm\u00e1ln\u00ed \u017eivot, kter\u00fd n\u00e1m byl po druh\u00e9 sv\u011btov\u00e9 v\u00e1lce od\u0148at (...), obvykle popisovan\u00fd hodnotami jako nez\u00e1vislost, d\u016fstojnost, svoboda, bezpe\u010dnost, pam\u011b\u0165 a historie. - Rok 1956 se stal symbolem t\u011bchto hodnot. Dnes si tento symbol p\u0159ipom\u00edn\u00e1me s v\u011bdom\u00edm, \u017ee bez historie nen\u00ed budoucnosti, bez pam\u011bti nen\u00ed p\u0159\u00edtomnosti,\" zd\u016fraznil Marek Kuchci\u0144ski. P\u0159edseda Sejmu dodal: \"Rok 1956 se nav\u00edc stal dal\u0161\u00edm pil\u00ed\u0159em na\u0161\u00ed spole\u010dn\u00e9 polsko-ma\u010farsk\u00e9 jednoty. - Rok 1956 n\u00e1s spojil s velk\u00fdm mostem solidarity a pomoci. Tehdy se polsko-ma\u010farsk\u00e1 solidarita znovu zrodila v nov\u00e9 dimenzi, v nov\u00e9 pov\u00e1le\u010dn\u00e9 realit\u011b - zd\u016fraznil Marek Kuchci\u0144ski.<\/p>\n<p><a href=\"https:\/\/marekkuchcinski.pl\/wp-content\/uploads\/2019\/03\/Romek.jpg\"><img decoding=\"async\" class=\"alignnone size-full wp-image-14063\" src=\"https:\/\/marekkuchcinski.pl\/wp-content\/uploads\/2019\/03\/Romek.jpg\" alt=\"Romek\" width=\"800\" height=\"1200\" srcset=\"https:\/\/marekkuchcinski.pl\/wp-content\/uploads\/2019\/03\/Romek.jpg 800w, https:\/\/marekkuchcinski.pl\/wp-content\/uploads\/2019\/03\/Romek-200x300.jpg 200w, https:\/\/marekkuchcinski.pl\/wp-content\/uploads\/2019\/03\/Romek-768x1152.jpg 768w, https:\/\/marekkuchcinski.pl\/wp-content\/uploads\/2019\/03\/Romek-683x1024.jpg 683w\" sizes=\"(max-width: 800px) 100vw, 800px\" \/><\/a>Ma\u010farsko: Pocta Romkovi Strza\u0142kowsk\u00e9mu, t\u0159in\u00e1ctilet\u00e9mu chlapci zast\u0159elen\u00e9mu v \u010dervnu 1956 v Poznani.<\/p>\n\n\n<figure class=\"wp-block-embed-wordpress wp-block-embed is-type-wp-embed is-provider-marek-kuchcinski\"><div class=\"wp-block-embed__wrapper\">\n<blockquote class=\"wp-embedded-content\" data-secret=\"Zk5hXiO6pa\"><a href=\"https:\/\/marekkuchcinski.pl\/cs\/wydarzenia\/marek-kuchcinski-przewodniczacym-polsko-wegierskiej-grupy-parlamentarnej\/\">Marek Kuchci\u0144ski p\u0159edseda polsko-ma\u010farsk\u00e9 parlamentn\u00ed skupiny<\/a><\/blockquote><iframe class=\"wp-embedded-content\" sandbox=\"allow-scripts\" security=\"restricted\" style=\"position: absolute; clip: rect(1px, 1px, 1px, 1px);\" title=\"&quot;Marek Kuchcinski p\u0159edsedou polsko-ma\u010farsk\u00e9 parlamentn\u00ed skupiny&quot; - Marek Kuchcinski\" src=\"https:\/\/marekkuchcinski.pl\/wydarzenia\/marek-kuchcinski-przewodniczacym-polsko-wegierskiej-grupy-parlamentarnej\/embed\/#?secret=Zk5hXiO6pa\" data-secret=\"Zk5hXiO6pa\" width=\"600\" height=\"338\" frameborder=\"0\" marginwidth=\"0\" marginheight=\"0\" scrolling=\"no\"><\/iframe>\n<\/div><\/figure>","protected":false},"excerpt":{"rendered":"<p>Polak\u00f3w i W\u0119gr\u00f3w po\u0142\u0105czy\u0142 wielki most solidarno\u015bci i pomocy. Bohatersk\u0105 walk\u0119 W\u0119gr\u00f3w Polacy traktowali jako w\u0142asn\u0105&nbsp;\u2013&nbsp;m\u00f3wi\u0142 w Budapeszcie na pocz\u0105tku swej kadencji marsza\u0142ek Sejmu Marek Kuchci\u0144ski. Je\u015bli przyjrzymy si\u0119 dok\u0142adnie wsp\u00f3lnej historii naszych kraj\u00f3w, zobaczymy, jak prawdziwe s\u0105 to s\u0142owa. Dwa z pozoru r\u00f3\u017cne narody od wiek\u00f3w splecione s\u0105 nierozerwaln\u0105 i niezwyk\u0142\u0105 wi\u0119zi\u0105, kt\u00f3ra sprawia, [&hellip;]<\/p>\n","protected":false},"author":6,"featured_media":14073,"comment_status":"open","ping_status":"open","sticky":false,"template":"","format":"standard","meta":{"ngg_post_thumbnail":0,"footnotes":""},"categories":[77,50,3],"tags":[],"class_list":["post-14047","post","type-post","status-publish","format-standard","has-post-thumbnail","hentry","category-wazne-daty","category-wspolpraca-miedzynarodowa","category-wydarzenia"],"_links":{"self":[{"href":"https:\/\/marekkuchcinski.pl\/cs\/wp-json\/wp\/v2\/posts\/14047","targetHints":{"allow":["GET"]}}],"collection":[{"href":"https:\/\/marekkuchcinski.pl\/cs\/wp-json\/wp\/v2\/posts"}],"about":[{"href":"https:\/\/marekkuchcinski.pl\/cs\/wp-json\/wp\/v2\/types\/post"}],"author":[{"embeddable":true,"href":"https:\/\/marekkuchcinski.pl\/cs\/wp-json\/wp\/v2\/users\/6"}],"replies":[{"embeddable":true,"href":"https:\/\/marekkuchcinski.pl\/cs\/wp-json\/wp\/v2\/comments?post=14047"}],"version-history":[{"count":28,"href":"https:\/\/marekkuchcinski.pl\/cs\/wp-json\/wp\/v2\/posts\/14047\/revisions"}],"predecessor-version":[{"id":22241,"href":"https:\/\/marekkuchcinski.pl\/cs\/wp-json\/wp\/v2\/posts\/14047\/revisions\/22241"}],"wp:featuredmedia":[{"embeddable":true,"href":"https:\/\/marekkuchcinski.pl\/cs\/wp-json\/wp\/v2\/media\/14073"}],"wp:attachment":[{"href":"https:\/\/marekkuchcinski.pl\/cs\/wp-json\/wp\/v2\/media?parent=14047"}],"wp:term":[{"taxonomy":"category","embeddable":true,"href":"https:\/\/marekkuchcinski.pl\/cs\/wp-json\/wp\/v2\/categories?post=14047"},{"taxonomy":"post_tag","embeddable":true,"href":"https:\/\/marekkuchcinski.pl\/cs\/wp-json\/wp\/v2\/tags?post=14047"}],"curies":[{"name":"wp","href":"https:\/\/api.w.org\/{rel}","templated":true}]}}