{"id":13934,"date":"2019-03-21T12:57:33","date_gmt":"2019-03-21T11:57:33","guid":{"rendered":"https:\/\/marekkuchcinski.pl\/?p=13934"},"modified":"2019-03-22T13:42:39","modified_gmt":"2019-03-22T12:42:39","slug":"marszalek-sejmu-odslonil-tablice-ku-pamieci-profesora-uniwersytetu-gdanskiego-prezydenta-lacha-kaczynskiego","status":"publish","type":"post","link":"https:\/\/marekkuchcinski.pl\/cs\/wazne-daty\/marszalek-sejmu-odslonil-tablice-ku-pamieci-profesora-uniwersytetu-gdanskiego-prezydenta-lacha-kaczynskiego\/","title":{"rendered":"P\u0159edseda Sejmu odhalil pam\u011btn\u00ed desku profesora Gda\u0148sk\u00e9 univerzity Lacha Kaczynsk\u00e9ho."},"content":{"rendered":"<p><strong>Gda\u0148sk\u00e1 univerzita vstoupila do roku zah\u00e1jen\u00ed oslav 50. v\u00fdro\u010d\u00ed sv\u00e9ho zalo\u017een\u00ed. Jak \u0159ekl p\u0159edseda Sejmu Marek Kuchci\u0144ski: univerzita nezapomn\u011bla na sv\u00e9ho profesora, rektora pr\u00e1vnick\u00e9 fakulty, kter\u00fd j\u00ed v\u011bnoval 28 let sv\u00e9ho \u017eivota. Jako politik, v\u011bdec a vynikaj\u00edc\u00ed teoretik pracovn\u00edho pr\u00e1va byl na sv\u00e9 alma mater ocen\u011bn pam\u011btn\u00ed deskou.<\/strong><\/p>\n<p>Jeden z inici\u00e1tor\u016f pam\u011btn\u00ed desky, Tomasz Rakowski, prezident Nadace Identita a Solidarita, uvedl, \u017ee kr\u00e1sn\u00e1 a d\u016fstojn\u00e1 cesta Lecha Kaczy\u0144sk\u00e9ho - od protikomunistick\u00e9 opozi\u010dn\u00ed \u010dinnosti, spoluzalo\u017een\u00ed Solidarity, p\u0159es pr\u00e1ci v parlamentu, p\u0159edsednictv\u00ed Nejvy\u0161\u0161\u00edho kontroln\u00edho \u00fa\u0159adu (NIK), funkci ministra spravedlnosti, k\u0159eslo prim\u00e1tora Var\u0161avy a prezidenta Polska - si zaslou\u017e\u00ed ocen\u011bn\u00ed a p\u0159ipomenut\u00ed.<\/p>\n<p>- Lech Kaczy\u0144ski m\u016f\u017ee b\u00fdt pro studenty a zam\u011bstnance univerzity inspirac\u00ed a vzorem. Mlad\u00fd dvacetilet\u00fd doktorand, zam\u011bstnanec Gda\u0148sk\u00e9 univerzity - st\u00e1tn\u00ed univerzity, ve m\u011bst\u011b, kter\u00e9 si je\u0161t\u011b pamatuje teror, masakr d\u011bln\u00edk\u016f v roce 1970... Nejde za davem, jde za hlasem sv\u00e9ho srdce a riskuje kari\u00e9ru. Pro pob\u0159e\u017en\u00ed svobodn\u00e9 odbory je neoceniteln\u00fdm pokladem. Pr\u00e1vn\u00edk, vynikaj\u00edc\u00ed odborn\u00edk na pracovn\u00ed pr\u00e1vo. Takov\u00fdch lid\u00ed bylo tehdy m\u00e1lo a je\u0161t\u011b m\u00e9n\u011b bylo t\u011bch, kte\u0159\u00ed byli ochotni riskovat pr\u00e1ci pro opozici. Ne\u0159\u00edk\u00e1m: v\u016fbec ne. Pom\u00e1h\u00e1 pracovn\u00edk\u016fm t\u00edm, \u017ee je seznamuje s jejich pr\u00e1vy. P\u00ed\u0161e dopisy, odvol\u00e1n\u00ed, st\u00ed\u017enosti, pom\u00e1h\u00e1 utla\u010dovan\u00fdm. Riskuje. Nemusel. Mohl se uzav\u0159\u00edt do bezpe\u010dn\u00fdch zd\u00ed univerzitn\u00ed kari\u00e9ry, ale zvolil si jinou cestu. Tak se rod\u00ed Solidarita,\" \u0159ekl Rakowski.<\/p>\n<p>Dal\u0161\u00ed z inici\u00e1tor\u016f pam\u011btn\u00ed desky, doktorand profesora Lecha Kaczy\u0144sk\u00e9ho, v sou\u010dasnosti d\u011bkan Pr\u00e1vnick\u00e9 a spr\u00e1vn\u00ed fakulty UHK Jakub Stelina, p\u0159e\u010detl dopis Jaros\u0142awa Kaczy\u0144sk\u00e9ho. Zd\u016fraznil tak\u00e9, \u017ee profesor Lech Kaczy\u0144ski byl nejen politikem, ale tak\u00e9 v\u011bdcem - vynikaj\u00edc\u00edm teoretikem pracovn\u00edho pr\u00e1va, kter\u00fd se v\u00fdznamn\u011b zaslou\u017eil o rozvoj tohoto pr\u00e1vn\u00edho oboru.<\/p>\n<p>Stoj\u00ed za to p\u0159ipomenout, \u017ee Lech Kaczy\u0144ski prolomil v\u0161emocnost st\u00e1tu. Uk\u00e1zal, \u017ee pracovn\u00edk m\u016f\u017ee po\u017e\u00e1dat o spravedliv\u00e9 zam\u011bstn\u00e1n\u00ed, v\u00fdhodn\u00e9 podm\u00ednky pro sebe nebo o soci\u00e1ln\u00ed d\u016fchod, kdy\u017e nen\u00ed schopen pracovat.<\/p>\n<p>Bratra Lecha Kaczy\u0144sk\u00e9ho Jaros\u0142awa a polsk\u00fd Sejm zastupoval p\u0159edseda Sejmu Marek Kuchci\u0144ski. - Univerzita pro n\u011bj byla velmi d\u016fle\u017eit\u00e1 a v\u011bdeck\u00e1 komunita - jak \u0159\u00edkal Jaros\u0142aw Kaczy\u0144ski - jeho p\u0159irozen\u00fdm prost\u0159ed\u00edm. P\u0159esto\u017ee byl v t\u00e9to dob\u011b tak\u00e9 pohlcen ve\u0159ejn\u00fdmi z\u00e1le\u017eitostmi. A nakonec ho pln\u011b pohltili a\u017e do tragick\u00e9ho konce,\" \u0159ekl p\u0159edseda Sejmu. Marek Kuchci\u0144ski zd\u016fraznil, \u017ee je\u0161t\u011b v posledn\u00edch m\u011bs\u00edc\u00edch p\u0159ed sv\u00fdm n\u00e1hl\u00fdm odchodem pl\u00e1noval Lech Kaczy\u0144ski n\u00e1vrat na univerzitu.<\/p>\n<p>Prezident Polsk\u00e9 republiky Andrzej Duda adresoval \u00fa\u010dastn\u00edk\u016fm slavnostn\u00edho ceremoni\u00e1lu dopis. Napsal v n\u011bm, \u017ee Lech Kaczy\u0144ski je vzpom\u00edn\u00e1n jako vynikaj\u00edc\u00ed st\u00e1tn\u00edk a \u00fa\u0159edn\u00edk, kter\u00fd v\u017edy dob\u0159e slou\u017eil republice a sv\u00fdm krajan\u016fm. V kol\u00e9bce Solidarity se na n\u011bj ale vzpom\u00edn\u00e1 tak\u00e9 proto, \u017ee zde t\u00e9m\u011b\u0159 30 let p\u016fsobil jako lektor a v\u00fdzkumn\u00fd pracovn\u00edk. Ve zdech Gda\u0148sk\u00e9 univerzity z\u00edskal n\u011bkolik akademick\u00fdch titul\u016f a z\u00e1rove\u0148 se v\u011bnoval \u010dil\u00e9 opozi\u010dn\u00ed a spole\u010densk\u00e9 \u010dinnosti. Jeho vynikaj\u00edc\u00ed znalosti pracovn\u00edho pr\u00e1va byly vyu\u017eity v praxi, co\u017e mu umo\u017enilo podporovat odborov\u00e9 hnut\u00ed sv\u00fdmi znalostmi, zku\u0161enostmi a radami. (...)<\/p>\n<p>Zd\u00e1 se, \u017ee s\u00edla a odvaha profesora Lecha Kaczy\u0144sk\u00e9ho st\u00e1le p\u0159etrv\u00e1vaj\u00ed ve zdech univerzity. Jej\u00ed rektor - profesor Jerzy Piotr Gwizda\u0142a - \u0159ekl, \u017ee univerzita se neboj\u00ed v\u00fdzev. - Hl\u00e1s\u00edme se k efektivn\u00ed pr\u00e1ci, odvaze p\u0159em\u00fd\u0161let, otev\u0159enosti v\u016f\u010di druh\u00fdm a sv\u011btu. Za pochopen\u00ed na\u0161eho spole\u010dn\u00e9ho posl\u00e1n\u00ed a ka\u017edodenn\u00edch \u00fakol\u016f bych cht\u011bl pod\u011bkovat cel\u00e9 komunit\u011b na\u0161\u00ed univerzity a v\u0161em, kte\u0159\u00ed v uplynul\u00fdch 50 letech spole\u010dn\u011b s akademickou obc\u00ed budovali presti\u017e a postaven\u00ed na\u0161\u00ed univerzity, - argumentoval.<\/p>\n<p>Slavnostn\u00edho ceremoni\u00e1lu se z\u00fa\u010dastnili poslanci parlamentu, p\u0159edstavitel\u00e9 st\u00e1tn\u00edch, m\u00edstn\u00edch a c\u00edrkevn\u00edch org\u00e1n\u016f, diplomatick\u00fd sbor, rekto\u0159i univerzit, z\u00e1stupci v\u011bdeck\u00fdch instituc\u00ed, ve\u0159ejn\u00fdch instituc\u00ed a pomo\u0159ansk\u00fdch podnik\u016f a akademick\u00e1 obec Gda\u0148sk\u00e9 univerzity.<\/p>\n<p><em>text\/ foto Marta Olejnik\/ KS<\/em><\/p>\n<p><a href=\"https:\/\/marekkuchcinski.pl\/wp-content\/uploads\/2019\/03\/IMG_9263.jpg\"><img fetchpriority=\"high\" decoding=\"async\" class=\"alignnone size-full wp-image-13937\" src=\"https:\/\/marekkuchcinski.pl\/wp-content\/uploads\/2019\/03\/IMG_9263.jpg\" alt=\"IMG_9263\" width=\"5821\" height=\"3971\" srcset=\"https:\/\/marekkuchcinski.pl\/wp-content\/uploads\/2019\/03\/IMG_9263.jpg 2048w, https:\/\/marekkuchcinski.pl\/wp-content\/uploads\/2019\/03\/IMG_9263-300x205.jpg 300w, https:\/\/marekkuchcinski.pl\/wp-content\/uploads\/2019\/03\/IMG_9263-768x524.jpg 768w, https:\/\/marekkuchcinski.pl\/wp-content\/uploads\/2019\/03\/IMG_9263-1024x699.jpg 1024w\" sizes=\"(max-width: 5821px) 100vw, 5821px\" \/><\/a> <a href=\"https:\/\/marekkuchcinski.pl\/wp-content\/uploads\/2019\/03\/IMG_9312.jpg\"><img decoding=\"async\" class=\"alignnone size-full wp-image-13938\" src=\"https:\/\/marekkuchcinski.pl\/wp-content\/uploads\/2019\/03\/IMG_9312.jpg\" alt=\"IMG_9312\" width=\"4311\" height=\"2947\" srcset=\"https:\/\/marekkuchcinski.pl\/wp-content\/uploads\/2019\/03\/IMG_9312.jpg 2048w, https:\/\/marekkuchcinski.pl\/wp-content\/uploads\/2019\/03\/IMG_9312-300x205.jpg 300w, https:\/\/marekkuchcinski.pl\/wp-content\/uploads\/2019\/03\/IMG_9312-768x525.jpg 768w, https:\/\/marekkuchcinski.pl\/wp-content\/uploads\/2019\/03\/IMG_9312-1024x700.jpg 1024w\" sizes=\"(max-width: 4311px) 100vw, 4311px\" \/><\/a> <a href=\"https:\/\/marekkuchcinski.pl\/wp-content\/uploads\/2019\/03\/IMG_9303.jpg\"><img decoding=\"async\" class=\"alignnone size-full wp-image-13997\" src=\"https:\/\/marekkuchcinski.pl\/wp-content\/uploads\/2019\/03\/IMG_9303.jpg\" alt=\"IMG_9303\" width=\"5541\" height=\"3381\" srcset=\"https:\/\/marekkuchcinski.pl\/wp-content\/uploads\/2019\/03\/IMG_9303.jpg 2048w, https:\/\/marekkuchcinski.pl\/wp-content\/uploads\/2019\/03\/IMG_9303-300x183.jpg 300w, https:\/\/marekkuchcinski.pl\/wp-content\/uploads\/2019\/03\/IMG_9303-768x469.jpg 768w, https:\/\/marekkuchcinski.pl\/wp-content\/uploads\/2019\/03\/IMG_9303-1024x625.jpg 1024w\" sizes=\"(max-width: 5541px) 100vw, 5541px\" \/><\/a><a href=\"https:\/\/marekkuchcinski.pl\/wp-content\/uploads\/2019\/03\/IMG_9337.jpg\"><img loading=\"lazy\" decoding=\"async\" class=\"alignnone size-full wp-image-13941\" src=\"https:\/\/marekkuchcinski.pl\/wp-content\/uploads\/2019\/03\/IMG_9337.jpg\" alt=\"IMG_9337\" width=\"6240\" height=\"4160\" srcset=\"https:\/\/marekkuchcinski.pl\/wp-content\/uploads\/2019\/03\/IMG_9337.jpg 2048w, https:\/\/marekkuchcinski.pl\/wp-content\/uploads\/2019\/03\/IMG_9337-300x200.jpg 300w, https:\/\/marekkuchcinski.pl\/wp-content\/uploads\/2019\/03\/IMG_9337-768x512.jpg 768w, https:\/\/marekkuchcinski.pl\/wp-content\/uploads\/2019\/03\/IMG_9337-1024x683.jpg 1024w\" sizes=\"(max-width: 6240px) 100vw, 6240px\" \/><\/a> <a href=\"https:\/\/marekkuchcinski.pl\/wp-content\/uploads\/2019\/03\/IMG_9345.jpg\"><img loading=\"lazy\" decoding=\"async\" class=\"alignnone size-full wp-image-13947\" src=\"https:\/\/marekkuchcinski.pl\/wp-content\/uploads\/2019\/03\/IMG_9345.jpg\" alt=\"IMG_9345\" width=\"5145\" height=\"3351\" srcset=\"https:\/\/marekkuchcinski.pl\/wp-content\/uploads\/2019\/03\/IMG_9345.jpg 2048w, https:\/\/marekkuchcinski.pl\/wp-content\/uploads\/2019\/03\/IMG_9345-300x195.jpg 300w, https:\/\/marekkuchcinski.pl\/wp-content\/uploads\/2019\/03\/IMG_9345-768x500.jpg 768w, https:\/\/marekkuchcinski.pl\/wp-content\/uploads\/2019\/03\/IMG_9345-1024x667.jpg 1024w\" sizes=\"(max-width: 5145px) 100vw, 5145px\" \/><\/a> <a href=\"https:\/\/marekkuchcinski.pl\/wp-content\/uploads\/2019\/03\/IMG_9352.jpg\"><img loading=\"lazy\" decoding=\"async\" class=\"alignnone size-full wp-image-13951\" src=\"https:\/\/marekkuchcinski.pl\/wp-content\/uploads\/2019\/03\/IMG_9352.jpg\" alt=\"IMG_9352\" width=\"4893\" height=\"3069\" srcset=\"https:\/\/marekkuchcinski.pl\/wp-content\/uploads\/2019\/03\/IMG_9352.jpg 2048w, https:\/\/marekkuchcinski.pl\/wp-content\/uploads\/2019\/03\/IMG_9352-300x188.jpg 300w, https:\/\/marekkuchcinski.pl\/wp-content\/uploads\/2019\/03\/IMG_9352-768x482.jpg 768w, https:\/\/marekkuchcinski.pl\/wp-content\/uploads\/2019\/03\/IMG_9352-1024x642.jpg 1024w\" sizes=\"(max-width: 4893px) 100vw, 4893px\" \/><\/a> <a href=\"https:\/\/marekkuchcinski.pl\/wp-content\/uploads\/2019\/03\/IMG_9371.jpg\"><img loading=\"lazy\" decoding=\"async\" class=\"alignnone size-full wp-image-13952\" src=\"https:\/\/marekkuchcinski.pl\/wp-content\/uploads\/2019\/03\/IMG_9371.jpg\" alt=\"IMG_9371\" width=\"6046\" height=\"4143\" srcset=\"https:\/\/marekkuchcinski.pl\/wp-content\/uploads\/2019\/03\/IMG_9371.jpg 2048w, https:\/\/marekkuchcinski.pl\/wp-content\/uploads\/2019\/03\/IMG_9371-300x206.jpg 300w, https:\/\/marekkuchcinski.pl\/wp-content\/uploads\/2019\/03\/IMG_9371-768x526.jpg 768w, https:\/\/marekkuchcinski.pl\/wp-content\/uploads\/2019\/03\/IMG_9371-1024x702.jpg 1024w\" sizes=\"(max-width: 6046px) 100vw, 6046px\" \/><\/a> <a href=\"https:\/\/marekkuchcinski.pl\/wp-content\/uploads\/2019\/03\/IMG_9374.jpg\"><img loading=\"lazy\" decoding=\"async\" class=\"alignnone size-full wp-image-13954\" src=\"https:\/\/marekkuchcinski.pl\/wp-content\/uploads\/2019\/03\/IMG_9374.jpg\" alt=\"IMG_9374\" width=\"6022\" height=\"3771\" srcset=\"https:\/\/marekkuchcinski.pl\/wp-content\/uploads\/2019\/03\/IMG_9374.jpg 2048w, https:\/\/marekkuchcinski.pl\/wp-content\/uploads\/2019\/03\/IMG_9374-300x188.jpg 300w, https:\/\/marekkuchcinski.pl\/wp-content\/uploads\/2019\/03\/IMG_9374-768x481.jpg 768w, https:\/\/marekkuchcinski.pl\/wp-content\/uploads\/2019\/03\/IMG_9374-1024x641.jpg 1024w\" sizes=\"(max-width: 6022px) 100vw, 6022px\" \/><\/a> <a href=\"https:\/\/marekkuchcinski.pl\/wp-content\/uploads\/2019\/03\/IMG_9377.jpg\"><img loading=\"lazy\" decoding=\"async\" class=\"alignnone size-full wp-image-13956\" src=\"https:\/\/marekkuchcinski.pl\/wp-content\/uploads\/2019\/03\/IMG_9377.jpg\" alt=\"IMG_9377\" width=\"5300\" height=\"3420\" srcset=\"https:\/\/marekkuchcinski.pl\/wp-content\/uploads\/2019\/03\/IMG_9377.jpg 2048w, https:\/\/marekkuchcinski.pl\/wp-content\/uploads\/2019\/03\/IMG_9377-300x194.jpg 300w, https:\/\/marekkuchcinski.pl\/wp-content\/uploads\/2019\/03\/IMG_9377-768x496.jpg 768w, https:\/\/marekkuchcinski.pl\/wp-content\/uploads\/2019\/03\/IMG_9377-1024x661.jpg 1024w\" sizes=\"(max-width: 5300px) 100vw, 5300px\" \/><\/a> <a href=\"https:\/\/marekkuchcinski.pl\/wp-content\/uploads\/2019\/03\/IMG_9577.jpg\"><img loading=\"lazy\" decoding=\"async\" class=\"alignnone size-full wp-image-13965\" src=\"https:\/\/marekkuchcinski.pl\/wp-content\/uploads\/2019\/03\/IMG_9577.jpg\" alt=\"IMG_9577\" width=\"5113\" height=\"3556\" srcset=\"https:\/\/marekkuchcinski.pl\/wp-content\/uploads\/2019\/03\/IMG_9577.jpg 2048w, https:\/\/marekkuchcinski.pl\/wp-content\/uploads\/2019\/03\/IMG_9577-300x209.jpg 300w, https:\/\/marekkuchcinski.pl\/wp-content\/uploads\/2019\/03\/IMG_9577-768x534.jpg 768w, https:\/\/marekkuchcinski.pl\/wp-content\/uploads\/2019\/03\/IMG_9577-1024x712.jpg 1024w\" sizes=\"(max-width: 5113px) 100vw, 5113px\" \/><\/a> <a href=\"https:\/\/marekkuchcinski.pl\/wp-content\/uploads\/2019\/03\/IMG_9595.jpg\"><img loading=\"lazy\" decoding=\"async\" class=\"alignnone size-full wp-image-13967\" src=\"https:\/\/marekkuchcinski.pl\/wp-content\/uploads\/2019\/03\/IMG_9595.jpg\" alt=\"IMG_9595\" width=\"4948\" height=\"3535\" srcset=\"https:\/\/marekkuchcinski.pl\/wp-content\/uploads\/2019\/03\/IMG_9595.jpg 2048w, https:\/\/marekkuchcinski.pl\/wp-content\/uploads\/2019\/03\/IMG_9595-300x214.jpg 300w, https:\/\/marekkuchcinski.pl\/wp-content\/uploads\/2019\/03\/IMG_9595-768x549.jpg 768w, https:\/\/marekkuchcinski.pl\/wp-content\/uploads\/2019\/03\/IMG_9595-1024x732.jpg 1024w\" sizes=\"(max-width: 4948px) 100vw, 4948px\" \/><\/a> <a href=\"https:\/\/marekkuchcinski.pl\/wp-content\/uploads\/2019\/03\/IMG_9644.jpg\"><img loading=\"lazy\" decoding=\"async\" class=\"alignnone size-full wp-image-13969\" src=\"https:\/\/marekkuchcinski.pl\/wp-content\/uploads\/2019\/03\/IMG_9644.jpg\" alt=\"IMG_9644\" width=\"5335\" height=\"3868\" srcset=\"https:\/\/marekkuchcinski.pl\/wp-content\/uploads\/2019\/03\/IMG_9644.jpg 2048w, https:\/\/marekkuchcinski.pl\/wp-content\/uploads\/2019\/03\/IMG_9644-300x218.jpg 300w, https:\/\/marekkuchcinski.pl\/wp-content\/uploads\/2019\/03\/IMG_9644-768x557.jpg 768w, https:\/\/marekkuchcinski.pl\/wp-content\/uploads\/2019\/03\/IMG_9644-1024x742.jpg 1024w\" sizes=\"(max-width: 5335px) 100vw, 5335px\" \/><\/a> <a href=\"https:\/\/marekkuchcinski.pl\/wp-content\/uploads\/2019\/03\/IMG_9701.jpg\"><img loading=\"lazy\" decoding=\"async\" class=\"alignnone size-full wp-image-13972\" src=\"https:\/\/marekkuchcinski.pl\/wp-content\/uploads\/2019\/03\/IMG_9701.jpg\" alt=\"IMG_9701\" width=\"3516\" height=\"2477\" srcset=\"https:\/\/marekkuchcinski.pl\/wp-content\/uploads\/2019\/03\/IMG_9701.jpg 2048w, https:\/\/marekkuchcinski.pl\/wp-content\/uploads\/2019\/03\/IMG_9701-300x211.jpg 300w, https:\/\/marekkuchcinski.pl\/wp-content\/uploads\/2019\/03\/IMG_9701-768x541.jpg 768w, https:\/\/marekkuchcinski.pl\/wp-content\/uploads\/2019\/03\/IMG_9701-1024x721.jpg 1024w\" sizes=\"(max-width: 3516px) 100vw, 3516px\" \/><\/a> <a href=\"https:\/\/marekkuchcinski.pl\/wp-content\/uploads\/2019\/03\/IMG_9730.jpg\"><img loading=\"lazy\" decoding=\"async\" class=\"alignnone size-full wp-image-13973\" src=\"https:\/\/marekkuchcinski.pl\/wp-content\/uploads\/2019\/03\/IMG_9730.jpg\" alt=\"IMG_9730\" width=\"6121\" height=\"4078\" srcset=\"https:\/\/marekkuchcinski.pl\/wp-content\/uploads\/2019\/03\/IMG_9730.jpg 2048w, https:\/\/marekkuchcinski.pl\/wp-content\/uploads\/2019\/03\/IMG_9730-300x200.jpg 300w, https:\/\/marekkuchcinski.pl\/wp-content\/uploads\/2019\/03\/IMG_9730-768x512.jpg 768w, https:\/\/marekkuchcinski.pl\/wp-content\/uploads\/2019\/03\/IMG_9730-1024x682.jpg 1024w\" sizes=\"(max-width: 6121px) 100vw, 6121px\" \/><\/a> <a href=\"https:\/\/marekkuchcinski.pl\/wp-content\/uploads\/2019\/03\/IMG_9745.jpg\"><img loading=\"lazy\" decoding=\"async\" class=\"alignnone size-full wp-image-13975\" src=\"https:\/\/marekkuchcinski.pl\/wp-content\/uploads\/2019\/03\/IMG_9745.jpg\" alt=\"IMG_9745\" width=\"4981\" height=\"3076\" srcset=\"https:\/\/marekkuchcinski.pl\/wp-content\/uploads\/2019\/03\/IMG_9745.jpg 2048w, https:\/\/marekkuchcinski.pl\/wp-content\/uploads\/2019\/03\/IMG_9745-300x185.jpg 300w, https:\/\/marekkuchcinski.pl\/wp-content\/uploads\/2019\/03\/IMG_9745-768x474.jpg 768w, https:\/\/marekkuchcinski.pl\/wp-content\/uploads\/2019\/03\/IMG_9745-1024x632.jpg 1024w\" sizes=\"(max-width: 4981px) 100vw, 4981px\" \/><\/a> <a href=\"https:\/\/marekkuchcinski.pl\/wp-content\/uploads\/2019\/03\/IMG_9750.jpg\"><img loading=\"lazy\" decoding=\"async\" class=\"alignnone size-full wp-image-13977\" src=\"https:\/\/marekkuchcinski.pl\/wp-content\/uploads\/2019\/03\/IMG_9750.jpg\" alt=\"IMG_9750\" width=\"4824\" height=\"2834\" srcset=\"https:\/\/marekkuchcinski.pl\/wp-content\/uploads\/2019\/03\/IMG_9750.jpg 2048w, https:\/\/marekkuchcinski.pl\/wp-content\/uploads\/2019\/03\/IMG_9750-300x176.jpg 300w, https:\/\/marekkuchcinski.pl\/wp-content\/uploads\/2019\/03\/IMG_9750-768x451.jpg 768w, https:\/\/marekkuchcinski.pl\/wp-content\/uploads\/2019\/03\/IMG_9750-1024x602.jpg 1024w\" sizes=\"(max-width: 4824px) 100vw, 4824px\" \/><\/a> <a href=\"https:\/\/marekkuchcinski.pl\/wp-content\/uploads\/2019\/03\/IMG_9752.jpg\"><img loading=\"lazy\" decoding=\"async\" class=\"alignnone size-full wp-image-13978\" src=\"https:\/\/marekkuchcinski.pl\/wp-content\/uploads\/2019\/03\/IMG_9752.jpg\" alt=\"IMG_9752\" width=\"4426\" height=\"2936\" srcset=\"https:\/\/marekkuchcinski.pl\/wp-content\/uploads\/2019\/03\/IMG_9752.jpg 2048w, https:\/\/marekkuchcinski.pl\/wp-content\/uploads\/2019\/03\/IMG_9752-300x199.jpg 300w, https:\/\/marekkuchcinski.pl\/wp-content\/uploads\/2019\/03\/IMG_9752-768x509.jpg 768w, https:\/\/marekkuchcinski.pl\/wp-content\/uploads\/2019\/03\/IMG_9752-1024x679.jpg 1024w\" sizes=\"(max-width: 4426px) 100vw, 4426px\" \/><\/a><a href=\"https:\/\/marekkuchcinski.pl\/wp-content\/uploads\/2019\/03\/IMG_9789-1.jpg\"><img loading=\"lazy\" decoding=\"async\" class=\"alignnone size-full wp-image-14040\" src=\"https:\/\/marekkuchcinski.pl\/wp-content\/uploads\/2019\/03\/IMG_9789-1.jpg\" alt=\"IMG_9789\" width=\"4903\" height=\"3112\" srcset=\"https:\/\/marekkuchcinski.pl\/wp-content\/uploads\/2019\/03\/IMG_9789-1.jpg 2048w, https:\/\/marekkuchcinski.pl\/wp-content\/uploads\/2019\/03\/IMG_9789-1-300x190.jpg 300w, https:\/\/marekkuchcinski.pl\/wp-content\/uploads\/2019\/03\/IMG_9789-1-768x487.jpg 768w, https:\/\/marekkuchcinski.pl\/wp-content\/uploads\/2019\/03\/IMG_9789-1-1024x650.jpg 1024w\" sizes=\"(max-width: 4903px) 100vw, 4903px\" \/><\/a> <a href=\"https:\/\/marekkuchcinski.pl\/wp-content\/uploads\/2019\/03\/IMG_9801.jpg\"><img loading=\"lazy\" decoding=\"async\" class=\"alignnone size-full wp-image-13983\" src=\"https:\/\/marekkuchcinski.pl\/wp-content\/uploads\/2019\/03\/IMG_9801.jpg\" alt=\"IMG_9801\" width=\"5208\" height=\"3365\" srcset=\"https:\/\/marekkuchcinski.pl\/wp-content\/uploads\/2019\/03\/IMG_9801.jpg 2048w, https:\/\/marekkuchcinski.pl\/wp-content\/uploads\/2019\/03\/IMG_9801-300x194.jpg 300w, https:\/\/marekkuchcinski.pl\/wp-content\/uploads\/2019\/03\/IMG_9801-768x496.jpg 768w, https:\/\/marekkuchcinski.pl\/wp-content\/uploads\/2019\/03\/IMG_9801-1024x662.jpg 1024w\" sizes=\"(max-width: 5208px) 100vw, 5208px\" \/><\/a> <a href=\"https:\/\/marekkuchcinski.pl\/wp-content\/uploads\/2019\/03\/IMG_9898.jpg\"><img loading=\"lazy\" decoding=\"async\" class=\"alignnone size-full wp-image-13986\" src=\"https:\/\/marekkuchcinski.pl\/wp-content\/uploads\/2019\/03\/IMG_9898.jpg\" alt=\"IMG_9898\" width=\"5742\" height=\"3748\" srcset=\"https:\/\/marekkuchcinski.pl\/wp-content\/uploads\/2019\/03\/IMG_9898.jpg 2048w, https:\/\/marekkuchcinski.pl\/wp-content\/uploads\/2019\/03\/IMG_9898-300x196.jpg 300w, https:\/\/marekkuchcinski.pl\/wp-content\/uploads\/2019\/03\/IMG_9898-768x501.jpg 768w, https:\/\/marekkuchcinski.pl\/wp-content\/uploads\/2019\/03\/IMG_9898-1024x668.jpg 1024w\" sizes=\"(max-width: 5742px) 100vw, 5742px\" \/><\/a> Prezident Nadace Identita a solidarita Tomasz Rakowski<a href=\"https:\/\/marekkuchcinski.pl\/wp-content\/uploads\/2019\/03\/IMG_9918.jpg\"> <img loading=\"lazy\" decoding=\"async\" class=\"alignnone size-full wp-image-13989\" src=\"https:\/\/marekkuchcinski.pl\/wp-content\/uploads\/2019\/03\/IMG_9918.jpg\" alt=\"IMG_9918\" width=\"4914\" height=\"3264\" srcset=\"https:\/\/marekkuchcinski.pl\/wp-content\/uploads\/2019\/03\/IMG_9918.jpg 2048w, https:\/\/marekkuchcinski.pl\/wp-content\/uploads\/2019\/03\/IMG_9918-300x199.jpg 300w, https:\/\/marekkuchcinski.pl\/wp-content\/uploads\/2019\/03\/IMG_9918-768x510.jpg 768w, https:\/\/marekkuchcinski.pl\/wp-content\/uploads\/2019\/03\/IMG_9918-1024x680.jpg 1024w\" sizes=\"(max-width: 4914px) 100vw, 4914px\" \/><\/a> Pam\u011btn\u00ed desku na po\u010dest Lecha Kaczy\u0144sk\u00e9ho posv\u011btil arcibiskup Slawoj Leszek G\u0142\u00f3d\u017a.<a href=\"https:\/\/marekkuchcinski.pl\/wp-content\/uploads\/2019\/03\/IMG_9928.jpg\"><img loading=\"lazy\" decoding=\"async\" class=\"alignnone size-full wp-image-13992\" src=\"https:\/\/marekkuchcinski.pl\/wp-content\/uploads\/2019\/03\/IMG_9928.jpg\" alt=\"IMG_9928\" width=\"5076\" height=\"3664\" srcset=\"https:\/\/marekkuchcinski.pl\/wp-content\/uploads\/2019\/03\/IMG_9928.jpg 2048w, https:\/\/marekkuchcinski.pl\/wp-content\/uploads\/2019\/03\/IMG_9928-300x217.jpg 300w, https:\/\/marekkuchcinski.pl\/wp-content\/uploads\/2019\/03\/IMG_9928-768x554.jpg 768w, https:\/\/marekkuchcinski.pl\/wp-content\/uploads\/2019\/03\/IMG_9928-1024x739.jpg 1024w\" sizes=\"(max-width: 5076px) 100vw, 5076px\" \/><\/a><a href=\"https:\/\/marekkuchcinski.pl\/wp-content\/uploads\/2019\/03\/IMG_9949.jpg\"><img loading=\"lazy\" decoding=\"async\" class=\"alignnone size-full wp-image-14041\" src=\"https:\/\/marekkuchcinski.pl\/wp-content\/uploads\/2019\/03\/IMG_9949.jpg\" alt=\"IMG_9949\" width=\"2673\" height=\"3403\" srcset=\"https:\/\/marekkuchcinski.pl\/wp-content\/uploads\/2019\/03\/IMG_9949.jpg 1609w, https:\/\/marekkuchcinski.pl\/wp-content\/uploads\/2019\/03\/IMG_9949-236x300.jpg 236w, https:\/\/marekkuchcinski.pl\/wp-content\/uploads\/2019\/03\/IMG_9949-768x978.jpg 768w, https:\/\/marekkuchcinski.pl\/wp-content\/uploads\/2019\/03\/IMG_9949-804x1024.jpg 804w\" sizes=\"(max-width: 2673px) 100vw, 2673px\" \/><\/a><a href=\"https:\/\/marekkuchcinski.pl\/wp-content\/uploads\/2019\/03\/IMG_9987-1.jpg\"><img loading=\"lazy\" decoding=\"async\" class=\"alignnone size-full wp-image-14003\" src=\"https:\/\/marekkuchcinski.pl\/wp-content\/uploads\/2019\/03\/IMG_9987-1.jpg\" alt=\"IMG_9987\" width=\"3970\" height=\"2759\" srcset=\"https:\/\/marekkuchcinski.pl\/wp-content\/uploads\/2019\/03\/IMG_9987-1.jpg 2048w, https:\/\/marekkuchcinski.pl\/wp-content\/uploads\/2019\/03\/IMG_9987-1-300x208.jpg 300w, https:\/\/marekkuchcinski.pl\/wp-content\/uploads\/2019\/03\/IMG_9987-1-768x534.jpg 768w, https:\/\/marekkuchcinski.pl\/wp-content\/uploads\/2019\/03\/IMG_9987-1-1024x712.jpg 1024w\" sizes=\"(max-width: 3970px) 100vw, 3970px\" \/><\/a><a href=\"https:\/\/marekkuchcinski.pl\/wp-content\/uploads\/2019\/03\/LK.jpg\"><img loading=\"lazy\" decoding=\"async\" class=\"alignnone size-full wp-image-14011\" src=\"https:\/\/marekkuchcinski.pl\/wp-content\/uploads\/2019\/03\/LK.jpg\" alt=\"LK\" width=\"1843\" height=\"2410\" srcset=\"https:\/\/marekkuchcinski.pl\/wp-content\/uploads\/2019\/03\/LK.jpg 1566w, https:\/\/marekkuchcinski.pl\/wp-content\/uploads\/2019\/03\/LK-229x300.jpg 229w, https:\/\/marekkuchcinski.pl\/wp-content\/uploads\/2019\/03\/LK-768x1004.jpg 768w, https:\/\/marekkuchcinski.pl\/wp-content\/uploads\/2019\/03\/LK-783x1024.jpg 783w\" sizes=\"(max-width: 1843px) 100vw, 1843px\" \/><\/a><\/p>","protected":false},"excerpt":{"rendered":"<p>Uniwersytet Gda\u0144ski wkroczy\u0142 w rok rozpocz\u0119cia obchod\u00f3w 50-lecia swojego istnienia. Jak powiedzia\u0142 marsza\u0142ek Sejmu Marek Kuchci\u0144ski: Uczelnia nie zapomnia\u0142a o swoim Profesorze, rektorze Wydzia\u0142u Prawa, kt\u00f3ry po\u015bwi\u0119ci\u0142 jej\u00a028 lat swojego \u017cycia. Polityka, naukowca, wybitnego teoretyka prawa pracy Jego Alma Mater\u00a0uhonorowa\u0142a pami\u0105tkow\u0105 tablic\u0105. Jeden z inicjator\u00f3w tablicy, prezes Fundacji \u201eTo\u017csamo\u015b\u0107 i Solidarno\u015b\u0107\u201d Tomasz Rakowski uzasadnia\u0142, \u017ce [&hellip;]<\/p>","protected":false},"author":6,"featured_media":14012,"comment_status":"open","ping_status":"open","sticky":false,"template":"","format":"standard","meta":{"ngg_post_thumbnail":0,"footnotes":""},"categories":[82,77,3],"tags":[],"class_list":["post-13934","post","type-post","status-publish","format-standard","has-post-thumbnail","hentry","category-prawo-i-sprawiedliwosc","category-wazne-daty","category-wydarzenia"],"yoast_head":"<!-- This site is optimized with the Yoast SEO plugin v24.7 - https:\/\/yoast.com\/wordpress\/plugins\/seo\/ -->\n<title>Marsza\u0142ek Sejmu ods\u0142oni\u0142 tablic\u0119 ku pami\u0119ci profesora Uniwersytetu Gda\u0144skiego \u2013 prezydenta Lacha Kaczy\u0144skiego &#8211; Marek Kuchci\u0144ski<\/title>\n<meta name=\"robots\" content=\"index, follow, max-snippet:-1, max-image-preview:large, max-video-preview:-1\" \/>\n<link rel=\"canonical\" href=\"https:\/\/marekkuchcinski.pl\/cs\/wazne-daty\/marszalek-sejmu-odslonil-tablice-ku-pamieci-profesora-uniwersytetu-gdanskiego-prezydenta-lacha-kaczynskiego\/\" \/>\n<meta property=\"og:locale\" content=\"cs_CZ\" \/>\n<meta property=\"og:type\" content=\"article\" \/>\n<meta property=\"og:title\" content=\"Marsza\u0142ek Sejmu ods\u0142oni\u0142 tablic\u0119 ku pami\u0119ci profesora Uniwersytetu Gda\u0144skiego \u2013 prezydenta Lacha Kaczy\u0144skiego &#8211; Marek Kuchci\u0144ski\" \/>\n<meta property=\"og:description\" content=\"Uniwersytet Gda\u0144ski wkroczy\u0142 w rok rozpocz\u0119cia obchod\u00f3w 50-lecia swojego istnienia. Jak powiedzia\u0142 marsza\u0142ek Sejmu Marek Kuchci\u0144ski: Uczelnia nie zapomnia\u0142a o swoim Profesorze, rektorze Wydzia\u0142u Prawa, kt\u00f3ry po\u015bwi\u0119ci\u0142 jej\u00a028 lat swojego \u017cycia. Polityka, naukowca, wybitnego teoretyka prawa pracy Jego Alma Mater\u00a0uhonorowa\u0142a pami\u0105tkow\u0105 tablic\u0105. Jeden z inicjator\u00f3w tablicy, prezes Fundacji \u201eTo\u017csamo\u015b\u0107 i Solidarno\u015b\u0107\u201d Tomasz Rakowski uzasadnia\u0142, \u017ce [&hellip;]\" \/>\n<meta property=\"og:url\" content=\"https:\/\/marekkuchcinski.pl\/cs\/wazne-daty\/marszalek-sejmu-odslonil-tablice-ku-pamieci-profesora-uniwersytetu-gdanskiego-prezydenta-lacha-kaczynskiego\/\" \/>\n<meta property=\"og:site_name\" content=\"Marek Kuchci\u0144ski\" \/>\n<meta property=\"article:published_time\" content=\"2019-03-21T11:57:33+00:00\" \/>\n<meta property=\"article:modified_time\" content=\"2019-03-22T12:42:39+00:00\" \/>\n<meta property=\"og:image\" content=\"https:\/\/marekkuchcinski.pl\/wp-content\/uploads\/2019\/03\/m-i-lk.jpg\" \/>\n\t<meta property=\"og:image:width\" content=\"2048\" \/>\n\t<meta property=\"og:image:height\" content=\"1143\" \/>\n\t<meta property=\"og:image:type\" content=\"image\/jpeg\" \/>\n<meta name=\"author\" content=\"admin\" \/>\n<meta name=\"twitter:card\" content=\"summary_large_image\" \/>\n<meta name=\"twitter:label1\" content=\"Napsal(a)\" \/>\n\t<meta name=\"twitter:data1\" content=\"admin\" \/>\n\t<meta name=\"twitter:label2\" content=\"Odhadovan\u00e1 doba \u010dten\u00ed\" \/>\n\t<meta name=\"twitter:data2\" content=\"4 minuty\" \/>\n<script type=\"application\/ld+json\" class=\"yoast-schema-graph\">{\"@context\":\"https:\/\/schema.org\",\"@graph\":[{\"@type\":\"Article\",\"@id\":\"https:\/\/marekkuchcinski.pl\/en\/wazne-daty\/marszalek-sejmu-odslonil-tablice-ku-pamieci-profesora-uniwersytetu-gdanskiego-prezydenta-lacha-kaczynskiego\/#article\",\"isPartOf\":{\"@id\":\"https:\/\/marekkuchcinski.pl\/en\/wazne-daty\/marszalek-sejmu-odslonil-tablice-ku-pamieci-profesora-uniwersytetu-gdanskiego-prezydenta-lacha-kaczynskiego\/\"},\"author\":{\"name\":\"admin\",\"@id\":\"https:\/\/marekkuchcinski.pl\/#\/schema\/person\/6f62700996b4d950b6ea2d1183b6c6be\"},\"headline\":\"Marsza\u0142ek Sejmu ods\u0142oni\u0142 tablic\u0119 ku pami\u0119ci profesora Uniwersytetu Gda\u0144skiego \u2013 prezydenta Lacha Kaczy\u0144skiego\",\"datePublished\":\"2019-03-21T11:57:33+00:00\",\"dateModified\":\"2019-03-22T12:42:39+00:00\",\"mainEntityOfPage\":{\"@id\":\"https:\/\/marekkuchcinski.pl\/en\/wazne-daty\/marszalek-sejmu-odslonil-tablice-ku-pamieci-profesora-uniwersytetu-gdanskiego-prezydenta-lacha-kaczynskiego\/\"},\"wordCount\":732,\"commentCount\":0,\"publisher\":{\"@id\":\"https:\/\/marekkuchcinski.pl\/#organization\"},\"image\":{\"@id\":\"https:\/\/marekkuchcinski.pl\/en\/wazne-daty\/marszalek-sejmu-odslonil-tablice-ku-pamieci-profesora-uniwersytetu-gdanskiego-prezydenta-lacha-kaczynskiego\/#primaryimage\"},\"thumbnailUrl\":\"https:\/\/marekkuchcinski.pl\/wp-content\/uploads\/2019\/03\/m-i-lk.jpg\",\"articleSection\":[\"Prawo i Sprawiedliwo\u015b\u0107\",\"Wa\u017cne daty\",\"Wydarzenia\"],\"inLanguage\":\"cs\",\"potentialAction\":[{\"@type\":\"CommentAction\",\"name\":\"Comment\",\"target\":[\"https:\/\/marekkuchcinski.pl\/en\/wazne-daty\/marszalek-sejmu-odslonil-tablice-ku-pamieci-profesora-uniwersytetu-gdanskiego-prezydenta-lacha-kaczynskiego\/#respond\"]}]},{\"@type\":\"WebPage\",\"@id\":\"https:\/\/marekkuchcinski.pl\/en\/wazne-daty\/marszalek-sejmu-odslonil-tablice-ku-pamieci-profesora-uniwersytetu-gdanskiego-prezydenta-lacha-kaczynskiego\/\",\"url\":\"https:\/\/marekkuchcinski.pl\/en\/wazne-daty\/marszalek-sejmu-odslonil-tablice-ku-pamieci-profesora-uniwersytetu-gdanskiego-prezydenta-lacha-kaczynskiego\/\",\"name\":\"Marsza\u0142ek Sejmu ods\u0142oni\u0142 tablic\u0119 ku pami\u0119ci profesora Uniwersytetu Gda\u0144skiego \u2013 prezydenta Lacha Kaczy\u0144skiego &#8211; Marek Kuchci\u0144ski\",\"isPartOf\":{\"@id\":\"https:\/\/marekkuchcinski.pl\/#website\"},\"primaryImageOfPage\":{\"@id\":\"https:\/\/marekkuchcinski.pl\/en\/wazne-daty\/marszalek-sejmu-odslonil-tablice-ku-pamieci-profesora-uniwersytetu-gdanskiego-prezydenta-lacha-kaczynskiego\/#primaryimage\"},\"image\":{\"@id\":\"https:\/\/marekkuchcinski.pl\/en\/wazne-daty\/marszalek-sejmu-odslonil-tablice-ku-pamieci-profesora-uniwersytetu-gdanskiego-prezydenta-lacha-kaczynskiego\/#primaryimage\"},\"thumbnailUrl\":\"https:\/\/marekkuchcinski.pl\/wp-content\/uploads\/2019\/03\/m-i-lk.jpg\",\"datePublished\":\"2019-03-21T11:57:33+00:00\",\"dateModified\":\"2019-03-22T12:42:39+00:00\",\"breadcrumb\":{\"@id\":\"https:\/\/marekkuchcinski.pl\/en\/wazne-daty\/marszalek-sejmu-odslonil-tablice-ku-pamieci-profesora-uniwersytetu-gdanskiego-prezydenta-lacha-kaczynskiego\/#breadcrumb\"},\"inLanguage\":\"cs\",\"potentialAction\":[{\"@type\":\"ReadAction\",\"target\":[\"https:\/\/marekkuchcinski.pl\/en\/wazne-daty\/marszalek-sejmu-odslonil-tablice-ku-pamieci-profesora-uniwersytetu-gdanskiego-prezydenta-lacha-kaczynskiego\/\"]}]},{\"@type\":\"ImageObject\",\"inLanguage\":\"cs\",\"@id\":\"https:\/\/marekkuchcinski.pl\/en\/wazne-daty\/marszalek-sejmu-odslonil-tablice-ku-pamieci-profesora-uniwersytetu-gdanskiego-prezydenta-lacha-kaczynskiego\/#primaryimage\",\"url\":\"https:\/\/marekkuchcinski.pl\/wp-content\/uploads\/2019\/03\/m-i-lk.jpg\",\"contentUrl\":\"https:\/\/marekkuchcinski.pl\/wp-content\/uploads\/2019\/03\/m-i-lk.jpg\",\"width\":2048,\"height\":1143},{\"@type\":\"BreadcrumbList\",\"@id\":\"https:\/\/marekkuchcinski.pl\/en\/wazne-daty\/marszalek-sejmu-odslonil-tablice-ku-pamieci-profesora-uniwersytetu-gdanskiego-prezydenta-lacha-kaczynskiego\/#breadcrumb\",\"itemListElement\":[{\"@type\":\"ListItem\",\"position\":1,\"name\":\"Strona g\u0142\u00f3wna\",\"item\":\"https:\/\/marekkuchcinski.pl\/\"},{\"@type\":\"ListItem\",\"position\":2,\"name\":\"Marsza\u0142ek Sejmu ods\u0142oni\u0142 tablic\u0119 ku pami\u0119ci profesora Uniwersytetu Gda\u0144skiego \u2013 prezydenta Lacha Kaczy\u0144skiego\"}]},{\"@type\":\"WebSite\",\"@id\":\"https:\/\/marekkuchcinski.pl\/#website\",\"url\":\"https:\/\/marekkuchcinski.pl\/\",\"name\":\"Marek Kuchci\u0144ski\",\"description\":\"Pose\u0142 na sejm RP &ndash; okr\u0119g nr 22\",\"publisher\":{\"@id\":\"https:\/\/marekkuchcinski.pl\/#organization\"},\"potentialAction\":[{\"@type\":\"SearchAction\",\"target\":{\"@type\":\"EntryPoint\",\"urlTemplate\":\"https:\/\/marekkuchcinski.pl\/?s={search_term_string}\"},\"query-input\":{\"@type\":\"PropertyValueSpecification\",\"valueRequired\":true,\"valueName\":\"search_term_string\"}}],\"inLanguage\":\"cs\"},{\"@type\":\"Organization\",\"@id\":\"https:\/\/marekkuchcinski.pl\/#organization\",\"name\":\"Marek Kuchci\u0144ski\",\"url\":\"https:\/\/marekkuchcinski.pl\/\",\"logo\":{\"@type\":\"ImageObject\",\"inLanguage\":\"cs\",\"@id\":\"https:\/\/marekkuchcinski.pl\/#\/schema\/logo\/image\/\",\"url\":\"https:\/\/marekkuchcinski.pl\/wp-content\/uploads\/2022\/09\/Marek.jpg\",\"contentUrl\":\"https:\/\/marekkuchcinski.pl\/wp-content\/uploads\/2022\/09\/Marek.jpg\",\"width\":1600,\"height\":971,\"caption\":\"Marek Kuchci\u0144ski\"},\"image\":{\"@id\":\"https:\/\/marekkuchcinski.pl\/#\/schema\/logo\/image\/\"}},{\"@type\":\"Person\",\"@id\":\"https:\/\/marekkuchcinski.pl\/#\/schema\/person\/6f62700996b4d950b6ea2d1183b6c6be\",\"name\":\"admin\",\"image\":{\"@type\":\"ImageObject\",\"inLanguage\":\"cs\",\"@id\":\"https:\/\/marekkuchcinski.pl\/#\/schema\/person\/image\/\",\"url\":\"https:\/\/secure.gravatar.com\/avatar\/4bab693b9d55c3d6b52c0296a8765085?s=96&d=mm&r=g\",\"contentUrl\":\"https:\/\/secure.gravatar.com\/avatar\/4bab693b9d55c3d6b52c0296a8765085?s=96&d=mm&r=g\",\"caption\":\"admin\"},\"url\":\"https:\/\/marekkuchcinski.pl\/cs\/author\/marta-olejnik\/\"}]}<\/script>\n<!-- \/ Yoast SEO plugin. -->","yoast_head_json":{"title":"Marsza\u0142ek Sejmu ods\u0142oni\u0142 tablic\u0119 ku pami\u0119ci profesora Uniwersytetu Gda\u0144skiego \u2013 prezydenta Lacha Kaczy\u0144skiego &#8211; Marek Kuchci\u0144ski","robots":{"index":"index","follow":"follow","max-snippet":"max-snippet:-1","max-image-preview":"max-image-preview:large","max-video-preview":"max-video-preview:-1"},"canonical":"https:\/\/marekkuchcinski.pl\/cs\/wazne-daty\/marszalek-sejmu-odslonil-tablice-ku-pamieci-profesora-uniwersytetu-gdanskiego-prezydenta-lacha-kaczynskiego\/","og_locale":"cs_CZ","og_type":"article","og_title":"Marsza\u0142ek Sejmu ods\u0142oni\u0142 tablic\u0119 ku pami\u0119ci profesora Uniwersytetu Gda\u0144skiego \u2013 prezydenta Lacha Kaczy\u0144skiego &#8211; Marek Kuchci\u0144ski","og_description":"Uniwersytet Gda\u0144ski wkroczy\u0142 w rok rozpocz\u0119cia obchod\u00f3w 50-lecia swojego istnienia. Jak powiedzia\u0142 marsza\u0142ek Sejmu Marek Kuchci\u0144ski: Uczelnia nie zapomnia\u0142a o swoim Profesorze, rektorze Wydzia\u0142u Prawa, kt\u00f3ry po\u015bwi\u0119ci\u0142 jej\u00a028 lat swojego \u017cycia. Polityka, naukowca, wybitnego teoretyka prawa pracy Jego Alma Mater\u00a0uhonorowa\u0142a pami\u0105tkow\u0105 tablic\u0105. Jeden z inicjator\u00f3w tablicy, prezes Fundacji \u201eTo\u017csamo\u015b\u0107 i Solidarno\u015b\u0107\u201d Tomasz Rakowski uzasadnia\u0142, \u017ce [&hellip;]","og_url":"https:\/\/marekkuchcinski.pl\/cs\/wazne-daty\/marszalek-sejmu-odslonil-tablice-ku-pamieci-profesora-uniwersytetu-gdanskiego-prezydenta-lacha-kaczynskiego\/","og_site_name":"Marek Kuchci\u0144ski","article_published_time":"2019-03-21T11:57:33+00:00","article_modified_time":"2019-03-22T12:42:39+00:00","og_image":[{"width":2048,"height":1143,"url":"https:\/\/marekkuchcinski.pl\/wp-content\/uploads\/2019\/03\/m-i-lk.jpg","type":"image\/jpeg"}],"author":"admin","twitter_card":"summary_large_image","twitter_misc":{"Napsal(a)":"admin","Odhadovan\u00e1 doba \u010dten\u00ed":"4 minuty"},"schema":{"@context":"https:\/\/schema.org","@graph":[{"@type":"Article","@id":"https:\/\/marekkuchcinski.pl\/en\/wazne-daty\/marszalek-sejmu-odslonil-tablice-ku-pamieci-profesora-uniwersytetu-gdanskiego-prezydenta-lacha-kaczynskiego\/#article","isPartOf":{"@id":"https:\/\/marekkuchcinski.pl\/en\/wazne-daty\/marszalek-sejmu-odslonil-tablice-ku-pamieci-profesora-uniwersytetu-gdanskiego-prezydenta-lacha-kaczynskiego\/"},"author":{"name":"admin","@id":"https:\/\/marekkuchcinski.pl\/#\/schema\/person\/6f62700996b4d950b6ea2d1183b6c6be"},"headline":"Marsza\u0142ek Sejmu ods\u0142oni\u0142 tablic\u0119 ku pami\u0119ci profesora Uniwersytetu Gda\u0144skiego \u2013 prezydenta Lacha Kaczy\u0144skiego","datePublished":"2019-03-21T11:57:33+00:00","dateModified":"2019-03-22T12:42:39+00:00","mainEntityOfPage":{"@id":"https:\/\/marekkuchcinski.pl\/en\/wazne-daty\/marszalek-sejmu-odslonil-tablice-ku-pamieci-profesora-uniwersytetu-gdanskiego-prezydenta-lacha-kaczynskiego\/"},"wordCount":732,"commentCount":0,"publisher":{"@id":"https:\/\/marekkuchcinski.pl\/#organization"},"image":{"@id":"https:\/\/marekkuchcinski.pl\/en\/wazne-daty\/marszalek-sejmu-odslonil-tablice-ku-pamieci-profesora-uniwersytetu-gdanskiego-prezydenta-lacha-kaczynskiego\/#primaryimage"},"thumbnailUrl":"https:\/\/marekkuchcinski.pl\/wp-content\/uploads\/2019\/03\/m-i-lk.jpg","articleSection":["Prawo i Sprawiedliwo\u015b\u0107","Wa\u017cne daty","Wydarzenia"],"inLanguage":"cs","potentialAction":[{"@type":"CommentAction","name":"Comment","target":["https:\/\/marekkuchcinski.pl\/en\/wazne-daty\/marszalek-sejmu-odslonil-tablice-ku-pamieci-profesora-uniwersytetu-gdanskiego-prezydenta-lacha-kaczynskiego\/#respond"]}]},{"@type":"WebPage","@id":"https:\/\/marekkuchcinski.pl\/en\/wazne-daty\/marszalek-sejmu-odslonil-tablice-ku-pamieci-profesora-uniwersytetu-gdanskiego-prezydenta-lacha-kaczynskiego\/","url":"https:\/\/marekkuchcinski.pl\/en\/wazne-daty\/marszalek-sejmu-odslonil-tablice-ku-pamieci-profesora-uniwersytetu-gdanskiego-prezydenta-lacha-kaczynskiego\/","name":"Marsza\u0142ek Sejmu ods\u0142oni\u0142 tablic\u0119 ku pami\u0119ci profesora Uniwersytetu Gda\u0144skiego \u2013 prezydenta Lacha Kaczy\u0144skiego &#8211; Marek Kuchci\u0144ski","isPartOf":{"@id":"https:\/\/marekkuchcinski.pl\/#website"},"primaryImageOfPage":{"@id":"https:\/\/marekkuchcinski.pl\/en\/wazne-daty\/marszalek-sejmu-odslonil-tablice-ku-pamieci-profesora-uniwersytetu-gdanskiego-prezydenta-lacha-kaczynskiego\/#primaryimage"},"image":{"@id":"https:\/\/marekkuchcinski.pl\/en\/wazne-daty\/marszalek-sejmu-odslonil-tablice-ku-pamieci-profesora-uniwersytetu-gdanskiego-prezydenta-lacha-kaczynskiego\/#primaryimage"},"thumbnailUrl":"https:\/\/marekkuchcinski.pl\/wp-content\/uploads\/2019\/03\/m-i-lk.jpg","datePublished":"2019-03-21T11:57:33+00:00","dateModified":"2019-03-22T12:42:39+00:00","breadcrumb":{"@id":"https:\/\/marekkuchcinski.pl\/en\/wazne-daty\/marszalek-sejmu-odslonil-tablice-ku-pamieci-profesora-uniwersytetu-gdanskiego-prezydenta-lacha-kaczynskiego\/#breadcrumb"},"inLanguage":"cs","potentialAction":[{"@type":"ReadAction","target":["https:\/\/marekkuchcinski.pl\/en\/wazne-daty\/marszalek-sejmu-odslonil-tablice-ku-pamieci-profesora-uniwersytetu-gdanskiego-prezydenta-lacha-kaczynskiego\/"]}]},{"@type":"ImageObject","inLanguage":"cs","@id":"https:\/\/marekkuchcinski.pl\/en\/wazne-daty\/marszalek-sejmu-odslonil-tablice-ku-pamieci-profesora-uniwersytetu-gdanskiego-prezydenta-lacha-kaczynskiego\/#primaryimage","url":"https:\/\/marekkuchcinski.pl\/wp-content\/uploads\/2019\/03\/m-i-lk.jpg","contentUrl":"https:\/\/marekkuchcinski.pl\/wp-content\/uploads\/2019\/03\/m-i-lk.jpg","width":2048,"height":1143},{"@type":"BreadcrumbList","@id":"https:\/\/marekkuchcinski.pl\/en\/wazne-daty\/marszalek-sejmu-odslonil-tablice-ku-pamieci-profesora-uniwersytetu-gdanskiego-prezydenta-lacha-kaczynskiego\/#breadcrumb","itemListElement":[{"@type":"ListItem","position":1,"name":"Strona g\u0142\u00f3wna","item":"https:\/\/marekkuchcinski.pl\/"},{"@type":"ListItem","position":2,"name":"Marsza\u0142ek Sejmu ods\u0142oni\u0142 tablic\u0119 ku pami\u0119ci profesora Uniwersytetu Gda\u0144skiego \u2013 prezydenta Lacha Kaczy\u0144skiego"}]},{"@type":"WebSite","@id":"https:\/\/marekkuchcinski.pl\/#website","url":"https:\/\/marekkuchcinski.pl\/","name":"Marek Kuchci\u0144ski","description":"Pose\u0142 na sejm RP &ndash; okr\u0119g nr 22","publisher":{"@id":"https:\/\/marekkuchcinski.pl\/#organization"},"potentialAction":[{"@type":"SearchAction","target":{"@type":"EntryPoint","urlTemplate":"https:\/\/marekkuchcinski.pl\/?s={search_term_string}"},"query-input":{"@type":"PropertyValueSpecification","valueRequired":true,"valueName":"search_term_string"}}],"inLanguage":"cs"},{"@type":"Organization","@id":"https:\/\/marekkuchcinski.pl\/#organization","name":"Marek Kuchci\u0144ski","url":"https:\/\/marekkuchcinski.pl\/","logo":{"@type":"ImageObject","inLanguage":"cs","@id":"https:\/\/marekkuchcinski.pl\/#\/schema\/logo\/image\/","url":"https:\/\/marekkuchcinski.pl\/wp-content\/uploads\/2022\/09\/Marek.jpg","contentUrl":"https:\/\/marekkuchcinski.pl\/wp-content\/uploads\/2022\/09\/Marek.jpg","width":1600,"height":971,"caption":"Marek Kuchci\u0144ski"},"image":{"@id":"https:\/\/marekkuchcinski.pl\/#\/schema\/logo\/image\/"}},{"@type":"Person","@id":"https:\/\/marekkuchcinski.pl\/#\/schema\/person\/6f62700996b4d950b6ea2d1183b6c6be","name":"admin","image":{"@type":"ImageObject","inLanguage":"cs","@id":"https:\/\/marekkuchcinski.pl\/#\/schema\/person\/image\/","url":"https:\/\/secure.gravatar.com\/avatar\/4bab693b9d55c3d6b52c0296a8765085?s=96&d=mm&r=g","contentUrl":"https:\/\/secure.gravatar.com\/avatar\/4bab693b9d55c3d6b52c0296a8765085?s=96&d=mm&r=g","caption":"admin"},"url":"https:\/\/marekkuchcinski.pl\/cs\/author\/marta-olejnik\/"}]}},"_links":{"self":[{"href":"https:\/\/marekkuchcinski.pl\/cs\/wp-json\/wp\/v2\/posts\/13934","targetHints":{"allow":["GET"]}}],"collection":[{"href":"https:\/\/marekkuchcinski.pl\/cs\/wp-json\/wp\/v2\/posts"}],"about":[{"href":"https:\/\/marekkuchcinski.pl\/cs\/wp-json\/wp\/v2\/types\/post"}],"author":[{"embeddable":true,"href":"https:\/\/marekkuchcinski.pl\/cs\/wp-json\/wp\/v2\/users\/6"}],"replies":[{"embeddable":true,"href":"https:\/\/marekkuchcinski.pl\/cs\/wp-json\/wp\/v2\/comments?post=13934"}],"version-history":[{"count":31,"href":"https:\/\/marekkuchcinski.pl\/cs\/wp-json\/wp\/v2\/posts\/13934\/revisions"}],"predecessor-version":[{"id":14042,"href":"https:\/\/marekkuchcinski.pl\/cs\/wp-json\/wp\/v2\/posts\/13934\/revisions\/14042"}],"wp:featuredmedia":[{"embeddable":true,"href":"https:\/\/marekkuchcinski.pl\/cs\/wp-json\/wp\/v2\/media\/14012"}],"wp:attachment":[{"href":"https:\/\/marekkuchcinski.pl\/cs\/wp-json\/wp\/v2\/media?parent=13934"}],"wp:term":[{"taxonomy":"category","embeddable":true,"href":"https:\/\/marekkuchcinski.pl\/cs\/wp-json\/wp\/v2\/categories?post=13934"},{"taxonomy":"post_tag","embeddable":true,"href":"https:\/\/marekkuchcinski.pl\/cs\/wp-json\/wp\/v2\/tags?post=13934"}],"curies":[{"name":"wp","href":"https:\/\/api.w.org\/{rel}","templated":true}]}}