{"id":13621,"date":"2019-03-11T11:55:55","date_gmt":"2019-03-11T10:55:55","guid":{"rendered":"https:\/\/marekkuchcinski.pl\/?p=13621"},"modified":"2019-03-11T12:02:23","modified_gmt":"2019-03-11T11:02:23","slug":"marek-kuchcinski-mozemy-pozwolic-by-reprezentowali-nas-ci-ktorzy-sa-skuteczni-kampanii-przede-wszystkim-ci-ktorzy-sa-kompetentni","status":"publish","type":"post","link":"https:\/\/marekkuchcinski.pl\/cs\/wydarzenia\/marek-kuchcinski-mozemy-pozwolic-by-reprezentowali-nas-ci-ktorzy-sa-skuteczni-kampanii-przede-wszystkim-ci-ktorzy-sa-kompetentni\/","title":{"rendered":"Marek Kuchci\u0144ski: Nem\u016f\u017eeme si dovolit, aby n\u00e1s v EP zastupovali pouze ti, kte\u0159\u00ed jsou efektivn\u00ed pouze v kampani, ale p\u0159edev\u0161\u00edm ti, kte\u0159\u00ed jsou kompetentn\u00ed."},"content":{"rendered":"<p>- Nejsme jen geografick\u00fdm srdcem Evropy. Z pohledu v\u00edce ne\u017e dvoutis\u00edcilet\u00e9 evropsk\u00e9 civilizace hovo\u0159\u00edme o ko\u0159enech, na nich\u017e Unie vyrostla a kter\u00e9 vych\u00e1zej\u00ed z k\u0159es\u0165ansk\u00fdch hodnot, \u0159eck\u00e9 filozofie a \u0159\u00edmsk\u00e9ho pr\u00e1va. To jsou reference, kter\u00e9 utv\u00e1\u0159ej\u00ed n\u00e1\u0161 program, a my je mus\u00edme p\u0159ipom\u00ednat,\" \u0159ekl Marek Kuchci\u0144ski televizi TVP 3 Rzesz\u00f3w v Jasionce.<\/p>\n<p>Jedn\u00edm z bod\u016f evropsk\u00e9ho prohl\u00e1\u0161en\u00ed strany Pr\u00e1vo a spravedlnost je ot\u00e1zka bezpe\u010dnosti, a to jak ochrany hranic, tak energetick\u00e9 bezpe\u010dnosti. N\u011bkolik bod\u016f zd\u016fraz\u0148uje Evropu rovn\u00fdch p\u0159\u00edle\u017eitost\u00ed a udr\u017eiteln\u00e9ho rozvoje.<\/p>\n<p>- Podle m\u00e9ho n\u00e1zoru bychom m\u011bli m\u00edt jasno: bez Evropy zalo\u017een\u00e9 na solidarit\u011b a udr\u017eiteln\u00e9m rozvoji budeme \u017e\u00edt ve sv\u011bt\u011b bez rovnov\u00e1hy, kde siln\u011bj\u0161\u00ed vyko\u0159is\u0165uj\u00ed slab\u0161\u00ed,\" upozornil Kuchci\u0144ski.<\/p>\n<p>P\u0159edseda Sejmu zd\u016fraznil, \u017ee pro Evropu je d\u016fle\u017eit\u00e1 spole\u010dn\u00e1 zem\u011bd\u011blsk\u00e1 politika, rovn\u00fd p\u0159\u00edstup ke zbo\u017e\u00ed a v\u00fdrobk\u016fm vyr\u00e1b\u011bn\u00fdm evropsk\u00fdmi podniky, kter\u00e9 v\u0161ak nemaj\u00ed hor\u0161\u00ed kvalitu ne\u017e nap\u0159\u00edklad v N\u011bmecku nebo Francii. Siln\u00e1 Evropa mus\u00ed b\u00fdt zalo\u017eena na z\u00e1sad\u011b \"svobodn\u00fd se svobodn\u00fdm, rovn\u00fd s rovn\u00fdm\".<\/p>\n<p>Na ot\u00e1zku o programu 500 plus Marek Kuchci\u0144ski vysv\u011btlil, \u017ee se jedn\u00e1 o program posiluj\u00edc\u00ed prorodinnou politiku, kter\u00fd odpov\u00edd\u00e1 standardu jin\u00fdch zem\u00ed EU, jako je \u0160v\u00e9dsko nebo \u0160pan\u011blsko. P\u0159edseda se rovn\u011b\u017e zm\u00ednil o podpo\u0159e rozvoje podnik\u00e1n\u00ed. - Sn\u00ed\u017een\u00ed dan\u011b z p\u0159\u00edjmu pr\u00e1vnick\u00fdch osob na 9 % je podle n\u011bj v tomto ohledu nejv\u011bt\u0161\u00ed ud\u00e1lost\u00ed v Evrop\u011b. Zd\u016fraznil tak\u00e9 velk\u00fd v\u00fdznam pro rovn\u00e9 p\u0159\u00edle\u017eitosti, kter\u00e9 p\u0159inese zru\u0161en\u00ed PIT pro mlad\u00e9 lidi - do 26 let - nebo obnoven\u00ed komunikac\u00ed, zejm\u00e9na na venkov\u011b v mal\u00fdch m\u011bstech.<\/p>\n<p>K ot\u00e1zce t\u00fdkaj\u00edc\u00ed se podkarpatsk\u00e9 kandid\u00e1tn\u00ed listiny do EP podotkl, \u017ee jsou na n\u00ed nejlep\u0161\u00ed kandid\u00e1ti, jako nap\u0159\u00edklad Tomasz Por\u0119ba, kter\u00fd se v EP osv\u011bd\u010dil ji\u017e p\u0159ed mnoha lety, a \u017ee tato listina m\u00e1 za c\u00edl propagovat tuto \u010d\u00e1st Polska v zemi i v Evrop\u011b. - P\u0159ipome\u0148me si, \u017ee vstupem do EU p\u0159e\u0161lo na Evropskou unii v\u00edce ne\u017e 60 % pravomoc\u00ed vnitrost\u00e1tn\u00edch org\u00e1n\u016f, v\u010detn\u011b Sejmu a Sen\u00e1tu. Nem\u016f\u017eeme si dovolit, aby n\u00e1s zastupovali pouze ti, kte\u0159\u00ed jsou efektivn\u00ed v kampani, ale p\u0159edev\u0161\u00edm ti, kte\u0159\u00ed jsou kompetentn\u00ed,\" argumentoval p\u0159edseda parlamentu.<\/p>\n<p>rozhovor je k dispozici na adrese: https:\/\/rzeszow.tvp.pl\/41674201\/marek-kuchcinski-marszalek-sejmu-rp<\/p>\n<p><em>Foto: Marta Olejnik\/ KS<\/em><a href=\"https:\/\/marekkuchcinski.pl\/wp-content\/uploads\/2019\/03\/IMG_8037-2.jpg\"><img fetchpriority=\"high\" decoding=\"async\" class=\"alignnone size-full wp-image-13624\" src=\"https:\/\/marekkuchcinski.pl\/wp-content\/uploads\/2019\/03\/IMG_8037-2.jpg\" alt=\"IMG_8037 2\" width=\"5185\" height=\"3579\" srcset=\"https:\/\/marekkuchcinski.pl\/wp-content\/uploads\/2019\/03\/IMG_8037-2.jpg 2048w, https:\/\/marekkuchcinski.pl\/wp-content\/uploads\/2019\/03\/IMG_8037-2-300x207.jpg 300w, https:\/\/marekkuchcinski.pl\/wp-content\/uploads\/2019\/03\/IMG_8037-2-768x530.jpg 768w, https:\/\/marekkuchcinski.pl\/wp-content\/uploads\/2019\/03\/IMG_8037-2-1024x707.jpg 1024w\" sizes=\"(max-width: 5185px) 100vw, 5185px\" \/><\/a><a href=\"https:\/\/marekkuchcinski.pl\/wp-content\/uploads\/2019\/03\/IMG_8013.jpg\"><img decoding=\"async\" class=\"alignnone size-full wp-image-13630\" src=\"https:\/\/marekkuchcinski.pl\/wp-content\/uploads\/2019\/03\/IMG_8013.jpg\" alt=\"IMG_8013\" width=\"5483\" height=\"3955\" srcset=\"https:\/\/marekkuchcinski.pl\/wp-content\/uploads\/2019\/03\/IMG_8013.jpg 2048w, https:\/\/marekkuchcinski.pl\/wp-content\/uploads\/2019\/03\/IMG_8013-300x216.jpg 300w, https:\/\/marekkuchcinski.pl\/wp-content\/uploads\/2019\/03\/IMG_8013-768x554.jpg 768w, https:\/\/marekkuchcinski.pl\/wp-content\/uploads\/2019\/03\/IMG_8013-1024x739.jpg 1024w\" sizes=\"(max-width: 5483px) 100vw, 5483px\" \/><\/a><\/p>","protected":false},"excerpt":{"rendered":"<p>&#8211; Jeste\u015bmy sercem Europy nie tylko geograficznie. Patrz\u0105c z perspektywy ponad dw\u00f3ch tysi\u0119cy lat cywilizacji europejskiej, m\u00f3wimy o korzeniach, na kt\u00f3rych wyros\u0142a Unia oparta na warto\u015bciach chrze\u015bcija\u0144skich, filozofii greckiej i prawie rzymskim. To s\u0105 odniesienia, kt\u00f3re kszta\u0142tuj\u0105 nasz program i musimy je przypomina\u0107 \u2013 powiedzia\u0142 w Jasionce TVP 3 Rzesz\u00f3w Marek Kuchci\u0144ski. Jednym z punkt\u00f3w [&hellip;]<\/p>","protected":false},"author":6,"featured_media":13624,"comment_status":"open","ping_status":"open","sticky":false,"template":"","format":"standard","meta":{"ngg_post_thumbnail":0,"footnotes":""},"categories":[49,82,3],"tags":[],"class_list":["post-13621","post","type-post","status-publish","format-standard","has-post-thumbnail","hentry","category-podkarpacie","category-prawo-i-sprawiedliwosc","category-wydarzenia"],"yoast_head":"<!-- This site is optimized with the Yoast SEO plugin v24.7 - https:\/\/yoast.com\/wordpress\/plugins\/seo\/ -->\n<title>Marek Kuchci\u0144ski: Nie mo\u017cemy sobie pozwoli\u0107 na to, by w PE reprezentowali nas wy\u0142\u0105cznie ci, kt\u00f3rzy s\u0105 skuteczni tylko w kampanii, ale przede wszystkim ci, kt\u00f3rzy s\u0105 kompetentni &#8211; Marek Kuchci\u0144ski<\/title>\n<meta name=\"robots\" content=\"index, follow, max-snippet:-1, max-image-preview:large, max-video-preview:-1\" \/>\n<link rel=\"canonical\" href=\"https:\/\/marekkuchcinski.pl\/cs\/wydarzenia\/marek-kuchcinski-mozemy-pozwolic-by-reprezentowali-nas-ci-ktorzy-sa-skuteczni-kampanii-przede-wszystkim-ci-ktorzy-sa-kompetentni\/\" \/>\n<meta property=\"og:locale\" content=\"cs_CZ\" \/>\n<meta property=\"og:type\" content=\"article\" \/>\n<meta property=\"og:title\" content=\"Marek Kuchci\u0144ski: Nie mo\u017cemy sobie pozwoli\u0107 na to, by w PE reprezentowali nas wy\u0142\u0105cznie ci, kt\u00f3rzy s\u0105 skuteczni tylko w kampanii, ale przede wszystkim ci, kt\u00f3rzy s\u0105 kompetentni &#8211; Marek Kuchci\u0144ski\" \/>\n<meta property=\"og:description\" content=\"&#8211; Jeste\u015bmy sercem Europy nie tylko geograficznie. Patrz\u0105c z perspektywy ponad dw\u00f3ch tysi\u0119cy lat cywilizacji europejskiej, m\u00f3wimy o korzeniach, na kt\u00f3rych wyros\u0142a Unia oparta na warto\u015bciach chrze\u015bcija\u0144skich, filozofii greckiej i prawie rzymskim. To s\u0105 odniesienia, kt\u00f3re kszta\u0142tuj\u0105 nasz program i musimy je przypomina\u0107 \u2013 powiedzia\u0142 w Jasionce TVP 3 Rzesz\u00f3w Marek Kuchci\u0144ski. Jednym z punkt\u00f3w [&hellip;]\" \/>\n<meta property=\"og:url\" content=\"https:\/\/marekkuchcinski.pl\/cs\/wydarzenia\/marek-kuchcinski-mozemy-pozwolic-by-reprezentowali-nas-ci-ktorzy-sa-skuteczni-kampanii-przede-wszystkim-ci-ktorzy-sa-kompetentni\/\" \/>\n<meta property=\"og:site_name\" content=\"Marek Kuchci\u0144ski\" \/>\n<meta property=\"article:published_time\" content=\"2019-03-11T10:55:55+00:00\" \/>\n<meta property=\"article:modified_time\" content=\"2019-03-11T11:02:23+00:00\" \/>\n<meta property=\"og:image\" content=\"https:\/\/marekkuchcinski.pl\/wp-content\/uploads\/2019\/03\/IMG_8037-2.jpg\" \/>\n\t<meta property=\"og:image:width\" content=\"2048\" \/>\n\t<meta property=\"og:image:height\" content=\"1414\" \/>\n\t<meta property=\"og:image:type\" content=\"image\/jpeg\" \/>\n<meta name=\"author\" content=\"admin\" \/>\n<meta name=\"twitter:card\" content=\"summary_large_image\" \/>\n<meta name=\"twitter:label1\" content=\"Napsal(a)\" \/>\n\t<meta name=\"twitter:data1\" content=\"admin\" \/>\n\t<meta name=\"twitter:label2\" content=\"Odhadovan\u00e1 doba \u010dten\u00ed\" \/>\n\t<meta name=\"twitter:data2\" content=\"2 minuty\" \/>\n<script type=\"application\/ld+json\" class=\"yoast-schema-graph\">{\"@context\":\"https:\/\/schema.org\",\"@graph\":[{\"@type\":\"Article\",\"@id\":\"https:\/\/marekkuchcinski.pl\/wydarzenia\/marek-kuchcinski-mozemy-pozwolic-by-reprezentowali-nas-ci-ktorzy-sa-skuteczni-kampanii-przede-wszystkim-ci-ktorzy-sa-kompetentni\/#article\",\"isPartOf\":{\"@id\":\"https:\/\/marekkuchcinski.pl\/wydarzenia\/marek-kuchcinski-mozemy-pozwolic-by-reprezentowali-nas-ci-ktorzy-sa-skuteczni-kampanii-przede-wszystkim-ci-ktorzy-sa-kompetentni\/\"},\"author\":{\"name\":\"admin\",\"@id\":\"https:\/\/marekkuchcinski.pl\/#\/schema\/person\/6f62700996b4d950b6ea2d1183b6c6be\"},\"headline\":\"Marek Kuchci\u0144ski: Nie mo\u017cemy sobie pozwoli\u0107 na to, by w PE reprezentowali nas wy\u0142\u0105cznie ci, kt\u00f3rzy s\u0105 skuteczni tylko w kampanii, ale przede wszystkim ci, kt\u00f3rzy s\u0105 kompetentni\",\"datePublished\":\"2019-03-11T10:55:55+00:00\",\"dateModified\":\"2019-03-11T11:02:23+00:00\",\"mainEntityOfPage\":{\"@id\":\"https:\/\/marekkuchcinski.pl\/wydarzenia\/marek-kuchcinski-mozemy-pozwolic-by-reprezentowali-nas-ci-ktorzy-sa-skuteczni-kampanii-przede-wszystkim-ci-ktorzy-sa-kompetentni\/\"},\"wordCount\":443,\"commentCount\":0,\"publisher\":{\"@id\":\"https:\/\/marekkuchcinski.pl\/#organization\"},\"image\":{\"@id\":\"https:\/\/marekkuchcinski.pl\/wydarzenia\/marek-kuchcinski-mozemy-pozwolic-by-reprezentowali-nas-ci-ktorzy-sa-skuteczni-kampanii-przede-wszystkim-ci-ktorzy-sa-kompetentni\/#primaryimage\"},\"thumbnailUrl\":\"https:\/\/marekkuchcinski.pl\/wp-content\/uploads\/2019\/03\/IMG_8037-2.jpg\",\"articleSection\":[\"Podkarpacie\",\"Prawo i Sprawiedliwo\u015b\u0107\",\"Wydarzenia\"],\"inLanguage\":\"cs\",\"potentialAction\":[{\"@type\":\"CommentAction\",\"name\":\"Comment\",\"target\":[\"https:\/\/marekkuchcinski.pl\/wydarzenia\/marek-kuchcinski-mozemy-pozwolic-by-reprezentowali-nas-ci-ktorzy-sa-skuteczni-kampanii-przede-wszystkim-ci-ktorzy-sa-kompetentni\/#respond\"]}]},{\"@type\":\"WebPage\",\"@id\":\"https:\/\/marekkuchcinski.pl\/wydarzenia\/marek-kuchcinski-mozemy-pozwolic-by-reprezentowali-nas-ci-ktorzy-sa-skuteczni-kampanii-przede-wszystkim-ci-ktorzy-sa-kompetentni\/\",\"url\":\"https:\/\/marekkuchcinski.pl\/wydarzenia\/marek-kuchcinski-mozemy-pozwolic-by-reprezentowali-nas-ci-ktorzy-sa-skuteczni-kampanii-przede-wszystkim-ci-ktorzy-sa-kompetentni\/\",\"name\":\"Marek Kuchci\u0144ski: Nie mo\u017cemy sobie pozwoli\u0107 na to, by w PE reprezentowali nas wy\u0142\u0105cznie ci, kt\u00f3rzy s\u0105 skuteczni tylko w kampanii, ale przede wszystkim ci, kt\u00f3rzy s\u0105 kompetentni &#8211; Marek Kuchci\u0144ski\",\"isPartOf\":{\"@id\":\"https:\/\/marekkuchcinski.pl\/#website\"},\"primaryImageOfPage\":{\"@id\":\"https:\/\/marekkuchcinski.pl\/wydarzenia\/marek-kuchcinski-mozemy-pozwolic-by-reprezentowali-nas-ci-ktorzy-sa-skuteczni-kampanii-przede-wszystkim-ci-ktorzy-sa-kompetentni\/#primaryimage\"},\"image\":{\"@id\":\"https:\/\/marekkuchcinski.pl\/wydarzenia\/marek-kuchcinski-mozemy-pozwolic-by-reprezentowali-nas-ci-ktorzy-sa-skuteczni-kampanii-przede-wszystkim-ci-ktorzy-sa-kompetentni\/#primaryimage\"},\"thumbnailUrl\":\"https:\/\/marekkuchcinski.pl\/wp-content\/uploads\/2019\/03\/IMG_8037-2.jpg\",\"datePublished\":\"2019-03-11T10:55:55+00:00\",\"dateModified\":\"2019-03-11T11:02:23+00:00\",\"breadcrumb\":{\"@id\":\"https:\/\/marekkuchcinski.pl\/wydarzenia\/marek-kuchcinski-mozemy-pozwolic-by-reprezentowali-nas-ci-ktorzy-sa-skuteczni-kampanii-przede-wszystkim-ci-ktorzy-sa-kompetentni\/#breadcrumb\"},\"inLanguage\":\"cs\",\"potentialAction\":[{\"@type\":\"ReadAction\",\"target\":[\"https:\/\/marekkuchcinski.pl\/wydarzenia\/marek-kuchcinski-mozemy-pozwolic-by-reprezentowali-nas-ci-ktorzy-sa-skuteczni-kampanii-przede-wszystkim-ci-ktorzy-sa-kompetentni\/\"]}]},{\"@type\":\"ImageObject\",\"inLanguage\":\"cs\",\"@id\":\"https:\/\/marekkuchcinski.pl\/wydarzenia\/marek-kuchcinski-mozemy-pozwolic-by-reprezentowali-nas-ci-ktorzy-sa-skuteczni-kampanii-przede-wszystkim-ci-ktorzy-sa-kompetentni\/#primaryimage\",\"url\":\"https:\/\/marekkuchcinski.pl\/wp-content\/uploads\/2019\/03\/IMG_8037-2.jpg\",\"contentUrl\":\"https:\/\/marekkuchcinski.pl\/wp-content\/uploads\/2019\/03\/IMG_8037-2.jpg\",\"width\":2048,\"height\":1414},{\"@type\":\"BreadcrumbList\",\"@id\":\"https:\/\/marekkuchcinski.pl\/wydarzenia\/marek-kuchcinski-mozemy-pozwolic-by-reprezentowali-nas-ci-ktorzy-sa-skuteczni-kampanii-przede-wszystkim-ci-ktorzy-sa-kompetentni\/#breadcrumb\",\"itemListElement\":[{\"@type\":\"ListItem\",\"position\":1,\"name\":\"Strona g\u0142\u00f3wna\",\"item\":\"https:\/\/marekkuchcinski.pl\/\"},{\"@type\":\"ListItem\",\"position\":2,\"name\":\"Marek Kuchci\u0144ski: Nie mo\u017cemy sobie pozwoli\u0107 na to, by w PE reprezentowali nas wy\u0142\u0105cznie ci, kt\u00f3rzy s\u0105 skuteczni tylko w kampanii, ale przede wszystkim ci, kt\u00f3rzy s\u0105 kompetentni\"}]},{\"@type\":\"WebSite\",\"@id\":\"https:\/\/marekkuchcinski.pl\/#website\",\"url\":\"https:\/\/marekkuchcinski.pl\/\",\"name\":\"Marek Kuchci\u0144ski\",\"description\":\"Pose\u0142 na sejm RP &ndash; okr\u0119g nr 22\",\"publisher\":{\"@id\":\"https:\/\/marekkuchcinski.pl\/#organization\"},\"potentialAction\":[{\"@type\":\"SearchAction\",\"target\":{\"@type\":\"EntryPoint\",\"urlTemplate\":\"https:\/\/marekkuchcinski.pl\/?s={search_term_string}\"},\"query-input\":{\"@type\":\"PropertyValueSpecification\",\"valueRequired\":true,\"valueName\":\"search_term_string\"}}],\"inLanguage\":\"cs\"},{\"@type\":\"Organization\",\"@id\":\"https:\/\/marekkuchcinski.pl\/#organization\",\"name\":\"Marek Kuchci\u0144ski\",\"url\":\"https:\/\/marekkuchcinski.pl\/\",\"logo\":{\"@type\":\"ImageObject\",\"inLanguage\":\"cs\",\"@id\":\"https:\/\/marekkuchcinski.pl\/#\/schema\/logo\/image\/\",\"url\":\"https:\/\/marekkuchcinski.pl\/wp-content\/uploads\/2022\/09\/Marek.jpg\",\"contentUrl\":\"https:\/\/marekkuchcinski.pl\/wp-content\/uploads\/2022\/09\/Marek.jpg\",\"width\":1600,\"height\":971,\"caption\":\"Marek Kuchci\u0144ski\"},\"image\":{\"@id\":\"https:\/\/marekkuchcinski.pl\/#\/schema\/logo\/image\/\"}},{\"@type\":\"Person\",\"@id\":\"https:\/\/marekkuchcinski.pl\/#\/schema\/person\/6f62700996b4d950b6ea2d1183b6c6be\",\"name\":\"admin\",\"image\":{\"@type\":\"ImageObject\",\"inLanguage\":\"cs\",\"@id\":\"https:\/\/marekkuchcinski.pl\/#\/schema\/person\/image\/\",\"url\":\"https:\/\/secure.gravatar.com\/avatar\/4bab693b9d55c3d6b52c0296a8765085?s=96&d=mm&r=g\",\"contentUrl\":\"https:\/\/secure.gravatar.com\/avatar\/4bab693b9d55c3d6b52c0296a8765085?s=96&d=mm&r=g\",\"caption\":\"admin\"},\"url\":\"https:\/\/marekkuchcinski.pl\/cs\/author\/marta-olejnik\/\"}]}<\/script>\n<!-- \/ Yoast SEO plugin. -->","yoast_head_json":{"title":"Marek Kuchci\u0144ski: Nie mo\u017cemy sobie pozwoli\u0107 na to, by w PE reprezentowali nas wy\u0142\u0105cznie ci, kt\u00f3rzy s\u0105 skuteczni tylko w kampanii, ale przede wszystkim ci, kt\u00f3rzy s\u0105 kompetentni &#8211; Marek Kuchci\u0144ski","robots":{"index":"index","follow":"follow","max-snippet":"max-snippet:-1","max-image-preview":"max-image-preview:large","max-video-preview":"max-video-preview:-1"},"canonical":"https:\/\/marekkuchcinski.pl\/cs\/wydarzenia\/marek-kuchcinski-mozemy-pozwolic-by-reprezentowali-nas-ci-ktorzy-sa-skuteczni-kampanii-przede-wszystkim-ci-ktorzy-sa-kompetentni\/","og_locale":"cs_CZ","og_type":"article","og_title":"Marek Kuchci\u0144ski: Nie mo\u017cemy sobie pozwoli\u0107 na to, by w PE reprezentowali nas wy\u0142\u0105cznie ci, kt\u00f3rzy s\u0105 skuteczni tylko w kampanii, ale przede wszystkim ci, kt\u00f3rzy s\u0105 kompetentni &#8211; Marek Kuchci\u0144ski","og_description":"&#8211; Jeste\u015bmy sercem Europy nie tylko geograficznie. Patrz\u0105c z perspektywy ponad dw\u00f3ch tysi\u0119cy lat cywilizacji europejskiej, m\u00f3wimy o korzeniach, na kt\u00f3rych wyros\u0142a Unia oparta na warto\u015bciach chrze\u015bcija\u0144skich, filozofii greckiej i prawie rzymskim. To s\u0105 odniesienia, kt\u00f3re kszta\u0142tuj\u0105 nasz program i musimy je przypomina\u0107 \u2013 powiedzia\u0142 w Jasionce TVP 3 Rzesz\u00f3w Marek Kuchci\u0144ski. Jednym z punkt\u00f3w [&hellip;]","og_url":"https:\/\/marekkuchcinski.pl\/cs\/wydarzenia\/marek-kuchcinski-mozemy-pozwolic-by-reprezentowali-nas-ci-ktorzy-sa-skuteczni-kampanii-przede-wszystkim-ci-ktorzy-sa-kompetentni\/","og_site_name":"Marek Kuchci\u0144ski","article_published_time":"2019-03-11T10:55:55+00:00","article_modified_time":"2019-03-11T11:02:23+00:00","og_image":[{"width":2048,"height":1414,"url":"https:\/\/marekkuchcinski.pl\/wp-content\/uploads\/2019\/03\/IMG_8037-2.jpg","type":"image\/jpeg"}],"author":"admin","twitter_card":"summary_large_image","twitter_misc":{"Napsal(a)":"admin","Odhadovan\u00e1 doba \u010dten\u00ed":"2 minuty"},"schema":{"@context":"https:\/\/schema.org","@graph":[{"@type":"Article","@id":"https:\/\/marekkuchcinski.pl\/wydarzenia\/marek-kuchcinski-mozemy-pozwolic-by-reprezentowali-nas-ci-ktorzy-sa-skuteczni-kampanii-przede-wszystkim-ci-ktorzy-sa-kompetentni\/#article","isPartOf":{"@id":"https:\/\/marekkuchcinski.pl\/wydarzenia\/marek-kuchcinski-mozemy-pozwolic-by-reprezentowali-nas-ci-ktorzy-sa-skuteczni-kampanii-przede-wszystkim-ci-ktorzy-sa-kompetentni\/"},"author":{"name":"admin","@id":"https:\/\/marekkuchcinski.pl\/#\/schema\/person\/6f62700996b4d950b6ea2d1183b6c6be"},"headline":"Marek Kuchci\u0144ski: Nie mo\u017cemy sobie pozwoli\u0107 na to, by w PE reprezentowali nas wy\u0142\u0105cznie ci, kt\u00f3rzy s\u0105 skuteczni tylko w kampanii, ale przede wszystkim ci, kt\u00f3rzy s\u0105 kompetentni","datePublished":"2019-03-11T10:55:55+00:00","dateModified":"2019-03-11T11:02:23+00:00","mainEntityOfPage":{"@id":"https:\/\/marekkuchcinski.pl\/wydarzenia\/marek-kuchcinski-mozemy-pozwolic-by-reprezentowali-nas-ci-ktorzy-sa-skuteczni-kampanii-przede-wszystkim-ci-ktorzy-sa-kompetentni\/"},"wordCount":443,"commentCount":0,"publisher":{"@id":"https:\/\/marekkuchcinski.pl\/#organization"},"image":{"@id":"https:\/\/marekkuchcinski.pl\/wydarzenia\/marek-kuchcinski-mozemy-pozwolic-by-reprezentowali-nas-ci-ktorzy-sa-skuteczni-kampanii-przede-wszystkim-ci-ktorzy-sa-kompetentni\/#primaryimage"},"thumbnailUrl":"https:\/\/marekkuchcinski.pl\/wp-content\/uploads\/2019\/03\/IMG_8037-2.jpg","articleSection":["Podkarpacie","Prawo i Sprawiedliwo\u015b\u0107","Wydarzenia"],"inLanguage":"cs","potentialAction":[{"@type":"CommentAction","name":"Comment","target":["https:\/\/marekkuchcinski.pl\/wydarzenia\/marek-kuchcinski-mozemy-pozwolic-by-reprezentowali-nas-ci-ktorzy-sa-skuteczni-kampanii-przede-wszystkim-ci-ktorzy-sa-kompetentni\/#respond"]}]},{"@type":"WebPage","@id":"https:\/\/marekkuchcinski.pl\/wydarzenia\/marek-kuchcinski-mozemy-pozwolic-by-reprezentowali-nas-ci-ktorzy-sa-skuteczni-kampanii-przede-wszystkim-ci-ktorzy-sa-kompetentni\/","url":"https:\/\/marekkuchcinski.pl\/wydarzenia\/marek-kuchcinski-mozemy-pozwolic-by-reprezentowali-nas-ci-ktorzy-sa-skuteczni-kampanii-przede-wszystkim-ci-ktorzy-sa-kompetentni\/","name":"Marek Kuchci\u0144ski: Nie mo\u017cemy sobie pozwoli\u0107 na to, by w PE reprezentowali nas wy\u0142\u0105cznie ci, kt\u00f3rzy s\u0105 skuteczni tylko w kampanii, ale przede wszystkim ci, kt\u00f3rzy s\u0105 kompetentni &#8211; Marek Kuchci\u0144ski","isPartOf":{"@id":"https:\/\/marekkuchcinski.pl\/#website"},"primaryImageOfPage":{"@id":"https:\/\/marekkuchcinski.pl\/wydarzenia\/marek-kuchcinski-mozemy-pozwolic-by-reprezentowali-nas-ci-ktorzy-sa-skuteczni-kampanii-przede-wszystkim-ci-ktorzy-sa-kompetentni\/#primaryimage"},"image":{"@id":"https:\/\/marekkuchcinski.pl\/wydarzenia\/marek-kuchcinski-mozemy-pozwolic-by-reprezentowali-nas-ci-ktorzy-sa-skuteczni-kampanii-przede-wszystkim-ci-ktorzy-sa-kompetentni\/#primaryimage"},"thumbnailUrl":"https:\/\/marekkuchcinski.pl\/wp-content\/uploads\/2019\/03\/IMG_8037-2.jpg","datePublished":"2019-03-11T10:55:55+00:00","dateModified":"2019-03-11T11:02:23+00:00","breadcrumb":{"@id":"https:\/\/marekkuchcinski.pl\/wydarzenia\/marek-kuchcinski-mozemy-pozwolic-by-reprezentowali-nas-ci-ktorzy-sa-skuteczni-kampanii-przede-wszystkim-ci-ktorzy-sa-kompetentni\/#breadcrumb"},"inLanguage":"cs","potentialAction":[{"@type":"ReadAction","target":["https:\/\/marekkuchcinski.pl\/wydarzenia\/marek-kuchcinski-mozemy-pozwolic-by-reprezentowali-nas-ci-ktorzy-sa-skuteczni-kampanii-przede-wszystkim-ci-ktorzy-sa-kompetentni\/"]}]},{"@type":"ImageObject","inLanguage":"cs","@id":"https:\/\/marekkuchcinski.pl\/wydarzenia\/marek-kuchcinski-mozemy-pozwolic-by-reprezentowali-nas-ci-ktorzy-sa-skuteczni-kampanii-przede-wszystkim-ci-ktorzy-sa-kompetentni\/#primaryimage","url":"https:\/\/marekkuchcinski.pl\/wp-content\/uploads\/2019\/03\/IMG_8037-2.jpg","contentUrl":"https:\/\/marekkuchcinski.pl\/wp-content\/uploads\/2019\/03\/IMG_8037-2.jpg","width":2048,"height":1414},{"@type":"BreadcrumbList","@id":"https:\/\/marekkuchcinski.pl\/wydarzenia\/marek-kuchcinski-mozemy-pozwolic-by-reprezentowali-nas-ci-ktorzy-sa-skuteczni-kampanii-przede-wszystkim-ci-ktorzy-sa-kompetentni\/#breadcrumb","itemListElement":[{"@type":"ListItem","position":1,"name":"Strona g\u0142\u00f3wna","item":"https:\/\/marekkuchcinski.pl\/"},{"@type":"ListItem","position":2,"name":"Marek Kuchci\u0144ski: Nie mo\u017cemy sobie pozwoli\u0107 na to, by w PE reprezentowali nas wy\u0142\u0105cznie ci, kt\u00f3rzy s\u0105 skuteczni tylko w kampanii, ale przede wszystkim ci, kt\u00f3rzy s\u0105 kompetentni"}]},{"@type":"WebSite","@id":"https:\/\/marekkuchcinski.pl\/#website","url":"https:\/\/marekkuchcinski.pl\/","name":"Marek Kuchci\u0144ski","description":"Pose\u0142 na sejm RP &ndash; okr\u0119g nr 22","publisher":{"@id":"https:\/\/marekkuchcinski.pl\/#organization"},"potentialAction":[{"@type":"SearchAction","target":{"@type":"EntryPoint","urlTemplate":"https:\/\/marekkuchcinski.pl\/?s={search_term_string}"},"query-input":{"@type":"PropertyValueSpecification","valueRequired":true,"valueName":"search_term_string"}}],"inLanguage":"cs"},{"@type":"Organization","@id":"https:\/\/marekkuchcinski.pl\/#organization","name":"Marek Kuchci\u0144ski","url":"https:\/\/marekkuchcinski.pl\/","logo":{"@type":"ImageObject","inLanguage":"cs","@id":"https:\/\/marekkuchcinski.pl\/#\/schema\/logo\/image\/","url":"https:\/\/marekkuchcinski.pl\/wp-content\/uploads\/2022\/09\/Marek.jpg","contentUrl":"https:\/\/marekkuchcinski.pl\/wp-content\/uploads\/2022\/09\/Marek.jpg","width":1600,"height":971,"caption":"Marek Kuchci\u0144ski"},"image":{"@id":"https:\/\/marekkuchcinski.pl\/#\/schema\/logo\/image\/"}},{"@type":"Person","@id":"https:\/\/marekkuchcinski.pl\/#\/schema\/person\/6f62700996b4d950b6ea2d1183b6c6be","name":"admin","image":{"@type":"ImageObject","inLanguage":"cs","@id":"https:\/\/marekkuchcinski.pl\/#\/schema\/person\/image\/","url":"https:\/\/secure.gravatar.com\/avatar\/4bab693b9d55c3d6b52c0296a8765085?s=96&d=mm&r=g","contentUrl":"https:\/\/secure.gravatar.com\/avatar\/4bab693b9d55c3d6b52c0296a8765085?s=96&d=mm&r=g","caption":"admin"},"url":"https:\/\/marekkuchcinski.pl\/cs\/author\/marta-olejnik\/"}]}},"_links":{"self":[{"href":"https:\/\/marekkuchcinski.pl\/cs\/wp-json\/wp\/v2\/posts\/13621","targetHints":{"allow":["GET"]}}],"collection":[{"href":"https:\/\/marekkuchcinski.pl\/cs\/wp-json\/wp\/v2\/posts"}],"about":[{"href":"https:\/\/marekkuchcinski.pl\/cs\/wp-json\/wp\/v2\/types\/post"}],"author":[{"embeddable":true,"href":"https:\/\/marekkuchcinski.pl\/cs\/wp-json\/wp\/v2\/users\/6"}],"replies":[{"embeddable":true,"href":"https:\/\/marekkuchcinski.pl\/cs\/wp-json\/wp\/v2\/comments?post=13621"}],"version-history":[{"count":6,"href":"https:\/\/marekkuchcinski.pl\/cs\/wp-json\/wp\/v2\/posts\/13621\/revisions"}],"predecessor-version":[{"id":13645,"href":"https:\/\/marekkuchcinski.pl\/cs\/wp-json\/wp\/v2\/posts\/13621\/revisions\/13645"}],"wp:featuredmedia":[{"embeddable":true,"href":"https:\/\/marekkuchcinski.pl\/cs\/wp-json\/wp\/v2\/media\/13624"}],"wp:attachment":[{"href":"https:\/\/marekkuchcinski.pl\/cs\/wp-json\/wp\/v2\/media?parent=13621"}],"wp:term":[{"taxonomy":"category","embeddable":true,"href":"https:\/\/marekkuchcinski.pl\/cs\/wp-json\/wp\/v2\/categories?post=13621"},{"taxonomy":"post_tag","embeddable":true,"href":"https:\/\/marekkuchcinski.pl\/cs\/wp-json\/wp\/v2\/tags?post=13621"}],"curies":[{"name":"wp","href":"https:\/\/api.w.org\/{rel}","templated":true}]}}