{"id":136,"date":"2012-01-23T20:28:54","date_gmt":"2012-01-23T19:28:54","guid":{"rendered":"https:\/\/marekkuchcinski.pl\/?p=136"},"modified":"2016-08-25T17:06:16","modified_gmt":"2016-08-25T15:06:16","slug":"oplatek-pis-w-przemyslu","status":"publish","type":"post","link":"https:\/\/marekkuchcinski.pl\/cs\/wydarzenia\/oplatek-pis-w-przemyslu\/","title":{"rendered":"V Przemy\u015blu se konala sch\u016fze oplatk\u016f strany Pr\u00e1vo a spravedlnost"},"content":{"rendered":"<p style=\"text-align: justify;\">&nbsp;<\/p>\n<p style=\"text-align: justify;\">\u010clenov\u00e9 a p\u0159\u00edznivci Pr\u00e1va a spravedlnosti z Przemy\u0161le a Przemy\u0161lsk\u00e9ho okresu se po \u00fa\u010dasti na m\u0161i svat\u00e9 v kostele otc\u016f salesi\u00e1n\u016f se\u0161li 22. ledna v Centru vzd\u011bl\u00e1v\u00e1n\u00ed u\u010ditel\u016f, aby si tradi\u010dn\u011b pop\u0159\u00e1li oplatky, spole\u010dn\u011b zazp\u00edvali koledy, ale tak\u00e9 si p\u0159ipomn\u011bli v\u00fdznamn\u00e9 ud\u00e1losti uplynul\u00e9ho roku a diskutovali o p\u0159\u00edle\u017eitostech a hrozb\u00e1ch, kter\u00e9 se objevuj\u00ed na prahu ned\u00e1vno zapo\u010dat\u00e9ho roku 2012.<\/p>\n<p style=\"text-align: justify;\">{galerie}oplatek{\/gallery}<\/p>\n<p style=\"text-align: justify;\">Po posv\u011bcen\u00ed oplatk\u016f otcem Kazimierzem Ska\u0142kou, far\u00e1\u0159em otc\u016f salesi\u00e1n\u016f, po\u017e\u00e1dal hostitel setk\u00e1n\u00ed, p\u0159edseda Klubu Pr\u00e1vo a spravedlnost p\u0159i m\u011bstsk\u00e9 rad\u011b v Przemy\u015blu W\u0142adys\u0142aw Bukowski, sen\u00e1tora Andrzeje Matusiewicze, aby hosty ofici\u00e1ln\u011b p\u0159iv\u00edtal.<\/p>\n<p> <!--more--> <\/p>\n<p style=\"text-align: justify;\">&nbsp;<\/p>\n<p style=\"text-align: justify;\">\u010cestn\u00fdm hostem byl m\u00edstop\u0159edseda polsk\u00e9ho parlamentu Marek Kuchci\u0144ski. Mezi dal\u0161\u00edmi hosty setk\u00e1n\u00ed byli: Andrzej Buczek, p\u0159edseda Region\u00e1ln\u00ed rady NSZZ \"Solidarita\" a z\u00e1rove\u0148 krajsk\u00fd zastupitel; Marek Kami\u0144ski - prvn\u00ed p\u0159edseda \"Solidarity\" v Przemy\u0161lsk\u00e9m kraji; poslanec PiS minul\u00e9ho volebn\u00edho obdob\u00ed - Adam \u015anie\u017cek z Rzeszowa, p\u0159edseda Rady m\u011bsta Przemy\u015bl - Jan Bartmi\u0144ski, radn\u00ed Sn\u011bmu vojvodstv\u00ed a b\u00fdval\u00fd Przemy\u0161lsk\u00fd starosta - Stanis\u0142aw Bajda, b\u00fdval\u00fd Przemy\u0161lsk\u00fd starosta - Mariusz Grz\u0119da, b\u00fdval\u00fd m\u00edstodr\u017eitel a b\u00fdval\u00fd Dariusz Iwaneczko, b\u00fdval\u00fd \u0159editel z\u00e1mku Krasiczy\u0144ski - Janusz Czarski, n\u011bkolik m\u011bstsk\u00fdch a okresn\u00edch zastupitel\u016f, jako\u017e i mnoho b\u00fdval\u00fdch \u010dlen\u016f p\u0159emy\u0161lsk\u00e9ho ob\u010dansk\u00e9ho v\u00fdboru \"Solidarno\u015b\u0107\" z m\u011bsta a okresu.<\/p>\n<p style=\"text-align: justify;\">&nbsp;<\/p>\n<p style=\"text-align: justify;\">Mar\u0161\u00e1l Kuchci\u0144ski ve sv\u00e9m projevu p\u0159ipomn\u011bl nejd\u016fle\u017eit\u011bj\u0161\u00ed ud\u00e1losti roku 2011, v\u010detn\u011b parlamentn\u00edch voleb, v nich\u017e na Podkarpatsku op\u011bt usp\u011bli kandid\u00e1ti Pr\u00e1va a spravedlnosti. Hlavn\u00ed masm\u00e9dia, kter\u00e1 otev\u0159en\u011b zauj\u00edmala provl\u00e1dn\u00ed postoje se zjevn\u00fdm nedostatkem objektivity, do zna\u010dn\u00e9 m\u00edry p\u0159isp\u011bla k tomu, \u017ee nejv\u00fdznamn\u011bj\u0161\u00ed opozi\u010dn\u00ed strana v cel\u00e9 zemi nezv\u00edt\u011bzila. N\u011bkter\u00e1 m\u00e9dia byla dokonce zjevn\u011b neup\u0159\u00edmn\u00e1 a za sou\u010dasnou \u0161patnou situaci ve \u0161kolstv\u00ed a zdravotnictv\u00ed kritizovala sp\u00ed\u0161e stranu Pr\u00e1vo a spravedlnost ne\u017e stranu Ob\u010dansk\u00e1 platforma, kter\u00e1 je u moci ji\u017e \u010dty\u0159i roky. V na\u0161em regionu se tak\u00e9 projevila zaujatost m\u00e9di\u00ed.<\/p>\n<p style=\"text-align: justify;\">&nbsp;<\/p>\n<p style=\"text-align: justify;\">P\u0159edseda parlamentu vyj\u00e1d\u0159il obavy, \u017ee v roce 2012 budou obyvatel\u00e9 na\u0161\u00ed zem\u011b siln\u011bji posti\u017eeni rostouc\u00edm zdra\u017eov\u00e1n\u00edm zp\u016fsoben\u00fdm zvy\u0161ov\u00e1n\u00edm da\u0148ov\u00e9 z\u00e1t\u011b\u017ee ze strany vl\u00e1dy. Tato politika bude m\u00edt tak\u00e9 negativn\u00ed dopad na \u010dinnost podnikatel\u016f, zejm\u00e9na mal\u00fdch a st\u0159edn\u00edch, a t\u00edm d\u00e1le zhor\u0161\u00ed situaci m\u00edstn\u00edch samospr\u00e1v, kter\u00e9 budou nuceny zvy\u0161ovat m\u00edstn\u00ed poplatky, nebo\u0165 dotace ze st\u00e1tn\u00edho rozpo\u010dtu na z\u00e1konem stanoven\u00e9 \u00fakoly, jako je nap\u0159. \u0161kolstv\u00ed, jsou nedostate\u010dn\u00e9.<\/p>\n<p style=\"text-align: justify;\">&nbsp;<\/p>\n<p style=\"text-align: justify;\">Strana Pr\u00e1vo a spravedlnost bude vl\u00e1dn\u00ed t\u00e1bor p\u0159ed t\u011bmito negativn\u00edmi d\u016fsledky varovat. Mimo jin\u00e9 navrhne - ve spolupr\u00e1ci s m\u00edstn\u00edmi \u00fa\u0159ady - roz\u0161\u00ed\u0159en\u00ed bezv\u00edzov\u00e9ho p\u00e1sma na hranici s Ukrajinou na 50 kilometr\u016f a o\u017eiven\u00ed pl\u00e1n\u016f na vybudov\u00e1n\u00ed silni\u010dn\u00edho hrani\u010dn\u00edho p\u0159echodu v Malhovic\u00edch u Przemy\u0161le.<\/p>\n<p style=\"text-align: justify;\">&nbsp;<\/p>\n<p style=\"text-align: justify;\">Mar\u0161\u00e1l Kuchci\u0144ski p\u0159ipomn\u011bl tragickou smolenskou katastrofu, nejv\u011bt\u0161\u00ed od v\u00e1lky, a vyzval k d\u016fstojn\u00e9mu uct\u011bn\u00ed pam\u00e1tky jej\u00edch ob\u011bt\u00ed, v\u010detn\u011b v\u00fdznamn\u00fdch p\u0159edstavitel\u016f Podkarpatsk\u00e9 Rusi. Vyzval tak\u00e9 k rozhodn\u011bj\u0161\u00edmu pokusu o objasn\u011bn\u00ed okolnost\u00ed katastrofy, kter\u00e9 se ukazuj\u00ed b\u00fdt st\u00e1le kontroverzn\u011bj\u0161\u00ed. Na z\u00e1v\u011br sv\u00e9ho projevu pop\u0159\u00e1l \u010dlen\u016fm PiS, aby se v leto\u0161n\u00edm roce zam\u011b\u0159ili na aktivn\u00ed organiza\u010dn\u00ed pr\u00e1ci a byli tak co nejl\u00e9pe p\u0159ipraveni na p\u0159\u00ed\u0161t\u00ed volby, a to jak komun\u00e1ln\u00ed, tak parlamentn\u00ed.<\/p>\n<p style=\"text-align: justify;\">&nbsp;<\/p>\n<p style=\"text-align: justify;\">V n\u00e1sledn\u00fdch projevech vystoupil mimo jin\u00e9 p\u0159edseda Andrzej Buczek, kter\u00fd apeloval proti pl\u00e1novan\u00e9 likvidaci elektr\u00e1rensk\u00e9ho obvodu PGE v Przemy\u015blu, co\u017e by m\u011blo za n\u00e1sledek ztr\u00e1tu dal\u0161\u00edch pracovn\u00edch m\u00edst v oblasti. Zemsk\u00fd rada Stanis\u0142aw Bajda - jako dlouholet\u00fd u\u010ditel - upozornil na st\u00e1le se zhor\u0161uj\u00edc\u00ed situaci v polsk\u00e9m \u0161kolstv\u00ed a na degradaci vl\u00e1dn\u00edch vzd\u011bl\u00e1vac\u00edch program\u016f, kter\u00e9 v\u011bdom\u011b rezignuj\u00ed na vlasteneckou v\u00fdchovu polsk\u00e9 ml\u00e1de\u017ee; a kone\u010dn\u011b sen\u00e1tor Andrzej Matusiewicz, kter\u00fd mimo jin\u00e9 informoval o sv\u00e9 snaze prosadit pr\u00e1vn\u00ed normy, kter\u00e9 d\u0159\u00edve p\u0159ijal parlament, ale kter\u00e9 nebyly realizov\u00e1ny. &nbsp;&nbsp;&nbsp;<\/p>","protected":false},"excerpt":{"rendered":"<p>&nbsp; Cz\u0142onkowie i sympatycy Prawa i Sprawiedliwo\u015bci z Przemy\u015bla i powiatu przemyskiego, po uczestniczeniu we Mszy \u015bwi\u0119tej w ko\u015bciele Ojc\u00f3w Salezjan\u00f3w, spotkali si\u0119 22 stycznia w O\u015brodku Dokszta\u0142cania Nauczycieli, aby tradycyjnie z\u0142o\u017cy\u0107 sobie op\u0142atkowe \u017cyczenia, wsp\u00f3lnie \u015bpiewa\u0107 kol\u0119dy, ale tak\u017ce wspomnie\u0107 znacz\u0105ce wydarzenia roku poprzedniego oraz om\u00f3wi\u0107 szanse i zagro\u017cenia pojawiaj\u0105ce si\u0119 u progu niedawno [&hellip;]<\/p>","protected":false},"author":6,"featured_media":0,"comment_status":"open","ping_status":"open","sticky":false,"template":"","format":"standard","meta":{"ngg_post_thumbnail":0,"footnotes":""},"categories":[3],"tags":[],"class_list":["post-136","post","type-post","status-publish","format-standard","hentry","category-wydarzenia"],"yoast_head":"<!-- This site is optimized with the Yoast SEO plugin v24.7 - https:\/\/yoast.com\/wordpress\/plugins\/seo\/ -->\n<title>W Przemy\u015blu odby\u0142o si\u0119 spotkanie op\u0142atkowe Prawa i Sprawiedliwo\u015bci &#8211; Marek Kuchci\u0144ski<\/title>\n<meta name=\"robots\" content=\"index, follow, max-snippet:-1, max-image-preview:large, max-video-preview:-1\" \/>\n<link rel=\"canonical\" href=\"https:\/\/marekkuchcinski.pl\/cs\/wydarzenia\/oplatek-pis-w-przemyslu\/\" \/>\n<meta property=\"og:locale\" content=\"cs_CZ\" \/>\n<meta property=\"og:type\" content=\"article\" \/>\n<meta property=\"og:title\" content=\"W Przemy\u015blu odby\u0142o si\u0119 spotkanie op\u0142atkowe Prawa i Sprawiedliwo\u015bci &#8211; Marek Kuchci\u0144ski\" \/>\n<meta property=\"og:description\" content=\"&nbsp; Cz\u0142onkowie i sympatycy Prawa i Sprawiedliwo\u015bci z Przemy\u015bla i powiatu przemyskiego, po uczestniczeniu we Mszy \u015bwi\u0119tej w ko\u015bciele Ojc\u00f3w Salezjan\u00f3w, spotkali si\u0119 22 stycznia w O\u015brodku Dokszta\u0142cania Nauczycieli, aby tradycyjnie z\u0142o\u017cy\u0107 sobie op\u0142atkowe \u017cyczenia, wsp\u00f3lnie \u015bpiewa\u0107 kol\u0119dy, ale tak\u017ce wspomnie\u0107 znacz\u0105ce wydarzenia roku poprzedniego oraz om\u00f3wi\u0107 szanse i zagro\u017cenia pojawiaj\u0105ce si\u0119 u progu niedawno [&hellip;]\" \/>\n<meta property=\"og:url\" content=\"https:\/\/marekkuchcinski.pl\/cs\/wydarzenia\/oplatek-pis-w-przemyslu\/\" \/>\n<meta property=\"og:site_name\" content=\"Marek Kuchci\u0144ski\" \/>\n<meta property=\"article:published_time\" content=\"2012-01-23T19:28:54+00:00\" \/>\n<meta property=\"article:modified_time\" content=\"2016-08-25T15:06:16+00:00\" \/>\n<meta property=\"og:image\" content=\"https:\/\/marekkuchcinski.pl\/wp-content\/uploads\/2022\/09\/Marek.jpg\" \/>\n\t<meta property=\"og:image:width\" content=\"1600\" \/>\n\t<meta property=\"og:image:height\" content=\"971\" \/>\n\t<meta property=\"og:image:type\" content=\"image\/jpeg\" \/>\n<meta name=\"author\" content=\"admin\" \/>\n<meta name=\"twitter:card\" content=\"summary_large_image\" \/>\n<meta name=\"twitter:label1\" content=\"Napsal(a)\" \/>\n\t<meta name=\"twitter:data1\" content=\"admin\" \/>\n\t<meta name=\"twitter:label2\" content=\"Odhadovan\u00e1 doba \u010dten\u00ed\" \/>\n\t<meta name=\"twitter:data2\" content=\"4 minuty\" \/>\n<script type=\"application\/ld+json\" class=\"yoast-schema-graph\">{\"@context\":\"https:\/\/schema.org\",\"@graph\":[{\"@type\":\"Article\",\"@id\":\"https:\/\/marekkuchcinski.pl\/wydarzenia\/oplatek-pis-w-przemyslu\/#article\",\"isPartOf\":{\"@id\":\"https:\/\/marekkuchcinski.pl\/wydarzenia\/oplatek-pis-w-przemyslu\/\"},\"author\":{\"name\":\"admin\",\"@id\":\"https:\/\/marekkuchcinski.pl\/#\/schema\/person\/6f62700996b4d950b6ea2d1183b6c6be\"},\"headline\":\"W Przemy\u015blu odby\u0142o si\u0119 spotkanie op\u0142atkowe Prawa i Sprawiedliwo\u015bci\",\"datePublished\":\"2012-01-23T19:28:54+00:00\",\"dateModified\":\"2016-08-25T15:06:16+00:00\",\"mainEntityOfPage\":{\"@id\":\"https:\/\/marekkuchcinski.pl\/wydarzenia\/oplatek-pis-w-przemyslu\/\"},\"wordCount\":748,\"commentCount\":0,\"publisher\":{\"@id\":\"https:\/\/marekkuchcinski.pl\/#organization\"},\"articleSection\":[\"Wydarzenia\"],\"inLanguage\":\"cs\",\"potentialAction\":[{\"@type\":\"CommentAction\",\"name\":\"Comment\",\"target\":[\"https:\/\/marekkuchcinski.pl\/wydarzenia\/oplatek-pis-w-przemyslu\/#respond\"]}]},{\"@type\":\"WebPage\",\"@id\":\"https:\/\/marekkuchcinski.pl\/wydarzenia\/oplatek-pis-w-przemyslu\/\",\"url\":\"https:\/\/marekkuchcinski.pl\/wydarzenia\/oplatek-pis-w-przemyslu\/\",\"name\":\"W Przemy\u015blu odby\u0142o si\u0119 spotkanie op\u0142atkowe Prawa i Sprawiedliwo\u015bci &#8211; Marek Kuchci\u0144ski\",\"isPartOf\":{\"@id\":\"https:\/\/marekkuchcinski.pl\/#website\"},\"datePublished\":\"2012-01-23T19:28:54+00:00\",\"dateModified\":\"2016-08-25T15:06:16+00:00\",\"breadcrumb\":{\"@id\":\"https:\/\/marekkuchcinski.pl\/wydarzenia\/oplatek-pis-w-przemyslu\/#breadcrumb\"},\"inLanguage\":\"cs\",\"potentialAction\":[{\"@type\":\"ReadAction\",\"target\":[\"https:\/\/marekkuchcinski.pl\/wydarzenia\/oplatek-pis-w-przemyslu\/\"]}]},{\"@type\":\"BreadcrumbList\",\"@id\":\"https:\/\/marekkuchcinski.pl\/wydarzenia\/oplatek-pis-w-przemyslu\/#breadcrumb\",\"itemListElement\":[{\"@type\":\"ListItem\",\"position\":1,\"name\":\"Strona g\u0142\u00f3wna\",\"item\":\"https:\/\/marekkuchcinski.pl\/\"},{\"@type\":\"ListItem\",\"position\":2,\"name\":\"W Przemy\u015blu odby\u0142o si\u0119 spotkanie op\u0142atkowe Prawa i Sprawiedliwo\u015bci\"}]},{\"@type\":\"WebSite\",\"@id\":\"https:\/\/marekkuchcinski.pl\/#website\",\"url\":\"https:\/\/marekkuchcinski.pl\/\",\"name\":\"Marek Kuchci\u0144ski\",\"description\":\"Pose\u0142 na sejm RP &ndash; okr\u0119g nr 22\",\"publisher\":{\"@id\":\"https:\/\/marekkuchcinski.pl\/#organization\"},\"potentialAction\":[{\"@type\":\"SearchAction\",\"target\":{\"@type\":\"EntryPoint\",\"urlTemplate\":\"https:\/\/marekkuchcinski.pl\/?s={search_term_string}\"},\"query-input\":{\"@type\":\"PropertyValueSpecification\",\"valueRequired\":true,\"valueName\":\"search_term_string\"}}],\"inLanguage\":\"cs\"},{\"@type\":\"Organization\",\"@id\":\"https:\/\/marekkuchcinski.pl\/#organization\",\"name\":\"Marek Kuchci\u0144ski\",\"url\":\"https:\/\/marekkuchcinski.pl\/\",\"logo\":{\"@type\":\"ImageObject\",\"inLanguage\":\"cs\",\"@id\":\"https:\/\/marekkuchcinski.pl\/#\/schema\/logo\/image\/\",\"url\":\"https:\/\/marekkuchcinski.pl\/wp-content\/uploads\/2022\/09\/Marek.jpg\",\"contentUrl\":\"https:\/\/marekkuchcinski.pl\/wp-content\/uploads\/2022\/09\/Marek.jpg\",\"width\":1600,\"height\":971,\"caption\":\"Marek Kuchci\u0144ski\"},\"image\":{\"@id\":\"https:\/\/marekkuchcinski.pl\/#\/schema\/logo\/image\/\"}},{\"@type\":\"Person\",\"@id\":\"https:\/\/marekkuchcinski.pl\/#\/schema\/person\/6f62700996b4d950b6ea2d1183b6c6be\",\"name\":\"admin\",\"image\":{\"@type\":\"ImageObject\",\"inLanguage\":\"cs\",\"@id\":\"https:\/\/marekkuchcinski.pl\/#\/schema\/person\/image\/\",\"url\":\"https:\/\/secure.gravatar.com\/avatar\/4bab693b9d55c3d6b52c0296a8765085?s=96&d=mm&r=g\",\"contentUrl\":\"https:\/\/secure.gravatar.com\/avatar\/4bab693b9d55c3d6b52c0296a8765085?s=96&d=mm&r=g\",\"caption\":\"admin\"},\"url\":\"https:\/\/marekkuchcinski.pl\/cs\/author\/marta-olejnik\/\"}]}<\/script>\n<!-- \/ Yoast SEO plugin. -->","yoast_head_json":{"title":"W Przemy\u015blu odby\u0142o si\u0119 spotkanie op\u0142atkowe Prawa i Sprawiedliwo\u015bci &#8211; Marek Kuchci\u0144ski","robots":{"index":"index","follow":"follow","max-snippet":"max-snippet:-1","max-image-preview":"max-image-preview:large","max-video-preview":"max-video-preview:-1"},"canonical":"https:\/\/marekkuchcinski.pl\/cs\/wydarzenia\/oplatek-pis-w-przemyslu\/","og_locale":"cs_CZ","og_type":"article","og_title":"W Przemy\u015blu odby\u0142o si\u0119 spotkanie op\u0142atkowe Prawa i Sprawiedliwo\u015bci &#8211; Marek Kuchci\u0144ski","og_description":"&nbsp; Cz\u0142onkowie i sympatycy Prawa i Sprawiedliwo\u015bci z Przemy\u015bla i powiatu przemyskiego, po uczestniczeniu we Mszy \u015bwi\u0119tej w ko\u015bciele Ojc\u00f3w Salezjan\u00f3w, spotkali si\u0119 22 stycznia w O\u015brodku Dokszta\u0142cania Nauczycieli, aby tradycyjnie z\u0142o\u017cy\u0107 sobie op\u0142atkowe \u017cyczenia, wsp\u00f3lnie \u015bpiewa\u0107 kol\u0119dy, ale tak\u017ce wspomnie\u0107 znacz\u0105ce wydarzenia roku poprzedniego oraz om\u00f3wi\u0107 szanse i zagro\u017cenia pojawiaj\u0105ce si\u0119 u progu niedawno [&hellip;]","og_url":"https:\/\/marekkuchcinski.pl\/cs\/wydarzenia\/oplatek-pis-w-przemyslu\/","og_site_name":"Marek Kuchci\u0144ski","article_published_time":"2012-01-23T19:28:54+00:00","article_modified_time":"2016-08-25T15:06:16+00:00","og_image":[{"width":1600,"height":971,"url":"https:\/\/marekkuchcinski.pl\/wp-content\/uploads\/2022\/09\/Marek.jpg","type":"image\/jpeg"}],"author":"admin","twitter_card":"summary_large_image","twitter_misc":{"Napsal(a)":"admin","Odhadovan\u00e1 doba \u010dten\u00ed":"4 minuty"},"schema":{"@context":"https:\/\/schema.org","@graph":[{"@type":"Article","@id":"https:\/\/marekkuchcinski.pl\/wydarzenia\/oplatek-pis-w-przemyslu\/#article","isPartOf":{"@id":"https:\/\/marekkuchcinski.pl\/wydarzenia\/oplatek-pis-w-przemyslu\/"},"author":{"name":"admin","@id":"https:\/\/marekkuchcinski.pl\/#\/schema\/person\/6f62700996b4d950b6ea2d1183b6c6be"},"headline":"W Przemy\u015blu odby\u0142o si\u0119 spotkanie op\u0142atkowe Prawa i Sprawiedliwo\u015bci","datePublished":"2012-01-23T19:28:54+00:00","dateModified":"2016-08-25T15:06:16+00:00","mainEntityOfPage":{"@id":"https:\/\/marekkuchcinski.pl\/wydarzenia\/oplatek-pis-w-przemyslu\/"},"wordCount":748,"commentCount":0,"publisher":{"@id":"https:\/\/marekkuchcinski.pl\/#organization"},"articleSection":["Wydarzenia"],"inLanguage":"cs","potentialAction":[{"@type":"CommentAction","name":"Comment","target":["https:\/\/marekkuchcinski.pl\/wydarzenia\/oplatek-pis-w-przemyslu\/#respond"]}]},{"@type":"WebPage","@id":"https:\/\/marekkuchcinski.pl\/wydarzenia\/oplatek-pis-w-przemyslu\/","url":"https:\/\/marekkuchcinski.pl\/wydarzenia\/oplatek-pis-w-przemyslu\/","name":"W Przemy\u015blu odby\u0142o si\u0119 spotkanie op\u0142atkowe Prawa i Sprawiedliwo\u015bci &#8211; Marek Kuchci\u0144ski","isPartOf":{"@id":"https:\/\/marekkuchcinski.pl\/#website"},"datePublished":"2012-01-23T19:28:54+00:00","dateModified":"2016-08-25T15:06:16+00:00","breadcrumb":{"@id":"https:\/\/marekkuchcinski.pl\/wydarzenia\/oplatek-pis-w-przemyslu\/#breadcrumb"},"inLanguage":"cs","potentialAction":[{"@type":"ReadAction","target":["https:\/\/marekkuchcinski.pl\/wydarzenia\/oplatek-pis-w-przemyslu\/"]}]},{"@type":"BreadcrumbList","@id":"https:\/\/marekkuchcinski.pl\/wydarzenia\/oplatek-pis-w-przemyslu\/#breadcrumb","itemListElement":[{"@type":"ListItem","position":1,"name":"Strona g\u0142\u00f3wna","item":"https:\/\/marekkuchcinski.pl\/"},{"@type":"ListItem","position":2,"name":"W Przemy\u015blu odby\u0142o si\u0119 spotkanie op\u0142atkowe Prawa i Sprawiedliwo\u015bci"}]},{"@type":"WebSite","@id":"https:\/\/marekkuchcinski.pl\/#website","url":"https:\/\/marekkuchcinski.pl\/","name":"Marek Kuchci\u0144ski","description":"Pose\u0142 na sejm RP &ndash; okr\u0119g nr 22","publisher":{"@id":"https:\/\/marekkuchcinski.pl\/#organization"},"potentialAction":[{"@type":"SearchAction","target":{"@type":"EntryPoint","urlTemplate":"https:\/\/marekkuchcinski.pl\/?s={search_term_string}"},"query-input":{"@type":"PropertyValueSpecification","valueRequired":true,"valueName":"search_term_string"}}],"inLanguage":"cs"},{"@type":"Organization","@id":"https:\/\/marekkuchcinski.pl\/#organization","name":"Marek Kuchci\u0144ski","url":"https:\/\/marekkuchcinski.pl\/","logo":{"@type":"ImageObject","inLanguage":"cs","@id":"https:\/\/marekkuchcinski.pl\/#\/schema\/logo\/image\/","url":"https:\/\/marekkuchcinski.pl\/wp-content\/uploads\/2022\/09\/Marek.jpg","contentUrl":"https:\/\/marekkuchcinski.pl\/wp-content\/uploads\/2022\/09\/Marek.jpg","width":1600,"height":971,"caption":"Marek Kuchci\u0144ski"},"image":{"@id":"https:\/\/marekkuchcinski.pl\/#\/schema\/logo\/image\/"}},{"@type":"Person","@id":"https:\/\/marekkuchcinski.pl\/#\/schema\/person\/6f62700996b4d950b6ea2d1183b6c6be","name":"admin","image":{"@type":"ImageObject","inLanguage":"cs","@id":"https:\/\/marekkuchcinski.pl\/#\/schema\/person\/image\/","url":"https:\/\/secure.gravatar.com\/avatar\/4bab693b9d55c3d6b52c0296a8765085?s=96&d=mm&r=g","contentUrl":"https:\/\/secure.gravatar.com\/avatar\/4bab693b9d55c3d6b52c0296a8765085?s=96&d=mm&r=g","caption":"admin"},"url":"https:\/\/marekkuchcinski.pl\/cs\/author\/marta-olejnik\/"}]}},"_links":{"self":[{"href":"https:\/\/marekkuchcinski.pl\/cs\/wp-json\/wp\/v2\/posts\/136","targetHints":{"allow":["GET"]}}],"collection":[{"href":"https:\/\/marekkuchcinski.pl\/cs\/wp-json\/wp\/v2\/posts"}],"about":[{"href":"https:\/\/marekkuchcinski.pl\/cs\/wp-json\/wp\/v2\/types\/post"}],"author":[{"embeddable":true,"href":"https:\/\/marekkuchcinski.pl\/cs\/wp-json\/wp\/v2\/users\/6"}],"replies":[{"embeddable":true,"href":"https:\/\/marekkuchcinski.pl\/cs\/wp-json\/wp\/v2\/comments?post=136"}],"version-history":[{"count":1,"href":"https:\/\/marekkuchcinski.pl\/cs\/wp-json\/wp\/v2\/posts\/136\/revisions"}],"predecessor-version":[{"id":1298,"href":"https:\/\/marekkuchcinski.pl\/cs\/wp-json\/wp\/v2\/posts\/136\/revisions\/1298"}],"wp:attachment":[{"href":"https:\/\/marekkuchcinski.pl\/cs\/wp-json\/wp\/v2\/media?parent=136"}],"wp:term":[{"taxonomy":"category","embeddable":true,"href":"https:\/\/marekkuchcinski.pl\/cs\/wp-json\/wp\/v2\/categories?post=136"},{"taxonomy":"post_tag","embeddable":true,"href":"https:\/\/marekkuchcinski.pl\/cs\/wp-json\/wp\/v2\/tags?post=136"}],"curies":[{"name":"wp","href":"https:\/\/api.w.org\/{rel}","templated":true}]}}