{"id":13544,"date":"2019-03-10T11:50:42","date_gmt":"2019-03-10T10:50:42","guid":{"rendered":"https:\/\/marekkuchcinski.pl\/?p=13544"},"modified":"2019-03-11T15:53:23","modified_gmt":"2019-03-11T14:53:23","slug":"powrot-unii-europejskiej-wartosci-zabieganie-o-interesy-polskich-rolnikow-obrona-prawa-rodzicow-wychowania-dzieci-obrona-rownego-traktowania-polskich-firm-korzystny-dla-polski-budzet-konwe","status":"publish","type":"post","link":"https:\/\/marekkuchcinski.pl\/cs\/wydarzenia\/powrot-unii-europejskiej-wartosci-zabieganie-o-interesy-polskich-rolnikow-obrona-prawa-rodzicow-wychowania-dzieci-obrona-rownego-traktowania-polskich-firm-korzystny-dla-polski-budzet-konwe\/","title":{"rendered":"N\u00e1vrat Evropsk\u00e9 unie k jej\u00edm hodnot\u00e1m, obrana z\u00e1jm\u016f polsk\u00fdch zem\u011bd\u011blc\u016f, obrana pr\u00e1va rodi\u010d\u016f na v\u00fdchovu d\u011bt\u00ed, obrana rovn\u00e9ho zach\u00e1zen\u00ed s polsk\u00fdmi firmami, rozpo\u010det v\u00fdhodn\u00fd pro Polsko - volebn\u00ed sjezd PiS do EP na Podkarpatsku"},"content":{"rendered":"<p><strong>Strana Pr\u00e1vo a spravedlnost zah\u00e1jila v domovsk\u00e9m Podkarpatsk\u00e9m vojvodstv\u00ed kampa\u0148 p\u0159ed kv\u011btnov\u00fdmi volbami do Evropsk\u00e9ho parlamentu. <\/strong><\/p>\n<p>O prvn\u00ed m\u00edsto se uch\u00e1zej\u00ed m\u00edstop\u0159edsedkyn\u011b vl\u00e1dy Beata Szyd\u0142o, \u0161\u00e9f ministerstva vnitra Joachim Brudzi\u0144ski, m\u00edstop\u0159edseda Sen\u00e1tu Adam Bielan, Jacek Saryusz-Wolski, Witold Waszczykowski, El\u017cbieta Kruk, Karol Karski, Zdzis\u0142aw Krasnod\u0119bski, ministryn\u011b \u0161kolstv\u00ed Anna Zalewska a Anna Fotyga.<br \/>\nStrana Pr\u00e1vo a spravedlnost na v\u010derej\u0161\u00edm sjezdu p\u0159edstavila c\u00edle a my\u0161lenky, s nimi\u017e chce j\u00edt do voleb: n\u00e1vrat Evropsk\u00e9 unie k jej\u00edm hodnot\u00e1m, prosazov\u00e1n\u00ed z\u00e1jm\u016f polsk\u00fdch zem\u011bd\u011blc\u016f, obhajoba pr\u00e1va rodi\u010d\u016f na v\u00fdchovu d\u011bt\u00ed, obhajoba rovn\u00e9ho zach\u00e1zen\u00ed s polsk\u00fdmi podniky, rozpo\u010det p\u0159\u00edzniv\u00fd pro Polsko.<\/p>\n<p>Jako prvn\u00ed vystoupil p\u0159edseda strany Pr\u00e1vo a spravedlnost Jaroslaw Kaczynski, kter\u00fd zd\u016fraznil, \u017ee jeho strana s\u00e1z\u00ed na rodinu, ale je t\u0159eba v\u011bnovat pozornost velk\u00e9mu nebezpe\u010d\u00ed - nap\u0159\u00edklad \u00fatoku na d\u011bti. - \u00dato\u010d\u00ed na na\u0161i soci\u00e1ln\u00ed politiku a tvrd\u00ed, \u017ee je to rozd\u00e1v\u00e1n\u00ed. Bu\u010f to necht\u011bj\u00ed pochopit, nebo opravdu nech\u00e1pou, jak\u00e9 jsou dva velk\u00e9 c\u00edle t\u00e9to politiky,\" \u0159ekl Kaczy\u0144ski.<\/p>\n<p>Z\u00e1rove\u0148 upozornil, \u017ee chudoba, a zejm\u00e9na b\u00edda, poni\u017euje a v mnoha p\u0159\u00edpadech bere \u010dlov\u011bku d\u016fstojnost. - To se n\u00e1m poda\u0159ilo sn\u00ed\u017eit a budeme v tom pokra\u010dovat. Obnoven\u00ed d\u016fstojnosti polsk\u00e9ho n\u00e1roda je na\u0161\u00edm velk\u00fdm c\u00edlem. Na\u0161i protivn\u00edci tento c\u00edl nech\u00e1pou,\" upozornil.<\/p>\n<p>P\u0159edseda PiS dodal, \u017ee programy, jako je program 500 plus - v\u010detn\u011b programu pro prvn\u00ed d\u00edt\u011b - lze pova\u017eovat za investici. Jak zd\u016fraznil, tyto prost\u0159edky jdou velmi \u010dasto na vzd\u011bl\u00e1n\u00ed d\u011bt\u00ed nebo na zlep\u0161en\u00ed situace v rodin\u00e1ch a tak\u00e9 d\u00e1vaj\u00ed \u0161anci v\u011b\u0159it v budoucnost. - Je to opravdu velk\u00e1 investice do na\u0161\u00ed budoucnosti, ale tak\u00e9 do na\u0161\u00ed p\u0159\u00edtomnosti, proto\u017ee to funguje pr\u00e1v\u011b te\u010f, zd\u016fraznil. - Pokud na\u0161i protivn\u00edci vyhraj\u00ed volby, vezmou n\u00e1m nejprve to, co jsme jim dali, po\u010d\u00ednaje 500 plus a kon\u010de p\u0159ed\u010dasn\u00fdmi d\u016fchody. Budou br\u00e1t, proto\u017ee i kdyby necht\u011bli br\u00e1t, nemohou vl\u00e1dnout,\" argumentoval.<\/p>\n<p>- Mus\u00edte bojovat, bojovat a bojovat. Mus\u00edte se zakousnout do tr\u00e1vy, a tak zv\u00edt\u011bzit - pro Polsko, pro Pol\u00e1ky, pro polsk\u00e9 rodiny a pro n\u00e1s,\" prohl\u00e1sil l\u00eddr Pr\u00e1va a spravedlnosti.<\/p>\n<p>Mateusz Morawiecki zase tvrdil, \u017ee chce b\u00fdt premi\u00e9rem pro st\u00e1le se prohlubuj\u00edc\u00ed polskou st\u0159edn\u00ed t\u0159\u00eddu, pro Pol\u00e1ky z m\u011bst, vesnic a m\u011bste\u010dek, pro pracuj\u00edc\u00ed lidi, pro ty, kte\u0159\u00ed pot\u0159ebuj\u00ed podporu, a ne pro elitu nebo mocn\u00e9 tohoto sv\u011bta, proto\u017ee ti - jak premi\u00e9r zd\u016fraznil - si porad\u00ed.<\/p>\n<p>Podle Morawieck\u00e9ho je pro stranu Pr\u00e1vo a spravedlnost evropanstv\u00ed lep\u0161\u00ed \u017eivot pro Pol\u00e1ky. - Na\u0161i politi\u010dt\u00ed konkurenti ch\u00e1pou evropanstv\u00ed jako revoluci ve zvyc\u00edch, jako zav\u00e1d\u011bn\u00ed mor\u00e1ln\u00edch novinek, kulturn\u00ed revoluci, sv\u011bton\u00e1zor,\" \u0159ekl.<\/p>\n<p>- V Evropsk\u00e9 unii budeme skute\u010dn\u011b zastupovat polsk\u00e9 z\u00e1jmy.\" -\u0159ekl p\u0159edseda vl\u00e1dy. - Chceme ovlivnit osud Evropy. D\u00edky Visegr\u00e1dsk\u00e9 skupin\u011b se n\u00e1m toho poda\u0159ilo stra\u0161n\u011b moc. Zastavit tuto \u0161\u00edlenou politiku<br \/>\nt\u00fdkaj\u00edc\u00ed se uprchl\u00edk\u016f, migrant\u016f. Ukazujeme, jak utv\u00e1\u0159et politiku cel\u00e9 Evropsk\u00e9 unie a z\u00e1rove\u0148 zachovat tu svou.<br \/>\nPolsk\u00e1 identita a z\u00e1jmy. A to je n\u00e1\u0161 z\u00e1vazek a to tak\u00e9 ud\u011bl\u00e1me,\" prohl\u00e1sil.<\/p>\n<p>Premi\u00e9r poznamenal, \u017ee Polsko z EU nejen t\u011b\u017e\u00ed, ale tak\u00e9 j\u00ed samo mnoho nab\u00edz\u00ed. - D\u00e1v\u00e1me Evropsk\u00e9 unii hodn\u011b a nejsme j\u00ed vd\u011b\u010dni jen za to, co dost\u00e1v\u00e1me. Dnes ukazujeme, jak \u0159\u00eddit da\u0148ov\u00fd syst\u00e9m, jak nab\u00eddnout modernitu, skok do moderny spojen\u00fd s obranou tradic polsk\u00fdch rodin a bohat\u00fdm soci\u00e1ln\u00edm programem,\" \u0159ekl.<\/p>\n<p>Jak zd\u016fraznil, p\u0159ed volbami do Evropsk\u00e9ho parlamentu zva\u017eujeme dv\u011b vize Evropy: Evropu vlast\u00ed nebo Evropu bez vlast\u00ed. - Pro m\u011b je Evropa siln\u00e1 ve sv\u00e9 rozmanitosti, p\u0159in\u00e1\u0161\u00edme j\u00ed mnoho. Bohatstv\u00ed Evropy poch\u00e1z\u00ed z r\u016fzn\u00fdch hodnot, s\u00edly, \u017eivotn\u00edch \u0161\u0165\u00e1v, n\u00e1vrh\u016f a projekt\u016f z r\u016fzn\u00fdch zem\u00ed, v\u010detn\u011b Polska,\" zd\u016fraznil Morawiecki.<\/p>\n<p>Tomasz Por\u0119ba, \u0161\u00e9f volebn\u00edho \u0161t\u00e1bu PiS, kter\u00fd se v EP \u0159adu let zasazoval mimo jin\u00e9 o v\u00fdstavbu dopravn\u00ed cesty Via Carpatia, zd\u016fraznil, \u017ee vl\u00e1da PiS navrhuje filozofii udr\u017eiteln\u00e9ho rozvoje, tj. investovat do rozvoje cel\u00e9 zem\u011b, nikoli jen vybran\u00fdch m\u00edst \u010di m\u011bst.<\/p>\n<p>Upozornil, \u017ee sjezd PiS se kon\u00e1 na Podkarpatsku, proto\u017ee pr\u00e1v\u011b v tomto regionu jsou nejl\u00e9pe vid\u011bt dv\u011b filozofie vl\u00e1dnut\u00ed, reprezentovan\u00e9 koali\u010dn\u00edmi vl\u00e1dami PO-PSL a PiS. Podle n\u011bj byla tato filozofie v roce 2015 konfrontov\u00e1na s filozofi\u00ed udr\u017eiteln\u00e9ho rozvoje, kterou navrhla vl\u00e1da PiS. - Navrhujeme investovat v cel\u00e9m Polsku. Navrhujeme investovat a vsadit na rozvoj cel\u00e9 zem\u011b, nejen vybran\u00fdch m\u00edst, vybran\u00fdch m\u011bst,\" zd\u016fraznil Por\u0119ba.<\/p>\n<p>Skl\u00e1d\u00e1 se z 12 bod\u016f - stejn\u011b jako 12 mari\u00e1nsk\u00fdch hv\u011bzd na vlajce EU.<\/p>\n<ul>\n<li>Za prv\u00e9, budeme usilovat o n\u00e1vrat EU k hodnot\u00e1m, kter\u00e9 hl\u00e1sali jej\u00ed zakladatel\u00e9 a kter\u00e9 se m\u011bly st\u00e1t z\u00e1kladem jej\u00edho rozvoje.<\/li>\n<li>\u00a0Za druh\u00e9, ochrana pr\u00e1va rodi\u010d\u016f vychov\u00e1vat sv\u00e9 d\u011bti.<\/li>\n<li>\u00a0Zat\u0159et\u00ed budeme aktivn\u011b prosazovat z\u00e1jmy polsk\u00fdch zem\u011bd\u011blc\u016f na f\u00f3ru EU.<\/li>\n<li>Za \u010dtvrt\u00e9, vyjedn\u00e1me nov\u00fd rozpo\u010det p\u0159\u00edzniv\u00fd pro Polsko.<br \/>\nEU.<\/li>\n<li>Za p\u00e1t\u00e9, budeme h\u00e1jit rovn\u00e9 zach\u00e1zen\u00ed s polsk\u00fdmi spole\u010dnostmi na trhu.<br \/>\nEvropsk\u00fd trh.<\/li>\n<li>Za \u0161est\u00e9, budeme i nad\u00e1le \u00fa\u010dinn\u011b prosazovat<br \/>\nbezpe\u010dnost a ochranu vn\u011bj\u0161\u00edch hranic EU.<\/li>\n<li>Budeme bojovat za to, aby spot\u0159ebitel\u00e9 v cel\u00e9 Evrop\u011b byli<br \/>\nrovn\u00e9 zach\u00e1zen\u00ed a p\u0159\u00edstup k v\u00fdrobk\u016fm a zbo\u017e\u00ed stejn\u00e9ho druhu.<br \/>\nkvalita.<\/li>\n<li>Pr\u00e1vo a spravedlnost bude usilovat o odstran\u011bn\u00ed dvoj\u00edch standard\u016f v zach\u00e1zen\u00ed se st\u00e1tem v r\u00e1mci EU.<\/li>\n<li>Budeme usilovat o to, aby evropsk\u00e1 politika v oblasti klimatu zohled\u0148ovala polsk\u00e9 z\u00e1jmy.<\/li>\n<li>Za des\u00e1t\u00e9, siln\u00e1 politika soudr\u017enosti jako z\u00e1klad pro rychl\u00fd a solid\u00e1rn\u00ed rozvoj EU.<\/li>\n<li>Chceme, aby Evropa pom\u00e1hala v m\u00edstech konflikt\u016f.<\/li>\n<li>Jsme proti neleg\u00e1ln\u00edmu p\u0159ist\u011bhovalectv\u00ed.<\/li>\n<\/ul>\n<p>Politik upozornil, \u017ee k tomu, aby se tyto body uskute\u010dnily a aby se PiS poda\u0159ilo p\u0159esv\u011bd\u010dit partnery v Evrop\u011b, \u017ee jde o spr\u00e1vnou cestu v EU, pot\u0159ebuje:<\/p>\n<ul>\n<li>odhodl\u00e1n\u00ed, podporu a v\u00edru v n\u00e1s, \u017ee se ub\u00edr\u00e1me t\u00edmto sm\u011brem, aby budoucnost Polska byla silnou, dob\u0159e organizovanou a dob\u0159e funguj\u00edc\u00ed vlast\u00ed.<\/li>\n<\/ul>\n<p>N\u00e1sleduj\u00edc\u00ed m\u00edsta na seznamu pro EP obsadili: Bogdan Rzo\u0144ca, Ewa Leniart, Piotr Pilch a Krystyna Wr\u00f3blewska.<\/p>\n<p><em>text\/ foto Marta Olejnik\/ KS<\/em><\/p>\n<p><a href=\"https:\/\/marekkuchcinski.pl\/wp-content\/uploads\/2019\/03\/IMG_8102-1.jpg\"><img fetchpriority=\"high\" decoding=\"async\" class=\"alignnone size-full wp-image-13581\" src=\"https:\/\/marekkuchcinski.pl\/wp-content\/uploads\/2019\/03\/IMG_8102-1.jpg\" alt=\"IMG_8102\" width=\"4631\" height=\"3152\" srcset=\"https:\/\/marekkuchcinski.pl\/wp-content\/uploads\/2019\/03\/IMG_8102-1.jpg 2048w, https:\/\/marekkuchcinski.pl\/wp-content\/uploads\/2019\/03\/IMG_8102-1-300x204.jpg 300w, https:\/\/marekkuchcinski.pl\/wp-content\/uploads\/2019\/03\/IMG_8102-1-768x523.jpg 768w, https:\/\/marekkuchcinski.pl\/wp-content\/uploads\/2019\/03\/IMG_8102-1-1024x697.jpg 1024w\" sizes=\"(max-width: 4631px) 100vw, 4631px\" \/><\/a><a href=\"https:\/\/marekkuchcinski.pl\/wp-content\/uploads\/2019\/03\/IMG_8134.jpg\"><img decoding=\"async\" class=\"alignnone size-full wp-image-13594\" src=\"https:\/\/marekkuchcinski.pl\/wp-content\/uploads\/2019\/03\/IMG_8134.jpg\" alt=\"IMG_8134\" width=\"4746\" height=\"3057\" srcset=\"https:\/\/marekkuchcinski.pl\/wp-content\/uploads\/2019\/03\/IMG_8134.jpg 2048w, https:\/\/marekkuchcinski.pl\/wp-content\/uploads\/2019\/03\/IMG_8134-300x193.jpg 300w, https:\/\/marekkuchcinski.pl\/wp-content\/uploads\/2019\/03\/IMG_8134-768x495.jpg 768w, https:\/\/marekkuchcinski.pl\/wp-content\/uploads\/2019\/03\/IMG_8134-1024x660.jpg 1024w\" sizes=\"(max-width: 4746px) 100vw, 4746px\" \/><\/a><a href=\"https:\/\/marekkuchcinski.pl\/wp-content\/uploads\/2019\/03\/IMG_8118-1.jpg\"><img decoding=\"async\" class=\"alignnone size-full wp-image-13592\" src=\"https:\/\/marekkuchcinski.pl\/wp-content\/uploads\/2019\/03\/IMG_8118-1.jpg\" alt=\"IMG_8118\" width=\"5529\" height=\"3635\" srcset=\"https:\/\/marekkuchcinski.pl\/wp-content\/uploads\/2019\/03\/IMG_8118-1.jpg 2048w, https:\/\/marekkuchcinski.pl\/wp-content\/uploads\/2019\/03\/IMG_8118-1-300x197.jpg 300w, https:\/\/marekkuchcinski.pl\/wp-content\/uploads\/2019\/03\/IMG_8118-1-768x505.jpg 768w, https:\/\/marekkuchcinski.pl\/wp-content\/uploads\/2019\/03\/IMG_8118-1-1024x673.jpg 1024w\" sizes=\"(max-width: 5529px) 100vw, 5529px\" \/><\/a><a href=\"https:\/\/marekkuchcinski.pl\/wp-content\/uploads\/2019\/03\/IMG_8111.jpg\"><img loading=\"lazy\" decoding=\"async\" class=\"alignnone size-full wp-image-13590\" src=\"https:\/\/marekkuchcinski.pl\/wp-content\/uploads\/2019\/03\/IMG_8111.jpg\" alt=\"IMG_8111\" width=\"5509\" height=\"3836\" srcset=\"https:\/\/marekkuchcinski.pl\/wp-content\/uploads\/2019\/03\/IMG_8111.jpg 2048w, https:\/\/marekkuchcinski.pl\/wp-content\/uploads\/2019\/03\/IMG_8111-300x209.jpg 300w, https:\/\/marekkuchcinski.pl\/wp-content\/uploads\/2019\/03\/IMG_8111-768x535.jpg 768w, https:\/\/marekkuchcinski.pl\/wp-content\/uploads\/2019\/03\/IMG_8111-1024x713.jpg 1024w\" sizes=\"(max-width: 5509px) 100vw, 5509px\" \/><\/a><a href=\"https:\/\/marekkuchcinski.pl\/wp-content\/uploads\/2019\/03\/IMG_8020.jpg\"><img loading=\"lazy\" decoding=\"async\" class=\"alignnone size-full wp-image-13614\" src=\"https:\/\/marekkuchcinski.pl\/wp-content\/uploads\/2019\/03\/IMG_8020.jpg\" alt=\"IMG_8020\" width=\"5852\" height=\"3712\" srcset=\"https:\/\/marekkuchcinski.pl\/wp-content\/uploads\/2019\/03\/IMG_8020.jpg 2048w, https:\/\/marekkuchcinski.pl\/wp-content\/uploads\/2019\/03\/IMG_8020-300x190.jpg 300w, https:\/\/marekkuchcinski.pl\/wp-content\/uploads\/2019\/03\/IMG_8020-768x487.jpg 768w, https:\/\/marekkuchcinski.pl\/wp-content\/uploads\/2019\/03\/IMG_8020-1024x650.jpg 1024w\" sizes=\"(max-width: 5852px) 100vw, 5852px\" \/><\/a><a href=\"https:\/\/marekkuchcinski.pl\/wp-content\/uploads\/2019\/03\/IMG_8108-2.jpg\"><img loading=\"lazy\" decoding=\"async\" class=\"alignnone size-full wp-image-13580\" src=\"https:\/\/marekkuchcinski.pl\/wp-content\/uploads\/2019\/03\/IMG_8108-2.jpg\" alt=\"IMG_8108 2\" width=\"5210\" height=\"3435\" srcset=\"https:\/\/marekkuchcinski.pl\/wp-content\/uploads\/2019\/03\/IMG_8108-2.jpg 2048w, https:\/\/marekkuchcinski.pl\/wp-content\/uploads\/2019\/03\/IMG_8108-2-300x198.jpg 300w, https:\/\/marekkuchcinski.pl\/wp-content\/uploads\/2019\/03\/IMG_8108-2-768x506.jpg 768w, https:\/\/marekkuchcinski.pl\/wp-content\/uploads\/2019\/03\/IMG_8108-2-1024x675.jpg 1024w\" sizes=\"(max-width: 5210px) 100vw, 5210px\" \/><\/a><a href=\"https:\/\/marekkuchcinski.pl\/wp-content\/uploads\/2019\/03\/IMG_8248.jpg\"><img loading=\"lazy\" decoding=\"async\" class=\"alignnone size-full wp-image-13545\" src=\"https:\/\/marekkuchcinski.pl\/wp-content\/uploads\/2019\/03\/IMG_8248.jpg\" alt=\"IMG_8248\" width=\"5042\" height=\"3374\" srcset=\"https:\/\/marekkuchcinski.pl\/wp-content\/uploads\/2019\/03\/IMG_8248.jpg 2048w, https:\/\/marekkuchcinski.pl\/wp-content\/uploads\/2019\/03\/IMG_8248-300x201.jpg 300w, https:\/\/marekkuchcinski.pl\/wp-content\/uploads\/2019\/03\/IMG_8248-768x514.jpg 768w, https:\/\/marekkuchcinski.pl\/wp-content\/uploads\/2019\/03\/IMG_8248-1024x685.jpg 1024w\" sizes=\"(max-width: 5042px) 100vw, 5042px\" \/><\/a> <a href=\"https:\/\/marekkuchcinski.pl\/wp-content\/uploads\/2019\/03\/IMG_8261.jpg\"><img loading=\"lazy\" decoding=\"async\" class=\"alignnone size-full wp-image-13546\" src=\"https:\/\/marekkuchcinski.pl\/wp-content\/uploads\/2019\/03\/IMG_8261.jpg\" alt=\"IMG_8261\" width=\"4522\" height=\"3091\" srcset=\"https:\/\/marekkuchcinski.pl\/wp-content\/uploads\/2019\/03\/IMG_8261.jpg 2048w, https:\/\/marekkuchcinski.pl\/wp-content\/uploads\/2019\/03\/IMG_8261-300x205.jpg 300w, https:\/\/marekkuchcinski.pl\/wp-content\/uploads\/2019\/03\/IMG_8261-768x525.jpg 768w, https:\/\/marekkuchcinski.pl\/wp-content\/uploads\/2019\/03\/IMG_8261-1024x700.jpg 1024w\" sizes=\"(max-width: 4522px) 100vw, 4522px\" \/><\/a> <a href=\"https:\/\/marekkuchcinski.pl\/wp-content\/uploads\/2019\/03\/IMG_8289.jpg\"><img loading=\"lazy\" decoding=\"async\" class=\"alignnone size-full wp-image-13549\" src=\"https:\/\/marekkuchcinski.pl\/wp-content\/uploads\/2019\/03\/IMG_8289.jpg\" alt=\"IMG_8289\" width=\"5097\" height=\"3417\" srcset=\"https:\/\/marekkuchcinski.pl\/wp-content\/uploads\/2019\/03\/IMG_8289.jpg 2048w, https:\/\/marekkuchcinski.pl\/wp-content\/uploads\/2019\/03\/IMG_8289-300x201.jpg 300w, https:\/\/marekkuchcinski.pl\/wp-content\/uploads\/2019\/03\/IMG_8289-768x515.jpg 768w, https:\/\/marekkuchcinski.pl\/wp-content\/uploads\/2019\/03\/IMG_8289-1024x686.jpg 1024w\" sizes=\"(max-width: 5097px) 100vw, 5097px\" \/><\/a> <a href=\"https:\/\/marekkuchcinski.pl\/wp-content\/uploads\/2019\/03\/IMG_8271.jpg\"><img loading=\"lazy\" decoding=\"async\" class=\"alignnone size-full wp-image-13649\" src=\"https:\/\/marekkuchcinski.pl\/wp-content\/uploads\/2019\/03\/IMG_8271.jpg\" alt=\"IMG_8271\" width=\"2261\" height=\"1624\" srcset=\"https:\/\/marekkuchcinski.pl\/wp-content\/uploads\/2019\/03\/IMG_8271.jpg 2048w, https:\/\/marekkuchcinski.pl\/wp-content\/uploads\/2019\/03\/IMG_8271-300x215.jpg 300w, https:\/\/marekkuchcinski.pl\/wp-content\/uploads\/2019\/03\/IMG_8271-768x552.jpg 768w, https:\/\/marekkuchcinski.pl\/wp-content\/uploads\/2019\/03\/IMG_8271-1024x736.jpg 1024w\" sizes=\"(max-width: 2261px) 100vw, 2261px\" \/><\/a><a href=\"https:\/\/marekkuchcinski.pl\/wp-content\/uploads\/2019\/03\/IMG_8292.jpg\"><img loading=\"lazy\" decoding=\"async\" class=\"alignnone size-full wp-image-13551\" src=\"https:\/\/marekkuchcinski.pl\/wp-content\/uploads\/2019\/03\/IMG_8292.jpg\" alt=\"IMG_8292\" width=\"5126\" height=\"3676\" srcset=\"https:\/\/marekkuchcinski.pl\/wp-content\/uploads\/2019\/03\/IMG_8292.jpg 2048w, https:\/\/marekkuchcinski.pl\/wp-content\/uploads\/2019\/03\/IMG_8292-300x215.jpg 300w, https:\/\/marekkuchcinski.pl\/wp-content\/uploads\/2019\/03\/IMG_8292-768x551.jpg 768w, https:\/\/marekkuchcinski.pl\/wp-content\/uploads\/2019\/03\/IMG_8292-1024x734.jpg 1024w\" sizes=\"(max-width: 5126px) 100vw, 5126px\" \/><\/a><a href=\"https:\/\/marekkuchcinski.pl\/wp-content\/uploads\/2019\/03\/IMG_8095.jpg\"><img loading=\"lazy\" decoding=\"async\" class=\"alignnone size-full wp-image-13618\" src=\"https:\/\/marekkuchcinski.pl\/wp-content\/uploads\/2019\/03\/IMG_8095.jpg\" alt=\"IMG_8095\" width=\"4299\" height=\"3092\" srcset=\"https:\/\/marekkuchcinski.pl\/wp-content\/uploads\/2019\/03\/IMG_8095.jpg 2048w, https:\/\/marekkuchcinski.pl\/wp-content\/uploads\/2019\/03\/IMG_8095-300x216.jpg 300w, https:\/\/marekkuchcinski.pl\/wp-content\/uploads\/2019\/03\/IMG_8095-768x552.jpg 768w, https:\/\/marekkuchcinski.pl\/wp-content\/uploads\/2019\/03\/IMG_8095-1024x736.jpg 1024w\" sizes=\"(max-width: 4299px) 100vw, 4299px\" \/><\/a> <a href=\"https:\/\/marekkuchcinski.pl\/wp-content\/uploads\/2019\/03\/IMG_8210.jpg\"><img loading=\"lazy\" decoding=\"async\" class=\"alignnone size-full wp-image-13555\" src=\"https:\/\/marekkuchcinski.pl\/wp-content\/uploads\/2019\/03\/IMG_8210.jpg\" alt=\"IMG_8210\" width=\"5083\" height=\"3260\" srcset=\"https:\/\/marekkuchcinski.pl\/wp-content\/uploads\/2019\/03\/IMG_8210.jpg 2048w, https:\/\/marekkuchcinski.pl\/wp-content\/uploads\/2019\/03\/IMG_8210-300x192.jpg 300w, https:\/\/marekkuchcinski.pl\/wp-content\/uploads\/2019\/03\/IMG_8210-768x493.jpg 768w, https:\/\/marekkuchcinski.pl\/wp-content\/uploads\/2019\/03\/IMG_8210-1024x657.jpg 1024w\" sizes=\"(max-width: 5083px) 100vw, 5083px\" \/><\/a> <a href=\"https:\/\/marekkuchcinski.pl\/wp-content\/uploads\/2019\/03\/IMG_8192.jpg\"><img loading=\"lazy\" decoding=\"async\" class=\"alignnone size-full wp-image-13556\" src=\"https:\/\/marekkuchcinski.pl\/wp-content\/uploads\/2019\/03\/IMG_8192.jpg\" alt=\"IMG_8192\" width=\"4945\" height=\"3332\" srcset=\"https:\/\/marekkuchcinski.pl\/wp-content\/uploads\/2019\/03\/IMG_8192.jpg 2048w, https:\/\/marekkuchcinski.pl\/wp-content\/uploads\/2019\/03\/IMG_8192-300x202.jpg 300w, https:\/\/marekkuchcinski.pl\/wp-content\/uploads\/2019\/03\/IMG_8192-768x517.jpg 768w, https:\/\/marekkuchcinski.pl\/wp-content\/uploads\/2019\/03\/IMG_8192-1024x690.jpg 1024w\" sizes=\"(max-width: 4945px) 100vw, 4945px\" \/><\/a> <a href=\"https:\/\/marekkuchcinski.pl\/wp-content\/uploads\/2019\/03\/IMG_8148.jpg\"><img loading=\"lazy\" decoding=\"async\" class=\"alignnone size-full wp-image-13557\" src=\"https:\/\/marekkuchcinski.pl\/wp-content\/uploads\/2019\/03\/IMG_8148.jpg\" alt=\"IMG_8148\" width=\"5370\" height=\"3726\" srcset=\"https:\/\/marekkuchcinski.pl\/wp-content\/uploads\/2019\/03\/IMG_8148.jpg 2048w, https:\/\/marekkuchcinski.pl\/wp-content\/uploads\/2019\/03\/IMG_8148-300x208.jpg 300w, https:\/\/marekkuchcinski.pl\/wp-content\/uploads\/2019\/03\/IMG_8148-768x533.jpg 768w, https:\/\/marekkuchcinski.pl\/wp-content\/uploads\/2019\/03\/IMG_8148-1024x711.jpg 1024w\" sizes=\"(max-width: 5370px) 100vw, 5370px\" \/><\/a> <a href=\"https:\/\/marekkuchcinski.pl\/wp-content\/uploads\/2019\/03\/IMG_8041.jpg\"><img loading=\"lazy\" decoding=\"async\" class=\"alignnone size-full wp-image-13567\" src=\"https:\/\/marekkuchcinski.pl\/wp-content\/uploads\/2019\/03\/IMG_8041.jpg\" alt=\"IMG_8041\" width=\"5921\" height=\"3894\" srcset=\"https:\/\/marekkuchcinski.pl\/wp-content\/uploads\/2019\/03\/IMG_8041.jpg 2048w, https:\/\/marekkuchcinski.pl\/wp-content\/uploads\/2019\/03\/IMG_8041-300x197.jpg 300w, https:\/\/marekkuchcinski.pl\/wp-content\/uploads\/2019\/03\/IMG_8041-768x505.jpg 768w, https:\/\/marekkuchcinski.pl\/wp-content\/uploads\/2019\/03\/IMG_8041-1024x673.jpg 1024w\" sizes=\"(max-width: 5921px) 100vw, 5921px\" \/><\/a><a href=\"https:\/\/marekkuchcinski.pl\/wp-content\/uploads\/2019\/03\/IMG_8129.jpg\"><img loading=\"lazy\" decoding=\"async\" class=\"alignnone size-full wp-image-13558\" src=\"https:\/\/marekkuchcinski.pl\/wp-content\/uploads\/2019\/03\/IMG_8129.jpg\" alt=\"IMG_8129\" width=\"6240\" height=\"4160\" srcset=\"https:\/\/marekkuchcinski.pl\/wp-content\/uploads\/2019\/03\/IMG_8129.jpg 2048w, https:\/\/marekkuchcinski.pl\/wp-content\/uploads\/2019\/03\/IMG_8129-300x200.jpg 300w, https:\/\/marekkuchcinski.pl\/wp-content\/uploads\/2019\/03\/IMG_8129-768x512.jpg 768w, https:\/\/marekkuchcinski.pl\/wp-content\/uploads\/2019\/03\/IMG_8129-1024x683.jpg 1024w\" sizes=\"(max-width: 6240px) 100vw, 6240px\" \/><\/a> <a href=\"https:\/\/marekkuchcinski.pl\/wp-content\/uploads\/2019\/03\/IMG_8105.jpg\"><img loading=\"lazy\" decoding=\"async\" class=\"alignnone size-full wp-image-13562\" src=\"https:\/\/marekkuchcinski.pl\/wp-content\/uploads\/2019\/03\/IMG_8105.jpg\" alt=\"IMG_8105\" width=\"5628\" height=\"3966\" srcset=\"https:\/\/marekkuchcinski.pl\/wp-content\/uploads\/2019\/03\/IMG_8105.jpg 2048w, https:\/\/marekkuchcinski.pl\/wp-content\/uploads\/2019\/03\/IMG_8105-300x211.jpg 300w, https:\/\/marekkuchcinski.pl\/wp-content\/uploads\/2019\/03\/IMG_8105-768x541.jpg 768w, https:\/\/marekkuchcinski.pl\/wp-content\/uploads\/2019\/03\/IMG_8105-1024x722.jpg 1024w\" sizes=\"(max-width: 5628px) 100vw, 5628px\" \/><\/a> <a href=\"https:\/\/marekkuchcinski.pl\/wp-content\/uploads\/2019\/03\/IMG_8056.jpg\"><img loading=\"lazy\" decoding=\"async\" class=\"alignnone size-full wp-image-13566\" src=\"https:\/\/marekkuchcinski.pl\/wp-content\/uploads\/2019\/03\/IMG_8056.jpg\" alt=\"IMG_8056\" width=\"5354\" height=\"3807\" srcset=\"https:\/\/marekkuchcinski.pl\/wp-content\/uploads\/2019\/03\/IMG_8056.jpg 2048w, https:\/\/marekkuchcinski.pl\/wp-content\/uploads\/2019\/03\/IMG_8056-300x213.jpg 300w, https:\/\/marekkuchcinski.pl\/wp-content\/uploads\/2019\/03\/IMG_8056-768x546.jpg 768w, https:\/\/marekkuchcinski.pl\/wp-content\/uploads\/2019\/03\/IMG_8056-1024x728.jpg 1024w\" sizes=\"(max-width: 5354px) 100vw, 5354px\" \/><\/a> <a href=\"https:\/\/marekkuchcinski.pl\/wp-content\/uploads\/2019\/03\/IMG_7981.jpg\"><img loading=\"lazy\" decoding=\"async\" class=\"alignnone size-full wp-image-13571\" src=\"https:\/\/marekkuchcinski.pl\/wp-content\/uploads\/2019\/03\/IMG_7981.jpg\" alt=\"IMG_7981\" width=\"4254\" height=\"2919\" srcset=\"https:\/\/marekkuchcinski.pl\/wp-content\/uploads\/2019\/03\/IMG_7981.jpg 2048w, https:\/\/marekkuchcinski.pl\/wp-content\/uploads\/2019\/03\/IMG_7981-300x206.jpg 300w, https:\/\/marekkuchcinski.pl\/wp-content\/uploads\/2019\/03\/IMG_7981-768x527.jpg 768w, https:\/\/marekkuchcinski.pl\/wp-content\/uploads\/2019\/03\/IMG_7981-1024x703.jpg 1024w\" sizes=\"(max-width: 4254px) 100vw, 4254px\" \/><\/a><a href=\"https:\/\/marekkuchcinski.pl\/wp-content\/uploads\/2019\/03\/IMG_8161.jpg\"><img loading=\"lazy\" decoding=\"async\" class=\"alignnone size-full wp-image-13611\" src=\"https:\/\/marekkuchcinski.pl\/wp-content\/uploads\/2019\/03\/IMG_8161.jpg\" alt=\"IMG_8161\" width=\"4894\" height=\"3032\" srcset=\"https:\/\/marekkuchcinski.pl\/wp-content\/uploads\/2019\/03\/IMG_8161.jpg 2048w, https:\/\/marekkuchcinski.pl\/wp-content\/uploads\/2019\/03\/IMG_8161-300x186.jpg 300w, https:\/\/marekkuchcinski.pl\/wp-content\/uploads\/2019\/03\/IMG_8161-768x476.jpg 768w, https:\/\/marekkuchcinski.pl\/wp-content\/uploads\/2019\/03\/IMG_8161-1024x634.jpg 1024w\" sizes=\"(max-width: 4894px) 100vw, 4894px\" \/><\/a><a href=\"https:\/\/marekkuchcinski.pl\/wp-content\/uploads\/2019\/03\/IMG_8139.jpg\"><img loading=\"lazy\" decoding=\"async\" class=\"alignnone size-full wp-image-13574\" src=\"https:\/\/marekkuchcinski.pl\/wp-content\/uploads\/2019\/03\/IMG_8139.jpg\" alt=\"IMG_8139\" width=\"5176\" height=\"3453\" srcset=\"https:\/\/marekkuchcinski.pl\/wp-content\/uploads\/2019\/03\/IMG_8139.jpg 2048w, https:\/\/marekkuchcinski.pl\/wp-content\/uploads\/2019\/03\/IMG_8139-300x200.jpg 300w, https:\/\/marekkuchcinski.pl\/wp-content\/uploads\/2019\/03\/IMG_8139-768x512.jpg 768w, https:\/\/marekkuchcinski.pl\/wp-content\/uploads\/2019\/03\/IMG_8139-1024x683.jpg 1024w\" sizes=\"(max-width: 5176px) 100vw, 5176px\" \/><\/a> <a href=\"https:\/\/marekkuchcinski.pl\/wp-content\/uploads\/2019\/03\/IMG_8217.jpg\"><img loading=\"lazy\" decoding=\"async\" class=\"alignnone size-full wp-image-13578\" src=\"https:\/\/marekkuchcinski.pl\/wp-content\/uploads\/2019\/03\/IMG_8217.jpg\" alt=\"IMG_8217\" width=\"3106\" height=\"2224\" srcset=\"https:\/\/marekkuchcinski.pl\/wp-content\/uploads\/2019\/03\/IMG_8217.jpg 2048w, https:\/\/marekkuchcinski.pl\/wp-content\/uploads\/2019\/03\/IMG_8217-300x215.jpg 300w, https:\/\/marekkuchcinski.pl\/wp-content\/uploads\/2019\/03\/IMG_8217-768x550.jpg 768w, https:\/\/marekkuchcinski.pl\/wp-content\/uploads\/2019\/03\/IMG_8217-1024x733.jpg 1024w\" sizes=\"(max-width: 3106px) 100vw, 3106px\" \/><\/a> <a href=\"https:\/\/marekkuchcinski.pl\/wp-content\/uploads\/2019\/03\/IMG_7988.jpg\"><img loading=\"lazy\" decoding=\"async\" class=\"alignnone size-full wp-image-13583\" src=\"https:\/\/marekkuchcinski.pl\/wp-content\/uploads\/2019\/03\/IMG_7988.jpg\" alt=\"IMG_7988\" width=\"4193\" height=\"2674\" srcset=\"https:\/\/marekkuchcinski.pl\/wp-content\/uploads\/2019\/03\/IMG_7988.jpg 2048w, https:\/\/marekkuchcinski.pl\/wp-content\/uploads\/2019\/03\/IMG_7988-300x191.jpg 300w, https:\/\/marekkuchcinski.pl\/wp-content\/uploads\/2019\/03\/IMG_7988-768x490.jpg 768w, https:\/\/marekkuchcinski.pl\/wp-content\/uploads\/2019\/03\/IMG_7988-1024x653.jpg 1024w\" sizes=\"(max-width: 4193px) 100vw, 4193px\" \/><\/a><a href=\"https:\/\/marekkuchcinski.pl\/wp-content\/uploads\/2019\/03\/IMG_7996.jpg\"><img loading=\"lazy\" decoding=\"async\" class=\"alignnone size-full wp-image-13595\" src=\"https:\/\/marekkuchcinski.pl\/wp-content\/uploads\/2019\/03\/IMG_7996.jpg\" alt=\"IMG_7996\" width=\"5658\" height=\"3618\" srcset=\"https:\/\/marekkuchcinski.pl\/wp-content\/uploads\/2019\/03\/IMG_7996.jpg 2048w, https:\/\/marekkuchcinski.pl\/wp-content\/uploads\/2019\/03\/IMG_7996-300x192.jpg 300w, https:\/\/marekkuchcinski.pl\/wp-content\/uploads\/2019\/03\/IMG_7996-768x491.jpg 768w, https:\/\/marekkuchcinski.pl\/wp-content\/uploads\/2019\/03\/IMG_7996-1024x655.jpg 1024w\" sizes=\"(max-width: 5658px) 100vw, 5658px\" \/><\/a> <a href=\"https:\/\/marekkuchcinski.pl\/wp-content\/uploads\/2019\/03\/IMG_8067.jpg\"><img loading=\"lazy\" decoding=\"async\" class=\"alignnone size-full wp-image-13564\" src=\"https:\/\/marekkuchcinski.pl\/wp-content\/uploads\/2019\/03\/IMG_8067.jpg\" alt=\"IMG_8067\" width=\"5138\" height=\"3083\" srcset=\"https:\/\/marekkuchcinski.pl\/wp-content\/uploads\/2019\/03\/IMG_8067.jpg 2048w, https:\/\/marekkuchcinski.pl\/wp-content\/uploads\/2019\/03\/IMG_8067-300x180.jpg 300w, https:\/\/marekkuchcinski.pl\/wp-content\/uploads\/2019\/03\/IMG_8067-768x461.jpg 768w, https:\/\/marekkuchcinski.pl\/wp-content\/uploads\/2019\/03\/IMG_8067-1024x614.jpg 1024w\" sizes=\"(max-width: 5138px) 100vw, 5138px\" \/><\/a><a href=\"https:\/\/marekkuchcinski.pl\/wp-content\/uploads\/2019\/03\/IMG_8154.jpg\"><img loading=\"lazy\" decoding=\"async\" class=\"alignnone size-full wp-image-13613\" src=\"https:\/\/marekkuchcinski.pl\/wp-content\/uploads\/2019\/03\/IMG_8154.jpg\" alt=\"IMG_8154\" width=\"5107\" height=\"3478\" srcset=\"https:\/\/marekkuchcinski.pl\/wp-content\/uploads\/2019\/03\/IMG_8154.jpg 2048w, https:\/\/marekkuchcinski.pl\/wp-content\/uploads\/2019\/03\/IMG_8154-300x204.jpg 300w, https:\/\/marekkuchcinski.pl\/wp-content\/uploads\/2019\/03\/IMG_8154-768x523.jpg 768w, https:\/\/marekkuchcinski.pl\/wp-content\/uploads\/2019\/03\/IMG_8154-1024x697.jpg 1024w\" sizes=\"(max-width: 5107px) 100vw, 5107px\" \/><\/a><\/p>","protected":false},"excerpt":{"rendered":"<p>W swoim mateczniku &#8211; na Podkarpaciu &#8211; Prawo i Sprawiedliwo\u015b\u0107 rozpocz\u0119\u0142o kampani\u0119 do majowych wybor\u00f3w do Europarlamentu. W\u015br\u00f3d os\u00f3b startuj\u0105cych z pierwszego miejsca s\u0105 mi.in.: wicepremier Beata Szyd\u0142o, Szef MSWiA Joachim Brudzi\u0144ski, wicemarsza\u0142ek Senatu Adam Bielan, Jacek Saryusz-Wolski, Witold Waszczykowski, El\u017cbieta Kruk, Karol Karski, Zdzis\u0142aw Krasnod\u0119bski, minister edukacji Anna Zalewska i Anna Fotyga. Na wczorajszej [&hellip;]<\/p>","protected":false},"author":6,"featured_media":13581,"comment_status":"open","ping_status":"open","sticky":false,"template":"","format":"standard","meta":{"ngg_post_thumbnail":0,"footnotes":""},"categories":[49,82,3],"tags":[],"class_list":["post-13544","post","type-post","status-publish","format-standard","has-post-thumbnail","hentry","category-podkarpacie","category-prawo-i-sprawiedliwosc","category-wydarzenia"],"yoast_head":"<!-- This site is optimized with the Yoast SEO plugin v24.7 - https:\/\/yoast.com\/wordpress\/plugins\/seo\/ -->\n<title>Powr\u00f3t Unii Europejskiej do warto\u015bci, zabieganie o interesy polskich rolnik\u00f3w, obrona prawa rodzic\u00f3w do wychowania dzieci, obrona r\u00f3wnego traktowania polskich firm, korzystny dla Polski bud\u017cet - konwencja wyborcza do PE PiS na Podkarpaciu &#8211; Marek Kuchci\u0144ski<\/title>\n<meta name=\"robots\" content=\"index, follow, max-snippet:-1, max-image-preview:large, max-video-preview:-1\" \/>\n<link rel=\"canonical\" href=\"https:\/\/marekkuchcinski.pl\/cs\/wydarzenia\/powrot-unii-europejskiej-wartosci-zabieganie-o-interesy-polskich-rolnikow-obrona-prawa-rodzicow-wychowania-dzieci-obrona-rownego-traktowania-polskich-firm-korzystny-dla-polski-budzet-konwe\/\" \/>\n<meta property=\"og:locale\" content=\"cs_CZ\" \/>\n<meta property=\"og:type\" content=\"article\" \/>\n<meta property=\"og:title\" content=\"Powr\u00f3t Unii Europejskiej do warto\u015bci, zabieganie o interesy polskich rolnik\u00f3w, obrona prawa rodzic\u00f3w do wychowania dzieci, obrona r\u00f3wnego traktowania polskich firm, korzystny dla Polski bud\u017cet - konwencja wyborcza do PE PiS na Podkarpaciu &#8211; Marek Kuchci\u0144ski\" \/>\n<meta property=\"og:description\" content=\"W swoim mateczniku &#8211; na Podkarpaciu &#8211; Prawo i Sprawiedliwo\u015b\u0107 rozpocz\u0119\u0142o kampani\u0119 do majowych wybor\u00f3w do Europarlamentu. W\u015br\u00f3d os\u00f3b startuj\u0105cych z pierwszego miejsca s\u0105 mi.in.: wicepremier Beata Szyd\u0142o, Szef MSWiA Joachim Brudzi\u0144ski, wicemarsza\u0142ek Senatu Adam Bielan, Jacek Saryusz-Wolski, Witold Waszczykowski, El\u017cbieta Kruk, Karol Karski, Zdzis\u0142aw Krasnod\u0119bski, minister edukacji Anna Zalewska i Anna Fotyga. Na wczorajszej [&hellip;]\" \/>\n<meta property=\"og:url\" content=\"https:\/\/marekkuchcinski.pl\/cs\/wydarzenia\/powrot-unii-europejskiej-wartosci-zabieganie-o-interesy-polskich-rolnikow-obrona-prawa-rodzicow-wychowania-dzieci-obrona-rownego-traktowania-polskich-firm-korzystny-dla-polski-budzet-konwe\/\" \/>\n<meta property=\"og:site_name\" content=\"Marek Kuchci\u0144ski\" \/>\n<meta property=\"article:published_time\" content=\"2019-03-10T10:50:42+00:00\" \/>\n<meta property=\"article:modified_time\" content=\"2019-03-11T14:53:23+00:00\" \/>\n<meta property=\"og:image\" content=\"https:\/\/marekkuchcinski.pl\/wp-content\/uploads\/2019\/03\/IMG_8102-1.jpg\" \/>\n\t<meta property=\"og:image:width\" content=\"2048\" \/>\n\t<meta property=\"og:image:height\" content=\"1394\" \/>\n\t<meta property=\"og:image:type\" content=\"image\/jpeg\" \/>\n<meta name=\"author\" content=\"admin\" \/>\n<meta name=\"twitter:card\" content=\"summary_large_image\" \/>\n<meta name=\"twitter:label1\" content=\"Napsal(a)\" \/>\n\t<meta name=\"twitter:data1\" content=\"admin\" \/>\n\t<meta name=\"twitter:label2\" content=\"Odhadovan\u00e1 doba \u010dten\u00ed\" \/>\n\t<meta name=\"twitter:data2\" content=\"5 minut\" \/>\n<script type=\"application\/ld+json\" class=\"yoast-schema-graph\">{\"@context\":\"https:\/\/schema.org\",\"@graph\":[{\"@type\":\"Article\",\"@id\":\"https:\/\/marekkuchcinski.pl\/wydarzenia\/powrot-unii-europejskiej-wartosci-zabieganie-o-interesy-polskich-rolnikow-obrona-prawa-rodzicow-wychowania-dzieci-obrona-rownego-traktowania-polskich-firm-korzystny-dla-polski-budzet-konwe\/#article\",\"isPartOf\":{\"@id\":\"https:\/\/marekkuchcinski.pl\/wydarzenia\/powrot-unii-europejskiej-wartosci-zabieganie-o-interesy-polskich-rolnikow-obrona-prawa-rodzicow-wychowania-dzieci-obrona-rownego-traktowania-polskich-firm-korzystny-dla-polski-budzet-konwe\/\"},\"author\":{\"name\":\"admin\",\"@id\":\"https:\/\/marekkuchcinski.pl\/#\/schema\/person\/6f62700996b4d950b6ea2d1183b6c6be\"},\"headline\":\"Powr\u00f3t Unii Europejskiej do warto\u015bci, zabieganie o interesy polskich rolnik\u00f3w, obrona prawa rodzic\u00f3w do wychowania dzieci, obrona r\u00f3wnego traktowania polskich firm, korzystny dla Polski bud\u017cet &#8211; konwencja wyborcza do PE PiS na Podkarpaciu\",\"datePublished\":\"2019-03-10T10:50:42+00:00\",\"dateModified\":\"2019-03-11T14:53:23+00:00\",\"mainEntityOfPage\":{\"@id\":\"https:\/\/marekkuchcinski.pl\/wydarzenia\/powrot-unii-europejskiej-wartosci-zabieganie-o-interesy-polskich-rolnikow-obrona-prawa-rodzicow-wychowania-dzieci-obrona-rownego-traktowania-polskich-firm-korzystny-dla-polski-budzet-konwe\/\"},\"wordCount\":1118,\"commentCount\":0,\"publisher\":{\"@id\":\"https:\/\/marekkuchcinski.pl\/#organization\"},\"image\":{\"@id\":\"https:\/\/marekkuchcinski.pl\/wydarzenia\/powrot-unii-europejskiej-wartosci-zabieganie-o-interesy-polskich-rolnikow-obrona-prawa-rodzicow-wychowania-dzieci-obrona-rownego-traktowania-polskich-firm-korzystny-dla-polski-budzet-konwe\/#primaryimage\"},\"thumbnailUrl\":\"https:\/\/marekkuchcinski.pl\/wp-content\/uploads\/2019\/03\/IMG_8102-1.jpg\",\"articleSection\":[\"Podkarpacie\",\"Prawo i Sprawiedliwo\u015b\u0107\",\"Wydarzenia\"],\"inLanguage\":\"cs\",\"potentialAction\":[{\"@type\":\"CommentAction\",\"name\":\"Comment\",\"target\":[\"https:\/\/marekkuchcinski.pl\/wydarzenia\/powrot-unii-europejskiej-wartosci-zabieganie-o-interesy-polskich-rolnikow-obrona-prawa-rodzicow-wychowania-dzieci-obrona-rownego-traktowania-polskich-firm-korzystny-dla-polski-budzet-konwe\/#respond\"]}]},{\"@type\":\"WebPage\",\"@id\":\"https:\/\/marekkuchcinski.pl\/wydarzenia\/powrot-unii-europejskiej-wartosci-zabieganie-o-interesy-polskich-rolnikow-obrona-prawa-rodzicow-wychowania-dzieci-obrona-rownego-traktowania-polskich-firm-korzystny-dla-polski-budzet-konwe\/\",\"url\":\"https:\/\/marekkuchcinski.pl\/wydarzenia\/powrot-unii-europejskiej-wartosci-zabieganie-o-interesy-polskich-rolnikow-obrona-prawa-rodzicow-wychowania-dzieci-obrona-rownego-traktowania-polskich-firm-korzystny-dla-polski-budzet-konwe\/\",\"name\":\"Powr\u00f3t Unii Europejskiej do warto\u015bci, zabieganie o interesy polskich rolnik\u00f3w, obrona prawa rodzic\u00f3w do wychowania dzieci, obrona r\u00f3wnego traktowania polskich firm, korzystny dla Polski bud\u017cet - konwencja wyborcza do PE PiS na Podkarpaciu &#8211; Marek Kuchci\u0144ski\",\"isPartOf\":{\"@id\":\"https:\/\/marekkuchcinski.pl\/#website\"},\"primaryImageOfPage\":{\"@id\":\"https:\/\/marekkuchcinski.pl\/wydarzenia\/powrot-unii-europejskiej-wartosci-zabieganie-o-interesy-polskich-rolnikow-obrona-prawa-rodzicow-wychowania-dzieci-obrona-rownego-traktowania-polskich-firm-korzystny-dla-polski-budzet-konwe\/#primaryimage\"},\"image\":{\"@id\":\"https:\/\/marekkuchcinski.pl\/wydarzenia\/powrot-unii-europejskiej-wartosci-zabieganie-o-interesy-polskich-rolnikow-obrona-prawa-rodzicow-wychowania-dzieci-obrona-rownego-traktowania-polskich-firm-korzystny-dla-polski-budzet-konwe\/#primaryimage\"},\"thumbnailUrl\":\"https:\/\/marekkuchcinski.pl\/wp-content\/uploads\/2019\/03\/IMG_8102-1.jpg\",\"datePublished\":\"2019-03-10T10:50:42+00:00\",\"dateModified\":\"2019-03-11T14:53:23+00:00\",\"breadcrumb\":{\"@id\":\"https:\/\/marekkuchcinski.pl\/wydarzenia\/powrot-unii-europejskiej-wartosci-zabieganie-o-interesy-polskich-rolnikow-obrona-prawa-rodzicow-wychowania-dzieci-obrona-rownego-traktowania-polskich-firm-korzystny-dla-polski-budzet-konwe\/#breadcrumb\"},\"inLanguage\":\"cs\",\"potentialAction\":[{\"@type\":\"ReadAction\",\"target\":[\"https:\/\/marekkuchcinski.pl\/wydarzenia\/powrot-unii-europejskiej-wartosci-zabieganie-o-interesy-polskich-rolnikow-obrona-prawa-rodzicow-wychowania-dzieci-obrona-rownego-traktowania-polskich-firm-korzystny-dla-polski-budzet-konwe\/\"]}]},{\"@type\":\"ImageObject\",\"inLanguage\":\"cs\",\"@id\":\"https:\/\/marekkuchcinski.pl\/wydarzenia\/powrot-unii-europejskiej-wartosci-zabieganie-o-interesy-polskich-rolnikow-obrona-prawa-rodzicow-wychowania-dzieci-obrona-rownego-traktowania-polskich-firm-korzystny-dla-polski-budzet-konwe\/#primaryimage\",\"url\":\"https:\/\/marekkuchcinski.pl\/wp-content\/uploads\/2019\/03\/IMG_8102-1.jpg\",\"contentUrl\":\"https:\/\/marekkuchcinski.pl\/wp-content\/uploads\/2019\/03\/IMG_8102-1.jpg\",\"width\":2048,\"height\":1394},{\"@type\":\"BreadcrumbList\",\"@id\":\"https:\/\/marekkuchcinski.pl\/wydarzenia\/powrot-unii-europejskiej-wartosci-zabieganie-o-interesy-polskich-rolnikow-obrona-prawa-rodzicow-wychowania-dzieci-obrona-rownego-traktowania-polskich-firm-korzystny-dla-polski-budzet-konwe\/#breadcrumb\",\"itemListElement\":[{\"@type\":\"ListItem\",\"position\":1,\"name\":\"Strona g\u0142\u00f3wna\",\"item\":\"https:\/\/marekkuchcinski.pl\/\"},{\"@type\":\"ListItem\",\"position\":2,\"name\":\"Powr\u00f3t Unii Europejskiej do warto\u015bci, zabieganie o interesy polskich rolnik\u00f3w, obrona prawa rodzic\u00f3w do wychowania dzieci, obrona r\u00f3wnego traktowania polskich firm, korzystny dla Polski bud\u017cet &#8211; konwencja wyborcza do PE PiS na Podkarpaciu\"}]},{\"@type\":\"WebSite\",\"@id\":\"https:\/\/marekkuchcinski.pl\/#website\",\"url\":\"https:\/\/marekkuchcinski.pl\/\",\"name\":\"Marek Kuchci\u0144ski\",\"description\":\"Pose\u0142 na sejm RP &ndash; okr\u0119g nr 22\",\"publisher\":{\"@id\":\"https:\/\/marekkuchcinski.pl\/#organization\"},\"potentialAction\":[{\"@type\":\"SearchAction\",\"target\":{\"@type\":\"EntryPoint\",\"urlTemplate\":\"https:\/\/marekkuchcinski.pl\/?s={search_term_string}\"},\"query-input\":{\"@type\":\"PropertyValueSpecification\",\"valueRequired\":true,\"valueName\":\"search_term_string\"}}],\"inLanguage\":\"cs\"},{\"@type\":\"Organization\",\"@id\":\"https:\/\/marekkuchcinski.pl\/#organization\",\"name\":\"Marek Kuchci\u0144ski\",\"url\":\"https:\/\/marekkuchcinski.pl\/\",\"logo\":{\"@type\":\"ImageObject\",\"inLanguage\":\"cs\",\"@id\":\"https:\/\/marekkuchcinski.pl\/#\/schema\/logo\/image\/\",\"url\":\"https:\/\/marekkuchcinski.pl\/wp-content\/uploads\/2022\/09\/Marek.jpg\",\"contentUrl\":\"https:\/\/marekkuchcinski.pl\/wp-content\/uploads\/2022\/09\/Marek.jpg\",\"width\":1600,\"height\":971,\"caption\":\"Marek Kuchci\u0144ski\"},\"image\":{\"@id\":\"https:\/\/marekkuchcinski.pl\/#\/schema\/logo\/image\/\"}},{\"@type\":\"Person\",\"@id\":\"https:\/\/marekkuchcinski.pl\/#\/schema\/person\/6f62700996b4d950b6ea2d1183b6c6be\",\"name\":\"admin\",\"image\":{\"@type\":\"ImageObject\",\"inLanguage\":\"cs\",\"@id\":\"https:\/\/marekkuchcinski.pl\/#\/schema\/person\/image\/\",\"url\":\"https:\/\/secure.gravatar.com\/avatar\/4bab693b9d55c3d6b52c0296a8765085?s=96&d=mm&r=g\",\"contentUrl\":\"https:\/\/secure.gravatar.com\/avatar\/4bab693b9d55c3d6b52c0296a8765085?s=96&d=mm&r=g\",\"caption\":\"admin\"},\"url\":\"https:\/\/marekkuchcinski.pl\/cs\/author\/marta-olejnik\/\"}]}<\/script>\n<!-- \/ Yoast SEO plugin. -->","yoast_head_json":{"title":"Powr\u00f3t Unii Europejskiej do warto\u015bci, zabieganie o interesy polskich rolnik\u00f3w, obrona prawa rodzic\u00f3w do wychowania dzieci, obrona r\u00f3wnego traktowania polskich firm, korzystny dla Polski bud\u017cet - konwencja wyborcza do PE PiS na Podkarpaciu &#8211; Marek Kuchci\u0144ski","robots":{"index":"index","follow":"follow","max-snippet":"max-snippet:-1","max-image-preview":"max-image-preview:large","max-video-preview":"max-video-preview:-1"},"canonical":"https:\/\/marekkuchcinski.pl\/cs\/wydarzenia\/powrot-unii-europejskiej-wartosci-zabieganie-o-interesy-polskich-rolnikow-obrona-prawa-rodzicow-wychowania-dzieci-obrona-rownego-traktowania-polskich-firm-korzystny-dla-polski-budzet-konwe\/","og_locale":"cs_CZ","og_type":"article","og_title":"Powr\u00f3t Unii Europejskiej do warto\u015bci, zabieganie o interesy polskich rolnik\u00f3w, obrona prawa rodzic\u00f3w do wychowania dzieci, obrona r\u00f3wnego traktowania polskich firm, korzystny dla Polski bud\u017cet - konwencja wyborcza do PE PiS na Podkarpaciu &#8211; Marek Kuchci\u0144ski","og_description":"W swoim mateczniku &#8211; na Podkarpaciu &#8211; Prawo i Sprawiedliwo\u015b\u0107 rozpocz\u0119\u0142o kampani\u0119 do majowych wybor\u00f3w do Europarlamentu. W\u015br\u00f3d os\u00f3b startuj\u0105cych z pierwszego miejsca s\u0105 mi.in.: wicepremier Beata Szyd\u0142o, Szef MSWiA Joachim Brudzi\u0144ski, wicemarsza\u0142ek Senatu Adam Bielan, Jacek Saryusz-Wolski, Witold Waszczykowski, El\u017cbieta Kruk, Karol Karski, Zdzis\u0142aw Krasnod\u0119bski, minister edukacji Anna Zalewska i Anna Fotyga. Na wczorajszej [&hellip;]","og_url":"https:\/\/marekkuchcinski.pl\/cs\/wydarzenia\/powrot-unii-europejskiej-wartosci-zabieganie-o-interesy-polskich-rolnikow-obrona-prawa-rodzicow-wychowania-dzieci-obrona-rownego-traktowania-polskich-firm-korzystny-dla-polski-budzet-konwe\/","og_site_name":"Marek Kuchci\u0144ski","article_published_time":"2019-03-10T10:50:42+00:00","article_modified_time":"2019-03-11T14:53:23+00:00","og_image":[{"width":2048,"height":1394,"url":"https:\/\/marekkuchcinski.pl\/wp-content\/uploads\/2019\/03\/IMG_8102-1.jpg","type":"image\/jpeg"}],"author":"admin","twitter_card":"summary_large_image","twitter_misc":{"Napsal(a)":"admin","Odhadovan\u00e1 doba \u010dten\u00ed":"5 minut"},"schema":{"@context":"https:\/\/schema.org","@graph":[{"@type":"Article","@id":"https:\/\/marekkuchcinski.pl\/wydarzenia\/powrot-unii-europejskiej-wartosci-zabieganie-o-interesy-polskich-rolnikow-obrona-prawa-rodzicow-wychowania-dzieci-obrona-rownego-traktowania-polskich-firm-korzystny-dla-polski-budzet-konwe\/#article","isPartOf":{"@id":"https:\/\/marekkuchcinski.pl\/wydarzenia\/powrot-unii-europejskiej-wartosci-zabieganie-o-interesy-polskich-rolnikow-obrona-prawa-rodzicow-wychowania-dzieci-obrona-rownego-traktowania-polskich-firm-korzystny-dla-polski-budzet-konwe\/"},"author":{"name":"admin","@id":"https:\/\/marekkuchcinski.pl\/#\/schema\/person\/6f62700996b4d950b6ea2d1183b6c6be"},"headline":"Powr\u00f3t Unii Europejskiej do warto\u015bci, zabieganie o interesy polskich rolnik\u00f3w, obrona prawa rodzic\u00f3w do wychowania dzieci, obrona r\u00f3wnego traktowania polskich firm, korzystny dla Polski bud\u017cet &#8211; konwencja wyborcza do PE PiS na Podkarpaciu","datePublished":"2019-03-10T10:50:42+00:00","dateModified":"2019-03-11T14:53:23+00:00","mainEntityOfPage":{"@id":"https:\/\/marekkuchcinski.pl\/wydarzenia\/powrot-unii-europejskiej-wartosci-zabieganie-o-interesy-polskich-rolnikow-obrona-prawa-rodzicow-wychowania-dzieci-obrona-rownego-traktowania-polskich-firm-korzystny-dla-polski-budzet-konwe\/"},"wordCount":1118,"commentCount":0,"publisher":{"@id":"https:\/\/marekkuchcinski.pl\/#organization"},"image":{"@id":"https:\/\/marekkuchcinski.pl\/wydarzenia\/powrot-unii-europejskiej-wartosci-zabieganie-o-interesy-polskich-rolnikow-obrona-prawa-rodzicow-wychowania-dzieci-obrona-rownego-traktowania-polskich-firm-korzystny-dla-polski-budzet-konwe\/#primaryimage"},"thumbnailUrl":"https:\/\/marekkuchcinski.pl\/wp-content\/uploads\/2019\/03\/IMG_8102-1.jpg","articleSection":["Podkarpacie","Prawo i Sprawiedliwo\u015b\u0107","Wydarzenia"],"inLanguage":"cs","potentialAction":[{"@type":"CommentAction","name":"Comment","target":["https:\/\/marekkuchcinski.pl\/wydarzenia\/powrot-unii-europejskiej-wartosci-zabieganie-o-interesy-polskich-rolnikow-obrona-prawa-rodzicow-wychowania-dzieci-obrona-rownego-traktowania-polskich-firm-korzystny-dla-polski-budzet-konwe\/#respond"]}]},{"@type":"WebPage","@id":"https:\/\/marekkuchcinski.pl\/wydarzenia\/powrot-unii-europejskiej-wartosci-zabieganie-o-interesy-polskich-rolnikow-obrona-prawa-rodzicow-wychowania-dzieci-obrona-rownego-traktowania-polskich-firm-korzystny-dla-polski-budzet-konwe\/","url":"https:\/\/marekkuchcinski.pl\/wydarzenia\/powrot-unii-europejskiej-wartosci-zabieganie-o-interesy-polskich-rolnikow-obrona-prawa-rodzicow-wychowania-dzieci-obrona-rownego-traktowania-polskich-firm-korzystny-dla-polski-budzet-konwe\/","name":"Powr\u00f3t Unii Europejskiej do warto\u015bci, zabieganie o interesy polskich rolnik\u00f3w, obrona prawa rodzic\u00f3w do wychowania dzieci, obrona r\u00f3wnego traktowania polskich firm, korzystny dla Polski bud\u017cet - konwencja wyborcza do PE PiS na Podkarpaciu &#8211; Marek Kuchci\u0144ski","isPartOf":{"@id":"https:\/\/marekkuchcinski.pl\/#website"},"primaryImageOfPage":{"@id":"https:\/\/marekkuchcinski.pl\/wydarzenia\/powrot-unii-europejskiej-wartosci-zabieganie-o-interesy-polskich-rolnikow-obrona-prawa-rodzicow-wychowania-dzieci-obrona-rownego-traktowania-polskich-firm-korzystny-dla-polski-budzet-konwe\/#primaryimage"},"image":{"@id":"https:\/\/marekkuchcinski.pl\/wydarzenia\/powrot-unii-europejskiej-wartosci-zabieganie-o-interesy-polskich-rolnikow-obrona-prawa-rodzicow-wychowania-dzieci-obrona-rownego-traktowania-polskich-firm-korzystny-dla-polski-budzet-konwe\/#primaryimage"},"thumbnailUrl":"https:\/\/marekkuchcinski.pl\/wp-content\/uploads\/2019\/03\/IMG_8102-1.jpg","datePublished":"2019-03-10T10:50:42+00:00","dateModified":"2019-03-11T14:53:23+00:00","breadcrumb":{"@id":"https:\/\/marekkuchcinski.pl\/wydarzenia\/powrot-unii-europejskiej-wartosci-zabieganie-o-interesy-polskich-rolnikow-obrona-prawa-rodzicow-wychowania-dzieci-obrona-rownego-traktowania-polskich-firm-korzystny-dla-polski-budzet-konwe\/#breadcrumb"},"inLanguage":"cs","potentialAction":[{"@type":"ReadAction","target":["https:\/\/marekkuchcinski.pl\/wydarzenia\/powrot-unii-europejskiej-wartosci-zabieganie-o-interesy-polskich-rolnikow-obrona-prawa-rodzicow-wychowania-dzieci-obrona-rownego-traktowania-polskich-firm-korzystny-dla-polski-budzet-konwe\/"]}]},{"@type":"ImageObject","inLanguage":"cs","@id":"https:\/\/marekkuchcinski.pl\/wydarzenia\/powrot-unii-europejskiej-wartosci-zabieganie-o-interesy-polskich-rolnikow-obrona-prawa-rodzicow-wychowania-dzieci-obrona-rownego-traktowania-polskich-firm-korzystny-dla-polski-budzet-konwe\/#primaryimage","url":"https:\/\/marekkuchcinski.pl\/wp-content\/uploads\/2019\/03\/IMG_8102-1.jpg","contentUrl":"https:\/\/marekkuchcinski.pl\/wp-content\/uploads\/2019\/03\/IMG_8102-1.jpg","width":2048,"height":1394},{"@type":"BreadcrumbList","@id":"https:\/\/marekkuchcinski.pl\/wydarzenia\/powrot-unii-europejskiej-wartosci-zabieganie-o-interesy-polskich-rolnikow-obrona-prawa-rodzicow-wychowania-dzieci-obrona-rownego-traktowania-polskich-firm-korzystny-dla-polski-budzet-konwe\/#breadcrumb","itemListElement":[{"@type":"ListItem","position":1,"name":"Strona g\u0142\u00f3wna","item":"https:\/\/marekkuchcinski.pl\/"},{"@type":"ListItem","position":2,"name":"Powr\u00f3t Unii Europejskiej do warto\u015bci, zabieganie o interesy polskich rolnik\u00f3w, obrona prawa rodzic\u00f3w do wychowania dzieci, obrona r\u00f3wnego traktowania polskich firm, korzystny dla Polski bud\u017cet &#8211; konwencja wyborcza do PE PiS na Podkarpaciu"}]},{"@type":"WebSite","@id":"https:\/\/marekkuchcinski.pl\/#website","url":"https:\/\/marekkuchcinski.pl\/","name":"Marek Kuchci\u0144ski","description":"Pose\u0142 na sejm RP &ndash; okr\u0119g nr 22","publisher":{"@id":"https:\/\/marekkuchcinski.pl\/#organization"},"potentialAction":[{"@type":"SearchAction","target":{"@type":"EntryPoint","urlTemplate":"https:\/\/marekkuchcinski.pl\/?s={search_term_string}"},"query-input":{"@type":"PropertyValueSpecification","valueRequired":true,"valueName":"search_term_string"}}],"inLanguage":"cs"},{"@type":"Organization","@id":"https:\/\/marekkuchcinski.pl\/#organization","name":"Marek Kuchci\u0144ski","url":"https:\/\/marekkuchcinski.pl\/","logo":{"@type":"ImageObject","inLanguage":"cs","@id":"https:\/\/marekkuchcinski.pl\/#\/schema\/logo\/image\/","url":"https:\/\/marekkuchcinski.pl\/wp-content\/uploads\/2022\/09\/Marek.jpg","contentUrl":"https:\/\/marekkuchcinski.pl\/wp-content\/uploads\/2022\/09\/Marek.jpg","width":1600,"height":971,"caption":"Marek Kuchci\u0144ski"},"image":{"@id":"https:\/\/marekkuchcinski.pl\/#\/schema\/logo\/image\/"}},{"@type":"Person","@id":"https:\/\/marekkuchcinski.pl\/#\/schema\/person\/6f62700996b4d950b6ea2d1183b6c6be","name":"admin","image":{"@type":"ImageObject","inLanguage":"cs","@id":"https:\/\/marekkuchcinski.pl\/#\/schema\/person\/image\/","url":"https:\/\/secure.gravatar.com\/avatar\/4bab693b9d55c3d6b52c0296a8765085?s=96&d=mm&r=g","contentUrl":"https:\/\/secure.gravatar.com\/avatar\/4bab693b9d55c3d6b52c0296a8765085?s=96&d=mm&r=g","caption":"admin"},"url":"https:\/\/marekkuchcinski.pl\/cs\/author\/marta-olejnik\/"}]}},"_links":{"self":[{"href":"https:\/\/marekkuchcinski.pl\/cs\/wp-json\/wp\/v2\/posts\/13544","targetHints":{"allow":["GET"]}}],"collection":[{"href":"https:\/\/marekkuchcinski.pl\/cs\/wp-json\/wp\/v2\/posts"}],"about":[{"href":"https:\/\/marekkuchcinski.pl\/cs\/wp-json\/wp\/v2\/types\/post"}],"author":[{"embeddable":true,"href":"https:\/\/marekkuchcinski.pl\/cs\/wp-json\/wp\/v2\/users\/6"}],"replies":[{"embeddable":true,"href":"https:\/\/marekkuchcinski.pl\/cs\/wp-json\/wp\/v2\/comments?post=13544"}],"version-history":[{"count":30,"href":"https:\/\/marekkuchcinski.pl\/cs\/wp-json\/wp\/v2\/posts\/13544\/revisions"}],"predecessor-version":[{"id":13651,"href":"https:\/\/marekkuchcinski.pl\/cs\/wp-json\/wp\/v2\/posts\/13544\/revisions\/13651"}],"wp:featuredmedia":[{"embeddable":true,"href":"https:\/\/marekkuchcinski.pl\/cs\/wp-json\/wp\/v2\/media\/13581"}],"wp:attachment":[{"href":"https:\/\/marekkuchcinski.pl\/cs\/wp-json\/wp\/v2\/media?parent=13544"}],"wp:term":[{"taxonomy":"category","embeddable":true,"href":"https:\/\/marekkuchcinski.pl\/cs\/wp-json\/wp\/v2\/categories?post=13544"},{"taxonomy":"post_tag","embeddable":true,"href":"https:\/\/marekkuchcinski.pl\/cs\/wp-json\/wp\/v2\/tags?post=13544"}],"curies":[{"name":"wp","href":"https:\/\/api.w.org\/{rel}","templated":true}]}}