{"id":13510,"date":"2019-03-10T13:36:09","date_gmt":"2019-03-10T12:36:09","guid":{"rendered":"https:\/\/marekkuchcinski.pl\/?p=13510"},"modified":"2019-03-08T13:38:09","modified_gmt":"2019-03-08T12:38:09","slug":"uroczystosci-upamietniajace-75-rocznice-ludobojstwa-hucie-pieniackiej-korosciatynie-oraz-innych-miejscowosciach-kresach-podkarpaciu","status":"publish","type":"post","link":"https:\/\/marekkuchcinski.pl\/cs\/bez-kategorii\/lms\/uroczystosci-upamietniajace-75-rocznice-ludobojstwa-hucie-pieniackiej-korosciatynie-oraz-innych-miejscowosciach-kresach-podkarpaciu\/","title":{"rendered":"P\u0159ipom\u00ednka 75. v\u00fdro\u010d\u00ed genocidy v Hut\u011b Pieniack\u00e9, Korostatyni a na dal\u0161\u00edch m\u00edstech Kres\u016f a Podkarpatska"},"content":{"rendered":"<p><em>\u00a0<\/em><\/p>\n<p><strong><em>Pan<\/em><\/strong><\/p>\n<p><strong><em>\u00a0Stanislaw Szarzynski<\/em><\/strong><\/p>\n<p><strong><em>P\u0159edseda sdru\u017een\u00ed<\/em><\/strong><\/p>\n<p><strong><em>\u00a0P\u0159ipom\u00ednka polsk\u00fdch Thermopyl a pohrani\u010d\u00ed<\/em><\/strong><\/p>\n<p><strong><em>a Klub katolick\u00e9 inteligence <\/em><\/strong><\/p>\n<p><strong><em>v obci Przemy\u015bl<\/em><\/strong><\/p>\n<p><em>\u00a0<\/em><\/p>\n<p><em>\u00a0<\/em><\/p>\n<p><em>V\u00e1\u017een\u00fd pane prezidente,<\/em><\/p>\n<p><em>D\u011bkuji za pozv\u00e1n\u00ed k \u00fa\u010dasti na vzpom\u00ednkov\u00fdch akc\u00edch u p\u0159\u00edle\u017eitosti 75. v\u00fdro\u010d\u00ed genocidy v Hut\u011b Pieniack\u00e9 a Korostatyni a na dal\u0161\u00edch m\u00edstech Kres\u016f a Podkarpatska. <\/em><\/p>\n<p><em>Zlo\u010diny ukrajinsk\u00fdch nacionalist\u016f proti polsk\u00e9mu obyvatelstvu byly na n\u011bkolik desetilet\u00ed vymaz\u00e1ny ze str\u00e1nek na\u0161ich d\u011bjin. Bylo zak\u00e1z\u00e1no mluvit o besti\u00e1ln\u00edch masakrech p\u00e1chan\u00fdch na obyvatel\u00edch polsk\u00fdch vesnic. T\u011bch n\u011bkolik m\u00e1lo lid\u00ed, kte\u0159\u00ed z\u00e1zrakem unikli smrti, si v srdci st\u00e1le neslo obrazy t\u011bchto hr\u016fzn\u00fdch zlo\u010din\u016f a bolest ze ztr\u00e1ty sv\u00fdch bl\u00edzk\u00fdch umoc\u0148ovala lhostejnost \u00fa\u0159ad\u016f.<\/em><\/p>\n<p><em>Existovalo spiknut\u00ed ml\u010den\u00ed, z\u00e1kaz \u0159\u00edkat o t\u011bchto ud\u00e1lostech pravdu. Pachatel\u00e9 zlo\u010din\u016f na nevinn\u00fdch d\u011btech, \u017een\u00e1ch a star\u00fdch lidech nebyli nikdy potrest\u00e1ni tak, jak si zaslou\u017eili. <\/em><\/p>\n<p><em>Vzpom\u00ednkov\u00e9 akce, kter\u00e9 se konaj\u00ed v Przemy\u015blu u p\u0159\u00edle\u017eitosti 75. v\u00fdro\u010d\u00ed genocidy v Hut\u011b Pieniack\u00e9, Koro\u015bciatinu a na dal\u0161\u00edch m\u00edstech Kres\u016f a Podkarpatsk\u00e9 Rusi, sv\u011bd\u010d\u00ed o tom, \u017ee \u017e\u00e1dn\u00fd \u0159\u00e1d ani \u010das nedok\u00e1zal vymazat tento krut\u00fd zlo\u010din z pam\u011bti dal\u0161\u00edch generac\u00ed. S velkou vd\u011b\u010dnost\u00ed vzpom\u00edn\u00e1m na lidi, kte\u0159\u00ed des\u00edtky let chr\u00e1nili pravdu. Z\u00e1rove\u0148 bych r\u00e1d vyj\u00e1d\u0159il uzn\u00e1n\u00ed organiz\u00e1tor\u016fm a \u00fa\u010dastn\u00edk\u016fm vzpom\u00ednkov\u00e9 akce na tyto tragick\u00e9 ud\u00e1losti, p\u0159i\u010dem\u017e zvl\u00e1\u0161tn\u00ed pod\u011bkov\u00e1n\u00ed pat\u0159\u00ed z\u00e1stupc\u016fm rodin z Przemy\u0161lsk\u00fdch Kres\u016f.<\/em><\/p>\n<p><em>Proto\u017ee se nemohu p\u0159ipojit k va\u0161im vzpom\u00ednkov\u00fdm akc\u00edm, p\u0159ipojuji se k modlitb\u011b t\u00edmto symbolick\u00fdm zp\u016fsobem a skl\u00e1n\u00edm hlavu p\u0159ed ob\u011b\u0165mi nacionalistick\u00fdch zlo\u010din\u016f. <\/em><\/p>\n<p><em>\u00a0<\/em><\/p>\n<p><em>\u00a0<\/em><em>\u00a0 S pozdravem<\/em><\/p>\n<p><em>\u00a0<\/em><\/p>\n<p><em>\u00a0<\/em><\/p>\n<p><em>\u00a0<\/em><\/p>\n<p><em>\u00a0 Marek Kuchci\u0144ski<\/em><\/p>","protected":false},"excerpt":{"rendered":"<p>\u00a0 Pan \u00a0Stanis\u0142aw Szarzy\u0144ski Prezes Stowarzyszenia \u00a0Pami\u0119ci Polskich Termopil i Kres\u00f3w oraz Klubu Inteligencji Katolickiej w Przemy\u015blu \u00a0 \u00a0 Szanowny Panie Prezesie, bardzo dzi\u0119kuj\u0119 za zaproszenie do udzia\u0142u w uroczysto\u015bciach upami\u0119tniaj\u0105cych 75. rocznic\u0119 ludob\u00f3jstwa w hucie Pieniackiej i Koro\u015bciatynie oraz innych miejscowo\u015bciach na\u00a0\u00a0Kresach i Podkarpaciu. Zbrodnie nacjonalist\u00f3w ukrai\u0144skich na ludno\u015bci polskiej przez kilkadziesi\u0105t lat by\u0142y [&hellip;]<\/p>\n","protected":false},"author":6,"featured_media":13506,"comment_status":"open","ping_status":"open","sticky":false,"template":"","format":"standard","meta":{"ngg_post_thumbnail":0,"footnotes":""},"categories":[104],"tags":[],"class_list":["post-13510","post","type-post","status-publish","format-standard","has-post-thumbnail","hentry","category-lms"],"_links":{"self":[{"href":"https:\/\/marekkuchcinski.pl\/cs\/wp-json\/wp\/v2\/posts\/13510","targetHints":{"allow":["GET"]}}],"collection":[{"href":"https:\/\/marekkuchcinski.pl\/cs\/wp-json\/wp\/v2\/posts"}],"about":[{"href":"https:\/\/marekkuchcinski.pl\/cs\/wp-json\/wp\/v2\/types\/post"}],"author":[{"embeddable":true,"href":"https:\/\/marekkuchcinski.pl\/cs\/wp-json\/wp\/v2\/users\/6"}],"replies":[{"embeddable":true,"href":"https:\/\/marekkuchcinski.pl\/cs\/wp-json\/wp\/v2\/comments?post=13510"}],"version-history":[{"count":1,"href":"https:\/\/marekkuchcinski.pl\/cs\/wp-json\/wp\/v2\/posts\/13510\/revisions"}],"predecessor-version":[{"id":13511,"href":"https:\/\/marekkuchcinski.pl\/cs\/wp-json\/wp\/v2\/posts\/13510\/revisions\/13511"}],"wp:featuredmedia":[{"embeddable":true,"href":"https:\/\/marekkuchcinski.pl\/cs\/wp-json\/wp\/v2\/media\/13506"}],"wp:attachment":[{"href":"https:\/\/marekkuchcinski.pl\/cs\/wp-json\/wp\/v2\/media?parent=13510"}],"wp:term":[{"taxonomy":"category","embeddable":true,"href":"https:\/\/marekkuchcinski.pl\/cs\/wp-json\/wp\/v2\/categories?post=13510"},{"taxonomy":"post_tag","embeddable":true,"href":"https:\/\/marekkuchcinski.pl\/cs\/wp-json\/wp\/v2\/tags?post=13510"}],"curies":[{"name":"wp","href":"https:\/\/api.w.org\/{rel}","templated":true}]}}