{"id":13508,"date":"2019-03-10T12:33:06","date_gmt":"2019-03-10T11:33:06","guid":{"rendered":"https:\/\/marekkuchcinski.pl\/?p=13508"},"modified":"2019-03-08T13:35:12","modified_gmt":"2019-03-08T12:35:12","slug":"uroczystosci-upamietniajace-70-rocznice-smierci-mjr-hieronima-dekutowskiego-ps-zapora","status":"publish","type":"post","link":"https:\/\/marekkuchcinski.pl\/cs\/bez-kategorii\/lms\/uroczystosci-upamietniajace-70-rocznice-smierci-mjr-hieronima-dekutowskiego-ps-zapora\/","title":{"rendered":"Slavnostn\u00ed akce k 70. v\u00fdro\u010d\u00ed \u00famrt\u00ed majora Hieronyma Dekutowsk\u00e9ho, pseud. Zapora"},"content":{"rendered":"<p>&nbsp;<\/p>\n<p><strong>\u00a0\u00a0\u00a0\u00a0\u00a0\u00a0\u00a0 Pan <\/strong><\/p>\n<p><strong>\u00a0\u00a0\u00a0\u00a0\u00a0\u00a0\u00a0 Jan J\u00f3zef Kasprzyk<\/strong><\/p>\n<p><strong>\u00a0\u00a0\u00a0\u00a0\u00a0\u00a0\u00a0 Vedouc\u00ed \u00da\u0159adu pro z\u00e1le\u017eitosti veter\u00e1n\u016f<\/strong><\/p>\n<p><strong>\u00a0\u00a0\u00a0\u00a0\u00a0\u00a0\u00a0 a osoby vystaven\u00e9 represi<\/strong><\/p>\n<p>&nbsp;<\/p>\n<p>&nbsp;<\/p>\n<p>V\u00e1\u017een\u00fd pane minist\u0159e,<\/p>\n<p>&nbsp;<\/p>\n<p>Cht\u011bl bych pod\u011bkovat za pozv\u00e1n\u00ed na slavnostn\u00ed setk\u00e1n\u00ed u p\u0159\u00edle\u017eitosti 70. v\u00fdro\u010d\u00ed \u00famrt\u00ed majora Hieronyma Dekutowsk\u00e9ho alias Zapory - postavy, kter\u00e1 byla po l\u00e9ta zapomenuta nebo dokonce vymaz\u00e1na z polsk\u00fdch d\u011bjin. V sou\u010dasn\u00e9 dob\u011b se v\u0161ak vrac\u00ed do obecn\u00e9 pam\u011bti Pol\u00e1k\u016f. Major \"Zapor\" si stejn\u011b jako ostatn\u00ed voj\u00e1ci, kte\u0159\u00ed \u010delili sov\u011btsk\u00e9 agresi, zaslou\u017e\u00ed \u010dest a \u00factu.<\/p>\n<p>Hieronim Dekutowski nesouhlasil s totalitn\u00ed moc\u00ed, s \u017eivotem v komunistick\u00e9 porob\u011b. Ji\u017e v roce 1944 zah\u00e1jil nerovn\u00fd boj se sov\u011btsk\u00fdm okupantem. V s\u00e1zce byla svoboda a suverenita jeho vlasti a cenou byl jeho \u017eivot. Jeho state\u010dnost a odvaha mu nep\u0159inesly zaslou\u017eenou sl\u00e1vu, ale nev\u00fdslovn\u00e9 utrpen\u00ed. Smrt p\u0159i\u0161la po m\u011bs\u00edc\u00edch nel\u00edtostn\u00fdch a brut\u00e1ln\u00edch v\u00fdslech\u016f ve v\u011bze\u0148sk\u00e9 cele v Mokotov\u011b. C\u00edlem re\u017eimn\u00edch org\u00e1n\u016f bylo zastra\u0161it a zotro\u010dit polskou spole\u010dnost, zlomit ducha svobody a snahy o nez\u00e1vislost, vybudovat \u017eivot bez k\u0159es\u0165ansk\u00fdch a n\u00e1rodn\u00edch hodnot.<\/p>\n<p>Dnes mus\u00edme ud\u011blat v\u0161e pro to, aby se my\u0161lenky vykoupen\u00e9 utrpen\u00edm nav\u017edy zapsaly do v\u011bdom\u00ed sou\u010dasn\u00fdch i budouc\u00edch generac\u00ed. Nesm\u00edme se dopustit h\u0159\u00edchu zapomn\u011bn\u00ed a vd\u011b\u010dnost t\u011bm, kte\u0159\u00ed br\u00e1nili nez\u00e1vislost st\u00e1tu, by m\u011bla b\u00fdt zaps\u00e1na hluboko v na\u0161ich srdc\u00edch.<\/p>\n<p>Cht\u011bl bych v\u00e1m up\u0159\u00edmn\u011b pod\u011bkovat za obnoven\u00ed pam\u00e1tky nevoj\u00e1k\u016f a za \u0161\u00ed\u0159en\u00ed pravdy a znalost\u00ed o nich.<\/p>\n<p>Sklon\u011bn\u00edm hlavy jim vzd\u00e1v\u00e1m pat\u0159i\u010dnou poctu.<\/p>\n<p>&nbsp;<\/p>\n<p>&nbsp;<\/p>\n<p>&nbsp;<\/p>\n<p>Marek Kuchci\u0144ski<\/p>","protected":false},"excerpt":{"rendered":"<p>&nbsp; \u00a0\u00a0\u00a0\u00a0\u00a0\u00a0\u00a0 Pan \u00a0\u00a0\u00a0\u00a0\u00a0\u00a0\u00a0 Jan J\u00f3zef Kasprzyk \u00a0\u00a0\u00a0\u00a0\u00a0\u00a0\u00a0 Szef Urz\u0119du do Spraw Kombatant\u00f3w \u00a0\u00a0\u00a0\u00a0\u00a0\u00a0\u00a0 i Os\u00f3b Represjonowanych &nbsp; &nbsp; Szanowny Panie Ministrze, &nbsp; dzi\u0119kuj\u0119 za zaproszenie na uroczysto\u015bci upami\u0119tniaj\u0105ce 70. rocznic\u0119 \u015bmierci mjr.\u00a0Hieronima Dekutowskiego ps. Zapora &#8211; postaci przez lata zapomnianej wr\u0119cz wymazanej z polskiej historii. Obecnie za\u015b przywracanej powszechnej pami\u0119ci Polak\u00f3w. Majorowi \u201eZaporze\u201d podobnie [&hellip;]<\/p>\n","protected":false},"author":6,"featured_media":13506,"comment_status":"open","ping_status":"open","sticky":false,"template":"","format":"standard","meta":{"ngg_post_thumbnail":0,"footnotes":""},"categories":[104],"tags":[],"class_list":["post-13508","post","type-post","status-publish","format-standard","has-post-thumbnail","hentry","category-lms"],"_links":{"self":[{"href":"https:\/\/marekkuchcinski.pl\/cs\/wp-json\/wp\/v2\/posts\/13508","targetHints":{"allow":["GET"]}}],"collection":[{"href":"https:\/\/marekkuchcinski.pl\/cs\/wp-json\/wp\/v2\/posts"}],"about":[{"href":"https:\/\/marekkuchcinski.pl\/cs\/wp-json\/wp\/v2\/types\/post"}],"author":[{"embeddable":true,"href":"https:\/\/marekkuchcinski.pl\/cs\/wp-json\/wp\/v2\/users\/6"}],"replies":[{"embeddable":true,"href":"https:\/\/marekkuchcinski.pl\/cs\/wp-json\/wp\/v2\/comments?post=13508"}],"version-history":[{"count":1,"href":"https:\/\/marekkuchcinski.pl\/cs\/wp-json\/wp\/v2\/posts\/13508\/revisions"}],"predecessor-version":[{"id":13509,"href":"https:\/\/marekkuchcinski.pl\/cs\/wp-json\/wp\/v2\/posts\/13508\/revisions\/13509"}],"wp:featuredmedia":[{"embeddable":true,"href":"https:\/\/marekkuchcinski.pl\/cs\/wp-json\/wp\/v2\/media\/13506"}],"wp:attachment":[{"href":"https:\/\/marekkuchcinski.pl\/cs\/wp-json\/wp\/v2\/media?parent=13508"}],"wp:term":[{"taxonomy":"category","embeddable":true,"href":"https:\/\/marekkuchcinski.pl\/cs\/wp-json\/wp\/v2\/categories?post=13508"},{"taxonomy":"post_tag","embeddable":true,"href":"https:\/\/marekkuchcinski.pl\/cs\/wp-json\/wp\/v2\/tags?post=13508"}],"curies":[{"name":"wp","href":"https:\/\/api.w.org\/{rel}","templated":true}]}}