{"id":13499,"date":"2019-03-08T13:09:53","date_gmt":"2019-03-08T12:09:53","guid":{"rendered":"https:\/\/marekkuchcinski.pl\/?p=13499"},"modified":"2019-03-08T13:28:58","modified_gmt":"2019-03-08T12:28:58","slug":"uroczyste-obchody-100-rocznicy-bohaterskiej-smierci-plk-leopolda-lisa-kuli","status":"publish","type":"post","link":"https:\/\/marekkuchcinski.pl\/cs\/bez-kategorii\/lms\/uroczyste-obchody-100-rocznicy-bohaterskiej-smierci-plk-leopolda-lisa-kuli\/","title":{"rendered":"Slavnostn\u00ed oslavy 100. v\u00fdro\u010d\u00ed hrdinsk\u00e9 smrti plukovn\u00edka Leopolda Lis-Kuly"},"content":{"rendered":"<h1><\/h1>\n<p><strong>Pan <\/strong><\/p>\n<p><strong>Jakub Czarnota <\/strong><\/p>\n<p><strong>Starosta obce \u0141a\u0144cut<\/strong><\/p>\n<p><strong>\u00a0<\/strong><\/p>\n<p>V\u00e1\u017een\u00fd pane starosto,<\/p>\n<p>&nbsp;<\/p>\n<p>D\u011bkuji za pozv\u00e1n\u00ed na oslavy 100. v\u00fdro\u010d\u00ed hrdinsk\u00e9 smrti plukovn\u00edka Leopolda Lis-Kuly. Proto\u017ee jsem se t\u00e9to akce nemohl z\u00fa\u010dastnit, r\u00e1d bych vyu\u017eil t\u00e9to p\u0159\u00edle\u017eitosti a pod\u011bkoval jej\u00edm organiz\u00e1tor\u016fm a \u00fa\u010dastn\u00edk\u016fm.  Jsem tak\u00e9 p\u0159esv\u011bd\u010den, \u017ee oslavy v Kosinu - m\u00edst\u011b narozen\u00ed hrdinn\u00e9ho legion\u00e1\u0159e z prvn\u00ed sv\u011btov\u00e9 v\u00e1lky a obr\u00e1nce znovuzrozen\u00e9ho Polska v roce 1918 - budou m\u00edt zvl\u00e1\u0161tn\u00ed rozm\u011br. Budou tak\u00e9 cenn\u00fdm sv\u011bdectv\u00edm vlastenectv\u00ed a \u00facty k na\u0161im n\u00e1rodn\u00edm hrdin\u016fm.<\/p>\n<p>Je t\u011b\u017ek\u00e9 uv\u011b\u0159it, \u017ee mu\u017e, jeho\u017e \u00fasp\u011bchy by vydaly na n\u011bkolik \u017eivotopis\u016f, \u017eil pouh\u00fdch dvaadvacet let. Cel\u00fd mladistv\u00fd \u017eivot Leopolda Lis-Kuly byl napln\u011bn \u00fasil\u00edm o dobro vlasti a o nez\u00e1vislost Polska. Dodnes vzbuzuje obdiv jeho velk\u00e1 state\u010dnost, obdivuhodn\u00e1 vyzr\u00e1lost a nezlomnost. jeden z nejlep\u0161\u00edch a nejstate\u010dn\u011bj\u0161\u00edch voj\u00e1k\u016f v d\u011bjin\u00e1ch Polska. legend\u00e1rn\u00ed u\u017e za sv\u00e9ho \u017eivota. se stal symbolem boje za svobodnou vlast.<\/p>\n<p>D\u011bkuji v\u00e1m proto za poctu tomuto mimo\u0159\u00e1dn\u00e9mu hrdinovi z Podkarpatska, kter\u00fd nav\u017edy z\u016fstane znakem na\u0161\u00ed komunity a neodmyslitelnou sou\u010d\u00e1st\u00ed na\u0161eho historick\u00e9ho d\u011bdictv\u00ed.<\/p>\n<p>Je\u0161t\u011b jednou v\u00e1s co nejsrde\u010dn\u011bji zdrav\u00edm a pos\u00edl\u00e1m pozdravy.<\/p>\n<p>&nbsp;<\/p>\n<p>&nbsp;<\/p>\n<p><em>Marek <\/em><em>Kuchcinski<\/em><\/p>","protected":false},"excerpt":{"rendered":"<p>Pan Jakub Czarnota W\u00f3jt Gminy \u0141a\u0144cut \u00a0 Szanowny Panie W\u00f3jcie, &nbsp; bardzo dzi\u0119kuj\u0119 za zaproszenie na uroczyste obchody 100.\u00a0 rocznicy bohaterskiej \u015bmierci p\u0142k. Leopolda Lisa-Kuli. Nie mog\u0105c wzi\u0105\u0107 udzia\u0142u w tym wydarzeniu, pragn\u0119 t\u0105 drog\u0105 przekaza\u0107 podzi\u0119kowania jego organizatorom i uczestnikom.\u00a0 Jestem przy tym przekonany, \u017ce uroczysto\u015bci w Kosinie &#8211;\u00a0\u00a0 miejscu, w kt\u00f3rym urodzi\u0142 si\u0119 [&hellip;]<\/p>\n","protected":false},"author":6,"featured_media":13506,"comment_status":"open","ping_status":"open","sticky":false,"template":"","format":"standard","meta":{"ngg_post_thumbnail":0,"footnotes":""},"categories":[104],"tags":[],"class_list":["post-13499","post","type-post","status-publish","format-standard","has-post-thumbnail","hentry","category-lms"],"_links":{"self":[{"href":"https:\/\/marekkuchcinski.pl\/cs\/wp-json\/wp\/v2\/posts\/13499","targetHints":{"allow":["GET"]}}],"collection":[{"href":"https:\/\/marekkuchcinski.pl\/cs\/wp-json\/wp\/v2\/posts"}],"about":[{"href":"https:\/\/marekkuchcinski.pl\/cs\/wp-json\/wp\/v2\/types\/post"}],"author":[{"embeddable":true,"href":"https:\/\/marekkuchcinski.pl\/cs\/wp-json\/wp\/v2\/users\/6"}],"replies":[{"embeddable":true,"href":"https:\/\/marekkuchcinski.pl\/cs\/wp-json\/wp\/v2\/comments?post=13499"}],"version-history":[{"count":1,"href":"https:\/\/marekkuchcinski.pl\/cs\/wp-json\/wp\/v2\/posts\/13499\/revisions"}],"predecessor-version":[{"id":13501,"href":"https:\/\/marekkuchcinski.pl\/cs\/wp-json\/wp\/v2\/posts\/13499\/revisions\/13501"}],"wp:featuredmedia":[{"embeddable":true,"href":"https:\/\/marekkuchcinski.pl\/cs\/wp-json\/wp\/v2\/media\/13506"}],"wp:attachment":[{"href":"https:\/\/marekkuchcinski.pl\/cs\/wp-json\/wp\/v2\/media?parent=13499"}],"wp:term":[{"taxonomy":"category","embeddable":true,"href":"https:\/\/marekkuchcinski.pl\/cs\/wp-json\/wp\/v2\/categories?post=13499"},{"taxonomy":"post_tag","embeddable":true,"href":"https:\/\/marekkuchcinski.pl\/cs\/wp-json\/wp\/v2\/tags?post=13499"}],"curies":[{"name":"wp","href":"https:\/\/api.w.org\/{rel}","templated":true}]}}