{"id":13489,"date":"2019-03-07T15:00:04","date_gmt":"2019-03-07T14:00:04","guid":{"rendered":"https:\/\/marekkuchcinski.pl\/?p=13489"},"modified":"2019-03-08T13:29:52","modified_gmt":"2019-03-08T12:29:52","slug":"obchody-100-rocznicy-smierci-plk-leopolda-lisa-kuli","status":"publish","type":"post","link":"https:\/\/marekkuchcinski.pl\/cs\/bez-kategorii\/lms\/obchody-100-rocznicy-smierci-plk-leopolda-lisa-kuli\/","title":{"rendered":"Oslava 100. v\u00fdro\u010d\u00ed \u00famrt\u00ed plukovn\u00edka Leopolda Lis-Kuly"},"content":{"rendered":"<p style=\"text-align: left;\">Pan inspektor ZS Marek Matu\u0142a<\/p>\n<p style=\"text-align: left;\">Velitel<\/p>\n<p style=\"text-align: left;\">S\u00eddlo<\/p>\n<p style=\"text-align: left;\">Z.S. \"Strzelec\" JP<\/p>\n<p style=\"text-align: left;\">Pan inspektor ZS Marek Str\u0105czek<\/p>\n<p style=\"text-align: left;\">Velitel jihov\u00fdchodn\u00ed Okres<\/p>\n<p style=\"text-align: left;\">Z.S. \"Strzelec\" JP<\/p>\n<p><strong>\u00a0<\/strong><\/p>\n<p>D\u00e1my a p\u00e1nov\u00e9,<\/p>\n<p>&nbsp;<\/p>\n<p>R\u00e1d bych V\u00e1m pod\u011bkoval za pozv\u00e1n\u00ed na oslavy 100. v\u00fdro\u010d\u00ed \u00famrt\u00ed plukovn\u00edka Leopolda Lis-Kuly. Proto\u017ee jsem se oslav nemohl z\u00fa\u010dastnit, cht\u011bl bych pod\u011bkovat za p\u011bstov\u00e1n\u00ed tradice svobody a jej\u00ed popularizaci mezi mlad\u00fdmi generacemi. D\u011bdictv\u00ed nez\u00e1vislosti je jedn\u00edm z nejd\u016fle\u017eit\u011bj\u0161\u00edch prvk\u016f n\u00e1rodn\u00ed identity, poutem spojuj\u00edc\u00edm generace. Toto pouto je ve dnech v\u00fdro\u010d\u00ed poci\u0165ov\u00e1no siln\u011bji ne\u017e obvykle.<\/p>\n<p>Dnes si p\u0159ipomeneme hrdinu boje za svobodu, plukovn\u00edka Leopolda Lis-Kulu. Na\u0161e srdce puk\u00e1 hrdost\u00ed, \u017ee tento v\u00fdjime\u010dn\u00fd voj\u00e1k byl synem Podkarpatska. Mezi mlad\u00fdmi i star\u00fdmi voj\u00e1ky vzbuzoval velk\u00fd respekt. Navzdory sv\u00e9mu mladistv\u00e9mu v\u011bku se vyzna\u010doval nezdolnou state\u010dnost\u00ed a obdivuhodnou vytrvalost\u00ed. Ji\u017e za sv\u00e9ho \u017eivota byl velkou legendou a po sv\u00e9 smrti se stal symbolem vlasteneck\u00fdch hodnot a vojensk\u00fdch ctnost\u00ed. Za druh\u00e9 republiky si ho za sv\u00e9ho patrona zvolilo mnoho \u0161kol. Byl to viditeln\u00fd projev vzpom\u00ednky a z\u00e1rove\u0148 projev \u00facty mlad\u00e9mu plukovn\u00edkovi.<\/p>\n<p>Leopold Lis-Kula je i dnes vzorem hodn\u00fdm n\u00e1sledov\u00e1n\u00ed. Jeho odhodl\u00e1n\u00ed, tvrd\u00e1 pr\u00e1ce a v\u011brnost ide\u00e1l\u016fm by m\u011bly b\u00fdt ukazatelem pro mlad\u00e9 lidi, kte\u0159\u00ed hledaj\u00ed svou \u017eivotn\u00ed cestu.<\/p>\n<p>D\u011bkuji v\u0161em, kte\u0159\u00ed podporuj\u00ed ide\u00e1ly nez\u00e1vislosti a ct\u00ed pam\u00e1tku hrdin\u016f, kte\u0159\u00ed vedli na\u0161i vlast ke svobod\u011b a nez\u00e1vislosti.<\/p>\n<p>&nbsp;<\/p>\n<p>S pozdravem<\/p>\n<p>&nbsp;<\/p>\n<p>&nbsp;<\/p>\n<p>Marek Kuchci\u0144ski<\/p>","protected":false},"excerpt":{"rendered":"<p>Pan insp. ZS Marek Matu\u0142a Komendant Komendy G\u0142\u00f3wnej Z.S. \u201eStrzelec\u201d JP Pan insp. ZS Marek Str\u0105czek Dow\u00f3dca P\u0142d.-Wsch. Okr\u0119gu Z.S. \u201eStrzelec\u201d JP \u00a0 Szanowni Pa\u0144stwo, &nbsp; serdecznie dzi\u0119kuj\u0119 za zaproszenie na obchody 100. rocznicy \u015bmierci p\u0142k. Leopolda Lisa-Kuli. Nie mog\u0105c wzi\u0105\u0107 udzia\u0142u w uroczysto\u015bciach, t\u0105 drog\u0105 chcia\u0142bym przekaza\u0107 wyrazy wdzi\u0119czno\u015bci za kultywowanie wolno\u015bciowej tradycji oraz [&hellip;]<\/p>\n","protected":false},"author":6,"featured_media":13506,"comment_status":"open","ping_status":"open","sticky":false,"template":"","format":"standard","meta":{"ngg_post_thumbnail":0,"footnotes":""},"categories":[104],"tags":[],"class_list":["post-13489","post","type-post","status-publish","format-standard","has-post-thumbnail","hentry","category-lms"],"_links":{"self":[{"href":"https:\/\/marekkuchcinski.pl\/cs\/wp-json\/wp\/v2\/posts\/13489","targetHints":{"allow":["GET"]}}],"collection":[{"href":"https:\/\/marekkuchcinski.pl\/cs\/wp-json\/wp\/v2\/posts"}],"about":[{"href":"https:\/\/marekkuchcinski.pl\/cs\/wp-json\/wp\/v2\/types\/post"}],"author":[{"embeddable":true,"href":"https:\/\/marekkuchcinski.pl\/cs\/wp-json\/wp\/v2\/users\/6"}],"replies":[{"embeddable":true,"href":"https:\/\/marekkuchcinski.pl\/cs\/wp-json\/wp\/v2\/comments?post=13489"}],"version-history":[{"count":8,"href":"https:\/\/marekkuchcinski.pl\/cs\/wp-json\/wp\/v2\/posts\/13489\/revisions"}],"predecessor-version":[{"id":13507,"href":"https:\/\/marekkuchcinski.pl\/cs\/wp-json\/wp\/v2\/posts\/13489\/revisions\/13507"}],"wp:featuredmedia":[{"embeddable":true,"href":"https:\/\/marekkuchcinski.pl\/cs\/wp-json\/wp\/v2\/media\/13506"}],"wp:attachment":[{"href":"https:\/\/marekkuchcinski.pl\/cs\/wp-json\/wp\/v2\/media?parent=13489"}],"wp:term":[{"taxonomy":"category","embeddable":true,"href":"https:\/\/marekkuchcinski.pl\/cs\/wp-json\/wp\/v2\/categories?post=13489"},{"taxonomy":"post_tag","embeddable":true,"href":"https:\/\/marekkuchcinski.pl\/cs\/wp-json\/wp\/v2\/tags?post=13489"}],"curies":[{"name":"wp","href":"https:\/\/api.w.org\/{rel}","templated":true}]}}