{"id":13483,"date":"2019-03-07T13:09:20","date_gmt":"2019-03-07T12:09:20","guid":{"rendered":"https:\/\/marekkuchcinski.pl\/?p=13483"},"modified":"2019-04-19T14:15:59","modified_gmt":"2019-04-19T12:15:59","slug":"77-mln-zl-usuwanie-skutkow-klesk-zywiolowych-osuwisk-podkarpaciu","status":"publish","type":"post","link":"https:\/\/marekkuchcinski.pl\/cs\/prawo-i-sprawiedliwosc\/77-mln-zl-usuwanie-skutkow-klesk-zywiolowych-osuwisk-podkarpaciu\/","title":{"rendered":"77 milion\u016f PLN na odstra\u0148ov\u00e1n\u00ed n\u00e1sledk\u016f p\u0159\u00edrodn\u00edch katastrof a sesuv\u016f p\u016fdy v Podkarpatsk\u00e9m vojvodstv\u00ed."},"content":{"rendered":"<div class=\"preface\" data-role=\"preface\">\n<div class=\"col-md-5 col-sm-12 no-gutter\">\n<p><strong>Samospr\u00e1vy v Podkarpatsk\u00e9 Rusi obdr\u017e\u00ed 77 milion\u016f PLN. N\u00e1m\u011bstek ministra vnitra a spr\u00e1vy Jaros\u0142aw Zieli\u0144ski p\u0159edal v Rzeszow\u011b sliby na realizaci \u00fakol\u016f v oblasti odstra\u0148ov\u00e1n\u00ed n\u00e1sledk\u016f p\u0159\u00edrodn\u00edch katastrof a sesuv\u016f p\u016fdy.<\/strong><\/p>\n<\/div>\n<\/div>\n<div class=\"col-sm-12 no-gutter\">\n<div class=\"entry-content\">\n<p><em>- Podkarpatsk\u00e9 vojvodstv\u00ed obdr\u017e\u00ed t\u00e9m\u011b\u0159 77 milion\u016f PLN - z toho 56 milion\u016f PLN na rekonstrukci silnic, propustk\u016f a most\u016f a v\u00edce ne\u017e 20 milion\u016f PLN na stabilizaci sesuv\u016f.<\/em>&nbsp;- \u0159ekl st\u00e1tn\u00ed tajemn\u00edk Ministerstva vnitra a spr\u00e1vy Jaros\u0142aw Zieli\u0144ski b\u011bhem slavnostn\u00edho ceremoni\u00e1lu na \u00da\u0159adu Podkarpatsk\u00e9ho vojvodstv\u00ed v Rzeszow\u011b.  N\u00e1m\u011bstek ministra zd\u016fraznil, \u017ee podpora \u010dinnosti m\u00edstn\u00edch samospr\u00e1v ze strany st\u00e1tu je nesm\u00edrn\u011b d\u016fle\u017eit\u00e1 pro zlep\u0161en\u00ed kvality \u017eivota obyvatel. Pod\u011bkoval tak\u00e9 starost\u016fm, prim\u00e1tor\u016fm a starostk\u00e1m obc\u00ed za efektivn\u00ed p\u0159\u00edpravu \u017e\u00e1dost\u00ed. Podkarpatsk\u00e1 hejtmanka Ewa Leniartov\u00e1 dodala, \u017ee d\u00edky p\u0159\u00edslib\u016fm, kter\u00e9 dostala v posledn\u00edch letech, se Podkarpatsku poda\u0159ilo opravit v\u00edce ne\u017e 673 km obecn\u00edch a okresn\u00edch silnic a 218 propustk\u016f a mostn\u00edch objekt\u016f.<\/p>\n<p>Na slavnostn\u00edm ceremoni\u00e1lu p\u0159ijali sliby z\u00e1stupci 58 m\u00edstn\u00edch samospr\u00e1v, z toho 46 obc\u00ed a 12 okres\u016f. Finan\u010dn\u00ed prost\u0159edky budou pou\u017eity na realizaci 183 \u00fakol\u016f.<\/p>\n<p>Akce se z\u00fa\u010dastnili podkarpat\u0161t\u00ed poslanci Krystyna Wr\u00f3blewska, Halina Szyde\u0142ko, Bogdan Rzo\u0144ca, Zbigniew Chmielowiec a Andrzej Szlachta, z\u00e1stupce mar\u0161\u00e1lka Podkarpatsk\u00e9ho vojvodstv\u00ed Piotr Pilch a p\u0159edstavitel\u00e9 podkarpatsk\u00fdch obc\u00ed a okres\u016f.<\/p>\n<p><strong>Dopis \u00fa\u010dastn\u00edk\u016fm adresoval p\u0159edseda Sejmu Marek Kuchci\u0144ski, kter\u00fd vyj\u00e1d\u0159il p\u0159esv\u011bd\u010den\u00ed, \u017ee d\u00edky ud\u011blen\u00fdm grant\u016fm bude obnovena a zrekonstruov\u00e1na infrastruktura po\u0161kozen\u00e1 p\u0159\u00edrodn\u00edmi katastrofami. \"V\u011b\u0159\u00edm, \u017ee tato opat\u0159en\u00ed budou dob\u0159e slou\u017eit m\u00edstn\u00ed komunit\u011b,\" napsal p\u0159edseda parlamentu.<\/strong><\/p>\n<p><a href=\"https:\/\/marekkuchcinski.pl\/wp-content\/uploads\/2019\/03\/promesy.pdf\">SEZNAM <\/a><\/p>\n<p>P\u0159id\u011blen\u00e9 prost\u0159edky, kter\u00e9 poch\u00e1zej\u00ed ze zvl\u00e1\u0161tn\u00ed rezervy st\u00e1tn\u00edho rozpo\u010dtu, budou pou\u017eity na:<\/p>\n<ol>\n<li>Financov\u00e1n\u00ed prov\u00e1d\u011bn\u00ed \u00fakol\u016f spojen\u00fdch s opravou a rekonstrukc\u00ed infrastruktury po\u0161kozen\u00e9 v d\u016fsledku ud\u00e1lost\u00ed, kter\u00e9 maj\u00ed znaky p\u0159\u00edrodn\u00ed katastrofy.<\/li>\n<\/ol>\n<p>Sliby byly d\u00e1ny&nbsp;<strong>43 m\u00edstn\u00edch samospr\u00e1v (v\u010detn\u011b 5 okres\u016f a 38 obc\u00ed) za \u010d\u00e1stku ve v\u00fd\u0161i<\/strong><strong>&nbsp;v\u00edce ne\u017e 56 milion\u016f PLN.&nbsp;<\/strong>Jednotky mimo jin\u00e9 pl\u00e1nuj\u00ed vyu\u017e\u00edt v\u00fd\u0161e uveden\u00e9 finan\u010dn\u00ed prost\u0159edky na rekonstrukci, obnovu v\u00edce ne\u017e&nbsp;<strong>97 km&nbsp;<\/strong>silnice a&nbsp;<strong>25&nbsp;<\/strong>mosty a propustky.<\/p>\n<p>2. dotov\u00e1n\u00ed vlastn\u00edch \u00fakol\u016f obnovy ve\u0159ejn\u00e9 infrastruktury po\u0161kozen\u00e9 sesuvy p\u016fdy.<\/p>\n<p>Sm\u011bnky byly ud\u011bleny&nbsp;<strong>17 m\u00edstn\u00edch samospr\u00e1v (v\u010detn\u011b osmi okres\u016f a dev\u00edti obc\u00ed) ve v\u00fd\u0161i v\u00edce ne\u017e 20,5 milionu PLN.&nbsp;<\/strong>Tyto prost\u0159edky umo\u017en\u00ed financovat v\u0161echny \u00fakoly p\u0159edlo\u017een\u00e9 m\u00edstn\u00edmi org\u00e1ny. kter\u00e9 maj\u00ed b\u00fdt provedeny v leto\u0161n\u00edm roce, tj.&nbsp;<strong>14 dokumentace<\/strong>&nbsp;a proveden\u00ed&nbsp;<strong>12 vhodn\u00e9 bezpe\u010dnostn\u00ed pr\u00e1ce<\/strong><strong>sesuvy p\u016fdy.<\/strong><\/p>\n<p>Celkem v letech&nbsp;<strong>2016-2018<\/strong>&nbsp;Ministr vnitra a spr\u00e1vy na \u017e\u00e1dost podkarpatsk\u00e9ho hejtmana poskytl \u00fazemn\u00edm samospr\u00e1vn\u00fdm celk\u016fm \u00fa\u010delov\u00e9 dotace ze st\u00e1tn\u00edho rozpo\u010dtu na odstra\u0148ov\u00e1n\u00ed n\u00e1sledk\u016f \u017eiveln\u00edch pohrom a sesuv\u016f p\u016fdy v celkov\u00e9 v\u00fd\u0161i 1,5 milionu korun.&nbsp;<strong>v\u00edce ne\u017e 270<\/strong><strong>PLN na realizaci 970 \u00fakol\u016f.<\/strong><\/p>\n<p>V r\u00e1mci t\u011bchto opat\u0159en\u00ed zejm\u00e9na:<\/p>\n<ul>\n<li>renovovan\u00e9, p\u0159estav\u011bn\u00e9 nebo rekonstruovan\u00e9:<\/li>\n<li>nad&nbsp;<strong>673 km<\/strong>&nbsp;obecn\u00ed a okresn\u00ed silnice,<\/li>\n<li><strong>218<\/strong>&nbsp;propustky a mosty na obecn\u00edch a okresn\u00edch silnic\u00edch,<\/li>\n<li>byly poskytnuty finan\u010dn\u00ed prost\u0159edky na v\u00fdvoj&nbsp;<strong>55<\/strong>&nbsp;geologicko-in\u017een\u00fdrsk\u00e9 dokumentace a stavebn\u00edch projekt\u016f,<\/li>\n<li>Financov\u00e1no&nbsp;<strong>29<\/strong>&nbsp;vhodn\u00e9 pr\u00e1ce na zaji\u0161t\u011bn\u00ed oblast\u00ed ohro\u017een\u00fdch sesuvy p\u016fdy.<\/li>\n<\/ul>\n<p>&nbsp;<\/p>\n<\/div>\n<p><em>zdroj: Podkarpatsk\u00fd vojvodsk\u00fd \u00fa\u0159ad v Rzeszow\u011b<\/em><\/p>\n<\/div>\n\n\n<figure class=\"wp-block-image\"><img fetchpriority=\"high\" decoding=\"async\" width=\"1024\" height=\"719\" src=\"https:\/\/marekkuchcinski.pl\/wp-content\/uploads\/2019\/04\/kzyw-1024x719.jpg\" alt=\"\" class=\"wp-image-14980\" srcset=\"https:\/\/marekkuchcinski.pl\/wp-content\/uploads\/2019\/04\/kzyw-1024x719.jpg 1024w, https:\/\/marekkuchcinski.pl\/wp-content\/uploads\/2019\/04\/kzyw-300x211.jpg 300w, https:\/\/marekkuchcinski.pl\/wp-content\/uploads\/2019\/04\/kzyw-768x539.jpg 768w, https:\/\/marekkuchcinski.pl\/wp-content\/uploads\/2019\/04\/kzyw.jpg 2048w\" sizes=\"(max-width: 1024px) 100vw, 1024px\" \/><\/figure>","protected":false},"excerpt":{"rendered":"<p>Do podkarpackich samorz\u0105d\u00f3w trafi 77 mln z\u0142. Wiceminister spraw wewn\u0119trznych i administracji Jaros\u0142aw Zieli\u0144ski wr\u0119czy\u0142 w Rzeszowie promesy na realizacj\u0119 zada\u0144 z zakresu usuwania skutk\u00f3w kl\u0119sk \u017cywio\u0142owych oraz ruch\u00f3w osuwiskowych ziemi. \u2013 Wojew\u00f3dztwo podkarpackie otrzymuje prawie 77 mln z\u0142 \u2013 z czego 56 mln z\u0142 na odbudow\u0119 dr\u00f3g, przepust\u00f3w, most\u00f3w i ponad 20 mln z\u0142 [&hellip;]<\/p>","protected":false},"author":6,"featured_media":13488,"comment_status":"open","ping_status":"open","sticky":false,"template":"","format":"standard","meta":{"ngg_post_thumbnail":0,"footnotes":""},"categories":[104,49,82,3],"tags":[],"class_list":["post-13483","post","type-post","status-publish","format-standard","has-post-thumbnail","hentry","category-lms","category-podkarpacie","category-prawo-i-sprawiedliwosc","category-wydarzenia"],"yoast_head":"<!-- This site is optimized with the Yoast SEO plugin v24.7 - https:\/\/yoast.com\/wordpress\/plugins\/seo\/ -->\n<title>77 mln z\u0142 na usuwanie skutk\u00f3w kl\u0119sk \u017cywio\u0142owych i osuwisk na Podkarpaciu &#8211; Marek Kuchci\u0144ski<\/title>\n<meta name=\"robots\" content=\"index, follow, max-snippet:-1, max-image-preview:large, max-video-preview:-1\" \/>\n<link rel=\"canonical\" href=\"https:\/\/marekkuchcinski.pl\/cs\/prawo-i-sprawiedliwosc\/77-mln-zl-usuwanie-skutkow-klesk-zywiolowych-osuwisk-podkarpaciu\/\" \/>\n<meta property=\"og:locale\" content=\"cs_CZ\" \/>\n<meta property=\"og:type\" content=\"article\" \/>\n<meta property=\"og:title\" content=\"77 mln z\u0142 na usuwanie skutk\u00f3w kl\u0119sk \u017cywio\u0142owych i osuwisk na Podkarpaciu &#8211; Marek Kuchci\u0144ski\" \/>\n<meta property=\"og:description\" content=\"Do podkarpackich samorz\u0105d\u00f3w trafi 77 mln z\u0142. Wiceminister spraw wewn\u0119trznych i administracji Jaros\u0142aw Zieli\u0144ski wr\u0119czy\u0142 w Rzeszowie promesy na realizacj\u0119 zada\u0144 z zakresu usuwania skutk\u00f3w kl\u0119sk \u017cywio\u0142owych oraz ruch\u00f3w osuwiskowych ziemi. \u2013 Wojew\u00f3dztwo podkarpackie otrzymuje prawie 77 mln z\u0142 \u2013 z czego 56 mln z\u0142 na odbudow\u0119 dr\u00f3g, przepust\u00f3w, most\u00f3w i ponad 20 mln z\u0142 [&hellip;]\" \/>\n<meta property=\"og:url\" content=\"https:\/\/marekkuchcinski.pl\/cs\/prawo-i-sprawiedliwosc\/77-mln-zl-usuwanie-skutkow-klesk-zywiolowych-osuwisk-podkarpaciu\/\" \/>\n<meta property=\"og:site_name\" content=\"Marek Kuchci\u0144ski\" \/>\n<meta property=\"article:published_time\" content=\"2019-03-07T12:09:20+00:00\" \/>\n<meta property=\"article:modified_time\" content=\"2019-04-19T12:15:59+00:00\" \/>\n<meta property=\"og:image\" content=\"https:\/\/marekkuchcinski.pl\/wp-content\/uploads\/2019\/03\/kzyw.jpg\" \/>\n\t<meta property=\"og:image:width\" content=\"2048\" \/>\n\t<meta property=\"og:image:height\" content=\"1438\" \/>\n\t<meta property=\"og:image:type\" content=\"image\/jpeg\" \/>\n<meta name=\"author\" content=\"admin\" \/>\n<meta name=\"twitter:card\" content=\"summary_large_image\" \/>\n<meta name=\"twitter:label1\" content=\"Napsal(a)\" \/>\n\t<meta name=\"twitter:data1\" content=\"admin\" \/>\n\t<meta name=\"twitter:label2\" content=\"Odhadovan\u00e1 doba \u010dten\u00ed\" \/>\n\t<meta name=\"twitter:data2\" content=\"3 minuty\" \/>\n<script type=\"application\/ld+json\" class=\"yoast-schema-graph\">{\"@context\":\"https:\/\/schema.org\",\"@graph\":[{\"@type\":\"Article\",\"@id\":\"https:\/\/marekkuchcinski.pl\/prawo-i-sprawiedliwosc\/77-mln-zl-usuwanie-skutkow-klesk-zywiolowych-osuwisk-podkarpaciu\/#article\",\"isPartOf\":{\"@id\":\"https:\/\/marekkuchcinski.pl\/prawo-i-sprawiedliwosc\/77-mln-zl-usuwanie-skutkow-klesk-zywiolowych-osuwisk-podkarpaciu\/\"},\"author\":{\"name\":\"admin\",\"@id\":\"https:\/\/marekkuchcinski.pl\/#\/schema\/person\/6f62700996b4d950b6ea2d1183b6c6be\"},\"headline\":\"77 mln z\u0142 na usuwanie skutk\u00f3w kl\u0119sk \u017cywio\u0142owych i osuwisk na Podkarpaciu\",\"datePublished\":\"2019-03-07T12:09:20+00:00\",\"dateModified\":\"2019-04-19T12:15:59+00:00\",\"mainEntityOfPage\":{\"@id\":\"https:\/\/marekkuchcinski.pl\/prawo-i-sprawiedliwosc\/77-mln-zl-usuwanie-skutkow-klesk-zywiolowych-osuwisk-podkarpaciu\/\"},\"wordCount\":566,\"commentCount\":0,\"publisher\":{\"@id\":\"https:\/\/marekkuchcinski.pl\/#organization\"},\"image\":{\"@id\":\"https:\/\/marekkuchcinski.pl\/prawo-i-sprawiedliwosc\/77-mln-zl-usuwanie-skutkow-klesk-zywiolowych-osuwisk-podkarpaciu\/#primaryimage\"},\"thumbnailUrl\":\"https:\/\/marekkuchcinski.pl\/wp-content\/uploads\/2019\/03\/kzyw.jpg\",\"articleSection\":[\"Listy Marsza\u0142ka Sejmu\",\"Podkarpacie\",\"Prawo i Sprawiedliwo\u015b\u0107\",\"Wydarzenia\"],\"inLanguage\":\"cs\",\"potentialAction\":[{\"@type\":\"CommentAction\",\"name\":\"Comment\",\"target\":[\"https:\/\/marekkuchcinski.pl\/prawo-i-sprawiedliwosc\/77-mln-zl-usuwanie-skutkow-klesk-zywiolowych-osuwisk-podkarpaciu\/#respond\"]}]},{\"@type\":\"WebPage\",\"@id\":\"https:\/\/marekkuchcinski.pl\/prawo-i-sprawiedliwosc\/77-mln-zl-usuwanie-skutkow-klesk-zywiolowych-osuwisk-podkarpaciu\/\",\"url\":\"https:\/\/marekkuchcinski.pl\/prawo-i-sprawiedliwosc\/77-mln-zl-usuwanie-skutkow-klesk-zywiolowych-osuwisk-podkarpaciu\/\",\"name\":\"77 mln z\u0142 na usuwanie skutk\u00f3w kl\u0119sk \u017cywio\u0142owych i osuwisk na Podkarpaciu &#8211; Marek Kuchci\u0144ski\",\"isPartOf\":{\"@id\":\"https:\/\/marekkuchcinski.pl\/#website\"},\"primaryImageOfPage\":{\"@id\":\"https:\/\/marekkuchcinski.pl\/prawo-i-sprawiedliwosc\/77-mln-zl-usuwanie-skutkow-klesk-zywiolowych-osuwisk-podkarpaciu\/#primaryimage\"},\"image\":{\"@id\":\"https:\/\/marekkuchcinski.pl\/prawo-i-sprawiedliwosc\/77-mln-zl-usuwanie-skutkow-klesk-zywiolowych-osuwisk-podkarpaciu\/#primaryimage\"},\"thumbnailUrl\":\"https:\/\/marekkuchcinski.pl\/wp-content\/uploads\/2019\/03\/kzyw.jpg\",\"datePublished\":\"2019-03-07T12:09:20+00:00\",\"dateModified\":\"2019-04-19T12:15:59+00:00\",\"breadcrumb\":{\"@id\":\"https:\/\/marekkuchcinski.pl\/prawo-i-sprawiedliwosc\/77-mln-zl-usuwanie-skutkow-klesk-zywiolowych-osuwisk-podkarpaciu\/#breadcrumb\"},\"inLanguage\":\"cs\",\"potentialAction\":[{\"@type\":\"ReadAction\",\"target\":[\"https:\/\/marekkuchcinski.pl\/prawo-i-sprawiedliwosc\/77-mln-zl-usuwanie-skutkow-klesk-zywiolowych-osuwisk-podkarpaciu\/\"]}]},{\"@type\":\"ImageObject\",\"inLanguage\":\"cs\",\"@id\":\"https:\/\/marekkuchcinski.pl\/prawo-i-sprawiedliwosc\/77-mln-zl-usuwanie-skutkow-klesk-zywiolowych-osuwisk-podkarpaciu\/#primaryimage\",\"url\":\"https:\/\/marekkuchcinski.pl\/wp-content\/uploads\/2019\/03\/kzyw.jpg\",\"contentUrl\":\"https:\/\/marekkuchcinski.pl\/wp-content\/uploads\/2019\/03\/kzyw.jpg\",\"width\":2048,\"height\":1438},{\"@type\":\"BreadcrumbList\",\"@id\":\"https:\/\/marekkuchcinski.pl\/prawo-i-sprawiedliwosc\/77-mln-zl-usuwanie-skutkow-klesk-zywiolowych-osuwisk-podkarpaciu\/#breadcrumb\",\"itemListElement\":[{\"@type\":\"ListItem\",\"position\":1,\"name\":\"Strona g\u0142\u00f3wna\",\"item\":\"https:\/\/marekkuchcinski.pl\/\"},{\"@type\":\"ListItem\",\"position\":2,\"name\":\"77 mln z\u0142 na usuwanie skutk\u00f3w kl\u0119sk \u017cywio\u0142owych i osuwisk na Podkarpaciu\"}]},{\"@type\":\"WebSite\",\"@id\":\"https:\/\/marekkuchcinski.pl\/#website\",\"url\":\"https:\/\/marekkuchcinski.pl\/\",\"name\":\"Marek Kuchci\u0144ski\",\"description\":\"Pose\u0142 na sejm RP &ndash; okr\u0119g nr 22\",\"publisher\":{\"@id\":\"https:\/\/marekkuchcinski.pl\/#organization\"},\"potentialAction\":[{\"@type\":\"SearchAction\",\"target\":{\"@type\":\"EntryPoint\",\"urlTemplate\":\"https:\/\/marekkuchcinski.pl\/?s={search_term_string}\"},\"query-input\":{\"@type\":\"PropertyValueSpecification\",\"valueRequired\":true,\"valueName\":\"search_term_string\"}}],\"inLanguage\":\"cs\"},{\"@type\":\"Organization\",\"@id\":\"https:\/\/marekkuchcinski.pl\/#organization\",\"name\":\"Marek Kuchci\u0144ski\",\"url\":\"https:\/\/marekkuchcinski.pl\/\",\"logo\":{\"@type\":\"ImageObject\",\"inLanguage\":\"cs\",\"@id\":\"https:\/\/marekkuchcinski.pl\/#\/schema\/logo\/image\/\",\"url\":\"https:\/\/marekkuchcinski.pl\/wp-content\/uploads\/2022\/09\/Marek.jpg\",\"contentUrl\":\"https:\/\/marekkuchcinski.pl\/wp-content\/uploads\/2022\/09\/Marek.jpg\",\"width\":1600,\"height\":971,\"caption\":\"Marek Kuchci\u0144ski\"},\"image\":{\"@id\":\"https:\/\/marekkuchcinski.pl\/#\/schema\/logo\/image\/\"}},{\"@type\":\"Person\",\"@id\":\"https:\/\/marekkuchcinski.pl\/#\/schema\/person\/6f62700996b4d950b6ea2d1183b6c6be\",\"name\":\"admin\",\"image\":{\"@type\":\"ImageObject\",\"inLanguage\":\"cs\",\"@id\":\"https:\/\/marekkuchcinski.pl\/#\/schema\/person\/image\/\",\"url\":\"https:\/\/secure.gravatar.com\/avatar\/4bab693b9d55c3d6b52c0296a8765085?s=96&d=mm&r=g\",\"contentUrl\":\"https:\/\/secure.gravatar.com\/avatar\/4bab693b9d55c3d6b52c0296a8765085?s=96&d=mm&r=g\",\"caption\":\"admin\"},\"url\":\"https:\/\/marekkuchcinski.pl\/cs\/author\/marta-olejnik\/\"}]}<\/script>\n<!-- \/ Yoast SEO plugin. -->","yoast_head_json":{"title":"77 mln z\u0142 na usuwanie skutk\u00f3w kl\u0119sk \u017cywio\u0142owych i osuwisk na Podkarpaciu &#8211; Marek Kuchci\u0144ski","robots":{"index":"index","follow":"follow","max-snippet":"max-snippet:-1","max-image-preview":"max-image-preview:large","max-video-preview":"max-video-preview:-1"},"canonical":"https:\/\/marekkuchcinski.pl\/cs\/prawo-i-sprawiedliwosc\/77-mln-zl-usuwanie-skutkow-klesk-zywiolowych-osuwisk-podkarpaciu\/","og_locale":"cs_CZ","og_type":"article","og_title":"77 mln z\u0142 na usuwanie skutk\u00f3w kl\u0119sk \u017cywio\u0142owych i osuwisk na Podkarpaciu &#8211; Marek Kuchci\u0144ski","og_description":"Do podkarpackich samorz\u0105d\u00f3w trafi 77 mln z\u0142. Wiceminister spraw wewn\u0119trznych i administracji Jaros\u0142aw Zieli\u0144ski wr\u0119czy\u0142 w Rzeszowie promesy na realizacj\u0119 zada\u0144 z zakresu usuwania skutk\u00f3w kl\u0119sk \u017cywio\u0142owych oraz ruch\u00f3w osuwiskowych ziemi. \u2013 Wojew\u00f3dztwo podkarpackie otrzymuje prawie 77 mln z\u0142 \u2013 z czego 56 mln z\u0142 na odbudow\u0119 dr\u00f3g, przepust\u00f3w, most\u00f3w i ponad 20 mln z\u0142 [&hellip;]","og_url":"https:\/\/marekkuchcinski.pl\/cs\/prawo-i-sprawiedliwosc\/77-mln-zl-usuwanie-skutkow-klesk-zywiolowych-osuwisk-podkarpaciu\/","og_site_name":"Marek Kuchci\u0144ski","article_published_time":"2019-03-07T12:09:20+00:00","article_modified_time":"2019-04-19T12:15:59+00:00","og_image":[{"width":2048,"height":1438,"url":"https:\/\/marekkuchcinski.pl\/wp-content\/uploads\/2019\/03\/kzyw.jpg","type":"image\/jpeg"}],"author":"admin","twitter_card":"summary_large_image","twitter_misc":{"Napsal(a)":"admin","Odhadovan\u00e1 doba \u010dten\u00ed":"3 minuty"},"schema":{"@context":"https:\/\/schema.org","@graph":[{"@type":"Article","@id":"https:\/\/marekkuchcinski.pl\/prawo-i-sprawiedliwosc\/77-mln-zl-usuwanie-skutkow-klesk-zywiolowych-osuwisk-podkarpaciu\/#article","isPartOf":{"@id":"https:\/\/marekkuchcinski.pl\/prawo-i-sprawiedliwosc\/77-mln-zl-usuwanie-skutkow-klesk-zywiolowych-osuwisk-podkarpaciu\/"},"author":{"name":"admin","@id":"https:\/\/marekkuchcinski.pl\/#\/schema\/person\/6f62700996b4d950b6ea2d1183b6c6be"},"headline":"77 mln z\u0142 na usuwanie skutk\u00f3w kl\u0119sk \u017cywio\u0142owych i osuwisk na Podkarpaciu","datePublished":"2019-03-07T12:09:20+00:00","dateModified":"2019-04-19T12:15:59+00:00","mainEntityOfPage":{"@id":"https:\/\/marekkuchcinski.pl\/prawo-i-sprawiedliwosc\/77-mln-zl-usuwanie-skutkow-klesk-zywiolowych-osuwisk-podkarpaciu\/"},"wordCount":566,"commentCount":0,"publisher":{"@id":"https:\/\/marekkuchcinski.pl\/#organization"},"image":{"@id":"https:\/\/marekkuchcinski.pl\/prawo-i-sprawiedliwosc\/77-mln-zl-usuwanie-skutkow-klesk-zywiolowych-osuwisk-podkarpaciu\/#primaryimage"},"thumbnailUrl":"https:\/\/marekkuchcinski.pl\/wp-content\/uploads\/2019\/03\/kzyw.jpg","articleSection":["Listy Marsza\u0142ka Sejmu","Podkarpacie","Prawo i Sprawiedliwo\u015b\u0107","Wydarzenia"],"inLanguage":"cs","potentialAction":[{"@type":"CommentAction","name":"Comment","target":["https:\/\/marekkuchcinski.pl\/prawo-i-sprawiedliwosc\/77-mln-zl-usuwanie-skutkow-klesk-zywiolowych-osuwisk-podkarpaciu\/#respond"]}]},{"@type":"WebPage","@id":"https:\/\/marekkuchcinski.pl\/prawo-i-sprawiedliwosc\/77-mln-zl-usuwanie-skutkow-klesk-zywiolowych-osuwisk-podkarpaciu\/","url":"https:\/\/marekkuchcinski.pl\/prawo-i-sprawiedliwosc\/77-mln-zl-usuwanie-skutkow-klesk-zywiolowych-osuwisk-podkarpaciu\/","name":"77 mln z\u0142 na usuwanie skutk\u00f3w kl\u0119sk \u017cywio\u0142owych i osuwisk na Podkarpaciu &#8211; Marek Kuchci\u0144ski","isPartOf":{"@id":"https:\/\/marekkuchcinski.pl\/#website"},"primaryImageOfPage":{"@id":"https:\/\/marekkuchcinski.pl\/prawo-i-sprawiedliwosc\/77-mln-zl-usuwanie-skutkow-klesk-zywiolowych-osuwisk-podkarpaciu\/#primaryimage"},"image":{"@id":"https:\/\/marekkuchcinski.pl\/prawo-i-sprawiedliwosc\/77-mln-zl-usuwanie-skutkow-klesk-zywiolowych-osuwisk-podkarpaciu\/#primaryimage"},"thumbnailUrl":"https:\/\/marekkuchcinski.pl\/wp-content\/uploads\/2019\/03\/kzyw.jpg","datePublished":"2019-03-07T12:09:20+00:00","dateModified":"2019-04-19T12:15:59+00:00","breadcrumb":{"@id":"https:\/\/marekkuchcinski.pl\/prawo-i-sprawiedliwosc\/77-mln-zl-usuwanie-skutkow-klesk-zywiolowych-osuwisk-podkarpaciu\/#breadcrumb"},"inLanguage":"cs","potentialAction":[{"@type":"ReadAction","target":["https:\/\/marekkuchcinski.pl\/prawo-i-sprawiedliwosc\/77-mln-zl-usuwanie-skutkow-klesk-zywiolowych-osuwisk-podkarpaciu\/"]}]},{"@type":"ImageObject","inLanguage":"cs","@id":"https:\/\/marekkuchcinski.pl\/prawo-i-sprawiedliwosc\/77-mln-zl-usuwanie-skutkow-klesk-zywiolowych-osuwisk-podkarpaciu\/#primaryimage","url":"https:\/\/marekkuchcinski.pl\/wp-content\/uploads\/2019\/03\/kzyw.jpg","contentUrl":"https:\/\/marekkuchcinski.pl\/wp-content\/uploads\/2019\/03\/kzyw.jpg","width":2048,"height":1438},{"@type":"BreadcrumbList","@id":"https:\/\/marekkuchcinski.pl\/prawo-i-sprawiedliwosc\/77-mln-zl-usuwanie-skutkow-klesk-zywiolowych-osuwisk-podkarpaciu\/#breadcrumb","itemListElement":[{"@type":"ListItem","position":1,"name":"Strona g\u0142\u00f3wna","item":"https:\/\/marekkuchcinski.pl\/"},{"@type":"ListItem","position":2,"name":"77 mln z\u0142 na usuwanie skutk\u00f3w kl\u0119sk \u017cywio\u0142owych i osuwisk na Podkarpaciu"}]},{"@type":"WebSite","@id":"https:\/\/marekkuchcinski.pl\/#website","url":"https:\/\/marekkuchcinski.pl\/","name":"Marek Kuchci\u0144ski","description":"Pose\u0142 na sejm RP &ndash; okr\u0119g nr 22","publisher":{"@id":"https:\/\/marekkuchcinski.pl\/#organization"},"potentialAction":[{"@type":"SearchAction","target":{"@type":"EntryPoint","urlTemplate":"https:\/\/marekkuchcinski.pl\/?s={search_term_string}"},"query-input":{"@type":"PropertyValueSpecification","valueRequired":true,"valueName":"search_term_string"}}],"inLanguage":"cs"},{"@type":"Organization","@id":"https:\/\/marekkuchcinski.pl\/#organization","name":"Marek Kuchci\u0144ski","url":"https:\/\/marekkuchcinski.pl\/","logo":{"@type":"ImageObject","inLanguage":"cs","@id":"https:\/\/marekkuchcinski.pl\/#\/schema\/logo\/image\/","url":"https:\/\/marekkuchcinski.pl\/wp-content\/uploads\/2022\/09\/Marek.jpg","contentUrl":"https:\/\/marekkuchcinski.pl\/wp-content\/uploads\/2022\/09\/Marek.jpg","width":1600,"height":971,"caption":"Marek Kuchci\u0144ski"},"image":{"@id":"https:\/\/marekkuchcinski.pl\/#\/schema\/logo\/image\/"}},{"@type":"Person","@id":"https:\/\/marekkuchcinski.pl\/#\/schema\/person\/6f62700996b4d950b6ea2d1183b6c6be","name":"admin","image":{"@type":"ImageObject","inLanguage":"cs","@id":"https:\/\/marekkuchcinski.pl\/#\/schema\/person\/image\/","url":"https:\/\/secure.gravatar.com\/avatar\/4bab693b9d55c3d6b52c0296a8765085?s=96&d=mm&r=g","contentUrl":"https:\/\/secure.gravatar.com\/avatar\/4bab693b9d55c3d6b52c0296a8765085?s=96&d=mm&r=g","caption":"admin"},"url":"https:\/\/marekkuchcinski.pl\/cs\/author\/marta-olejnik\/"}]}},"_links":{"self":[{"href":"https:\/\/marekkuchcinski.pl\/cs\/wp-json\/wp\/v2\/posts\/13483","targetHints":{"allow":["GET"]}}],"collection":[{"href":"https:\/\/marekkuchcinski.pl\/cs\/wp-json\/wp\/v2\/posts"}],"about":[{"href":"https:\/\/marekkuchcinski.pl\/cs\/wp-json\/wp\/v2\/types\/post"}],"author":[{"embeddable":true,"href":"https:\/\/marekkuchcinski.pl\/cs\/wp-json\/wp\/v2\/users\/6"}],"replies":[{"embeddable":true,"href":"https:\/\/marekkuchcinski.pl\/cs\/wp-json\/wp\/v2\/comments?post=13483"}],"version-history":[{"count":4,"href":"https:\/\/marekkuchcinski.pl\/cs\/wp-json\/wp\/v2\/posts\/13483\/revisions"}],"predecessor-version":[{"id":14981,"href":"https:\/\/marekkuchcinski.pl\/cs\/wp-json\/wp\/v2\/posts\/13483\/revisions\/14981"}],"wp:featuredmedia":[{"embeddable":true,"href":"https:\/\/marekkuchcinski.pl\/cs\/wp-json\/wp\/v2\/media\/13488"}],"wp:attachment":[{"href":"https:\/\/marekkuchcinski.pl\/cs\/wp-json\/wp\/v2\/media?parent=13483"}],"wp:term":[{"taxonomy":"category","embeddable":true,"href":"https:\/\/marekkuchcinski.pl\/cs\/wp-json\/wp\/v2\/categories?post=13483"},{"taxonomy":"post_tag","embeddable":true,"href":"https:\/\/marekkuchcinski.pl\/cs\/wp-json\/wp\/v2\/tags?post=13483"}],"curies":[{"name":"wp","href":"https:\/\/api.w.org\/{rel}","templated":true}]}}