{"id":13481,"date":"2019-03-05T19:00:13","date_gmt":"2019-03-05T18:00:13","guid":{"rendered":"https:\/\/marekkuchcinski.pl\/?p=13481"},"modified":"2019-03-05T13:59:21","modified_gmt":"2019-03-05T12:59:21","slug":"rocznicowa-msza-swieta-katynska","status":"publish","type":"post","link":"https:\/\/marekkuchcinski.pl\/cs\/bez-kategorii\/lms\/rocznicowa-msza-swieta-katynska\/","title":{"rendered":"M\u0161e k v\u00fdro\u010d\u00ed Katyn\u011b"},"content":{"rendered":"<p><strong>Pan <\/strong><\/p>\n<p><strong>Andrzej Melak<\/strong><\/p>\n<p><strong>Poslanec polsk\u00e9ho parlamentu<\/strong><\/p>\n<p><strong>\u00a0<\/strong><\/p>\n<p><strong>\u00a0\u00a0\u00a0\u00a0\u00a0\u00a0\u00a0\u00a0\u00a0\u00a0\u00a0 <\/strong>V\u00e1\u017een\u00fd pane poslan\u010de,<\/p>\n<p>&nbsp;<\/p>\n<p>Bazilika Svat\u00e9ho K\u0159\u00ed\u017ee ve Var\u0161av\u011b se stala m\u00edstem, kter\u00e9 uti\u0161uje bolest a utrpen\u00ed polsk\u00fdch rodin, je\u017e ztratily sv\u00e9 bl\u00edzk\u00e9 ve vzd\u00e1len\u00e9 ciz\u00ed zemi. Komunistick\u00e9 \u00fa\u0159ady dlouh\u00e1 desetilet\u00ed pop\u00edraly pravdu a nedovolily ani d\u016fstojn\u00e9 rozlou\u010den\u00ed. V masov\u00fdch hrobech v Katyni, Charkov\u011b, Tveru, Mednoje, Bykovni, Kuropatech a na dal\u0161\u00edch dosud nezn\u00e1m\u00fdch m\u00edstech odpo\u010d\u00edvaj\u00ed ti, kte\u0159\u00ed sv\u00fdmi znalostmi nebo vojenskou oddanost\u00ed slou\u017eili sv\u00e9 vlasti. Jejich smrt byla sou\u010d\u00e1st\u00ed sov\u011btsk\u00e9ho pl\u00e1nu na vyhlazen\u00ed intelektu\u00e1ln\u00ed elity Polsk\u00e9 republiky, na zni\u010den\u00ed polsk\u00e9ho n\u00e1roda.<\/p>\n<p>Stejn\u011b bolestn\u00e1 jako tento zlo\u010din byla i katy\u0148sk\u00e1 le\u017e. Rodiny l\u00e9ta bojovaly za pravdu, ani\u017e by se nechaly zastra\u0161it bezpe\u010dnostn\u00edm apar\u00e1tem. Jejich odvaha a odhodl\u00e1n\u00ed, diktovan\u00e9 l\u00e1skou k bl\u00edzk\u00fdm a \u00factou k vlasti, v\u0161t\u00edpily Pol\u00e1k\u016fm do obecn\u00e9ho pov\u011bdom\u00ed historick\u00e9 znalosti. V zemi a p\u0159edev\u0161\u00edm na m\u00edstech vyhlazen\u00ed nechali postavit pam\u00e1tn\u00edky.<\/p>\n<p>Zavra\u017ed\u011bn\u00fdm v katy\u0148sk\u00fdch les\u00edch dlu\u017e\u00edme \u00factu a nesmazatelnou pam\u00e1tku. Dlu\u017e\u00edme jim tak\u00e9 pravdu o genocid\u011b.<\/p>\n<p>P\u0159ipojuji se ke shrom\u00e1\u017ed\u011bn\u00ed v modlitb\u011b a skl\u00e1n\u00edm se p\u0159ed ob\u011b\u0165mi sov\u011btsk\u00e9ho syst\u00e9mu.<\/p>\n<p>&nbsp;<\/p>\n<p>Marek Kuchci\u0144ski<\/p>","protected":false},"excerpt":{"rendered":"<p>Pan Andrzej Melak Pose\u0142 na Sejm RP \u00a0 \u00a0\u00a0\u00a0\u00a0\u00a0\u00a0\u00a0\u00a0\u00a0\u00a0\u00a0 Szanowny Panie Po\u015ble, &nbsp; Bazylika \u015aw. Krzy\u017ca w Warszawie sta\u0142a si\u0119 miejscem ukojenia b\u00f3lu i cierpienia polskich rodzin, kt\u00f3re na dalekiej, obcej ziemi stracili swoich najbli\u017cszych. Przez d\u0142ugie dekady komunistyczne w\u0142adze odmawia\u0142y prawdy, nie pozwala\u0142y r\u00f3wnie\u017c na godne po\u017cegnanie. W\u00a0zbiorowych mogi\u0142ach Katynia, Charkowa, Tweru, Miednoje, Bykowni, [&hellip;]<\/p>","protected":false},"author":6,"featured_media":0,"comment_status":"open","ping_status":"open","sticky":false,"template":"","format":"standard","meta":{"ngg_post_thumbnail":0,"footnotes":""},"categories":[104],"tags":[],"class_list":["post-13481","post","type-post","status-publish","format-standard","hentry","category-lms"],"yoast_head":"<!-- This site is optimized with the Yoast SEO plugin v24.7 - https:\/\/yoast.com\/wordpress\/plugins\/seo\/ -->\n<title>Rocznicowa Msza \u015awi\u0119ta Katy\u0144ska &#8211; Marek Kuchci\u0144ski<\/title>\n<meta name=\"robots\" content=\"index, follow, max-snippet:-1, max-image-preview:large, max-video-preview:-1\" \/>\n<link rel=\"canonical\" href=\"https:\/\/marekkuchcinski.pl\/cs\/bez-kategorii\/lms\/rocznicowa-msza-swieta-katynska\/\" \/>\n<meta property=\"og:locale\" content=\"cs_CZ\" \/>\n<meta property=\"og:type\" content=\"article\" \/>\n<meta property=\"og:title\" content=\"Rocznicowa Msza \u015awi\u0119ta Katy\u0144ska &#8211; Marek Kuchci\u0144ski\" \/>\n<meta property=\"og:description\" content=\"Pan Andrzej Melak Pose\u0142 na Sejm RP \u00a0 \u00a0\u00a0\u00a0\u00a0\u00a0\u00a0\u00a0\u00a0\u00a0\u00a0\u00a0 Szanowny Panie Po\u015ble, &nbsp; Bazylika \u015aw. Krzy\u017ca w Warszawie sta\u0142a si\u0119 miejscem ukojenia b\u00f3lu i cierpienia polskich rodzin, kt\u00f3re na dalekiej, obcej ziemi stracili swoich najbli\u017cszych. Przez d\u0142ugie dekady komunistyczne w\u0142adze odmawia\u0142y prawdy, nie pozwala\u0142y r\u00f3wnie\u017c na godne po\u017cegnanie. W\u00a0zbiorowych mogi\u0142ach Katynia, Charkowa, Tweru, Miednoje, Bykowni, [&hellip;]\" \/>\n<meta property=\"og:url\" content=\"https:\/\/marekkuchcinski.pl\/cs\/bez-kategorii\/lms\/rocznicowa-msza-swieta-katynska\/\" \/>\n<meta property=\"og:site_name\" content=\"Marek Kuchci\u0144ski\" \/>\n<meta property=\"article:published_time\" content=\"2019-03-05T18:00:13+00:00\" \/>\n<meta property=\"og:image\" content=\"https:\/\/marekkuchcinski.pl\/wp-content\/uploads\/2022\/09\/Marek.jpg\" \/>\n\t<meta property=\"og:image:width\" content=\"1600\" \/>\n\t<meta property=\"og:image:height\" content=\"971\" \/>\n\t<meta property=\"og:image:type\" content=\"image\/jpeg\" \/>\n<meta name=\"author\" content=\"admin\" \/>\n<meta name=\"twitter:card\" content=\"summary_large_image\" \/>\n<meta name=\"twitter:label1\" content=\"Napsal(a)\" \/>\n\t<meta name=\"twitter:data1\" content=\"admin\" \/>\n\t<meta name=\"twitter:label2\" content=\"Odhadovan\u00e1 doba \u010dten\u00ed\" \/>\n\t<meta name=\"twitter:data2\" content=\"1 minuta\" \/>\n<script type=\"application\/ld+json\" class=\"yoast-schema-graph\">{\"@context\":\"https:\/\/schema.org\",\"@graph\":[{\"@type\":\"Article\",\"@id\":\"https:\/\/marekkuchcinski.pl\/hu\/bez-kategorii\/lms\/rocznicowa-msza-swieta-katynska\/#article\",\"isPartOf\":{\"@id\":\"https:\/\/marekkuchcinski.pl\/hu\/bez-kategorii\/lms\/rocznicowa-msza-swieta-katynska\/\"},\"author\":{\"name\":\"admin\",\"@id\":\"https:\/\/marekkuchcinski.pl\/#\/schema\/person\/6f62700996b4d950b6ea2d1183b6c6be\"},\"headline\":\"Rocznicowa Msza \u015awi\u0119ta Katy\u0144ska\",\"datePublished\":\"2019-03-05T18:00:13+00:00\",\"mainEntityOfPage\":{\"@id\":\"https:\/\/marekkuchcinski.pl\/hu\/bez-kategorii\/lms\/rocznicowa-msza-swieta-katynska\/\"},\"wordCount\":223,\"commentCount\":0,\"publisher\":{\"@id\":\"https:\/\/marekkuchcinski.pl\/#organization\"},\"articleSection\":[\"Listy Marsza\u0142ka Sejmu\"],\"inLanguage\":\"cs\",\"potentialAction\":[{\"@type\":\"CommentAction\",\"name\":\"Comment\",\"target\":[\"https:\/\/marekkuchcinski.pl\/hu\/bez-kategorii\/lms\/rocznicowa-msza-swieta-katynska\/#respond\"]}]},{\"@type\":\"WebPage\",\"@id\":\"https:\/\/marekkuchcinski.pl\/hu\/bez-kategorii\/lms\/rocznicowa-msza-swieta-katynska\/\",\"url\":\"https:\/\/marekkuchcinski.pl\/hu\/bez-kategorii\/lms\/rocznicowa-msza-swieta-katynska\/\",\"name\":\"Rocznicowa Msza \u015awi\u0119ta Katy\u0144ska &#8211; Marek Kuchci\u0144ski\",\"isPartOf\":{\"@id\":\"https:\/\/marekkuchcinski.pl\/#website\"},\"datePublished\":\"2019-03-05T18:00:13+00:00\",\"breadcrumb\":{\"@id\":\"https:\/\/marekkuchcinski.pl\/hu\/bez-kategorii\/lms\/rocznicowa-msza-swieta-katynska\/#breadcrumb\"},\"inLanguage\":\"cs\",\"potentialAction\":[{\"@type\":\"ReadAction\",\"target\":[\"https:\/\/marekkuchcinski.pl\/hu\/bez-kategorii\/lms\/rocznicowa-msza-swieta-katynska\/\"]}]},{\"@type\":\"BreadcrumbList\",\"@id\":\"https:\/\/marekkuchcinski.pl\/hu\/bez-kategorii\/lms\/rocznicowa-msza-swieta-katynska\/#breadcrumb\",\"itemListElement\":[{\"@type\":\"ListItem\",\"position\":1,\"name\":\"Strona g\u0142\u00f3wna\",\"item\":\"https:\/\/marekkuchcinski.pl\/\"},{\"@type\":\"ListItem\",\"position\":2,\"name\":\"Rocznicowa Msza \u015awi\u0119ta Katy\u0144ska\"}]},{\"@type\":\"WebSite\",\"@id\":\"https:\/\/marekkuchcinski.pl\/#website\",\"url\":\"https:\/\/marekkuchcinski.pl\/\",\"name\":\"Marek Kuchci\u0144ski\",\"description\":\"Pose\u0142 na sejm RP &ndash; okr\u0119g nr 22\",\"publisher\":{\"@id\":\"https:\/\/marekkuchcinski.pl\/#organization\"},\"potentialAction\":[{\"@type\":\"SearchAction\",\"target\":{\"@type\":\"EntryPoint\",\"urlTemplate\":\"https:\/\/marekkuchcinski.pl\/?s={search_term_string}\"},\"query-input\":{\"@type\":\"PropertyValueSpecification\",\"valueRequired\":true,\"valueName\":\"search_term_string\"}}],\"inLanguage\":\"cs\"},{\"@type\":\"Organization\",\"@id\":\"https:\/\/marekkuchcinski.pl\/#organization\",\"name\":\"Marek Kuchci\u0144ski\",\"url\":\"https:\/\/marekkuchcinski.pl\/\",\"logo\":{\"@type\":\"ImageObject\",\"inLanguage\":\"cs\",\"@id\":\"https:\/\/marekkuchcinski.pl\/#\/schema\/logo\/image\/\",\"url\":\"https:\/\/marekkuchcinski.pl\/wp-content\/uploads\/2022\/09\/Marek.jpg\",\"contentUrl\":\"https:\/\/marekkuchcinski.pl\/wp-content\/uploads\/2022\/09\/Marek.jpg\",\"width\":1600,\"height\":971,\"caption\":\"Marek Kuchci\u0144ski\"},\"image\":{\"@id\":\"https:\/\/marekkuchcinski.pl\/#\/schema\/logo\/image\/\"}},{\"@type\":\"Person\",\"@id\":\"https:\/\/marekkuchcinski.pl\/#\/schema\/person\/6f62700996b4d950b6ea2d1183b6c6be\",\"name\":\"admin\",\"image\":{\"@type\":\"ImageObject\",\"inLanguage\":\"cs\",\"@id\":\"https:\/\/marekkuchcinski.pl\/#\/schema\/person\/image\/\",\"url\":\"https:\/\/secure.gravatar.com\/avatar\/4bab693b9d55c3d6b52c0296a8765085?s=96&d=mm&r=g\",\"contentUrl\":\"https:\/\/secure.gravatar.com\/avatar\/4bab693b9d55c3d6b52c0296a8765085?s=96&d=mm&r=g\",\"caption\":\"admin\"},\"url\":\"https:\/\/marekkuchcinski.pl\/cs\/author\/marta-olejnik\/\"}]}<\/script>\n<!-- \/ Yoast SEO plugin. -->","yoast_head_json":{"title":"Rocznicowa Msza \u015awi\u0119ta Katy\u0144ska &#8211; Marek Kuchci\u0144ski","robots":{"index":"index","follow":"follow","max-snippet":"max-snippet:-1","max-image-preview":"max-image-preview:large","max-video-preview":"max-video-preview:-1"},"canonical":"https:\/\/marekkuchcinski.pl\/cs\/bez-kategorii\/lms\/rocznicowa-msza-swieta-katynska\/","og_locale":"cs_CZ","og_type":"article","og_title":"Rocznicowa Msza \u015awi\u0119ta Katy\u0144ska &#8211; Marek Kuchci\u0144ski","og_description":"Pan Andrzej Melak Pose\u0142 na Sejm RP \u00a0 \u00a0\u00a0\u00a0\u00a0\u00a0\u00a0\u00a0\u00a0\u00a0\u00a0\u00a0 Szanowny Panie Po\u015ble, &nbsp; Bazylika \u015aw. Krzy\u017ca w Warszawie sta\u0142a si\u0119 miejscem ukojenia b\u00f3lu i cierpienia polskich rodzin, kt\u00f3re na dalekiej, obcej ziemi stracili swoich najbli\u017cszych. Przez d\u0142ugie dekady komunistyczne w\u0142adze odmawia\u0142y prawdy, nie pozwala\u0142y r\u00f3wnie\u017c na godne po\u017cegnanie. W\u00a0zbiorowych mogi\u0142ach Katynia, Charkowa, Tweru, Miednoje, Bykowni, [&hellip;]","og_url":"https:\/\/marekkuchcinski.pl\/cs\/bez-kategorii\/lms\/rocznicowa-msza-swieta-katynska\/","og_site_name":"Marek Kuchci\u0144ski","article_published_time":"2019-03-05T18:00:13+00:00","og_image":[{"width":1600,"height":971,"url":"https:\/\/marekkuchcinski.pl\/wp-content\/uploads\/2022\/09\/Marek.jpg","type":"image\/jpeg"}],"author":"admin","twitter_card":"summary_large_image","twitter_misc":{"Napsal(a)":"admin","Odhadovan\u00e1 doba \u010dten\u00ed":"1 minuta"},"schema":{"@context":"https:\/\/schema.org","@graph":[{"@type":"Article","@id":"https:\/\/marekkuchcinski.pl\/hu\/bez-kategorii\/lms\/rocznicowa-msza-swieta-katynska\/#article","isPartOf":{"@id":"https:\/\/marekkuchcinski.pl\/hu\/bez-kategorii\/lms\/rocznicowa-msza-swieta-katynska\/"},"author":{"name":"admin","@id":"https:\/\/marekkuchcinski.pl\/#\/schema\/person\/6f62700996b4d950b6ea2d1183b6c6be"},"headline":"Rocznicowa Msza \u015awi\u0119ta Katy\u0144ska","datePublished":"2019-03-05T18:00:13+00:00","mainEntityOfPage":{"@id":"https:\/\/marekkuchcinski.pl\/hu\/bez-kategorii\/lms\/rocznicowa-msza-swieta-katynska\/"},"wordCount":223,"commentCount":0,"publisher":{"@id":"https:\/\/marekkuchcinski.pl\/#organization"},"articleSection":["Listy Marsza\u0142ka Sejmu"],"inLanguage":"cs","potentialAction":[{"@type":"CommentAction","name":"Comment","target":["https:\/\/marekkuchcinski.pl\/hu\/bez-kategorii\/lms\/rocznicowa-msza-swieta-katynska\/#respond"]}]},{"@type":"WebPage","@id":"https:\/\/marekkuchcinski.pl\/hu\/bez-kategorii\/lms\/rocznicowa-msza-swieta-katynska\/","url":"https:\/\/marekkuchcinski.pl\/hu\/bez-kategorii\/lms\/rocznicowa-msza-swieta-katynska\/","name":"Rocznicowa Msza \u015awi\u0119ta Katy\u0144ska &#8211; Marek Kuchci\u0144ski","isPartOf":{"@id":"https:\/\/marekkuchcinski.pl\/#website"},"datePublished":"2019-03-05T18:00:13+00:00","breadcrumb":{"@id":"https:\/\/marekkuchcinski.pl\/hu\/bez-kategorii\/lms\/rocznicowa-msza-swieta-katynska\/#breadcrumb"},"inLanguage":"cs","potentialAction":[{"@type":"ReadAction","target":["https:\/\/marekkuchcinski.pl\/hu\/bez-kategorii\/lms\/rocznicowa-msza-swieta-katynska\/"]}]},{"@type":"BreadcrumbList","@id":"https:\/\/marekkuchcinski.pl\/hu\/bez-kategorii\/lms\/rocznicowa-msza-swieta-katynska\/#breadcrumb","itemListElement":[{"@type":"ListItem","position":1,"name":"Strona g\u0142\u00f3wna","item":"https:\/\/marekkuchcinski.pl\/"},{"@type":"ListItem","position":2,"name":"Rocznicowa Msza \u015awi\u0119ta Katy\u0144ska"}]},{"@type":"WebSite","@id":"https:\/\/marekkuchcinski.pl\/#website","url":"https:\/\/marekkuchcinski.pl\/","name":"Marek Kuchci\u0144ski","description":"Pose\u0142 na sejm RP &ndash; okr\u0119g nr 22","publisher":{"@id":"https:\/\/marekkuchcinski.pl\/#organization"},"potentialAction":[{"@type":"SearchAction","target":{"@type":"EntryPoint","urlTemplate":"https:\/\/marekkuchcinski.pl\/?s={search_term_string}"},"query-input":{"@type":"PropertyValueSpecification","valueRequired":true,"valueName":"search_term_string"}}],"inLanguage":"cs"},{"@type":"Organization","@id":"https:\/\/marekkuchcinski.pl\/#organization","name":"Marek Kuchci\u0144ski","url":"https:\/\/marekkuchcinski.pl\/","logo":{"@type":"ImageObject","inLanguage":"cs","@id":"https:\/\/marekkuchcinski.pl\/#\/schema\/logo\/image\/","url":"https:\/\/marekkuchcinski.pl\/wp-content\/uploads\/2022\/09\/Marek.jpg","contentUrl":"https:\/\/marekkuchcinski.pl\/wp-content\/uploads\/2022\/09\/Marek.jpg","width":1600,"height":971,"caption":"Marek Kuchci\u0144ski"},"image":{"@id":"https:\/\/marekkuchcinski.pl\/#\/schema\/logo\/image\/"}},{"@type":"Person","@id":"https:\/\/marekkuchcinski.pl\/#\/schema\/person\/6f62700996b4d950b6ea2d1183b6c6be","name":"admin","image":{"@type":"ImageObject","inLanguage":"cs","@id":"https:\/\/marekkuchcinski.pl\/#\/schema\/person\/image\/","url":"https:\/\/secure.gravatar.com\/avatar\/4bab693b9d55c3d6b52c0296a8765085?s=96&d=mm&r=g","contentUrl":"https:\/\/secure.gravatar.com\/avatar\/4bab693b9d55c3d6b52c0296a8765085?s=96&d=mm&r=g","caption":"admin"},"url":"https:\/\/marekkuchcinski.pl\/cs\/author\/marta-olejnik\/"}]}},"_links":{"self":[{"href":"https:\/\/marekkuchcinski.pl\/cs\/wp-json\/wp\/v2\/posts\/13481","targetHints":{"allow":["GET"]}}],"collection":[{"href":"https:\/\/marekkuchcinski.pl\/cs\/wp-json\/wp\/v2\/posts"}],"about":[{"href":"https:\/\/marekkuchcinski.pl\/cs\/wp-json\/wp\/v2\/types\/post"}],"author":[{"embeddable":true,"href":"https:\/\/marekkuchcinski.pl\/cs\/wp-json\/wp\/v2\/users\/6"}],"replies":[{"embeddable":true,"href":"https:\/\/marekkuchcinski.pl\/cs\/wp-json\/wp\/v2\/comments?post=13481"}],"version-history":[{"count":1,"href":"https:\/\/marekkuchcinski.pl\/cs\/wp-json\/wp\/v2\/posts\/13481\/revisions"}],"predecessor-version":[{"id":13482,"href":"https:\/\/marekkuchcinski.pl\/cs\/wp-json\/wp\/v2\/posts\/13481\/revisions\/13482"}],"wp:attachment":[{"href":"https:\/\/marekkuchcinski.pl\/cs\/wp-json\/wp\/v2\/media?parent=13481"}],"wp:term":[{"taxonomy":"category","embeddable":true,"href":"https:\/\/marekkuchcinski.pl\/cs\/wp-json\/wp\/v2\/categories?post=13481"},{"taxonomy":"post_tag","embeddable":true,"href":"https:\/\/marekkuchcinski.pl\/cs\/wp-json\/wp\/v2\/tags?post=13481"}],"curies":[{"name":"wp","href":"https:\/\/api.w.org\/{rel}","templated":true}]}}