{"id":13479,"date":"2019-03-03T14:03:53","date_gmt":"2019-03-03T13:03:53","guid":{"rendered":"https:\/\/marekkuchcinski.pl\/?p=13479"},"modified":"2019-03-03T14:03:53","modified_gmt":"2019-03-03T13:03:53","slug":"uroczystosc-odsloniecia-tablicy-pamiatkowej-poswieconej-mlodziezowym-organizacjom-antykomunistycznym","status":"publish","type":"post","link":"https:\/\/marekkuchcinski.pl\/cs\/bez-kategorii\/lms\/uroczystosc-odsloniecia-tablicy-pamiatkowej-poswieconej-mlodziezowym-organizacjom-antykomunistycznym\/","title":{"rendered":"Slavnostn\u00ed odhalen\u00ed pam\u011btn\u00ed desky protikomunistick\u00fdch ml\u00e1de\u017enick\u00fdch organizac\u00ed"},"content":{"rendered":"<p><em>\u00a0<\/em><em>Dr. Jaros\u0142aw Szarek <\/em><\/p>\n<p><em>Prezident <\/em><em>Institut n\u00e1rodn\u00ed pam\u011bti<\/em><\/p>\n<p><em>Komise pro st\u00edh\u00e1n\u00ed zlo\u010din\u016f proti polsk\u00e9mu n\u00e1rodu <\/em><\/p>\n<p><em>\u00a0<\/em><em>\u00a0\u00a0\u00a0\u00a0\u00a0\u00a0\u00a0\u00a0\u00a0\u00a0\u00a0 <\/em><\/p>\n<p><em>V\u00e1\u017een\u00fd pane prezidente, <\/em><\/p>\n<p>&nbsp;<\/p>\n<p><em>Spolu se slovy d\u00edk\u016f za pozv\u00e1n\u00ed na slavnostn\u00ed odhalen\u00ed pam\u011btn\u00ed desky v\u011bnovan\u00e9 protikomunistick\u00fdm ml\u00e1de\u017enick\u00fdm organizac\u00edm bych r\u00e1d vyj\u00e1d\u0159il organiz\u00e1tor\u016fm pod\u011bkov\u00e1n\u00ed za p\u011bstov\u00e1n\u00ed vlasteneck\u00fdch tradic a jejich p\u0159ed\u00e1v\u00e1n\u00ed mlad\u0161\u00edm generac\u00edm. <\/em><\/p>\n<p><em>Lo\u0148sk\u00e9 oslavy st\u00e9ho v\u00fdro\u010d\u00ed nez\u00e1vislosti zvl\u00e1\u0161tn\u00edm zp\u016fsobem zd\u016fraznily historickou kontinuitu a uk\u00e1zaly, \u017ee za suver\u00e9nn\u00ed a demokratick\u00e9 Polsko nevd\u011b\u010d\u00edme jedn\u00e9 generaci, ale \u00fasil\u00ed mnoha lid\u00ed. Protikomunistick\u00e9 ml\u00e1de\u017enick\u00e9 organizace hr\u00e1ly v pochodu za svobodou v\u00fdznamnou roli. Bohu\u017eel je to st\u00e1le m\u00e1lo zn\u00e1m\u00fd aspekt druh\u00e9ho spiknut\u00ed. Mlad\u00ed lid\u00e9 vychovan\u00ed v duchu nez\u00e1vislosti a k\u0159es\u0165ansk\u00fdch hodnot se nepod\u0159\u00eddili indoktrinaci a nesouhlasili s \u017eivotem v re\u017eimu. Za svou vzpouru zaplatili vysokou cenu. Konec 40. a za\u010d\u00e1tek 50. let byl obdob\u00edm krvav\u00e9ho teroru proti mlad\u00fdm antikomunist\u016fm. <\/em><\/p>\n<p><em>Oslavy v Mielci jsou poctou t\u011bm, kte\u0159\u00ed z\u016fstali v\u011brn\u00ed sv\u00fdm ide\u00e1l\u016fm, zat\u00edmco<\/em><em>Pam\u011btn\u00ed deska je viditeln\u00fdm sv\u011bdectv\u00edm obnovy a \u0161\u00ed\u0159en\u00ed jejich pam\u00e1tky. <\/em><\/p>\n<p><em>Je\u0161t\u011b jednou d\u011bkujeme za va\u0161i vzd\u011bl\u00e1vac\u00ed \u010dinnost. <\/em><\/p>\n<p><em>\u00a0<\/em><em>\u00a0<\/em><\/p>\n<p><em>\u00a0\u00a0\u00a0\u00a0\u00a0\u00a0\u00a0\u00a0\u00a0\u00a0\u00a0\u00a0\u00a0\u00a0\u00a0\u00a0\u00a0\u00a0\u00a0\u00a0\u00a0\u00a0\u00a0\u00a0\u00a0\u00a0\u00a0\u00a0\u00a0\u00a0\u00a0\u00a0\u00a0\u00a0\u00a0\u00a0\u00a0\u00a0\u00a0\u00a0\u00a0\u00a0\u00a0\u00a0\u00a0\u00a0\u00a0\u00a0\u00a0\u00a0\u00a0\u00a0\u00a0\u00a0\u00a0\u00a0\u00a0\u00a0\u00a0\u00a0\u00a0\u00a0\u00a0\u00a0\u00a0\u00a0\u00a0\u00a0\u00a0\u00a0\u00a0\u00a0\u00a0\u00a0\u00a0\u00a0\u00a0\u00a0\u00a0\u00a0\u00a0\u00a0 \u00a0 S pozdravem \u00a0\u00a0\u00a0\u00a0\u00a0\u00a0\u00a0\u00a0\u00a0 <\/em><em>\u00a0<\/em><\/p>\n<p><em>\u00a0<\/em><\/p>\n<p><em>\u00a0\u00a0\u00a0\u00a0\u00a0\u00a0\u00a0\u00a0\u00a0\u00a0\u00a0\u00a0\u00a0\u00a0\u00a0\u00a0\u00a0\u00a0\u00a0\u00a0\u00a0\u00a0\u00a0\u00a0\u00a0\u00a0\u00a0\u00a0\u00a0\u00a0\u00a0\u00a0\u00a0\u00a0\u00a0\u00a0\u00a0\u00a0\u00a0\u00a0\u00a0\u00a0\u00a0\u00a0\u00a0\u00a0\u00a0\u00a0\u00a0\u00a0\u00a0\u00a0\u00a0\u00a0\u00a0\u00a0\u00a0\u00a0\u00a0\u00a0\u00a0\u00a0\u00a0\u00a0\u00a0\u00a0\u00a0\u00a0\u00a0\u00a0\u00a0\u00a0\u00a0\u00a0\u00a0\u00a0\u00a0\u00a0\u00a0\u00a0\u00a0\u00a0 \u00a0\u00a0\u00a0\u00a0 Marek Kuchci\u0144ski <\/em><\/p>","protected":false},"excerpt":{"rendered":"<p>\u00a0Pan dr Jaros\u0142aw Szarek Prezes Instytutu Pami\u0119ci Narodowej Komisji \u015acigania Zbrodni przeciwko Narodowi Polskiemu \u00a0\u00a0\u00a0\u00a0\u00a0\u00a0\u00a0\u00a0\u00a0\u00a0\u00a0\u00a0 Szanowny Panie Prezesie, &nbsp; wraz ze s\u0142owami podzi\u0119kowania za zaproszenie na uroczysto\u015b\u0107 ods\u0142oni\u0119cia tablicy pami\u0105tkowej po\u015bwi\u0119conej m\u0142odzie\u017cowym organizacjom antykomunistycznym pragn\u0119 przekaza\u0107 organizatorom wyrazy wdzi\u0119czno\u015bci za kultywowanie patriotycznej tradycji i przekazywanie jej m\u0142odszym generacjom. Ubieg\u0142oroczne obchody stulecia niepodleg\u0142o\u015bci w szczeg\u00f3lny spos\u00f3b [&hellip;]<\/p>","protected":false},"author":6,"featured_media":0,"comment_status":"open","ping_status":"open","sticky":false,"template":"","format":"standard","meta":{"ngg_post_thumbnail":0,"footnotes":""},"categories":[104],"tags":[],"class_list":["post-13479","post","type-post","status-publish","format-standard","hentry","category-lms"],"yoast_head":"<!-- This site is optimized with the Yoast SEO plugin v24.7 - https:\/\/yoast.com\/wordpress\/plugins\/seo\/ -->\n<title>Uroczysto\u015b\u0107 ods\u0142oni\u0119cia tablicy pami\u0105tkowej po\u015bwi\u0119conej m\u0142odzie\u017cowym organizacjom antykomunistycznym &#8211; Marek Kuchci\u0144ski<\/title>\n<meta name=\"robots\" content=\"index, follow, max-snippet:-1, max-image-preview:large, max-video-preview:-1\" \/>\n<link rel=\"canonical\" href=\"https:\/\/marekkuchcinski.pl\/cs\/bez-kategorii\/lms\/uroczystosc-odsloniecia-tablicy-pamiatkowej-poswieconej-mlodziezowym-organizacjom-antykomunistycznym\/\" \/>\n<meta property=\"og:locale\" content=\"cs_CZ\" \/>\n<meta property=\"og:type\" content=\"article\" \/>\n<meta property=\"og:title\" content=\"Uroczysto\u015b\u0107 ods\u0142oni\u0119cia tablicy pami\u0105tkowej po\u015bwi\u0119conej m\u0142odzie\u017cowym organizacjom antykomunistycznym &#8211; Marek Kuchci\u0144ski\" \/>\n<meta property=\"og:description\" content=\"\u00a0Pan dr Jaros\u0142aw Szarek Prezes Instytutu Pami\u0119ci Narodowej Komisji \u015acigania Zbrodni przeciwko Narodowi Polskiemu \u00a0\u00a0\u00a0\u00a0\u00a0\u00a0\u00a0\u00a0\u00a0\u00a0\u00a0\u00a0 Szanowny Panie Prezesie, &nbsp; wraz ze s\u0142owami podzi\u0119kowania za zaproszenie na uroczysto\u015b\u0107 ods\u0142oni\u0119cia tablicy pami\u0105tkowej po\u015bwi\u0119conej m\u0142odzie\u017cowym organizacjom antykomunistycznym pragn\u0119 przekaza\u0107 organizatorom wyrazy wdzi\u0119czno\u015bci za kultywowanie patriotycznej tradycji i przekazywanie jej m\u0142odszym generacjom. Ubieg\u0142oroczne obchody stulecia niepodleg\u0142o\u015bci w szczeg\u00f3lny spos\u00f3b [&hellip;]\" \/>\n<meta property=\"og:url\" content=\"https:\/\/marekkuchcinski.pl\/cs\/bez-kategorii\/lms\/uroczystosc-odsloniecia-tablicy-pamiatkowej-poswieconej-mlodziezowym-organizacjom-antykomunistycznym\/\" \/>\n<meta property=\"og:site_name\" content=\"Marek Kuchci\u0144ski\" \/>\n<meta property=\"article:published_time\" content=\"2019-03-03T13:03:53+00:00\" \/>\n<meta property=\"og:image\" content=\"https:\/\/marekkuchcinski.pl\/wp-content\/uploads\/2022\/09\/Marek.jpg\" \/>\n\t<meta property=\"og:image:width\" content=\"1600\" \/>\n\t<meta property=\"og:image:height\" content=\"971\" \/>\n\t<meta property=\"og:image:type\" content=\"image\/jpeg\" \/>\n<meta name=\"author\" content=\"admin\" \/>\n<meta name=\"twitter:card\" content=\"summary_large_image\" \/>\n<meta name=\"twitter:label1\" content=\"Napsal(a)\" \/>\n\t<meta name=\"twitter:data1\" content=\"admin\" \/>\n\t<meta name=\"twitter:label2\" content=\"Odhadovan\u00e1 doba \u010dten\u00ed\" \/>\n\t<meta name=\"twitter:data2\" content=\"1 minuta\" \/>\n<script type=\"application\/ld+json\" class=\"yoast-schema-graph\">{\"@context\":\"https:\/\/schema.org\",\"@graph\":[{\"@type\":\"Article\",\"@id\":\"https:\/\/marekkuchcinski.pl\/bez-kategorii\/lms\/uroczystosc-odsloniecia-tablicy-pamiatkowej-poswieconej-mlodziezowym-organizacjom-antykomunistycznym\/#article\",\"isPartOf\":{\"@id\":\"https:\/\/marekkuchcinski.pl\/bez-kategorii\/lms\/uroczystosc-odsloniecia-tablicy-pamiatkowej-poswieconej-mlodziezowym-organizacjom-antykomunistycznym\/\"},\"author\":{\"name\":\"admin\",\"@id\":\"https:\/\/marekkuchcinski.pl\/#\/schema\/person\/6f62700996b4d950b6ea2d1183b6c6be\"},\"headline\":\"Uroczysto\u015b\u0107 ods\u0142oni\u0119cia tablicy pami\u0105tkowej po\u015bwi\u0119conej m\u0142odzie\u017cowym organizacjom antykomunistycznym\",\"datePublished\":\"2019-03-03T13:03:53+00:00\",\"mainEntityOfPage\":{\"@id\":\"https:\/\/marekkuchcinski.pl\/bez-kategorii\/lms\/uroczystosc-odsloniecia-tablicy-pamiatkowej-poswieconej-mlodziezowym-organizacjom-antykomunistycznym\/\"},\"wordCount\":235,\"commentCount\":0,\"publisher\":{\"@id\":\"https:\/\/marekkuchcinski.pl\/#organization\"},\"articleSection\":[\"Listy Marsza\u0142ka Sejmu\"],\"inLanguage\":\"cs\",\"potentialAction\":[{\"@type\":\"CommentAction\",\"name\":\"Comment\",\"target\":[\"https:\/\/marekkuchcinski.pl\/bez-kategorii\/lms\/uroczystosc-odsloniecia-tablicy-pamiatkowej-poswieconej-mlodziezowym-organizacjom-antykomunistycznym\/#respond\"]}]},{\"@type\":\"WebPage\",\"@id\":\"https:\/\/marekkuchcinski.pl\/bez-kategorii\/lms\/uroczystosc-odsloniecia-tablicy-pamiatkowej-poswieconej-mlodziezowym-organizacjom-antykomunistycznym\/\",\"url\":\"https:\/\/marekkuchcinski.pl\/bez-kategorii\/lms\/uroczystosc-odsloniecia-tablicy-pamiatkowej-poswieconej-mlodziezowym-organizacjom-antykomunistycznym\/\",\"name\":\"Uroczysto\u015b\u0107 ods\u0142oni\u0119cia tablicy pami\u0105tkowej po\u015bwi\u0119conej m\u0142odzie\u017cowym organizacjom antykomunistycznym &#8211; Marek Kuchci\u0144ski\",\"isPartOf\":{\"@id\":\"https:\/\/marekkuchcinski.pl\/#website\"},\"datePublished\":\"2019-03-03T13:03:53+00:00\",\"breadcrumb\":{\"@id\":\"https:\/\/marekkuchcinski.pl\/bez-kategorii\/lms\/uroczystosc-odsloniecia-tablicy-pamiatkowej-poswieconej-mlodziezowym-organizacjom-antykomunistycznym\/#breadcrumb\"},\"inLanguage\":\"cs\",\"potentialAction\":[{\"@type\":\"ReadAction\",\"target\":[\"https:\/\/marekkuchcinski.pl\/bez-kategorii\/lms\/uroczystosc-odsloniecia-tablicy-pamiatkowej-poswieconej-mlodziezowym-organizacjom-antykomunistycznym\/\"]}]},{\"@type\":\"BreadcrumbList\",\"@id\":\"https:\/\/marekkuchcinski.pl\/bez-kategorii\/lms\/uroczystosc-odsloniecia-tablicy-pamiatkowej-poswieconej-mlodziezowym-organizacjom-antykomunistycznym\/#breadcrumb\",\"itemListElement\":[{\"@type\":\"ListItem\",\"position\":1,\"name\":\"Strona g\u0142\u00f3wna\",\"item\":\"https:\/\/marekkuchcinski.pl\/\"},{\"@type\":\"ListItem\",\"position\":2,\"name\":\"Uroczysto\u015b\u0107 ods\u0142oni\u0119cia tablicy pami\u0105tkowej po\u015bwi\u0119conej m\u0142odzie\u017cowym organizacjom antykomunistycznym\"}]},{\"@type\":\"WebSite\",\"@id\":\"https:\/\/marekkuchcinski.pl\/#website\",\"url\":\"https:\/\/marekkuchcinski.pl\/\",\"name\":\"Marek Kuchci\u0144ski\",\"description\":\"Pose\u0142 na sejm RP &ndash; okr\u0119g nr 22\",\"publisher\":{\"@id\":\"https:\/\/marekkuchcinski.pl\/#organization\"},\"potentialAction\":[{\"@type\":\"SearchAction\",\"target\":{\"@type\":\"EntryPoint\",\"urlTemplate\":\"https:\/\/marekkuchcinski.pl\/?s={search_term_string}\"},\"query-input\":{\"@type\":\"PropertyValueSpecification\",\"valueRequired\":true,\"valueName\":\"search_term_string\"}}],\"inLanguage\":\"cs\"},{\"@type\":\"Organization\",\"@id\":\"https:\/\/marekkuchcinski.pl\/#organization\",\"name\":\"Marek Kuchci\u0144ski\",\"url\":\"https:\/\/marekkuchcinski.pl\/\",\"logo\":{\"@type\":\"ImageObject\",\"inLanguage\":\"cs\",\"@id\":\"https:\/\/marekkuchcinski.pl\/#\/schema\/logo\/image\/\",\"url\":\"https:\/\/marekkuchcinski.pl\/wp-content\/uploads\/2022\/09\/Marek.jpg\",\"contentUrl\":\"https:\/\/marekkuchcinski.pl\/wp-content\/uploads\/2022\/09\/Marek.jpg\",\"width\":1600,\"height\":971,\"caption\":\"Marek Kuchci\u0144ski\"},\"image\":{\"@id\":\"https:\/\/marekkuchcinski.pl\/#\/schema\/logo\/image\/\"}},{\"@type\":\"Person\",\"@id\":\"https:\/\/marekkuchcinski.pl\/#\/schema\/person\/6f62700996b4d950b6ea2d1183b6c6be\",\"name\":\"admin\",\"image\":{\"@type\":\"ImageObject\",\"inLanguage\":\"cs\",\"@id\":\"https:\/\/marekkuchcinski.pl\/#\/schema\/person\/image\/\",\"url\":\"https:\/\/secure.gravatar.com\/avatar\/4bab693b9d55c3d6b52c0296a8765085?s=96&d=mm&r=g\",\"contentUrl\":\"https:\/\/secure.gravatar.com\/avatar\/4bab693b9d55c3d6b52c0296a8765085?s=96&d=mm&r=g\",\"caption\":\"admin\"},\"url\":\"https:\/\/marekkuchcinski.pl\/cs\/author\/marta-olejnik\/\"}]}<\/script>\n<!-- \/ Yoast SEO plugin. -->","yoast_head_json":{"title":"Uroczysto\u015b\u0107 ods\u0142oni\u0119cia tablicy pami\u0105tkowej po\u015bwi\u0119conej m\u0142odzie\u017cowym organizacjom antykomunistycznym &#8211; Marek Kuchci\u0144ski","robots":{"index":"index","follow":"follow","max-snippet":"max-snippet:-1","max-image-preview":"max-image-preview:large","max-video-preview":"max-video-preview:-1"},"canonical":"https:\/\/marekkuchcinski.pl\/cs\/bez-kategorii\/lms\/uroczystosc-odsloniecia-tablicy-pamiatkowej-poswieconej-mlodziezowym-organizacjom-antykomunistycznym\/","og_locale":"cs_CZ","og_type":"article","og_title":"Uroczysto\u015b\u0107 ods\u0142oni\u0119cia tablicy pami\u0105tkowej po\u015bwi\u0119conej m\u0142odzie\u017cowym organizacjom antykomunistycznym &#8211; Marek Kuchci\u0144ski","og_description":"\u00a0Pan dr Jaros\u0142aw Szarek Prezes Instytutu Pami\u0119ci Narodowej Komisji \u015acigania Zbrodni przeciwko Narodowi Polskiemu \u00a0\u00a0\u00a0\u00a0\u00a0\u00a0\u00a0\u00a0\u00a0\u00a0\u00a0\u00a0 Szanowny Panie Prezesie, &nbsp; wraz ze s\u0142owami podzi\u0119kowania za zaproszenie na uroczysto\u015b\u0107 ods\u0142oni\u0119cia tablicy pami\u0105tkowej po\u015bwi\u0119conej m\u0142odzie\u017cowym organizacjom antykomunistycznym pragn\u0119 przekaza\u0107 organizatorom wyrazy wdzi\u0119czno\u015bci za kultywowanie patriotycznej tradycji i przekazywanie jej m\u0142odszym generacjom. Ubieg\u0142oroczne obchody stulecia niepodleg\u0142o\u015bci w szczeg\u00f3lny spos\u00f3b [&hellip;]","og_url":"https:\/\/marekkuchcinski.pl\/cs\/bez-kategorii\/lms\/uroczystosc-odsloniecia-tablicy-pamiatkowej-poswieconej-mlodziezowym-organizacjom-antykomunistycznym\/","og_site_name":"Marek Kuchci\u0144ski","article_published_time":"2019-03-03T13:03:53+00:00","og_image":[{"width":1600,"height":971,"url":"https:\/\/marekkuchcinski.pl\/wp-content\/uploads\/2022\/09\/Marek.jpg","type":"image\/jpeg"}],"author":"admin","twitter_card":"summary_large_image","twitter_misc":{"Napsal(a)":"admin","Odhadovan\u00e1 doba \u010dten\u00ed":"1 minuta"},"schema":{"@context":"https:\/\/schema.org","@graph":[{"@type":"Article","@id":"https:\/\/marekkuchcinski.pl\/bez-kategorii\/lms\/uroczystosc-odsloniecia-tablicy-pamiatkowej-poswieconej-mlodziezowym-organizacjom-antykomunistycznym\/#article","isPartOf":{"@id":"https:\/\/marekkuchcinski.pl\/bez-kategorii\/lms\/uroczystosc-odsloniecia-tablicy-pamiatkowej-poswieconej-mlodziezowym-organizacjom-antykomunistycznym\/"},"author":{"name":"admin","@id":"https:\/\/marekkuchcinski.pl\/#\/schema\/person\/6f62700996b4d950b6ea2d1183b6c6be"},"headline":"Uroczysto\u015b\u0107 ods\u0142oni\u0119cia tablicy pami\u0105tkowej po\u015bwi\u0119conej m\u0142odzie\u017cowym organizacjom antykomunistycznym","datePublished":"2019-03-03T13:03:53+00:00","mainEntityOfPage":{"@id":"https:\/\/marekkuchcinski.pl\/bez-kategorii\/lms\/uroczystosc-odsloniecia-tablicy-pamiatkowej-poswieconej-mlodziezowym-organizacjom-antykomunistycznym\/"},"wordCount":235,"commentCount":0,"publisher":{"@id":"https:\/\/marekkuchcinski.pl\/#organization"},"articleSection":["Listy Marsza\u0142ka Sejmu"],"inLanguage":"cs","potentialAction":[{"@type":"CommentAction","name":"Comment","target":["https:\/\/marekkuchcinski.pl\/bez-kategorii\/lms\/uroczystosc-odsloniecia-tablicy-pamiatkowej-poswieconej-mlodziezowym-organizacjom-antykomunistycznym\/#respond"]}]},{"@type":"WebPage","@id":"https:\/\/marekkuchcinski.pl\/bez-kategorii\/lms\/uroczystosc-odsloniecia-tablicy-pamiatkowej-poswieconej-mlodziezowym-organizacjom-antykomunistycznym\/","url":"https:\/\/marekkuchcinski.pl\/bez-kategorii\/lms\/uroczystosc-odsloniecia-tablicy-pamiatkowej-poswieconej-mlodziezowym-organizacjom-antykomunistycznym\/","name":"Uroczysto\u015b\u0107 ods\u0142oni\u0119cia tablicy pami\u0105tkowej po\u015bwi\u0119conej m\u0142odzie\u017cowym organizacjom antykomunistycznym &#8211; Marek Kuchci\u0144ski","isPartOf":{"@id":"https:\/\/marekkuchcinski.pl\/#website"},"datePublished":"2019-03-03T13:03:53+00:00","breadcrumb":{"@id":"https:\/\/marekkuchcinski.pl\/bez-kategorii\/lms\/uroczystosc-odsloniecia-tablicy-pamiatkowej-poswieconej-mlodziezowym-organizacjom-antykomunistycznym\/#breadcrumb"},"inLanguage":"cs","potentialAction":[{"@type":"ReadAction","target":["https:\/\/marekkuchcinski.pl\/bez-kategorii\/lms\/uroczystosc-odsloniecia-tablicy-pamiatkowej-poswieconej-mlodziezowym-organizacjom-antykomunistycznym\/"]}]},{"@type":"BreadcrumbList","@id":"https:\/\/marekkuchcinski.pl\/bez-kategorii\/lms\/uroczystosc-odsloniecia-tablicy-pamiatkowej-poswieconej-mlodziezowym-organizacjom-antykomunistycznym\/#breadcrumb","itemListElement":[{"@type":"ListItem","position":1,"name":"Strona g\u0142\u00f3wna","item":"https:\/\/marekkuchcinski.pl\/"},{"@type":"ListItem","position":2,"name":"Uroczysto\u015b\u0107 ods\u0142oni\u0119cia tablicy pami\u0105tkowej po\u015bwi\u0119conej m\u0142odzie\u017cowym organizacjom antykomunistycznym"}]},{"@type":"WebSite","@id":"https:\/\/marekkuchcinski.pl\/#website","url":"https:\/\/marekkuchcinski.pl\/","name":"Marek Kuchci\u0144ski","description":"Pose\u0142 na sejm RP &ndash; okr\u0119g nr 22","publisher":{"@id":"https:\/\/marekkuchcinski.pl\/#organization"},"potentialAction":[{"@type":"SearchAction","target":{"@type":"EntryPoint","urlTemplate":"https:\/\/marekkuchcinski.pl\/?s={search_term_string}"},"query-input":{"@type":"PropertyValueSpecification","valueRequired":true,"valueName":"search_term_string"}}],"inLanguage":"cs"},{"@type":"Organization","@id":"https:\/\/marekkuchcinski.pl\/#organization","name":"Marek Kuchci\u0144ski","url":"https:\/\/marekkuchcinski.pl\/","logo":{"@type":"ImageObject","inLanguage":"cs","@id":"https:\/\/marekkuchcinski.pl\/#\/schema\/logo\/image\/","url":"https:\/\/marekkuchcinski.pl\/wp-content\/uploads\/2022\/09\/Marek.jpg","contentUrl":"https:\/\/marekkuchcinski.pl\/wp-content\/uploads\/2022\/09\/Marek.jpg","width":1600,"height":971,"caption":"Marek Kuchci\u0144ski"},"image":{"@id":"https:\/\/marekkuchcinski.pl\/#\/schema\/logo\/image\/"}},{"@type":"Person","@id":"https:\/\/marekkuchcinski.pl\/#\/schema\/person\/6f62700996b4d950b6ea2d1183b6c6be","name":"admin","image":{"@type":"ImageObject","inLanguage":"cs","@id":"https:\/\/marekkuchcinski.pl\/#\/schema\/person\/image\/","url":"https:\/\/secure.gravatar.com\/avatar\/4bab693b9d55c3d6b52c0296a8765085?s=96&d=mm&r=g","contentUrl":"https:\/\/secure.gravatar.com\/avatar\/4bab693b9d55c3d6b52c0296a8765085?s=96&d=mm&r=g","caption":"admin"},"url":"https:\/\/marekkuchcinski.pl\/cs\/author\/marta-olejnik\/"}]}},"_links":{"self":[{"href":"https:\/\/marekkuchcinski.pl\/cs\/wp-json\/wp\/v2\/posts\/13479","targetHints":{"allow":["GET"]}}],"collection":[{"href":"https:\/\/marekkuchcinski.pl\/cs\/wp-json\/wp\/v2\/posts"}],"about":[{"href":"https:\/\/marekkuchcinski.pl\/cs\/wp-json\/wp\/v2\/types\/post"}],"author":[{"embeddable":true,"href":"https:\/\/marekkuchcinski.pl\/cs\/wp-json\/wp\/v2\/users\/6"}],"replies":[{"embeddable":true,"href":"https:\/\/marekkuchcinski.pl\/cs\/wp-json\/wp\/v2\/comments?post=13479"}],"version-history":[{"count":1,"href":"https:\/\/marekkuchcinski.pl\/cs\/wp-json\/wp\/v2\/posts\/13479\/revisions"}],"predecessor-version":[{"id":13480,"href":"https:\/\/marekkuchcinski.pl\/cs\/wp-json\/wp\/v2\/posts\/13479\/revisions\/13480"}],"wp:attachment":[{"href":"https:\/\/marekkuchcinski.pl\/cs\/wp-json\/wp\/v2\/media?parent=13479"}],"wp:term":[{"taxonomy":"category","embeddable":true,"href":"https:\/\/marekkuchcinski.pl\/cs\/wp-json\/wp\/v2\/categories?post=13479"},{"taxonomy":"post_tag","embeddable":true,"href":"https:\/\/marekkuchcinski.pl\/cs\/wp-json\/wp\/v2\/tags?post=13479"}],"curies":[{"name":"wp","href":"https:\/\/api.w.org\/{rel}","templated":true}]}}